{"id":642,"date":"2005-09-17T14:45:08","date_gmt":"2005-09-17T12:45:08","guid":{"rendered":"http:\/\/www.freidenker.org\/fw17\/?p=642"},"modified":"2018-02-18T23:32:13","modified_gmt":"2018-02-18T22:32:13","slug":"klaus-hartmann-aufstehen-statt-niederknien","status":"publish","type":"post","link":"https:\/\/www.freidenker.org\/?p=642","title":{"rendered":"Klaus Hartmann: Aufstehen statt niederknien"},"content":{"rendered":"<p align=\"left\">aus FREIDENKER Nr. 3-05 September 2005, 64. Jahrgang, S. 27-28<\/p>\n<p align=\"left\">&#8222;Weltjugendtag&#8220; hei\u00dft die fromme Heerschau dieser Tage in K\u00f6ln, der Name jedoch ist Anma\u00dfung: Obwohl Hunderttausende erwartet werden, die &#8222;Weltjugend&#8220; ist das nicht \u2013 es ist ebenso wenig das Treffen von Atheisten wie von Buddhisten, Muslimen oder Hindus, Juden oder orthodoxen Chris\u00adten.<\/p>\n<p align=\"left\">Zumindest der Form nach geht die Katholische Kirche mit der Zeit: Event ist angesagt, eine Pop-, Polit- und Glaubensshow wird inszeniert, und wie in der \u00fcblichen kommerziellen Event-&#8222;Kultur&#8220; droht Seichtigkeit die Inhalte zu verdr\u00e4ngen, ernsthafte Anliegen und Fragen unterzubuttern. Wer der Kirche nichts Gutes w\u00fcnscht, kann das Spektakel mit einer gewissen Schadenfreude sehen.<\/p>\n<p align=\"left\">Jedoch: nicht jeder Anreisende wird nur auf Glamour, Wellness, Fr\u00f6mmelei und Massenpsychose versessen sein. Manche werden sich darunter befinden, die sich gegen Sozialabbau wehren wollen, gegen Armut und K\u00e4lte und Entsolidarisierung, die f\u00fcr Abr\u00fcstung und gegen Krieg streiten wollen, f\u00fcr V\u00f6lkerfreundschaft und eine gerechte Welt.<\/p>\n<p align=\"left\">Wenn wir Freidenker die Frage aufwerfen, von wem, zu wessen Nutzen die Propagandashow ver\u00adanstaltet wird, wollen wir zeigen, dass der Vatikan der v\u00f6llig falsche Verein ist, um Humanit\u00e4t und Gerechtigkeit zu erreichen. Der Vatikan ist eine kriminelle Organisation, von Anfang an, nicht nur mal vor\u00fcbergehend im Mittelalter, sondern bis zum j\u00fcngsten Tag.<\/p>\n<p align=\"left\">Der Krimi beginnt mit einer gef\u00e4lschten Urkunde, bekannt als angebliche &#8222;Konstantinische Schenkung&#8220;, die den r\u00f6mischen P\u00e4psten territoriale Anspr\u00fcche und weltliche Macht garantieren soll, Kaiser Konstantin I. (nicht Gott!) habe ihnen Vorherrschaft und Weisungsbefugnis \u00fcber alle anderen Kirchen verliehen, nebst einem dem Kaiser gleichen Rang.<\/p>\n<p align=\"left\">Die fr\u00fchmafi\u00f6se Gaunerei begr\u00fcndete das stabile B\u00fcndnis der Kirche mit den M\u00e4chtigen aller Zeiten, mit Sklavenhaltern, Ausbeutern und Schwerverbrechern. Von Paulus bis zu den Kirchenleh\u00adrern Ambrosius und Augustinus wird die Armut (der Armen) gepriesen, die Sklaverei verteidigt, Folter erlaubt und Krieg geheiligt. Mit der Macht des Klerus stieg die aggressive Judenfeindschaft, Massaker an ostfranz\u00f6sischen und deutschen Juden stimulierten den Blutdurst der Kreuzfahrer, be\u00advor sie auf dem Weg ins &#8222;Heilige&#8220; Land ihre orthodoxen Glaubensbr\u00fcder auf dem Balkan ab\u00adschlachteten, und schlie\u00dflich im Zielgebiet \u00fcber die Muslime herfielen.<\/p>\n<p align=\"left\">Kreuzz\u00fcgen gegen Ketzer folgte die &#8222;Heilige&#8220; Inquisition, auf deren Scheiterhaufen in Europa Zehntausende &#8222;Hexen&#8220; verbrannt wurden, und die ihr letztes Todesopfer in Spanien noch im 19. Jahrhundert fand. Auch Philosophen und Naturwissenschaftler wie Giordano Bruno wurden als &#8222;Ketzer&#8220; auf dem Scheiterhaufen ermordet. Die in der Hexenverbrennung manifeste Sexual- und Frauenfeindlichkeit der Kirche lebt fort, wenn Karol Wojtyla k\u00fcnstliche Geburtenkontrolle und Ab\u00adtreibung &#8222;abscheuliche Verbrechen&#8220; nannte.<\/p>\n<p align=\"left\">Als Mittelalter-Erbschaft pflegt der Vatikan nicht nur Wallfahrten zu &#8222;Wundern&#8220; wie dem &#8222;Hei\u00adligen Rock&#8220;, sondern auch den Glauben an den Teufel, zu dessen &#8222;Austreibung&#8220; er g\u00f6ttlich gepr\u00fcf\u00adte Exorzisten ausbildet und beruft, sein letztes Handbuch zum Thema erschien 1999.<\/p>\n<p align=\"left\">Nach Umbenennung hie\u00df die massenm\u00f6rderische Inquisition &#8222;Kongregation f\u00fcr die Glaubenslehre&#8220;, und ihr Pr\u00e4fekt bis k\u00fcrzlich Ratzinger. Auch mit neuem Namen steht die Beh\u00f6rde in Treue fest zu den Herrschenden, was der Befreiungstheologe Leonardo Boff zu sp\u00fcren bekam. Sein Eintreten f\u00fcr eine Kirche, die die Menschenrechte der Armen verteidigt, ahndete Oberinquisi\u00adtor Ratzinger mit einem Rede- und Lehrverbot.<\/p>\n<p align=\"left\">Weitverbreitet, doch blo\u00df eine fromme Legende ist, dass der sich Papst JP2 im Jahr 2000 f\u00fcr Ver\u00adbrechen der Kirche entschuldigt habe. Trotz des Titels &#8222;Mea Culpa&#8220; war weder von seiner noch der Schuld der Kirche die Rede. Nur &#8222;Einzelne&#8220; h\u00e4tten &#8222;gefehlt&#8220;&#8230; Insbesondere auf den Faschisten\u00adf\u00f6rderer Papst Pius XII soll kein Schatten fallen. Emil Carlebach, antifaschistischer Widerstands\u00adk\u00e4mpfer und Freidenker, erinnerte sich: &#8222;Im KZ Buchenwald lernte ich den tschechischen Priester Pater Plojhar kennen, er hatte sich dem antifaschistischen Kampf angeschlossen. Ihn exkommuni\u00adzierte Pius XII. Mir ist keiner der faschistischen Massenm\u00f6rder bekannt, den dieser \u201aFromme\u2019 ex\u00adkommuniziert h\u00e4tte.&#8220;<\/p>\n<p align=\"left\">Als die kroatischen Ustascha-Faschisten im &#8222;unabh\u00e4ngigen&#8220; Kroatien von Hitlers Gnaden ein monstr\u00f6ses Schlachthaus f\u00fcr Serben, Juden, Sinti und Roma errichteten, war es f\u00fcr Kardinal Stepi\u00adnac &#8222;jedoch leicht, die Hand Gottes in diesem Werk zu erkennen&#8220;. Vor der Roten Armee brachte die Ustascha Gold f\u00fcr 200 Millionen Dollar in Sicherheit \u2013 in den Vatikan, und der organisierte die &#8222;Rattenlinie&#8220;-Fluchthilfe, mit der die Naziverbrecher aus Europa nach S\u00fcdamerika flohen. Zur Zer\u00adschlagung Jugoslawiens gab der Vatikan 1991 einen Kredit von 4 Milliarden Dollar an die kroa\u00adtischen Sezessionisten, und im Herbst 1998 sprach Woityla den Ustascha-Schutzpatron Stepinac se\u00adlig, genau zur rechten Zeit &#8211; des &#8222;Aktivierungsbefehls&#8220; zur Vorbereitung der NATO-Aggression gegen Jugoslawien.<\/p>\n<p align=\"left\">Als h\u00e4tte nicht auf den Koppelschl\u00f6ssern der deutschen Soldaten beider Weltkriege beim \u00dcberfall auf die europ\u00e4ischen Nachbarn die Losung &#8222;Gott mit uns!&#8220; gestanden, predigt der gastgebende K\u00f6lner Kardinal Meisner bei seinem allj\u00e4hrlichen &#8222;Soldatengottesdienst&#8220; solch gef\u00e4hrliche Mystik wie &#8222;In betenden H\u00e4nden ist die Waffe vor Mi\u00dfbrauch sicher.&#8220;<\/p>\n<p align=\"left\">Das im Juli 1933 zwischen Vatikan und Hitlerdeutschland geschlossene Reichskonkordat be\u00adgr\u00fcndet neben zahllosen Privilegien der Kirche auch die &#8222;Milit\u00e4rseelsorge&#8220;, und wegen &#8222;Neuaus\u00adrichtung der Bundeswehr&#8220; auf weltweite NATO-Interventionen sieht Milit\u00e4rbischof Mixa deren &#8222;Schwerpunkt in seelsorgerischer Einsatzbegleitung&#8220;.<\/p>\n<p align=\"left\">F\u00fcr Ruhe an der Heimatfront soll derweil Woityla-Ratzingers &#8222;Neuevangelisierung&#8220; Europas sorgen, mittels Roll Back von Aufkl\u00e4rung und widerst\u00e4ndigem Denken. Welche Hilfstruppen dazu antreten sollen, zeigt eine Heiligsprechung im Rekordtempo an &#8211; eines anderen Klerikalfaschisten: Jos\u00e9maria Escriv\u00e1, Gr\u00fcnder der reaktion\u00e4ren Opus Dei-Sekte, Vertrauter von Diktator Franco, Drahtzieher im Netz Opus Dei-Vatikanbank-Mafia-P2-Loge-Berlusconi-CIA. Ehrensache, dass der Papst den Opus Dei-Seminaristen der K\u00f6lner Kirche Sankt Pantaleon seine Aufwartung macht.<\/p>\n<p align=\"left\">Ist es g\u00f6ttliche F\u00fcgung, dass die Verpflegung der WJT-Teilnehmer auf dem Marienfeld vom selben Caterer Sodexho geliefert wird, der auch die US-Besatzungstruppen im Irak ern\u00e4hrt? Schon mal zum Eingew\u00f6hnen: eine Marien-Feldverpflegung? N\u00e4chstenliebe auf den Lippen, aber bald wieder Blut an den H\u00e4nden? Auch gl\u00e4ubige Menschen sollten zu neuen Kreuzz\u00fcgen aller Art sagen: &#8222;Nicht in unserem Namen!&#8220;<\/p>\n<hr \/>\n<p align=\"left\">Der Beitrag von Klaus Hartmann erschien in der Sonderbeilage zum &#8222;Weltjugendtag&#8220; der Tageszeitung &#8222;junge Welt&#8220; vom 15.08.2005<\/p>\n<hr \/>\n<p align=\"left\">Bild: https:\/\/pixabay.com\/de\/users\/Wengen-1309988\/ \u0411\u044a\u043b\u0433\u0430\u0440\u0441\u043a\u0438<\/p>\n","protected":false},"excerpt":{"rendered":"<p><strong>Beitrag von Klaus Hartmann aus FREIDENKER 3-05<\/strong><br \/>\n&#8222;Weltjugendtag&#8220; hei\u00dft die fromme Heerschau dieser Tage in K\u00f6ln, der Name jedoch ist Anma\u00dfung: Obwohl Hunderttausende erwartet werden, die &#8222;Weltjugend&#8220; ist das nicht \u2013 es ist ebenso wenig das Treffen von Atheisten wie von Buddhisten, Muslimen oder Hindus, Juden oder orthodoxen Chris\u00adten.<br \/>\nZumindest der Form nach geht die Katholische Kirche mit der Zeit: Event ist angesagt, eine Pop-, Polit- und Glaubensshow wird inszeniert, und wie in der \u00fcblichen kommerziellen Event-&#8222;Kultur&#8220; droht Seichtigkeit die Inhalte zu verdr\u00e4ngen, ernsthafte Anliegen und Fragen unterzubuttern. Wer der Kirche nichts Gutes w\u00fcnscht, kann das Spektakel mit einer gewissen Schadenfreude sehen.<\/p>\n","protected":false},"author":2,"featured_media":643,"comment_status":"closed","ping_status":"closed","sticky":false,"template":"","format":"standard","meta":{"colormag_page_container_layout":"default_layout","colormag_page_sidebar_layout":"default_layout","advanced_seo_description":"","jetpack_seo_html_title":"","jetpack_seo_noindex":false,"jetpack_post_was_ever_published":false,"footnotes":""},"categories":[15],"tags":[1003,298,1009,54],"class_list":["post-642","post","type-post","status-publish","format-standard","has-post-thumbnail","hentry","category-religions-kirchenkritik","tag-inquisition","tag-kardinal-meisner","tag-katholischer-weltjugendtag","tag-kirche"],"jetpack_featured_media_url":"https:\/\/i0.wp.com\/www.freidenker.org\/fw17\/wp-content\/uploads\/2016\/08\/Papst.jpg?fit=800%2C445&ssl=1","jetpack_shortlink":"https:\/\/wp.me\/p9stpK-am","jetpack-related-posts":[{"id":630,"url":"https:\/\/www.freidenker.org\/?p=630","url_meta":{"origin":642,"position":0},"title":"Eine Aufkl\u00e4rung f\u00fcr die Teilnehmerinnen und Teilnehmer des XX. katholischen Weltjugendtag in K\u00f6ln und andere Interessierte","author":"Webmaster","date":"21. August 2005","format":false,"excerpt":"Beitrag von Karl C. Fischer Die Gro\u00dfkirchen in Deutschland, die nicht mal Steuern zahlen, besitzen Milliarden von Euro, eine Menge von Immobilien, lassen die Beh\u00f6rden gegen hohe Kosten Kirchensteuer, ihre Besch\u00e4ftigten \u00fcberwiegend vom Steuerzahler finanzieren, erhalten Milliarden Euros aus Steuermittel, nehmen Einfluss auf Wirtschaft, Medien, Politik und Schule, genie\u00dfen staatlichen\u2026","rel":"","context":"In &quot;Religions- &amp; Kirchenkritik, S\u00e4kulare Szene&quot;","block_context":{"text":"Religions- &amp; Kirchenkritik, S\u00e4kulare Szene","link":"https:\/\/www.freidenker.org\/?cat=15"},"img":{"alt_text":"","src":"https:\/\/i0.wp.com\/www.freidenker.org\/fw17\/wp-content\/uploads\/2016\/08\/Weltjugendtag_Krakau.jpg?fit=800%2C445&ssl=1&resize=350%2C200","width":350,"height":200,"srcset":"https:\/\/i0.wp.com\/www.freidenker.org\/fw17\/wp-content\/uploads\/2016\/08\/Weltjugendtag_Krakau.jpg?fit=800%2C445&ssl=1&resize=350%2C200 1x, https:\/\/i0.wp.com\/www.freidenker.org\/fw17\/wp-content\/uploads\/2016\/08\/Weltjugendtag_Krakau.jpg?fit=800%2C445&ssl=1&resize=525%2C300 1.5x, https:\/\/i0.wp.com\/www.freidenker.org\/fw17\/wp-content\/uploads\/2016\/08\/Weltjugendtag_Krakau.jpg?fit=800%2C445&ssl=1&resize=700%2C400 2x"},"classes":[]},{"id":625,"url":"https:\/\/www.freidenker.org\/?p=625","url_meta":{"origin":642,"position":1},"title":"\u00bbSpontan w\u00fcrde ich \u203aK\u00f6lle Alaaf\u2039 sagen\u00ab","author":"Webmaster","date":"5. August 2005","format":false,"excerpt":"Interview der \"jungen Welt\" mit Klaus Hartmann, Bundesvorsitzender des Deutschen Freidenker-Verbandes F: Wie stehen die Freidenker zu der katholischen Massenveranstaltung, die vom 15. bis 21. August in K\u00f6ln stattfindet? A: Angesichts der pr\u00e4chtigen Kost\u00fcme k\u00f6nnte man spontan \u00bbK\u00f6lle Alaaf\u00ab sagen. Aber bei n\u00e4herer Betrachtung stellt man doch fest, da\u00df dort\u2026","rel":"","context":"In &quot;Religions- &amp; Kirchenkritik, S\u00e4kulare Szene&quot;","block_context":{"text":"Religions- &amp; Kirchenkritik, S\u00e4kulare Szene","link":"https:\/\/www.freidenker.org\/?cat=15"},"img":{"alt_text":"","src":"https:\/\/i0.wp.com\/www.freidenker.org\/fw17\/wp-content\/uploads\/2016\/08\/Koelln.jpg?fit=800%2C445&ssl=1&resize=350%2C200","width":350,"height":200,"srcset":"https:\/\/i0.wp.com\/www.freidenker.org\/fw17\/wp-content\/uploads\/2016\/08\/Koelln.jpg?fit=800%2C445&ssl=1&resize=350%2C200 1x, https:\/\/i0.wp.com\/www.freidenker.org\/fw17\/wp-content\/uploads\/2016\/08\/Koelln.jpg?fit=800%2C445&ssl=1&resize=525%2C300 1.5x, https:\/\/i0.wp.com\/www.freidenker.org\/fw17\/wp-content\/uploads\/2016\/08\/Koelln.jpg?fit=800%2C445&ssl=1&resize=700%2C400 2x"},"classes":[]},{"id":241,"url":"https:\/\/www.freidenker.org\/?p=241","url_meta":{"origin":642,"position":2},"title":"Endlich \u2013 Staatskirche in Schweden abgeschafft!","author":"Webmaster","date":"10. Januar 2000","format":false,"excerpt":"Beitrag von Reinhard John Von der Presse fast unbeachtet, ging in Schweden ein dunkles Kapitel zuende: Die seit 473 Jahren bestehende Einheit von Staat und Kirche. Ein weiteres europ\u00e4isches Land hat endlich diese mittelalterliche Machtstellung einer Kirche beendet. K\u00f6nig Gustav Wasa schloss diese \"Zwangsehe von Thron und Altar\" im Jahre\u2026","rel":"","context":"In &quot;Religions- &amp; Kirchenkritik, S\u00e4kulare Szene&quot;","block_context":{"text":"Religions- &amp; Kirchenkritik, S\u00e4kulare Szene","link":"https:\/\/www.freidenker.org\/?cat=15"},"img":{"alt_text":"","src":"https:\/\/i0.wp.com\/www.freidenker.org\/fw17\/wp-content\/uploads\/2016\/07\/Flag_Sweden.jpg?fit=800%2C445&ssl=1&resize=350%2C200","width":350,"height":200,"srcset":"https:\/\/i0.wp.com\/www.freidenker.org\/fw17\/wp-content\/uploads\/2016\/07\/Flag_Sweden.jpg?fit=800%2C445&ssl=1&resize=350%2C200 1x, https:\/\/i0.wp.com\/www.freidenker.org\/fw17\/wp-content\/uploads\/2016\/07\/Flag_Sweden.jpg?fit=800%2C445&ssl=1&resize=525%2C300 1.5x, https:\/\/i0.wp.com\/www.freidenker.org\/fw17\/wp-content\/uploads\/2016\/07\/Flag_Sweden.jpg?fit=800%2C445&ssl=1&resize=700%2C400 2x"},"classes":[]},{"id":11987,"url":"https:\/\/www.freidenker.org\/?p=11987","url_meta":{"origin":642,"position":3},"title":"Missbrauchsskandal und Kollateralschaden","author":"Webredaktion","date":"14. Januar 2022","format":false,"excerpt":"Beitrag von Dagmar Henn In wenigen Tagen soll ein neues Gutachten zu sexuellem Missbrauch im katholischen Erzbistum M\u00fcnchen und Freising vorgestellt werden. Seit dem Jahr 2010, also bereits seit \u00fcber zehn Jahren, wird insbesondere die katholische Kirche dieses Thema nicht mehr los. Es hat ihr einen gravierenden Einflussverlust beschert. Dass\u2026","rel":"","context":"In &quot;Religions- &amp; Kirchenkritik, S\u00e4kulare Szene&quot;","block_context":{"text":"Religions- &amp; Kirchenkritik, S\u00e4kulare Szene","link":"https:\/\/www.freidenker.org\/?cat=15"},"img":{"alt_text":"","src":"https:\/\/i0.wp.com\/www.freidenker.org\/fw17\/wp-content\/uploads\/2022\/01\/church-4019523_800x450.jpg?fit=800%2C450&ssl=1&resize=350%2C200","width":350,"height":200,"srcset":"https:\/\/i0.wp.com\/www.freidenker.org\/fw17\/wp-content\/uploads\/2022\/01\/church-4019523_800x450.jpg?fit=800%2C450&ssl=1&resize=350%2C200 1x, https:\/\/i0.wp.com\/www.freidenker.org\/fw17\/wp-content\/uploads\/2022\/01\/church-4019523_800x450.jpg?fit=800%2C450&ssl=1&resize=525%2C300 1.5x, https:\/\/i0.wp.com\/www.freidenker.org\/fw17\/wp-content\/uploads\/2022\/01\/church-4019523_800x450.jpg?fit=800%2C450&ssl=1&resize=700%2C400 2x"},"classes":[]},{"id":22149,"url":"https:\/\/www.freidenker.org\/?p=22149","url_meta":{"origin":642,"position":4},"title":"Anzeige gegen die Bremer Pal\u00e4stina-Mahnwache","author":"Webredaktion","date":"20. Juni 2025","format":false,"excerpt":"Eine Justizposse in der Hansestadt. Streitpunkt: 1,5 Meter Abstand zu den Domtreppen Beitrag von Arn Strohmeyer Die protestantische Kirche (wie jede andere Kirche) sollte, n\u00e4hme sie den Auftrag ihres Evangeliums ernst, eigentlich immer auf der Seite der Schwachen, der Unterprivilegierten und Unterdr\u00fcckten stehen \u2013 eben auf der Seite der \u201eM\u00fchseligen\u2026","rel":"","context":"In &quot;Demokratie \u2013 Medien \u2013 Aufkl\u00e4rung&quot;","block_context":{"text":"Demokratie \u2013 Medien \u2013 Aufkl\u00e4rung","link":"https:\/\/www.freidenker.org\/?cat=12"},"img":{"alt_text":"","src":"https:\/\/i0.wp.com\/www.freidenker.org\/fw17\/wp-content\/uploads\/2025\/06\/palaestina_Mahnwache_2024-02-10_Bremer_Dom_2_800x450.jpg?fit=800%2C450&ssl=1&resize=350%2C200","width":350,"height":200,"srcset":"https:\/\/i0.wp.com\/www.freidenker.org\/fw17\/wp-content\/uploads\/2025\/06\/palaestina_Mahnwache_2024-02-10_Bremer_Dom_2_800x450.jpg?fit=800%2C450&ssl=1&resize=350%2C200 1x, https:\/\/i0.wp.com\/www.freidenker.org\/fw17\/wp-content\/uploads\/2025\/06\/palaestina_Mahnwache_2024-02-10_Bremer_Dom_2_800x450.jpg?fit=800%2C450&ssl=1&resize=525%2C300 1.5x, https:\/\/i0.wp.com\/www.freidenker.org\/fw17\/wp-content\/uploads\/2025\/06\/palaestina_Mahnwache_2024-02-10_Bremer_Dom_2_800x450.jpg?fit=800%2C450&ssl=1&resize=700%2C400 2x"},"classes":[]},{"id":6727,"url":"https:\/\/www.freidenker.org\/?p=6727","url_meta":{"origin":642,"position":5},"title":"Weder Fisch noch Fleisch","author":"Webredaktion","date":"17. Juli 2019","format":false,"excerpt":"Stellungnahme des Koordinierungsrats s\u00e4kularer Organisationen KORSO e.V. zum Urteil des K\u00f6lner Verwaltungsgerichts am 13. Juni 2019 \u00fcber eine Klage des Recherchenetzwerks \u201eCorrectiv\u201c gegen das K\u00f6lner Erzbistum. Ja, was ist sie denn nun, die katholische Kirche in Deutschland \u2013 eine staatliche Beh\u00f6rde oder eine private Vereinigung (mit besonderem Rechtsstatus)? Diese Frage\u2026","rel":"","context":"In &quot;Religions- &amp; Kirchenkritik, S\u00e4kulare Szene&quot;","block_context":{"text":"Religions- &amp; Kirchenkritik, S\u00e4kulare Szene","link":"https:\/\/www.freidenker.org\/?cat=15"},"img":{"alt_text":"","src":"https:\/\/i0.wp.com\/www.freidenker.org\/fw17\/wp-content\/uploads\/2019\/07\/internet-1593378_800x445.jpg?fit=800%2C445&ssl=1&resize=350%2C200","width":350,"height":200,"srcset":"https:\/\/i0.wp.com\/www.freidenker.org\/fw17\/wp-content\/uploads\/2019\/07\/internet-1593378_800x445.jpg?fit=800%2C445&ssl=1&resize=350%2C200 1x, https:\/\/i0.wp.com\/www.freidenker.org\/fw17\/wp-content\/uploads\/2019\/07\/internet-1593378_800x445.jpg?fit=800%2C445&ssl=1&resize=525%2C300 1.5x, https:\/\/i0.wp.com\/www.freidenker.org\/fw17\/wp-content\/uploads\/2019\/07\/internet-1593378_800x445.jpg?fit=800%2C445&ssl=1&resize=700%2C400 2x"},"classes":[]}],"_links":{"self":[{"href":"https:\/\/www.freidenker.org\/index.php?rest_route=\/wp\/v2\/posts\/642","targetHints":{"allow":["GET"]}}],"collection":[{"href":"https:\/\/www.freidenker.org\/index.php?rest_route=\/wp\/v2\/posts"}],"about":[{"href":"https:\/\/www.freidenker.org\/index.php?rest_route=\/wp\/v2\/types\/post"}],"author":[{"embeddable":true,"href":"https:\/\/www.freidenker.org\/index.php?rest_route=\/wp\/v2\/users\/2"}],"replies":[{"embeddable":true,"href":"https:\/\/www.freidenker.org\/index.php?rest_route=%2Fwp%2Fv2%2Fcomments&post=642"}],"version-history":[{"count":0,"href":"https:\/\/www.freidenker.org\/index.php?rest_route=\/wp\/v2\/posts\/642\/revisions"}],"wp:featuredmedia":[{"embeddable":true,"href":"https:\/\/www.freidenker.org\/index.php?rest_route=\/wp\/v2\/media\/643"}],"wp:attachment":[{"href":"https:\/\/www.freidenker.org\/index.php?rest_route=%2Fwp%2Fv2%2Fmedia&parent=642"}],"wp:term":[{"taxonomy":"category","embeddable":true,"href":"https:\/\/www.freidenker.org\/index.php?rest_route=%2Fwp%2Fv2%2Fcategories&post=642"},{"taxonomy":"post_tag","embeddable":true,"href":"https:\/\/www.freidenker.org\/index.php?rest_route=%2Fwp%2Fv2%2Ftags&post=642"}],"curies":[{"name":"wp","href":"https:\/\/api.w.org\/{rel}","templated":true}]}}