{"id":6392,"date":"2019-05-14T02:00:18","date_gmt":"2019-05-14T00:00:18","guid":{"rendered":"https:\/\/www.freidenker.org\/?p=6392"},"modified":"2019-05-28T23:26:20","modified_gmt":"2019-05-28T21:26:20","slug":"am-9-mai-dank-den-sowjetsoldaten","status":"publish","type":"post","link":"https:\/\/www.freidenker.org\/?p=6392","title":{"rendered":"Am 9. Mai: Dank den Sowjetsoldaten!"},"content":{"rendered":"<p><strong><em>Ansprache von Klaus Hartmann, Bundesvorsitzender des Deutschen Freidenker-Verbandes,\u00a0 am 9. Mai 2019 auf dem Hauptfriedhof Frankfurt am Main<\/em><\/strong><\/p>\n<h5>Zum Tag des Sieges 2019<\/h5>\n<p>Geehrte Vertreter der Konsularischen Vertretungen, Vertreter der Geistlichkeit,<br \/>\nliebe russische und deutsche Freundinnen und Freunde!<\/p>\n<p>Der 9. Mai, der Tag des Sieges f\u00fchrt uns jedes Jahr zusammen:<\/p>\n<ul>\n<li>Die Angeh\u00f6rigen der V\u00f6lker, die unter dem deutschen Faschismus, seinem Krieg und seinen barbarischen Verbrechen gelitten haben,<\/li>\n<li>die Nachfahren der ruhmreichen K\u00e4mpfer gegen die Bestie, ob an der Front, in Partisaneneinheiten oder im antifaschistischen Widerstand,<\/li>\n<li>und die Kriegsgegner und Antifaschisten heute.<\/li>\n<\/ul>\n<p>Unsere Trauer um die Opfer, um die Gefallenen, um die Ermordeten, bedeutet einerseits ehrendes Gedenken, aber es ist zugleich Mahnung: Nie wieder Faschismus, nie wieder Krieg!<\/p>\n<p>Diese Mahnung bedeutet zuerst, nicht zuzulassen, dass die Erinnerung verdr\u00e4ngt oder verf\u00e4lscht wird. Die Haltung heutiger Politiker zu diesem Erinnern ist ein Kriterium, ihre Einstellung zum Humanismus ebenso zu erkennen wie ihr politisches Selbstverst\u00e4ndnis und ihre Ziele.<\/p>\n<p>Deshalb bedauern wir, dass sich die Bundesregierung im Jahr 2015 geweigert hat, an den Feiern zum 70. Jahrestag des Sieges in Moskau teilzunehmen. Deshalb nehmen wir mit Befremden zur Kenntnis, dass der 8. Mai als Tag der Befreiung und der 9. Mai als Tag des Sieges in der diesj\u00e4hrigen deutschen Medienberichterstattung h\u00f6chstens am Rand vorkommt.<\/p>\n<p>Deshalb sind wir auch heute noch entsetzt, dass die Bundesregierung 2018 keine Vertreter zu den Feiern anl\u00e4sslich des 75. Jahrestages des Sieges der Roten Armee in der Schlacht um Stalingrad entsandt hat.<\/p>\n<p>Ein Lichtblick in dieser Reihe des menschlichen und politischen Versagens war Anfang 2019 das Gedenken zum 75. Jahrestag des Endes der Leningrad-Blockade: Die Blockade forderte \u00fcber eine Million Todesopfer, und immerhin hat die Bundesregierung 12 Millionen Euro Entsch\u00e4digung \u201ef\u00fcr \u00dcberlebende oder ein Kriegsveteranen-Krankenhaus\u201c als \u201eHumanit\u00e4re Geste\u201c \u00fcbergeben.<\/p>\n<p>Trotzdem \u00fcbersehen wir nicht die mediale Begleitmusik zu diesem Ereignis: <em>\u201eMoskau missbraucht das Gedenken an Leningrad \u2013 Soldaten statt Mitgef\u00fchl: Die Armee probt f\u00fcr die Milit\u00e4rparade\u201c, <\/em>schrieb die S\u00fcddeutsche Zeitung am 24.01.2019. Statt sich zu sch\u00e4men und um Vergebung zu bitten, wollen Nachfahren der T\u00e4ter den Opfern vorschreiben, wie sie sich zu erinnern haben.<\/p>\n<figure id=\"attachment_6394\" aria-describedby=\"caption-attachment-6394\" style=\"width: 480px\" class=\"wp-caption alignnone\"><img data-recalc-dims=\"1\" loading=\"lazy\" decoding=\"async\" data-attachment-id=\"6394\" data-permalink=\"https:\/\/www.freidenker.org\/?attachment_id=6394\" data-orig-file=\"https:\/\/i0.wp.com\/www.freidenker.org\/fw17\/wp-content\/uploads\/2019\/05\/190509-Tag-des-Sieges-2019-KH_640x480.jpg?fit=480%2C640&amp;ssl=1\" data-orig-size=\"480,640\" data-comments-opened=\"0\" data-image-meta=\"{&quot;aperture&quot;:&quot;0&quot;,&quot;credit&quot;:&quot;&quot;,&quot;camera&quot;:&quot;&quot;,&quot;caption&quot;:&quot;&quot;,&quot;created_timestamp&quot;:&quot;0&quot;,&quot;copyright&quot;:&quot;&quot;,&quot;focal_length&quot;:&quot;0&quot;,&quot;iso&quot;:&quot;0&quot;,&quot;shutter_speed&quot;:&quot;0&quot;,&quot;title&quot;:&quot;&quot;,&quot;orientation&quot;:&quot;1&quot;}\" data-image-title=\"190509-Tag des Sieges 2019-KH_640x480\" data-image-description=\"\" data-image-caption=\"\" data-large-file=\"https:\/\/i0.wp.com\/www.freidenker.org\/fw17\/wp-content\/uploads\/2019\/05\/190509-Tag-des-Sieges-2019-KH_640x480.jpg?fit=480%2C640&amp;ssl=1\" class=\"wp-image-6394 size-full\" src=\"https:\/\/i0.wp.com\/www.freidenker.org\/fw17\/wp-content\/uploads\/2019\/05\/190509-Tag-des-Sieges-2019-KH_640x480.jpg?resize=480%2C640&#038;ssl=1\" alt=\"\" width=\"480\" height=\"640\" srcset=\"https:\/\/i0.wp.com\/www.freidenker.org\/fw17\/wp-content\/uploads\/2019\/05\/190509-Tag-des-Sieges-2019-KH_640x480.jpg?w=480&amp;ssl=1 480w, https:\/\/i0.wp.com\/www.freidenker.org\/fw17\/wp-content\/uploads\/2019\/05\/190509-Tag-des-Sieges-2019-KH_640x480.jpg?resize=225%2C300&amp;ssl=1 225w\" sizes=\"auto, (max-width: 480px) 100vw, 480px\" \/><figcaption id=\"caption-attachment-6394\" class=\"wp-caption-text\">Klaus Hartmann (im Hintergrund) w\u00e4hrend der Ansprache am 9. Mai in Frankfurt am Main<\/figcaption><\/figure>\n<p>Wir vergessen auch nicht die Worte der Bundesverteidigungsministerin von der Leyen, man m\u00fcsse <em>\u201eaus einer Position der Geschlossenheit und St\u00e4rke mit Moskau\u201c reden (<\/em>22.04.2018). Und wir unterst\u00fctzen die Antwort des russischen Verteidigungsministers Sergej Schoigu,:<em> \u201eNach all dem, was Deutschland unserem Land angetan hat, m\u00fcsste es in den n\u00e4chsten 200 Jahren diesbez\u00fcglich lieber schweigen\u201c. <\/em>Deutschland sollte seine \u201eGro\u00dfv\u00e4ter fragen\u201c, was werde, wenn man mit Russland aus der Position der St\u00e4rke zu sprechen beginne.<\/p>\n<p>Ebenso unterst\u00fctzen wir die Worte des ehemaligen CDU-Staatssekret\u00e4rs Willi Wimmer bei den Protesten gegen die Air Base Ramstein: \u201ePanzer vor die Tore der leidgepr\u00fcften Stadt Leningrad zu platzieren, ist das Perverseste, das man sich in Europa vorstellen kann\u201c.<\/p>\n<p>Unsere Mahnung bewahrt im historischen Ged\u00e4chtnis, dass die Sowjetunion das Hauptziel der Expansionsgel\u00fcste des deutschen Kapitals und der faschistischen Aggression war.<\/p>\n<p>Die Konfrontationspolitik der NATO gegen Russland erweckt den Eindruck von gelehrigen Sch\u00fclern Hitlers:<\/p>\n<p style=\"padding-left: 40px;\"><em>\u201e<\/em><em>Der Kampf um die Hegemonie in der Welt wird f\u00fcr Europa durch den Besitz des russischen Raumes entschieden\u201c<\/em><\/p>\n<p>Es ist eine ungeheuerliche anti-russische Provokation der NATO, ausgerechnet heute, am 9. Mai, ein gro\u00dfangelegtes Stabsman\u00f6ver zum Krieg mit Russland zu starten. Das NATO-Man\u00f6ver mit der harmlosen Bezeichnung &#8222;Crisis Management Exercise&#8220; (CMX-19) folgt weitgehend dem Muster des &#8222;Winter Exercise&#8220; (WINTEX) Stabsman\u00f6vers des Kalten Krieges, das regelm\u00e4\u00dfig im Abstand von zwei Jahren stattfand. Es ist die 22. Gro\u00df\u00fcbung dieser Art seit Bestehen der NATO und soll sicherstellen, dass der milit\u00e4rische Apparat alle Schritte eines Kriegsszenarios vollziehen kann. Das Drehbuch reicht bis zum Einsatz von Atomwaffen.<\/p>\n<p>Dabei w\u00fcrde das Erinnern an die Toten des 2. Weltkriegs st\u00f6ren, eine ungeheuerliche Zahl zwischen 60 und 80 Millionen Menschen. Allein von den \u00fcber 5 Millionen Sowjetischen Kriegsgefangenen, die in KZs und Kriegsgefangenenlagern oder unter Bewachung als Zwangsarbeiter eingesetzt waren, wurden zwischen 3 bis 3,3 Millionen ermordet.<\/p>\n<p>Kriegsgegner und Antifaschisten m\u00fcssen diese Erinnerung wachhalten. Deshalb haben wir gestern auf dem R\u00f6merberg auf die (im B\u00fcndnisaufruf zum 8. Mai nicht enthaltenen) Fakten aufmerksam gemacht und gesagt:<\/p>\n<h5>Dank den Sowjetsoldaten!<\/h5>\n<p><img data-recalc-dims=\"1\" loading=\"lazy\" decoding=\"async\" data-attachment-id=\"6393\" data-permalink=\"https:\/\/www.freidenker.org\/?attachment_id=6393\" data-orig-file=\"https:\/\/i0.wp.com\/www.freidenker.org\/fw17\/wp-content\/uploads\/2019\/05\/georgsband.jpg?fit=296%2C48&amp;ssl=1\" data-orig-size=\"296,48\" data-comments-opened=\"0\" data-image-meta=\"{&quot;aperture&quot;:&quot;0&quot;,&quot;credit&quot;:&quot;&quot;,&quot;camera&quot;:&quot;&quot;,&quot;caption&quot;:&quot;&quot;,&quot;created_timestamp&quot;:&quot;0&quot;,&quot;copyright&quot;:&quot;&quot;,&quot;focal_length&quot;:&quot;0&quot;,&quot;iso&quot;:&quot;0&quot;,&quot;shutter_speed&quot;:&quot;0&quot;,&quot;title&quot;:&quot;&quot;,&quot;orientation&quot;:&quot;1&quot;}\" data-image-title=\"georgsband\" data-image-description=\"\" data-image-caption=\"\" data-large-file=\"https:\/\/i0.wp.com\/www.freidenker.org\/fw17\/wp-content\/uploads\/2019\/05\/georgsband.jpg?fit=296%2C48&amp;ssl=1\" class=\"alignnone wp-image-6393 size-full\" src=\"https:\/\/i0.wp.com\/www.freidenker.org\/fw17\/wp-content\/uploads\/2019\/05\/georgsband.jpg?resize=296%2C48&#038;ssl=1\" alt=\"\" width=\"296\" height=\"48\" \/><\/p>\n<p><strong>Die Sowjetunion trug mit 27 Millionen Toten die Hauptlast des Krieges und die Rote Armee hatte den entscheidenden Anteil an der Befreiung vom Faschismus.<\/strong><\/p>\n<p>Die Opfer mahnen uns und sind uns Verpflichtung: Schluss mit der hasserf\u00fcllten Hetze gegen Russland! Statt Aufr\u00fcstung, Konfrontation und neuer NATO-Ostfront:<\/p>\n<p><strong>Frieden mit Russland! Raus aus der NATO!<\/strong><\/p>\n<p style=\"text-align: right;\"><em>\u00a0<\/em><\/p>\n<hr \/>\n<p>Bild oben: Die j\u00fcngste Generation der Gelbwesten: Russische Kinder bei der Ehrung der gefallenen Sowjetsoldaten und ermordeten Kriegsgefangenen<\/p>\n","protected":false},"excerpt":{"rendered":"<p>Ansprache von <b>Klaus Hartmann<\/b>, Bundesvorsitzender des Deutschen Freidenker-Verbandes,\u00a0 am 9. Mai 2019 auf dem Hauptfriedhof Frankfurt am Main<br \/>\nUnsere Trauer um die Opfer, um die Gefallenen, um die Ermordeten, bedeutet einerseits ehrendes Gedenken, aber es ist zugleich Mahnung: Nie wieder Faschismus, nie wieder Krieg! Diese Mahnung bedeutet zuerst, nicht zuzulassen, dass die Erinnerung verdr\u00e4ngt oder verf\u00e4lscht wird. Die Haltung heutiger Politiker zu diesem Erinnern ist ein Kriterium, ihre Einstellung zum Humanismus ebenso zu erkennen wie ihr politisches Selbstverst\u00e4ndnis und ihre Ziele.<\/p>\n","protected":false},"author":3,"featured_media":6395,"comment_status":"closed","ping_status":"closed","sticky":false,"template":"","format":"standard","meta":{"colormag_page_container_layout":"default_layout","colormag_page_sidebar_layout":"default_layout","advanced_seo_description":"","jetpack_seo_html_title":"","jetpack_seo_noindex":false,"jetpack_post_was_ever_published":false,"footnotes":""},"categories":[13],"tags":[924,222,430,687],"class_list":["post-6392","post","type-post","status-publish","format-standard","has-post-thumbnail","hentry","category-frieden-antifaschismus-solidaritaet","tag-gedenken","tag-russland","tag-sowjetunion","tag-tag-der-befreiung"],"jetpack_featured_media_url":"https:\/\/i0.wp.com\/www.freidenker.org\/fw17\/wp-content\/uploads\/2019\/05\/190509-Tag-des-Sieges-2019-Gelbwesten_800x445.jpg?fit=800%2C445&ssl=1","jetpack_shortlink":"https:\/\/wp.me\/p9stpK-1F6","jetpack-related-posts":[{"id":8020,"url":"https:\/\/www.freidenker.org\/?p=8020","url_meta":{"origin":6392,"position":0},"title":"Galerie: Freidenker zum 75. Jahrestag der Befreiung","author":"Webredaktion","date":"12. Mai 2020","format":false,"excerpt":"Obwohl aus bekannten Gr\u00fcnden die gro\u00dfe Kundgebungen und Feiern nicht wie geplant stattfinden konnten, haben Tausende Menschen in Berlin und ganz Deutschland dem 75. Jahrestag\u00a0 der Befreiung vom Faschismus und des Sieges der Roten Armee gedacht. Nat\u00fcrlich waren auch Freidenker dabei. Hier einige Bilder aus Berlin, Offenbach, Frankfurt a.M. und\u2026","rel":"","context":"In &quot;Frieden - Antifaschismus - Solidarit\u00e4t&quot;","block_context":{"text":"Frieden - Antifaschismus - Solidarit\u00e4t","link":"https:\/\/www.freidenker.org\/?cat=13"},"img":{"alt_text":"","src":"https:\/\/i0.wp.com\/www.freidenker.org\/fw17\/wp-content\/uploads\/2020\/05\/TagDerBefreiung_2020_800x450.jpg?fit=800%2C450&ssl=1&resize=350%2C200","width":350,"height":200,"srcset":"https:\/\/i0.wp.com\/www.freidenker.org\/fw17\/wp-content\/uploads\/2020\/05\/TagDerBefreiung_2020_800x450.jpg?fit=800%2C450&ssl=1&resize=350%2C200 1x, https:\/\/i0.wp.com\/www.freidenker.org\/fw17\/wp-content\/uploads\/2020\/05\/TagDerBefreiung_2020_800x450.jpg?fit=800%2C450&ssl=1&resize=525%2C300 1.5x, https:\/\/i0.wp.com\/www.freidenker.org\/fw17\/wp-content\/uploads\/2020\/05\/TagDerBefreiung_2020_800x450.jpg?fit=800%2C450&ssl=1&resize=700%2C400 2x"},"classes":[]},{"id":21649,"url":"https:\/\/www.freidenker.org\/?p=21649","url_meta":{"origin":6392,"position":1},"title":"Veranstaltungen: 80 Jahre Befreiung von Faschismus und Krieg","author":"Webredaktion","date":"2. Mai 2025","format":false,"excerpt":"Bis 1985 hat es in der Alt-BRD gedauert, bis der Jahrestag nicht mehr als Tag der Niederlage und der Schmach, sondernd der Befreiung galt. 2025 scheint das nicht mehr zu gelten. Dem Ende des 2. Weltkriegs wollen Bundesregierung und die EU ohne Befreier gedenken, Vertreter der Russischen F\u00f6deration und von\u2026","rel":"","context":"In &quot;Frieden - Antifaschismus - Solidarit\u00e4t&quot;","block_context":{"text":"Frieden - Antifaschismus - Solidarit\u00e4t","link":"https:\/\/www.freidenker.org\/?cat=13"},"img":{"alt_text":"","src":"https:\/\/i0.wp.com\/www.freidenker.org\/fw17\/wp-content\/uploads\/2025\/05\/Unsterbliches_Regiment_dfm_03_800x450.jpg?fit=800%2C450&ssl=1&resize=350%2C200","width":350,"height":200,"srcset":"https:\/\/i0.wp.com\/www.freidenker.org\/fw17\/wp-content\/uploads\/2025\/05\/Unsterbliches_Regiment_dfm_03_800x450.jpg?fit=800%2C450&ssl=1&resize=350%2C200 1x, https:\/\/i0.wp.com\/www.freidenker.org\/fw17\/wp-content\/uploads\/2025\/05\/Unsterbliches_Regiment_dfm_03_800x450.jpg?fit=800%2C450&ssl=1&resize=525%2C300 1.5x, https:\/\/i0.wp.com\/www.freidenker.org\/fw17\/wp-content\/uploads\/2025\/05\/Unsterbliches_Regiment_dfm_03_800x450.jpg?fit=800%2C450&ssl=1&resize=700%2C400 2x"},"classes":[]},{"id":19086,"url":"https:\/\/www.freidenker.org\/?p=19086","url_meta":{"origin":6392,"position":2},"title":"Befreiung vom Faschismus und Tag des Sieges 2024","author":"Webredaktion","date":"18. Mai 2024","format":false,"excerpt":"Zum Tag des Sieges \/ Tag der Befreiung fanden zahlreiche Veranstaltungen statt, an denen vielerorts auch Freidenker beteiligt waren. Wir berichten hier von den Veranstaltungen in Frankfurt am Main am 05. und 09. Mai, Offenbach am 08. Mai und Berlin am 09. Mai 2024. 05.05.2024 \u2013 Marsch des unsterblichen Regiments\u2026","rel":"","context":"In &quot;Demokratie \u2013 Medien \u2013 Aufkl\u00e4rung&quot;","block_context":{"text":"Demokratie \u2013 Medien \u2013 Aufkl\u00e4rung","link":"https:\/\/www.freidenker.org\/?cat=12"},"img":{"alt_text":"","src":"https:\/\/i0.wp.com\/www.freidenker.org\/fw17\/wp-content\/uploads\/2024\/05\/Hartmann_Tag_des_Sieges_FaM_2024_800x450.jpg?fit=800%2C450&ssl=1&resize=350%2C200","width":350,"height":200,"srcset":"https:\/\/i0.wp.com\/www.freidenker.org\/fw17\/wp-content\/uploads\/2024\/05\/Hartmann_Tag_des_Sieges_FaM_2024_800x450.jpg?fit=800%2C450&ssl=1&resize=350%2C200 1x, https:\/\/i0.wp.com\/www.freidenker.org\/fw17\/wp-content\/uploads\/2024\/05\/Hartmann_Tag_des_Sieges_FaM_2024_800x450.jpg?fit=800%2C450&ssl=1&resize=525%2C300 1.5x, https:\/\/i0.wp.com\/www.freidenker.org\/fw17\/wp-content\/uploads\/2024\/05\/Hartmann_Tag_des_Sieges_FaM_2024_800x450.jpg?fit=800%2C450&ssl=1&resize=700%2C400 2x"},"classes":[]},{"id":10239,"url":"https:\/\/www.freidenker.org\/?p=10239","url_meta":{"origin":6392,"position":3},"title":"Linken-Politiker zum Tag des Sieges: Die Gr\u00fcnen als Trauma der deutsch-russischen Beziehungen","author":"Webredaktion","date":"10. Mai 2021","format":false,"excerpt":"Bericht von RT Deutsch Der 9. Mai ist der \"Tag des Sieges\" in Russland und einer der wichtigsten Feiertage der heutigen Russischen F\u00f6deration. ... RT traf an diesem besonderen Tag in Moskau Dr. Diether Dehm. Der\u00a0Musikproduzent, Liedermacher und Bundestagsabgeordnete (Die Linke) nutzte die Gelegenheit, um eine Br\u00fccke zwischen dem historischen\u2026","rel":"","context":"In &quot;Frieden - Antifaschismus - Solidarit\u00e4t&quot;","block_context":{"text":"Frieden - Antifaschismus - Solidarit\u00e4t","link":"https:\/\/www.freidenker.org\/?cat=13"},"img":{"alt_text":"","src":"https:\/\/i0.wp.com\/www.freidenker.org\/fw17\/wp-content\/uploads\/2021\/05\/Dehm_SjuganovIMG_9271.jpg?fit=800%2C450&ssl=1&resize=350%2C200","width":350,"height":200,"srcset":"https:\/\/i0.wp.com\/www.freidenker.org\/fw17\/wp-content\/uploads\/2021\/05\/Dehm_SjuganovIMG_9271.jpg?fit=800%2C450&ssl=1&resize=350%2C200 1x, https:\/\/i0.wp.com\/www.freidenker.org\/fw17\/wp-content\/uploads\/2021\/05\/Dehm_SjuganovIMG_9271.jpg?fit=800%2C450&ssl=1&resize=525%2C300 1.5x, https:\/\/i0.wp.com\/www.freidenker.org\/fw17\/wp-content\/uploads\/2021\/05\/Dehm_SjuganovIMG_9271.jpg?fit=800%2C450&ssl=1&resize=700%2C400 2x"},"classes":[]},{"id":1286,"url":"https:\/\/www.freidenker.org\/?p=1286","url_meta":{"origin":6392,"position":4},"title":"Zum Tag des Sieges 2017","author":"Webredaktion","date":"10. Mai 2017","format":false,"excerpt":"Ansprache von Klaus Hartmann auf der Gedenkfeier am 9. Mai 2017 auf dem Hauptfriedhof Frankfurt a.M. Auszug: \"Der 9. Mai ist ein Tag der Trauer um 27 Millionen ermordete B\u00fcrgerinnen und B\u00fcrger der Sowjetunion. Es ist ein Tag des ehrenden Gedenkens an \u00fcber 11 Millionen Rotarmisten, die f\u00fcr diesen Sieg\u2026","rel":"","context":"In &quot;Frieden - Antifaschismus - Solidarit\u00e4t&quot;","block_context":{"text":"Frieden - Antifaschismus - Solidarit\u00e4t","link":"https:\/\/www.freidenker.org\/?cat=13"},"img":{"alt_text":"","src":"https:\/\/i0.wp.com\/www.freidenker.org\/fw17\/wp-content\/uploads\/2017\/05\/1szy_bialoruski_xxx.jpg?fit=800%2C445&ssl=1&resize=350%2C200","width":350,"height":200,"srcset":"https:\/\/i0.wp.com\/www.freidenker.org\/fw17\/wp-content\/uploads\/2017\/05\/1szy_bialoruski_xxx.jpg?fit=800%2C445&ssl=1&resize=350%2C200 1x, https:\/\/i0.wp.com\/www.freidenker.org\/fw17\/wp-content\/uploads\/2017\/05\/1szy_bialoruski_xxx.jpg?fit=800%2C445&ssl=1&resize=525%2C300 1.5x, https:\/\/i0.wp.com\/www.freidenker.org\/fw17\/wp-content\/uploads\/2017\/05\/1szy_bialoruski_xxx.jpg?fit=800%2C445&ssl=1&resize=700%2C400 2x"},"classes":[]},{"id":21674,"url":"https:\/\/www.freidenker.org\/?p=21674","url_meta":{"origin":6392,"position":5},"title":"D\u00fcsseldorf: Einladung zur Mahn- und Gedenkveranstaltung am 10.05.2025","author":"Webredaktion","date":"5. Mai 2025","format":false,"excerpt":"Einladung Der Vorstand des Landesverbandes NRW des Deutschen Freidenker-Verbandes l\u00e4dt herzlich zu einer Mahn- und Gedenkveranstaltung zum 80. Jahrestag der Befreiung nach D\u00fcsseldorf ein. Es wird ein antifaschistischer Rundgang unter der Leitung von Bruno Reble (Mitglied des DFV) mit anschlie\u00dfender Kranzniederlegung an der Mahn- und Gedenkst\u00e4tte stattfinden. Dazu wird ein\u2026","rel":"","context":"In &quot;Frieden - Antifaschismus - Solidarit\u00e4t&quot;","block_context":{"text":"Frieden - Antifaschismus - Solidarit\u00e4t","link":"https:\/\/www.freidenker.org\/?cat=13"},"img":{"alt_text":"","src":"https:\/\/i0.wp.com\/www.freidenker.org\/fw17\/wp-content\/uploads\/2025\/05\/Mahn-_und_Gedenkstaette_der_Stadt_Duesseldorf_2016_Ausschnitt_800x450.jpg?fit=800%2C450&ssl=1&resize=350%2C200","width":350,"height":200,"srcset":"https:\/\/i0.wp.com\/www.freidenker.org\/fw17\/wp-content\/uploads\/2025\/05\/Mahn-_und_Gedenkstaette_der_Stadt_Duesseldorf_2016_Ausschnitt_800x450.jpg?fit=800%2C450&ssl=1&resize=350%2C200 1x, https:\/\/i0.wp.com\/www.freidenker.org\/fw17\/wp-content\/uploads\/2025\/05\/Mahn-_und_Gedenkstaette_der_Stadt_Duesseldorf_2016_Ausschnitt_800x450.jpg?fit=800%2C450&ssl=1&resize=525%2C300 1.5x, https:\/\/i0.wp.com\/www.freidenker.org\/fw17\/wp-content\/uploads\/2025\/05\/Mahn-_und_Gedenkstaette_der_Stadt_Duesseldorf_2016_Ausschnitt_800x450.jpg?fit=800%2C450&ssl=1&resize=700%2C400 2x"},"classes":[]}],"_links":{"self":[{"href":"https:\/\/www.freidenker.org\/index.php?rest_route=\/wp\/v2\/posts\/6392","targetHints":{"allow":["GET"]}}],"collection":[{"href":"https:\/\/www.freidenker.org\/index.php?rest_route=\/wp\/v2\/posts"}],"about":[{"href":"https:\/\/www.freidenker.org\/index.php?rest_route=\/wp\/v2\/types\/post"}],"author":[{"embeddable":true,"href":"https:\/\/www.freidenker.org\/index.php?rest_route=\/wp\/v2\/users\/3"}],"replies":[{"embeddable":true,"href":"https:\/\/www.freidenker.org\/index.php?rest_route=%2Fwp%2Fv2%2Fcomments&post=6392"}],"version-history":[{"count":0,"href":"https:\/\/www.freidenker.org\/index.php?rest_route=\/wp\/v2\/posts\/6392\/revisions"}],"wp:featuredmedia":[{"embeddable":true,"href":"https:\/\/www.freidenker.org\/index.php?rest_route=\/wp\/v2\/media\/6395"}],"wp:attachment":[{"href":"https:\/\/www.freidenker.org\/index.php?rest_route=%2Fwp%2Fv2%2Fmedia&parent=6392"}],"wp:term":[{"taxonomy":"category","embeddable":true,"href":"https:\/\/www.freidenker.org\/index.php?rest_route=%2Fwp%2Fv2%2Fcategories&post=6392"},{"taxonomy":"post_tag","embeddable":true,"href":"https:\/\/www.freidenker.org\/index.php?rest_route=%2Fwp%2Fv2%2Ftags&post=6392"}],"curies":[{"name":"wp","href":"https:\/\/api.w.org\/{rel}","templated":true}]}}