{"id":6384,"date":"2019-05-14T01:40:38","date_gmt":"2019-05-13T23:40:38","guid":{"rendered":"https:\/\/www.freidenker.org\/?p=6384"},"modified":"2019-05-28T23:26:01","modified_gmt":"2019-05-28T21:26:01","slug":"frankfurt-abgesang-der-friedensbewegung","status":"publish","type":"post","link":"https:\/\/www.freidenker.org\/?p=6384","title":{"rendered":"Frankfurt &#8211; Abgesang der Friedensbewegung"},"content":{"rendered":"<div class=\"article__summary \"><strong>Was macht die deutsche Friedensbewegung dieses Jahr am 8. Mai? In einer Zeit zunehmender US-NATO-Kriege und Kriegsdrohungen, auch in Europa, w\u00e4re bundesweit eine machtvolle Demonstration angesagt. Das Gegenteil ist der Fall, wie das Beispiel Frankfurt zeigt.<\/strong><\/div>\n<div class=\"article__text \">\n<p><em>von <strong>Rainer Rupp<\/strong><\/em><\/p>\n<p>Erstver\u00f6ffentlicht am <a href=\"https:\/\/deutsch.rt.com\/meinung\/87843-abgesang-deutschen-friedensbewegung\/\" target=\"_blank\" rel=\"noopener noreferrer\">07.05.2019 auf RT-Deutsch<\/a><\/p>\n<p>In einer Welt, in der die Kreuzritter der faschistoiden, westlichen Un-Wertegemeinschaft mit immer unversch\u00e4mteren L\u00fcgen und Vorw\u00e4nden andere L\u00e4nder mit milit\u00e4rischen oder Wirtschafts- und Finanzkriegen \u00fcberziehen, in einem Land, in dem aufeinander folgende deutsche Regierungen den Schwur der \u00dcberlebenden des Zweiten Weltkrieges &#8222;Nie wieder Krieg&#8220; unversch\u00e4mt in ein &#8222;Nie wieder Krieg ohne uns&#8220; umgewandelt haben, h\u00fcllt sich die die traditionelle deutsche Friedensbewegung im Bundesland Hessen in ein auff\u00e4lliges Schweigen.<\/p>\n<p>Zwar war der Autor dieser Zeilen auf den ersten Blick \u00fcber den bundesweit verbreiteten Aufruf zu einer Veranstaltung zum 8. Mai in Frankfurt hocherfreut, die unter dem Motto: &#8222;Tag der Befreiung von Faschismus und Krieg&#8220; stattfinden soll. Die Freude dauerte nicht lange und wich bei n\u00e4herem Hinsehen schnell der \u00dcbelkeit, denn sowohl durch Bildauswahl als auch Text offenbart das Flugblatt die ganze Erb\u00e4rmlichkeit und vor allem die Geschichtslosigkeit der einst herausragenden hessischen Friedensbewegung.<\/p>\n<p>Diese Geschichtslosigkeit wurde bereits durch das Foto auf dem Titelblatt deutlich. Unter dem schon oben erw\u00e4hnten Titel: &#8222;Tag der Befreiung von Faschismus und Krieg&#8220; zeigt das Bild im Vordergrund einen lachenden GI inmitten anderer US-Soldaten und deutscher Zivilisten und kriegszerst\u00f6rter Geb\u00e4ude im Hintergrund. Dieses Bild reflektiert offensichtlich den heutigen Kenntnisstand der regionalen Friedenbewegung, dass n\u00e4mlich die Amerikaner im Alleingang Europa von den Nazis befreit haben, so wie es die hiesigen NATO-Protagonisten gerne h\u00e4tten.<\/p>\n<p>Auch im Text des Flyers findet sich kein Wort \u00fcber die entscheidende Rolle der Sowjetunion, ohne deren gigantischen Anstrengungen die US-Landung am D-Day in der Normandie niemals zum Erfolg gef\u00fchrt h\u00e4tte. \u00dcber 140 der kampfst\u00e4rksten Nazi-Divisionen standen zum Zeitpunkt des D-Day im Osten gegen die Rote Armee, w\u00e4hrend im gesamten Westen, von Norwegen bis Italien, lediglich knapp 40 Nazi-Divisionen eingesetzt waren, wovon viele wenig fronttauglich waren.<\/p>\n<p>Im Aufruf findet sich auch kein Wort \u00fcber die gef\u00e4hrlichen NATO-Provokationen an der russischen Grenze, nichts \u00fcber die hasserf\u00fcllte Hetze und Aufr\u00fcstung gegen Russland, nichts \u00fcber die vielen anderen US-NATO-Kriege. Auch die Eins\u00e4tze der Bundeswehr in knapp einem Dutzend Kriegen und Krisenherden in fernen L\u00e4ndern im Dienste unserer sogenannten &#8222;liberalen Ordnung&#8220; und unserer Finanz-und Wirtschaftskonzerne finden keine Erw\u00e4hnung.<\/p>\n<p>Besonders schlimm daran ist, dass in Hessen so gut wie alle namhaften Organisationen und Parteien der traditionellen deutschen Friedenbewegung, vorweg &#8222;Die Linke&#8220; und die DKP, aber auch der DGB, der VVN-BdA, &#8222;club voltaire&#8220;, die &#8222;Naturfreunde am Main&#8220;, der ASTA der Uni Frankfurt, die Seebr\u00fccke und viele mehr diese Veranstaltung mit ihren Logos auf dem Flyer bewerben, der im Internet inzwischen weite Verbreitung gefunden hat.<\/p>\n<p>Tats\u00e4chlich handelt es sich bei den Frankfurter Feierlichkeiten nicht um eine anti-Kriegsveranstaltung, sondern um eine Zelebration der &#8222;Werte&#8220; der Neuen Linken, beziehungsweise all jener, die sich selbst gerne als &#8222;links&#8220; darstellen, deren Hirne jedoch schon l\u00e4ngst vom neoliberalen Virus zerfressen sind. So wird im Text des Flyers zum Beispiel gr\u00f6\u00dfter Wert auf die genderkorrekte Sprache gelegt, w\u00e4hrend politische oder historische Zusammenh\u00e4nge entweder unbekannt sind oder bewusst ignoriert werden. Im Text geht es daher um Zeitzeug*innen, Demagog*innen, Brandstifter*innen, etc. Und schon im ersten Satz hei\u00dft es: &#8222;Am 8. Mai 1945 endete mit der Kapitulation der Nationalsozialist*innen der Zweite Weltkrieg&#8220;. Aus Sicht der Autoren hat also nicht etwa die faschistische deutsche Regierung kapituliert, sondern genderkorrekt &#8222;Nationalsozialist*innen&#8220;, also irgendwelche anonymem, b\u00f6sen Individuen!<\/p>\n<p>Tats\u00e4chlich aber waren es nicht die gro\u00dfe Zahl der kleinen \u201aNazi-onalsozialist*innen, sondern die gro\u00dfen Nazis &#8211; wie Reinhard Gehlen, Hans Globke, Wernher von Braun, G\u00fcnther, Herbert und Harald Quandt, Friedrich Flick, Hermann Josef Abs, usw., usf. \u2013 die nach dem 8. Mai in der neuen Bundesrepublik Deutschland schnellstm\u00f6glich auch noch ein zweites Mal befreit wurden. Nach erfolgreich bestandener &#8222;Entnazifizierung&#8220; wurden sie von ihrer menschenverachtenden und oft bluttriefenden Mitschuld an den Nazi-Verbrechen freigesprochen. Flugs gelangten sie wieder in ihre alten Machtpositionen und kamen im Wirtschaftswunderland BRD schnell wieder zu Ruhm und Ehren.<\/p>\n<p>Aber zur\u00fcck zum Text des Flyers. W\u00e4hrend die NATO andere L\u00e4nder in Brand steckt, hat das Flugblatt aus Hessen eine weitaus gr\u00f6\u00dfere Gefahr im Visier, denn unsere &#8222;emanzipatorische Entwicklung&#8220; und &#8222;individuelle Freiheit&#8220; wird jetzt angeblich von &#8222;geistigen Brandstifter*innen in Frage gestellt&#8220;. Folglich ist das Hauptanliegen des Flyers, den 8. Mai zum gesetzlichen Feiertag zu machen als &#8222;Fest der Verst\u00e4ndigung, gegen Rassismus, Antisemitismus und Fremdenhass&#8220; \u2013 und nicht etwa als ein Fest gegen Krieg.<\/p>\n<p>Die Verfasser des Textes, die sich offensichtlich als gut situierte Bildungsb\u00fcrger weitaus mehr um ihre &#8222;emanzipatorische Entwicklung&#8220; und &#8222;individuelle Freiheit&#8220; sorgen als um die Freiheit von Krieg und Ausbeutung, sehen in den &#8222;Populisten&#8220; und vor allem in der AfD (ohne sie beim Namen zu nennen) ihre Hauptgegner. Die Aufr\u00fcstung und die NATO-Kriege und die Provokationen an den Grenzen zu Russland entsorgen die Autoren dagegen im allgemeinen Ged\u00e4chtnisloch.<\/p>\n<p>Dieser Flyer ist in Bild und Text so angepasst brav, so entsetzlich Mainstream-weichgesp\u00fclt, dass auch der SPD-Oberb\u00fcrgermeister Peter Feldmann problemlos die Schirmherrschaft \u00fcbernehmen konnte. Es ist \u00fcbrigens der gleiche Feldmann, der am 7. Juni 2017 als Schirmherr eines Konzerts in Frankfurt auftrat, auf dem unter dem Motto &#8222;50 Jahre wiedervereinigtes Jerusalem&#8220; die v\u00f6lkerrechtswidrige Annexion Ostjerusalems durch die rechtsradikale Netanjahu-Regierung <a href=\"https:\/\/www.fr.de\/frankfurt\/spd-org26325\/feldmann-wegen-umstrittener-schirmherrschaft-kritisiert-11060015.html\">gefeiert<\/a> wurde. In diesem Sinne ist sicherlich auch der Einsatz des Frankfurter 8. Mai-Flyers gegen Anti-Semitismus als Verbot jeglicher Kritik an israelischen Kriegs- und V\u00f6lkerrechtsverbrechen zu verstehen.<\/p>\n<p>In der Geschichte der deutschen Friedenbewegung ist die Entwicklung in Hessen ein absoluter, politischer Tiefpunkt. Moralisch verkommener geht`s nicht mehr. Selbst in der alten Bundesrepublik war die Friedensbewegung schon mal viel weiter! Aber bei den Entwicklungen in der Partei &#8222;Die Linke&#8220; oder in der heutigen VVN\/BdA ist jedoch nichts anderes mehr zu erwarten.<\/p>\n<p>Es folgt <a href=\"https:\/\/www.frieden-und-zukunft.de\/userfiles\/pdf\/2019\/20190425_TagderBefreiung_Faltbatt.pdf\">der Text<\/a> im Wortlaut:\u00a0 <strong><br \/>\n<\/strong><\/p>\n<p style=\"padding-left: 40px;\"><em>&#8222;8. Mai &#8211; Tag der Befreiung von Faschismus und Krieg&#8220;<\/em><\/p>\n<p style=\"padding-left: 40px;\"><em>(Wer nicht feiert, hat verloren)<\/em><\/p>\n<p style=\"padding-left: 40px;\"><em>Am 8. Mai 1945 endete mit der Kapitulation der Nationalsozialist*innen der Zweite Weltkrieg. In vielen L\u00e4ndern Europas wird diesem Datum in Form eines Gedenktages oder eines gesetzlichen Feiertages Rechnung getragen. In Deutschland ist dies bisher nicht der Fall.<\/em><\/p>\n<p style=\"padding-left: 40px;\"><em>Frankfurt begeht diesen Tag zum wiederholten Mal unter dem Motto &#8222;Wer nicht feiert, hat verloren!&#8220; als Fest der Verst\u00e4ndigung, gegen Rassismus, Antisemitismus und Fremdenhass.<\/em><\/p>\n<p style=\"padding-left: 40px;\"><em>Gemeinsam mit unserem Schirmherren, dem Oberb\u00fcrgermeister Peter Feldmann, setzen wir uns daf\u00fcr ein, dass der 8. Mai zum gesetzlichen Feiertag wird!<\/em><\/p>\n<p style=\"padding-left: 40px;\"><em>Es darf nicht in Vergessenheit geraten, was zwischen 1933 und 1945 passiert ist. Gerade in einer Zeit, in der nur noch wenige Zeitzeug*innen leben, um der Nachwelt von den Gr\u00e4ueln und Schrecken des Zweiten Weltkriegs pers\u00f6nlich zu berichten. Vor \u00fcber 70 Jahren wurden nicht nur die \u00dcberlebenden des Naziterrors befreit. Was unserer gesamten Gesellschaft bis heute bleibt, ist unsere individuelle Freiheit und die gro\u00dfe Dankbarkeit gegen\u00fcber den L\u00e4ndern, welche die Nationalsozialist*innen niederk\u00e4mpften.<\/em><\/p>\n<p style=\"padding-left: 40px;\"><em>Auch geb\u00fchrt Dank und Respekt all jenen, die in Deutschland und in den von Deutschland besetzten L\u00e4ndern Widerstand gegen die Schreckensherrschaft der Nationalsozialist*innen leisteten. Wir d\u00fcrfen nicht nachlassen, f\u00fcr sie einzustehen.<\/em><\/p>\n<p style=\"padding-left: 40px;\"><em>Die emanzipatorischen Entwicklungen der letzten 50 Jahre werden momentan von Rechts in Frage gestellt. Wir m\u00fcssen die offene Gesellschaft gegen diese geistigen Brandstifter*innen verteidigen. Rechten Demagog*innen werden wir nicht einen Fu\u00dfbreit weichen! Das gilt f\u00fcr Frankfurt und \u00fcberall.<\/em><\/p>\n<p>Zum Gl\u00fcck gibt es in Deutschland auch noch andere Veranstaltungen zum 8. Mai. Den vielen kleinen Friedensinitiativen und Gedenkfeierlichkeiten in den D\u00f6rfern und St\u00e4dtchen, vor allem im Osten, wird nat\u00fcrlich in den Mainstream Medien nicht berichtet. Wenn es jedoch um einen &#8222;Friday for Future&#8220; Schulstreik gegen CO2 in Hinter-Tupfingen ginge, w\u00e4ren die Medien garantiert dabei.<\/p>\n<p>Auch in Berlin gibt es etliche Veranstaltungen, zum Beispiel mit &#8222;aufstehen&#8220; in <a href=\"https:\/\/www.aktion-freiheitstattangst.org\/events\/2490-20190508.htm\">Neuk\u00f6lln<\/a>. Einen Tag sp\u00e4ter, am 9. Mai, kann man die Befreiung auch mit russischen Freunden am sowjetischen Ehrenmal im Treptower Park feiern, gemeinsam mit Nachkommen der wahren Befreier, die 27 Millionen Menschenleben daf\u00fcr geopfert haben.<\/p>\n<p>\u00dcbrigens: der Grund, warum das Kriegsende in Russland am 9. und in Deutschland am 8. Mai gefeiert wird h\u00e4ngt mit dem Zeitunterschied zwischen Moskau und Berlin zusammen. Als die Nazi-F\u00fchrung die Kapitulationsurkunde kurz vor Mitternacht unterzeichnete, war es in Deutschland noch der 8., in Moskau aber bereits der 9. Mai 1945.<\/p>\n<p>Allerdings wurde das Denkmal &#8222;Mutterland&#8220;, das Teil der sowjetischen Gedenkst\u00e4tte im TreptowerPark ist, am 4. Mai von Neonazis gesch\u00e4ndet und mit schmutzigem \u00d6l \u00fcbergossen. Mehr als sieben Tausend sowjetische Soldaten, die auch f\u00fcr die Befreiung Deutschlands vom Faschismus noch in den letzten Kriegstagen in Berlin ihr Leben verloren haben, liegen dort begraben. Vor dem Hintergrund der anti-russischen Hetze in Politik und in so genannten &#8222;Qualit\u00e4tsmedien&#8220; ist es jedoch kein Wunder, dass die dunkelbraune Brut auch in Deutschland wieder Aufwind bekommt.<\/p>\n<p>Die Bedeutung des Nazi-Vandalismus im Treptower Park verschwindet jedoch im Vergleich zur ungeheuerlichen, anti-russischen Provokation der NATO, die unter direkter Teilnahme der F\u00fchrung des deutschen Verteidigungs- oder besser Kriegsministeriums ausgerechnet am 9. Mai ein gro\u00dfangelegtes Stabsman\u00f6ver zum Krieg mit Russlands beginnt. Der Ablauf des neuen NATO-Man\u00f6vers mit der harmlosen Bezeichnung &#8222;Crisis Management Exercise&#8220; (CMX-19) folgt weitgehend dem Muster des &#8222;Winter Exercise&#8220; (WINTEX) Stabsman\u00f6vers des Kalten Kriegs, das regelm\u00e4\u00dfig im Abstand von zwei Jahren stattfand.<\/p>\n<p>Mit der Gro\u00df\u00fcbung &#8211; der zweiundzwanzigsten seit Bestehen der NATO &#8211; soll angeblich sichergestellt werden, dass das B\u00fcndnis im Ernstfall schnell politisch entscheidungs- und handlungsf\u00e4hig ist. In ihrem Verlauf sollen der NATO-Rat und der milit\u00e4rische Apparat alle Schritte eines Kriegsszenarios vollziehen, von der Erkl\u00e4rung des B\u00fcndnisfalls nach Artikel F\u00fcnf bis zur Planung der milit\u00e4rischen Reaktion auf die Attacke. Das Drehbuch der CMX19 sieht eine Aggression Russlands gegen die NATO in mehreren Stufen vor. Der Angreifer wird nicht namentlich genannt, allerdings zielt die Beschreibung des Aggressors aus dem Osten, der Atomwaffen besitzt und &#8222;Kerneuropa&#8220; angreift, deutlich auf Russland.<\/p>\n<p>In Ihrer Selbstdarstellung ist die NATO &#8222;die gr\u00f6\u00dfte und erfolgreichste Friedensorganisation der Weltgeschichte&#8220;. Nat\u00fcrlich ist die NATO in ihren Man\u00f6vern niemals der Aggressor. Auch zu Zeiten des Kalten Krieges verteidigte sie nur, und \u00fcbte dabei jedoch insgeheim den Angriff, bis hin zum Ersteinsatz von NATO-Nuklearwaffen, womit die WINTEX-\u00dcbung gegen den &#8222;roten&#8220; Gegner im Osten regelm\u00e4\u00dfig endete.<\/p>\n<p style=\"text-align: right;\"><em>Rainer Rupp ist Mitglied des Beirats des Deutschen Freidenker-Verbandes<\/em><\/p>\n<p><em>RT Deutsch bem\u00fcht sich um ein breites Meinungsspektrum. Gastbeitr\u00e4ge und Meinungsartikel m\u00fcssen nicht die Sichtweise der Redaktion widerspiegeln.<\/em><\/p>\n<\/div>\n<hr \/>\n<p><strong>Die Frankfurter Freidenker haben sich am 8.Mai auf dem R\u00f6merberg mit einem Plakat an ihrem Infostand positioniert:<\/strong><\/p>\n<p><img data-recalc-dims=\"1\" loading=\"lazy\" decoding=\"async\" data-attachment-id=\"6387\" data-permalink=\"https:\/\/www.freidenker.org\/?attachment_id=6387\" data-orig-file=\"https:\/\/i0.wp.com\/www.freidenker.org\/fw17\/wp-content\/uploads\/2019\/05\/190508-BefreiungPlakat_v02.jpg?fit=1240%2C1754&amp;ssl=1\" data-orig-size=\"1240,1754\" data-comments-opened=\"0\" data-image-meta=\"{&quot;aperture&quot;:&quot;0&quot;,&quot;credit&quot;:&quot;&quot;,&quot;camera&quot;:&quot;&quot;,&quot;caption&quot;:&quot;&quot;,&quot;created_timestamp&quot;:&quot;0&quot;,&quot;copyright&quot;:&quot;&quot;,&quot;focal_length&quot;:&quot;0&quot;,&quot;iso&quot;:&quot;0&quot;,&quot;shutter_speed&quot;:&quot;0&quot;,&quot;title&quot;:&quot;&quot;,&quot;orientation&quot;:&quot;0&quot;}\" data-image-title=\"190508-BefreiungPlakat_v02\" data-image-description=\"\" data-image-caption=\"\" data-large-file=\"https:\/\/i0.wp.com\/www.freidenker.org\/fw17\/wp-content\/uploads\/2019\/05\/190508-BefreiungPlakat_v02.jpg?fit=724%2C1024&amp;ssl=1\" class=\"alignnone wp-image-6387\" src=\"https:\/\/i0.wp.com\/www.freidenker.org\/fw17\/wp-content\/uploads\/2019\/05\/190508-BefreiungPlakat_v02.jpg?resize=600%2C849&#038;ssl=1\" alt=\"\" width=\"600\" height=\"849\" srcset=\"https:\/\/i0.wp.com\/www.freidenker.org\/fw17\/wp-content\/uploads\/2019\/05\/190508-BefreiungPlakat_v02.jpg?resize=724%2C1024&amp;ssl=1 724w, https:\/\/i0.wp.com\/www.freidenker.org\/fw17\/wp-content\/uploads\/2019\/05\/190508-BefreiungPlakat_v02.jpg?resize=212%2C300&amp;ssl=1 212w, https:\/\/i0.wp.com\/www.freidenker.org\/fw17\/wp-content\/uploads\/2019\/05\/190508-BefreiungPlakat_v02.jpg?resize=768%2C1086&amp;ssl=1 768w, https:\/\/i0.wp.com\/www.freidenker.org\/fw17\/wp-content\/uploads\/2019\/05\/190508-BefreiungPlakat_v02.jpg?w=1240&amp;ssl=1 1240w\" sizes=\"auto, (max-width: 600px) 100vw, 600px\" \/><\/p>\n<div class=\"article__text \">\n<hr \/>\n<p><img data-recalc-dims=\"1\" loading=\"lazy\" decoding=\"async\" data-attachment-id=\"1075\" data-permalink=\"https:\/\/www.freidenker.org\/?attachment_id=1075\" data-orig-file=\"https:\/\/i0.wp.com\/www.freidenker.org\/fw17\/wp-content\/uploads\/2017\/10\/pdf_icon-1-e1509487509537.png?fit=24%2C24&amp;ssl=1\" data-orig-size=\"24,24\" data-comments-opened=\"0\" data-image-meta=\"{&quot;aperture&quot;:&quot;0&quot;,&quot;credit&quot;:&quot;&quot;,&quot;camera&quot;:&quot;&quot;,&quot;caption&quot;:&quot;&quot;,&quot;created_timestamp&quot;:&quot;0&quot;,&quot;copyright&quot;:&quot;&quot;,&quot;focal_length&quot;:&quot;0&quot;,&quot;iso&quot;:&quot;0&quot;,&quot;shutter_speed&quot;:&quot;0&quot;,&quot;title&quot;:&quot;&quot;,&quot;orientation&quot;:&quot;0&quot;}\" data-image-title=\"pdf_icon_24\" data-image-description=\"\" data-image-caption=\"\" data-large-file=\"https:\/\/i0.wp.com\/www.freidenker.org\/fw17\/wp-content\/uploads\/2017\/10\/pdf_icon-1-e1509487509537.png?fit=24%2C24&amp;ssl=1\" class=\"alignnone size-full wp-image-1075\" src=\"https:\/\/i0.wp.com\/www.freidenker.org\/fw17\/wp-content\/uploads\/2017\/10\/pdf_icon-1-e1509487509537.png?resize=24%2C24&#038;ssl=1\" alt=\"\" width=\"24\" height=\"24\" \/> Das zitierte offizielle <a href=\"https:\/\/www.frieden-und-zukunft.de\/userfiles\/pdf\/2019\/20190425_TagderBefreiung_Faltbatt.pdf\" target=\"_blank\" rel=\"noopener noreferrer\">Faltblatt der Veranstaltung am 08. Mai 2019 in Frankfurt am Main<\/a> als PDF Dokument (603 KB)<\/p>\n<p><img data-recalc-dims=\"1\" loading=\"lazy\" decoding=\"async\" data-attachment-id=\"1075\" data-permalink=\"https:\/\/www.freidenker.org\/?attachment_id=1075\" data-orig-file=\"https:\/\/i0.wp.com\/www.freidenker.org\/fw17\/wp-content\/uploads\/2017\/10\/pdf_icon-1-e1509487509537.png?fit=24%2C24&amp;ssl=1\" data-orig-size=\"24,24\" data-comments-opened=\"0\" data-image-meta=\"{&quot;aperture&quot;:&quot;0&quot;,&quot;credit&quot;:&quot;&quot;,&quot;camera&quot;:&quot;&quot;,&quot;caption&quot;:&quot;&quot;,&quot;created_timestamp&quot;:&quot;0&quot;,&quot;copyright&quot;:&quot;&quot;,&quot;focal_length&quot;:&quot;0&quot;,&quot;iso&quot;:&quot;0&quot;,&quot;shutter_speed&quot;:&quot;0&quot;,&quot;title&quot;:&quot;&quot;,&quot;orientation&quot;:&quot;0&quot;}\" data-image-title=\"pdf_icon_24\" data-image-description=\"\" data-image-caption=\"\" data-large-file=\"https:\/\/i0.wp.com\/www.freidenker.org\/fw17\/wp-content\/uploads\/2017\/10\/pdf_icon-1-e1509487509537.png?fit=24%2C24&amp;ssl=1\" class=\"alignnone size-full wp-image-1075\" src=\"https:\/\/i0.wp.com\/www.freidenker.org\/fw17\/wp-content\/uploads\/2017\/10\/pdf_icon-1-e1509487509537.png?resize=24%2C24&#038;ssl=1\" alt=\"\" width=\"24\" height=\"24\" \/> Das\u00a0<a href=\"https:\/\/www.freidenker.org\/fw17\/wp-content\/uploads\/2019\/05\/190508-BefreiungPlakat_v02.pdf\" target=\"_blank\" rel=\"noopener noreferrer\">Plakat des Deutschen Freidenker-Verbandes<\/a> als PDF-Dokument (599 KB)<\/p>\n<hr \/>\n<p>Beitragsbild oben: rlx (unter Verwendung des Flugblattes des Freidenker-Verbandes und des Fotos &#8222;Auf dem Berliner Reichstag, 2.\u00a0Mai 1945&#8220; von Jewgeni Chaldei, \u00a9 by <a href=\"http:\/\/mil.ru\" target=\"_blank\" rel=\"noopener noreferrer\">mil.ru<\/a>, Quelle: <a href=\"https:\/\/commons.wikimedia.org\/wiki\/File:Raising_a_flag_over_the_Reichstag_(original).jpg\" target=\"_blank\" rel=\"noopener noreferrer\">wikimedia.org<\/a>)<\/p>\n<\/div>\n","protected":false},"excerpt":{"rendered":"<p><b>Beitrag von Rainer Rupp<\/b><br \/>\nWas macht die deutsche Friedensbewegung dieses Jahr am 8. Mai? In einer Zeit zunehmender US-NATO-Kriege und Kriegsdrohungen, auch in Europa, w\u00e4re bundesweit eine machtvolle Demonstration angesagt. Das Gegenteil ist der Fall, wie das Beispiel Frankfurt zeigt. &#8230;<br \/>\nTats\u00e4chlich handelt es sich bei den Frankfurter Feierlichkeiten nicht um eine anti-Kriegsveranstaltung, sondern um eine Zelebration der &#8222;Werte&#8220; der Neuen Linken, beziehungsweise all jener, die sich selbst gerne als &#8222;links&#8220; darstellen, deren Hirne jedoch schon l\u00e4ngst vom neoliberalen Virus zerfressen sind. <\/p>\n","protected":false},"author":3,"featured_media":6388,"comment_status":"closed","ping_status":"closed","sticky":false,"template":"","format":"standard","meta":{"colormag_page_container_layout":"default_layout","colormag_page_sidebar_layout":"default_layout","advanced_seo_description":"","jetpack_seo_html_title":"","jetpack_seo_noindex":false,"jetpack_post_was_ever_published":false,"footnotes":""},"categories":[13],"tags":[433,224,57,56,687],"class_list":["post-6384","post","type-post","status-publish","format-standard","has-post-thumbnail","hentry","category-frieden-antifaschismus-solidaritaet","tag-frankfurt-am-main","tag-frieden-mit-russland","tag-kriegsgefahr","tag-nato","tag-tag-der-befreiung"],"jetpack_featured_media_url":"https:\/\/i0.wp.com\/www.freidenker.org\/fw17\/wp-content\/uploads\/2019\/05\/tag_der_befreiung.jpg?fit=800%2C445&ssl=1","jetpack_shortlink":"https:\/\/wp.me\/p9stpK-1EY","jetpack-related-posts":[{"id":3010,"url":"https:\/\/www.freidenker.org\/?p=3010","url_meta":{"origin":6384,"position":0},"title":"Freidenker-Brief 3-2015: 8. Mai 2015 \u2013 70 Jahre \u201eTag der Befreiung\u201c","author":"Webredaktion","date":"3. April 2015","format":false,"excerpt":"Der Deutsche Freidenker-Verband ver\u00f6ffentlicht in seiner Verbandszeitschrift \u201eFreidenker\u201c Nr. 1-15 (M\u00e4rz 2015) seine Erkl\u00e4rung \u201e70 Jahre nach der Befreiung vom Faschismus \u2013 Deutschland braucht eine grundlegend andere Au\u00dfenpolitik: Verst\u00e4ndigung statt Konfrontation\u201c Ferner hat der Verbandsvorstand beschlossen: - Der Deutsche Freidenker-Verband unterst\u00fctzt den Aufruf des Berliner Aktionsb\u00fcndnisses \u201e70 Jahre Tag der\u2026","rel":"","context":"In &quot;Freidenker-Brief&quot;","block_context":{"text":"Freidenker-Brief","link":"https:\/\/www.freidenker.org\/?cat=341"},"img":{"alt_text":"","src":"https:\/\/i0.wp.com\/www.freidenker.org\/fw17\/wp-content\/uploads\/2015\/04\/tdb2015_800x445.jpg?fit=800%2C445&ssl=1&resize=350%2C200","width":350,"height":200,"srcset":"https:\/\/i0.wp.com\/www.freidenker.org\/fw17\/wp-content\/uploads\/2015\/04\/tdb2015_800x445.jpg?fit=800%2C445&ssl=1&resize=350%2C200 1x, https:\/\/i0.wp.com\/www.freidenker.org\/fw17\/wp-content\/uploads\/2015\/04\/tdb2015_800x445.jpg?fit=800%2C445&ssl=1&resize=525%2C300 1.5x, https:\/\/i0.wp.com\/www.freidenker.org\/fw17\/wp-content\/uploads\/2015\/04\/tdb2015_800x445.jpg?fit=800%2C445&ssl=1&resize=700%2C400 2x"},"classes":[]},{"id":2988,"url":"https:\/\/www.freidenker.org\/?p=2988","url_meta":{"origin":6384,"position":1},"title":"Freidenker-Brief 6-2015: Deutschland raus aus der NATO &#8211; NATO raus aus Deutschland","author":"Webredaktion","date":"27. August 2015","format":false,"excerpt":"W\u00e4hrend manche \"Institutionen\" der Friedensbewegung fortgesetzt die Diskussion \u201eWie weiter mit der Friedensbewegung?\u201c f\u00fchren, gibt es erfreulicherweise auch Friedenskr\u00e4fte, die angesichts der gef\u00e4hrlichen internationalen Entwicklung aktiv werden, die auf Aktionen und auf Klarheit dr\u00e4ngen: Einerseits die im \"AK Frieden \/ Internationales\" des Deutschen Freidenker-Verbandes erarbeitete programmatische Erkl\u00e4rung zu Fragen von\u2026","rel":"","context":"In &quot;Freidenker-Brief&quot;","block_context":{"text":"Freidenker-Brief","link":"https:\/\/www.freidenker.org\/?cat=341"},"img":{"alt_text":"","src":"https:\/\/i0.wp.com\/www.freidenker.org\/fw17\/wp-content\/uploads\/2015\/08\/Global_Hawk_800x445_mLogo.jpg?fit=800%2C445&ssl=1&resize=350%2C200","width":350,"height":200,"srcset":"https:\/\/i0.wp.com\/www.freidenker.org\/fw17\/wp-content\/uploads\/2015\/08\/Global_Hawk_800x445_mLogo.jpg?fit=800%2C445&ssl=1&resize=350%2C200 1x, https:\/\/i0.wp.com\/www.freidenker.org\/fw17\/wp-content\/uploads\/2015\/08\/Global_Hawk_800x445_mLogo.jpg?fit=800%2C445&ssl=1&resize=525%2C300 1.5x, https:\/\/i0.wp.com\/www.freidenker.org\/fw17\/wp-content\/uploads\/2015\/08\/Global_Hawk_800x445_mLogo.jpg?fit=800%2C445&ssl=1&resize=700%2C400 2x"},"classes":[]},{"id":24934,"url":"https:\/\/www.freidenker.org\/?p=24934","url_meta":{"origin":6384,"position":2},"title":"Demonstration, Kundgebung und Konzert zum Tag der Begegnung am 25. April 2026 in Torgau","author":"Webredaktion","date":"20. April 2026","format":false,"excerpt":"Anl\u00e4sslich des 81. Jahrestages des Tages der Begegnung in Torgau finden mehrere Veranstaltungen statt. Die DKP und zahlreiche Unterst\u00fctzer, darunter der Deutsche Freidenker-Verband rufen auf zur Friedensdemonstration zum Tag der Begegnung, Torgau 1945-2026 am 25. April 2026, Beginn um 11.30 Uhr am Br\u00fcckenkopf Torgau. Aus dem Aufruf: Nie wieder Faschismus\u2026","rel":"","context":"In &quot;Frieden - Antifaschismus - Solidarit\u00e4t&quot;","block_context":{"text":"Frieden - Antifaschismus - Solidarit\u00e4t","link":"https:\/\/www.freidenker.org\/?cat=13"},"img":{"alt_text":"","src":"https:\/\/i0.wp.com\/www.freidenker.org\/fw17\/wp-content\/uploads\/2026\/04\/TdB_Torgau_2026_800x450.jpg?fit=800%2C450&ssl=1&resize=350%2C200","width":350,"height":200,"srcset":"https:\/\/i0.wp.com\/www.freidenker.org\/fw17\/wp-content\/uploads\/2026\/04\/TdB_Torgau_2026_800x450.jpg?fit=800%2C450&ssl=1&resize=350%2C200 1x, https:\/\/i0.wp.com\/www.freidenker.org\/fw17\/wp-content\/uploads\/2026\/04\/TdB_Torgau_2026_800x450.jpg?fit=800%2C450&ssl=1&resize=525%2C300 1.5x, https:\/\/i0.wp.com\/www.freidenker.org\/fw17\/wp-content\/uploads\/2026\/04\/TdB_Torgau_2026_800x450.jpg?fit=800%2C450&ssl=1&resize=700%2C400 2x"},"classes":[]},{"id":19086,"url":"https:\/\/www.freidenker.org\/?p=19086","url_meta":{"origin":6384,"position":3},"title":"Befreiung vom Faschismus und Tag des Sieges 2024","author":"Webredaktion","date":"18. Mai 2024","format":false,"excerpt":"Zum Tag des Sieges \/ Tag der Befreiung fanden zahlreiche Veranstaltungen statt, an denen vielerorts auch Freidenker beteiligt waren. Wir berichten hier von den Veranstaltungen in Frankfurt am Main am 05. und 09. Mai, Offenbach am 08. Mai und Berlin am 09. Mai 2024. 05.05.2024 \u2013 Marsch des unsterblichen Regiments\u2026","rel":"","context":"In &quot;Demokratie \u2013 Medien \u2013 Aufkl\u00e4rung&quot;","block_context":{"text":"Demokratie \u2013 Medien \u2013 Aufkl\u00e4rung","link":"https:\/\/www.freidenker.org\/?cat=12"},"img":{"alt_text":"","src":"https:\/\/i0.wp.com\/www.freidenker.org\/fw17\/wp-content\/uploads\/2024\/05\/Hartmann_Tag_des_Sieges_FaM_2024_800x450.jpg?fit=800%2C450&ssl=1&resize=350%2C200","width":350,"height":200,"srcset":"https:\/\/i0.wp.com\/www.freidenker.org\/fw17\/wp-content\/uploads\/2024\/05\/Hartmann_Tag_des_Sieges_FaM_2024_800x450.jpg?fit=800%2C450&ssl=1&resize=350%2C200 1x, https:\/\/i0.wp.com\/www.freidenker.org\/fw17\/wp-content\/uploads\/2024\/05\/Hartmann_Tag_des_Sieges_FaM_2024_800x450.jpg?fit=800%2C450&ssl=1&resize=525%2C300 1.5x, https:\/\/i0.wp.com\/www.freidenker.org\/fw17\/wp-content\/uploads\/2024\/05\/Hartmann_Tag_des_Sieges_FaM_2024_800x450.jpg?fit=800%2C450&ssl=1&resize=700%2C400 2x"},"classes":[]},{"id":1391,"url":"https:\/\/www.freidenker.org\/?p=1391","url_meta":{"origin":6384,"position":4},"title":"Freidenker-Brief 2-2017: \u201eSyrien erk\u00e4mpft den Sieg\u201c","author":"Webredaktion","date":"30. August 2017","format":false,"excerpt":"Der deutsche Freidenkerverband ist Mitveranstalter der Demonstration \u201eSyrien erk\u00e4mpft den Sieg\u201c gegen den Terrorkrieg von NATO, Zionisten, \"Islamischem Staat\" und Golfmonarchen\" am 2.9.2017 in Frankfurt am Main. Auftaktkundgebung um 13 Uhr an der Alten Oper. Hauptveranstalter ist das Frankfurter Solidarit\u00e4tskomitee f\u00fcr Syrien. Wir laden Sie herzlich ein, an der Demonstration\u2026","rel":"","context":"In &quot;Freidenker-Brief&quot;","block_context":{"text":"Freidenker-Brief","link":"https:\/\/www.freidenker.org\/?cat=341"},"img":{"alt_text":"","src":"https:\/\/i0.wp.com\/www.freidenker.org\/fw17\/wp-content\/uploads\/2017\/08\/International_Mine_Action_Center_in_Syria_Aleppo_45.jpg?fit=800%2C445&ssl=1&resize=350%2C200","width":350,"height":200,"srcset":"https:\/\/i0.wp.com\/www.freidenker.org\/fw17\/wp-content\/uploads\/2017\/08\/International_Mine_Action_Center_in_Syria_Aleppo_45.jpg?fit=800%2C445&ssl=1&resize=350%2C200 1x, https:\/\/i0.wp.com\/www.freidenker.org\/fw17\/wp-content\/uploads\/2017\/08\/International_Mine_Action_Center_in_Syria_Aleppo_45.jpg?fit=800%2C445&ssl=1&resize=525%2C300 1.5x, https:\/\/i0.wp.com\/www.freidenker.org\/fw17\/wp-content\/uploads\/2017\/08\/International_Mine_Action_Center_in_Syria_Aleppo_45.jpg?fit=800%2C445&ssl=1&resize=700%2C400 2x"},"classes":[]},{"id":21493,"url":"https:\/\/www.freidenker.org\/?p=21493","url_meta":{"origin":6384,"position":5},"title":"Die Friedensbewegung im Spannungsfeld","author":"Webredaktion","date":"16. April 2025","format":false,"excerpt":"Vortrag von Doris Pumphrey, Gehalten auf dem Kongress \"Krieg und Frieden\" der Neuen Gesellschaft f\u00fcr Psychologie, Berlin 10. bis 12. April 2025 Die Friedensbewegung ist eine sog. Graswurzelbewegung, die die M\u00fchen durchlaufen muss eines Aufbaus und einer Mobilisierung von unten. Authentische, unabh\u00e4ngige Graswurzelbewegungen haben es heute viel schwerer als fr\u00fcher.\u2026","rel":"","context":"In &quot;Frieden - Antifaschismus - Solidarit\u00e4t&quot;","block_context":{"text":"Frieden - Antifaschismus - Solidarit\u00e4t","link":"https:\/\/www.freidenker.org\/?cat=13"},"img":{"alt_text":"","src":"https:\/\/i0.wp.com\/www.freidenker.org\/fw17\/wp-content\/uploads\/2025\/04\/Ostermarsch_Berlin_20180331_133450b_800x450.jpg?fit=800%2C450&ssl=1&resize=350%2C200","width":350,"height":200,"srcset":"https:\/\/i0.wp.com\/www.freidenker.org\/fw17\/wp-content\/uploads\/2025\/04\/Ostermarsch_Berlin_20180331_133450b_800x450.jpg?fit=800%2C450&ssl=1&resize=350%2C200 1x, https:\/\/i0.wp.com\/www.freidenker.org\/fw17\/wp-content\/uploads\/2025\/04\/Ostermarsch_Berlin_20180331_133450b_800x450.jpg?fit=800%2C450&ssl=1&resize=525%2C300 1.5x, https:\/\/i0.wp.com\/www.freidenker.org\/fw17\/wp-content\/uploads\/2025\/04\/Ostermarsch_Berlin_20180331_133450b_800x450.jpg?fit=800%2C450&ssl=1&resize=700%2C400 2x"},"classes":[]}],"_links":{"self":[{"href":"https:\/\/www.freidenker.org\/index.php?rest_route=\/wp\/v2\/posts\/6384","targetHints":{"allow":["GET"]}}],"collection":[{"href":"https:\/\/www.freidenker.org\/index.php?rest_route=\/wp\/v2\/posts"}],"about":[{"href":"https:\/\/www.freidenker.org\/index.php?rest_route=\/wp\/v2\/types\/post"}],"author":[{"embeddable":true,"href":"https:\/\/www.freidenker.org\/index.php?rest_route=\/wp\/v2\/users\/3"}],"replies":[{"embeddable":true,"href":"https:\/\/www.freidenker.org\/index.php?rest_route=%2Fwp%2Fv2%2Fcomments&post=6384"}],"version-history":[{"count":0,"href":"https:\/\/www.freidenker.org\/index.php?rest_route=\/wp\/v2\/posts\/6384\/revisions"}],"wp:featuredmedia":[{"embeddable":true,"href":"https:\/\/www.freidenker.org\/index.php?rest_route=\/wp\/v2\/media\/6388"}],"wp:attachment":[{"href":"https:\/\/www.freidenker.org\/index.php?rest_route=%2Fwp%2Fv2%2Fmedia&parent=6384"}],"wp:term":[{"taxonomy":"category","embeddable":true,"href":"https:\/\/www.freidenker.org\/index.php?rest_route=%2Fwp%2Fv2%2Fcategories&post=6384"},{"taxonomy":"post_tag","embeddable":true,"href":"https:\/\/www.freidenker.org\/index.php?rest_route=%2Fwp%2Fv2%2Ftags&post=6384"}],"curies":[{"name":"wp","href":"https:\/\/api.w.org\/{rel}","templated":true}]}}