{"id":638,"date":"1998-02-01T14:15:02","date_gmt":"1998-02-01T13:15:02","guid":{"rendered":"http:\/\/www.freidenker.org\/fw17\/?p=638"},"modified":"2018-02-18T15:57:18","modified_gmt":"2018-02-18T14:57:18","slug":"%c2%a7-218-die-bischoefe-wollen-nur-noch-zum-schein-beraten-aber-keine-scheine-mehr-ausstellen-freidenker-raten-keinen-schein-von-den-scheinheiligen","status":"publish","type":"post","link":"https:\/\/www.freidenker.org\/?p=638","title":{"rendered":"\u00a7 218: Keinen Schein von den Scheinheiligen!"},"content":{"rendered":"<h4>\u00a7 218: Die Bisch\u00f6fe wollen nur noch zum Schein beraten, aber keine Scheine mehr ausstellen.<\/h4>\n<h4>Freidenker raten: Keinen Schein von den Scheinheiligen<\/h4>\n<p>In Sorge gebeugt und mit einem Denken, das seinem Krummstab immer \u00e4hnlicher wird, hat sich der &#8222;Nachfolger Petri&#8220;(?) an seine deutschen &#8222;Br\u00fcder&#8220; gewandt. Zur Sorge hat Karol Wojtyla alias Papst Gr\u00fcnde genug. Am 12. Januar 1998 erst verlor er, der den Geschlechtsakt nur zum Zwecke der Fortpflanzung gelten lassen will, seinen Kammerherrn Enrico Sini Luzi \u2013 mit einem Kerzenst\u00e4nder erschlagen w\u00e4hrend Sado-Maso-Spielen. Aber mehr noch sorgt sich der heilige Vater um das ungeborene (und ungezeugte!) &#8222;Leben&#8220; \u2013 denn k\u00fcnstliche Geburtenkontrolle und Abtreibung seien &#8222;abscheuliche Verbrechen&#8220;, so &#8222;ER&#8220; zuletzt am 22. Januar 1998 in Santa Clara auf Cuba. Da\u00df den Papst nur edle Motive umtreiben, best\u00e4tigte er bei seiner R\u00fcckkehr nach Rom: Er \u00e4u\u00dferte die Hoffnung, da\u00df seine Cuba-Reise \u00e4hnlich wirken werde, wie seine &#8222;Pilgerreise&#8220; nach Polen 1979, die die &#8222;Wende&#8220; einleitete. (\u201aFrankfurter Rundschau\u2018, 29. 1. 1998)<\/p>\n<p>Welche Geister der alte Herr mit seinen wundersamen Botschaften ruft, hat am 29. Januar 1998 der Terror katholischer Fundamentalisten zum wiederholten Mal deutlich gemacht. In Birmingham (Alabama) starb beim Bombenanschlag auf eine Klinik f\u00fcr Schwangerschaftsabbr\u00fcche ein Polizist, eine Krankenschwester wurde schwer verletzt. 1997 wurden in den USA 6 Bomben- und 7 Brandanschl\u00e4ge auf Kliniken gez\u00e4hlt.<\/p>\n<p>Die deutschen Bisch\u00f6fe sind aufgrund der &#8222;dringlichen Bitte&#8220; ihres Vorbeters in die Knie gegangen, und haben eine eigene &#8222;Fristenregelung&#8220; beschlossen. Nach einer &#8222;\u00dcbergangsfrist&#8220; sollen katholische Beratungsstellen keine Beratungsscheine mehr ausstellen, die der Erzreaktion\u00e4rbischof Dyba schon immer als &#8222;T\u00f6tungslizenzen&#8220; diffamiert hat. Der gleiche Dyba, der als Reichsmilit\u00e4rbischof verk\u00fcndet, jeder, der die Bundeswehr angreife, bekomme es mit ihm zu tun. Und der sich zur Entsch\u00e4digung gern von der Flugbereitschaft der Bundesluftwaffe kostenlos n\u00e4her zum Herrn tragen l\u00e4\u00dft.<\/p>\n<p>Dabei gibt es eine einfache M\u00f6glichkeit, wie den Bisch\u00f6fen und nat\u00fcrlich besonders den Frauen geholfen werden k\u00f6nnte: Der Gesetzgeber m\u00fc\u00dfte einfach die Pflicht zur Zwangsberatung vor einem Abbruch wieder streichen, die die GegnerInnen des Selbstbestimmungsrechts der Frau in ihr neues &#8222;Abtreibungsrecht&#8220; hineingebastelt haben!<\/p>\n<p>Gelegenheit dazu besteht ohnehin, wenn nach dem Willen der Frau Claudia Nolte, IM des Vatikan in der Bundesregierung, demn\u00e4chst das &#8222;Abtreibungsrecht&#8220; wieder auf den Pr\u00fcfstand soll. Es k\u00e4me dann auf die Mehrheit &#8222;diesseits von Kohl&#8220; an, keine frauenfeindlichen Kompromisse mehr zu akzeptieren.<\/p>\n<p>Solange die aktuelle Gesetzeslage aber noch g\u00fcltig ist, erwarten wir von den Landesregierungen: keine Mark mehr f\u00fcr katholischen Beratungsstellen, die Frauen statt einer Hilfe zus\u00e4tzliche Probleme mittels Indoktrination mit der verquasten p\u00e4pstlichen Ideologie bereiten!<\/p>\n<p>Freidenkerinnen und Freidenker k\u00e4mpfen seit Beginn des Jahrhunderts gegen den kirchlichen Monopolanspruch in ethischen und moralischen Fragen \u2013 f\u00fcr das Selbstbestimmungsrecht der Frau !<\/p>\n<p>&nbsp;<\/p>\n<p><strong>Wir fordern:<\/strong><\/p>\n<ul>\n<li>Weg mit der Zwangsberatungspflicht!<\/li>\n<li>Fl\u00e4chendeckendes Angebot von religi\u00f6s\/weltanschaulich neutralen Familien- und Sexualberatungsstellen! Bereitstellung geeigneter pharmakologischer (wie RU 486) und anderer medizinischer Methoden f\u00fcr einen m\u00f6glichst schonenden Schwangerschaftsabbruch!<\/li>\n<li>Lebenskunde- statt konfessionellem Religionsunterricht!<\/li>\n<\/ul>\n<p>&nbsp;<\/p>\n<div align=\"center\">\n<p><strong>Und wir bleiben dabei:<\/strong><strong><span style=\"font-size: large;\">Ersatzlose Streichung des \u00a7 218!<\/span><\/strong><\/p>\n<p><strong><span style=\"font-size: large;\">Trennung von Staat und Kirche!<\/span><\/strong><\/p>\n<\/div>\n<p>&nbsp;<\/p>\n<p><strong>ViSdP: <\/strong>Deutscher Freidenker-Verband e.V. e.V. &#8211; Verbandsvorstand, Klaus Hartmann, Starkenburgring 4, 63069 Offenbach am Main, Tel\/Fax 069-835850<\/p>\n<hr \/>\n<p>Bild: https:\/\/pixabay.com\/de\/users\/WikimediaImages-1185597\/<\/p>\n","protected":false},"excerpt":{"rendered":"<p><strong>Beitrag von Klaus Hartmann<\/strong><br \/>\nIn Sorge gebeugt und mit einem Denken, das seinem Krummstab immer \u00e4hnlicher wird, hat sich der &#8222;Nachfolger Petri&#8220;(?) an seine deutschen &#8222;Br\u00fcder&#8220; gewandt. Zur Sorge hat Karol Wojtyla alias Papst Gr\u00fcnde genug. Am 12. Januar 1998 erst verlor er, der den Geschlechtsakt nur zum Zwecke der Fortpflanzung gelten lassen will, seinen Kammerherrn Enrico Sini Luzi \u2013 mit einem Kerzenst\u00e4nder erschlagen w\u00e4hrend Sado-Maso-Spielen. Aber mehr noch sorgt sich der heilige Vater um das ungeborene (und ungezeugte!) &#8222;Leben&#8220; \u2013 denn k\u00fcnstliche Geburtenkontrolle und Abtreibung seien &#8222;abscheuliche Verbrechen&#8220;, so &#8222;ER&#8220; zuletzt am 22. Januar 1998 in Santa Clara auf Cuba. Da\u00df den Papst nur edle Motive umtreiben, best\u00e4tigte er bei seiner R\u00fcckkehr nach Rom: Er \u00e4u\u00dferte die Hoffnung, da\u00df seine Cuba-Reise \u00e4hnlich wirken werde, wie seine &#8222;Pilgerreise&#8220; nach Polen 1979, die die &#8222;Wende&#8220; einleitete. <\/p>\n","protected":false},"author":2,"featured_media":639,"comment_status":"closed","ping_status":"closed","sticky":false,"template":"","format":"standard","meta":{"colormag_page_container_layout":"default_layout","colormag_page_sidebar_layout":"default_layout","advanced_seo_description":"","jetpack_seo_html_title":"","jetpack_seo_noindex":false,"jetpack_post_was_ever_published":false,"footnotes":""},"categories":[15],"tags":[31,294],"class_list":["post-638","post","type-post","status-publish","format-standard","has-post-thumbnail","hentry","category-religions-kirchenkritik","tag-trennung-von-staat-und-kirche","tag-294"],"jetpack_featured_media_url":"https:\/\/i0.wp.com\/www.freidenker.org\/fw17\/wp-content\/uploads\/2016\/08\/Bischof.jpg?fit=800%2C445&ssl=1","jetpack_shortlink":"https:\/\/wp.me\/p9stpK-ai","jetpack-related-posts":[{"id":14786,"url":"https:\/\/www.freidenker.org\/?p=14786","url_meta":{"origin":638,"position":0},"title":"Steinmeier sorgt sich um die Lage in China und der Ukraine","author":"Webredaktion","date":"3. Dezember 2022","format":false,"excerpt":"Beitrag von Wolfgang Bittner Den deutschen Bundespr\u00e4sidenten erf\u00fcllt \u201edie Lage in China mit tiefer Sorge\u201c und ebenfalls die Lage in der Ukraine \u2013 so Frank-Walter Steinmeier am 28. November in einem Interview mit der Deutschen Welle. Ob er sich um die Lage in Deutschland sorgt, ist unbekannt. Bekannt ist allerdings,\u2026","rel":"","context":"In &quot;Demokratie \u2013 Medien \u2013 Aufkl\u00e4rung&quot;","block_context":{"text":"Demokratie \u2013 Medien \u2013 Aufkl\u00e4rung","link":"https:\/\/www.freidenker.org\/?cat=12"},"img":{"alt_text":"","src":"https:\/\/i0.wp.com\/www.freidenker.org\/fw17\/wp-content\/uploads\/2022\/12\/Frank_Walter_Steinmeier-_-Kulturwerk_Wissen_800x450.jpg?fit=800%2C450&ssl=1&resize=350%2C200","width":350,"height":200,"srcset":"https:\/\/i0.wp.com\/www.freidenker.org\/fw17\/wp-content\/uploads\/2022\/12\/Frank_Walter_Steinmeier-_-Kulturwerk_Wissen_800x450.jpg?fit=800%2C450&ssl=1&resize=350%2C200 1x, https:\/\/i0.wp.com\/www.freidenker.org\/fw17\/wp-content\/uploads\/2022\/12\/Frank_Walter_Steinmeier-_-Kulturwerk_Wissen_800x450.jpg?fit=800%2C450&ssl=1&resize=525%2C300 1.5x, https:\/\/i0.wp.com\/www.freidenker.org\/fw17\/wp-content\/uploads\/2022\/12\/Frank_Walter_Steinmeier-_-Kulturwerk_Wissen_800x450.jpg?fit=800%2C450&ssl=1&resize=700%2C400 2x"},"classes":[]},{"id":19480,"url":"https:\/\/www.freidenker.org\/?p=19480","url_meta":{"origin":638,"position":1},"title":"Mehr Mehrwertsteuer auf Fleisch? \u00d6zdemir f\u00f6rdert die B\u00fcrokratie&#8230;","author":"Webredaktion","date":"10. Juli 2024","format":false,"excerpt":"Beitrag von Dagmar Henn Was sollte von einem Gr\u00fcnen auch anderes kommen als typisch gr\u00fcner Mist. Landwirtschaftsminister \u00d6zdemirs Vorschlag, man k\u00f6nne doch die Mehrwertsteuer f\u00fcr Fleischprodukte um zwei, drei Prozent erh\u00f6hen, ist ein typischer Fall. Diese Nummer ist derart schr\u00e4g, dass die einzig denkbare Erkl\u00e4rung daf\u00fcr ist, dass er ein\u2026","rel":"","context":"In &quot;Arbeit &amp; Soziales&quot;","block_context":{"text":"Arbeit &amp; Soziales","link":"https:\/\/www.freidenker.org\/?cat=11"},"img":{"alt_text":"","src":"https:\/\/i0.wp.com\/www.freidenker.org\/fw17\/wp-content\/uploads\/2024\/07\/meat-1411787_800x450.jpg?fit=800%2C450&ssl=1&resize=350%2C200","width":350,"height":200,"srcset":"https:\/\/i0.wp.com\/www.freidenker.org\/fw17\/wp-content\/uploads\/2024\/07\/meat-1411787_800x450.jpg?fit=800%2C450&ssl=1&resize=350%2C200 1x, https:\/\/i0.wp.com\/www.freidenker.org\/fw17\/wp-content\/uploads\/2024\/07\/meat-1411787_800x450.jpg?fit=800%2C450&ssl=1&resize=525%2C300 1.5x, https:\/\/i0.wp.com\/www.freidenker.org\/fw17\/wp-content\/uploads\/2024\/07\/meat-1411787_800x450.jpg?fit=800%2C450&ssl=1&resize=700%2C400 2x"},"classes":[]},{"id":20558,"url":"https:\/\/www.freidenker.org\/?p=20558","url_meta":{"origin":638,"position":2},"title":"Deutschlands &#8222;kriegst\u00fcchtige Zukunft&#8220; dank des unerm\u00fcdlichen Herrn Pistorius","author":"Webredaktion","date":"24. Dezember 2024","format":false,"excerpt":"Beitrag von Rainer Rupp Boris Pistorius will uns alle an eine angeblich permanente Kriegsgefahr gew\u00f6hnen, nicht nur in Europa, sondern weltweit. In einer Episode des TV-Stra\u00dfenfegers \"Berlin direkt\" hat der \"Liebling\" der Deutschen unl\u00e4ngst sein Volk wissen lassen, dass er von ihm \"dringend\" mehr Kriegsgeilheit erwartet. Nat\u00fcrlich hat er\u00a0das vornehmer\u2026","rel":"","context":"In &quot;Demokratie \u2013 Medien \u2013 Aufkl\u00e4rung&quot;","block_context":{"text":"Demokratie \u2013 Medien \u2013 Aufkl\u00e4rung","link":"https:\/\/www.freidenker.org\/?cat=12"},"img":{"alt_text":"","src":"https:\/\/i0.wp.com\/www.freidenker.org\/fw17\/wp-content\/uploads\/2024\/12\/Pistorius_240509-D-XI929-1009_800x450.jpg?fit=800%2C450&ssl=1&resize=350%2C200","width":350,"height":200,"srcset":"https:\/\/i0.wp.com\/www.freidenker.org\/fw17\/wp-content\/uploads\/2024\/12\/Pistorius_240509-D-XI929-1009_800x450.jpg?fit=800%2C450&ssl=1&resize=350%2C200 1x, https:\/\/i0.wp.com\/www.freidenker.org\/fw17\/wp-content\/uploads\/2024\/12\/Pistorius_240509-D-XI929-1009_800x450.jpg?fit=800%2C450&ssl=1&resize=525%2C300 1.5x, https:\/\/i0.wp.com\/www.freidenker.org\/fw17\/wp-content\/uploads\/2024\/12\/Pistorius_240509-D-XI929-1009_800x450.jpg?fit=800%2C450&ssl=1&resize=700%2C400 2x"},"classes":[]},{"id":9336,"url":"https:\/\/www.freidenker.org\/?p=9336","url_meta":{"origin":638,"position":3},"title":"Haarige Angelegenheit: Lockdown-Verl\u00e4ngerung","author":"Webredaktion","date":"21. Januar 2021","format":false,"excerpt":"Beitrag von Klaus Hartmann Das Thema ist ernsthafter als die Darstellung, mit der es behandelt wird: Brechen die Politiker, die uns mit \u201eCorona-Regeln\u201c begl\u00fccken, etwa ihre eigenen Vorschriften? Der Lockdown: Wer nicht englisch kann, fragte sich, als das Wort im letzten Jahr Karriere machte: Hat das was mit einer Locke\u2026","rel":"","context":"In &quot;Arbeit &amp; Soziales&quot;","block_context":{"text":"Arbeit &amp; Soziales","link":"https:\/\/www.freidenker.org\/?cat=11"},"img":{"alt_text":"","src":"https:\/\/i0.wp.com\/www.freidenker.org\/fw17\/wp-content\/uploads\/2021\/01\/rapunzel_v2_800x450.jpg?fit=800%2C450&ssl=1&resize=350%2C200","width":350,"height":200,"srcset":"https:\/\/i0.wp.com\/www.freidenker.org\/fw17\/wp-content\/uploads\/2021\/01\/rapunzel_v2_800x450.jpg?fit=800%2C450&ssl=1&resize=350%2C200 1x, https:\/\/i0.wp.com\/www.freidenker.org\/fw17\/wp-content\/uploads\/2021\/01\/rapunzel_v2_800x450.jpg?fit=800%2C450&ssl=1&resize=525%2C300 1.5x, https:\/\/i0.wp.com\/www.freidenker.org\/fw17\/wp-content\/uploads\/2021\/01\/rapunzel_v2_800x450.jpg?fit=800%2C450&ssl=1&resize=700%2C400 2x"},"classes":[]},{"id":14673,"url":"https:\/\/www.freidenker.org\/?p=14673","url_meta":{"origin":638,"position":4},"title":"Der Kanzler mit dem kurzen Ged\u00e4chtnis: Olaf Scholz in Vietnam","author":"Webredaktion","date":"15. November 2022","format":false,"excerpt":"Beitrag von Dagmar Henn Olaf Scholz h\u00e4tte es besser wissen m\u00fcssen. Aber vermutlich hatte er gehofft, wenn ihn die Chinesen schon nicht lieben, dann wenigstens die Vietnamesen, schon allein, weil deren Verh\u00e4ltnis untereinander nicht ganz frei von Komplikationen ist. Jedenfalls hat er, Pressemeldungen zufolge, in Vietnam erkl\u00e4rt, er w\u00fcnsche sich\u2026","rel":"","context":"In &quot;Demokratie \u2013 Medien \u2013 Aufkl\u00e4rung&quot;","block_context":{"text":"Demokratie \u2013 Medien \u2013 Aufkl\u00e4rung","link":"https:\/\/www.freidenker.org\/?cat=12"},"img":{"alt_text":"","src":"https:\/\/i0.wp.com\/www.freidenker.org\/fw17\/wp-content\/uploads\/2022\/11\/Ho_Chi_Minh_Mausoleum_7360943118_800x450.jpg?fit=800%2C450&ssl=1&resize=350%2C200","width":350,"height":200,"srcset":"https:\/\/i0.wp.com\/www.freidenker.org\/fw17\/wp-content\/uploads\/2022\/11\/Ho_Chi_Minh_Mausoleum_7360943118_800x450.jpg?fit=800%2C450&ssl=1&resize=350%2C200 1x, https:\/\/i0.wp.com\/www.freidenker.org\/fw17\/wp-content\/uploads\/2022\/11\/Ho_Chi_Minh_Mausoleum_7360943118_800x450.jpg?fit=800%2C450&ssl=1&resize=525%2C300 1.5x, https:\/\/i0.wp.com\/www.freidenker.org\/fw17\/wp-content\/uploads\/2022\/11\/Ho_Chi_Minh_Mausoleum_7360943118_800x450.jpg?fit=800%2C450&ssl=1&resize=700%2C400 2x"},"classes":[]},{"id":11320,"url":"https:\/\/www.freidenker.org\/?p=11320","url_meta":{"origin":638,"position":5},"title":"Das politische Verm\u00e4chtnis von Slobodan Milo\u0161evi\u0107 weitertragen","author":"Webredaktion","date":"3. Oktober 2021","format":false,"excerpt":"Rede von Peter Betscher auf der internationalen Online Konferenz \"MILOSEVIC - GEGEN NATO-VERBRECHEN, F\u00dcR EINE NEUE WELT\" am 1. Oktober 2021 Hierzulande waren viele von der Illusion befangen, dass wegen seiner faschistischen Vergangenheit Deutschland sich an keinen Kriegen mehr beteiligen k\u00f6nne, obwohl die Zeichen schon l\u00e4ngst an der Wand standen.\u2026","rel":"","context":"In &quot;Frieden - Antifaschismus - Solidarit\u00e4t&quot;","block_context":{"text":"Frieden - Antifaschismus - Solidarit\u00e4t","link":"https:\/\/www.freidenker.org\/?cat=13"},"img":{"alt_text":"","src":"https:\/\/i0.wp.com\/www.freidenker.org\/fw17\/wp-content\/uploads\/2021\/10\/Milosevic-Konferenz_Betscher_800x450.jpg?fit=800%2C450&ssl=1&resize=350%2C200","width":350,"height":200,"srcset":"https:\/\/i0.wp.com\/www.freidenker.org\/fw17\/wp-content\/uploads\/2021\/10\/Milosevic-Konferenz_Betscher_800x450.jpg?fit=800%2C450&ssl=1&resize=350%2C200 1x, https:\/\/i0.wp.com\/www.freidenker.org\/fw17\/wp-content\/uploads\/2021\/10\/Milosevic-Konferenz_Betscher_800x450.jpg?fit=800%2C450&ssl=1&resize=525%2C300 1.5x, https:\/\/i0.wp.com\/www.freidenker.org\/fw17\/wp-content\/uploads\/2021\/10\/Milosevic-Konferenz_Betscher_800x450.jpg?fit=800%2C450&ssl=1&resize=700%2C400 2x"},"classes":[]}],"_links":{"self":[{"href":"https:\/\/www.freidenker.org\/index.php?rest_route=\/wp\/v2\/posts\/638","targetHints":{"allow":["GET"]}}],"collection":[{"href":"https:\/\/www.freidenker.org\/index.php?rest_route=\/wp\/v2\/posts"}],"about":[{"href":"https:\/\/www.freidenker.org\/index.php?rest_route=\/wp\/v2\/types\/post"}],"author":[{"embeddable":true,"href":"https:\/\/www.freidenker.org\/index.php?rest_route=\/wp\/v2\/users\/2"}],"replies":[{"embeddable":true,"href":"https:\/\/www.freidenker.org\/index.php?rest_route=%2Fwp%2Fv2%2Fcomments&post=638"}],"version-history":[{"count":0,"href":"https:\/\/www.freidenker.org\/index.php?rest_route=\/wp\/v2\/posts\/638\/revisions"}],"wp:featuredmedia":[{"embeddable":true,"href":"https:\/\/www.freidenker.org\/index.php?rest_route=\/wp\/v2\/media\/639"}],"wp:attachment":[{"href":"https:\/\/www.freidenker.org\/index.php?rest_route=%2Fwp%2Fv2%2Fmedia&parent=638"}],"wp:term":[{"taxonomy":"category","embeddable":true,"href":"https:\/\/www.freidenker.org\/index.php?rest_route=%2Fwp%2Fv2%2Fcategories&post=638"},{"taxonomy":"post_tag","embeddable":true,"href":"https:\/\/www.freidenker.org\/index.php?rest_route=%2Fwp%2Fv2%2Ftags&post=638"}],"curies":[{"name":"wp","href":"https:\/\/api.w.org\/{rel}","templated":true}]}}