{"id":6352,"date":"2019-05-11T13:31:19","date_gmt":"2019-05-11T11:31:19","guid":{"rendered":"https:\/\/www.freidenker.org\/?p=6352"},"modified":"2019-05-28T23:23:03","modified_gmt":"2019-05-28T21:23:03","slug":"wortmeldung-aus-thueringen-zur-abloesung-der-staatsleistungen","status":"publish","type":"post","link":"https:\/\/www.freidenker.org\/?p=6352","title":{"rendered":"Wortmeldung aus Th\u00fcringen zur Abl\u00f6sung der Staatsleistungen"},"content":{"rendered":"<p><em>Drei s\u00e4kulare Organisationen aus Th\u00fcringen, darunter der Deutsche Freidenkerverband Landesverband Th\u00fcringen, haben eine gemeinsame Erkl\u00e4rung (&#8222;Wortmeldung&#8220;) verfasst, worin dem Th\u00fcringischen Ministerpr\u00e4sidenten Bodo Ramelow die Unterst\u00fctzung zugesagt wird, \u00fcber den seit 100 Jahren f\u00e4lligen Verfassungsauftrag zur Abl\u00f6sung von Staatsleistungen an die Kirchen \u00f6ffentlich nachzudenken.<\/em><\/p>\n<h4><strong>Wortmeldung <\/strong><\/h4>\n<p>Der Deutsche Freidenkerverband Landesverband Th\u00fcringen e.V., die GBS Mittelth\u00fcringen und der Humanistische Verband Deutschlands Landesverband Th\u00fcringen e.V., im Weiteren die Unterzeichner genannt, begr\u00fc\u00dfen die von MP Bodo Ramelow in seinem <a href=\"https:\/\/www.bodo-ramelow.de\/nc\/tagebuch\/article\/2019\/03\/14\/aus-drei-mach-eins-oder-warum-die-strategie-mit-namen-vogel-strauss-niemandem-weiterhilft\/\" target=\"_blank\" rel=\"noopener noreferrer\"><strong>Tagebucheintrag vom 14.03.2019<\/strong><\/a> dargestellte Auffassung, \u00fcber den seit 100 Jahren f\u00e4lligen Verfassungsauftrag zur Abl\u00f6sung von Kirchenleistungen \u00f6ffentlich nachzudenken.<\/p>\n<p>Der MP hat dabei Atheisten und Laizisten und an anderer Stelle den Humanistischen Verband erw\u00e4hnt. Bekannterma\u00dfen stellen religionsfreie Menschen in Th\u00fcringen mehr als zwei Drittel der Bev\u00f6lkerung und subventionieren ungefragt und p\u00fcnktlich mit ihren Steuern seit dem Abschluss der Kirchenstaatsvertr\u00e4ge in den neunziger Jahren durch den damaligen MP Bernhard Vogel ihre christlichen Mitb\u00fcrger.<\/p>\n<p>Unser gemeinsamer Standpunkt:<\/p>\n<ul>\n<li>bei den sogenannten Kirchensteuern handelt es sich um die Mitgliedsbeitr\u00e4ge unserer christlichen Mitb\u00fcrger. Diese Mitgliedsbeitr\u00e4ge sollten letztendlich von den Weltanschauungsgemeinschaften und den Religionsgemeinschaften, wie auch von allen sonstigen Vereinen im Freistaat selbst eingezogen werden.<br \/>\nDen Unterzeichnenden ist bekannt, dass dazu im Bund und den L\u00e4ndern die Gesetzgebung modernisiert werden muss.<\/li>\n<li>Der dritte Weg beschreibt die Sonderrechte kirchlicher Unternehmen wie Caritas und Diakonie, ihre Angestellten au\u00dferhalb der Regelungen des Betriebsverfassungsgesetzes unter Ausschluss gewerkschaftlich organisierter Betriebsr\u00e4te zu besch\u00e4ftigen und zu entlohnen. Die Unterzeichner unterst\u00fctzen die Gewerkschaften hinsichtlich der Forderungen nach Abschaffung der Sonderregelungen und die Einf\u00fchrung der Regelungen des Betriebsverfassungsgesetzes auch f\u00fcr die in kirchlichen Unternehmen Besch\u00e4ftigten bzw. von denen &#8222;outgesourcte&#8220; Werkt\u00e4tige.<\/li>\n<li>Kultur ist in unserem f\u00f6derativ verfassten Staat bekannterma\u00dfen L\u00e4ndersache. Zur Kultur geh\u00f6ren Weltanschauungsgemeinschaften und Religionen gleicherma\u00dfen.<br \/>\nDie Unterzeichner setzen sich nat\u00fcrlich f\u00fcr die Erhaltung und Pflege unserer kulturellen Traditionen in Th\u00fcringen ein.<\/li>\n<li>F\u00fcr das gegenw\u00e4rtige Th\u00fcringen sind allerdings Abl\u00f6sezahlungen an Kirchen wegen der S\u00e4kularisierungen gem\u00e4\u00df dem Reichsdeputationshauptschluss von 1803 oder Lasten, die auf die Reformation von vor 500 Jahren zur\u00fcckgef\u00fchrt werden, schlichtweg abwegig und sollten von den betroffenen kirchlichen Organen und Einrichtungen freiwillig aufgegeben werden.<\/li>\n<li>Der Freistaat und seine B\u00fcrger, die nichtreligi\u00f6sen Mitb\u00fcrger eingeschlossen, werden das kulturelle Erbe bewahren und dazu geh\u00f6rt unbestritten die freie Religionsaus\u00fcbung mit ihren vielf\u00e4ltigen Facetten.<\/li>\n<li>MP Bodo Ramelow hat klargestellt, dass es ihm um einen sachlichen und nach vorn gerichteten Grundkonsens im Freistaat unter demokratischer und transparenter Mitwirkung der B\u00fcrger und ihrer Organisationen geht.<\/li>\n<li>Dazu stehen wir zur Verf\u00fcgung.<\/li>\n<\/ul>\n<p>F\u00fcr den Deutschen Freidenkerverband Landesverband Th\u00fcringen e.V.<br \/>\ngez. Sandra Peschke<br \/>\nEisenach, den<\/p>\n<p>F\u00fcr die Giordano Bruno Stiftung Mittelth\u00fcringen<br \/>\ngez. Vivo Bock<br \/>\nJena, den 15.04.2019<\/p>\n<p>F\u00fcr den Humanistischen Verband Deutschlands Landesverband Th\u00fcringen e.V.<br \/>\ngez. Frank Ro\u00dfner<br \/>\nJena, 15.04.2019<\/p>\n<hr \/>\n<p>Link zu dem Blogbeitrag von Bodo Ramelow: <a href=\"https:\/\/www.bodo-ramelow.de\/nc\/tagebuch\/article\/2019\/03\/14\/aus-drei-mach-eins-oder-warum-die-strategie-mit-namen-vogel-strauss-niemandem-weiterhilft\/\" target=\"_blank\" rel=\"noopener noreferrer\">https:\/\/www.bodo-ramelow.de\/nc\/tagebuch\/article\/2019\/03\/14\/aus-drei-mach-eins-oder-warum-die-strategie-mit-namen-vogel-strauss-niemandem-weiterhilft\/<\/a><\/p>\n<p><img data-recalc-dims=\"1\" loading=\"lazy\" decoding=\"async\" data-attachment-id=\"1076\" data-permalink=\"https:\/\/www.freidenker.org\/?attachment_id=1076\" data-orig-file=\"https:\/\/i0.wp.com\/www.freidenker.org\/fw17\/wp-content\/uploads\/2017\/10\/pdf_icon-2.png?fit=32%2C32&amp;ssl=1\" data-orig-size=\"32,32\" data-comments-opened=\"0\" data-image-meta=\"{&quot;aperture&quot;:&quot;0&quot;,&quot;credit&quot;:&quot;&quot;,&quot;camera&quot;:&quot;&quot;,&quot;caption&quot;:&quot;&quot;,&quot;created_timestamp&quot;:&quot;0&quot;,&quot;copyright&quot;:&quot;&quot;,&quot;focal_length&quot;:&quot;0&quot;,&quot;iso&quot;:&quot;0&quot;,&quot;shutter_speed&quot;:&quot;0&quot;,&quot;title&quot;:&quot;&quot;,&quot;orientation&quot;:&quot;0&quot;}\" data-image-title=\"pdf_icon\" data-image-description=\"\" data-image-caption=\"\" data-large-file=\"https:\/\/i0.wp.com\/www.freidenker.org\/fw17\/wp-content\/uploads\/2017\/10\/pdf_icon-2.png?fit=32%2C32&amp;ssl=1\" class=\"alignnone size-full wp-image-1076\" src=\"https:\/\/i0.wp.com\/www.freidenker.org\/fw17\/wp-content\/uploads\/2017\/10\/pdf_icon-2.png?resize=32%2C32&#038;ssl=1\" alt=\"\" width=\"32\" height=\"32\" \/> Die <a href=\"https:\/\/www.freidenker.org\/fw17\/wp-content\/uploads\/2019\/05\/Wortmeldung-FD-Th-GBS-MT-HVD-Th.pdf\" target=\"_blank\" rel=\"noopener noreferrer\">Wortmeldung als PDF-Dokument<\/a> (ca. 710 KB &#8211; gescanntes Dokument)<\/p>\n<hr \/>\n<p><span style=\"font-size: 10pt;\">Bild: Erfurter Dom<\/span><br \/>\n<span style=\"font-size: 10pt;\">Foto: <a href=\"https:\/\/pixabay.com\/de\/users\/klausdie-1197817\/\" target=\"_blank\" rel=\"noopener noreferrer\">klausdie<\/a>, Quelle: <a href=\"https:\/\/pixabay.com\/de\/illustrations\/th%C3%BCringen-erfurt-dom-historisch-892741\/\" target=\"_blank\" rel=\"noopener noreferrer\">pixabay.com<\/a><\/span><\/p>\n","protected":false},"excerpt":{"rendered":"<p>Der Deutsche Freidenkerverband Landesverband Th\u00fcringen e.V., die GBS Mittelth\u00fcringen und der Humanistische Verband Deutschlands Landesverband Th\u00fcringen e.V., begr\u00fc\u00dfen die von MP Bodo Ramelow in seinem Tagebucheintrag vom 14.03.2019 dargestellte Auffassung, \u00fcber den seit 100 Jahren f\u00e4lligen Verfassungsauftrag zur Abl\u00f6sung von Kirchenleistungen \u00f6ffentlich nachzudenken. &#8230;<br \/>\nF\u00fcr das gegenw\u00e4rtige Th\u00fcringen sind Abl\u00f6sezahlungen an Kirchen wegen der S\u00e4kularisierungen gem\u00e4\u00df dem Reichsdeputationshauptschluss von 1803 oder Lasten, die auf die Reformation von vor 500 Jahren zur\u00fcckgef\u00fchrt werden, schlichtweg abwegig und sollten von den betroffenen kirchlichen Organen und Einrichtungen freiwillig aufgegeben werden. <\/p>\n","protected":false},"author":3,"featured_media":6355,"comment_status":"closed","ping_status":"closed","sticky":false,"template":"","format":"standard","meta":{"colormag_page_container_layout":"default_layout","colormag_page_sidebar_layout":"default_layout","advanced_seo_description":"","jetpack_seo_html_title":"","jetpack_seo_noindex":false,"jetpack_post_was_ever_published":false,"footnotes":""},"categories":[15],"tags":[1123,1122,1051,569],"class_list":["post-6352","post","type-post","status-publish","format-standard","has-post-thumbnail","hentry","category-religions-kirchenkritik","tag-kirchenfinanzierung","tag-staatsleistungen","tag-thueringen","tag-verfassungsrecht"],"jetpack_featured_media_url":"https:\/\/i0.wp.com\/www.freidenker.org\/fw17\/wp-content\/uploads\/2019\/05\/dom_erfurt_800x445.jpg?fit=800%2C445&ssl=1","jetpack_shortlink":"https:\/\/wp.me\/p9stpK-1Es","jetpack-related-posts":[{"id":10234,"url":"https:\/\/www.freidenker.org\/?p=10234","url_meta":{"origin":6352,"position":0},"title":"Altrechtliche Staatsleistungen: KORSO begr\u00fc\u00dft Ablehnung der vorliegenden Gesetzentw\u00fcrfe","author":"Webredaktion","date":"8. Mai 2021","format":false,"excerpt":"Wortmeldung des Koordinierungsrates s\u00e4kularer Organisationen KORSO e.V. Am 6. Mai 2021 hat der Deutsche Bundestag zwei Gesetzentw\u00fcrfe der Oppositionsparteien zur Abl\u00f6sung der altrechtlichen Staatsleistungen an die Kirchen mit breiter Mehrheit abgelehnt. Der KORSO begr\u00fc\u00dft diese Entscheidung und fordert nun eine breite gesellschaftliche Debatte dar\u00fcber, ob die damit verbundenen Zahlungen an\u2026","rel":"","context":"In &quot;Religions- &amp; Kirchenkritik, S\u00e4kulare Szene&quot;","block_context":{"text":"Religions- &amp; Kirchenkritik, S\u00e4kulare Szene","link":"https:\/\/www.freidenker.org\/?cat=15"},"img":{"alt_text":"","src":"https:\/\/i0.wp.com\/www.freidenker.org\/fw17\/wp-content\/uploads\/2021\/05\/korso-post_600px_2021-05-07_01-staatsleistungen_800x450.jpg?fit=800%2C450&ssl=1&resize=350%2C200","width":350,"height":200,"srcset":"https:\/\/i0.wp.com\/www.freidenker.org\/fw17\/wp-content\/uploads\/2021\/05\/korso-post_600px_2021-05-07_01-staatsleistungen_800x450.jpg?fit=800%2C450&ssl=1&resize=350%2C200 1x, https:\/\/i0.wp.com\/www.freidenker.org\/fw17\/wp-content\/uploads\/2021\/05\/korso-post_600px_2021-05-07_01-staatsleistungen_800x450.jpg?fit=800%2C450&ssl=1&resize=525%2C300 1.5x, https:\/\/i0.wp.com\/www.freidenker.org\/fw17\/wp-content\/uploads\/2021\/05\/korso-post_600px_2021-05-07_01-staatsleistungen_800x450.jpg?fit=800%2C450&ssl=1&resize=700%2C400 2x"},"classes":[]},{"id":9623,"url":"https:\/\/www.freidenker.org\/?p=9623","url_meta":{"origin":6352,"position":1},"title":"S\u00e4kulare Verst\u00e4ndigung zur Forderung nach Abl\u00f6sung der altrechtlichen Staatsleistungen","author":"Webredaktion","date":"24. Februar 2021","format":false,"excerpt":"Wortmeldung des Koordinierungsrates s\u00e4kularer Organisationen KORSO e.V. Am vergangenen Freitag, 19. Februar, fanden sich auf Einladung des KORSO 16 Vertreterinnen und Vertreter unterschiedlicher Organisationen aus dem s\u00e4kularen Spektrum per Videokonferenz zu einem Expertengespr\u00e4ch zusammen. Thema waren die so genannten \u201ealtrechtlichen Staatsleistungen\u201c.... Die Expertenrunde diskutierte einen Nachmittag lang die wichtigsten Aspekte\u2026","rel":"","context":"In &quot;Religions- &amp; Kirchenkritik, S\u00e4kulare Szene&quot;","block_context":{"text":"Religions- &amp; Kirchenkritik, S\u00e4kulare Szene","link":"https:\/\/www.freidenker.org\/?cat=15"},"img":{"alt_text":"","src":"https:\/\/i0.wp.com\/www.freidenker.org\/fw17\/wp-content\/uploads\/2021\/02\/korso-post_2021-02-22_02-staatsleistungen_800x450.jpg?fit=800%2C450&ssl=1&resize=350%2C200","width":350,"height":200,"srcset":"https:\/\/i0.wp.com\/www.freidenker.org\/fw17\/wp-content\/uploads\/2021\/02\/korso-post_2021-02-22_02-staatsleistungen_800x450.jpg?fit=800%2C450&ssl=1&resize=350%2C200 1x, https:\/\/i0.wp.com\/www.freidenker.org\/fw17\/wp-content\/uploads\/2021\/02\/korso-post_2021-02-22_02-staatsleistungen_800x450.jpg?fit=800%2C450&ssl=1&resize=525%2C300 1.5x, https:\/\/i0.wp.com\/www.freidenker.org\/fw17\/wp-content\/uploads\/2021\/02\/korso-post_2021-02-22_02-staatsleistungen_800x450.jpg?fit=800%2C450&ssl=1&resize=700%2C400 2x"},"classes":[]},{"id":8369,"url":"https:\/\/www.freidenker.org\/?p=8369","url_meta":{"origin":6352,"position":2},"title":"Ende der Staatsleistungen &#8211; Gesetzentwurf springt viel zu kurz","author":"Webredaktion","date":"14. M\u00e4rz 2020","format":false,"excerpt":"Am 13. M\u00e4rz 2020 wurde in Berlin ein gemeinsamer Entwurf f\u00fcr ein Grunds\u00e4tzegesetz zur Abl\u00f6sung der Staatsleistungen durch die kirchenpolitischen Sprecher von FDP, DIE LINKE und B\u00fcndnis 90\/Die Gr\u00fcnen vorgestellt. Der Gesetzentwurf sieht die Abschaffung der an die Kirchen gezahlten Staatsleistungen gegen eine Abl\u00f6sesumme von gut zehn Milliarden Euro vor.\u2026","rel":"","context":"In &quot;Religions- &amp; Kirchenkritik, S\u00e4kulare Szene&quot;","block_context":{"text":"Religions- &amp; Kirchenkritik, S\u00e4kulare Szene","link":"https:\/\/www.freidenker.org\/?cat=15"},"img":{"alt_text":"","src":"https:\/\/i0.wp.com\/www.freidenker.org\/fw17\/wp-content\/uploads\/2020\/07\/bibel_671107_original_R_by_Esther-Stosch_pixelio.de_800x450.jpg?fit=800%2C450&ssl=1&resize=350%2C200","width":350,"height":200,"srcset":"https:\/\/i0.wp.com\/www.freidenker.org\/fw17\/wp-content\/uploads\/2020\/07\/bibel_671107_original_R_by_Esther-Stosch_pixelio.de_800x450.jpg?fit=800%2C450&ssl=1&resize=350%2C200 1x, https:\/\/i0.wp.com\/www.freidenker.org\/fw17\/wp-content\/uploads\/2020\/07\/bibel_671107_original_R_by_Esther-Stosch_pixelio.de_800x450.jpg?fit=800%2C450&ssl=1&resize=525%2C300 1.5x, https:\/\/i0.wp.com\/www.freidenker.org\/fw17\/wp-content\/uploads\/2020\/07\/bibel_671107_original_R_by_Esther-Stosch_pixelio.de_800x450.jpg?fit=800%2C450&ssl=1&resize=700%2C400 2x"},"classes":[]},{"id":6984,"url":"https:\/\/www.freidenker.org\/?p=6984","url_meta":{"origin":6352,"position":3},"title":"BAStA-Pressemitteilung: 100\u00a0 Jahre Weimarer Verfassung &#8211; 100 Jahre Abl\u00f6sungsgebot","author":"Webredaktion","date":"11. August 2019","format":false,"excerpt":"100 Jahre Weimarer Verfassung \u2013 das hei\u00dft bisher auch 100 Jahre Nichtstun der Regierungen beim Verfassungsgebot der Abl\u00f6sung der Staatsleistungen an die Kirchen. Das B\u00fcndnis altrechtliche Staatsleistungen abschaffen (BAStA) will Bewegung in die Sache bringen und hat Parteien, Bundes- und Landtagsabgeordnete, Fraktionen, Regierungen, Landesrechnungsh\u00f6fe und Kirchen mit der Aufforderung angeschrieben,\u2026","rel":"","context":"In &quot;Religions- &amp; Kirchenkritik, S\u00e4kulare Szene&quot;","block_context":{"text":"Religions- &amp; Kirchenkritik, S\u00e4kulare Szene","link":"https:\/\/www.freidenker.org\/?cat=15"},"img":{"alt_text":"","src":"https:\/\/i0.wp.com\/www.freidenker.org\/fw17\/wp-content\/uploads\/2019\/09\/Haus-Weimarer_Republik_MG_9141_800x445.jpg?fit=800%2C445&ssl=1&resize=350%2C200","width":350,"height":200,"srcset":"https:\/\/i0.wp.com\/www.freidenker.org\/fw17\/wp-content\/uploads\/2019\/09\/Haus-Weimarer_Republik_MG_9141_800x445.jpg?fit=800%2C445&ssl=1&resize=350%2C200 1x, https:\/\/i0.wp.com\/www.freidenker.org\/fw17\/wp-content\/uploads\/2019\/09\/Haus-Weimarer_Republik_MG_9141_800x445.jpg?fit=800%2C445&ssl=1&resize=525%2C300 1.5x, https:\/\/i0.wp.com\/www.freidenker.org\/fw17\/wp-content\/uploads\/2019\/09\/Haus-Weimarer_Republik_MG_9141_800x445.jpg?fit=800%2C445&ssl=1&resize=700%2C400 2x"},"classes":[]},{"id":15876,"url":"https:\/\/www.freidenker.org\/?p=15876","url_meta":{"origin":6352,"position":4},"title":"Gedenkveranstaltung anl\u00e4sslich der Selbstbefreiung des KZ Buchenwald","author":"Webredaktion","date":"26. April 2023","format":false,"excerpt":"Beitrag der Webredaktion Zu der offizielle Gedenkfeier am 16.04.2023 anl\u00e4sslich der Selbstbefreiung des Konzentrationslagers Buchenwald und Dora (in der DDR Mahn- und Gedenkst\u00e4tte, jetzt nur noch Gedenkst\u00e4tte) war das Russische Generalkonsulat in Leipzig das zweite Jahr in Folge nicht eingeladen worden. Der Landesverband Th\u00fcringen wandte sich an das Generalkonsulat der\u2026","rel":"","context":"In &quot;Frieden - Antifaschismus - Solidarit\u00e4t&quot;","block_context":{"text":"Frieden - Antifaschismus - Solidarit\u00e4t","link":"https:\/\/www.freidenker.org\/?cat=13"},"img":{"alt_text":"","src":"https:\/\/i0.wp.com\/www.freidenker.org\/fw17\/wp-content\/uploads\/2023\/04\/Buchenwald_2023_800x450.jpg?fit=800%2C450&ssl=1&resize=350%2C200","width":350,"height":200,"srcset":"https:\/\/i0.wp.com\/www.freidenker.org\/fw17\/wp-content\/uploads\/2023\/04\/Buchenwald_2023_800x450.jpg?fit=800%2C450&ssl=1&resize=350%2C200 1x, https:\/\/i0.wp.com\/www.freidenker.org\/fw17\/wp-content\/uploads\/2023\/04\/Buchenwald_2023_800x450.jpg?fit=800%2C450&ssl=1&resize=525%2C300 1.5x, https:\/\/i0.wp.com\/www.freidenker.org\/fw17\/wp-content\/uploads\/2023\/04\/Buchenwald_2023_800x450.jpg?fit=800%2C450&ssl=1&resize=700%2C400 2x"},"classes":[]},{"id":6210,"url":"https:\/\/www.freidenker.org\/?p=6210","url_meta":{"origin":6352,"position":5},"title":"BAStA &#8211; B\u00fcndnis Altrechtliche Staatsleistungen abschaffen","author":"Webredaktion","date":"14. April 2019","format":false,"excerpt":"Im Dezember 2018 hat sich das \"B\u00fcndnis Altrechtliche Staatsleistungen abschaffen\" gegr\u00fcndet.Der Verbandsvorstand des Deutschen Freidenker-Verbandes hat auf seiner Sitzung am 06.\/07.04.2019 beschlossen, dem B\u00fcndnis beizutreten. Der Beitrag enth\u00e4lt die B\u00fcndniserkl\u00e4rung \"Nach 100 Jahren:Staatsleistungen an die Kirchen beenden \u2013 jetzt!\", eine Auflistung der B\u00fcndnispartner, eine Information zur Veranstaltung \"100 Jahre Staatsleistungen\u2026","rel":"","context":"In &quot;Religions- &amp; Kirchenkritik, S\u00e4kulare Szene&quot;","block_context":{"text":"Religions- &amp; Kirchenkritik, S\u00e4kulare Szene","link":"https:\/\/www.freidenker.org\/?cat=15"},"img":{"alt_text":"","src":"https:\/\/i0.wp.com\/www.freidenker.org\/fw17\/wp-content\/uploads\/2019\/04\/basta_logo_800x445.jpg?fit=800%2C445&ssl=1&resize=350%2C200","width":350,"height":200,"srcset":"https:\/\/i0.wp.com\/www.freidenker.org\/fw17\/wp-content\/uploads\/2019\/04\/basta_logo_800x445.jpg?fit=800%2C445&ssl=1&resize=350%2C200 1x, https:\/\/i0.wp.com\/www.freidenker.org\/fw17\/wp-content\/uploads\/2019\/04\/basta_logo_800x445.jpg?fit=800%2C445&ssl=1&resize=525%2C300 1.5x, https:\/\/i0.wp.com\/www.freidenker.org\/fw17\/wp-content\/uploads\/2019\/04\/basta_logo_800x445.jpg?fit=800%2C445&ssl=1&resize=700%2C400 2x"},"classes":[]}],"_links":{"self":[{"href":"https:\/\/www.freidenker.org\/index.php?rest_route=\/wp\/v2\/posts\/6352","targetHints":{"allow":["GET"]}}],"collection":[{"href":"https:\/\/www.freidenker.org\/index.php?rest_route=\/wp\/v2\/posts"}],"about":[{"href":"https:\/\/www.freidenker.org\/index.php?rest_route=\/wp\/v2\/types\/post"}],"author":[{"embeddable":true,"href":"https:\/\/www.freidenker.org\/index.php?rest_route=\/wp\/v2\/users\/3"}],"replies":[{"embeddable":true,"href":"https:\/\/www.freidenker.org\/index.php?rest_route=%2Fwp%2Fv2%2Fcomments&post=6352"}],"version-history":[{"count":0,"href":"https:\/\/www.freidenker.org\/index.php?rest_route=\/wp\/v2\/posts\/6352\/revisions"}],"wp:featuredmedia":[{"embeddable":true,"href":"https:\/\/www.freidenker.org\/index.php?rest_route=\/wp\/v2\/media\/6355"}],"wp:attachment":[{"href":"https:\/\/www.freidenker.org\/index.php?rest_route=%2Fwp%2Fv2%2Fmedia&parent=6352"}],"wp:term":[{"taxonomy":"category","embeddable":true,"href":"https:\/\/www.freidenker.org\/index.php?rest_route=%2Fwp%2Fv2%2Fcategories&post=6352"},{"taxonomy":"post_tag","embeddable":true,"href":"https:\/\/www.freidenker.org\/index.php?rest_route=%2Fwp%2Fv2%2Ftags&post=6352"}],"curies":[{"name":"wp","href":"https:\/\/api.w.org\/{rel}","templated":true}]}}