{"id":6340,"date":"2019-05-06T18:01:20","date_gmt":"2019-05-06T16:01:20","guid":{"rendered":"https:\/\/www.freidenker.org\/?p=6340"},"modified":"2019-05-28T23:52:51","modified_gmt":"2019-05-28T21:52:51","slug":"11-05-2019-volkslied-kunstlied-kampflied-hymne-hanns-eisler-und-die-liedtradition","status":"publish","type":"post","link":"https:\/\/www.freidenker.org\/?p=6340","title":{"rendered":"11.05.2019 &#8211; Volkslied, Kunstlied, Kampflied, Hymne \u2013 Hanns Eisler und die Liedtradition"},"content":{"rendered":"<p align=\"left\">Samstag, <b>11. Mai 2019<\/b>,<br \/>\n<b>20:00 Uhr<\/b> \u2013 Autorenlesung<br \/>\nSaal des Kulturzentrums Reichenstra\u00dfe,<br \/>\nReichenstra\u00dfe 1.<br \/>\n06484 Quedlinburg<\/p>\n<p align=\"justify\">Kurz nach der Gr\u00fcndung der Deutschen Demokratischen Republik erschienen die \u201eNeuen Deutschen Volkslieder\u201c von Johannes R. Becher und Hanns Eisler. Zugleich wurde beiden K\u00fcnstler eine der h\u00f6chsten nationalen W\u00fcrdigungen zuteil, die Dichter und Komponisten erreichen k\u00f6nnen: Sie schufen die <a href=\"https:\/\/www.youtube.com\/watch?v=DTV92wqYjfA\" target=\"_blank\" rel=\"noopener noreferrer\">Hymne<\/a> des sozialistischen deutschen Staates \u2013 \u201eAuferstanden aus Ruinen\u2026\u201c Das umfangreiche Liedschaffen Hanns Eislers, dessen 100. Geburtstag wir im letzten Jahr feierten, ist durch viele innere F\u00e4den sowohl mit dem Kunstlied seiner Zeit als auch mit der reichen deutschen Liedtradition verbunden \u2013 bis hin zum kabarettistischen Chanson. Aus all diesen Einfl\u00fcssen schmiedete er au\u00dferdem eine neue musikalische Sprache: die des Kampfliedes der internationalen Arbeiterbewegung. Die Lieder Eislers und die Texte seiner bevorzugten Dichter spiegeln dabei ein halbes Jahrhundert insbesondere der deutschen Geschichte, als eingreifende Waffe der Erkenntnis und des Widerstands in epischen Klassenk\u00e4mpfen.<\/p>\n<p align=\"justify\">Klaus Linder m\u00f6chte, sich selbst am Klavier begleitend, den Reichtum des politischen Liedes vorstellen und dabei einige Besonderheiten des Eislerschen Schaffens h\u00f6rbar machen und erl\u00e4utern. Klaus Linder, geboren 1961 bei D\u00fcsseldorf, lebt als freischaffender Komponist und Musiker in Berlin.<\/p>\n<p align=\"justify\">Veranstalter Deutscher Freidenker-Verband Quedlinburg und Rosa-Luxemburg-Club Harz<\/p>\n<p align=\"justify\">Information und Anmeldung \u00fcber Thomas Loch, Tel.: 0171 \/ 19 96 214<\/p>\n<p align=\"justify\">Eintritt: 5,00 \u20ac und um eine Spende zur F\u00f6rderung von Literatur in Quedlinburg wird gebeten!<\/p>\n<p align=\"justify\">Im Rahmen des <a href=\"http:\/\/www.xn--bcherfrhling-dlbg.de\/index.php\/mai-2019-ii\/11-05-volkslied-kunstlied-kampflied-hymne-hanns-eisler-und-die-liedtradition\" target=\"_blank\" rel=\"noopener noreferrer\">Quedlinburger B\u00fccherfr\u00fchlings<\/a><\/p>\n<hr \/>\n<p align=\"justify\"><span style=\"font-size: 10pt;\">Foto: Hanns Eisler, 1940<\/span><br \/>\n<span style=\"font-size: 10pt;\">Gemeinfrei, Quelle: https:\/\/commons.wikimedia.org\/w\/index.php?curid=59435815<\/span><\/p>\n","protected":false},"excerpt":{"rendered":"<p><b>Samstag, 11. Mai 2019,20:00 Uhr \u2013 Autorenlesung &#8211; Saal des Kulturzentrums Reichenstra\u00dfe, Reichenstra\u00dfe 1.06484 Quedlinburg<\/b> &#8211; Kurz nach der Gr\u00fcndung der Deutschen Demokratischen Republik erschienen die \u201eNeuen Deutschen Volkslieder\u201c von Johannes R. Becher und Hanns Eisler. Zugleich wurde beiden K\u00fcnstler eine der h\u00f6chsten nationalen W\u00fcrdigungen zuteil, die Dichter und Komponisten erreichen k\u00f6nnen: Sie schufen die Hymne des sozialistischen deutschen Staates \u2013 \u201eAuferstanden aus Ruinen \u2026\u201c<\/p>\n","protected":false},"author":3,"featured_media":6347,"comment_status":"closed","ping_status":"closed","sticky":false,"template":"","format":"standard","meta":{"colormag_page_container_layout":"default_layout","colormag_page_sidebar_layout":"default_layout","advanced_seo_description":"","jetpack_seo_html_title":"","jetpack_seo_noindex":false,"jetpack_post_was_ever_published":false,"footnotes":""},"categories":[19],"tags":[454,1147,668,1025,930],"class_list":["post-6340","post","type-post","status-publish","format-standard","has-post-thumbnail","hentry","category-veranstaltungen-in-den-dfv-landesverbaenden","tag-ddr","tag-hanns-eisler","tag-kultur","tag-lv-sachsen-anhalt","tag-quedlinburg"],"jetpack_featured_media_url":"https:\/\/i0.wp.com\/www.freidenker.org\/fw17\/wp-content\/uploads\/2019\/05\/Eisler1940_QBf_800x445.jpg?fit=799%2C447&ssl=1","jetpack_shortlink":"https:\/\/wp.me\/p9stpK-1Eg","jetpack-related-posts":[{"id":13740,"url":"https:\/\/www.freidenker.org\/?p=13740","url_meta":{"origin":6340,"position":0},"title":"Veranstaltung: Hanns Eisler &#8211; vielleicht sein Bestes &#8211; die Lieder","author":"Webredaktion","date":"9. Juli 2022","format":false,"excerpt":"Hanns Eisler - Veranstaltung anl\u00e4sslich seines 60. Todestages am 6. September 2022 vielleicht sein Bestes \u2013 die Lieder. Gina Pietsch singt sie, Fabio Costa am Klavier. Samstag, 1.Oktober 2022 19:00 Uhr - Saalbau Gutleut, Gro\u00dfer Saal, Frankfurt\/Main Montag, 3.Oktober 2022 19:00 Uhr - Knabenschule, Gro\u00dfer Saal, Darmstadt Hanns Eisler, einer\u2026","rel":"","context":"In &quot;Kultur &amp; Kunst&quot;","block_context":{"text":"Kultur &amp; Kunst","link":"https:\/\/www.freidenker.org\/?cat=913"},"img":{"alt_text":"","src":"https:\/\/i0.wp.com\/www.freidenker.org\/fw17\/wp-content\/uploads\/2022\/07\/Eisler1940_b_800x450.jpg?fit=800%2C450&ssl=1&resize=350%2C200","width":350,"height":200,"srcset":"https:\/\/i0.wp.com\/www.freidenker.org\/fw17\/wp-content\/uploads\/2022\/07\/Eisler1940_b_800x450.jpg?fit=800%2C450&ssl=1&resize=350%2C200 1x, https:\/\/i0.wp.com\/www.freidenker.org\/fw17\/wp-content\/uploads\/2022\/07\/Eisler1940_b_800x450.jpg?fit=800%2C450&ssl=1&resize=525%2C300 1.5x, https:\/\/i0.wp.com\/www.freidenker.org\/fw17\/wp-content\/uploads\/2022\/07\/Eisler1940_b_800x450.jpg?fit=800%2C450&ssl=1&resize=700%2C400 2x"},"classes":[]},{"id":9537,"url":"https:\/\/www.freidenker.org\/?p=9537","url_meta":{"origin":6340,"position":1},"title":"Geburtstagsst\u00e4ndchen f\u00fcr Bertolt Brecht","author":"Webredaktion","date":"10. Februar 2021","format":false,"excerpt":"Zum Geburtstag von Bertolt Brecht am 10. Februar singt Diether Dehm seine Neuinterpretation des Einheitsfrontliedes (Text Bertolt Brecht, Musik Hanns Eisler), arrangiert vor einer Ger\u00e4uschkulisse der Arbeitswelt von fr\u00fcher und heute.","rel":"","context":"In &quot;Kultur &amp; Kunst&quot;","block_context":{"text":"Kultur &amp; Kunst","link":"https:\/\/www.freidenker.org\/?cat=913"},"img":{"alt_text":"","src":"https:\/\/i0.wp.com\/www.freidenker.org\/fw17\/wp-content\/uploads\/2021\/02\/dehm_dsc_3271_800x450.jpg?fit=800%2C450&ssl=1&resize=350%2C200","width":350,"height":200,"srcset":"https:\/\/i0.wp.com\/www.freidenker.org\/fw17\/wp-content\/uploads\/2021\/02\/dehm_dsc_3271_800x450.jpg?fit=800%2C450&ssl=1&resize=350%2C200 1x, https:\/\/i0.wp.com\/www.freidenker.org\/fw17\/wp-content\/uploads\/2021\/02\/dehm_dsc_3271_800x450.jpg?fit=800%2C450&ssl=1&resize=525%2C300 1.5x, https:\/\/i0.wp.com\/www.freidenker.org\/fw17\/wp-content\/uploads\/2021\/02\/dehm_dsc_3271_800x450.jpg?fit=800%2C450&ssl=1&resize=700%2C400 2x"},"classes":[]},{"id":6946,"url":"https:\/\/www.freidenker.org\/?p=6946","url_meta":{"origin":6340,"position":2},"title":"Konzert: Ich schreibe, um zu leben","author":"Webredaktion","date":"12. September 2019","format":false,"excerpt":"Doppelkonzert am 25.09.2019 in Darmstadt Im ersten Teil des Konzertes tr\u00e4gt Johanna Arndt Briefe aus Gef\u00e4ngnissen von Rosa Luxemburg, Ernst Th\u00e4lmann, Dietrich Bonhoeffer und Mumia Abu Jamal vor und singt dazwischen Lieder von Hanns Eisler mit Texten von Bert Brecht und ein Lied von Mordechaj Gebirtig begleitet von Anna von\u2026","rel":"","context":"In &quot;Kultur &amp; Kunst&quot;","block_context":{"text":"Kultur &amp; Kunst","link":"https:\/\/www.freidenker.org\/?cat=913"},"img":{"alt_text":"","src":"https:\/\/i0.wp.com\/www.freidenker.org\/fw17\/wp-content\/uploads\/2019\/09\/johanna-Nicolas2.jpg?fit=800%2C445&ssl=1&resize=350%2C200","width":350,"height":200,"srcset":"https:\/\/i0.wp.com\/www.freidenker.org\/fw17\/wp-content\/uploads\/2019\/09\/johanna-Nicolas2.jpg?fit=800%2C445&ssl=1&resize=350%2C200 1x, https:\/\/i0.wp.com\/www.freidenker.org\/fw17\/wp-content\/uploads\/2019\/09\/johanna-Nicolas2.jpg?fit=800%2C445&ssl=1&resize=525%2C300 1.5x, https:\/\/i0.wp.com\/www.freidenker.org\/fw17\/wp-content\/uploads\/2019\/09\/johanna-Nicolas2.jpg?fit=800%2C445&ssl=1&resize=700%2C400 2x"},"classes":[]},{"id":20112,"url":"https:\/\/www.freidenker.org\/?p=20112","url_meta":{"origin":6340,"position":3},"title":"&#8230;nicht mehr auffindbar nach dem dritten.","author":"Webredaktion","date":"18. Oktober 2024","format":false,"excerpt":"Gina Pietsch: ein Abend gegen Kriege Samstag, 30. November 2024, 19.00 Uhr, Saalbau Gutleut, Frankfurt am Main Die Warnungen gro\u00dfer Dichter vor Kriegen, Bellizisten und Kriegs\u00adgewinnlern sind brennend aktuell. Gina Pietsch, am Piano begleitet von Bardo Henning, tr\u00e4gt Anti-Kriegs-Lieder und -Texte vor: von George Brassens, Bertold Brecht, Franz Josef Degenhardt,\u2026","rel":"","context":"In &quot;Veranstaltungen in den DFV-Landesverb\u00e4nden&quot;","block_context":{"text":"Veranstaltungen in den DFV-Landesverb\u00e4nden","link":"https:\/\/www.freidenker.org\/?cat=19"},"img":{"alt_text":"","src":"https:\/\/i0.wp.com\/www.freidenker.org\/fw17\/wp-content\/uploads\/2024\/10\/pietsch_henning_kiesler_800x450.jpg?fit=800%2C450&ssl=1&resize=350%2C200","width":350,"height":200,"srcset":"https:\/\/i0.wp.com\/www.freidenker.org\/fw17\/wp-content\/uploads\/2024\/10\/pietsch_henning_kiesler_800x450.jpg?fit=800%2C450&ssl=1&resize=350%2C200 1x, https:\/\/i0.wp.com\/www.freidenker.org\/fw17\/wp-content\/uploads\/2024\/10\/pietsch_henning_kiesler_800x450.jpg?fit=800%2C450&ssl=1&resize=525%2C300 1.5x, https:\/\/i0.wp.com\/www.freidenker.org\/fw17\/wp-content\/uploads\/2024\/10\/pietsch_henning_kiesler_800x450.jpg?fit=800%2C450&ssl=1&resize=700%2C400 2x"},"classes":[]},{"id":12971,"url":"https:\/\/www.freidenker.org\/?p=12971","url_meta":{"origin":6340,"position":4},"title":"H\u00e4user sollen nicht brennen,\u00a0Bomber sollt man\u00a0nicht kennen","author":"Webredaktion","date":"1. Mai 2022","format":false,"excerpt":"Texte und Lieder gegen den Krieg mit Johanna Arndt, Anna von Rhoden und Nicol\u00e1s Miquea Samstag, 28.05.2022, Beginn: 19:30 Uhr Bessunger Knabenschule, Ludwigh\u00f6hstr. 42, Darmstadt Eintritt: 12 \u20ac, erm\u00e4\u00dfigt 8,- \u20ac Die Lieder und Texte des ersten Teils des Konzertes von Bertolt Brecht, Hanns Eisler, Mordechaj Gebirtig, Friedrich Holl\u00e4nder, Ludv\u00edk\u2026","rel":"","context":"In &quot;Kultur &amp; Kunst&quot;","block_context":{"text":"Kultur &amp; Kunst","link":"https:\/\/www.freidenker.org\/?cat=913"},"img":{"alt_text":"","src":"https:\/\/i0.wp.com\/www.freidenker.org\/fw17\/wp-content\/uploads\/2022\/05\/arndt_2022-05-28.jpg?fit=800%2C450&ssl=1&resize=350%2C200","width":350,"height":200,"srcset":"https:\/\/i0.wp.com\/www.freidenker.org\/fw17\/wp-content\/uploads\/2022\/05\/arndt_2022-05-28.jpg?fit=800%2C450&ssl=1&resize=350%2C200 1x, https:\/\/i0.wp.com\/www.freidenker.org\/fw17\/wp-content\/uploads\/2022\/05\/arndt_2022-05-28.jpg?fit=800%2C450&ssl=1&resize=525%2C300 1.5x, https:\/\/i0.wp.com\/www.freidenker.org\/fw17\/wp-content\/uploads\/2022\/05\/arndt_2022-05-28.jpg?fit=800%2C450&ssl=1&resize=700%2C400 2x"},"classes":[]},{"id":7199,"url":"https:\/\/www.freidenker.org\/?p=7199","url_meta":{"origin":6340,"position":5},"title":"Nach 1989 begann ein existentieller Konkurrenzkampf","author":"Webredaktion","date":"12. November 2019","format":false,"excerpt":"Am 25. September 2019 fand der gemeinsame Auftritt von Johanna Arndt, Anna von Rohden und Nicolas Miquea in Darmstadt in der Bessunger Knabenschule statt \u2013 veranstaltet vom Deutschen Freidenker-Verband, vom Bundesverband Arbeiterfotografie, von der DKP und der LINKEN. Das Motto des Abends lautete: \"Ich schreibe, um zu leben - Gef\u00e4ngnisbriefe,\u2026","rel":"","context":"In &quot;Kultur &amp; Kunst&quot;","block_context":{"text":"Kultur &amp; Kunst","link":"https:\/\/www.freidenker.org\/?cat=913"},"img":{"alt_text":"","src":"https:\/\/i0.wp.com\/www.freidenker.org\/fw17\/wp-content\/uploads\/2019\/11\/johanna_arndt_scr3_800x445.jpg?fit=800%2C445&ssl=1&resize=350%2C200","width":350,"height":200,"srcset":"https:\/\/i0.wp.com\/www.freidenker.org\/fw17\/wp-content\/uploads\/2019\/11\/johanna_arndt_scr3_800x445.jpg?fit=800%2C445&ssl=1&resize=350%2C200 1x, https:\/\/i0.wp.com\/www.freidenker.org\/fw17\/wp-content\/uploads\/2019\/11\/johanna_arndt_scr3_800x445.jpg?fit=800%2C445&ssl=1&resize=525%2C300 1.5x, https:\/\/i0.wp.com\/www.freidenker.org\/fw17\/wp-content\/uploads\/2019\/11\/johanna_arndt_scr3_800x445.jpg?fit=800%2C445&ssl=1&resize=700%2C400 2x"},"classes":[]}],"_links":{"self":[{"href":"https:\/\/www.freidenker.org\/index.php?rest_route=\/wp\/v2\/posts\/6340","targetHints":{"allow":["GET"]}}],"collection":[{"href":"https:\/\/www.freidenker.org\/index.php?rest_route=\/wp\/v2\/posts"}],"about":[{"href":"https:\/\/www.freidenker.org\/index.php?rest_route=\/wp\/v2\/types\/post"}],"author":[{"embeddable":true,"href":"https:\/\/www.freidenker.org\/index.php?rest_route=\/wp\/v2\/users\/3"}],"replies":[{"embeddable":true,"href":"https:\/\/www.freidenker.org\/index.php?rest_route=%2Fwp%2Fv2%2Fcomments&post=6340"}],"version-history":[{"count":0,"href":"https:\/\/www.freidenker.org\/index.php?rest_route=\/wp\/v2\/posts\/6340\/revisions"}],"wp:featuredmedia":[{"embeddable":true,"href":"https:\/\/www.freidenker.org\/index.php?rest_route=\/wp\/v2\/media\/6347"}],"wp:attachment":[{"href":"https:\/\/www.freidenker.org\/index.php?rest_route=%2Fwp%2Fv2%2Fmedia&parent=6340"}],"wp:term":[{"taxonomy":"category","embeddable":true,"href":"https:\/\/www.freidenker.org\/index.php?rest_route=%2Fwp%2Fv2%2Fcategories&post=6340"},{"taxonomy":"post_tag","embeddable":true,"href":"https:\/\/www.freidenker.org\/index.php?rest_route=%2Fwp%2Fv2%2Ftags&post=6340"}],"curies":[{"name":"wp","href":"https:\/\/api.w.org\/{rel}","templated":true}]}}