{"id":6323,"date":"2019-05-08T02:18:42","date_gmt":"2019-05-08T00:18:42","guid":{"rendered":"https:\/\/www.freidenker.org\/?p=6323"},"modified":"2019-05-28T23:22:38","modified_gmt":"2019-05-28T21:22:38","slug":"russland-im-visier-nato-krieg-1999-gegen-jugoslawien-nur-tueroeffner","status":"publish","type":"post","link":"https:\/\/www.freidenker.org\/?p=6323","title":{"rendered":"Russland im Visier: Nato-Krieg 1999 gegen Jugoslawien nur \u201eT\u00fcr\u00f6ffner\u201c"},"content":{"rendered":"<div class=\"b-article__lead\">\n<p><em>von <strong>Tilo Gr\u00e4ser<\/strong><\/em><\/p>\n<p>Erstver\u00f6ffentlichung am 04.05.2019 auf <a href=\"https:\/\/de.sputniknews.com\/politik\/20190504324870998-russland-ziel-jugoslawienkrieg\/\" target=\"_blank\" rel=\"noopener noreferrer\">sputniknews.com<\/a><\/p>\n<p>&nbsp;<\/p>\n<p><strong>Mit dem Krieg gegen das damalige Jugoslawien vom 24. M\u00e4rz bis 10. Juni 1999 hat sich die Nato zum Aggressionsb\u00fcndnis gewandelt. Daran erinnert Klaus Hartmann, Bundesvorsitzender des Deutschen Freidenkerverbandes. Im <a href=\"https:\/\/www.freidenker.org\/?p=6028\">Verbandsmagazin<\/a> beschreibt er neben anderen Autoren Ursachen und Ziele des Krieges ebenso wie die Folgen.<\/strong><\/p>\n<\/div>\n<div class=\"b-article__text\">\n<p>\u201eDie Aggression gegen Jugoslawien war ein Wendepunkt f\u00fcr die Globalisierung der Intervention!\u201c Das erkl\u00e4rte der ehemalige jugoslawische Au\u00dfenminister \u017divadin Jovanovi\u0107 in einem Interview im Jahr 2014. Gegen\u00fcber dem in Jugoslawien geborenen deutschen Journalisten Marko Jo\u0161ilo erkl\u00e4rte er weiter: \u201eDas Hauptziel: Sibirien! Der erkl\u00e4rte Plan ist es, hier das gr\u00f6\u00dfte Reservoir an Bodensch\u00e4tzen der Erde einzunehmen.\u201c<\/p>\n<p>Das \u201ereale, geopolitische Ziel\u201c der Nato sei Russland. Dem diene die Ostererweiterung des westlichen Milit\u00e4rb\u00fcndnisses, so Jovanovi\u0107 vor f\u00fcnf Jahren weiter. \u201eDies erkl\u00e4rt auch den Krieg in Georgien 2008 und den ukrainischen Maidan 2014.\u201c<\/p>\n<p>Jovanovi\u0107 war von 1998 bis 2000 jugoslawischer Au\u00dfenminister und erlebte in dieser Position den Nato-Krieg von 1999 gegen sein Land. Er ist heute Pr\u00e4sident des <a href=\"http:\/\/www.beoforum.rs\/\" target=\"_blank\" rel=\"noopener noreferrer\">Belgrader Forums f\u00fcr eine Welt der Gleichen<\/a>, einer unabh\u00e4ngigen Organisation, die sich f\u00fcr Frieden, Kooperation und Gleichheit der Nationen einsetzt.<\/p>\n<p><strong>V\u00f6lkerrechtswidrige Aggression der Nato<\/strong><\/p>\n<p>An die Zitate des Ex-Au\u00dfenministers erinnert Klaus Hartmann in der <a href=\"https:\/\/www.freidenker.org\/?p=6028\" target=\"_blank\" rel=\"noopener noreferrer\">aktuellen Ausgabe<\/a> des <strong>viertelj\u00e4hrlichen Magazins \u201eFREIDENKER\u201c<\/strong>, das dem Thema \u201e20 Jahre Nato-Aggression gegen Jugoslawien\u201c gewidmet ist. Das Magazin wird vom <a href=\"https:\/\/www.freidenker.org\/\" target=\"_blank\" rel=\"noopener noreferrer\">Deutschen Freidenker-Verband<\/a> herausgegeben, dessen Bundesvorsitzender Hartmann ist.<\/p>\n<p>Es habe sich bei dem Nato-Krieg im Fr\u00fchjahr 1999 gegen das damals noch existierende Jugoslawien um einen \u201eT\u00fcr\u00f6ffner-Krieg\u201c gehandelt, so der Verbandsvorsitzende. In seinem Beitrag erinnert er an die Vorgeschichte ebenso wie an die L\u00fcgen bundesdeutscher Politiker wie Gerhard Schr\u00f6der, Josef Fischer und Rudolf Scharping, um den ersten deutschen Kriegseinsatz nach 1945 zu rechtfertigen. Offiziell wollte die Nato mit dem Krieg eine politische L\u00f6sung des Kosovo-Konfliktes erzwingen.\u201eDer Angriffskrieg gegen Jugoslawien war der erste Krieg in Europa nach 1945, eine Z\u00e4sur der Nachkriegsgeschichte\u201c, so Hartmann. \u201eJugoslawien hatte kein anderes Land angegriffen. Es war der erste von der Nato entfesselte offene Krieg, ihm ging keine Kriegserkl\u00e4rung voraus. Die milit\u00e4rische Gewaltanwendung der Nato erfolgte ohne UN-Mandat und stellte demzufolge eine v\u00f6lkerrechtswidrige Aggression dar.\u201c<\/p>\n<p><strong>Deutsche Vorreiterrolle<\/strong><\/p>\n<p>Aus Sicht des Freidenker-Verbandsvorsitzenden handelte es sich zudem um \u201eden Schlussstein einer rund zehnj\u00e4hrigen Operation, das Land in St\u00fccke zu schlagen. Bei dieser Zerst\u00f6rung eines UN- und OSZE-Gr\u00fcndungsmitgliedes spielte Deutschland eine Vorreiterrolle \u2013 und konnte sich dabei auf eine lange, besch\u00e4mende Tradition st\u00fctzen.\u201c<\/p>\n<p>Hartmann belegt das mit Zitaten und historischen Fakten. Ebenso geht er auf die Entwicklung Jugoslawiens ein, samt seinen wirtschaftlichen Problemen. Bei der angeblichen Hilfe von Weltbank und Internationalem W\u00e4hrungsfonds (IWF) ging es um mehr: \u201eDie Auspl\u00fcnderung des Landes auf Grundlage der von Weltbank und Weltw\u00e4hrungsfonds verordneten \u201aReformen\u2018 zielte auf Destabilisierung und Aufl\u00f6sung des Bundesstaates.\u201c<\/p>\n<p>Der Verbandschef erinnert auch daran, dass die Bundesrepublik im wahrsten Wortsinn Munition f\u00fcr die jugoslawischen Teilungskriege ab 1991 lieferte: \u201eAngeblich \u201aabger\u00fcstete\u2018 Panzer des Typs T-55 sowie Kampfflugzeuge Mig-21 aus Best\u00e4nden der aufgel\u00f6sten Nationalen Volksarmee der DDR wurden an die Separatisten geliefert, und kamen \u2013 umgespritzt \u2013 zum Einsatz, nat\u00fcrlich gegen \u201aunseren Erbfeind\u2018 Serbien.\u201c<\/p>\n<p><strong>UCK-Terroristen als Helfer des Westens<\/strong><\/p>\n<p>Hartmann beschreibt, wie der Kosovo-Konflikt seit 1998 durch die Terrororganisation UCK mit westlicher Hilfe zugespitzt wurde, bis hin zum angeblichen Massaker von Ra\u010dak Anfang 1999. Er zitiert dabei den Ex-DDR-Botschafter in Belgrad, Ralph Hartmann, ebenso wie Willy Wimmer, damals Vizepr\u00e4sident der Parlamentarischen Versammlung der OSZE. Beide haben mehrfach auf die L\u00fcgen \u00fcber das angebliche Massaker und die Rolle des US-Diplomaten William Walker als OSZE-Missionschef hingewiesen.<\/p>\n<p>Bevor das Massaker von Ra\u010dak bekannt wurde, hat laut Hartmann die damalige US-Au\u00dfenministerin Madeleine Albright am 15. Januar 1999 gegen\u00fcber Vertrauten ein \u201eSchl\u00fcsselereignis\u201c angek\u00fcndigt, das die US-Politik \u00e4ndern w\u00fcrde. Einen Tag sp\u00e4ter wurde das angebliche Massaker gemeldet, \u201ein Szene gesetzt von Albrights n\u00fctzlichen UCK-Idioten\u201c.<\/p>\n<p>Der Autor beschreibt weiterhin, wie im franz\u00f6sischen Rambouillet Belgrad ein unerf\u00fcllbares Ultimatum gestellt wurde, wenn es die angek\u00fcndigten Nato-Angriffe noch verhindern wollte. Doch das sollte ihm gar nicht m\u00f6glich sein, wie der Beitrag belegt. Selbst Henry Kissinger habe das angebliche Abkommen von Rambouillet als \u201eProvokation\u201c bezeichnet.<\/p>\n<p><strong>Ungehorsamer Milo\u0161evi\u010d<\/strong><\/p>\n<p>Hartmann stellt im Verbandsmagazin klar: \u201eDie Nato-Aggression war auch ein Musterbeispiel daf\u00fcr, wie die Bev\u00f6lkerung in einen Krieg hineingelogen wird.\u201c Ebenso erinnert er an die \u201ewahren Kriegsgr\u00fcnde\u201c, \u00fcber die bis heute in Politik und Medien des Westens geschwiegen werde. Der Westen habe versucht, nachdem er jahrelang Belgrads Abgrenzung von Moskau unterst\u00fctzte, das verschuldete Land mit Hilfe von Weltbank und IWF unter Kontrolle zu bringen.<\/p>\n<div class=\"b-inject m-inject-min\"><\/div>\n<p>Der serbische und sp\u00e4ter jugoslawische Pr\u00e4sident Slobodan Milo\u0161evi\u010d habe sich der neoliberalen Rosskur widersetzt. Damit sei er zum \u201eUngehorsamen\u201c und Hassobjekt des Westens geworden. Das f\u00fchrte bis hin zu der \u00c4u\u00dferung des damaligen US-Senators Joseph Biden im Jahr 2000, die Hartmann zitiert: \u201e&#8230;wenn wir Milosevic zu Klump schlagen\u201c habe das \u201eheilsame Auswirkungen auf die Extremen in (anderen) L\u00e4ndern\u201c. Es handelt sich um den Politiker der US-Demokraten, der Vizepr\u00e4sident unter Barack Obama war und nun gern Donald Trump im Wei\u00dfen Haus abl\u00f6sen m\u00f6chte.Milo\u0161evi\u010d wurde 2001 vor das v\u00f6lkerrechtswidrige Sondertribunal in Den Haag gezerrt. Dort starb er, herzkrank, 2006 aufgrund von \u201eFalschmedikation und unterlassener Hilfeleistung\u201c, wie Hartmann schreibt. Damit sei seinen Ankl\u00e4gern eine \u201edrohende Niederlage\u201c erspart worden.<\/p>\n<p><strong>Tats\u00e4chliches Kriegsziel Russland<\/strong><\/p>\n<p>Die Nato habe die These vom \u201eT\u00fcr\u00f6ffner-Krieg\u201c noch w\u00e4hrend der Angriffe vor 20 Jahren best\u00e4tigt, so der Autor. Sie habe am 24. April 199 in Washington das neue <a href=\"http:\/\/www.internationaldemocracywatch.org\/index.php\/north-atlantic-treaty-organization-declarations\/344-nato-strategic-concept-1999\" target=\"_blank\" rel=\"noopener noreferrer\">\u201eStrategische Konzept\u201c<\/a> beschlossen. Das sei die Grundlage gewesen, um das angebliche westliche Verteidigungsb\u00fcndnis endg\u00fcltig in ein \u201einternational agierendes Aggressionsb\u00fcndnis\u201c umzuwandeln.<\/p>\n<p>Der Freidenker-Vorsitzende schreibt: \u201eDas Ziel des Krieges gegen Jugoslawien, die Einkreisung Russlands und Chinas, wurde von der Russischen F\u00f6deration 1999 noch nicht erkannt.\u201c Der von ihm zitierte Ex-Au\u00dfenminister Jovanovi\u0107 meinte dazu vor f\u00fcnf Jahren, dass Moskau damals Washington als einzigen Partner und nicht als Gegner sah.<\/p>\n<p>Mit der Bombardierung Jugoslawiens sei der neue \u201eDrang nach Osten\u201c begonnen worden, wie er einst die deutschen Faschisten unter Adolf Hitler angetrieben h\u00e4tte, so Jovanovi\u0107. Dem diene auch das gr\u00f6\u00dfte US-Milit\u00e4rlager in Europa, \u201eCamp Bondsteel\u201c, das nach dem Nato-Krieg im Kosovo eingerichtet wurde und bis heute existiert. \u201eJetzt befinden sich in Europa mehr US-Milit\u00e4rst\u00fctzpunkte als auf dem H\u00f6hepunkt des Kalten Krieges.\u201c<\/p>\n<p><strong>Kriege nach gleichem Muster<\/strong><\/p>\n<p>Auf der \u201eRosa-Luxemburg-Konferenz\u201c 2014 der Tageszeitung \u201ejunge Welt\u201c hatte der ehemalige jugoslawische Au\u00dfenminister <a href=\"https:\/\/www.jungewelt.de\/beilage\/art\/265281\" target=\"_blank\" rel=\"noopener noreferrer\">erkl\u00e4rt<\/a>, \u201edass dieser Krieg von 1999 eine Vorlage f\u00fcr weitere und f\u00fcr zuk\u00fcnftige Kriege der Nato war, f\u00fcr Kriege gegen all jene, die den Ordnungsbestrebungen des Imperiums nicht folgen wollen\u201c.<\/p>\n<p>Er beschrieb vor f\u00fcnf Jahren das begleitende Muster der westlichen Politik: \u201eD\u00e4monisierung der zuk\u00fcnftigen Opfer durch die Medien, die Anschuldigung, dass sie die Menschenrechte verletzen, destabilisierende Oppositionskr\u00e4fte, inszenierte Angriffe auf Zivilisten und anderes. Am Ende stehen die Berufung auf sogenannte Schutzrechte und der Beginn von milit\u00e4rischen Operationen. Das wiederholt sich. In der Phase zwei gibt es in den meisten F\u00e4llen sogenannte freie und faire demokratische Wahlen, mit deren Hilfe Marionettenregierungen installiert werden, wirtschaftliche Werte werden an multinationale Unternehmen transferiert.\u201c<\/p>\n<p>Zu den Folgen f\u00fcr die betroffenen L\u00e4nder geh\u00f6rten \u201eChaos, ethnische und religi\u00f6se Konflikte, Tausende oder sogar Millionen Fl\u00fcchtlinge wie im Irak oder in Syrien, Arbeitslosigkeit und Zerfall von Staaten\u201c. So erfahre das antike Prinzip \u201eTeile und herrsche\u201c im 21. Jahrhundert eine Renaissance.<\/p>\n<p class=\"marker-quote1\">Jovanovi\u0107 weiter: <em>\u201eEin Beispiel daf\u00fcr ist auch die Besetzung des Kosovo, die immer noch anh\u00e4lt, obwohl 2008 die formelle Unabh\u00e4ngigkeit erkl\u00e4rt wurde. Hier war ein weiteres Ziel, \u00d6l- und Gaspipelines zu sichern, n\u00e4her an die Grenzen Russlands zu kommen und den Zugang zum Nahen Osten offen zu halten.\u201c<\/em><\/p>\n<p>An den Zielen und Interessen der westlichen Politik habe sich bis heute nichts ge\u00e4ndert, habe sich gezeigt. Es gehe darum, aus der Geschichte zu lernen, hei\u00dft es im Vorwort des aktuellen \u201eFreidenker\u201c-Heftes. Und: Der Appetit der westlichen Kriegstreiber, allen voran der USA, sei noch nicht gestillt: \u201eOstw\u00e4rts, gegen Russland, gegen China, lautet der Marschbefehl.\u201cDas Heft soll an die Opfer des Nato-Krieges von 1999 erinnern. Weitere Beitr\u00e4ge darin zum Thema stammen unter anderem von Rainer Rupp, Bertolt Brecht und Diana Johnstone.<\/p>\n<p>&nbsp;<\/p>\n<p>Link zur Originalver\u00f6ffentlichung: <a href=\"https:\/\/de.sputniknews.com\/politik\/20190504324870998-russland-ziel-jugoslawienkrieg\/\" target=\"_blank\" rel=\"noopener noreferrer\">https:\/\/de.sputniknews.com\/politik\/20190504324870998-russland-ziel-jugoslawienkrieg\/<\/a><\/p>\n<hr \/>\n<p>Bildcollage: rlx<\/p>\n<p>&nbsp;<\/p>\n<\/div>\n","protected":false},"excerpt":{"rendered":"<p>Beitrag von <b>Tilo Gr\u00e4ser<\/b>, \u00fcbernommen von sputniknews.com<br \/>\n\u201eDie Aggression gegen Jugoslawien war ein Wendepunkt f\u00fcr die Globalisierung der Intervention!\u201c Das erkl\u00e4rte der ehemalige jugoslawische Au\u00dfenminister \u017divadin Jovanovi\u0107 in einem Interview im Jahr 2014. &#8230; An die Zitate des Ex-Au\u00dfenministers erinnert Klaus Hartmann in der aktuellen Ausgabe des viertelj\u00e4hrlichen Magazins \u201eFreidenker\u201c, das dem Thema \u201e20 Jahre Nato-Aggression gegen Jugoslawien\u201c gewidmet ist. Das Magazin wird vom Deutschen Freidenker-Verband herausgegeben, dessen Bundesvorsitzender Hartmann ist.<\/p>\n","protected":false},"author":3,"featured_media":6346,"comment_status":"closed","ping_status":"closed","sticky":false,"template":"","format":"standard","meta":{"colormag_page_container_layout":"default_layout","colormag_page_sidebar_layout":"default_layout","advanced_seo_description":"","jetpack_seo_html_title":"","jetpack_seo_noindex":false,"jetpack_post_was_ever_published":false,"footnotes":""},"categories":[13],"tags":[801,26,335,590,56,222],"class_list":["post-6323","post","type-post","status-publish","format-standard","has-post-thumbnail","hentry","category-frieden-antifaschismus-solidaritaet","tag-aggressionskrieg","tag-freidenker","tag-frieden","tag-jugoslawien","tag-nato","tag-russland"],"jetpack_featured_media_url":"https:\/\/i0.wp.com\/www.freidenker.org\/fw17\/wp-content\/uploads\/2019\/05\/FD-2019-01_coll_v2.jpg?fit=800%2C445&ssl=1","jetpack_shortlink":"https:\/\/wp.me\/p9stpK-1DZ","jetpack-related-posts":[{"id":18765,"url":"https:\/\/www.freidenker.org\/?p=18765","url_meta":{"origin":6323,"position":0},"title":"Von der Aggression gegen Jugoslawien zum NATO-Krieg gegen Russland","author":"Webredaktion","date":"14. April 2024","format":false,"excerpt":"Rede von Klaus Hartmann, gehalten am 22. M\u00e4rz 2024 auf der Konferenz \"Von der Aggression zu einer neuen gerechten Ordnung\" in Belgrad Im Jahr 2022 hat die deutsche Bundesregierung eine \u201eZeitenwende\u201c, eine \u201eneue \u00c4ra\u201c proklamiert \u2013 um damit die Russische F\u00f6deration anzuklagen, unter Bruch des V\u00f6lkerrechts einen Angriffskrieg begonnen zu\u2026","rel":"","context":"In &quot;Demokratie \u2013 Medien \u2013 Aufkl\u00e4rung&quot;","block_context":{"text":"Demokratie \u2013 Medien \u2013 Aufkl\u00e4rung","link":"https:\/\/www.freidenker.org\/?cat=12"},"img":{"alt_text":"","src":"https:\/\/i0.wp.com\/www.freidenker.org\/fw17\/wp-content\/uploads\/2024\/04\/beoforum_2024_Hartmann_800x450.jpg?fit=800%2C450&ssl=1&resize=350%2C200","width":350,"height":200,"srcset":"https:\/\/i0.wp.com\/www.freidenker.org\/fw17\/wp-content\/uploads\/2024\/04\/beoforum_2024_Hartmann_800x450.jpg?fit=800%2C450&ssl=1&resize=350%2C200 1x, https:\/\/i0.wp.com\/www.freidenker.org\/fw17\/wp-content\/uploads\/2024\/04\/beoforum_2024_Hartmann_800x450.jpg?fit=800%2C450&ssl=1&resize=525%2C300 1.5x, https:\/\/i0.wp.com\/www.freidenker.org\/fw17\/wp-content\/uploads\/2024\/04\/beoforum_2024_Hartmann_800x450.jpg?fit=800%2C450&ssl=1&resize=700%2C400 2x"},"classes":[]},{"id":18653,"url":"https:\/\/www.freidenker.org\/?p=18653","url_meta":{"origin":6323,"position":1},"title":"Der Auftakt in den 3. Drei\u00dfigj\u00e4hrigen Krieg j\u00e4hrt sich zum 25. Mal","author":"Webredaktion","date":"2. April 2024","format":false,"excerpt":"Bericht von Wolfgang Effenberger Am 24. M\u00e4rz 2024 j\u00e4hrte sich zum 25. Mal der ohne Zustimmung der Vereinten Nationen erfolgte beispiellose Angriff der NATO gegen Jugoslawien \u2013 in erster Linie gegen die Teilrepublik Serbien. [...] Das Belgrader Forum \"f\u00fcr die Welt der Gleichen\" beging am 22. und 23. M\u00e4rz 2024\u2026","rel":"","context":"In &quot;Frieden - Antifaschismus - Solidarit\u00e4t&quot;","block_context":{"text":"Frieden - Antifaschismus - Solidarit\u00e4t","link":"https:\/\/www.freidenker.org\/?cat=13"},"img":{"alt_text":"","src":"https:\/\/i0.wp.com\/www.freidenker.org\/fw17\/wp-content\/uploads\/2024\/04\/Effenberger_Belgrad_02_800x450.jpg?fit=800%2C450&ssl=1&resize=350%2C200","width":350,"height":200,"srcset":"https:\/\/i0.wp.com\/www.freidenker.org\/fw17\/wp-content\/uploads\/2024\/04\/Effenberger_Belgrad_02_800x450.jpg?fit=800%2C450&ssl=1&resize=350%2C200 1x, https:\/\/i0.wp.com\/www.freidenker.org\/fw17\/wp-content\/uploads\/2024\/04\/Effenberger_Belgrad_02_800x450.jpg?fit=800%2C450&ssl=1&resize=525%2C300 1.5x, https:\/\/i0.wp.com\/www.freidenker.org\/fw17\/wp-content\/uploads\/2024\/04\/Effenberger_Belgrad_02_800x450.jpg?fit=800%2C450&ssl=1&resize=700%2C400 2x"},"classes":[]},{"id":6028,"url":"https:\/\/www.freidenker.org\/?p=6028","url_meta":{"origin":6323,"position":2},"title":"FREIDENKER 1-19  \u2013 20 Jahre NATO-Aggression gegen Jugoslawien","author":"Webredaktion","date":"17. M\u00e4rz 2019","format":false,"excerpt":"Die Ausgabe 1-19 des Verbandsorgans FREIDENKER hat das Schwerpunkt-Thema \u201e20 Jahre NATO-Aggression gegen Jugoslawien\u201c und enth\u00e4lt u.a. folgende Beitr\u00e4ge: - Rainer Rupp: NATO-Angriffskrieg: Fake News, False Flag - Peter Betscher: Erosion des V\u00f6lkerrechts - Diana Johnstone: \u201eEthnische S\u00e4uberungen\u201d - Klaus Hartmann: Der \u201eT\u00fcr\u00f6ffner\u201c-Krieg - Witold Fischer: Zwei offene Fragen zum\u2026","rel":"","context":"In &quot;Frieden - Antifaschismus - Solidarit\u00e4t&quot;","block_context":{"text":"Frieden - Antifaschismus - Solidarit\u00e4t","link":"https:\/\/www.freidenker.org\/?cat=13"},"img":{"alt_text":"","src":"https:\/\/i0.wp.com\/www.freidenker.org\/fw17\/wp-content\/uploads\/2019\/03\/FD_2019-01_Titel_mR.jpg?fit=800%2C445&ssl=1&resize=350%2C200","width":350,"height":200,"srcset":"https:\/\/i0.wp.com\/www.freidenker.org\/fw17\/wp-content\/uploads\/2019\/03\/FD_2019-01_Titel_mR.jpg?fit=800%2C445&ssl=1&resize=350%2C200 1x, https:\/\/i0.wp.com\/www.freidenker.org\/fw17\/wp-content\/uploads\/2019\/03\/FD_2019-01_Titel_mR.jpg?fit=800%2C445&ssl=1&resize=525%2C300 1.5x, https:\/\/i0.wp.com\/www.freidenker.org\/fw17\/wp-content\/uploads\/2019\/03\/FD_2019-01_Titel_mR.jpg?fit=800%2C445&ssl=1&resize=700%2C400 2x"},"classes":[]},{"id":7477,"url":"https:\/\/www.freidenker.org\/?p=7477","url_meta":{"origin":6323,"position":3},"title":"Ein Bundespr\u00e4sident und die Konsequenzen","author":"Webredaktion","date":"31. Januar 2020","format":false,"excerpt":"Beitrag von Willy Wimmer Seit dem v\u00f6lkerrechtswidrigen Krieg der NATO auf europ\u00e4ischem Territorium gegen die Bundesrepublik Jugoslawien wird seitens der NATO konsequent die Erosion des V\u00f6lkerrechts betrieben. Das Faustrecht soll die internationalen Beziehungen bestimmen. Amerikanische Sichtweise geht vor und der Umbau unserer Staaten zu einem von Washington bestimmten Vorfeld, auch\u2026","rel":"","context":"In &quot;Frieden - Antifaschismus - Solidarit\u00e4t&quot;","block_context":{"text":"Frieden - Antifaschismus - Solidarit\u00e4t","link":"https:\/\/www.freidenker.org\/?cat=13"},"img":{"alt_text":"","src":"https:\/\/i0.wp.com\/www.freidenker.org\/fw17\/wp-content\/uploads\/2020\/02\/castle-bellevue-196448_800x445.jpg?fit=800%2C445&ssl=1&resize=350%2C200","width":350,"height":200,"srcset":"https:\/\/i0.wp.com\/www.freidenker.org\/fw17\/wp-content\/uploads\/2020\/02\/castle-bellevue-196448_800x445.jpg?fit=800%2C445&ssl=1&resize=350%2C200 1x, https:\/\/i0.wp.com\/www.freidenker.org\/fw17\/wp-content\/uploads\/2020\/02\/castle-bellevue-196448_800x445.jpg?fit=800%2C445&ssl=1&resize=525%2C300 1.5x, https:\/\/i0.wp.com\/www.freidenker.org\/fw17\/wp-content\/uploads\/2020\/02\/castle-bellevue-196448_800x445.jpg?fit=800%2C445&ssl=1&resize=700%2C400 2x"},"classes":[]},{"id":18593,"url":"https:\/\/www.freidenker.org\/?p=18593","url_meta":{"origin":6323,"position":4},"title":"FREIDENKER 1-24 \u2013 25 Jahre NATO-Aggression gegen Jugoslawien","author":"Webredaktion","date":"24. M\u00e4rz 2024","format":false,"excerpt":"Die Ausgabe 1-24 des Verbandsorgans FREIDENKER hat das Schwerpunkt-Thema \u201e25 Jahre NATO-Aggression gegen Jugoslawien\u201c und enth\u00e4lt u.a. folgende Beitr\u00e4ge: - Die Zerst\u00f6rung der europ\u00e4ischen Friedensordnung - Die Enteignung der Meinungsfreiheit - Deutschland f\u00fchrt wieder Krieg - Rainer Rupp: NATO-Angriffskrieg: Fake News, False Flag - Klaus von Raussendorff: Die Propagandakeule \u201eNationalismus\u201c\u2026","rel":"","context":"In &quot;Verbandsorgan FREIDENKER&quot;","block_context":{"text":"Verbandsorgan FREIDENKER","link":"https:\/\/www.freidenker.org\/?cat=8"},"img":{"alt_text":"","src":"https:\/\/i0.wp.com\/www.freidenker.org\/fw17\/wp-content\/uploads\/2024\/03\/FD_2024-01_Titel_mR.jpg?fit=800%2C445&ssl=1&resize=350%2C200","width":350,"height":200,"srcset":"https:\/\/i0.wp.com\/www.freidenker.org\/fw17\/wp-content\/uploads\/2024\/03\/FD_2024-01_Titel_mR.jpg?fit=800%2C445&ssl=1&resize=350%2C200 1x, https:\/\/i0.wp.com\/www.freidenker.org\/fw17\/wp-content\/uploads\/2024\/03\/FD_2024-01_Titel_mR.jpg?fit=800%2C445&ssl=1&resize=525%2C300 1.5x, https:\/\/i0.wp.com\/www.freidenker.org\/fw17\/wp-content\/uploads\/2024\/03\/FD_2024-01_Titel_mR.jpg?fit=800%2C445&ssl=1&resize=700%2C400 2x"},"classes":[]},{"id":5761,"url":"https:\/\/www.freidenker.org\/?p=5761","url_meta":{"origin":6323,"position":5},"title":"Vortrag am 16.01.2019: 20 Jahre nach dem NATO-\u00dcberfall auf Jugoslawien","author":"Webredaktion","date":"14. Januar 2019","format":false,"excerpt":"Einladung zu einem Vortrag von Klaus Hartmann (Bundesvorsitzender des Deutschen Freidenker-Verbandes) 20 Jahre nach dem NATO-\u00dcberfall auf Jugoslawien \u2013 Die neokoloniale Neuaufteilung der Welt und der Kampf f\u00fcr die multipolare Weltordnung Mittwoch, 16. Januar 2019, 18.00 Uhr, ND-Geb\u00e4ude, Franz-Mehring-Platz 1, 10243 Berlin","rel":"","context":"In &quot;Frieden - Antifaschismus - Solidarit\u00e4t&quot;","block_context":{"text":"Frieden - Antifaschismus - Solidarit\u00e4t","link":"https:\/\/www.freidenker.org\/?cat=13"},"img":{"alt_text":"","src":"https:\/\/i0.wp.com\/www.freidenker.org\/fw17\/wp-content\/uploads\/2019\/01\/Hartmann_Belgrad_800x445.jpg?fit=800%2C445&ssl=1&resize=350%2C200","width":350,"height":200,"srcset":"https:\/\/i0.wp.com\/www.freidenker.org\/fw17\/wp-content\/uploads\/2019\/01\/Hartmann_Belgrad_800x445.jpg?fit=800%2C445&ssl=1&resize=350%2C200 1x, https:\/\/i0.wp.com\/www.freidenker.org\/fw17\/wp-content\/uploads\/2019\/01\/Hartmann_Belgrad_800x445.jpg?fit=800%2C445&ssl=1&resize=525%2C300 1.5x, https:\/\/i0.wp.com\/www.freidenker.org\/fw17\/wp-content\/uploads\/2019\/01\/Hartmann_Belgrad_800x445.jpg?fit=800%2C445&ssl=1&resize=700%2C400 2x"},"classes":[]}],"_links":{"self":[{"href":"https:\/\/www.freidenker.org\/index.php?rest_route=\/wp\/v2\/posts\/6323","targetHints":{"allow":["GET"]}}],"collection":[{"href":"https:\/\/www.freidenker.org\/index.php?rest_route=\/wp\/v2\/posts"}],"about":[{"href":"https:\/\/www.freidenker.org\/index.php?rest_route=\/wp\/v2\/types\/post"}],"author":[{"embeddable":true,"href":"https:\/\/www.freidenker.org\/index.php?rest_route=\/wp\/v2\/users\/3"}],"replies":[{"embeddable":true,"href":"https:\/\/www.freidenker.org\/index.php?rest_route=%2Fwp%2Fv2%2Fcomments&post=6323"}],"version-history":[{"count":0,"href":"https:\/\/www.freidenker.org\/index.php?rest_route=\/wp\/v2\/posts\/6323\/revisions"}],"wp:featuredmedia":[{"embeddable":true,"href":"https:\/\/www.freidenker.org\/index.php?rest_route=\/wp\/v2\/media\/6346"}],"wp:attachment":[{"href":"https:\/\/www.freidenker.org\/index.php?rest_route=%2Fwp%2Fv2%2Fmedia&parent=6323"}],"wp:term":[{"taxonomy":"category","embeddable":true,"href":"https:\/\/www.freidenker.org\/index.php?rest_route=%2Fwp%2Fv2%2Fcategories&post=6323"},{"taxonomy":"post_tag","embeddable":true,"href":"https:\/\/www.freidenker.org\/index.php?rest_route=%2Fwp%2Fv2%2Ftags&post=6323"}],"curies":[{"name":"wp","href":"https:\/\/api.w.org\/{rel}","templated":true}]}}