{"id":6296,"date":"2019-05-01T11:10:38","date_gmt":"2019-05-01T09:10:38","guid":{"rendered":"https:\/\/www.freidenker.org\/?p=6296"},"modified":"2019-06-25T12:09:44","modified_gmt":"2019-06-25T10:09:44","slug":"08-05-2019-syrien-venezuela-libyen-grenzen-des-regime-change","status":"publish","type":"post","link":"https:\/\/www.freidenker.org\/?p=6296","title":{"rendered":"08.05.2019 \u2013 Syrien, Venezuela, Libyen \u2013 Grenzen des Regime-Change"},"content":{"rendered":"<p class=\"Normal tm5 tm6\">Einladung zur Veranstaltung<\/p>\n<h2 class=\"Normal tm5\"><strong><span class=\"tm7\">Syrien, Venezuela, Libyen \u2013 Grenzen des Regime-Change<\/span><\/strong><\/h2>\n<p class=\"Normal tm5\"><strong><span class=\"tm7\">Mittwoch, den 8.5.2019 um 19:30 Gasthaus Ternes, Dom\u00e4nenstr. 54, Trier<\/span><\/strong><\/p>\n<p class=\"Normal tm5\"><strong><span class=\"tm7\">Veranstalter:<br \/>\n<\/span><\/strong>Jenny-Marx-Club Trier, vertreten durch Dr. Johannes Verbeek als Koordinator\u00a0in Trier<\/p>\n<p class=\"Normal tm5\"><strong><span class=\"tm7\">Unterst\u00fctzer:<br \/>\n<\/span><\/strong>Freidenker RLP\/Saar und Nachdenkseiten-Trier<\/p>\n<p class=\"Normal tm5\"><strong><span class=\"tm7\">Referent:<br \/>\n<\/span><\/strong>R\u00fcdiger Rauls, Autor des Buches \u201eKolonie, Konzern, Krieg\u201c<\/p>\n<p class=\"Normal tm5\">Nach dem\u00a0Niedergang der UdSSR war das westliche Modell von Demokratie und Marktwirtschaft zum beherrschenden System weltweit geworden. Viele Staaten jedoch stellten sich den Vorstellungen des Westens \u00fcber eine Neuordnung der Welt entgegen. Sie wurden h\u00e4ufig\u00a0mit Sanktionen belegt oder neue\u00a0politische Verh\u00e4ltnissen durch\u00a0die sogenannten Farbenrevolutionen geschaffen. Bei Jugoslawien, Afghanistan,\u00a0Irak und Libyen kamen vonseiten der USA und NATO milit\u00e4rische Mittel zum Einsatz zur Durchsetzung der eigenen politischen Vorstellungen.<\/p>\n<p class=\"Normal tm5\">Sp\u00e4testens aber mit dem Syrienkrieg zeigt\u00a0sich, dass das Mittel des Regime-Change aus westlicher Sicht nicht mehr zu den gew\u00fcnschten Erfolgen f\u00fchrt. Der Krieg in Syrien d\u00fcrfte f\u00fcr den Westen verloren sein, und in Venezuela kommen die Pl\u00e4ne zur Einsetzung einer neuen politischen F\u00fchrung unter dem selbsternannten Pr\u00e4sidenten Guaido nach anf\u00e4nglichen Erfolgen ins Stocken. In Afghanistan und Libyen scheinen sich die alten Verh\u00e4ltnisse wieder herzustellen, die vor der westlichen Intervention geherrscht hatten.<\/p>\n<p class=\"Normal tm5\">Wie kommt es, dass nach den anf\u00e4nglichen Erfolgen des Regime-Change dieser nun zunehmend an seine Grenzen st\u00f6\u00dft?<\/p>\n<p class=\"Normal tm5\">Dieser Frage geht der Vortrag von R\u00fcdiger Rauls nach.<\/p>\n<p class=\"Normal tm5\">Im Anschluss ist Raum f\u00fcr Diskussion zum Thema und kritischen Fragen und Beitr\u00e4gen.<\/p>\n<hr \/>\n<p>Bild: Alexas_Fotos, <a href=\"https:\/\/pixabay.com\/de\/photos\/einer-gegen-alle-alle-gegen-einen-1744093\/\" target=\"_blank\" rel=\"noopener noreferrer\">pixabay.com<\/a>, Lizenz: <a href=\"https:\/\/pixabay.com\/de\/service\/license\/\" target=\"_blank\" rel=\"noopener noreferrer\">Pixabay License<\/a><\/p>\n","protected":false},"excerpt":{"rendered":"<p><b>Syrien, Venezuela, Libyen \u2013 Grenzen des Regime-Change<\/b> &#8211; Veranstaltung am Mittwoch, den 8.5.2019 um 19:30 im Gasthaus Ternes, Dom\u00e4nenstr. 54, Trier &#8211; Veranstalter: Jenny-Marx-Club Trier, Unterst\u00fctzer: Freidenker RLP\/Saar und Nachdenkseiten-Trier<br \/>\nNach dem\u00a0Niedergang der UdSSR war das westliche Modell von Demokratie und Marktwirtschaft zum beherrschenden System weltweit geworden. Viele Staaten jedoch stellten sich den Vorstellungen des Westens \u00fcber eine Neuordnung der Welt entgegen. Sie wurden h\u00e4ufig\u00a0mit Sanktionen belegt oder neue\u00a0politische Verh\u00e4ltnissen durch\u00a0die sogenannten Farbenrevolutionen geschaffen. Bei Jugoslawien, Afghanistan,\u00a0Irak und Libyen kamen vonseiten der USA und NATO milit\u00e4rische Mittel zum Einsatz zur Durchsetzung der eigenen politischen Vorstellungen.<\/p>\n","protected":false},"author":3,"featured_media":6298,"comment_status":"closed","ping_status":"closed","sticky":false,"template":"","format":"standard","meta":{"colormag_page_container_layout":"default_layout","colormag_page_sidebar_layout":"default_layout","advanced_seo_description":"","jetpack_seo_html_title":"","jetpack_seo_noindex":false,"jetpack_post_was_ever_published":false,"footnotes":""},"categories":[19],"tags":[773,1140,336,1141,396,1050],"class_list":["post-6296","post","type-post","status-publish","format-standard","has-post-thumbnail","hentry","category-veranstaltungen-in-den-dfv-landesverbaenden","tag-libyen","tag-lv-rheinland-pfalz-saarland","tag-syrien","tag-trier","tag-venezuela","tag-veranstaltung"],"jetpack_featured_media_url":"https:\/\/i0.wp.com\/www.freidenker.org\/fw17\/wp-content\/uploads\/2019\/05\/pixabay_diskussion_800.jpg?fit=800%2C445&ssl=1","jetpack_shortlink":"https:\/\/wp.me\/p9stpK-1Dy","jetpack-related-posts":[{"id":6442,"url":"https:\/\/www.freidenker.org\/?p=6442","url_meta":{"origin":6296,"position":0},"title":"Der Westen schw\u00e4chelt","author":"Webredaktion","date":"18. Mai 2019","format":false,"excerpt":"Beitrag von R\u00fcdiger Rauls Seit dem Ende der Sowjetunion und des Sozialismus hat sich der Systemkonkurrent Kapitalismus \u00fcber den ganzen Erdball ausdehnen k\u00f6nnen. Wo sich Widerstand regte, griff man zur Strategie des Regime-Change. Sanktionen, Farbenrevolutionen und offene Milit\u00e4rinterventionen sollten den f\u00fchrenden kapitalistischen Staaten den Marktzugang erzwingen. Aber die Zeit der\u2026","rel":"","context":"In &quot;Demokratie \u2013 Medien \u2013 Aufkl\u00e4rung&quot;","block_context":{"text":"Demokratie \u2013 Medien \u2013 Aufkl\u00e4rung","link":"https:\/\/www.freidenker.org\/?cat=12"},"img":{"alt_text":"","src":"https:\/\/i0.wp.com\/www.freidenker.org\/fw17\/wp-content\/uploads\/2019\/05\/compass-2779371_800x445.jpg?fit=800%2C445&ssl=1&resize=350%2C200","width":350,"height":200,"srcset":"https:\/\/i0.wp.com\/www.freidenker.org\/fw17\/wp-content\/uploads\/2019\/05\/compass-2779371_800x445.jpg?fit=800%2C445&ssl=1&resize=350%2C200 1x, https:\/\/i0.wp.com\/www.freidenker.org\/fw17\/wp-content\/uploads\/2019\/05\/compass-2779371_800x445.jpg?fit=800%2C445&ssl=1&resize=525%2C300 1.5x, https:\/\/i0.wp.com\/www.freidenker.org\/fw17\/wp-content\/uploads\/2019\/05\/compass-2779371_800x445.jpg?fit=800%2C445&ssl=1&resize=700%2C400 2x"},"classes":[]},{"id":452,"url":"https:\/\/www.freidenker.org\/?p=452","url_meta":{"origin":6296,"position":1},"title":"Freidenker-Verbandstag 2012 in N\u00fcrnberg","author":"Webmaster","date":"4. Juni 2012","format":false,"excerpt":"Am 2. und 3. Juni 2012 kamen die Delegierten der Landesverb\u00e4nde des Deutschen Freidenker-Verbandes (DFV) zu ihrem Verbandstag in N\u00fcrnberg zusammen, dem h\u00f6chsten Gremium der sich als Weltanschauungsgemeinschaft, Interessenvertretung konfessionsfreier Menschen und Kulturorganisation verstehenden Organisation. Der Kongress betonte die Notwendigkeit, der herrschenden Politik zur Zerst\u00f6rung von Humanit\u00e4t und Vernunft mit\u2026","rel":"","context":"In &quot;Positionen&quot;","block_context":{"text":"Positionen","link":"https:\/\/www.freidenker.org\/?cat=210"},"img":{"alt_text":"","src":"https:\/\/i0.wp.com\/www.freidenker.org\/fw17\/wp-content\/uploads\/2016\/08\/Verbandstag_2012.jpg?fit=800%2C445&ssl=1&resize=350%2C200","width":350,"height":200,"srcset":"https:\/\/i0.wp.com\/www.freidenker.org\/fw17\/wp-content\/uploads\/2016\/08\/Verbandstag_2012.jpg?fit=800%2C445&ssl=1&resize=350%2C200 1x, https:\/\/i0.wp.com\/www.freidenker.org\/fw17\/wp-content\/uploads\/2016\/08\/Verbandstag_2012.jpg?fit=800%2C445&ssl=1&resize=525%2C300 1.5x, https:\/\/i0.wp.com\/www.freidenker.org\/fw17\/wp-content\/uploads\/2016\/08\/Verbandstag_2012.jpg?fit=800%2C445&ssl=1&resize=700%2C400 2x"},"classes":[]},{"id":6447,"url":"https:\/\/www.freidenker.org\/?p=6447","url_meta":{"origin":6296,"position":2},"title":"28.05.2019 &#8211; &#8222;Venezuela im Zentrum globaler Konflikte&#8220;","author":"Webredaktion","date":"18. Mai 2019","format":false,"excerpt":"Veranstaltung am Dienstag, den 28.05.2019 um 18.30 Uhr in JMG B\u00fcro, Am G\u00fcterbahnhof 15-17, 56564 Neuwied Referent: R\u00fcdiger Rauls, Autor des Buches \"Kolonie, Konzern, Krieg\" Nachdem es im Jahre 2018 in und um Venezuela relativ ruhig gewesen war, begann das Jahr 2019 mit einem Paukenschlag. Juan Guaido hatte sich mit\u2026","rel":"","context":"In &quot;Veranstaltungen in den DFV-Landesverb\u00e4nden&quot;","block_context":{"text":"Veranstaltungen in den DFV-Landesverb\u00e4nden","link":"https:\/\/www.freidenker.org\/?cat=19"},"img":{"alt_text":"","src":"https:\/\/i0.wp.com\/www.freidenker.org\/fw17\/wp-content\/uploads\/2019\/05\/maduro_trump_800x445.jpg?fit=800%2C445&ssl=1&resize=350%2C200","width":350,"height":200,"srcset":"https:\/\/i0.wp.com\/www.freidenker.org\/fw17\/wp-content\/uploads\/2019\/05\/maduro_trump_800x445.jpg?fit=800%2C445&ssl=1&resize=350%2C200 1x, https:\/\/i0.wp.com\/www.freidenker.org\/fw17\/wp-content\/uploads\/2019\/05\/maduro_trump_800x445.jpg?fit=800%2C445&ssl=1&resize=525%2C300 1.5x, https:\/\/i0.wp.com\/www.freidenker.org\/fw17\/wp-content\/uploads\/2019\/05\/maduro_trump_800x445.jpg?fit=800%2C445&ssl=1&resize=700%2C400 2x"},"classes":[]},{"id":5859,"url":"https:\/\/www.freidenker.org\/?p=5859","url_meta":{"origin":6296,"position":3},"title":"H\u00e4nde weg von Venezuela!","author":"Webredaktion","date":"13. Februar 2019","format":false,"excerpt":"F\u00fcr den Frieden und die Souver\u00e4nit\u00e4t Lateinamerikas! Der Deutsche Freidenker-Verband ruft auf zur Teilnahme an der Solidarit\u00e4tskundgebung \"H\u00e4nde weg von Venezuela\" am 16. Februar 2019 in Berlin. Kommt alle! SCHLUSS MIT DEM TRUPPENAUFMARSCH AN DEN GRENZEN VENEZUELAS! SCHLUSS MIT DEN DROHUNGEN GEGEN DIE VERFASSUNGSM\u00c4\u00dfIGE REGIERUNG VON PR\u00c4SIDENT NICOL\u00c1S MADURO! GEGEN\u2026","rel":"","context":"In &quot;Frieden - Antifaschismus - Solidarit\u00e4t&quot;","block_context":{"text":"Frieden - Antifaschismus - Solidarit\u00e4t","link":"https:\/\/www.freidenker.org\/?cat=13"},"img":{"alt_text":"","src":"https:\/\/i0.wp.com\/www.freidenker.org\/fw17\/wp-content\/uploads\/2019\/02\/paz_venezuela_800x445.jpg?fit=800%2C445&ssl=1&resize=350%2C200","width":350,"height":200,"srcset":"https:\/\/i0.wp.com\/www.freidenker.org\/fw17\/wp-content\/uploads\/2019\/02\/paz_venezuela_800x445.jpg?fit=800%2C445&ssl=1&resize=350%2C200 1x, https:\/\/i0.wp.com\/www.freidenker.org\/fw17\/wp-content\/uploads\/2019\/02\/paz_venezuela_800x445.jpg?fit=800%2C445&ssl=1&resize=525%2C300 1.5x, https:\/\/i0.wp.com\/www.freidenker.org\/fw17\/wp-content\/uploads\/2019\/02\/paz_venezuela_800x445.jpg?fit=800%2C445&ssl=1&resize=700%2C400 2x"},"classes":[]},{"id":10006,"url":"https:\/\/www.freidenker.org\/?p=10006","url_meta":{"origin":6296,"position":4},"title":"75. Jahrestag der Unabh\u00e4ngigkeit Syriens","author":"Webredaktion","date":"22. April 2021","format":false,"excerpt":"Am Samstag, 17.04. 2021, fand an der Frankfurter Hauptwache eine internationalistische Kundgebung f\u00fcr den andauernden Unabh\u00e4ngigkeitskampf des syrischen Volkes gegen imperialistische Aggressoren statt. Zu Beginn und Abschluss der Kundgebung mit rund 50 Teilnehmerinnen und Teilnehmern wurde die Nationalhymne der Syrisch-Arabischen Republik gespielt. Die Veranstaltung wurde von Willi Schulze-Barantin, Landesvorsitzender der\u2026","rel":"","context":"In &quot;Frieden - Antifaschismus - Solidarit\u00e4t&quot;","block_context":{"text":"Frieden - Antifaschismus - Solidarit\u00e4t","link":"https:\/\/www.freidenker.org\/?cat=13"},"img":{"alt_text":"","src":"https:\/\/i0.wp.com\/www.freidenker.org\/fw17\/wp-content\/uploads\/2021\/04\/syrien75_a_800x450.jpg?fit=800%2C450&ssl=1&resize=350%2C200","width":350,"height":200,"srcset":"https:\/\/i0.wp.com\/www.freidenker.org\/fw17\/wp-content\/uploads\/2021\/04\/syrien75_a_800x450.jpg?fit=800%2C450&ssl=1&resize=350%2C200 1x, https:\/\/i0.wp.com\/www.freidenker.org\/fw17\/wp-content\/uploads\/2021\/04\/syrien75_a_800x450.jpg?fit=800%2C450&ssl=1&resize=525%2C300 1.5x, https:\/\/i0.wp.com\/www.freidenker.org\/fw17\/wp-content\/uploads\/2021\/04\/syrien75_a_800x450.jpg?fit=800%2C450&ssl=1&resize=700%2C400 2x"},"classes":[]},{"id":3103,"url":"https:\/\/www.freidenker.org\/?p=3103","url_meta":{"origin":6296,"position":5},"title":"Freidenker-Brief 3-2012: Stoppt den Krieg \u2013 H\u00e4nde weg von Syrien!","author":"Webredaktion","date":"28. August 2012","format":false,"excerpt":"Das \u201eFrankfurter Solidarit\u00e4tskomitee f\u00fcr Syrien\" ruft zu einer Demonstration unter dem Motto \u201eStoppt den Krieg \u2013 H\u00e4nde weg von Syrien\" am Samstag, dem 1. September 2012, dem diesj\u00e4hrigen Antikriegstag, in Frankfurt am Main auf. Zweck der Demonstration ist es, ein Ende der aggressiven v\u00f6lkerrechtswidrigen Einmischung der USA und anderer NATO-Mitgliedsstaaten\u2026","rel":"","context":"In &quot;Freidenker-Brief&quot;","block_context":{"text":"Freidenker-Brief","link":"https:\/\/www.freidenker.org\/?cat=341"},"img":{"alt_text":"","src":"https:\/\/i0.wp.com\/www.freidenker.org\/fw17\/wp-content\/uploads\/2012\/08\/01-2012-09-01-1-0328_800x445.jpg?fit=800%2C445&ssl=1&resize=350%2C200","width":350,"height":200,"srcset":"https:\/\/i0.wp.com\/www.freidenker.org\/fw17\/wp-content\/uploads\/2012\/08\/01-2012-09-01-1-0328_800x445.jpg?fit=800%2C445&ssl=1&resize=350%2C200 1x, https:\/\/i0.wp.com\/www.freidenker.org\/fw17\/wp-content\/uploads\/2012\/08\/01-2012-09-01-1-0328_800x445.jpg?fit=800%2C445&ssl=1&resize=525%2C300 1.5x, https:\/\/i0.wp.com\/www.freidenker.org\/fw17\/wp-content\/uploads\/2012\/08\/01-2012-09-01-1-0328_800x445.jpg?fit=800%2C445&ssl=1&resize=700%2C400 2x"},"classes":[]}],"_links":{"self":[{"href":"https:\/\/www.freidenker.org\/index.php?rest_route=\/wp\/v2\/posts\/6296","targetHints":{"allow":["GET"]}}],"collection":[{"href":"https:\/\/www.freidenker.org\/index.php?rest_route=\/wp\/v2\/posts"}],"about":[{"href":"https:\/\/www.freidenker.org\/index.php?rest_route=\/wp\/v2\/types\/post"}],"author":[{"embeddable":true,"href":"https:\/\/www.freidenker.org\/index.php?rest_route=\/wp\/v2\/users\/3"}],"replies":[{"embeddable":true,"href":"https:\/\/www.freidenker.org\/index.php?rest_route=%2Fwp%2Fv2%2Fcomments&post=6296"}],"version-history":[{"count":0,"href":"https:\/\/www.freidenker.org\/index.php?rest_route=\/wp\/v2\/posts\/6296\/revisions"}],"wp:featuredmedia":[{"embeddable":true,"href":"https:\/\/www.freidenker.org\/index.php?rest_route=\/wp\/v2\/media\/6298"}],"wp:attachment":[{"href":"https:\/\/www.freidenker.org\/index.php?rest_route=%2Fwp%2Fv2%2Fmedia&parent=6296"}],"wp:term":[{"taxonomy":"category","embeddable":true,"href":"https:\/\/www.freidenker.org\/index.php?rest_route=%2Fwp%2Fv2%2Fcategories&post=6296"},{"taxonomy":"post_tag","embeddable":true,"href":"https:\/\/www.freidenker.org\/index.php?rest_route=%2Fwp%2Fv2%2Ftags&post=6296"}],"curies":[{"name":"wp","href":"https:\/\/api.w.org\/{rel}","templated":true}]}}