{"id":6258,"date":"2019-04-24T06:59:40","date_gmt":"2019-04-24T04:59:40","guid":{"rendered":"https:\/\/www.freidenker.org\/?p=6258"},"modified":"2019-05-13T02:14:44","modified_gmt":"2019-05-13T00:14:44","slug":"stimmen-vom-ostermarsch-2019-in-berlin-video-interview-mit-klaus-linder","status":"publish","type":"post","link":"https:\/\/www.freidenker.org\/?p=6258","title":{"rendered":"Stimmen vom Ostermarsch 2019 in Berlin &#8211; Video-Interview mit Klaus Linder"},"content":{"rendered":"<p>Am 20.04.2019 fand in Deutschland der 59. Ostermarsch statt, organisiert von der Friedenskoordination Berlin. Die Friedensinitiative <em><strong>Stop the WAR in Yemen<\/strong><\/em> befragte dazu einige Teilnehmer.<\/p>\n<p><em><strong>Mathias Tretschog <\/strong><\/em>von &#8222;<em>Stop the WAR in Yemen<\/em>&#8220; im Gespr\u00e4ch mit <em><strong>Klaus Linder<\/strong><\/em> vom Deutschen Freidenker-Verband Berlin:<\/p>\n<div class=\"jetpack-video-wrapper\"><span class=\"embed-youtube\" style=\"text-align:center; display: block;\"><iframe loading=\"lazy\" class=\"youtube-player\" width=\"800\" height=\"450\" src=\"https:\/\/www.youtube.com\/embed\/OXLbF24LytY?version=3&#038;rel=1&#038;showsearch=0&#038;showinfo=1&#038;iv_load_policy=1&#038;fs=1&#038;hl=de-DE&#038;autohide=2&#038;wmode=transparent\" allowfullscreen=\"true\" style=\"border:0;\" sandbox=\"allow-scripts allow-same-origin allow-popups allow-presentation allow-popups-to-escape-sandbox\"><\/iframe><\/span><\/div>\n<p>Originalbeitrag auf YouTube: <a href=\"https:\/\/www.youtube.com\/watch?v=OXLbF24LytY\" target=\"_blank\" rel=\"noopener noreferrer\">https:\/\/www.youtube.com\/watch?v=OXLbF24LytY<\/a> eingestellt von &#8222;Stop the WAR in Yemen&#8220; am 22.04.2019.<\/p>\n<hr \/>\n<p>Bild: Screenshot aus dem Video<\/p>\n","protected":false},"excerpt":{"rendered":"<p>Am 20.04.2019 fand in Deutschland der 59. Ostermarsch statt, organisiert von der Friedenskoordination Berlin. Die Friedensinitiative Stop the WAR in Yemen befragte dazu einige Teilnehmer.<br \/>\nMathias Tretschog von &#8222;Stop the WAR in Yemen&#8220; im Gespr\u00e4ch mit Klaus Linder vom Deutschen Freidenker-Verband Berlin. <\/p>\n","protected":false},"author":3,"featured_media":6259,"comment_status":"closed","ping_status":"closed","sticky":false,"template":"","format":"standard","meta":{"colormag_page_container_layout":"default_layout","colormag_page_sidebar_layout":"default_layout","advanced_seo_description":"","jetpack_seo_html_title":"","jetpack_seo_noindex":false,"jetpack_post_was_ever_published":false,"footnotes":""},"categories":[13,19],"tags":[409,1121,335,1083,1135,1111],"class_list":["post-6258","post","type-post","status-publish","format-standard","has-post-thumbnail","hentry","category-frieden-antifaschismus-solidaritaet","category-veranstaltungen-in-den-dfv-landesverbaenden","tag-berlin","tag-donbass","tag-frieden","tag-jemen","tag-ostermarsch","tag-ukraine"],"jetpack_featured_media_url":"https:\/\/i0.wp.com\/www.freidenker.org\/fw17\/wp-content\/uploads\/2019\/04\/OM2019_Klaus_Linder_800x445.jpg?fit=800%2C445&ssl=1","jetpack_shortlink":"https:\/\/wp.me\/p9stpK-1CW","jetpack-related-posts":[{"id":6128,"url":"https:\/\/www.freidenker.org\/?p=6128","url_meta":{"origin":6258,"position":0},"title":"Aufruf zum Berliner Ostermarsch 2019","author":"Webredaktion","date":"2. April 2019","format":false,"excerpt":"Abr\u00fcsten statt Aufr\u00fcsten - Die Welt braucht Frieden statt Kriegsb\u00fcndnisse - Auf zum Ostermarsch 2019 am 20. April 2019, 13 Uhr, Rosa-Luxemburg-Platz, Berlin. Unser Land tr\u00e4gt eine besondere historische Verantwortung f\u00fcr den Frieden mit Russland und in Europa. Demonstriert mit uns St\u00e4rke, Entschlossenheit und den Willen, die Welt von Aufr\u00fcstung\u2026","rel":"","context":"In &quot;Frieden - Antifaschismus - Solidarit\u00e4t&quot;","block_context":{"text":"Frieden - Antifaschismus - Solidarit\u00e4t","link":"https:\/\/www.freidenker.org\/?cat=13"},"img":{"alt_text":"","src":"https:\/\/i0.wp.com\/www.freidenker.org\/fw17\/wp-content\/uploads\/2019\/04\/OM_Berlin_2019_800x445.jpg?fit=800%2C445&ssl=1&resize=350%2C200","width":350,"height":200,"srcset":"https:\/\/i0.wp.com\/www.freidenker.org\/fw17\/wp-content\/uploads\/2019\/04\/OM_Berlin_2019_800x445.jpg?fit=800%2C445&ssl=1&resize=350%2C200 1x, https:\/\/i0.wp.com\/www.freidenker.org\/fw17\/wp-content\/uploads\/2019\/04\/OM_Berlin_2019_800x445.jpg?fit=800%2C445&ssl=1&resize=525%2C300 1.5x, https:\/\/i0.wp.com\/www.freidenker.org\/fw17\/wp-content\/uploads\/2019\/04\/OM_Berlin_2019_800x445.jpg?fit=800%2C445&ssl=1&resize=700%2C400 2x"},"classes":[]},{"id":15730,"url":"https:\/\/www.freidenker.org\/?p=15730","url_meta":{"origin":6258,"position":1},"title":"F\u00fcrs Klima und die NATO \u2013 Die manipulierte Ostermarschbewegung","author":"Webredaktion","date":"8. April 2023","format":false,"excerpt":"Beitrag von Felicitas Rabe Orientiert man sich an der Website der traditionellen deutschen Friedensbewegung, finden am kommenden Wochenende in Deutschland 123 angemeldete Osterm\u00e4rsche statt. Mit den vielen Friedensdemonstrationen wirkt die Planung der \u00f6sterlichen Aufz\u00fcge eher kleinteilig. Auch der \u00fcberregional bekannte Ostermarsch Rhein-Ruhr wird verteilt auf 14 Veranstaltungen stattfinden. Den Auftakt\u2026","rel":"","context":"In &quot;Frieden - Antifaschismus - Solidarit\u00e4t&quot;","block_context":{"text":"Frieden - Antifaschismus - Solidarit\u00e4t","link":"https:\/\/www.freidenker.org\/?cat=13"},"img":{"alt_text":"","src":"https:\/\/i0.wp.com\/www.freidenker.org\/fw17\/wp-content\/uploads\/2023\/04\/Friedensbewegung_Kapitalismuskritisch_800x450.jpg?fit=800%2C450&ssl=1&resize=350%2C200","width":350,"height":200,"srcset":"https:\/\/i0.wp.com\/www.freidenker.org\/fw17\/wp-content\/uploads\/2023\/04\/Friedensbewegung_Kapitalismuskritisch_800x450.jpg?fit=800%2C450&ssl=1&resize=350%2C200 1x, https:\/\/i0.wp.com\/www.freidenker.org\/fw17\/wp-content\/uploads\/2023\/04\/Friedensbewegung_Kapitalismuskritisch_800x450.jpg?fit=800%2C450&ssl=1&resize=525%2C300 1.5x, https:\/\/i0.wp.com\/www.freidenker.org\/fw17\/wp-content\/uploads\/2023\/04\/Friedensbewegung_Kapitalismuskritisch_800x450.jpg?fit=800%2C450&ssl=1&resize=700%2C400 2x"},"classes":[]},{"id":8020,"url":"https:\/\/www.freidenker.org\/?p=8020","url_meta":{"origin":6258,"position":2},"title":"Galerie: Freidenker zum 75. Jahrestag der Befreiung","author":"Webredaktion","date":"12. Mai 2020","format":false,"excerpt":"Obwohl aus bekannten Gr\u00fcnden die gro\u00dfe Kundgebungen und Feiern nicht wie geplant stattfinden konnten, haben Tausende Menschen in Berlin und ganz Deutschland dem 75. Jahrestag\u00a0 der Befreiung vom Faschismus und des Sieges der Roten Armee gedacht. Nat\u00fcrlich waren auch Freidenker dabei. Hier einige Bilder aus Berlin, Offenbach, Frankfurt a.M. und\u2026","rel":"","context":"In &quot;Frieden - Antifaschismus - Solidarit\u00e4t&quot;","block_context":{"text":"Frieden - Antifaschismus - Solidarit\u00e4t","link":"https:\/\/www.freidenker.org\/?cat=13"},"img":{"alt_text":"","src":"https:\/\/i0.wp.com\/www.freidenker.org\/fw17\/wp-content\/uploads\/2020\/05\/TagDerBefreiung_2020_800x450.jpg?fit=800%2C450&ssl=1&resize=350%2C200","width":350,"height":200,"srcset":"https:\/\/i0.wp.com\/www.freidenker.org\/fw17\/wp-content\/uploads\/2020\/05\/TagDerBefreiung_2020_800x450.jpg?fit=800%2C450&ssl=1&resize=350%2C200 1x, https:\/\/i0.wp.com\/www.freidenker.org\/fw17\/wp-content\/uploads\/2020\/05\/TagDerBefreiung_2020_800x450.jpg?fit=800%2C450&ssl=1&resize=525%2C300 1.5x, https:\/\/i0.wp.com\/www.freidenker.org\/fw17\/wp-content\/uploads\/2020\/05\/TagDerBefreiung_2020_800x450.jpg?fit=800%2C450&ssl=1&resize=700%2C400 2x"},"classes":[]},{"id":4599,"url":"https:\/\/www.freidenker.org\/?p=4599","url_meta":{"origin":6258,"position":3},"title":"Aufruf zum Berliner Ostermarsch 2018","author":"Webredaktion","date":"22. Februar 2018","format":false,"excerpt":"Aufruf der Berliner Friko zum Ostermarsch am 31.03.2018: In den kommenden 6 Jahren sollen die Milit\u00e4rausgaben verdoppelt werden. W\u00e4hrend soziale Unsicherheit und Not in unserem Land wachsen, Mieten unerschwinglich werden, viele Menschen trotz Arbeit nicht genug zum Leben haben und immer mehr Menschen in Armut leben m\u00fcssen, sollen wir die\u2026","rel":"","context":"In &quot;Frieden - Antifaschismus - Solidarit\u00e4t&quot;","block_context":{"text":"Frieden - Antifaschismus - Solidarit\u00e4t","link":"https:\/\/www.freidenker.org\/?cat=13"},"img":{"alt_text":"","src":"https:\/\/i0.wp.com\/www.freidenker.org\/fw17\/wp-content\/uploads\/2018\/02\/Berliner_Ostermarsch_2018_abruesten_800x445.jpg?fit=800%2C445&ssl=1&resize=350%2C200","width":350,"height":200,"srcset":"https:\/\/i0.wp.com\/www.freidenker.org\/fw17\/wp-content\/uploads\/2018\/02\/Berliner_Ostermarsch_2018_abruesten_800x445.jpg?fit=800%2C445&ssl=1&resize=350%2C200 1x, https:\/\/i0.wp.com\/www.freidenker.org\/fw17\/wp-content\/uploads\/2018\/02\/Berliner_Ostermarsch_2018_abruesten_800x445.jpg?fit=800%2C445&ssl=1&resize=525%2C300 1.5x, https:\/\/i0.wp.com\/www.freidenker.org\/fw17\/wp-content\/uploads\/2018\/02\/Berliner_Ostermarsch_2018_abruesten_800x445.jpg?fit=800%2C445&ssl=1&resize=700%2C400 2x"},"classes":[]},{"id":24883,"url":"https:\/\/www.freidenker.org\/?p=24883","url_meta":{"origin":6258,"position":4},"title":"Osterm\u00e4rsche 2026 in Hessen","author":"Webredaktion","date":"18. April 2026","format":false,"excerpt":"Wir berichten von einigen Veranstaltungen anl\u00e4sslich der Osterm\u00e4rsche in Hessen, an denen auch zahlreiche Mitglieder unseres Verbandes teilnahmen und mitwirkten. Der traditionelle Start der Hessischen Osterm\u00e4rsche fand auch diesmal mit dem Ostermarsch der Friedenplattform Hanau 2026 am Karfreitag (3.4.26) in Bruchk\u00f6bel statt. Die Kundgebung begann um 14:00 Uhr und stand\u2026","rel":"","context":"In &quot;Aktuelles&quot;","block_context":{"text":"Aktuelles","link":"https:\/\/www.freidenker.org\/?cat=574"},"img":{"alt_text":"","src":"https:\/\/i0.wp.com\/www.freidenker.org\/fw17\/wp-content\/uploads\/2026\/04\/OM26-Frankfurt-133056_800x450.jpg?fit=800%2C450&ssl=1&resize=350%2C200","width":350,"height":200,"srcset":"https:\/\/i0.wp.com\/www.freidenker.org\/fw17\/wp-content\/uploads\/2026\/04\/OM26-Frankfurt-133056_800x450.jpg?fit=800%2C450&ssl=1&resize=350%2C200 1x, https:\/\/i0.wp.com\/www.freidenker.org\/fw17\/wp-content\/uploads\/2026\/04\/OM26-Frankfurt-133056_800x450.jpg?fit=800%2C450&ssl=1&resize=525%2C300 1.5x, https:\/\/i0.wp.com\/www.freidenker.org\/fw17\/wp-content\/uploads\/2026\/04\/OM26-Frankfurt-133056_800x450.jpg?fit=800%2C450&ssl=1&resize=700%2C400 2x"},"classes":[]},{"id":21538,"url":"https:\/\/www.freidenker.org\/?p=21538","url_meta":{"origin":6258,"position":5},"title":"Falsche Redner eingeladen: Ostermarsch D\u00fcsseldorf von Friedensbewegung Rhein-Ruhr ausgegrenzt","author":"Webredaktion","date":"28. April 2025","format":false,"excerpt":"Beitrag von Felicitas Rabe Organisiert vom Friedensforum D\u00fcsseldorf fand am Samstag der traditionelle D\u00fcsseldorfer Ostermarsch statt. Unter dem Motto \"Kriegst\u00fcchtig? Nicht mit uns!\" beteiligten sich am Samstag rund 700 Friedensaktivisten am D\u00fcsseldorfer Ostermarsch, darunter Bef\u00fcrworter und Mitglieder der pal\u00e4stinensischen Allianz NRW, der Assange-Gruppe D\u00fcsseldorf, der DKP, des B\u00fcndnisses Sahra Wagenknecht,\u2026","rel":"","context":"In &quot;Demokratie \u2013 Medien \u2013 Aufkl\u00e4rung&quot;","block_context":{"text":"Demokratie \u2013 Medien \u2013 Aufkl\u00e4rung","link":"https:\/\/www.freidenker.org\/?cat=12"},"img":{"alt_text":"","src":"https:\/\/i0.wp.com\/www.freidenker.org\/fw17\/wp-content\/uploads\/2025\/04\/Ostermarsch-Duesseldorf-2025_800x450.jpg?fit=800%2C450&ssl=1&resize=350%2C200","width":350,"height":200,"srcset":"https:\/\/i0.wp.com\/www.freidenker.org\/fw17\/wp-content\/uploads\/2025\/04\/Ostermarsch-Duesseldorf-2025_800x450.jpg?fit=800%2C450&ssl=1&resize=350%2C200 1x, https:\/\/i0.wp.com\/www.freidenker.org\/fw17\/wp-content\/uploads\/2025\/04\/Ostermarsch-Duesseldorf-2025_800x450.jpg?fit=800%2C450&ssl=1&resize=525%2C300 1.5x, https:\/\/i0.wp.com\/www.freidenker.org\/fw17\/wp-content\/uploads\/2025\/04\/Ostermarsch-Duesseldorf-2025_800x450.jpg?fit=800%2C450&ssl=1&resize=700%2C400 2x"},"classes":[]}],"_links":{"self":[{"href":"https:\/\/www.freidenker.org\/index.php?rest_route=\/wp\/v2\/posts\/6258","targetHints":{"allow":["GET"]}}],"collection":[{"href":"https:\/\/www.freidenker.org\/index.php?rest_route=\/wp\/v2\/posts"}],"about":[{"href":"https:\/\/www.freidenker.org\/index.php?rest_route=\/wp\/v2\/types\/post"}],"author":[{"embeddable":true,"href":"https:\/\/www.freidenker.org\/index.php?rest_route=\/wp\/v2\/users\/3"}],"replies":[{"embeddable":true,"href":"https:\/\/www.freidenker.org\/index.php?rest_route=%2Fwp%2Fv2%2Fcomments&post=6258"}],"version-history":[{"count":0,"href":"https:\/\/www.freidenker.org\/index.php?rest_route=\/wp\/v2\/posts\/6258\/revisions"}],"wp:featuredmedia":[{"embeddable":true,"href":"https:\/\/www.freidenker.org\/index.php?rest_route=\/wp\/v2\/media\/6259"}],"wp:attachment":[{"href":"https:\/\/www.freidenker.org\/index.php?rest_route=%2Fwp%2Fv2%2Fmedia&parent=6258"}],"wp:term":[{"taxonomy":"category","embeddable":true,"href":"https:\/\/www.freidenker.org\/index.php?rest_route=%2Fwp%2Fv2%2Fcategories&post=6258"},{"taxonomy":"post_tag","embeddable":true,"href":"https:\/\/www.freidenker.org\/index.php?rest_route=%2Fwp%2Fv2%2Ftags&post=6258"}],"curies":[{"name":"wp","href":"https:\/\/api.w.org\/{rel}","templated":true}]}}