{"id":625,"date":"2005-08-05T13:45:35","date_gmt":"2005-08-05T11:45:35","guid":{"rendered":"http:\/\/www.freidenker.org\/fw17\/?p=625"},"modified":"2018-02-18T19:07:29","modified_gmt":"2018-02-18T18:07:29","slug":"spontan-wuerde-ich-koelle-alaaf-sagen","status":"publish","type":"post","link":"https:\/\/www.freidenker.org\/?p=625","title":{"rendered":"\u00bbSpontan w\u00fcrde ich \u203aK\u00f6lle Alaaf\u2039 sagen\u00ab"},"content":{"rendered":"<p align=\"left\"><strong>Zahlreiche Aufkl\u00e4rungsaktionen zum \u00bbWeltjugendtag\u00ab. Freidenker bieten offene Diskussionen an. Kirchenaustrittsparty und Freigeisterzug sind geplant! Ein Gespr\u00e4ch mit Klaus Hartmann<\/strong><\/p>\n<p align=\"left\"><em>Klaus Hartmann ist Vorsitzender des Deutschen Freidenkerverbandes<\/em><\/p>\n<p align=\"left\">F: Wie stehen die Freidenker zu der katholischen Massenveranstaltung, die vom 15. bis 21. August in K\u00f6ln stattfindet?<\/p>\n<p align=\"left\">\u00a0Angesichts der pr\u00e4chtigen Kost\u00fcme k\u00f6nnte man spontan \u00bbK\u00f6lle Alaaf\u00ab sagen. Aber bei n\u00e4herer Betrachtung stellt man doch fest, da\u00df dort zwischen Harmlosigkeit und L\u00e4cherlichkeit Propaganda f\u00fcr knallharte reaktion\u00e4re Politik gemacht werden soll. Beide Hauptpersonen \u2013 der Papst und sein K\u00f6lner Kardinal Meisner \u2013 sind Hardliner, die gegen Abtreibung und gegen Verh\u00fctung sind. Beide f\u00f6rdern die reaktion\u00e4re Geheimorganisation Opus dei, beide sind Gegner der Befreiungstheologie und Bef\u00fcrworter des Sozialabbaus.<\/p>\n<p align=\"left\">\u00a0Unvergessen ist das Ja des Vatikans zum NATO-Krieg gegen Jugoslawien \u2013 noch am Vorabend des Angriffs wurde der kroatische Kardinal Alojzije Stepinac selig gesprochen. Das Oberste Volksgericht in Zagreb hatte ihn nach der Befreiung vom Faschismus wegen seiner Rolle bei den Massakern der kroatischen Katholiken an Serben zu 16 Jahren Zwangsarbeit verurteilt.<\/p>\n<p align=\"left\">\u00a0F: Freidenker und andere religionskritische Organisationen bereiten parallel zu diesem \u00bbWeltjugendtag\u00ab Gegenaktionen vor. Wie soll das aussehen?<\/p>\n<p align=\"left\">\u00a0Es gibt Aktionen auf der Stra\u00dfe, wir bereiten aber auch ernsthafte Diskussionsveranstaltungen und Feste vor, auch in Bonn und D\u00fcsseldorf. Alles steht unter dem Motto \u00bbHeidenspa\u00df statt H\u00f6llenqual\u00ab. Beteiligt sind die Freidenker, der Internationale Bund der Konfessionslosen und Atheisten (IBKA), das Kunst- und Videoarchiv KAOS-Produktion, die Giordano-Bruno-Stiftung und andere.<\/p>\n<p align=\"left\">\u00a0Die mehr provokativen Veranstaltungen sind zum Beispiel eine Kirchenaustrittsparty oder eine Art Prozession, der erste K\u00f6lner Freigeisterzug. Wir werden auch eine Heidenspa\u00df-Party haben.<\/p>\n<p align=\"left\">\u00a0F: Mu\u00df man nicht bef\u00fcrchten, da\u00df sich gl\u00e4ubige Christen durch solche Veranstaltungen in ihrem religi\u00f6sen Empfinden gest\u00f6rt f\u00fchlen?<\/p>\n<p align=\"left\">\u00a0Zun\u00e4chst sollte man die Frage stellen, ob sich nicht der K\u00f6lner Normalb\u00fcrger durch die Invasion von Kreuzz\u00fcglern gest\u00f6rt f\u00fchlt. Und dann mu\u00df man davon ausgehen, da\u00df die Mehrzahl der Teilnehmer vermutlich weniger aus religi\u00f6sen Gef\u00fchlen als aus Erlebnishunger zu diesem \u00bbEvent\u00ab anreist.<\/p>\n<p align=\"left\">\u00a0Falls Katholiken ernsthaft an Diskussionen interessiert sind, k\u00f6nnen sie gerne auf unsere Angebote zur\u00fcckgreifen \u2013 etwa zu dem Thema der Aktualit\u00e4t von Jesus und Marx, bezogen auf die Globalisierungspolitik. Sie k\u00f6nnen sich bei uns auch \u00fcber die Haltung von Benedikt XVI. zur Theologie der Befreiung informieren. Oder \u00fcber Differenzen und Gemeinsamkeiten von marxistischem und christlichen Weltbild. Wir bieten den Dialog dar\u00fcber an, wie man gemeinsam diese Welt verbessern kann, unabh\u00e4ngig von der jeweiligen Weltanschauung.<\/p>\n<p align=\"left\">\u00a0F: Welche Aufgaben sehen die Freidenker f\u00fcr sich selbst, und welche Rolle spielen sie in der \u00d6ffentlichkeit?<\/p>\n<p align=\"left\">\u00a0Sie spielen nur eine geringe Rolle, weil sie von den Medien nur selten wahrgenommen werden. Und das, obwohl die Zahl der Konfessionslosen in Deutschland gr\u00f6\u00dfer als die der Katholiken ist.<\/p>\n<p align=\"left\">\u00a0Unsere Aufgabe ist sicherlich nicht der Kampf gegen Gl\u00e4ubige oder gegen die Religion. Wir wenden uns aber gegen den politischen Klerikalismus, gegen das Staatskirchentum und gegen den Irrationalismus, sei es in religi\u00f6ser oder weltlicher Gestalt.<\/p>\n<p align=\"left\">\u00a0Im Gegensatz zu den Kirchen stehen hinter uns Freidenkern keine milliardenschweren Apparate. Dazu ein Beispiel: Nach dem Staat ist die katholische Kirche in Deutschland der gr\u00f6\u00dfte Grundbesitzer. Sie hat ein Kapital- und Anlageverm\u00f6gen von \u00fcber 100 Milliarden Euro. Aufgrund von Privilegien, die sie 1933 mit Hitler vereinbarte, wird sie heute immer noch bevorzugt behandelt. Sie bekommt sogar noch aus der Zeit der Franz\u00f6sischen Revolution j\u00e4hrlich Entsch\u00e4digungszahlungen f\u00fcr enteignete Kircheng\u00fcter. Und allein das K\u00f6lner Festival wird mit etwa 15 Millionen Euro aus Steuermitteln gef\u00f6rdert.<\/p>\n<p align=\"left\"><u>Quelle:<\/u> <a href=\"http:\/\/www.jungewelt.de\/2005\/08-05\/024.php\" target=\"_blank\" rel=\"noopener\">http:\/\/www.jungewelt.de\/2005\/08-05\/024.php<\/a><\/p>\n<hr \/>\n<p align=\"left\">Bild: https:\/\/pixabay.com\/de\/users\/komodo51284-113787\/<\/p>\n","protected":false},"excerpt":{"rendered":"<p><strong>Interview der &#8222;jungen Welt&#8220; mit Klaus Hartmann, Bundesvorsitzender des Deutschen Freidenker-Verbandes<\/strong><br \/>\nF: Wie stehen die Freidenker zu der katholischen Massenveranstaltung, die vom 15. bis 21. August in K\u00f6ln stattfindet?<br \/>\nA: Angesichts der pr\u00e4chtigen Kost\u00fcme k\u00f6nnte man spontan \u00bbK\u00f6lle Alaaf\u00ab sagen. Aber bei n\u00e4herer Betrachtung stellt man doch fest, da\u00df dort zwischen Harmlosigkeit und L\u00e4cherlichkeit Propaganda f\u00fcr knallharte reaktion\u00e4re Politik gemacht werden soll. Beide Hauptpersonen \u2013 der Papst und sein K\u00f6lner Kardinal Meisner \u2013 sind Hardliner, die gegen Abtreibung und gegen Verh\u00fctung sind. Beide f\u00f6rdern die reaktion\u00e4re Geheimorganisation Opus dei, beide sind Gegner der Befreiungstheologie und Bef\u00fcrworter des Sozialabbaus.<\/p>\n","protected":false},"author":2,"featured_media":627,"comment_status":"closed","ping_status":"closed","sticky":false,"template":"","format":"standard","meta":{"colormag_page_container_layout":"default_layout","colormag_page_sidebar_layout":"default_layout","advanced_seo_description":"","jetpack_seo_html_title":"","jetpack_seo_noindex":false,"jetpack_post_was_ever_published":false,"footnotes":""},"categories":[15],"tags":[1009,54,289],"class_list":["post-625","post","type-post","status-publish","format-standard","has-post-thumbnail","hentry","category-religions-kirchenkritik","tag-katholischer-weltjugendtag","tag-kirche","tag-koeln"],"jetpack_featured_media_url":"https:\/\/i0.wp.com\/www.freidenker.org\/fw17\/wp-content\/uploads\/2016\/08\/Koelln.jpg?fit=800%2C445&ssl=1","jetpack_shortlink":"https:\/\/wp.me\/p9stpK-a5","jetpack-related-posts":[{"id":642,"url":"https:\/\/www.freidenker.org\/?p=642","url_meta":{"origin":625,"position":0},"title":"Klaus Hartmann: Aufstehen statt niederknien","author":"Webmaster","date":"17. September 2005","format":false,"excerpt":"Beitrag von Klaus Hartmann aus FREIDENKER 3-05 \"Weltjugendtag\" hei\u00dft die fromme Heerschau dieser Tage in K\u00f6ln, der Name jedoch ist Anma\u00dfung: Obwohl Hunderttausende erwartet werden, die \"Weltjugend\" ist das nicht \u2013 es ist ebenso wenig das Treffen von Atheisten wie von Buddhisten, Muslimen oder Hindus, Juden oder orthodoxen Chris\u00adten. Zumindest\u2026","rel":"","context":"In &quot;Religions- &amp; Kirchenkritik, S\u00e4kulare Szene&quot;","block_context":{"text":"Religions- &amp; Kirchenkritik, S\u00e4kulare Szene","link":"https:\/\/www.freidenker.org\/?cat=15"},"img":{"alt_text":"","src":"https:\/\/i0.wp.com\/www.freidenker.org\/fw17\/wp-content\/uploads\/2016\/08\/Papst.jpg?fit=800%2C445&ssl=1&resize=350%2C200","width":350,"height":200,"srcset":"https:\/\/i0.wp.com\/www.freidenker.org\/fw17\/wp-content\/uploads\/2016\/08\/Papst.jpg?fit=800%2C445&ssl=1&resize=350%2C200 1x, https:\/\/i0.wp.com\/www.freidenker.org\/fw17\/wp-content\/uploads\/2016\/08\/Papst.jpg?fit=800%2C445&ssl=1&resize=525%2C300 1.5x, https:\/\/i0.wp.com\/www.freidenker.org\/fw17\/wp-content\/uploads\/2016\/08\/Papst.jpg?fit=800%2C445&ssl=1&resize=700%2C400 2x"},"classes":[]},{"id":696,"url":"https:\/\/www.freidenker.org\/?p=696","url_meta":{"origin":625,"position":1},"title":"FREIDENKER 1-09 &#8211; Internationales Charles-Darwin-Jahr","author":"Webmaster","date":"16. M\u00e4rz 2009","format":false,"excerpt":"Die Ausgabe 1-09 des Verbandsorgans FREIDENKER hat das Schwerpunkt-Thema \u201eInternationales Charles-Darwin-Jahr\u201c und enth\u00e4lt u.a folgende Beitr\u00e4ge: - Klaus Hartmann: Das Internationale Darwin-Jahr - Charles Darwin und die Evolutionswissenschaft - Fundsachen und ihre Zeit - Robert Steigerwald: Aristoteles und der ,intelligente Designer\u2018 - Sozialdarwinismus - Sebastian Bahlo: Der halbe oder der\u2026","rel":"","context":"In &quot;Verbandsorgan FREIDENKER&quot;","block_context":{"text":"Verbandsorgan FREIDENKER","link":"https:\/\/www.freidenker.org\/?cat=8"},"img":{"alt_text":"","src":"https:\/\/i0.wp.com\/www.freidenker.org\/fw17\/wp-content\/uploads\/2017\/12\/FD_2009-01_Titel_mR.jpg?fit=800%2C445&ssl=1&resize=350%2C200","width":350,"height":200,"srcset":"https:\/\/i0.wp.com\/www.freidenker.org\/fw17\/wp-content\/uploads\/2017\/12\/FD_2009-01_Titel_mR.jpg?fit=800%2C445&ssl=1&resize=350%2C200 1x, https:\/\/i0.wp.com\/www.freidenker.org\/fw17\/wp-content\/uploads\/2017\/12\/FD_2009-01_Titel_mR.jpg?fit=800%2C445&ssl=1&resize=525%2C300 1.5x, https:\/\/i0.wp.com\/www.freidenker.org\/fw17\/wp-content\/uploads\/2017\/12\/FD_2009-01_Titel_mR.jpg?fit=800%2C445&ssl=1&resize=700%2C400 2x"},"classes":[]},{"id":3951,"url":"https:\/\/www.freidenker.org\/?p=3951","url_meta":{"origin":625,"position":2},"title":"Der &#8222;Querfront&#8220; auf der Spur: Interview mit Klaus Hartmann","author":"Webredaktion","date":"17. Januar 2018","format":false,"excerpt":"Interview von RT-Deutsch mit Klaus Hartmann In Deutschland gilt Meinungsfreiheit. Sagen vor allem diejenigen, die von einer Mainstream-Meinung nie abgewichen sind. Was aber passiert, wenn man die Kriege hinterfragt, die im Namen der Demokratie gef\u00fchrt werden? Oder etwa das Sozialsystem in Deutschland? Diejenigen, die das wagen, sind oft gezwungen, sich\u2026","rel":"","context":"In &quot;Frieden - Antifaschismus - Solidarit\u00e4t&quot;","block_context":{"text":"Frieden - Antifaschismus - Solidarit\u00e4t","link":"https:\/\/www.freidenker.org\/?cat=13"},"img":{"alt_text":"","src":"https:\/\/i0.wp.com\/www.freidenker.org\/fw17\/wp-content\/uploads\/2018\/01\/Klartext_Hartmann_RTDeutsch_2018-01-16_800x445.jpg?fit=800%2C445&ssl=1&resize=350%2C200","width":350,"height":200,"srcset":"https:\/\/i0.wp.com\/www.freidenker.org\/fw17\/wp-content\/uploads\/2018\/01\/Klartext_Hartmann_RTDeutsch_2018-01-16_800x445.jpg?fit=800%2C445&ssl=1&resize=350%2C200 1x, https:\/\/i0.wp.com\/www.freidenker.org\/fw17\/wp-content\/uploads\/2018\/01\/Klartext_Hartmann_RTDeutsch_2018-01-16_800x445.jpg?fit=800%2C445&ssl=1&resize=525%2C300 1.5x, https:\/\/i0.wp.com\/www.freidenker.org\/fw17\/wp-content\/uploads\/2018\/01\/Klartext_Hartmann_RTDeutsch_2018-01-16_800x445.jpg?fit=800%2C445&ssl=1&resize=700%2C400 2x"},"classes":[]},{"id":3035,"url":"https:\/\/www.freidenker.org\/?p=3035","url_meta":{"origin":625,"position":3},"title":"Gehackte Facebook-Seite und Anti-Freidenker-Kampagne","author":"Webredaktion","date":"4. Januar 2015","format":false,"excerpt":"Die Facebookseite des Verbandsvorsitzenden Klaus Hartmann wurde zum wiederholten Male gehackt. Es wurde wieder ein kompromittierendes Bild auf die Seite gebracht, diesmal eine nackte Kanzlerin Merkel als \"Prostituierte j\u00fcdischer Bankerfamilien\". Nachdem in der Vergangenheit schon wiederholt Werbung f\u00fcr Faschisten, Hakenkreuzfahnen und sonstiger Nazim\u00fcll gel\u00f6scht werden mussten, technische Vorkehrungen hiergegen aber\u2026","rel":"","context":"In &quot;Demokratie \u2013 Medien \u2013 Aufkl\u00e4rung&quot;","block_context":{"text":"Demokratie \u2013 Medien \u2013 Aufkl\u00e4rung","link":"https:\/\/www.freidenker.org\/?cat=12"},"img":{"alt_text":"","src":"https:\/\/i0.wp.com\/www.freidenker.org\/fw17\/wp-content\/uploads\/2015\/01\/binary-2170630_800x445.jpg?fit=800%2C445&ssl=1&resize=350%2C200","width":350,"height":200,"srcset":"https:\/\/i0.wp.com\/www.freidenker.org\/fw17\/wp-content\/uploads\/2015\/01\/binary-2170630_800x445.jpg?fit=800%2C445&ssl=1&resize=350%2C200 1x, https:\/\/i0.wp.com\/www.freidenker.org\/fw17\/wp-content\/uploads\/2015\/01\/binary-2170630_800x445.jpg?fit=800%2C445&ssl=1&resize=525%2C300 1.5x, https:\/\/i0.wp.com\/www.freidenker.org\/fw17\/wp-content\/uploads\/2015\/01\/binary-2170630_800x445.jpg?fit=800%2C445&ssl=1&resize=700%2C400 2x"},"classes":[]},{"id":4366,"url":"https:\/\/www.freidenker.org\/?p=4366","url_meta":{"origin":625,"position":4},"title":"Tagung der Weltunion der Freidenker und Kolloquium zum Thema &#8222;Fake News&#8220;","author":"Webredaktion","date":"4. September 2017","format":false,"excerpt":"B\u00fcro und Internationaler Rat der Weltunion der Freidenker (WUF) trafen sich am 1. und 2. September 2017 zu einer gemeinsamen Tagung in K\u00f6ln. Am Nachmittag des 2. September 2017 fand im K\u00f6lner Freidenker-Zentrum ein Kolloquium zum Thema \u201eFake news\u201c \u2013 eine Herausforderung f\u00fcr die Verteidigung des freien Denkens\" statt. Es\u2026","rel":"","context":"In &quot;Demokratie \u2013 Medien \u2013 Aufkl\u00e4rung&quot;","block_context":{"text":"Demokratie \u2013 Medien \u2013 Aufkl\u00e4rung","link":"https:\/\/www.freidenker.org\/?cat=12"},"img":{"alt_text":"","src":"https:\/\/i0.wp.com\/www.freidenker.org\/fw17\/wp-content\/uploads\/2018\/02\/fake-1903823_800x445.jpg?fit=800%2C445&ssl=1&resize=350%2C200","width":350,"height":200,"srcset":"https:\/\/i0.wp.com\/www.freidenker.org\/fw17\/wp-content\/uploads\/2018\/02\/fake-1903823_800x445.jpg?fit=800%2C445&ssl=1&resize=350%2C200 1x, https:\/\/i0.wp.com\/www.freidenker.org\/fw17\/wp-content\/uploads\/2018\/02\/fake-1903823_800x445.jpg?fit=800%2C445&ssl=1&resize=525%2C300 1.5x, https:\/\/i0.wp.com\/www.freidenker.org\/fw17\/wp-content\/uploads\/2018\/02\/fake-1903823_800x445.jpg?fit=800%2C445&ssl=1&resize=700%2C400 2x"},"classes":[]},{"id":23957,"url":"https:\/\/www.freidenker.org\/?p=23957","url_meta":{"origin":625,"position":5},"title":"FREIDENKER 4-25 \u2013 Indianerland in Indianerhand","author":"Webredaktion","date":"23. Dezember 2025","format":false,"excerpt":"Die Ausgabe 4-25 des Verbandsorgans FREIDENKER hat das Schwerpunkt-Thema \u201eIndianerland in Indianerhand\u201c und enth\u00e4lt u.a. folgende Beitr\u00e4ge: - Klaus Hartmann: \u201eAmerika gegen Europa\u201c - Leonard Peltier geht nach Hause! Er ist frei nach einem halben Jahrhundert ungerechtfertigter Inhaftierung - Andreas Wehr: Das Erbe der Herrenvolkdemokratien - Indianer \u2013 darf man\u2026","rel":"","context":"In &quot;Verbandsorgan FREIDENKER&quot;","block_context":{"text":"Verbandsorgan FREIDENKER","link":"https:\/\/www.freidenker.org\/?cat=8"},"img":{"alt_text":"","src":"https:\/\/i0.wp.com\/www.freidenker.org\/fw17\/wp-content\/uploads\/2025\/12\/FD_2025-04_Titel_mR.jpg?fit=800%2C445&ssl=1&resize=350%2C200","width":350,"height":200,"srcset":"https:\/\/i0.wp.com\/www.freidenker.org\/fw17\/wp-content\/uploads\/2025\/12\/FD_2025-04_Titel_mR.jpg?fit=800%2C445&ssl=1&resize=350%2C200 1x, https:\/\/i0.wp.com\/www.freidenker.org\/fw17\/wp-content\/uploads\/2025\/12\/FD_2025-04_Titel_mR.jpg?fit=800%2C445&ssl=1&resize=525%2C300 1.5x, https:\/\/i0.wp.com\/www.freidenker.org\/fw17\/wp-content\/uploads\/2025\/12\/FD_2025-04_Titel_mR.jpg?fit=800%2C445&ssl=1&resize=700%2C400 2x"},"classes":[]}],"_links":{"self":[{"href":"https:\/\/www.freidenker.org\/index.php?rest_route=\/wp\/v2\/posts\/625","targetHints":{"allow":["GET"]}}],"collection":[{"href":"https:\/\/www.freidenker.org\/index.php?rest_route=\/wp\/v2\/posts"}],"about":[{"href":"https:\/\/www.freidenker.org\/index.php?rest_route=\/wp\/v2\/types\/post"}],"author":[{"embeddable":true,"href":"https:\/\/www.freidenker.org\/index.php?rest_route=\/wp\/v2\/users\/2"}],"replies":[{"embeddable":true,"href":"https:\/\/www.freidenker.org\/index.php?rest_route=%2Fwp%2Fv2%2Fcomments&post=625"}],"version-history":[{"count":0,"href":"https:\/\/www.freidenker.org\/index.php?rest_route=\/wp\/v2\/posts\/625\/revisions"}],"wp:featuredmedia":[{"embeddable":true,"href":"https:\/\/www.freidenker.org\/index.php?rest_route=\/wp\/v2\/media\/627"}],"wp:attachment":[{"href":"https:\/\/www.freidenker.org\/index.php?rest_route=%2Fwp%2Fv2%2Fmedia&parent=625"}],"wp:term":[{"taxonomy":"category","embeddable":true,"href":"https:\/\/www.freidenker.org\/index.php?rest_route=%2Fwp%2Fv2%2Fcategories&post=625"},{"taxonomy":"post_tag","embeddable":true,"href":"https:\/\/www.freidenker.org\/index.php?rest_route=%2Fwp%2Fv2%2Ftags&post=625"}],"curies":[{"name":"wp","href":"https:\/\/api.w.org\/{rel}","templated":true}]}}