{"id":6243,"date":"2019-04-19T14:06:50","date_gmt":"2019-04-19T12:06:50","guid":{"rendered":"https:\/\/www.freidenker.org\/?p=6243"},"modified":"2019-05-13T02:14:02","modified_gmt":"2019-05-13T00:14:02","slug":"wir-trauern-um-mira-markovic","status":"publish","type":"post","link":"https:\/\/www.freidenker.org\/?p=6243","title":{"rendered":"Wir trauern um Mira Markovi\u0107"},"content":{"rendered":"<div style=\"border: 3pt solid; padding: 20pt;\">\n<p style=\"text-align: center;\"><strong>Das Internationale Komitee Slobodan Milo\u0161evi\u0107 trauert um<\/strong><\/p>\n<p style=\"text-align: center;\"><span style=\"font-size: 18pt;\"><strong>Prof. Dr. Mira Markovi\u0107<\/strong><\/span><\/p>\n<p style=\"text-align: center;\">10. Juli 1942 \u2013 14. April 2019<\/p>\n<p>Wir, die Mitglieder des ICSM, gedenken des \u00a0Lebens und Werks der Genossin Dr. Mira Markovi\u0107, die ihr ganzes Leben lang f\u00fcr ein sozialistisches Jugoslawien gearbeitet hat. Als Patriotin k\u00e4mpfte sie gemeinsam mit ihrem Mann, dem Pr\u00e4sidenten Slobodan Milo\u0161evi\u0107, gegen die NATO-gesteuerten Kriege, die Jugoslawien auseinandergerissen haben, gegen die finale NATO-Aggression 1999 und gegen die nach einem Staatstreich im Jahr 2000 \u00a0in Belgrad installierte westliche Marionetten-Regierung.<\/p>\n<p>Mirjana wurde in Po\u017earevaz\u00a0 in dem von den deutschen Faschisten besetzten Jugoslawien geboren. Sie war die Tochter einer kommunistischen Familie. Ihre Mutter Vera Mileti\u0107 wurde von der Gestapo verhaftet und bald nach ihrer Geburt ermordet. Ihr Vater Momcilo Markovi\u0107 k\u00e4mpfte in der Volksbefreiungsarmee und war nach der Befreiung vom Faschismus hochrangiger serbischer Funktion\u00e4r im Bund der Kommunisten Jugoslawiens.<\/p>\n<p>Mira studierte an der Belgrader Universit\u00e4t Soziologie und war in der kommunistischen Studentenbewegung aktiv. Sie promovierte zum Doktor und wurde zur Professorin berufen.\u00a0 Sie war ebenfalls Ehrenmitglied der Russischen Akademie der Sozialwissenschaften, Honorarprofessorin an der Staatlichen Universit\u00e4t Moskau und ver\u00f6ffentlichte zahlreiche B\u00fccher.<\/p>\n<p>1965 heiratete Mira ihre gro\u00dfe Liebe, Slobodan Milo\u0161evi\u0107, mit dem sie zwei Kinder, Marija und Marko hatte, und die sie \u00fcber alles liebten.<\/p>\n<p>Nachdem der Bund der Kommunisten zur Sozialistischen Partei Serbiens umgebildet wurde, die von Slobodan Milo\u0161evi\u0107 gef\u00fchrt wurde, rief Mira zur Gr\u00fcndung der Partei der Jugoslawischen Linken auf. Sie war deren f\u00fchrende Pers\u00f6nlichkeit bis zu dem von der NATO, George Soros und anderen \u201eMenschenfreunden\u201c aus den NATO-Staaten ausgel\u00f6sten Staatsstreich im Oktober 2000.<\/p>\n<p>Das in Belgrad installierte westh\u00f6rige Marionettenregime veranlasste 2001 die gesetzwidrige Entf\u00fchrung von Slobodan Milo\u0161evi\u0107\u00a0 nach Den Haag in das fr\u00fchere Gestapo-Gef\u00e4ngnis f\u00fcr politische Gefangene. Dann begannen sie die Verfolgung von Dr. Markovi\u0107 mit fingierten Anklagen und beantragten 2003 einen internationalen Haftbefehl. Die Gefahr f\u00fcr ihre Sicherheit und ihr Leben zwang sie, nach Russland zu fliehen und im Exil zu leben. Die Folge war, dass Mira ihren geliebten Mann fortan nicht mehr im Gef\u00e4ngnis besuchen konnte, w\u00e4hrend er gezwungen war, den NATO-Schauprozess im ICTY genannten Scheingericht \u00fcber sich ergehen lassen zu m\u00fcssen.<\/p>\n<p>Die Grausamkeit der NATO- und EU-Staaten sowie ihrer bezahlten Laufburschen in Serbien ihr gegen\u00fcber zeigte sich, als sie Mira sogar daran hinderten, 2006 an der Beerdigung von Pr\u00e4sident Milo\u0161evi\u0107 teilzunehmen, nachdem er in Den Haag ermordet worden war. Diese Grausamkeit bricht umso mehr das Herz, als die Liebe zwischen ihr und ihrem Ehemann grenzenlos war. Wir werden diese Grausamkeit niemals vergeben oder vergessen.<\/p>\n<p>Wir sind der Regierung der Russischen F\u00f6deration zu gro\u00dfem Dank verpflichtet, dass sie Mira und auch ihren Sohn Marko vor der politischen Verfolgung durch die \u201ewestlichen Demokraten\u201c sch\u00fctzten und ihnen politisches Asyl gew\u00e4hrten. Ihr Leben im Exil in Moskau wurde durch die Hilfe der russischen Regierung und die Unterst\u00fctzung von Freunden und der Familie ertr\u00e4glich gemacht.<\/p>\n<p>W\u00e4hrend der gesamten Tortur ihrer Trennung von ihrem Land und von ihrem Mann schrieb sie weiterhin ihre \u00dcberzeugungen nieder, um die Flamme des Sozialismus und des Fortschritts am Leben zu erhalten und ebenso die Flamme des Patriotismus f\u00fcr das serbische Volk.<\/p>\n<p>Die internationale Linke trauert um den Verlust einer Genossin. Serbien trauert um den Verlust einer Patriotin. Wir alle trauern um eine gro\u00dfe Frau, Ehefrau und Mutter, und um eine Freundin.<\/p>\n<p>&nbsp;<\/p>\n<p style=\"text-align: center;\"><span style=\"font-size: 14pt;\"><strong>F\u00fcr das Internationale Komitee Slobodan Milo\u0161evi\u0107:<\/strong><\/span><\/p>\n<p style=\"text-align: center;\"><strong>Klaus Hartmann\u00a0\u00a0\u00a0\u00a0\u00a0\u00a0 \u00a0\u00a0\u00a0 Ramsey Clark\u00a0\u00a0\u00a0\u00a0\u00a0\u00a0 \u00a0\u00a0\u00a0 Sergej Baburin<\/strong><br \/>\n(Co-Vorsitzende)<\/p>\n<p style=\"text-align: center;\"><strong>Vladimir Kr\u0161ljanin\u00a0\u00a0\u00a0\u00a0\u00a0\u00a0\u00a0\u00a0\u00a0\u00a0 Cathrin Sch\u00fctz<\/strong><br \/>\n(Sekretariat)<\/p>\n<p style=\"text-align: center;\"><strong>Christopher Black\u00a0\u00a0\u00a0\u00a0\u00a0\u00a0\u00a0\u00a0\u00a0\u00a0 Tiphaine Dickson<\/strong><br \/>\n(Juristisches Komitee)<\/p>\n<\/div>\n<p>&nbsp;<\/p>\n<p>Der Nachruf wurde zuerst ver\u00f6ffentlicht auf <a href=\"http:\/\/www.nrhz.de\/flyer\/beitrag.php?id=25830\" target=\"_blank\" rel=\"noopener noreferrer\">NRhZ Online<\/a>.<strong><br \/>\n<\/strong><\/p>\n","protected":false},"excerpt":{"rendered":"<p>Das Internationale Komitee Slobodan Milo\u0161evi\u0107 trauert umProf. Dr. Mira Markovi\u0107 (10. Juli 1942 \u2013 14. April 2019).<br \/>\nWir, die Mitglieder des ICSM, gedenken des \u00a0Lebens und Werks der Genossin Dr. Mira Markovi\u0107, die ihr ganzes Leben lang f\u00fcr ein sozialistisches Jugoslawien gearbeitet hat. Als Patriotin k\u00e4mpfte sie gemeinsam mit ihrem Mann, dem Pr\u00e4sidenten Slobodan Milo\u0161evi\u0107, gegen die NATO-gesteuerten Kriege, die Jugoslawien auseinandergerissen haben, gegen die finale NATO-Aggression 1999 und gegen die nach einem Staatstreich im Jahr 2000 in Belgrad installierte westliche Marionetten-Regierung.<\/p>\n","protected":false},"author":3,"featured_media":6245,"comment_status":"closed","ping_status":"closed","sticky":false,"template":"","format":"standard","meta":{"colormag_page_container_layout":"default_layout","colormag_page_sidebar_layout":"default_layout","advanced_seo_description":"","jetpack_seo_html_title":"","jetpack_seo_noindex":false,"jetpack_post_was_ever_published":false,"footnotes":""},"categories":[17],"tags":[590,764,48,25],"class_list":["post-6243","post","type-post","status-publish","format-standard","has-post-thumbnail","hentry","category-weltliche-trauerkultur","tag-jugoslawien","tag-serbien","tag-slobodan-milosevic","tag-trauer"],"jetpack_featured_media_url":"https:\/\/i0.wp.com\/www.freidenker.org\/fw17\/wp-content\/uploads\/2019\/04\/mira_markovic_800x445.jpg?fit=800%2C445&ssl=1","jetpack_shortlink":"https:\/\/wp.me\/p9stpK-1CH","jetpack-related-posts":[{"id":265,"url":"https:\/\/www.freidenker.org\/?p=265","url_meta":{"origin":6243,"position":0},"title":"Protestaktion in Den Haag &#8211; Zehnter Todestag S. Milo\u0161evic","author":"Webmaster","date":"8. M\u00e4rz 2016","format":false,"excerpt":"Am Freitag, den 11. M\u00e4rz 2016, j\u00e4hrt sich der Todestag des fr\u00fcheren serbischen und jugoslawischen Pr\u00e4sidenten Slobodan Milo\u0161evic zum zehnten Mal. Im M\u00e4rz 2006 wurde Milo\u0161evic Opfer der NATO-Siegerjustiz in Gestalt des v\u00f6lkerrechtswidrigen Haager Tribunals f\u00fcr das ehemalige Jugoslawien! Slobodan Milo\u0161evic entlarvte vor dem Tribunal die L\u00fcgen der Anklage und\u2026","rel":"","context":"In &quot;Frieden - Antifaschismus - Solidarit\u00e4t&quot;","block_context":{"text":"Frieden - Antifaschismus - Solidarit\u00e4t","link":"https:\/\/www.freidenker.org\/?cat=13"},"img":{"alt_text":"","src":"https:\/\/i0.wp.com\/www.freidenker.org\/fw17\/wp-content\/uploads\/2016\/07\/Den_Haag.jpg?fit=800%2C445&ssl=1&resize=350%2C200","width":350,"height":200,"srcset":"https:\/\/i0.wp.com\/www.freidenker.org\/fw17\/wp-content\/uploads\/2016\/07\/Den_Haag.jpg?fit=800%2C445&ssl=1&resize=350%2C200 1x, https:\/\/i0.wp.com\/www.freidenker.org\/fw17\/wp-content\/uploads\/2016\/07\/Den_Haag.jpg?fit=800%2C445&ssl=1&resize=525%2C300 1.5x, https:\/\/i0.wp.com\/www.freidenker.org\/fw17\/wp-content\/uploads\/2016\/07\/Den_Haag.jpg?fit=800%2C445&ssl=1&resize=700%2C400 2x"},"classes":[]},{"id":11320,"url":"https:\/\/www.freidenker.org\/?p=11320","url_meta":{"origin":6243,"position":1},"title":"Das politische Verm\u00e4chtnis von Slobodan Milo\u0161evi\u0107 weitertragen","author":"Webredaktion","date":"3. Oktober 2021","format":false,"excerpt":"Rede von Peter Betscher auf der internationalen Online Konferenz \"MILOSEVIC - GEGEN NATO-VERBRECHEN, F\u00dcR EINE NEUE WELT\" am 1. Oktober 2021 Hierzulande waren viele von der Illusion befangen, dass wegen seiner faschistischen Vergangenheit Deutschland sich an keinen Kriegen mehr beteiligen k\u00f6nne, obwohl die Zeichen schon l\u00e4ngst an der Wand standen.\u2026","rel":"","context":"In &quot;Frieden - Antifaschismus - Solidarit\u00e4t&quot;","block_context":{"text":"Frieden - Antifaschismus - Solidarit\u00e4t","link":"https:\/\/www.freidenker.org\/?cat=13"},"img":{"alt_text":"","src":"https:\/\/i0.wp.com\/www.freidenker.org\/fw17\/wp-content\/uploads\/2021\/10\/Milosevic-Konferenz_Betscher_800x450.jpg?fit=800%2C450&ssl=1&resize=350%2C200","width":350,"height":200,"srcset":"https:\/\/i0.wp.com\/www.freidenker.org\/fw17\/wp-content\/uploads\/2021\/10\/Milosevic-Konferenz_Betscher_800x450.jpg?fit=800%2C450&ssl=1&resize=350%2C200 1x, https:\/\/i0.wp.com\/www.freidenker.org\/fw17\/wp-content\/uploads\/2021\/10\/Milosevic-Konferenz_Betscher_800x450.jpg?fit=800%2C450&ssl=1&resize=525%2C300 1.5x, https:\/\/i0.wp.com\/www.freidenker.org\/fw17\/wp-content\/uploads\/2021\/10\/Milosevic-Konferenz_Betscher_800x450.jpg?fit=800%2C450&ssl=1&resize=700%2C400 2x"},"classes":[]},{"id":11314,"url":"https:\/\/www.freidenker.org\/?p=11314","url_meta":{"origin":6243,"position":2},"title":"Milo\u0161evi\u0107 2021: Zusammenarbeit und Freundschaft mit Russland und China!","author":"Webredaktion","date":"3. Oktober 2021","format":false,"excerpt":"Rede von Klaus Hartmann auf der internationalen Online Konferenz \"MILOSEVIC - GEGEN NATO-VERBRECHEN, F\u00dcR EINE NEUE WELT\" am 1. Oktober 2021 Geschichtliche Jahrestage haben f\u00fcr uns nicht nur die Bedeutung des Erinnerns, der Ehrung oder der Trauer. Sie sollen auch als Mahnung dienen und das geschichtliche Bewusstsein unserer Zeitgenossen und\u2026","rel":"","context":"In &quot;Frieden - Antifaschismus - Solidarit\u00e4t&quot;","block_context":{"text":"Frieden - Antifaschismus - Solidarit\u00e4t","link":"https:\/\/www.freidenker.org\/?cat=13"},"img":{"alt_text":"","src":"https:\/\/i0.wp.com\/www.freidenker.org\/fw17\/wp-content\/uploads\/2021\/10\/Milosevic-Konferenz_Hartmann_800x450.jpg?fit=800%2C450&ssl=1&resize=350%2C200","width":350,"height":200,"srcset":"https:\/\/i0.wp.com\/www.freidenker.org\/fw17\/wp-content\/uploads\/2021\/10\/Milosevic-Konferenz_Hartmann_800x450.jpg?fit=800%2C450&ssl=1&resize=350%2C200 1x, https:\/\/i0.wp.com\/www.freidenker.org\/fw17\/wp-content\/uploads\/2021\/10\/Milosevic-Konferenz_Hartmann_800x450.jpg?fit=800%2C450&ssl=1&resize=525%2C300 1.5x, https:\/\/i0.wp.com\/www.freidenker.org\/fw17\/wp-content\/uploads\/2021\/10\/Milosevic-Konferenz_Hartmann_800x450.jpg?fit=800%2C450&ssl=1&resize=700%2C400 2x"},"classes":[]},{"id":18498,"url":"https:\/\/www.freidenker.org\/?p=18498","url_meta":{"origin":6243,"position":3},"title":"25 Jahre NATO-Aggression gegen Jugoslawien &#8211; Solidarit\u00e4tsreise","author":"Webredaktion","date":"8. M\u00e4rz 2024","format":false,"excerpt":"Solidarit\u00e4tsreise nach Belgrad 21. - 27 M\u00e4rz 2024 Der \u00dcberfall der NATO am 24. M\u00e4rz 1999 und der 78 Tage lange Bombenterror gegen Jugoslawien war nicht nur \u2013 wie wir damals sagten - der \u201eT\u00fcr\u00f6ffnerkrieg\u201c f\u00fcr die kommenden v\u00f6lkerrechtswidrigen Kriege des Aggressionsb\u00fcndnisses. Diese Kriege folgten einer langfristigen Strategie der Umzingelung\u2026","rel":"","context":"In &quot;Frieden - Antifaschismus - Solidarit\u00e4t&quot;","block_context":{"text":"Frieden - Antifaschismus - Solidarit\u00e4t","link":"https:\/\/www.freidenker.org\/?cat=13"},"img":{"alt_text":"","src":"https:\/\/i0.wp.com\/www.freidenker.org\/fw17\/wp-content\/uploads\/2024\/03\/belgrad_34-2019-03-25-1-0881_800x450.jpg?fit=800%2C450&ssl=1&resize=350%2C200","width":350,"height":200,"srcset":"https:\/\/i0.wp.com\/www.freidenker.org\/fw17\/wp-content\/uploads\/2024\/03\/belgrad_34-2019-03-25-1-0881_800x450.jpg?fit=800%2C450&ssl=1&resize=350%2C200 1x, https:\/\/i0.wp.com\/www.freidenker.org\/fw17\/wp-content\/uploads\/2024\/03\/belgrad_34-2019-03-25-1-0881_800x450.jpg?fit=800%2C450&ssl=1&resize=525%2C300 1.5x, https:\/\/i0.wp.com\/www.freidenker.org\/fw17\/wp-content\/uploads\/2024\/03\/belgrad_34-2019-03-25-1-0881_800x450.jpg?fit=800%2C450&ssl=1&resize=700%2C400 2x"},"classes":[]},{"id":11334,"url":"https:\/\/www.freidenker.org\/?p=11334","url_meta":{"origin":6243,"position":4},"title":"Der Name Slobodan Milo\u0161evi\u0107 ist ein Symbol f\u00fcr den nationalen Widerstand gegen den Imperialismus","author":"Webredaktion","date":"4. Oktober 2021","format":false,"excerpt":"Rede von Sebastian Bahlo auf der internationalen Online Konferenz \"MILOSEVIC - GEGEN NATO-VERBRECHEN, F\u00dcR EINE NEUE WELT\" am 1. Oktober 2021 ... Der Name Slobodan Milo\u0161evi\u0107 hat eine wichtige Bedeutung f\u00fcr die Menschheit. Er war ein Politiker, wie man ihn zumindest in der westlichen Welt nicht mehr sieht. Geleitet von\u2026","rel":"","context":"In &quot;Frieden - Antifaschismus - Solidarit\u00e4t&quot;","block_context":{"text":"Frieden - Antifaschismus - Solidarit\u00e4t","link":"https:\/\/www.freidenker.org\/?cat=13"},"img":{"alt_text":"","src":"https:\/\/i0.wp.com\/www.freidenker.org\/fw17\/wp-content\/uploads\/2021\/10\/Milosevic-Konferenz_Bahlo_800x450.jpg?fit=800%2C450&ssl=1&resize=350%2C200","width":350,"height":200,"srcset":"https:\/\/i0.wp.com\/www.freidenker.org\/fw17\/wp-content\/uploads\/2021\/10\/Milosevic-Konferenz_Bahlo_800x450.jpg?fit=800%2C450&ssl=1&resize=350%2C200 1x, https:\/\/i0.wp.com\/www.freidenker.org\/fw17\/wp-content\/uploads\/2021\/10\/Milosevic-Konferenz_Bahlo_800x450.jpg?fit=800%2C450&ssl=1&resize=525%2C300 1.5x, https:\/\/i0.wp.com\/www.freidenker.org\/fw17\/wp-content\/uploads\/2021\/10\/Milosevic-Konferenz_Bahlo_800x450.jpg?fit=800%2C450&ssl=1&resize=700%2C400 2x"},"classes":[]},{"id":9871,"url":"https:\/\/www.freidenker.org\/?p=9871","url_meta":{"origin":6243,"position":5},"title":"Nachruf auf Ramsey Clark","author":"Webredaktion","date":"12. April 2021","format":false,"excerpt":"Nachruf von Vladimir Kr\u0161ljanin Ramsey Clark, Co-Vorsitzender des Internationalen Komitees \"Slobodan Milo\u0161evi\u0107\" ist am Abend des 9. April 2021 in New York im Alter von 93 Jahren verstorben. Ramsey war einer der brillantesten und ehrlichsten Amerikaner unserer Zeit, ein Mann, der das Gesicht und die Seele Amerikas rettete, indem er\u2026","rel":"","context":"In &quot;Frieden - Antifaschismus - Solidarit\u00e4t&quot;","block_context":{"text":"Frieden - Antifaschismus - Solidarit\u00e4t","link":"https:\/\/www.freidenker.org\/?cat=13"},"img":{"alt_text":"","src":"https:\/\/i0.wp.com\/www.freidenker.org\/fw17\/wp-content\/uploads\/2021\/04\/Clark_Milosevic_800x450.jpg?fit=800%2C450&ssl=1&resize=350%2C200","width":350,"height":200,"srcset":"https:\/\/i0.wp.com\/www.freidenker.org\/fw17\/wp-content\/uploads\/2021\/04\/Clark_Milosevic_800x450.jpg?fit=800%2C450&ssl=1&resize=350%2C200 1x, https:\/\/i0.wp.com\/www.freidenker.org\/fw17\/wp-content\/uploads\/2021\/04\/Clark_Milosevic_800x450.jpg?fit=800%2C450&ssl=1&resize=525%2C300 1.5x, https:\/\/i0.wp.com\/www.freidenker.org\/fw17\/wp-content\/uploads\/2021\/04\/Clark_Milosevic_800x450.jpg?fit=800%2C450&ssl=1&resize=700%2C400 2x"},"classes":[]}],"_links":{"self":[{"href":"https:\/\/www.freidenker.org\/index.php?rest_route=\/wp\/v2\/posts\/6243","targetHints":{"allow":["GET"]}}],"collection":[{"href":"https:\/\/www.freidenker.org\/index.php?rest_route=\/wp\/v2\/posts"}],"about":[{"href":"https:\/\/www.freidenker.org\/index.php?rest_route=\/wp\/v2\/types\/post"}],"author":[{"embeddable":true,"href":"https:\/\/www.freidenker.org\/index.php?rest_route=\/wp\/v2\/users\/3"}],"replies":[{"embeddable":true,"href":"https:\/\/www.freidenker.org\/index.php?rest_route=%2Fwp%2Fv2%2Fcomments&post=6243"}],"version-history":[{"count":0,"href":"https:\/\/www.freidenker.org\/index.php?rest_route=\/wp\/v2\/posts\/6243\/revisions"}],"wp:featuredmedia":[{"embeddable":true,"href":"https:\/\/www.freidenker.org\/index.php?rest_route=\/wp\/v2\/media\/6245"}],"wp:attachment":[{"href":"https:\/\/www.freidenker.org\/index.php?rest_route=%2Fwp%2Fv2%2Fmedia&parent=6243"}],"wp:term":[{"taxonomy":"category","embeddable":true,"href":"https:\/\/www.freidenker.org\/index.php?rest_route=%2Fwp%2Fv2%2Fcategories&post=6243"},{"taxonomy":"post_tag","embeddable":true,"href":"https:\/\/www.freidenker.org\/index.php?rest_route=%2Fwp%2Fv2%2Ftags&post=6243"}],"curies":[{"name":"wp","href":"https:\/\/api.w.org\/{rel}","templated":true}]}}