{"id":6210,"date":"2019-04-14T20:31:21","date_gmt":"2019-04-14T18:31:21","guid":{"rendered":"https:\/\/www.freidenker.org\/?p=6210"},"modified":"2019-05-28T23:23:34","modified_gmt":"2019-05-28T21:23:34","slug":"basta-buendnis-altrechtliche-staatsleistungen-abschaffen","status":"publish","type":"post","link":"https:\/\/www.freidenker.org\/?p=6210","title":{"rendered":"BAStA &#8211; B\u00fcndnis Altrechtliche Staatsleistungen abschaffen"},"content":{"rendered":"<div>\n<p>Im Dezember 2018 hat sich das &#8222;B\u00fcndnis Altrechtliche Staatsleistungen abschaffen&#8220; gegr\u00fcndet.<\/p>\n<p>Der Verbandsvorstand des Deutschen Freidenker-Verbandes hat auf seiner Sitzung am 06.\/07.04.2019 beschlossen, dem B\u00fcndnis beizutreten.<\/p>\n<hr \/>\n<h4>B\u00fcndniserkl\u00e4rung<\/h4>\n<h4>Nach 100 Jahren:<br \/>\nStaatsleistungen an die Kirchen beenden \u2013 jetzt!<\/h4>\n<p>Im August feiern wir den 100. Jahrestag der demokratischen Weimarer Verfassung. Nach dem Ende des Kaiserreichs sollte es eine Staatskirche nicht mehr geben. Staat und Kirchen sollten getrennt werden. Daher ist in der Weimarer Verfassung von 1919 und im Grundgesetz ausdr\u00fccklich festgelegt: die historischen Staatsleistungen an die Kirchen sind abzul\u00f6sen. Das ist nicht geschehen. Im Gegenteil: Diese Zuwendungen haben sich in den Bundesl\u00e4ndern (au\u00dfer Hamburg und Bremen) auf j\u00e4hrlich 538 Millionen Euro (2018) und insgesamt seit Inkrafttreten des Grundgesetzes auf einen Betrag von \u00fcber 17 Milliarden Euro aufget\u00fcrmt.<\/p>\n<p>Diese Zahlungen werden aus allgemeinen Steuermitteln von allen B\u00fcrgern ungeachtet ihrer Kirchenzugeh\u00f6rigkeit aufgebracht. Die Geldbetr\u00e4ge werden den Kirchen vom Staat zur freien Verf\u00fcgung \u00fcberwiesen. Einen Gro\u00dfteil der Gelder verwenden die Kirchen zur Bezahlung von Geh\u00e4ltern und Pensionen f\u00fcr Seelsorgegeistliche, Bisch\u00f6fe, Pfarrer, Generalvikare und Bischofssekret\u00e4re. Die beiden Kirchen erhalten diese altrechtlichen Staatsleistungen neben ihren Kirchensteuereinnahmen von derzeit j\u00e4hrlich insgesamt 12,5 Milliarden Euro.<\/p>\n<p>Statt den klaren Verfassungsauftrag von 1919 zu erf\u00fcllen, haben die L\u00e4nder Vertr\u00e4ge abgeschlossen, die sie auf unabsehbare Zeit zu Zahlungen an die Kirchen verpflichten \u2013 eine grobe Missachtung der Verfassung seit 100 Jahren.<\/p>\n<p><strong>Wir fordern: Altrechtliche Staatsleistungen beenden \u2013 jetzt!<\/strong><\/p>\n<p>Dazu muss Folgendes geschehen:<\/p>\n<ol start=\"1\">\n<li>Wir fordern alle politisch Verantwortlichen in Bund und L\u00e4ndern, Parlamenten und Regierungen auf,\u00a0mit der katholischen und der evangelischen Kirche unter Beteiligung der \u00d6ffentlichkeit ernsthafte Gespr\u00e4che zu f\u00fchren mit dem Ziel einer umgehenden Beendigung der Staatsleistungen. Bund und L\u00e4nder d\u00fcrfen sich f\u00fcr ihre Unt\u00e4tigkeit nicht l\u00e4nger gegenseitig die Verantwortung zuschieben!<\/li>\n<\/ol>\n<ol start=\"2\">\n<li>Wir fordern den Bundestag auf, nach 100 Jahren endlich ein Abl\u00f6segrunds\u00e4tzegesetz zu erlassen, wie es im Grundgesetz vorgesehen ist.<\/li>\n<\/ol>\n<ol start=\"3\">\n<li>Wir fordern Bund und L\u00e4nder auf, bei entsprechenden Gesetzgebungsverfahren zu ber\u00fccksichtigen, dass die L\u00e4nder seit 100 Jahren bereits hinreichende Zahlungen in Milliardenh\u00f6he get\u00e4tigt haben und daher die altrechtlichen Staatsleistungen ohne weitere Entsch\u00e4digungssumme einzustellen sind.<\/li>\n<\/ol>\n<ol start=\"4\">\n<li>Wir fordern die Katholische und Evangelische Kirche auf, auf die Zahlungen weiterer Staatsleistungen zu verzichten und der Abl\u00f6sung keine H\u00fcrden in den Weg zu legen.<\/li>\n<\/ol>\n<p><strong>Das B\u00fcndnis Altrechtliche Staatsleistungen abschaffen. 19.12.2018<\/strong><\/p>\n<\/div>\n<p>Quelle: <a href=\"https:\/\/staatsleistungen-beenden.de\/buendnis\/buendniserklaerung\/\" target=\"_blank\" rel=\"noopener noreferrer\">https:\/\/staatsleistungen-beenden.de\/buendnis\/buendniserklaerung\/<\/a><\/p>\n<div>\n<hr \/>\n<div>\n<h4 class=\"entry-title\">Die B\u00fcndnispartner<\/h4>\n<div class=\"entry-content\">\n<p id=\"oben\">Wir sind ein B\u00fcndnis aus Organisationen und Gruppen, die sich zu dem Ziel zusammengeschlossen haben, im Jahr 2019 endlich ein Ende der Staatsleistungen an die beiden Kirchen zu erreichen. Dazu machen und besuchen wir Veranstaltungen, f\u00fchren Gespr\u00e4che mit Abgeordneten, Vertreterinnen und Vertretern von Regierungen und Kirchen. Weil es die Bundesl\u00e4nder sind, die die Staatsleistungsgelder an die Kirchen \u00fcberweisen, arbeiten bei uns viele regionale Organisationen mit.<\/p>\n<p>Organisationen, die sich uns anschlie\u00dfen wollen, bitten wir herzlich sich an Johann-Albrecht Haupt kontakt [\u00e4tt] staatsleistungen-beenden.de zu wenden.<\/p>\n<p><strong>\u00dcberblick: <\/strong><\/p>\n<p><strong>Bundesweite Organisationen:<\/strong><\/p>\n<ul>\n<li>Humanistische Union<\/li>\n<li>Institut f\u00fcr Weltanschauungsrecht<\/li>\n<li>Internationaler Bund der Konfessionslosen und Atheisten<\/li>\n<li>giordano-bruno-stiftung<\/li>\n<li>Koordinierungsrat s\u00e4kularer Organisationen<\/li>\n<\/ul>\n<p><strong>Parteigruppierungen:<\/strong><\/p>\n<ul>\n<li>Junge Liberale<\/li>\n<li>[\u00b4solid.] Linksjugend<\/li>\n<li>Bundesarbeitsgemeinschaft S\u00e4kulare Gr\u00fcne<\/li>\n<li>S\u00e4kulare Sozis<\/li>\n<li>Partei der Humanisten<\/li>\n<\/ul>\n<p><strong>Regionale Gruppen:<\/strong><\/p>\n<ul>\n<li>S\u00e4kulare Humanisten \u2013 gbs Rhein-Neckar e.V.<\/li>\n<li>gbs Karlsruhe<\/li>\n<li>gbs Stuttgart<\/li>\n<li>Bund f\u00fcr Geistesfreiheit M\u00fcnchen<\/li>\n<li>giordano-bruno-stiftung, Regionalgruppe M\u00fcnchen<\/li>\n<li>Bund f\u00fcr Geistesfreiheit, Augsburg<\/li>\n<li>S\u00e4kulares Forum Bremen<\/li>\n<li>S\u00e4kulares Forum Hamburg<\/li>\n<li><span class=\"caps\">AG<\/span> S\u00e4kulare, Die Linke Hamburg<\/li>\n<li><span class=\"caps\">AG<\/span> S\u00e4kulare Organisationen Hessen<\/li>\n<li><span class=\"caps\">LAG<\/span> Laizismus, die Linke Hessen<\/li>\n<li>Partei der Humanisten Hessen<\/li>\n<li>Piratenpartei Hessen<\/li>\n<li><span class=\"caps\">HVD<\/span> Niedersachsen<\/li>\n<li>Religionsfrei im Revier (RiR)<\/li>\n<li>D\u00fcsseldorfer Aufkl\u00e4rungsdienst<\/li>\n<li><span class=\"caps\">HVD<\/span> <span class=\"caps\">NRW<\/span><\/li>\n<li>S\u00e4kulares Netzwerk <span class=\"caps\">NRW<\/span><\/li>\n<li><span class=\"caps\">HVD<\/span> Rheinland-Pfalz\/Saar<\/li>\n<li>gbs Leipzig \u2013 Regionalgruppe der Giordano-Bruno-Stiftung<\/li>\n<\/ul>\n<p>Weitere Informationen zu den Organisationen und den aktuellen \u00dcberblick gibt es hier: <a href=\"https:\/\/staatsleistungen-beenden.de\/buendnis\/buendnispartner\/\" target=\"_blank\" rel=\"noopener noreferrer\">https:\/\/staatsleistungen-beenden.de\/buendnis\/buendnispartner\/<\/a><\/p>\n<hr \/>\n<h4>Veranstaltung &#8222;100 Jahre Staatsleistungen \u2013 100 Jahre Missachtung der Verfassung&#8220;<\/h4>\n<p>Am 05.04.2019\u00a0 veranstaltete das &#8222;B\u00fcndnis altrechtliche Staatsleistungen abschaffen&#8220; \u2013 kurz <a href=\"https:\/\/staatsleistungen-beenden.de\/\"><i>BAStA<\/i><\/a> \u2013 in Berlin eine Diskussion mit dem Titel: &#8222;100 Jahre Staatsleistungen \u2013 100 Jahre Missachtung der Verfassung&#8220;.<\/p>\n<p>Einen ausf\u00fchrlichen Bericht \u00fcber die Veranstaltung ver\u00f6ffentlichte der Humanistische Pressedienst am 09.04.2019:<\/p>\n<p class=\"node-title\"><strong>Externer Link: <a href=\"https:\/\/hpd.de\/artikel\/gesetzgeber-verfassung-missachtet-da-herrscht-willkuer-16699\" target=\"_blank\" rel=\"noopener noreferrer\">Wo der Gesetzgeber die Verfassung missachtet, da herrscht Willk\u00fcr<\/a><\/strong><\/p>\n<hr \/>\n<h4>Weitere Informationen<\/h4>\n<p>Weitere Informationen zum Hintergrund des B\u00fcndnisses gibt es auf <strong><a href=\"https:\/\/staatsleistungen-beenden.de\/\" target=\"_blank\" rel=\"noopener noreferrer\">https:\/\/staatsleistungen-beenden.de\/<\/a><\/strong><\/p>\n<p>darunter u.a.<\/p>\n<ul>\n<li><a href=\"https:\/\/staatsleistungen-beenden.de\/hintergrund\/verfassungsauftrag\/\" target=\"_blank\" rel=\"noopener noreferrer\">Der Verfassungsauftrag<\/a><\/li>\n<li>\n<div><a href=\"https:\/\/staatsleistungen-beenden.de\/hintergrund\/staatsleistungen-faq\/\" target=\"_blank\" rel=\"noopener noreferrer\">Staatsleistungen <span class=\"caps\">FAQ<\/span><\/a><\/div>\n<\/li>\n<li>\n<div><a href=\"https:\/\/staatsleistungen-beenden.de\/hintergrund\/gesetzentwurf\/\" target=\"_blank\" rel=\"noopener noreferrer\">Gesetzesentwurf der Humanistischen Union aus dem Jahr 2011<\/a><\/div>\n<\/li>\n<\/ul>\n<p>Au\u00dferdem besteht auf der Seite die M\u00f6glichkeit, sich als Unterst\u00fctzer einzutragen:<\/p>\n<ul>\n<li><a href=\"https:\/\/staatsleistungen-beenden.de\/deine-unterstuetzung\/\" target=\"_blank\" rel=\"noopener noreferrer\">Deine Unterst\u00fctzung<\/a><\/li>\n<\/ul>\n<p>..<\/p>\n<\/div>\n<\/div>\n<\/div>\n","protected":false},"excerpt":{"rendered":"<p>Im Dezember 2018 hat sich das &#8222;B\u00fcndnis Altrechtliche Staatsleistungen abschaffen&#8220; gegr\u00fcndet.Der Verbandsvorstand des Deutschen Freidenker-Verbandes hat auf seiner Sitzung am 06.\/07.04.2019 beschlossen, dem B\u00fcndnis beizutreten.<br \/>\nDer Beitrag enth\u00e4lt die B\u00fcndniserkl\u00e4rung &#8222;Nach 100 Jahren:Staatsleistungen an die Kirchen beenden \u2013 jetzt!&#8220;, eine Auflistung der B\u00fcndnispartner, eine Information zur Veranstaltung &#8222;100 Jahre Staatsleistungen \u2013 100 Jahre Missachtung der Verfassung&#8220; am 05.04.2019 in Berlin sowie weitere Informationen zum Hintergrund und zu Unterst\u00fctzungsm\u00f6glichkeiten.<\/p>\n","protected":false},"author":3,"featured_media":6212,"comment_status":"closed","ping_status":"closed","sticky":false,"template":"","format":"standard","meta":{"colormag_page_container_layout":"default_layout","colormag_page_sidebar_layout":"default_layout","advanced_seo_description":"","jetpack_seo_html_title":"","jetpack_seo_noindex":false,"jetpack_post_was_ever_published":false,"footnotes":""},"categories":[15],"tags":[1129,1123,1122,569],"class_list":["post-6210","post","type-post","status-publish","format-standard","has-post-thumbnail","hentry","category-religions-kirchenkritik","tag-basta","tag-kirchenfinanzierung","tag-staatsleistungen","tag-verfassungsrecht"],"jetpack_featured_media_url":"https:\/\/i0.wp.com\/www.freidenker.org\/fw17\/wp-content\/uploads\/2019\/04\/basta_logo_800x445.jpg?fit=800%2C445&ssl=1","jetpack_shortlink":"https:\/\/wp.me\/p9stpK-1Ca","jetpack-related-posts":[{"id":6984,"url":"https:\/\/www.freidenker.org\/?p=6984","url_meta":{"origin":6210,"position":0},"title":"BAStA-Pressemitteilung: 100\u00a0 Jahre Weimarer Verfassung &#8211; 100 Jahre Abl\u00f6sungsgebot","author":"Webredaktion","date":"11. August 2019","format":false,"excerpt":"100 Jahre Weimarer Verfassung \u2013 das hei\u00dft bisher auch 100 Jahre Nichtstun der Regierungen beim Verfassungsgebot der Abl\u00f6sung der Staatsleistungen an die Kirchen. Das B\u00fcndnis altrechtliche Staatsleistungen abschaffen (BAStA) will Bewegung in die Sache bringen und hat Parteien, Bundes- und Landtagsabgeordnete, Fraktionen, Regierungen, Landesrechnungsh\u00f6fe und Kirchen mit der Aufforderung angeschrieben,\u2026","rel":"","context":"In &quot;Religions- &amp; Kirchenkritik, S\u00e4kulare Szene&quot;","block_context":{"text":"Religions- &amp; Kirchenkritik, S\u00e4kulare Szene","link":"https:\/\/www.freidenker.org\/?cat=15"},"img":{"alt_text":"","src":"https:\/\/i0.wp.com\/www.freidenker.org\/fw17\/wp-content\/uploads\/2019\/09\/Haus-Weimarer_Republik_MG_9141_800x445.jpg?fit=800%2C445&ssl=1&resize=350%2C200","width":350,"height":200,"srcset":"https:\/\/i0.wp.com\/www.freidenker.org\/fw17\/wp-content\/uploads\/2019\/09\/Haus-Weimarer_Republik_MG_9141_800x445.jpg?fit=800%2C445&ssl=1&resize=350%2C200 1x, https:\/\/i0.wp.com\/www.freidenker.org\/fw17\/wp-content\/uploads\/2019\/09\/Haus-Weimarer_Republik_MG_9141_800x445.jpg?fit=800%2C445&ssl=1&resize=525%2C300 1.5x, https:\/\/i0.wp.com\/www.freidenker.org\/fw17\/wp-content\/uploads\/2019\/09\/Haus-Weimarer_Republik_MG_9141_800x445.jpg?fit=800%2C445&ssl=1&resize=700%2C400 2x"},"classes":[]},{"id":11598,"url":"https:\/\/www.freidenker.org\/?p=11598","url_meta":{"origin":6210,"position":1},"title":"Ende der Staatsleistungen an die Kirchen jetzt!","author":"Webredaktion","date":"11. November 2021","format":false,"excerpt":"Pressemitteilung des Basta (B\u00fcndnis Altrechtliche Staatsleistungen Abschaffen) zu den laufenden Koalitionsverhandlungen. Seit der Weimarer Verfassung befindet sich Deutschland quasi in einem Verfassungsbruch, denn seit \u00fcber 100 Jahren besteht der Verfassungsauftrag, die historischen Staatsleistungen an die beiden Gro\u00dfkirchen abzul\u00f6sen, was bisher nicht geschehen ist. J\u00e4hrliche Zahlungen in mittlerweile dreistelliger Millionenh\u00f6he haben\u2026","rel":"","context":"In &quot;Religions- &amp; Kirchenkritik, S\u00e4kulare Szene&quot;","block_context":{"text":"Religions- &amp; Kirchenkritik, S\u00e4kulare Szene","link":"https:\/\/www.freidenker.org\/?cat=15"},"img":{"alt_text":"","src":"https:\/\/i0.wp.com\/www.freidenker.org\/fw17\/wp-content\/uploads\/2021\/11\/kirche_geld_kreuz_800x450.jpg?fit=800%2C450&ssl=1&resize=350%2C200","width":350,"height":200,"srcset":"https:\/\/i0.wp.com\/www.freidenker.org\/fw17\/wp-content\/uploads\/2021\/11\/kirche_geld_kreuz_800x450.jpg?fit=800%2C450&ssl=1&resize=350%2C200 1x, https:\/\/i0.wp.com\/www.freidenker.org\/fw17\/wp-content\/uploads\/2021\/11\/kirche_geld_kreuz_800x450.jpg?fit=800%2C450&ssl=1&resize=525%2C300 1.5x, https:\/\/i0.wp.com\/www.freidenker.org\/fw17\/wp-content\/uploads\/2021\/11\/kirche_geld_kreuz_800x450.jpg?fit=800%2C450&ssl=1&resize=700%2C400 2x"},"classes":[]},{"id":8369,"url":"https:\/\/www.freidenker.org\/?p=8369","url_meta":{"origin":6210,"position":2},"title":"Ende der Staatsleistungen &#8211; Gesetzentwurf springt viel zu kurz","author":"Webredaktion","date":"14. M\u00e4rz 2020","format":false,"excerpt":"Am 13. M\u00e4rz 2020 wurde in Berlin ein gemeinsamer Entwurf f\u00fcr ein Grunds\u00e4tzegesetz zur Abl\u00f6sung der Staatsleistungen durch die kirchenpolitischen Sprecher von FDP, DIE LINKE und B\u00fcndnis 90\/Die Gr\u00fcnen vorgestellt. Der Gesetzentwurf sieht die Abschaffung der an die Kirchen gezahlten Staatsleistungen gegen eine Abl\u00f6sesumme von gut zehn Milliarden Euro vor.\u2026","rel":"","context":"In &quot;Religions- &amp; Kirchenkritik, S\u00e4kulare Szene&quot;","block_context":{"text":"Religions- &amp; Kirchenkritik, S\u00e4kulare Szene","link":"https:\/\/www.freidenker.org\/?cat=15"},"img":{"alt_text":"","src":"https:\/\/i0.wp.com\/www.freidenker.org\/fw17\/wp-content\/uploads\/2020\/07\/bibel_671107_original_R_by_Esther-Stosch_pixelio.de_800x450.jpg?fit=800%2C450&ssl=1&resize=350%2C200","width":350,"height":200,"srcset":"https:\/\/i0.wp.com\/www.freidenker.org\/fw17\/wp-content\/uploads\/2020\/07\/bibel_671107_original_R_by_Esther-Stosch_pixelio.de_800x450.jpg?fit=800%2C450&ssl=1&resize=350%2C200 1x, https:\/\/i0.wp.com\/www.freidenker.org\/fw17\/wp-content\/uploads\/2020\/07\/bibel_671107_original_R_by_Esther-Stosch_pixelio.de_800x450.jpg?fit=800%2C450&ssl=1&resize=525%2C300 1.5x, https:\/\/i0.wp.com\/www.freidenker.org\/fw17\/wp-content\/uploads\/2020\/07\/bibel_671107_original_R_by_Esther-Stosch_pixelio.de_800x450.jpg?fit=800%2C450&ssl=1&resize=700%2C400 2x"},"classes":[]},{"id":9437,"url":"https:\/\/www.freidenker.org\/?p=9437","url_meta":{"origin":6210,"position":3},"title":"Den Griff in die Staatskasse abwenden","author":"Webredaktion","date":"29. Januar 2021","format":false,"excerpt":"Beitrag des Institutes f\u00fcr Weltanschauungsrecht (ifw) Die Kritikpunkte zum \"Entwurf eines Grunds\u00e4tzegesetzes zur Abl\u00f6sung der Staatsleistungen\" der Oppositionsfraktionen FDP, DIE LINKE und B\u00dcNDNIS 90\/DIE GR\u00dcNEN hat das Institut f\u00fcr Weltanschauungsrecht (ifw) am 14. Dezember 2020 in Form eines \u00c4nderungsantrags ver\u00f6ffentlicht. Basierend auf den Anspr\u00fcchen der Kirchen auf positive Staatsleistungen aus\u2026","rel":"","context":"In &quot;Religions- &amp; Kirchenkritik, S\u00e4kulare Szene&quot;","block_context":{"text":"Religions- &amp; Kirchenkritik, S\u00e4kulare Szene","link":"https:\/\/www.freidenker.org\/?cat=15"},"img":{"alt_text":"","src":"https:\/\/i0.wp.com\/www.freidenker.org\/fw17\/wp-content\/uploads\/2021\/01\/Kirche_Geld_800x450.jpg?fit=800%2C450&ssl=1&resize=350%2C200","width":350,"height":200,"srcset":"https:\/\/i0.wp.com\/www.freidenker.org\/fw17\/wp-content\/uploads\/2021\/01\/Kirche_Geld_800x450.jpg?fit=800%2C450&ssl=1&resize=350%2C200 1x, https:\/\/i0.wp.com\/www.freidenker.org\/fw17\/wp-content\/uploads\/2021\/01\/Kirche_Geld_800x450.jpg?fit=800%2C450&ssl=1&resize=525%2C300 1.5x, https:\/\/i0.wp.com\/www.freidenker.org\/fw17\/wp-content\/uploads\/2021\/01\/Kirche_Geld_800x450.jpg?fit=800%2C450&ssl=1&resize=700%2C400 2x"},"classes":[]},{"id":9623,"url":"https:\/\/www.freidenker.org\/?p=9623","url_meta":{"origin":6210,"position":4},"title":"S\u00e4kulare Verst\u00e4ndigung zur Forderung nach Abl\u00f6sung der altrechtlichen Staatsleistungen","author":"Webredaktion","date":"24. Februar 2021","format":false,"excerpt":"Wortmeldung des Koordinierungsrates s\u00e4kularer Organisationen KORSO e.V. Am vergangenen Freitag, 19. Februar, fanden sich auf Einladung des KORSO 16 Vertreterinnen und Vertreter unterschiedlicher Organisationen aus dem s\u00e4kularen Spektrum per Videokonferenz zu einem Expertengespr\u00e4ch zusammen. Thema waren die so genannten \u201ealtrechtlichen Staatsleistungen\u201c.... Die Expertenrunde diskutierte einen Nachmittag lang die wichtigsten Aspekte\u2026","rel":"","context":"In &quot;Religions- &amp; Kirchenkritik, S\u00e4kulare Szene&quot;","block_context":{"text":"Religions- &amp; Kirchenkritik, S\u00e4kulare Szene","link":"https:\/\/www.freidenker.org\/?cat=15"},"img":{"alt_text":"","src":"https:\/\/i0.wp.com\/www.freidenker.org\/fw17\/wp-content\/uploads\/2021\/02\/korso-post_2021-02-22_02-staatsleistungen_800x450.jpg?fit=800%2C450&ssl=1&resize=350%2C200","width":350,"height":200,"srcset":"https:\/\/i0.wp.com\/www.freidenker.org\/fw17\/wp-content\/uploads\/2021\/02\/korso-post_2021-02-22_02-staatsleistungen_800x450.jpg?fit=800%2C450&ssl=1&resize=350%2C200 1x, https:\/\/i0.wp.com\/www.freidenker.org\/fw17\/wp-content\/uploads\/2021\/02\/korso-post_2021-02-22_02-staatsleistungen_800x450.jpg?fit=800%2C450&ssl=1&resize=525%2C300 1.5x, https:\/\/i0.wp.com\/www.freidenker.org\/fw17\/wp-content\/uploads\/2021\/02\/korso-post_2021-02-22_02-staatsleistungen_800x450.jpg?fit=800%2C450&ssl=1&resize=700%2C400 2x"},"classes":[]},{"id":6181,"url":"https:\/\/www.freidenker.org\/?p=6181","url_meta":{"origin":6210,"position":5},"title":"100 Jahre Staatsleistungen \u2013 Jubil\u00e4um eines Verfassungsbruchs","author":"Webredaktion","date":"13. April 2019","format":false,"excerpt":"Pressemitteilung der Humanistischen Union (Luise Wagner) Recherchen der B\u00fcrgerrechtsorganisation Humanistische Union e.V. (HU) haben ergeben: Die Staatsleistungen an die evangelische und katholische Kirche seit 1949 belaufen sich mittlerweile auf knappe 18,5 Milliarden Euro. Allein 2018 \u00fcberwiesen die L\u00e4nder \u2013 mit Ausnahme von Hamburg und Bremen \u2013 den beiden Kirchen rund\u2026","rel":"","context":"In &quot;Religions- &amp; Kirchenkritik, S\u00e4kulare Szene&quot;","block_context":{"text":"Religions- &amp; Kirchenkritik, S\u00e4kulare Szene","link":"https:\/\/www.freidenker.org\/?cat=15"},"img":{"alt_text":"","src":"https:\/\/i0.wp.com\/www.freidenker.org\/fw17\/wp-content\/uploads\/2019\/04\/violettbuch_kirchenfinanzen_motiv_v2.jpg?fit=800%2C445&ssl=1&resize=350%2C200","width":350,"height":200,"srcset":"https:\/\/i0.wp.com\/www.freidenker.org\/fw17\/wp-content\/uploads\/2019\/04\/violettbuch_kirchenfinanzen_motiv_v2.jpg?fit=800%2C445&ssl=1&resize=350%2C200 1x, https:\/\/i0.wp.com\/www.freidenker.org\/fw17\/wp-content\/uploads\/2019\/04\/violettbuch_kirchenfinanzen_motiv_v2.jpg?fit=800%2C445&ssl=1&resize=525%2C300 1.5x, https:\/\/i0.wp.com\/www.freidenker.org\/fw17\/wp-content\/uploads\/2019\/04\/violettbuch_kirchenfinanzen_motiv_v2.jpg?fit=800%2C445&ssl=1&resize=700%2C400 2x"},"classes":[]}],"_links":{"self":[{"href":"https:\/\/www.freidenker.org\/index.php?rest_route=\/wp\/v2\/posts\/6210","targetHints":{"allow":["GET"]}}],"collection":[{"href":"https:\/\/www.freidenker.org\/index.php?rest_route=\/wp\/v2\/posts"}],"about":[{"href":"https:\/\/www.freidenker.org\/index.php?rest_route=\/wp\/v2\/types\/post"}],"author":[{"embeddable":true,"href":"https:\/\/www.freidenker.org\/index.php?rest_route=\/wp\/v2\/users\/3"}],"replies":[{"embeddable":true,"href":"https:\/\/www.freidenker.org\/index.php?rest_route=%2Fwp%2Fv2%2Fcomments&post=6210"}],"version-history":[{"count":0,"href":"https:\/\/www.freidenker.org\/index.php?rest_route=\/wp\/v2\/posts\/6210\/revisions"}],"wp:featuredmedia":[{"embeddable":true,"href":"https:\/\/www.freidenker.org\/index.php?rest_route=\/wp\/v2\/media\/6212"}],"wp:attachment":[{"href":"https:\/\/www.freidenker.org\/index.php?rest_route=%2Fwp%2Fv2%2Fmedia&parent=6210"}],"wp:term":[{"taxonomy":"category","embeddable":true,"href":"https:\/\/www.freidenker.org\/index.php?rest_route=%2Fwp%2Fv2%2Fcategories&post=6210"},{"taxonomy":"post_tag","embeddable":true,"href":"https:\/\/www.freidenker.org\/index.php?rest_route=%2Fwp%2Fv2%2Ftags&post=6210"}],"curies":[{"name":"wp","href":"https:\/\/api.w.org\/{rel}","templated":true}]}}