{"id":621,"date":"1996-11-01T13:30:46","date_gmt":"1996-11-01T12:30:46","guid":{"rendered":"http:\/\/www.freidenker.org\/fw17\/?p=621"},"modified":"2018-02-18T17:52:58","modified_gmt":"2018-02-18T16:52:58","slug":"die-vernunft-verteidigen-gegen-sekten-aberglauben-religioesen-wahn","status":"publish","type":"post","link":"https:\/\/www.freidenker.org\/?p=621","title":{"rendered":"Die Vernunft verteidigen &#8211; gegen Sekten, Aberglauben, religi\u00f6sen Wahn"},"content":{"rendered":"<h2><span class=\"subnav2\">Aufkl\u00e4rung &#8211; statt Abbau demokratischer Rechte<\/span><\/h2>\n<p align=\"left\">Er\u00f6ffnung der L. Ron Hubbard Stra\u00dfe in Los Angeles. Es war der Gr\u00fcnder der Scientology-&#8222;Sekte&#8220;. Zu der Veranstaltung kamen tausende von Menschen.<\/p>\n<p align=\"left\"><strong>KEINE WOCHE VERGEHT&#8230;<\/strong><\/p>\n<p align=\"left\">ohne neue Schreckensmeldung: Pers\u00f6nlichkeitszerst\u00f6rung, Entfremdung von Eltern und Freunden, totale psychische Abh\u00e4ngigkeit oder wirtschaftlicher Ruin bis hin zur organisierten Massenselbstt\u00f6tung, &#8211; die Medien sind auf regelm\u00e4\u00dfige Sensationsberichterstattung \u00fcber sogenannte &#8222;Sekten&#8220;, Gurus, Wunderheiler und andere Scharlatane abonniert. Die teils kriminellen Methoden der obskuren Gesch\u00e4ftemacher stehen au\u00dfer Frage, aber: das Interesse der Massenmedien gilt vor allem den Auflagenh\u00f6hen und Einschaltquoten, und nur selten seri\u00f6ser Information; die Aufkl\u00e4rung, auch \u00fcber Gefahren, bleibt so meist auf der Strecke.<\/p>\n<p align=\"left\">&#8222;Moderner&#8220; Wunderglaube, obskure Gruppen und okkulte Praktiken, neue Gurus, Psychokulte und ein boomender Esoterikmarkt &#8211; der religi\u00f6se Supermarkt mit immer neuen Sonderangeboten ist eine Wachstumsbranche mit ungebrochener Nachfrage.<\/p>\n<p align=\"left\"><strong>WOHER KOMMT DIE KUNDSCHAFT?<\/strong><\/p>\n<p align=\"left\">Der Bedarf an Heilsversprechen und Religiosit\u00e4t w\u00e4chst in Krisenzeiten enorm, er ist Ergebnis von Orientierungsverlust und Abwesenheit von Sinn; klassisch gesprochen, der Geist geistloser Zust\u00e4nde. Auf die Frage nach dem Sinn des Lebens und der Zukunft finden Viele keine rationale Antwort mehr. Wo Ausgrenzung, Existenzbedrohung, soziale Erniedrigung zu einem massenhaften Ph\u00e4nomen wird, wachsen Perspektivlosigkeit und Zukunftsangst, nimmt die Empf\u00e4nglichkeit f\u00fcr neue Heilsbringer und ihre Botschaften zu.<\/p>\n<p align=\"left\">\u00a0Die private religi\u00f6se Sinnsuche au\u00dferhalb der Gro\u00dfkirchen ist eine Folge der gepriesenen Individualisierung, sprich der Vereinzelung, Entsolidarisierung, des Egoismus und Kampfes jede\/r gegen jede\/n, Resultat von Entfremdung und Selbstentfremdung, der erfahrenen Zerrissenheit der realen Welt.<\/p>\n<p align=\"left\"><strong>IRRATIONALISMUS &#8211; AUCH GANZ WELTLICH<\/strong><\/p>\n<p align=\"left\">Die geistlosen Zust\u00e4nde bringen nicht nur Wunderliches in religi\u00f6sem Gewand hervor. In den Massenmedien wimmelt es von &#8222;Au\u00dferirdischen&#8220;, gegen sie soll alles Menschenwerk vergeblich sein, &#8222;kosmische Sachzw\u00e4nge&#8220; fordern Gehorsam. Selbst Publikationen, die als seri\u00f6s gelten wollen, m\u00f6gen nicht auf den Hokuspokus mit den Horoskopen verzichten.<\/p>\n<p align=\"left\">\u00a0In vielen V\u00f6lkshochschulprogrammen tummeln sich immer mehr &#8222;Geistheiler&#8220; und andere Spinner. In den Feuilleton-Spalten und den Geisteswissenschaften macht sich Wissenschaftsfeindlichkeit und wissenschaftlich gestylte Mystik breit. Jene, die als Rezept gesellschaftlicher Gesundung die &#8222;Selbstheilungskr\u00e4fte des Marktes&#8220; beschw\u00f6ren, richten zugleich an den Hochschulen Lehrst\u00fchle f\u00fcr Esoterik und andere irrationale Heilslehren ein. Die Erkennbarkeit der Welt wird bestritten mit dem Ziel, ihre Ver\u00e4nderbarkeit zu leugnen. Der Kapitalismus wird als ewige Ordnung, als &#8222;Ende der Geschichte&#8220; gepriesen.<\/p>\n<p align=\"left\">\u00a0Freidenkerinnen und Freidenker setzen dagegen die Verteidigung der Vernunft und bek\u00e4mpfen den Irrationalismus in jeder, nicht nur in seiner &#8222;heiligen&#8220; Gestalt.<\/p>\n<p align=\"left\"><strong>&#8222;SEKTEN&#8220;?<\/strong><\/p>\n<p align=\"left\">Der Begriff der &#8222;Sekte ist ein untauglicher Begriff, alle Religionen haben als &#8222;Sekten&#8220; begonnen. Was wir heute als Religionen bezeichnen, waren vordem erfolgreiche &#8222;Sekten&#8220;. Die Bezeichnung &#8222;Sekte&#8220; wird \u00fcberwiegend als Kampfbegriff der Etablierten gegen unliebsame Konkurrenz gebraucht.<\/p>\n<p align=\"left\">\u00a0Wir haben aber keinen Anla\u00df, den &#8222;Sekten&#8220;-Unsinn etwa deshalb zu verteidigen (oder klammheimliche Sympathie f\u00fcr ihn zu empfinden), weil er eine Konkurrenz und m\u00f6gliche Schw\u00e4chung der Gro\u00dfkirchen bedeutet. Dem Papst und auch &#8222;Realpolitikern&#8220; in den Amtskirchen ist es wichtig, da\u00df die Menschen \u00fcberhaupt glauben. Umgekehrt lassen wir uns nicht in die kirchlich inspirierte Kampagne zur Bek\u00e4mpfung ihrer unliebsamen Konkurrenz einspannen.<\/p>\n<p align=\"left\"><strong>Kirchen und &#8222;Sekten&#8220; &#8211; Jacke wie Hose<\/strong><\/p>\n<p align=\"left\">Wir werfen keinesfalls die veschiedenen Organisationen in einen Topf. So gibt es einerseits rationalere Str\u00f6mungen in den Kirchen, mit denen man die Diskussion und in bestimmten Fragen Zusammenarbeit suchen kann, andererseits gibt es jene kriminellen Organisationen, die Giftgasanschl\u00e4ge ver\u00fcben, Selbstt\u00f6tungsorgien organisieren, kidnappen, gefangenhalten, psychischen und physischen Terror aus\u00fcben.<\/p>\n<p align=\"left\">\u00a0Unser Ma\u00dfstab der Beurteilung ist der Grad des Irrationalismus, den jede einzelne sogenannte &#8222;Sekte&#8220; oder Kirche unters Volk bringt, in weichem Ma\u00dfe sie die K\u00f6pfe der Menschen gefangennimmt, ihre Freiheit des Denkens enteignet, sie der realen Welt entfremdet, ihre selbstbewu\u00dfte und selbstbestimmte T\u00e4tigkeit untergr\u00e4bt, sie vom aktiven Eingreifen in die Auseinandersetzungen und K\u00e4mpfe f\u00fcr ihre Interessen abh\u00e4lt.<\/p>\n<p align=\"left\"><strong>GEGEN &#8222;SEKTEN&#8220;- MIT DEN KIRCHEN IM BUNDE?<\/strong><\/p>\n<p align=\"left\">Im Kampf gegen die Gefahren der obskuren Gruppen und f\u00fcr reale Aufkl\u00e4rung sind die sogenannten &#8222;Sektenbeauftragten&#8220; der Gro\u00dfkirchen keine Verb\u00fcndeten, sondern die klassische Fehlbesetzung. Ihren Auftraggebern geht es um Konkurrenzbek\u00e4mpfung, weshalb sie alle nicht &#8222;Rechtgl\u00e4ubigen&#8220; einschlie\u00dflich freie Weltanschauungsgemeinschaften ins Visier nehmen.<\/p>\n<p align=\"left\">\u00a0Sie vertreten Institutionen, die selbst Wunder- und Reliquienglaube f\u00f6rdern, Heilige-Rock-Wallfahrten und Exorzismus praktizieren, Organisationen mit &#8222;Sekten&#8220;-Struktur unterhalten wie Opus Dei oder den &#8222;Orden vom Heiligen Grab&#8220;, und die jene &#8222;neuen religi\u00f6sen Bed\u00fcrfnisse&#8220; mit reaktion\u00e4ren Bewegungen wie den &#8220; Evangelikalen &#8220; oder den &#8220; Charismatikern&#8220; auffangen wollen.<\/p>\n<p align=\"left\">\u00a0<strong>NAZI-RELIGIOSIT\u00c4T<\/strong><\/p>\n<p align=\"left\">Ein besonderes Kapitel stellen Gruppen dar, die unter religi\u00f6sem Deckmantel faschistische und rassistische Ideologien verbreiten. Sie verdienen die gesteigerte Aufmerksamkeit aller demokratisch und antifaschistisch eingestellten Menschen. Diese Gruppen verehren die &#8222;alten keltischen und germanischen G\u00f6tter&#8220; und propagieren ein &#8222;Neuheidentum&#8220;. Ihre Gegnerschaft gegen alles &#8222;christlich-j\u00fcdische&#8220; ist reaktion\u00e4r, weil gegen die Gleichheit und die Solidarit\u00e4t mit den Schwachen gerichtet. Bei ihrer Propagierung des nordischen Herrenmenschen fordern sie das Ver hungernlassen der aus ihrer Sicht Minderwertigen in den unterentwickelt gehaltenen L\u00e4ndern. Diese Gruppen sind, wie alle Nazi-Organisationen, nach dem Grundgesetz zu verbieten und aufzul\u00f6sen!<\/p>\n<p align=\"left\"><strong>&#8222;STARKER STAAT&#8220; GEGEN &#8222;SEKTEN&#8220;?<\/strong><\/p>\n<p align=\"left\">Kirchenvertreter und eine Mehrheit der Enquete-Kommission des Bundestages &#8222;Sog. Sekten und Psychogruppen&#8220; propagieren staatliche Zwangsma\u00dfnahmen zum Schutz vor &#8222;Sekten&#8220; vom Geheimdiensteinsatz bis zu Berufsverboten. Dies lehnen wir als sachlich ungeeignet und aus prinzipiellen Gr\u00fcnden ab. Ein weiterer Abbau demokratischer Rechte, der Marsch in den totalen Oberwachungsstaat mu\u00df verhindert werden!<\/p>\n<p align=\"left\">\u00a0Damit wollen wir nicht eine sogenannte Religionsfreiheit aller m\u00f6glichen obskuren Gruppen verteidigen. Gegen kriminelle Machenschaften gibt es Gesetze und polizeilichen Zugriff, hingegen lehnen wir Geheimdienste zur Bespitzelung der Bev\u00f6lkerung grunds\u00e4tzlich ab, nicht nur in &#8222;untergegangenen Staaten &#8222;.<\/p>\n<p align=\"left\">\u00a0<strong>ALTERNATIVE: AUFKL\u00c4RUNG!<\/strong><\/p>\n<p align=\"left\">Freidenkerinnen und Freidenker setzen auf die M\u00f6glichkeit der aufkl\u00e4rung, der Information und Beratung. Dies darf nicht der kirchlichen Konkurrenz oder Sensationsjournalisten \u00fcberlassen werden. Wir fordern die Unterst\u00fctzung \u00f6ffentlicher Stellen, wissenschaftlicher Einrichtungen und anderer Initiativen, die es sich zur Aufgabe machen, \u00fcber den &#8222;h\u00f6heren&#8220; Schwachsinn aufzukl\u00e4ren, vor den Praktiken der dubiosen Organisationen zu warnen, Aussteigern zu helfen und sie vor der Rache der Guru-Anh\u00e4nger zu sch\u00fctzen. Die Gliederungen des DFV sind gefordert, sich auf diesem Gebiet verst\u00e4rkt zu engagieren.<\/p>\n<p align=\"left\">\u00a0<strong>IN DER SCHULE BEGINNEN<\/strong><\/p>\n<p align=\"left\">Zur \u00f6ffentlichen Aufkl\u00e4rung geh\u00f6rt nicht zuletzt, bei der Erziehung von Kindern und Jugendlichen anzusetzen. Nicht missionarische Glaubensunterweisung in Form des konfessionellen Unterrichts ist angesagt, erforderlich ist eine Erziehung zur weltanschaulichen M\u00fcndigkeit und Selbstbestimmung.<\/p>\n<p align=\"left\">\u00a0Kirche und Schule geh\u00f6ren endlich und gr\u00fcndlich getrennt. Ans\u00e4tze dazu wie im Schulfach LER (Lebenskunde, Ethik, Religionskunde) im Land Brandenburg sind nachdr\u00fccklich zu unterst\u00fctzen. Die Regelschule nach dem Grundgesetz mu\u00df die bekenntnisfreie Schule werden.<\/p>\n<p align=\"left\">\u00a0<strong>KRITIK AN &#8222;SEKTEN&#8220; IST GESELLSCHAFTSKRITIK!<\/strong><\/p>\n<p align=\"left\">Wie die Kritik an der Religion bleibt auch die Kritik an den &#8222;Sekten&#8220; stumpf, wenn sie sich auf den geistigen Bereich beschr\u00e4nkt, und nicht zu den gesellschaftlichen Grundlagen vordringt. Thematisiert werden m\u00fcssen die gesellschaftlichen Verh\u00e4ltnisse, die statt humanen Lebenssinns eine Sucht nach Irrationalismus, nach Flucht aus der Realit\u00e4t, nach illusion\u00e4rer Tr\u00f6stung produzieren.<\/p>\n<p align=\"left\">\u00a0Nur eine Gesellschaft, in der der Mensch kein verlassenes, erniedrigtes, ver\u00e4chtliches Wesen ist, sondern in der die Teilhabe aller Menschen als Subjekte am gesamten gesellschaftlichen Lebensproze\u00df gef\u00f6rdert wird, bedarf der diversen Heiligenscheine nicht. In diesem Sinne ist f\u00fcr Freidenkerinnen und Freidenker die Religionskritik wie die Kritik an &#8222;Sekten&#8220; immer Gesellschaftskritik. Die Diskussion \u00fcber Grundfragen der Entwicklung, der Zukunft und grunds\u00e4tzliche gesellschaftliche Alternativen mu\u00df offen, \u00f6ffentlich und offensiv gef\u00fchrt werden.<\/p>\n<p align=\"left\">\u00a0Und es ist h\u00f6chste Zeit f\u00fcr eine Alternative zu dem System, das Kapitalverwertung und Profitmaximierung zum Allerheiligsten erkl\u00e4rt, auch wenn Menschenw\u00fcrde und Menschenrechte dabei auf der Strecke bleiben!<\/p>\n<hr \/>\n<p align=\"left\">Bild: https:\/\/pixabay.com\/de\/users\/bngdesigns-213864\/ \u00a0Bing N.<\/p>\n","protected":false},"excerpt":{"rendered":"<p>Der Bedarf an Heilsversprechen und Religiosit\u00e4t w\u00e4chst in Krisenzeiten enorm, er ist Ergebnis von Orientierungsverlust und Abwesenheit von Sinn; klassisch gesprochen, der Geist geistloser Zust\u00e4nde. Auf die Frage nach dem Sinn des Lebens und der Zukunft finden viele keine rationale Antwort mehr. Wo Ausgrenzung, Existenzbedrohung, soziale Erniedrigung zu einem massenhaften Ph\u00e4nomen wird, wachsen Perspektivlosigkeit und Zukunftsangst, nimmt die Empf\u00e4nglichkeit f\u00fcr neue Heilsbringer und ihre Botschaften zu. Die private religi\u00f6se Sinnsuche au\u00dferhalb der Gro\u00dfkirchen ist eine Folge der gepriesenen Individualisierung, sprich der Vereinzelung, Entsolidarisierung, des Egoismus und Kampfes jede\/r gegen jede\/n, Resultat von Entfremdung und Selbstentfremdung, der erfahrenen Zerrissenheit der realen Welt.<\/p>\n","protected":false},"author":2,"featured_media":622,"comment_status":"closed","ping_status":"closed","sticky":false,"template":"","format":"standard","meta":{"colormag_page_container_layout":"default_layout","colormag_page_sidebar_layout":"default_layout","advanced_seo_description":"","jetpack_seo_html_title":"","jetpack_seo_noindex":false,"jetpack_post_was_ever_published":false,"footnotes":""},"categories":[15],"tags":[871,54,285,371,997,39,284],"class_list":["post-621","post","type-post","status-publish","format-standard","has-post-thumbnail","hentry","category-religions-kirchenkritik","tag-aberglaube","tag-kirche","tag-perspektivlosigkeit","tag-religion","tag-sekten","tag-vernunft","tag-wunderheiler"],"jetpack_featured_media_url":"https:\/\/i0.wp.com\/www.freidenker.org\/fw17\/wp-content\/uploads\/2016\/08\/Fantasie.jpg?fit=800%2C445&ssl=1","jetpack_shortlink":"https:\/\/wp.me\/p9stpK-a1","jetpack-related-posts":[{"id":20583,"url":"https:\/\/www.freidenker.org\/?p=20583","url_meta":{"origin":621,"position":0},"title":"Vom Chaos in Syrien zur Todesfalle Gaza","author":"Webredaktion","date":"25. Dezember 2024","format":false,"excerpt":"Beitrag von Rainer Rupp Syrien, wie ich und viele andere es von Besuchen gekannt und gesch\u00e4tzt haben, n\u00e4mlich als s\u00e4kularen Staat, in dem viele Religionen und Sekten neben- und miteinander lebten, in einer Gesellschaft mit vielen sozialistischen Strukturen, die vor allem im Bildungswesen und der Gesundheitsversorgung hervortraten, dieses Syrien ist\u2026","rel":"","context":"In &quot;Demokratie \u2013 Medien \u2013 Aufkl\u00e4rung&quot;","block_context":{"text":"Demokratie \u2013 Medien \u2013 Aufkl\u00e4rung","link":"https:\/\/www.freidenker.org\/?cat=12"},"img":{"alt_text":"","src":"https:\/\/i0.wp.com\/www.freidenker.org\/fw17\/wp-content\/uploads\/2024\/12\/palestine-8695562_800x450.jpg?fit=800%2C450&ssl=1&resize=350%2C200","width":350,"height":200,"srcset":"https:\/\/i0.wp.com\/www.freidenker.org\/fw17\/wp-content\/uploads\/2024\/12\/palestine-8695562_800x450.jpg?fit=800%2C450&ssl=1&resize=350%2C200 1x, https:\/\/i0.wp.com\/www.freidenker.org\/fw17\/wp-content\/uploads\/2024\/12\/palestine-8695562_800x450.jpg?fit=800%2C450&ssl=1&resize=525%2C300 1.5x, https:\/\/i0.wp.com\/www.freidenker.org\/fw17\/wp-content\/uploads\/2024\/12\/palestine-8695562_800x450.jpg?fit=800%2C450&ssl=1&resize=700%2C400 2x"},"classes":[]},{"id":3214,"url":"https:\/\/www.freidenker.org\/?p=3214","url_meta":{"origin":621,"position":1},"title":"Gegen Volksverdummung und Zerst\u00f6rung der Vernunft","author":"Webredaktion","date":"15. November 2009","format":false,"excerpt":"Beschluss des Verbandsvorstandes im Auftrag des Verbandstages vom 22.\/23. Mai 2009 in Berlin Der Deutsche Freidenker-Verband als Weltanschauungsgemeinschaft und Kulturorganisation betrachtet Aufkl\u00e4rung als die Hauptaufgabe seiner weltanschaulichen T\u00e4tigkeit. ... Die Aufkl\u00e4rungsbewegung leistete die geistige Vorarbeit, eine andere freiere Gesellschaftsordnung zu denken und in den folgenden b\u00fcrgerlichen und sozialistischen Revolutionen zu\u2026","rel":"","context":"In &quot;Demokratie \u2013 Medien \u2013 Aufkl\u00e4rung&quot;","block_context":{"text":"Demokratie \u2013 Medien \u2013 Aufkl\u00e4rung","link":"https:\/\/www.freidenker.org\/?cat=12"},"img":{"alt_text":"","src":"https:\/\/i0.wp.com\/www.freidenker.org\/fw17\/wp-content\/uploads\/2010\/01\/voltaitre_russia-1381260_800x445.jpg?fit=800%2C445&ssl=1&resize=350%2C200","width":350,"height":200,"srcset":"https:\/\/i0.wp.com\/www.freidenker.org\/fw17\/wp-content\/uploads\/2010\/01\/voltaitre_russia-1381260_800x445.jpg?fit=800%2C445&ssl=1&resize=350%2C200 1x, https:\/\/i0.wp.com\/www.freidenker.org\/fw17\/wp-content\/uploads\/2010\/01\/voltaitre_russia-1381260_800x445.jpg?fit=800%2C445&ssl=1&resize=525%2C300 1.5x, https:\/\/i0.wp.com\/www.freidenker.org\/fw17\/wp-content\/uploads\/2010\/01\/voltaitre_russia-1381260_800x445.jpg?fit=800%2C445&ssl=1&resize=700%2C400 2x"},"classes":[]},{"id":15565,"url":"https:\/\/www.freidenker.org\/?p=15565","url_meta":{"origin":621,"position":2},"title":"Keinen Euro f\u00fcr den Krieg","author":"Webredaktion","date":"22. M\u00e4rz 2023","format":false,"excerpt":"Beitrag von R\u00fcdiger Rauls Wenn die Lebensgrundlagen auf dem Treibsand der Ver\u00e4nderung zusammenzubrechen drohen, verst\u00e4rkt sich die Suche nach gesicherten Fundamenten f\u00fcr die Gestaltung der Zukunft. Dabei suchen viele nach L\u00f6sungen bei Denkern und Philosophen vergangener Zeiten. Wieder andere nehmen Anleihen bei Religionen, Sekten, den Glaubenswelten anderer Kulturen oder der\u2026","rel":"","context":"In &quot;Weltanschauung &amp; Philosophie&quot;","block_context":{"text":"Weltanschauung &amp; Philosophie","link":"https:\/\/www.freidenker.org\/?cat=16"},"img":{"alt_text":"","src":"https:\/\/i0.wp.com\/www.freidenker.org\/fw17\/wp-content\/uploads\/2023\/03\/meadow-75050_800x450.jpg?fit=800%2C450&ssl=1&resize=350%2C200","width":350,"height":200,"srcset":"https:\/\/i0.wp.com\/www.freidenker.org\/fw17\/wp-content\/uploads\/2023\/03\/meadow-75050_800x450.jpg?fit=800%2C450&ssl=1&resize=350%2C200 1x, https:\/\/i0.wp.com\/www.freidenker.org\/fw17\/wp-content\/uploads\/2023\/03\/meadow-75050_800x450.jpg?fit=800%2C450&ssl=1&resize=525%2C300 1.5x, https:\/\/i0.wp.com\/www.freidenker.org\/fw17\/wp-content\/uploads\/2023\/03\/meadow-75050_800x450.jpg?fit=800%2C450&ssl=1&resize=700%2C400 2x"},"classes":[]},{"id":645,"url":"https:\/\/www.freidenker.org\/?p=645","url_meta":{"origin":621,"position":3},"title":"Juan Cole: Papst zum Islam sachlich falsch","author":"Webmaster","date":"1. Januar 2008","format":false,"excerpt":"Beitrag von Juan Cole Die Rede Papst Benedikts in der Universit\u00e4t Regensburg, in der er von Islam und Djihad spricht, hat einen Sturm der Entr\u00fcstung ausgel\u00f6st. Die Ansprache ist komplexer und feinsinniger, als in der Presse dargestellt. Aber am meisten irritiert, dass der Papst einiges am Islam sachlich falsch auffasst.\u2026","rel":"","context":"In &quot;Religions- &amp; Kirchenkritik, S\u00e4kulare Szene&quot;","block_context":{"text":"Religions- &amp; Kirchenkritik, S\u00e4kulare Szene","link":"https:\/\/www.freidenker.org\/?cat=15"},"img":{"alt_text":"","src":"https:\/\/i0.wp.com\/www.freidenker.org\/fw17\/wp-content\/uploads\/2016\/08\/Papst_Benedikt.jpg?fit=800%2C445&ssl=1&resize=350%2C200","width":350,"height":200,"srcset":"https:\/\/i0.wp.com\/www.freidenker.org\/fw17\/wp-content\/uploads\/2016\/08\/Papst_Benedikt.jpg?fit=800%2C445&ssl=1&resize=350%2C200 1x, https:\/\/i0.wp.com\/www.freidenker.org\/fw17\/wp-content\/uploads\/2016\/08\/Papst_Benedikt.jpg?fit=800%2C445&ssl=1&resize=525%2C300 1.5x, https:\/\/i0.wp.com\/www.freidenker.org\/fw17\/wp-content\/uploads\/2016\/08\/Papst_Benedikt.jpg?fit=800%2C445&ssl=1&resize=700%2C400 2x"},"classes":[]},{"id":452,"url":"https:\/\/www.freidenker.org\/?p=452","url_meta":{"origin":621,"position":4},"title":"Freidenker-Verbandstag 2012 in N\u00fcrnberg","author":"Webmaster","date":"4. Juni 2012","format":false,"excerpt":"Am 2. und 3. Juni 2012 kamen die Delegierten der Landesverb\u00e4nde des Deutschen Freidenker-Verbandes (DFV) zu ihrem Verbandstag in N\u00fcrnberg zusammen, dem h\u00f6chsten Gremium der sich als Weltanschauungsgemeinschaft, Interessenvertretung konfessionsfreier Menschen und Kulturorganisation verstehenden Organisation. Der Kongress betonte die Notwendigkeit, der herrschenden Politik zur Zerst\u00f6rung von Humanit\u00e4t und Vernunft mit\u2026","rel":"","context":"In &quot;Positionen&quot;","block_context":{"text":"Positionen","link":"https:\/\/www.freidenker.org\/?cat=210"},"img":{"alt_text":"","src":"https:\/\/i0.wp.com\/www.freidenker.org\/fw17\/wp-content\/uploads\/2016\/08\/Verbandstag_2012.jpg?fit=800%2C445&ssl=1&resize=350%2C200","width":350,"height":200,"srcset":"https:\/\/i0.wp.com\/www.freidenker.org\/fw17\/wp-content\/uploads\/2016\/08\/Verbandstag_2012.jpg?fit=800%2C445&ssl=1&resize=350%2C200 1x, https:\/\/i0.wp.com\/www.freidenker.org\/fw17\/wp-content\/uploads\/2016\/08\/Verbandstag_2012.jpg?fit=800%2C445&ssl=1&resize=525%2C300 1.5x, https:\/\/i0.wp.com\/www.freidenker.org\/fw17\/wp-content\/uploads\/2016\/08\/Verbandstag_2012.jpg?fit=800%2C445&ssl=1&resize=700%2C400 2x"},"classes":[]},{"id":448,"url":"https:\/\/www.freidenker.org\/?p=448","url_meta":{"origin":621,"position":5},"title":"Aufgaben der Aufkl\u00e4rung: Die Richtigstellung der Begriffe\u201c","author":"Webmaster","date":"16. Dezember 2012","format":false,"excerpt":"Beschluss des Verbandsvorstandes vom 27.\/28. Oktober 2012. Auszug: \"Der Deutsche Freidenker-Verband sieht das Ziel der historischen Aufkl\u00e4rungsbewegung, die Durchsetzung der Vernunft im geistigen und wissenschaftlichen Leben, f\u00fcr nicht erreicht an, und daher in der Fortsetzung der Aufkl\u00e4rung eine zentrale Aufgabe. ... In Gesellschaft, Staat und Politik sind auch heute \u201amoderne\u2019\u2026","rel":"","context":"In &quot;Positionen&quot;","block_context":{"text":"Positionen","link":"https:\/\/www.freidenker.org\/?cat=210"},"img":{"alt_text":"","src":"https:\/\/i0.wp.com\/www.freidenker.org\/fw17\/wp-content\/uploads\/2016\/08\/Denkerkopf_01.jpg?fit=800%2C445&ssl=1&resize=350%2C200","width":350,"height":200,"srcset":"https:\/\/i0.wp.com\/www.freidenker.org\/fw17\/wp-content\/uploads\/2016\/08\/Denkerkopf_01.jpg?fit=800%2C445&ssl=1&resize=350%2C200 1x, https:\/\/i0.wp.com\/www.freidenker.org\/fw17\/wp-content\/uploads\/2016\/08\/Denkerkopf_01.jpg?fit=800%2C445&ssl=1&resize=525%2C300 1.5x, https:\/\/i0.wp.com\/www.freidenker.org\/fw17\/wp-content\/uploads\/2016\/08\/Denkerkopf_01.jpg?fit=800%2C445&ssl=1&resize=700%2C400 2x"},"classes":[]}],"_links":{"self":[{"href":"https:\/\/www.freidenker.org\/index.php?rest_route=\/wp\/v2\/posts\/621","targetHints":{"allow":["GET"]}}],"collection":[{"href":"https:\/\/www.freidenker.org\/index.php?rest_route=\/wp\/v2\/posts"}],"about":[{"href":"https:\/\/www.freidenker.org\/index.php?rest_route=\/wp\/v2\/types\/post"}],"author":[{"embeddable":true,"href":"https:\/\/www.freidenker.org\/index.php?rest_route=\/wp\/v2\/users\/2"}],"replies":[{"embeddable":true,"href":"https:\/\/www.freidenker.org\/index.php?rest_route=%2Fwp%2Fv2%2Fcomments&post=621"}],"version-history":[{"count":0,"href":"https:\/\/www.freidenker.org\/index.php?rest_route=\/wp\/v2\/posts\/621\/revisions"}],"wp:featuredmedia":[{"embeddable":true,"href":"https:\/\/www.freidenker.org\/index.php?rest_route=\/wp\/v2\/media\/622"}],"wp:attachment":[{"href":"https:\/\/www.freidenker.org\/index.php?rest_route=%2Fwp%2Fv2%2Fmedia&parent=621"}],"wp:term":[{"taxonomy":"category","embeddable":true,"href":"https:\/\/www.freidenker.org\/index.php?rest_route=%2Fwp%2Fv2%2Fcategories&post=621"},{"taxonomy":"post_tag","embeddable":true,"href":"https:\/\/www.freidenker.org\/index.php?rest_route=%2Fwp%2Fv2%2Ftags&post=621"}],"curies":[{"name":"wp","href":"https:\/\/api.w.org\/{rel}","templated":true}]}}