{"id":615,"date":"1998-04-01T12:29:30","date_gmt":"1998-04-01T10:29:30","guid":{"rendered":"http:\/\/www.freidenker.org\/fw17\/?p=615"},"modified":"2019-06-27T21:43:22","modified_gmt":"2019-06-27T19:43:22","slug":"die-pius-luege-der-vatikan-erklaert-sich-zum-holocaust","status":"publish","type":"post","link":"https:\/\/www.freidenker.org\/?p=615","title":{"rendered":"Die Pius-L\u00fcge &#8211; Der Vatikan erkl\u00e4rt sich zum Holocaust"},"content":{"rendered":"<h2>Ein\u00a0Kommentar<\/h2>\n<p><em>von Emil Carlebach<\/em><\/p>\n<p align=\"left\">Deine Rede sei Ja, Ja und Nein, Nein \u2013 was dar\u00fcber ist, ist vom \u00dcbel. Dieses biblische Gebot kann den Kardin\u00e4len nicht vor Augen gestanden haben, als sie im M\u00e4rz 1998 ihre Erkl\u00e4rung zum Holocaust ver\u00f6ffentlichten, die den Vatikan und insbesondere den Papst Pius XII von der schweren Mitschuld an dem millionenfachen Judenmord zu entlasten suchte. Eher dachten sie wohl an den Satz, da\u00df der Zweck die Mittel heilige. Aber es gelang ihnen nicht: Erfindungen (man k\u00f6nnte auch sagen: L\u00fcgen) auf der einen, Weglassungen (man k\u00f6nnte auch sagen: Unterschlagungen) sind hier so eindeutig vermischt, da\u00df sie zumindest eine Frage beantworten \u2013 was die Herren Kardin\u00e4le in den 11 (elf!) Jahren getrieben haben, die sie an diesem Elaborat get\u00fcftelt haben.<\/p>\n<p align=\"left\">Fangen wir mit dem Anfang an, einem Anfang, den es bei der Vatikan-Erkl\u00e4rung vorsichtshalber gar nicht erst gibt: Der Mann, der sich selbst den Namen Pius (der Fromme) gab, hie\u00df als Kardinal Pacelli und war Botschafter in Berlin. Bei ihm holte sich auch der katholische ReichskanzlerHeinrich Br\u00fcning manchmal Rat. Und der Rat, es war Anfang der 30er Jahre, lautete:<\/p>\n<p align=\"left\">&#8222;Pacelli meinte, ich m\u00fcsse eben, mit R\u00fccksicht auf ein Reichskonkordat, eine Regierung der Rechten bilden. &#8230; Er glaubte, mir wieder eine Einigung mit den Nazis w\u00fcnschen zu m\u00fcssen.&#8220; (Br\u00fcning, Memoiren, Stuttgart 1970, S. 358 f.)<\/p>\n<p align=\"left\">Rolf Hochhuth, Autor des weltweit bekannten Schauspiels &#8222;Der Stellvertreter&#8220;, hat die Rede des Frommen No. XII der Vergessenheit entrissen, in der der Herr des Vatikan und Herrscher \u00fcber Millionen gl\u00e4ubiger katholischer Gem\u00fcter, die Ausrottung der j\u00fcdischen Menschen unter Berufung auf Gott &#8222;begr\u00fcndete&#8220;:<\/p>\n<p align=\"left\">&#8222;Jerusalem hat seine (Gottes) Einladung und seine Gnade mit jener starren Verblendung und jenem hartn\u00e4ckigen Undank beantwortet, die es auf dem Wege der Schuld bis zum Gottesmord gef\u00fchrt hat.&#8220; (zit. n. \u201aFrankfurter Rundschau\u2018, 19. 3. 1998)<\/p>\n<p align=\"left\">Wie anders kann ein Gottesmord (!) ges\u00fchnt werden, al sdurch die T\u00f6tung der &#8222;Gottesm\u00f6rder&#8220;! So konnten sich die guten Sch\u00e4flein des r\u00f6mischen Oberhirten in Gottes Gnade f\u00fchlen, wenn sie seine &#8222;M\u00f6rder&#8220; nun ihrerseits t\u00f6teten. Man lese einmal das Gebet- und Gesangbuch f\u00fcr katholische Soldaten in Hitlers Wehrmacht, wie da die Jungfrau Maria als &#8222;Mutter der Kanonen&#8220; angefleht wird, den deutsch-faschistischen Waffen zum Sieg zu verhelfen. Dieser Sieg wurde allerdings erfochten durch die T\u00f6tung von Zewhntausenden, ja Hunderttausenden polnischen, ukrainischen, franz\u00f6sischen, belgischen Katholiken! Auch hier &#8222;heiligte der Zweck die Mittel&#8220; \u2013 denn der Zweck war: Ausrottung der Juden und Bolschewisten.<\/p>\n<p align=\"left\">Oh, der Fromme No. XII konnte auch durchgreifen. Im KZ Buchenwald lernte ich den tschechischen Priester Pater Plojhar kennen, er hatte sich dem antifaschistischen Kampf angeschlossen. Ihn exkommunizierte Pius XII. Mir ist keiner der faschistischen Massenm\u00f6rder bekannt, den dieser &#8222;Fromme&#8220; exkommuniziert h\u00e4tte.<\/p>\n<p align=\"left\">Mit einem Zynismus, der seinesgleichen sucht, beruft sich die vatikanische Suada auf einzelne Katholiken, die gegen die faschistischen Verbrechen Front machten \u2013 und unterschl\u00e4gt, da\u00df der Papst und seine Bisch\u00f6fe diesen mutigen Priestern keinerlei Unterst\u00fctzung zukommen lie\u00dfen! H\u00f6ren wir noch einmal den Katholiken Br\u00fcning \u00fcber die Situation seit 1933:<\/p>\n<p align=\"left\">&#8222;Die gro\u00dfe Masse der einfachen W\u00e4hler mu\u00dfte jetzt zu der \u00dcberzeugung kommen, da\u00df eine Regierung, die so von den Bisch\u00f6fen behandelt wurde, die Sympathie des Apostolischen Stuhles habe. &#8230; Wer den Kampf aufnahm, h\u00e4tte noch den Makel auf sich genommen, kein guter Katholik zu sein.&#8220; (Br\u00fcning, a. a. O., S. 664)<\/p>\n<p align=\"left\">Das \u00e4nderte sich auch nach 1945 nicht. Der katholische Kaplan Joseph Rossaint, der als F\u00fchrer der Katholischen Jugend im Rheinland wegen seines antifaschistischen Kampfes zehn Jahre Zuchthaus verb\u00fc\u00dfen mu\u00dfte, wurde auch nach der Befreiung vom Faschismus von den Bisch\u00f6fen wie ein Auss\u00e4tziger behnadelt, und erhielt keine Pfarre.<\/p>\n<p align=\"left\">\u00a0Die Gnadensonne des frommen Pius strahlte \u00fcber ganz anderen M\u00e4nnern. Ein Bischof wurde eingesetzt, der die M\u00f6rder aus SS, Gestapo und KZ mit Geld und falschen Papieren versorgte, um ihnen die Flucht nach \u00dcbersee zu erm\u00f6glichen. Hudal war der Name dieses Komplizen der Verbrecher, der durch diplomatische und geistliche Immunit\u00e4t gesch\u00fctzt war. Das verlief dann etwa so:<\/p>\n<p align=\"left\">\u00a0Hier, Herr Eichmann, ist Ihr falscher Pa\u00df. Im Namen des Vaters. Und Ihr Visum. Im Namen des Sohnes. Und Ihre Schiffskarte. Im Namen des Heiligen Geistes.<\/p>\n<p align=\"left\">\u00a0Bleibt noch die Frage: was wurde zwischen Rom und Tel Aviv ausgehandelt, um den Namen des Papstes und seines Bischofs Hudal aus dem Eichmann-Proze\u00df herauszuhalten?<\/p>\n<p align=\"left\">\u00a0Nein, die Fakten, die blutigen Fakten, \u00fcberf\u00fchren die Herren Kardin\u00e4le der Unwahrheit, der dreisten L\u00fcge. Die Ausrottung der &#8222;heidnischen&#8220; Sachsen vor tausend Jahren, die Vernichtungs-Kreuzz\u00fcge gegen die Albigenser und Waldenser (Christen \u2013 die sich aber nicht dem &#8222;Frommen&#8220; in Rom unterwarfen, die Opfer der katholischen Batholom\u00e4usnacht in Frankreich, die Ausrottung der Indios in Lateinamerika, wo die Missionare des &#8222;Frommen&#8220; ganze V\u00f6lker ausl\u00f6schten auf der Jagd nach Gold und Sklaven \u2013 immer &#8222;im Namen Gottes&#8220; und seines Stellvertreters auf Erden, das alles f\u00fchrte in gerader Linie zur versuchten Ausrottung der j\u00fcdischen &#8222;Ketzer&#8220; \u2013 und, vielfach unterschlagen, der &#8222;Ketzer&#8220; der orthodoxen (christlichen!) Kirche auf dem Balkan.<\/p>\n<p align=\"left\">\u00a0Besonders makaber und heuchlerisch ist die vatikanische Stellungnahme angesichts des Geschehens in Kroatien, das schon seinerzeit einmal dank deutscher Zerschlagung Jugoslawiens zum &#8222;Unabh\u00e4ngigen Staat&#8220; wurde, von Hitlers Gnaden, versteht sich. Und der besonderen Gnade unseres Frommen No. XII.<\/p>\n<p align=\"left\">\u00a0Der Ustascha-F\u00fchrer Ante Pavelic, in Frankreich und Jugoslawien wegen seiner Morde zum Tode verurteilt, wurde von unserem Frommen mehrfach in feierlicher Privataudienz empfangen und mit den besten W\u00fcnschen f\u00fcr seine &#8222;weitere Arbeit&#8220; verabschiedet, die darin bestand, aus Kroatien ein Schlachthaus f\u00fcr Serben, Juden, Sinti und Roma, f\u00fcr alle, die keine Katholiken = Kroaten waren, zu machen. F\u00fcr die Serben hie\u00df das, &#8222;ein Drittel mu\u00df katholisch werden, ein Drittel mu\u00df das Land verlassen, ein Drittel mu\u00df sterben&#8220;. F\u00fcr Roms Oberhirten in Kroatien, den Erzbischof Stepinac, war &#8222;es jedoch leicht, die Hand Gottes in diesem Werk zu erkennen&#8220;. Die katholische Presse jubelte, sah &#8222;das Kroatien Gottes und Marias wiederauferstehen&#8220; und feierte Hitler als &#8222;Kreuzfahrer Gottes&#8220;. (Alle Zitate: Deschner, Mit Gott und dem F\u00fchrer, K\u00f6ln 1988, S. 270ff.)<\/p>\n<p align=\"left\">\u00a0Aber der katholische Klerus belie\u00df es nicht bei seinem Segen, er legte selbst Hand an. Die Ustascha selbst wurde in der erzbisch\u00f6flichen Residenz in Zagreb gegr\u00fcndet. Die Franziskanerkl\u00f6ster dienten als Waffenlager und als organisatorisches R\u00fcckgrat der faschistischen Bewegung, die dem Erzbischof unterstehende &#8222;Katholische Aktion&#8220; der &#8222;Kreuzritter&#8220; stellte die Ustascha-Kader. Franziskaner und Kreuzritter waren Henker in den massenhaft entstehenden Konzentrationslagern, davon alleine neun Kinder-KZ. Im Vernichtungslager Jasenovac, wo \u00fcber 200.000 Serben und Juden ermordet wurden, war der Franziskaner-Pater Filipovic zeitweise KZ-Kommandant, in dieser Zeit verantwortlich f\u00fcr 40.000 Morde.<\/p>\n<p align=\"left\">\u00a0Auf solche Gro\u00dftaten im Namen des Herrn geht die Suada des Vatikan nat\u00fcrlich nicht ein, oder sucht sie als &#8222;Versagen&#8220; zu entschuldigen. Genauso &#8222;versagte&#8220; der Vatikan, als er 1944 vor den heranr\u00fcckenden Allierten Ustascha-Gold im Wert von 200 Millionen Dollar &#8222;in Sicherheit&#8220; brachte, es zun\u00e4chst zur Fluchthilfe der Ustaschaverbrecher &#8222;anlegte&#8220;, und schlie\u00dflich 1990 mit Zins und Zinseszins als Milliardengeschenk dem dank Deutschland neu erstandenen &#8222;unabh\u00e4ngigen&#8220; Kroatien zur\u00fcckzahlte.<\/p>\n<p align=\"left\">\u00a0Die blutige Traditionslinie der Kathol\u00f6ischen Kirche f\u00fchrte folgerichtig zur Komplizenschaft des Papstes und seines Bischofs Hudal bei der kriminellen Hilfe f\u00fcr die Eichmann, Pavelic und Co., nachdem ausgerechnet die &#8222;gottlosen&#8220; Rotarmisten diesen Verbrechen der Diener des r\u00f6mischen Gottes und seines &#8222;Stellvertreters auf Erden&#8220; ein Ende gemacht hatten.<\/p>\n<p align=\"left\">\u00a0&#8222;\u00c9crasez l\u2019Infame!&#8220;, dieser Appell Voltaires hatte tausend Gr\u00fcnde, schon vor zweihundert Jahren; um wieviele mehr nach alledem, was die &#8222;Frommen&#8220; inzwischen noch auf ihr blutiges Schuldkonto geh\u00e4uft haben.<\/p>\n<hr \/>\n<p align=\"left\">Beitrags-Bild:\u00a0Papst Pius XII.,\u00a0<span class=\"language de\">Bamberg, 900 Jahr-Feier der Stadt<\/span><br \/>\nDieses Bild wurde im Rahmen einer Kooperation zwischen dem Bundesarchiv und Wikimedia Deutschland aus dem Bundesarchiv f\u00fcr Wikimedia Commons zur Verf\u00fcgung gestellt.<br \/>\nDiese Datei ist unter der Creative-Commons-Lizenz \u201eNamensnennung \u2013 Weitergabe unter gleichen Bedingungen 3.0 Deutschland\u201c lizenziert. Flag of Germany.svg<br \/>\nNamensnennung: Bundesarchiv, Bild 102-00535 \/ CC-BY-SA 3.0<\/p>\n","protected":false},"excerpt":{"rendered":"<p><strong>Beitrag von Emil Carlebach<\/strong><br \/>\nDeine Rede sei Ja, Ja und Nein, Nein \u2013 was dar\u00fcber ist, ist vom \u00dcbel. Dieses biblische Gebot kann den Kardin\u00e4len nicht vor Augen gestanden haben, als sie im M\u00e4rz 1998 ihre Erkl\u00e4rung zum Holocaust ver\u00f6ffentlichten, die den Vatikan und insbesondere den Papst Pius XII von der schweren Mitschuld an dem millionenfachen Judenmord zu entlasten suchte. Eher dachten sie wohl an den Satz, da\u00df der Zweck die Mittel heilige. Aber es gelang ihnen nicht: Erfindungen (man k\u00f6nnte auch sagen: L\u00fcgen) auf der einen, Weglassungen (man k\u00f6nnte auch sagen: Unterschlagungen) sind hier so eindeutig vermischt, da\u00df sie zumindest eine Frage beantworten \u2013 was die Herren Kardin\u00e4le in den 11 (elf!) Jahren getrieben haben, die sie an diesem Elaborat get\u00fcftelt haben.<\/p>\n","protected":false},"author":2,"featured_media":616,"comment_status":"closed","ping_status":"closed","sticky":false,"template":"","format":"standard","meta":{"colormag_page_container_layout":"default_layout","colormag_page_sidebar_layout":"default_layout","advanced_seo_description":"","jetpack_seo_html_title":"","jetpack_seo_noindex":false,"jetpack_post_was_ever_published":false,"footnotes":""},"categories":[1162,15],"tags":[277,1016,276],"class_list":["post-615","post","type-post","status-publish","format-standard","has-post-thumbnail","hentry","category-geschichte","category-religions-kirchenkritik","tag-holocaust","tag-papst-pius-xii","tag-vatikan"],"jetpack_featured_media_url":"https:\/\/i0.wp.com\/www.freidenker.org\/fw17\/wp-content\/uploads\/2016\/08\/Bundesarchiv_Bild_102-00535_Bamberg_900_Jahr-Feier_der_Stadt.jpg?fit=800%2C445&ssl=1","jetpack_shortlink":"https:\/\/wp.me\/p9stpK-9V","jetpack-related-posts":[{"id":3248,"url":"https:\/\/www.freidenker.org\/?p=3248","url_meta":{"origin":615,"position":0},"title":"Faschisten, Reaktion\u00e4re und der Vatikan","author":"Webredaktion","date":"17. M\u00e4rz 2009","format":false,"excerpt":"Beitrag aus FREIDENKER 1-09 Dass die katholische Kirche zu Jahresbeginn in aller Munde war, hat sie sich unter ihrem Oberhirten Ratzinger alias Papst Benedict XVI. redlich verdient. Das meiste Aufsehen erregte er damit, den Holocaustleugnern und Erzreaktion\u00e4ren der \u201eBruderschaft St. Pius X.\u201c (FSSPX) das Tor zur Kirche wieder zu \u00f6ffnen.\u2026","rel":"","context":"In &quot;Religions- &amp; Kirchenkritik, S\u00e4kulare Szene&quot;","block_context":{"text":"Religions- &amp; Kirchenkritik, S\u00e4kulare Szene","link":"https:\/\/www.freidenker.org\/?cat=15"},"img":{"alt_text":"","src":"https:\/\/i0.wp.com\/www.freidenker.org\/fw17\/wp-content\/uploads\/2009\/03\/Memmingen_St_Joseph_Marienaltar_800x445.jpg?fit=800%2C445&ssl=1&resize=350%2C200","width":350,"height":200,"srcset":"https:\/\/i0.wp.com\/www.freidenker.org\/fw17\/wp-content\/uploads\/2009\/03\/Memmingen_St_Joseph_Marienaltar_800x445.jpg?fit=800%2C445&ssl=1&resize=350%2C200 1x, https:\/\/i0.wp.com\/www.freidenker.org\/fw17\/wp-content\/uploads\/2009\/03\/Memmingen_St_Joseph_Marienaltar_800x445.jpg?fit=800%2C445&ssl=1&resize=525%2C300 1.5x, https:\/\/i0.wp.com\/www.freidenker.org\/fw17\/wp-content\/uploads\/2009\/03\/Memmingen_St_Joseph_Marienaltar_800x445.jpg?fit=800%2C445&ssl=1&resize=700%2C400 2x"},"classes":[]},{"id":634,"url":"https:\/\/www.freidenker.org\/?p=634","url_meta":{"origin":615,"position":1},"title":"Mea Culpa? Gegen die Missverst\u00e4ndnisse p\u00e4pstlicher &#8222;Schuldbekenntnisse&#8220;","author":"Webmaster","date":"31. M\u00e4rz 2000","format":false,"excerpt":"Rede von Klaus Hartmann auf einer Mitgliederversammlung Am 12. M\u00e4rz 2000 wurden die Augen der Weltfernsehgemeinde auf einen Gottesdienst in Rom gerichtet. Nach wochenlangen Ank\u00fcndigungen, Spekulationen und h\u00e4ppchenweisen Vorver\u00f6ffentlichungen wurden die Papst-Worte mit Spannung erwartet, mit denen er sich zur Schuld der Kirche \u00e4u\u00dfern und um Vergebung bitten wollte. Das\u2026","rel":"","context":"In &quot;Religions- &amp; Kirchenkritik, S\u00e4kulare Szene&quot;","block_context":{"text":"Religions- &amp; Kirchenkritik, S\u00e4kulare Szene","link":"https:\/\/www.freidenker.org\/?cat=15"},"img":{"alt_text":"","src":"https:\/\/i0.wp.com\/www.freidenker.org\/fw17\/wp-content\/uploads\/2016\/08\/Rom.jpg?fit=800%2C445&ssl=1&resize=350%2C200","width":350,"height":200,"srcset":"https:\/\/i0.wp.com\/www.freidenker.org\/fw17\/wp-content\/uploads\/2016\/08\/Rom.jpg?fit=800%2C445&ssl=1&resize=350%2C200 1x, https:\/\/i0.wp.com\/www.freidenker.org\/fw17\/wp-content\/uploads\/2016\/08\/Rom.jpg?fit=800%2C445&ssl=1&resize=525%2C300 1.5x, https:\/\/i0.wp.com\/www.freidenker.org\/fw17\/wp-content\/uploads\/2016\/08\/Rom.jpg?fit=800%2C445&ssl=1&resize=700%2C400 2x"},"classes":[]},{"id":683,"url":"https:\/\/www.freidenker.org\/?p=683","url_meta":{"origin":615,"position":2},"title":"Der deutsche Papst ist der bisher reaktion\u00e4rste in der Geschichte der Neuzeit","author":"Webmaster","date":"12. September 2011","format":false,"excerpt":"Beitrag von Gerhard Feldbauer aus FREIDENKER 2-11 Im September 2011 wird der deutsche Papst der Bundesrepublik einen offiziellen \u201aStaats\u2018besuch abstatten. Wes Geistes Kind ist dieser Benedikt alias Joseph Ratzinger? Beginnen wir mit einem aktuellen Aspekt. Die Wellen der Emp\u00f6rung \u00fcber den sogenannten Missbrauchsskandal der katholischen Kirche sind noch nicht verebbt.\u2026","rel":"","context":"In &quot;Religions- &amp; Kirchenkritik, S\u00e4kulare Szene&quot;","block_context":{"text":"Religions- &amp; Kirchenkritik, S\u00e4kulare Szene","link":"https:\/\/www.freidenker.org\/?cat=15"},"img":{"alt_text":"","src":"https:\/\/i0.wp.com\/www.freidenker.org\/fw17\/wp-content\/uploads\/2016\/08\/Papast_Benedikt_01.jpg?fit=800%2C445&ssl=1&resize=350%2C200","width":350,"height":200,"srcset":"https:\/\/i0.wp.com\/www.freidenker.org\/fw17\/wp-content\/uploads\/2016\/08\/Papast_Benedikt_01.jpg?fit=800%2C445&ssl=1&resize=350%2C200 1x, https:\/\/i0.wp.com\/www.freidenker.org\/fw17\/wp-content\/uploads\/2016\/08\/Papast_Benedikt_01.jpg?fit=800%2C445&ssl=1&resize=525%2C300 1.5x, https:\/\/i0.wp.com\/www.freidenker.org\/fw17\/wp-content\/uploads\/2016\/08\/Papast_Benedikt_01.jpg?fit=800%2C445&ssl=1&resize=700%2C400 2x"},"classes":[]},{"id":680,"url":"https:\/\/www.freidenker.org\/?p=680","url_meta":{"origin":615,"position":3},"title":"Hilfe, der \u201aPapst\u2019 kommt!","author":"Webmaster","date":"5. September 2011","format":false,"excerpt":"Der Deutsche Freidenker-Verband unterst\u00fctzt den Aufruf des breiten B\u00fcndnisses, das gegen die menschenfeindliche Geschlechter- und Sexualpolitik des Papstes protestiert: \u201eIm September 2011 besucht Papst Benedikt XVI. Deutschland. Dabei spricht er auch vor dem Deutschen Bundestag in Berlin. Dagegen protestieren wir. Der Papst steht f\u00fcr eine menschenfeindliche Geschlechter- und Sexualpolitik. Sie\u2026","rel":"","context":"In &quot;Religions- &amp; Kirchenkritik, S\u00e4kulare Szene&quot;","block_context":{"text":"Religions- &amp; Kirchenkritik, S\u00e4kulare Szene","link":"https:\/\/www.freidenker.org\/?cat=15"},"img":{"alt_text":"","src":"https:\/\/i0.wp.com\/www.freidenker.org\/fw17\/wp-content\/uploads\/2016\/08\/Papst_Benedict.jpg?fit=800%2C445&ssl=1&resize=350%2C200","width":350,"height":200,"srcset":"https:\/\/i0.wp.com\/www.freidenker.org\/fw17\/wp-content\/uploads\/2016\/08\/Papst_Benedict.jpg?fit=800%2C445&ssl=1&resize=350%2C200 1x, https:\/\/i0.wp.com\/www.freidenker.org\/fw17\/wp-content\/uploads\/2016\/08\/Papst_Benedict.jpg?fit=800%2C445&ssl=1&resize=525%2C300 1.5x, https:\/\/i0.wp.com\/www.freidenker.org\/fw17\/wp-content\/uploads\/2016\/08\/Papst_Benedict.jpg?fit=800%2C445&ssl=1&resize=700%2C400 2x"},"classes":[]},{"id":642,"url":"https:\/\/www.freidenker.org\/?p=642","url_meta":{"origin":615,"position":4},"title":"Klaus Hartmann: Aufstehen statt niederknien","author":"Webmaster","date":"17. September 2005","format":false,"excerpt":"Beitrag von Klaus Hartmann aus FREIDENKER 3-05 \"Weltjugendtag\" hei\u00dft die fromme Heerschau dieser Tage in K\u00f6ln, der Name jedoch ist Anma\u00dfung: Obwohl Hunderttausende erwartet werden, die \"Weltjugend\" ist das nicht \u2013 es ist ebenso wenig das Treffen von Atheisten wie von Buddhisten, Muslimen oder Hindus, Juden oder orthodoxen Chris\u00adten. Zumindest\u2026","rel":"","context":"In &quot;Religions- &amp; Kirchenkritik, S\u00e4kulare Szene&quot;","block_context":{"text":"Religions- &amp; Kirchenkritik, S\u00e4kulare Szene","link":"https:\/\/www.freidenker.org\/?cat=15"},"img":{"alt_text":"","src":"https:\/\/i0.wp.com\/www.freidenker.org\/fw17\/wp-content\/uploads\/2016\/08\/Papst.jpg?fit=800%2C445&ssl=1&resize=350%2C200","width":350,"height":200,"srcset":"https:\/\/i0.wp.com\/www.freidenker.org\/fw17\/wp-content\/uploads\/2016\/08\/Papst.jpg?fit=800%2C445&ssl=1&resize=350%2C200 1x, https:\/\/i0.wp.com\/www.freidenker.org\/fw17\/wp-content\/uploads\/2016\/08\/Papst.jpg?fit=800%2C445&ssl=1&resize=525%2C300 1.5x, https:\/\/i0.wp.com\/www.freidenker.org\/fw17\/wp-content\/uploads\/2016\/08\/Papst.jpg?fit=800%2C445&ssl=1&resize=700%2C400 2x"},"classes":[]},{"id":21907,"url":"https:\/\/www.freidenker.org\/?p=21907","url_meta":{"origin":615,"position":5},"title":"Robert Francis Prevost \u2013 der neue Papst Leo XIV. Eine politische Wahl?","author":"Webredaktion","date":"21. Mai 2025","format":false,"excerpt":"Ein Standpunkt von\u00a0Wolfgang Effenberger. Nach der Wahl von Kardinal Prevost titelte der SPIEGEL: \"Leo XIV.: Der neue Papst ist Fu\u00dfball- und Baseballfan\". Denn Leo XIV. ist Anh\u00e4nger des Baseballclubs aus seiner US-amerikanischen Heimatstadt, wie sein Bruder John Prevost verriet. Die White Sox sind aber nicht das einzige Team, das das\u2026","rel":"","context":"In &quot;Demokratie \u2013 Medien \u2013 Aufkl\u00e4rung&quot;","block_context":{"text":"Demokratie \u2013 Medien \u2013 Aufkl\u00e4rung","link":"https:\/\/www.freidenker.org\/?cat=12"},"img":{"alt_text":"","src":"https:\/\/i0.wp.com\/www.freidenker.org\/fw17\/wp-content\/uploads\/2025\/05\/Pope_Leo_XIV_3_auszug_800x450.jpg?fit=800%2C450&ssl=1&resize=350%2C200","width":350,"height":200,"srcset":"https:\/\/i0.wp.com\/www.freidenker.org\/fw17\/wp-content\/uploads\/2025\/05\/Pope_Leo_XIV_3_auszug_800x450.jpg?fit=800%2C450&ssl=1&resize=350%2C200 1x, https:\/\/i0.wp.com\/www.freidenker.org\/fw17\/wp-content\/uploads\/2025\/05\/Pope_Leo_XIV_3_auszug_800x450.jpg?fit=800%2C450&ssl=1&resize=525%2C300 1.5x, https:\/\/i0.wp.com\/www.freidenker.org\/fw17\/wp-content\/uploads\/2025\/05\/Pope_Leo_XIV_3_auszug_800x450.jpg?fit=800%2C450&ssl=1&resize=700%2C400 2x"},"classes":[]}],"_links":{"self":[{"href":"https:\/\/www.freidenker.org\/index.php?rest_route=\/wp\/v2\/posts\/615","targetHints":{"allow":["GET"]}}],"collection":[{"href":"https:\/\/www.freidenker.org\/index.php?rest_route=\/wp\/v2\/posts"}],"about":[{"href":"https:\/\/www.freidenker.org\/index.php?rest_route=\/wp\/v2\/types\/post"}],"author":[{"embeddable":true,"href":"https:\/\/www.freidenker.org\/index.php?rest_route=\/wp\/v2\/users\/2"}],"replies":[{"embeddable":true,"href":"https:\/\/www.freidenker.org\/index.php?rest_route=%2Fwp%2Fv2%2Fcomments&post=615"}],"version-history":[{"count":0,"href":"https:\/\/www.freidenker.org\/index.php?rest_route=\/wp\/v2\/posts\/615\/revisions"}],"wp:featuredmedia":[{"embeddable":true,"href":"https:\/\/www.freidenker.org\/index.php?rest_route=\/wp\/v2\/media\/616"}],"wp:attachment":[{"href":"https:\/\/www.freidenker.org\/index.php?rest_route=%2Fwp%2Fv2%2Fmedia&parent=615"}],"wp:term":[{"taxonomy":"category","embeddable":true,"href":"https:\/\/www.freidenker.org\/index.php?rest_route=%2Fwp%2Fv2%2Fcategories&post=615"},{"taxonomy":"post_tag","embeddable":true,"href":"https:\/\/www.freidenker.org\/index.php?rest_route=%2Fwp%2Fv2%2Ftags&post=615"}],"curies":[{"name":"wp","href":"https:\/\/api.w.org\/{rel}","templated":true}]}}