{"id":6144,"date":"2019-04-03T00:17:51","date_gmt":"2019-04-02T22:17:51","guid":{"rendered":"https:\/\/www.freidenker.org\/?p=6144"},"modified":"2019-04-14T21:54:54","modified_gmt":"2019-04-14T19:54:54","slug":"kundgebung-stopp-dem-krieg-im-donbass","status":"publish","type":"post","link":"https:\/\/www.freidenker.org\/?p=6144","title":{"rendered":"Kundgebung: Stopp dem Krieg im Donbass!"},"content":{"rendered":"<p align=\"CENTER\"><span style=\"font-size: large;\"><b>Stopp dem Krieg im Donbass!<\/b><\/span><\/p>\n<p align=\"CENTER\"><span style=\"font-size: medium;\"><b>Protest- und Mahnkundgebung<br \/>\nam 14. April 2019<br \/>\nvon 13:00 bis 14:00 Uhr<\/b><\/span><\/p>\n<p align=\"CENTER\"><span style=\"font-size: medium;\"><b>Berlin, am Lustgarten<\/b><\/span><\/p>\n<p>Vor genau f\u00fcnf Jahren, am 14. April 2014, hat das durch einen Staatsstreich mit Unterst\u00fctzung der NATO und der EU an die Macht gekommene, von Faschisten gest\u00fctzte ukrainische Regime einen Krieg gegen den Donbass begonnen. Zuvor hatten sich die Menschen im Donbass gegen den Staatsstreich gewehrt und in Referenden mit gro\u00dfer Mehrheit ihre Selbstbestimmung beschlossen. Seitdem werden die Volksrepubliken des Donbass t\u00e4glich von ukrainischen Truppen beschossen, mehr als 10.000 Menschen wurden get\u00f6tet, mehr als 40.000 H\u00e4user und soziale Einrichtungen, Schulen und Krankenh\u00e4user wurden zerst\u00f6rt.<br \/>\nAuch heute sterben jede Woche Menschen durch ukrainische Angriffe. Der Tag f\u00fcr Tag mit politischer und finanzieller Unterst\u00fctzung auch der Bundesregierung weitergef\u00fchrte Krieg und die Wirtschaftsblockade von Seiten der Ukraine verhindern den Wiederaufbau.<\/p>\n<p>Deshalb finden heute in vielen St\u00e4dten auf der ganzen Erde Aktionen gegen diesen Krieg statt.<br \/>\nGerade auch Kinder leiden unter diesem Krieg. Wir stellen auf unserer Aktion Briefe und Bilder von Kindern aus Donezk vor, in denen sie vor allem ihren Wunsch nach Frieden anschaulich deutlich machen.<\/p>\n<p><b>Wir fordern von der Regierung in Kiew die sofortige Beendigung der Kriegshandlungen im Donbass und Verhandlungen mit der Donezker und Lugansker Volksrepublik \u00fcber gegenseitige Beziehungen auf friedlicher und gleichberechtigter Grundlage!<\/b><\/p>\n<p><b>Wir fordern von der Bundesregierung und der EU, die Finanzierung der Milit\u00e4rausgaben und die Lieferung von Waffen sowie jegliche politische Unterst\u00fctzung f\u00fcr das verbrecherische Kiewer Regime zu stoppen!<\/b><\/p>\n<p><b>Die Kriegsverbrecher in der ukrainischen Regierung m\u00fcssen strafrechtlich zur Verantwortung gezogen werden!<\/b><\/p>\n<p style=\"text-align: center;\">DKP Berlin | Freidenker Berlin | alternative Presseschau | Friedensbr\u00fccke-Kriegsopferhilfe e.V.<\/p>\n<hr \/>\n<p><strong>Download<\/strong><\/p>\n<ul>\n<li><img data-recalc-dims=\"1\" loading=\"lazy\" decoding=\"async\" data-attachment-id=\"1072\" data-permalink=\"https:\/\/www.freidenker.org\/?attachment_id=1072\" data-orig-file=\"https:\/\/i0.wp.com\/www.freidenker.org\/fw17\/wp-content\/uploads\/2017\/10\/pdf_icon-e1509487447542.png?fit=16%2C16&amp;ssl=1\" data-orig-size=\"16,16\" data-comments-opened=\"0\" data-image-meta=\"{&quot;aperture&quot;:&quot;0&quot;,&quot;credit&quot;:&quot;&quot;,&quot;camera&quot;:&quot;&quot;,&quot;caption&quot;:&quot;&quot;,&quot;created_timestamp&quot;:&quot;0&quot;,&quot;copyright&quot;:&quot;&quot;,&quot;focal_length&quot;:&quot;0&quot;,&quot;iso&quot;:&quot;0&quot;,&quot;shutter_speed&quot;:&quot;0&quot;,&quot;title&quot;:&quot;&quot;,&quot;orientation&quot;:&quot;0&quot;}\" data-image-title=\"pdf_icon_16\" data-image-description=\"\" data-image-caption=\"\" data-large-file=\"https:\/\/i0.wp.com\/www.freidenker.org\/fw17\/wp-content\/uploads\/2017\/10\/pdf_icon-e1509487447542.png?fit=16%2C16&amp;ssl=1\" class=\"alignnone size-full wp-image-1072\" src=\"https:\/\/i0.wp.com\/www.freidenker.org\/fw17\/wp-content\/uploads\/2017\/10\/pdf_icon-e1509487447542.png?resize=16%2C16&#038;ssl=1\" alt=\"\" width=\"16\" height=\"16\" \/>\u00a0<a href=\"https:\/\/www.freidenker.org\/fw17\/wp-content\/uploads\/2019\/04\/flugblatt_berlin.2019.pdf\" target=\"_blank\" rel=\"noopener noreferrer\">Flugblatt zur Veranstaltung im PDF-Format<\/a><\/li>\n<\/ul>\n<hr \/>\n<p><span style=\"font-size: 10pt;\">Bild: <\/span><span class=\"tlid-translation translation\" lang=\"de\"><span class=\"\" title=\"\"><span class=\"mw-mmv-title\" style=\"font-size: 10pt;\">Im Ukrainekrieg zerst\u00f6rtes Wohnhaus im August 2016<\/span><br \/>\n<span style=\"font-size: 10pt;\">Quelle: Von \u041b\u0456\u043e\u043d\u043a\u0456\u043d\u0433 &#8211; Eigenes Werk, CC BY-SA 4.0, <a href=\"https:\/\/commons.wikimedia.org\/w\/index.php?curid=34673648\" target=\"_blank\" rel=\"noopener noreferrer\">https:\/\/commons.wikimedia.org\/w\/index.php?curid=34673648<\/a><\/span><br \/>\n<\/span><\/span><\/p>\n","protected":false},"excerpt":{"rendered":"<p>Stopp dem Krieg im Donbass! Protest- und Mahnkundgebung am 14. April 2019 von 13:00 bis 14:00 Uhr Berlin<br \/>\nVor genau f\u00fcnf Jahren, am 14. April 2014, hat das durch einen Staatsstreich mit Unterst\u00fctzung der NATO und der EU an die Macht gekommene, von Faschisten gest\u00fctzte ukrainische Regime einen Krieg gegen den Donbass begonnen.  &#8230; Auch heute sterben jede Woche Menschen durch ukrainische Angriffe. Der Tag f\u00fcr Tag mit politischer und finanzieller Unterst\u00fctzung auch der Bundesregierung weitergef\u00fchrte Krieg und die Wirtschaftsblockade von Seiten der Ukraine verhindern den Wiederaufbau.<\/p>\n","protected":false},"author":3,"featured_media":6148,"comment_status":"closed","ping_status":"closed","sticky":false,"template":"","format":"standard","meta":{"colormag_page_container_layout":"default_layout","colormag_page_sidebar_layout":"default_layout","advanced_seo_description":"","jetpack_seo_html_title":"","jetpack_seo_noindex":false,"jetpack_post_was_ever_published":false,"footnotes":""},"categories":[13,19],"tags":[1121,925,344,639],"class_list":["post-6144","post","type-post","status-publish","format-standard","has-post-thumbnail","hentry","category-frieden-antifaschismus-solidaritaet","category-veranstaltungen-in-den-dfv-landesverbaenden","tag-donbass","tag-kundgebung","tag-solidaritaet","tag-ukraine-konflikt"],"jetpack_featured_media_url":"https:\/\/i0.wp.com\/www.freidenker.org\/fw17\/wp-content\/uploads\/2019\/04\/Lysychansk_16.jpg?fit=800%2C445&ssl=1","jetpack_shortlink":"https:\/\/wp.me\/p9stpK-1B6","jetpack-related-posts":[{"id":6261,"url":"https:\/\/www.freidenker.org\/?p=6261","url_meta":{"origin":6144,"position":0},"title":"Video: Kundgebung &#8222;Stoppt den Krieg gegen den Donbass!&#8220;","author":"Webredaktion","date":"24. April 2019","format":false,"excerpt":"Video von der Protest- und Mahnkundgebung \"Stoppt den Krieg gegen den Donbass!\" am 14. April 2019 in Berlin Gegen den nach wie vor stattfindenden, aber schon fast vergessenen Krieg der ukrainischen Regierung gegen die Volksrepubliken im Donbass fand Mitte April 2019 in Berlin diese Protestkundgebung statt. Sie richtete sich besonders\u2026","rel":"","context":"In &quot;Frieden - Antifaschismus - Solidarit\u00e4t&quot;","block_context":{"text":"Frieden - Antifaschismus - Solidarit\u00e4t","link":"https:\/\/www.freidenker.org\/?cat=13"},"img":{"alt_text":"","src":"https:\/\/i0.wp.com\/www.freidenker.org\/fw17\/wp-content\/uploads\/2019\/04\/Kundgebung_Donbass_2019_800x445.jpg?fit=800%2C445&ssl=1&resize=350%2C200","width":350,"height":200,"srcset":"https:\/\/i0.wp.com\/www.freidenker.org\/fw17\/wp-content\/uploads\/2019\/04\/Kundgebung_Donbass_2019_800x445.jpg?fit=800%2C445&ssl=1&resize=350%2C200 1x, https:\/\/i0.wp.com\/www.freidenker.org\/fw17\/wp-content\/uploads\/2019\/04\/Kundgebung_Donbass_2019_800x445.jpg?fit=800%2C445&ssl=1&resize=525%2C300 1.5x, https:\/\/i0.wp.com\/www.freidenker.org\/fw17\/wp-content\/uploads\/2019\/04\/Kundgebung_Donbass_2019_800x445.jpg?fit=800%2C445&ssl=1&resize=700%2C400 2x"},"classes":[]},{"id":10134,"url":"https:\/\/www.freidenker.org\/?p=10134","url_meta":{"origin":6144,"position":1},"title":"Kundgebung &#8222;Stoppt den Krieg gegen den Donbass!&#8220;","author":"Webredaktion","date":"1. Mai 2021","format":false,"excerpt":"Unter dem Motto \"Stoppt den Krieg gegen den Donbass und die Konfrontationspolitik gegen Russland!\" fand am 28. April 2021 eine Kundgebung am Brandenburger Tor in Berlin statt.\u00a0Die Initiative zu dieser Veranstaltung, die von der Berliner Friko ausging, wurde vom Berliner Freidenker-Verband voll und ganz unterst\u00fctzt. Im Aufruf zur Kundgebung hie\u00df\u2026","rel":"","context":"In &quot;Frieden - Antifaschismus - Solidarit\u00e4t&quot;","block_context":{"text":"Frieden - Antifaschismus - Solidarit\u00e4t","link":"https:\/\/www.freidenker.org\/?cat=13"},"img":{"alt_text":"","src":"https:\/\/i0.wp.com\/www.freidenker.org\/fw17\/wp-content\/uploads\/2021\/04\/kilinc_rede_donbass_800x450.jpg?fit=800%2C450&ssl=1&resize=350%2C200","width":350,"height":200,"srcset":"https:\/\/i0.wp.com\/www.freidenker.org\/fw17\/wp-content\/uploads\/2021\/04\/kilinc_rede_donbass_800x450.jpg?fit=800%2C450&ssl=1&resize=350%2C200 1x, https:\/\/i0.wp.com\/www.freidenker.org\/fw17\/wp-content\/uploads\/2021\/04\/kilinc_rede_donbass_800x450.jpg?fit=800%2C450&ssl=1&resize=525%2C300 1.5x, https:\/\/i0.wp.com\/www.freidenker.org\/fw17\/wp-content\/uploads\/2021\/04\/kilinc_rede_donbass_800x450.jpg?fit=800%2C450&ssl=1&resize=700%2C400 2x"},"classes":[]},{"id":15812,"url":"https:\/\/www.freidenker.org\/?p=15812","url_meta":{"origin":6144,"position":2},"title":"Elbe Tag \u2013 Torgau 1945-2023","author":"Webredaktion","date":"20. April 2023","format":false,"excerpt":"78. Jahrestag der Begegnung - 82. Jahrestag des \u00dcberfalls Nazideutschlands auf die Sowjetunion Friedensdemonstration & Kundgebung am 22. April 2023, 12:00 Uhr am Br\u00fcckenkopf Torgau (Ostufer) Aus dem Aufruf: \u201eDer Schwur von Torgau muss lebendiges Zeugnis unseres Strebens nach einer Welt ohne Krieg bleiben!\u201c. Der Schwur der Soldaten der Roten\u2026","rel":"","context":"In &quot;Frieden - Antifaschismus - Solidarit\u00e4t&quot;","block_context":{"text":"Frieden - Antifaschismus - Solidarit\u00e4t","link":"https:\/\/www.freidenker.org\/?cat=13"},"img":{"alt_text":"","src":"https:\/\/i0.wp.com\/www.freidenker.org\/fw17\/wp-content\/uploads\/2023\/04\/Torgau_2023_800x450.jpg?fit=800%2C450&ssl=1&resize=350%2C200","width":350,"height":200,"srcset":"https:\/\/i0.wp.com\/www.freidenker.org\/fw17\/wp-content\/uploads\/2023\/04\/Torgau_2023_800x450.jpg?fit=800%2C450&ssl=1&resize=350%2C200 1x, https:\/\/i0.wp.com\/www.freidenker.org\/fw17\/wp-content\/uploads\/2023\/04\/Torgau_2023_800x450.jpg?fit=800%2C450&ssl=1&resize=525%2C300 1.5x, https:\/\/i0.wp.com\/www.freidenker.org\/fw17\/wp-content\/uploads\/2023\/04\/Torgau_2023_800x450.jpg?fit=800%2C450&ssl=1&resize=700%2C400 2x"},"classes":[]},{"id":12595,"url":"https:\/\/www.freidenker.org\/?p=12595","url_meta":{"origin":6144,"position":3},"title":"Freidenker zu den Osterm\u00e4rschen 2022","author":"Webredaktion","date":"10. April 2022","format":false,"excerpt":"Anl\u00e4sslich der bevorstehenden Osterm\u00e4rsche hat der Deutsche Freidenker-Verband ein Faltblatt herausgegeben. Wir ver\u00f6ffentlichen hier den einleitenden Text und bieten das gesamte Faltblatt zum Download an. Ukraine: Nein zu Faschismus und Krieg Wann begann der Krieg in der Ukraine? Von \u201eQualit\u00e4tsmedien\u201c und NATO-Politikern, selbst aus der Friedensbewegung h\u00f6ren wir von einem\u2026","rel":"","context":"In &quot;Frieden - Antifaschismus - Solidarit\u00e4t&quot;","block_context":{"text":"Frieden - Antifaschismus - Solidarit\u00e4t","link":"https:\/\/www.freidenker.org\/?cat=13"},"img":{"alt_text":"","src":"https:\/\/i0.wp.com\/www.freidenker.org\/fw17\/wp-content\/uploads\/2022\/04\/Faltblatt_grafik_800x450.jpg?fit=800%2C450&ssl=1&resize=350%2C200","width":350,"height":200,"srcset":"https:\/\/i0.wp.com\/www.freidenker.org\/fw17\/wp-content\/uploads\/2022\/04\/Faltblatt_grafik_800x450.jpg?fit=800%2C450&ssl=1&resize=350%2C200 1x, https:\/\/i0.wp.com\/www.freidenker.org\/fw17\/wp-content\/uploads\/2022\/04\/Faltblatt_grafik_800x450.jpg?fit=800%2C450&ssl=1&resize=525%2C300 1.5x, https:\/\/i0.wp.com\/www.freidenker.org\/fw17\/wp-content\/uploads\/2022\/04\/Faltblatt_grafik_800x450.jpg?fit=800%2C450&ssl=1&resize=700%2C400 2x"},"classes":[]},{"id":13009,"url":"https:\/\/www.freidenker.org\/?p=13009","url_meta":{"origin":6144,"position":4},"title":"Erinnerung an das Massaker in Odessa","author":"Webredaktion","date":"4. Mai 2022","format":false,"excerpt":"Vor acht Jahren am 2. Mai 2014 starben \u00fcber 40 Menschen durch rechte faschistische Gewalt. Aus diesem Anlass fand am 2.Mai 2022 eine Mahnwache am Brandenburger Tor in Berlin statt. Wir dokumentieren hier die Rede von Liane Kilinc, Vorsitzende des Vereins \"Friedensbr\u00fccke-Kriegsopferhilfe e.V.\" und Mitglied des Deutschen Freidenker-Verbandes in Berlin.\u00a0\u2026","rel":"","context":"In &quot;Frieden - Antifaschismus - Solidarit\u00e4t&quot;","block_context":{"text":"Frieden - Antifaschismus - Solidarit\u00e4t","link":"https:\/\/www.freidenker.org\/?cat=13"},"img":{"alt_text":"","src":"https:\/\/i0.wp.com\/www.freidenker.org\/fw17\/wp-content\/uploads\/2022\/05\/LIane_Kilinc_2022-05-02.jpg?fit=800%2C450&ssl=1&resize=350%2C200","width":350,"height":200,"srcset":"https:\/\/i0.wp.com\/www.freidenker.org\/fw17\/wp-content\/uploads\/2022\/05\/LIane_Kilinc_2022-05-02.jpg?fit=800%2C450&ssl=1&resize=350%2C200 1x, https:\/\/i0.wp.com\/www.freidenker.org\/fw17\/wp-content\/uploads\/2022\/05\/LIane_Kilinc_2022-05-02.jpg?fit=800%2C450&ssl=1&resize=525%2C300 1.5x, https:\/\/i0.wp.com\/www.freidenker.org\/fw17\/wp-content\/uploads\/2022\/05\/LIane_Kilinc_2022-05-02.jpg?fit=800%2C450&ssl=1&resize=700%2C400 2x"},"classes":[]},{"id":5378,"url":"https:\/\/www.freidenker.org\/?p=5378","url_meta":{"origin":6144,"position":5},"title":"Wir trauern um Alexander Sachartschenko","author":"Webredaktion","date":"1. September 2018","format":false,"excerpt":"Alexander Sachartschenko wurde am 31.08.2018 Opfer eines terroristischen Attentats im Stadtzentrum von Donezk. Er war F\u00fchrer des antifaschistischen Widerstands im Donbass gegen die Kiewer Junta, die in einem Staatsstreich 2014 mit westlicher Unterst\u00fctzung in der Ukraine die Macht ergriff. Er organisierte die Verteidigung gegen die faschistischen Bataillone, die ihren m\u00f6rderischen\u2026","rel":"","context":"In &quot;Frieden - Antifaschismus - Solidarit\u00e4t&quot;","block_context":{"text":"Frieden - Antifaschismus - Solidarit\u00e4t","link":"https:\/\/www.freidenker.org\/?cat=13"},"img":{"alt_text":"","src":"https:\/\/i0.wp.com\/www.freidenker.org\/fw17\/wp-content\/uploads\/2018\/09\/Sachartschenko_800x445.jpg?fit=800%2C445&ssl=1&resize=350%2C200","width":350,"height":200,"srcset":"https:\/\/i0.wp.com\/www.freidenker.org\/fw17\/wp-content\/uploads\/2018\/09\/Sachartschenko_800x445.jpg?fit=800%2C445&ssl=1&resize=350%2C200 1x, https:\/\/i0.wp.com\/www.freidenker.org\/fw17\/wp-content\/uploads\/2018\/09\/Sachartschenko_800x445.jpg?fit=800%2C445&ssl=1&resize=525%2C300 1.5x, https:\/\/i0.wp.com\/www.freidenker.org\/fw17\/wp-content\/uploads\/2018\/09\/Sachartschenko_800x445.jpg?fit=800%2C445&ssl=1&resize=700%2C400 2x"},"classes":[]}],"_links":{"self":[{"href":"https:\/\/www.freidenker.org\/index.php?rest_route=\/wp\/v2\/posts\/6144","targetHints":{"allow":["GET"]}}],"collection":[{"href":"https:\/\/www.freidenker.org\/index.php?rest_route=\/wp\/v2\/posts"}],"about":[{"href":"https:\/\/www.freidenker.org\/index.php?rest_route=\/wp\/v2\/types\/post"}],"author":[{"embeddable":true,"href":"https:\/\/www.freidenker.org\/index.php?rest_route=\/wp\/v2\/users\/3"}],"replies":[{"embeddable":true,"href":"https:\/\/www.freidenker.org\/index.php?rest_route=%2Fwp%2Fv2%2Fcomments&post=6144"}],"version-history":[{"count":0,"href":"https:\/\/www.freidenker.org\/index.php?rest_route=\/wp\/v2\/posts\/6144\/revisions"}],"wp:featuredmedia":[{"embeddable":true,"href":"https:\/\/www.freidenker.org\/index.php?rest_route=\/wp\/v2\/media\/6148"}],"wp:attachment":[{"href":"https:\/\/www.freidenker.org\/index.php?rest_route=%2Fwp%2Fv2%2Fmedia&parent=6144"}],"wp:term":[{"taxonomy":"category","embeddable":true,"href":"https:\/\/www.freidenker.org\/index.php?rest_route=%2Fwp%2Fv2%2Fcategories&post=6144"},{"taxonomy":"post_tag","embeddable":true,"href":"https:\/\/www.freidenker.org\/index.php?rest_route=%2Fwp%2Fv2%2Ftags&post=6144"}],"curies":[{"name":"wp","href":"https:\/\/api.w.org\/{rel}","templated":true}]}}