{"id":6138,"date":"2019-04-02T23:22:06","date_gmt":"2019-04-02T21:22:06","guid":{"rendered":"https:\/\/www.freidenker.org\/?p=6138"},"modified":"2019-06-27T20:59:59","modified_gmt":"2019-06-27T18:59:59","slug":"diskussion-war-die-ddr-wirtschaft-pleite-marode-und-unproduktiv","status":"publish","type":"post","link":"https:\/\/www.freidenker.org\/?p=6138","title":{"rendered":"Diskussion: \u201eWar die DDR-Wirtschaft pleite, marode und unproduktiv?\u201c"},"content":{"rendered":"<p style=\"text-align: center;\"><strong>Einladung zur Diskussion <\/strong><\/p>\n<p style=\"text-align: center;\"><span style=\"font-size: 14pt;\"><strong>\u201eWar die DDR-Wirtschaft pleite, marode und unproduktiv?\u201c<\/strong><\/span><\/p>\n<p style=\"text-align: center;\"><strong>Einleitungsreferat: <\/strong><\/p>\n<p style=\"text-align: center;\"><strong><span style=\"font-size: 14pt;\">Dr. Klaus Blessing<\/span><\/strong><\/p>\n<p style=\"text-align: center;\"><strong>Berlin, Buchautor und Publizist, <\/strong><br \/>\n<strong>fr\u00fcher Abteilungsleiter beim ZK der SED und stellv. Minister<\/strong><\/p>\n<p>Der 70. Jahrestag der Gr\u00fcndung der DDR am 7. Oktober 1949 wirft seine \u201eSchatten\u201c voraus: Politikerreden und Medienbeitr\u00e4ge ohne Zahl werden sich wieder darin versuchen, was der fr\u00fchere Bundesjustiz- und Au\u00dfenminister Kinkel in Auftrag gab: Die \u201eDelegitimierung der DDR\u201c.<\/p>\n<p>In der staatsoffiziellen sogenannten \u201eAufarbeitung der DDR-Geschichte\u201c sind die oben mit Fragezeichen versehenen Pr\u00e4dikate quasi unhinterfragbare Dogmen. Wir wollen dazu Argumente h\u00f6ren und Fragen stellen:<\/p>\n<ul>\n<li>Wozu brauchte die DDR den ber\u00fchmten \u201eMilliardenkredit\u201c, stand der wirtschaftliche Kollaps unmittelbar bevor?<\/li>\n<li>Wenn die DDR nicht pleite war \u2013 warum ging sie trotzdem w\u00fcrdelos in der kapitalistischen BRD unter?<\/li>\n<li>Hat die DDR der BRD Schulden hinterlassen oder zu ihrem Wohlstand beigetragen?<\/li>\n<li>Wie funktionierte die sogenannte \u201eTreuhand\u201c?<\/li>\n<li>Die einstweilen siegreiche kapitalistische Wirtschaftsordnung \u2013 kann sie die Menschheitsprobleme l\u00f6sen oder nur vergr\u00f6\u00dfern?<\/li>\n<li>Wie kommen wir einer solidarischen Welt ohne Ausbeutung und Krieg n\u00e4her?<\/li>\n<\/ul>\n<p>&nbsp;<\/p>\n<p style=\"text-align: center;\"><span style=\"font-size: 14pt;\"><strong>Sonnabend, 06. April 2019, 10:00 Uhr<\/strong><\/span><\/p>\n<p style=\"text-align: center;\"><strong>Jugendherberge<br \/>\nLeiterstra\u00dfe 10, 39104 Magdeburg<\/strong><\/p>\n<hr \/>\n<p><strong>Download<\/strong><\/p>\n<ul>\n<li><img data-recalc-dims=\"1\" loading=\"lazy\" decoding=\"async\" data-attachment-id=\"1072\" data-permalink=\"https:\/\/www.freidenker.org\/?attachment_id=1072\" data-orig-file=\"https:\/\/i0.wp.com\/www.freidenker.org\/fw17\/wp-content\/uploads\/2017\/10\/pdf_icon-e1509487447542.png?fit=16%2C16&amp;ssl=1\" data-orig-size=\"16,16\" data-comments-opened=\"0\" data-image-meta=\"{&quot;aperture&quot;:&quot;0&quot;,&quot;credit&quot;:&quot;&quot;,&quot;camera&quot;:&quot;&quot;,&quot;caption&quot;:&quot;&quot;,&quot;created_timestamp&quot;:&quot;0&quot;,&quot;copyright&quot;:&quot;&quot;,&quot;focal_length&quot;:&quot;0&quot;,&quot;iso&quot;:&quot;0&quot;,&quot;shutter_speed&quot;:&quot;0&quot;,&quot;title&quot;:&quot;&quot;,&quot;orientation&quot;:&quot;0&quot;}\" data-image-title=\"pdf_icon_16\" data-image-description=\"\" data-image-caption=\"\" data-large-file=\"https:\/\/i0.wp.com\/www.freidenker.org\/fw17\/wp-content\/uploads\/2017\/10\/pdf_icon-e1509487447542.png?fit=16%2C16&amp;ssl=1\" class=\"alignnone size-full wp-image-1072\" src=\"https:\/\/i0.wp.com\/www.freidenker.org\/fw17\/wp-content\/uploads\/2017\/10\/pdf_icon-e1509487447542.png?resize=16%2C16&#038;ssl=1\" alt=\"\" width=\"16\" height=\"16\" \/> <a href=\"https:\/\/www.freidenker.org\/fw17\/wp-content\/uploads\/2019\/04\/VV-190406-Veranstaltung_v2.pdf\" target=\"_blank\" rel=\"noopener noreferrer\">Einladung zur Veranstaltung im PDF-Format<\/a><\/li>\n<\/ul>\n<hr \/>\n<p><span style=\"font-size: 10pt;\">Bild: <a href=\"https:\/\/pixabay.com\/de\/photos\/fabrik-industrie-werk-fabrikhalle-3299455\/\" target=\"_blank\" rel=\"noopener noreferrer\">pixabay.com<\/a> \/ User: <a class=\"hover_opacity\" href=\"https:\/\/pixabay.com\/de\/users\/Tama66-1032521\/\" target=\"_blank\" rel=\"noopener noreferrer\">Tama66<\/a><\/span><\/p>\n","protected":false},"excerpt":{"rendered":"<p>Einladung zur Diskussion <b>\u201eWar die DDR-Wirtschaft pleite, marode und unproduktiv?\u201c<\/b> &#8211; Einleitungsreferat: <b>Dr. Klaus Blessing<\/b> Berlin, Buchautor und Publizist, fr\u00fcher Abteilungsleiter beim ZK der SED und stellv. Minister<br \/>\nDer 70. Jahrestag der Gr\u00fcndung der DDR am 7. Oktober 1949 wirft seine \u201eSchatten\u201c voraus: Politikerreden und Medienbeitr\u00e4ge ohne Zahl werden sich wieder darin versuchen, was der fr\u00fchere Bundesjustiz- und Au\u00dfenminister Kinkel in Auftrag gab: Die \u201eDelegitimierung der DDR\u201c.<\/p>\n","protected":false},"author":3,"featured_media":6139,"comment_status":"closed","ping_status":"closed","sticky":false,"template":"","format":"standard","meta":{"colormag_page_container_layout":"default_layout","colormag_page_sidebar_layout":"default_layout","advanced_seo_description":"","jetpack_seo_html_title":"","jetpack_seo_noindex":false,"jetpack_post_was_ever_published":false,"footnotes":""},"categories":[1162,20],"tags":[454,491,121,988],"class_list":["post-6138","post","type-post","status-publish","format-standard","has-post-thumbnail","hentry","category-geschichte","category-zentrale-veranstaltungen","tag-ddr","tag-geschichte","tag-medien","tag-politische-oekonomie"],"jetpack_featured_media_url":"https:\/\/i0.wp.com\/www.freidenker.org\/fw17\/wp-content\/uploads\/2019\/04\/factory-3299455_800x445.jpg?fit=800%2C445&ssl=1","jetpack_shortlink":"https:\/\/wp.me\/p9stpK-1B0","jetpack-related-posts":[{"id":6996,"url":"https:\/\/www.freidenker.org\/?p=6996","url_meta":{"origin":6138,"position":0},"title":"FREIDENKER 3-19  \u2013 70 Jahre DDR","author":"Webredaktion","date":"16. September 2019","format":false,"excerpt":"Die Ausgabe 3-19 des Verbandsorgans FREIDENKER hat das Schwerpunkt-Thema \u201e70 Jahre DDR\u201c und enth\u00e4lt u.a. folgende Beitr\u00e4ge: - Egon Krenz: Was war und was bleibt - Hans Bauer: Vorw\u00e4rts! Und nicht vergessen! - Annett Torres: Das DDR-Bildungswesen aus heutiger \u00a0Sicht - Klaus Blessing: War die DDR-Wirtschaft pleite, marode und unproduktiv?\u2026","rel":"","context":"In &quot;Geschichte&quot;","block_context":{"text":"Geschichte","link":"https:\/\/www.freidenker.org\/?cat=1162"},"img":{"alt_text":"","src":"https:\/\/i0.wp.com\/www.freidenker.org\/fw17\/wp-content\/uploads\/2019\/09\/FD_2019-03_Titel_mR.jpg?fit=800%2C445&ssl=1&resize=350%2C200","width":350,"height":200,"srcset":"https:\/\/i0.wp.com\/www.freidenker.org\/fw17\/wp-content\/uploads\/2019\/09\/FD_2019-03_Titel_mR.jpg?fit=800%2C445&ssl=1&resize=350%2C200 1x, https:\/\/i0.wp.com\/www.freidenker.org\/fw17\/wp-content\/uploads\/2019\/09\/FD_2019-03_Titel_mR.jpg?fit=800%2C445&ssl=1&resize=525%2C300 1.5x, https:\/\/i0.wp.com\/www.freidenker.org\/fw17\/wp-content\/uploads\/2019\/09\/FD_2019-03_Titel_mR.jpg?fit=800%2C445&ssl=1&resize=700%2C400 2x"},"classes":[]},{"id":7647,"url":"https:\/\/www.freidenker.org\/?p=7647","url_meta":{"origin":6138,"position":1},"title":"\u201eAngebliche Pleite der DDR ist ein M\u00e4rchen\u201c","author":"Webredaktion","date":"4. M\u00e4rz 2020","format":false,"excerpt":"Beitrag von Tilo Gr\u00e4ser \u00fcber ein Gespr\u00e4ch mit Klaus Blessing Die DDR sei 1989 eine \u201ebankrotte und ausgelaugte Ruine\u201c gewesen, behauptete die Journalistin Ulrike Herrmann 2019. Deshalb sei das Handeln der Treuhandanstalt alternativlos gewesen. ... F\u00fcr den Wirtschaftsexperten Klaus Blessing wirkt das, als sei es notwendig, diese Legenden von der\u2026","rel":"","context":"In &quot;Arbeit &amp; Soziales&quot;","block_context":{"text":"Arbeit &amp; Soziales","link":"https:\/\/www.freidenker.org\/?cat=11"},"img":{"alt_text":"","src":"https:\/\/i0.wp.com\/www.freidenker.org\/fw17\/wp-content\/uploads\/2020\/03\/Leuna-Werke_800x445.jpg?fit=800%2C445&ssl=1&resize=350%2C200","width":350,"height":200,"srcset":"https:\/\/i0.wp.com\/www.freidenker.org\/fw17\/wp-content\/uploads\/2020\/03\/Leuna-Werke_800x445.jpg?fit=800%2C445&ssl=1&resize=350%2C200 1x, https:\/\/i0.wp.com\/www.freidenker.org\/fw17\/wp-content\/uploads\/2020\/03\/Leuna-Werke_800x445.jpg?fit=800%2C445&ssl=1&resize=525%2C300 1.5x, https:\/\/i0.wp.com\/www.freidenker.org\/fw17\/wp-content\/uploads\/2020\/03\/Leuna-Werke_800x445.jpg?fit=800%2C445&ssl=1&resize=700%2C400 2x"},"classes":[]},{"id":19983,"url":"https:\/\/www.freidenker.org\/?p=19983","url_meta":{"origin":6138,"position":2},"title":"DDR &#8211; Synonym f\u00fcr Demokratie, Antifaschismus und Frieden","author":"Webredaktion","date":"3. Oktober 2024","format":false,"excerpt":"Beitrag von Prof. Dr. Anton Latzo Die DDR wurde am 7. Oktober 1949 als Reaktion auf die vorherige Konstituierung der BRD gegr\u00fcndet. Diese Vorg\u00e4nge sind nur dann richtig einzuordnen, wenn man mit dem 8. Mai 1945 beginnt. An diesem Tag wurden die Tage des deutschen Faschismus, des wahnsinnigen Traumes vom\u2026","rel":"","context":"In &quot;Geschichte&quot;","block_context":{"text":"Geschichte","link":"https:\/\/www.freidenker.org\/?cat=1162"},"img":{"alt_text":"","src":"https:\/\/i0.wp.com\/www.freidenker.org\/fw17\/wp-content\/uploads\/2024\/10\/Bundesarchiv_Bild_183-S88796_Berlin_Fackelzug_zur_Gruendung_der_DDR_800x450.jpg?fit=800%2C450&ssl=1&resize=350%2C200","width":350,"height":200,"srcset":"https:\/\/i0.wp.com\/www.freidenker.org\/fw17\/wp-content\/uploads\/2024\/10\/Bundesarchiv_Bild_183-S88796_Berlin_Fackelzug_zur_Gruendung_der_DDR_800x450.jpg?fit=800%2C450&ssl=1&resize=350%2C200 1x, https:\/\/i0.wp.com\/www.freidenker.org\/fw17\/wp-content\/uploads\/2024\/10\/Bundesarchiv_Bild_183-S88796_Berlin_Fackelzug_zur_Gruendung_der_DDR_800x450.jpg?fit=800%2C450&ssl=1&resize=525%2C300 1.5x, https:\/\/i0.wp.com\/www.freidenker.org\/fw17\/wp-content\/uploads\/2024\/10\/Bundesarchiv_Bild_183-S88796_Berlin_Fackelzug_zur_Gruendung_der_DDR_800x450.jpg?fit=800%2C450&ssl=1&resize=700%2C400 2x"},"classes":[]},{"id":11062,"url":"https:\/\/www.freidenker.org\/?p=11062","url_meta":{"origin":6138,"position":3},"title":"Ein Beitrag zur Friedensicherung","author":"Webredaktion","date":"16. August 2021","format":false,"excerpt":"Beitrag von Prof. Dr. Anton Latzo Die historische Wahrheit ist nicht nur Grundlage und Bestandteil der allgemeinen Kultur des Menschen. Sie sollte auch als Lernstoff f\u00fcr ein verantwortungsvolles Verhalten der Menschen und besonders der Politiker bei der Gestaltung friedlicher Lebensbedingungen sein. Das Wissen um die tats\u00e4chlichen Vorg\u00e4nge, die zu den\u2026","rel":"","context":"In &quot;Frieden - Antifaschismus - Solidarit\u00e4t&quot;","block_context":{"text":"Frieden - Antifaschismus - Solidarit\u00e4t","link":"https:\/\/www.freidenker.org\/?cat=13"},"img":{"alt_text":"","src":"https:\/\/i0.wp.com\/www.freidenker.org\/fw17\/wp-content\/uploads\/2021\/08\/Berlin_Brandenburger_Tor_1961_800x450.jpg?fit=800%2C450&ssl=1&resize=350%2C200","width":350,"height":200,"srcset":"https:\/\/i0.wp.com\/www.freidenker.org\/fw17\/wp-content\/uploads\/2021\/08\/Berlin_Brandenburger_Tor_1961_800x450.jpg?fit=800%2C450&ssl=1&resize=350%2C200 1x, https:\/\/i0.wp.com\/www.freidenker.org\/fw17\/wp-content\/uploads\/2021\/08\/Berlin_Brandenburger_Tor_1961_800x450.jpg?fit=800%2C450&ssl=1&resize=525%2C300 1.5x, https:\/\/i0.wp.com\/www.freidenker.org\/fw17\/wp-content\/uploads\/2021\/08\/Berlin_Brandenburger_Tor_1961_800x450.jpg?fit=800%2C450&ssl=1&resize=700%2C400 2x"},"classes":[]},{"id":20010,"url":"https:\/\/www.freidenker.org\/?p=20010","url_meta":{"origin":6138,"position":4},"title":"Diskussion: China \u2013 Feindbild und Wirklichkeit","author":"Webredaktion","date":"5. Oktober 2024","format":false,"excerpt":"Einladung - Sonnabend, 12. Oktober 2024, 10:00 Uhr, Jugendherberge Leiterstra\u00dfe 10, 39104 Magdeburg Einleitungsreferat: Uwe Behrens - Die Entwicklung der Volksrepublik China an die Spitze der Weltwirtschaft - Staatskapitalismus \u2013 Grundlagen der chinesischen Wirtschaftsordnung - Wie schaffte es China, 800 Millionen Menschen aus der Armut zu befreien? - Die Neue\u2026","rel":"","context":"In &quot;Arbeit &amp; Soziales&quot;","block_context":{"text":"Arbeit &amp; Soziales","link":"https:\/\/www.freidenker.org\/?cat=11"},"img":{"alt_text":"","src":"https:\/\/i0.wp.com\/www.freidenker.org\/fw17\/wp-content\/uploads\/2024\/10\/high-tech-roboter-mit-chinesischer-flagge_cc-by-20_800x450.jpg?fit=800%2C450&ssl=1&resize=350%2C200","width":350,"height":200,"srcset":"https:\/\/i0.wp.com\/www.freidenker.org\/fw17\/wp-content\/uploads\/2024\/10\/high-tech-roboter-mit-chinesischer-flagge_cc-by-20_800x450.jpg?fit=800%2C450&ssl=1&resize=350%2C200 1x, https:\/\/i0.wp.com\/www.freidenker.org\/fw17\/wp-content\/uploads\/2024\/10\/high-tech-roboter-mit-chinesischer-flagge_cc-by-20_800x450.jpg?fit=800%2C450&ssl=1&resize=525%2C300 1.5x, https:\/\/i0.wp.com\/www.freidenker.org\/fw17\/wp-content\/uploads\/2024\/10\/high-tech-roboter-mit-chinesischer-flagge_cc-by-20_800x450.jpg?fit=800%2C450&ssl=1&resize=700%2C400 2x"},"classes":[]},{"id":7009,"url":"https:\/\/www.freidenker.org\/?p=7009","url_meta":{"origin":6138,"position":5},"title":"Was war und was bleibt","author":"Webredaktion","date":"19. September 2019","format":false,"excerpt":"Beitrag von Egon Krenz aus FREIDENKER 3-19 Als Heranwachsender habe ich noch Plakate der Nazis gesehen, auf denen Russen mit einem Messer im Mund als Untermenschen gezeigt wurden. ... Wenn 1990 das Verst\u00e4ndnis vieler Russen f\u00fcr die deutsche Einheit vorhanden war, dann auch deshalb, weil die DDR das Wort \u201eDeutscher\u201c\u2026","rel":"","context":"In &quot;Frieden - Antifaschismus - Solidarit\u00e4t&quot;","block_context":{"text":"Frieden - Antifaschismus - Solidarit\u00e4t","link":"https:\/\/www.freidenker.org\/?cat=13"},"img":{"alt_text":"","src":"https:\/\/i0.wp.com\/www.freidenker.org\/fw17\/wp-content\/uploads\/2019\/09\/egon_krenz_325704007_800x445.jpg?fit=800%2C445&ssl=1&resize=350%2C200","width":350,"height":200,"srcset":"https:\/\/i0.wp.com\/www.freidenker.org\/fw17\/wp-content\/uploads\/2019\/09\/egon_krenz_325704007_800x445.jpg?fit=800%2C445&ssl=1&resize=350%2C200 1x, https:\/\/i0.wp.com\/www.freidenker.org\/fw17\/wp-content\/uploads\/2019\/09\/egon_krenz_325704007_800x445.jpg?fit=800%2C445&ssl=1&resize=525%2C300 1.5x, https:\/\/i0.wp.com\/www.freidenker.org\/fw17\/wp-content\/uploads\/2019\/09\/egon_krenz_325704007_800x445.jpg?fit=800%2C445&ssl=1&resize=700%2C400 2x"},"classes":[]}],"_links":{"self":[{"href":"https:\/\/www.freidenker.org\/index.php?rest_route=\/wp\/v2\/posts\/6138","targetHints":{"allow":["GET"]}}],"collection":[{"href":"https:\/\/www.freidenker.org\/index.php?rest_route=\/wp\/v2\/posts"}],"about":[{"href":"https:\/\/www.freidenker.org\/index.php?rest_route=\/wp\/v2\/types\/post"}],"author":[{"embeddable":true,"href":"https:\/\/www.freidenker.org\/index.php?rest_route=\/wp\/v2\/users\/3"}],"replies":[{"embeddable":true,"href":"https:\/\/www.freidenker.org\/index.php?rest_route=%2Fwp%2Fv2%2Fcomments&post=6138"}],"version-history":[{"count":0,"href":"https:\/\/www.freidenker.org\/index.php?rest_route=\/wp\/v2\/posts\/6138\/revisions"}],"wp:featuredmedia":[{"embeddable":true,"href":"https:\/\/www.freidenker.org\/index.php?rest_route=\/wp\/v2\/media\/6139"}],"wp:attachment":[{"href":"https:\/\/www.freidenker.org\/index.php?rest_route=%2Fwp%2Fv2%2Fmedia&parent=6138"}],"wp:term":[{"taxonomy":"category","embeddable":true,"href":"https:\/\/www.freidenker.org\/index.php?rest_route=%2Fwp%2Fv2%2Fcategories&post=6138"},{"taxonomy":"post_tag","embeddable":true,"href":"https:\/\/www.freidenker.org\/index.php?rest_route=%2Fwp%2Fv2%2Ftags&post=6138"}],"curies":[{"name":"wp","href":"https:\/\/api.w.org\/{rel}","templated":true}]}}