{"id":6103,"date":"2019-03-31T21:36:52","date_gmt":"2019-03-31T19:36:52","guid":{"rendered":"https:\/\/www.freidenker.org\/?p=6103"},"modified":"2019-04-14T21:56:27","modified_gmt":"2019-04-14T19:56:27","slug":"eumania-bei-campact-attac-co-vorgeblich-gegen-rechts","status":"publish","type":"post","link":"https:\/\/www.freidenker.org\/?p=6103","title":{"rendered":"EUmania bei Campact, Attac &#038; Co: vorgeblich \u201egegen rechts\u201c"},"content":{"rendered":"<p>In der Rubrik <strong>Tagesdosis<\/strong> wurde am 29.03.2019 bei <a href=\"https:\/\/kenfm.de\/tagesdosis-29-3-2019-eumania-bei-campact-attac-co-vorgeblich-gegen-rechts-podcast\/\" target=\"_blank\" rel=\"noopener noreferrer\">KenFM <\/a>der Beitrag <strong>\u201eEUmania bei Campact, Attac &amp; Co: vorgeblich \u201egegen rechts\u201c, (Podcast)\u201c<\/strong> von <em><strong>Klaus Hartmann<\/strong><\/em>, Vorsitzender des Deutschen Freidenker-Verbandes, ver\u00f6ffentlicht.<\/p>\n<p>Den Beitrag als Audio-Datei anh\u00f6ren:<\/p>\n<audio class=\"wp-audio-shortcode\" id=\"audio-6103-1\" preload=\"none\" style=\"width: 100%;\" controls=\"controls\"><source type=\"audio\/mpeg\" src=\"https:\/\/www.freidenker.org\/fw17\/wp-content\/uploads\/2019\/03\/tagesdosis-20190329.mp3?_=1\" \/><a href=\"https:\/\/www.freidenker.org\/fw17\/wp-content\/uploads\/2019\/03\/tagesdosis-20190329.mp3\">https:\/\/www.freidenker.org\/fw17\/wp-content\/uploads\/2019\/03\/tagesdosis-20190329.mp3<\/a><\/audio>\n<h4><\/h4>\n<h4>Tagesdosis 29.3.2019 \u2013 EUmania bei Campact, Attac &amp; Co: vorgeblich \u201egegen rechts\u201c, real f\u00fcr das Europa der Oligarchen, Eliten und Militaristen.<\/h4>\n<p><em>Ein Kommentar <strong>von Klaus Hartmann.<\/strong><\/em><\/p>\n<p>Die sogenannte \u201eZivilgesellschaft\u201c (ich denke immer spontan an alle Nicht-Uniformtr\u00e4gerInnen) macht wieder mobil. \u201eCampact\u201c will <em>\u201eeine europaweite Bewegung entstehen lassen, die zeigt: Dem Nationalismus geh\u00f6rt die Vergangenheit, aber die Zukunft geh\u00f6rt Europa<b>.<\/b>\u201c<\/em> F\u00fcr den 19. Mai 2019 ruft ein B\u00fcndnis von Attac und einigen Dutzend weiterer Organisationen zu Demonstrationen auf: <em>\u201eEin Europa f\u00fcr Alle: Deine Stimme gegen Nationalismus!\u201c<\/em> Eine \u201eRichtungswahl\u201c stehe bevor, \u201ePulse of Europe\u201c raunt von einer \u201eSchicksalswahl\u201c: <em>\u201ewir werden bedroht durch Populisten, Nationalisten und Extremisten aller Art\u201c.<\/em> Offenbar das erste Mal, dass es bei einer EU-Wahl \u00fcberhaupt um was geht. Will man uns zumindest vormachen.<\/p>\n<p>\u201eCampact\u201c bezeichnet sich als \u201eB\u00fcrgerbewegung\u201c, ist aber in erster Linie eine Internetseite, die \u201emit Online-Appellen\u201c Unterschriften sammelt. Sie nennt eine Zahl von \u201e\u00fcber 2 Millionen\u201c Mitstreitern, dabei z\u00e4hlen sie auch den Autor dieses Beitrags mit, weil er ihren Online-Newsletter bezieht. Ansonsten ist der Laden auch ein ordentlicher \u201eeingetragener Verein\u201c mit 60.000 \u201eF\u00f6rderern\u201c, beachtlichen 12 Mitgliedern sowie drei Vorstandsmitgliedern. Zur Demokratie in diesem Verein schreibt Uli Gellermann <a href=\"https:\/\/www.rationalgalerie.de\/home\/sicherheit-durch-hoeren-und-filtern.html\" target=\"_blank\" rel=\"noopener noreferrer\">(Rationalgalerie)<\/a>: \u201e<em>Und wie wird man CAMPACT-Besitzer? Wenn man nicht aus den Reihen der Vereins-F\u00f6rderer oder der Vereins-Mitarbeiter stammt, dann wird man vom \u201aVorstand benannt\u2018. Also der Vorstand w\u00e4hlt die Vereinsmitglieder aus, die ihn dann w\u00e4hlen sollen. Dagegen war der demokratische Zentralismus der SED eine \u00e4u\u00dferst liberale Veranstaltung.\u201c<\/em><\/p>\n<p>Aber die vermeintlich neutrale NGO mit dem kritischen und progressiven Gestus hat sich schon in der Vergangenheit als Propaganda-Sprachrohr des \u201eWestens\u201c geoutet. Bei der Demo \u201eWir haben es satt\u201c Anfang 2017 hatte \u201eCampact\u201c verk\u00fcndet, die Demo sei \u201ekein Ort f\u00fcr Anti-Europ\u00e4erInnen und Anti-AmerikanerInnen\u201c, bekannte Kampfbegriffe des transatlantischen Mainstreams, womit u.a. implizit die USA mit ganz Amerika gleichgesetzt werden. \u201eCampact\u201c-Gr\u00fcnder und Vorstandsmitglied Christoph Bautz war der einzige Redner, der sowohl w\u00e4hrend der Auftakt-, als auch auf der Abschlusskundgebung sprach. Zur Kr\u00f6nung wurden die Freidenker, die das Anliegen eigentlich unterst\u00fctzen wollten, der Demo verwiesen, weil sie, so w\u00f6rtlich: <em>\u201emit KenFM gesprochen und damit Verschw\u00f6rungstheorien unterst\u00fctzt haben\u201c<b>.<\/b><\/em><\/p>\n<p>Aber vielleicht war das ein Ausrutscher, und man sollte nicht so nachtragend sein? Um was geht es \u201eCampact\u201c bei der neuen Kampagne: M\u00f6glichst viele Mitstreiter in die Wahlkabinen zu treiben. Sie schreiben: \u201e<em>Italien, Ungarn, Polen: Populismus und Nationalismus bedrohen die EU. Um den Vormarsch der Rechtsextremen bei der Europawahl am 26. Mai zu verhindern, m\u00fcssen wir m\u00f6glichst viele Menschen in die Wahlkabinen bringen.\u201c<\/em> F\u00fcr ein Scheinparlament, wohlgemerkt.<\/p>\n<p>Europawahl? Es wird doch nur in der EU gew\u00e4hlt! Von 46 L\u00e4ndern in Europa (die Provinz Kosovo und Metohija geh\u00f6rt v\u00f6lkerrechtlich zu Serbien und wird folglich nicht mitgez\u00e4hlt) geh\u00f6ren 28 der EU an, und Gro\u00dfbritannien bald auch nicht mehr. Den fl\u00e4chenm\u00e4\u00dfig gr\u00f6\u00dften Anteil am europ\u00e4ischen Kontinent hat Russland mit knapp 4 Millionen Quadratkilometern und mit 104 Millionen Einwohnern in Europa auch die h\u00f6chste Bev\u00f6lkerungszahl. Von der Gr\u00f6\u00dfenordnung folgen das Nichtmitglied Ukraine mit knapp 600.000 und Frankreich mit rd. 544.000 Quadratkilometern. Die EU mit Europa gleichzusetzen, zeugt entweder von miserablen geografischen Kenntnissen oder von der Borniertheit \u201ewestlicher\u201c Herrenmenschen, von EU-Chauvinismus, von nationalem zur EU gewendetem Chauvinismus.<\/p>\n<p>Und solche Chauvinisten wollen uns einreden: \u201eItalien, Ungarn, Polen \u2026 bedrohen die EU\u201c? K\u00f6nnte es sich gegebenenfalls um antiitalienischen, antiungarischen und antipolnischen Rassismus handeln? Nun soll mit dieser rhetorischen Frage die Innenpolitik der genannten L\u00e4nder keineswegs heiliggesprochen werden, aber wo bleibt die Kritik an den neuen Polizeigesetzen in Deutschland? Wo bleibt die Kritik an den Misshandlungen, schweren K\u00f6rperverletzungen und Verst\u00fcmmelungen der Gelbwesten-Demonstranten durch die Polizei in Frankreich und dem daf\u00fcr verantwortlichen \u201eMustereurop\u00e4er\u201c Macron?<\/p>\n<p>F\u00fcr \u201eCampact\u201c ist \u201e<em>die EU ein global einzigartiges Projekt \u2026 die einzige Chance, die Macht der Konzerne und der Finanzm\u00e4rkte zu begrenzen.\u201c<\/em> Ist das Tr\u00e4umerei oder Volksverdummung? Einzigartig stimmt schon, aber nicht begrenzt, sondern grenzenlos ist ihre antisoziale Politik: Deregulierung und Zur\u00fcckfahren des Staates, Lohndumping, K\u00fcrzung der Haushaltsausgaben, Abbau der Sozialsysteme, Flexibilisierung des Arbeitsmarktes, Verarmung und Arbeitslosigkeit, Liberalisierung von Kapitaltransfers etc. Die grundlegenden Vertr\u00e4ge der EU sind neoliberal bis in die Knochen und zielen darauf ab, das Privateigentum zu heiligen, jede alternative Wirtschaftsordnung zu untersagen und jeden \u00dcbergang zum Sozialismus strikt illegal zu machen. Die Hauptprofiteure sind die deutschen Konzernherren. W\u00e4hrend die Demoaufrufer warnen: \u201eNationalisten und Rechtsextreme wollen das Ende der EU einl\u00e4uten\u201c, erkl\u00e4rt unser Maasm\u00e4nnchen ganz und gar \u201eunnationalistisch\u201c: <em>\u201eUnser nationales deutsches Interesse hat einen Namen: Europa\u201c.<\/em><\/p>\n<p>Wie das geht und wof\u00fcr die EU steht, zeigt das Beispiel Griechenland: Nach der seit 2010 erzwungenen Sparpolitik hat Griechenland die h\u00f6chste offizielle Arbeitslosenquote aller EU-Staaten, eine Jugendarbeitslosigkeit von \u00fcber 40 Prozent, eine um 25 Prozent geschrumpfte Wirtschaft und um stramme 70 Prozent gek\u00fcrzte Renten und Sozialprogramme. Nach den \u201eRettungspaketen\u201c liegt Athens Schuldenlast bei \u00fcber 300 Milliarden Euro, Lohndumping wurde verordnet, das Tafelsilber musste verscherbelt werden, von den Stromversorgern bis zur Infrastruktur: Flugh\u00e4fen, H\u00e4fen, Krankenh\u00e4user, Schulen und \u00f6ffentliche Verkehrsmittel. Mit den Erl\u00f6sen m\u00fcssen fr\u00fchere Darlehen bei der Europ\u00e4ischen Zentralbank und dem IWF abgel\u00f6st werden, Griechenland muss bis in alle Ewigkeit in der Knechtschaft der Schuldenfalle dienen. Die Europ\u00e4ische Zentralbank hat hingegen bis 2017 rund 8 Milliarden Euro an Zinszahlungen aus Griechenland erhalten, Deutschland \u201everdiente\u201c fast 1,5 Milliarden Euro. So geht Neokolonialismus.<\/p>\n<p><em>\u201eDie Europ\u00e4ische Union droht zu zerfallen<\/em>\u201c, so \u201ePulse of Europe\u201c, <em>\u201eder Frieden steht auf dem Spiel\u201c<\/em>. Auf der EU-Homepage das Eigenlob: <em>\u201eDie EU garantiert seit 70 Jahren Frieden\u201c<\/em>. Zum 20. Jahrestag der NATO Aggression gegen Jugoslawien entweder ein Zeichen miserabler Geografie-Kenntnisse, denn Jugoslawien liegt unzweifelhaft in Europa, oder die EU leidet an fortgeschrittener Demenz. Die gro\u00dfe Mehrheit der NATO-L\u00e4nder, die Jugoslawien bombardierten, waren EU-Mitglieder. Zwecks Regime Change in Syrien verb\u00fcndete sich die EU mit islamistischen Halsabschneidern und verh\u00e4ngte Sanktionen zum Aushungern der Bev\u00f6lkerung. Das Weltern\u00e4hrungsprogramm (WFP) stellte schon 2015 fest, dass daher jeder dritte Syrer regelm\u00e4\u00dfig hungrig zu Bett gehe und mehr als sechs Millionen Menschen auf internationale Nahrungsmittelhilfen angewiesen seien, die Sanktionen seien auch der \u201ehaupts\u00e4chliche Grund\u201c f\u00fcr den Niedergang des syrischen Gesundheitssystems und die finanzielle Austrocknung der Hilfsorganisationen vor Ort.<\/p>\n<p>Nicht minder ist die EU gegen linke Regierungen in Lateinamerika engagiert. Am 20. Januar 2019 bedrohte sie die Regierung Nicaraguas mit Sanktionen, am 31. Januar 2019 haben die Abgeordneten des EU-Parlaments mit gro\u00dfer Mehrheit den Putschistenf\u00fchrer Juan Guaid\u00f3 als rechtm\u00e4\u00dfigen Interimspr\u00e4sidenten Venezuelas anerkannt. Eine entsprechende Erkl\u00e4rung der EU-Kommission zur Unterst\u00fctzung Guaid\u00f3s scheiterte \u2013 ausgerechnet am Veto Italiens, das von \u201eCampact\u201c &amp; Co. zum Problemfall ausgerufen wird.<\/p>\n<p>Das angebliche \u201eFriedensprojekt EU\u201c hatte 2017 nach den Worten der EU-Au\u00dfenbeauftragten Federica Mogherini einen \u201ehistorischen Moment\u201c, als der \u201eVertrag St\u00e4ndige strukturierte Zusammenarbeit\u201c (englisch abgek\u00fcrzt: Pesco) unterzeichnet wurde. Damit werden gemeinsame R\u00fcstungsprojekte gestartet, EU-weit zur Verf\u00fcgung stehende Milit\u00e4reinheiten aufgebaut und die Mitglieder verpflichten sich zur regelm\u00e4\u00dfigen Steigerung ihrer Milit\u00e4rausgaben. Die EU will auch einen gemeinsamen \u201eR\u00fcstungsfonds\u201c auflegen, also eine gemeinsame Kriegskasse, der bis 2027 50 Milliarden Euro umfassen soll. Das Geld soll laut ARD-Hauptstadtstudio ohne parlamentarische Kontrolle vergeben werden. Als neueste Errungenschaft ist die sog. \u201eEurop\u00e4ische Interventionsinitiative\u201c geplant, sie versteckt ihre Absichten nicht hinter nebul\u00f6sen Formeln, sondern stellt sie in ihrem Namen offen zur Schau. Schlie\u00dflich kommt ein \u201emilit\u00e4rischer Schengen-Raum\u201c, der so hei\u00dft, weil die Staaten bei der Verlegung von Soldaten und Mordwerkzeug nicht mehr gefragt werden, und dann braucht es f\u00fcr \u201edie milit\u00e4rische Mobilit\u00e4t\u201c Richtung Osten Geld f\u00fcr gute Stra\u00dfen und tragf\u00e4hige Br\u00fccken, die dann \u201ekv\u201c, kriegsverwendungsf\u00e4hig, sind.<\/p>\n<p>Es war ebenfalls die EU, die durch ihr Assoziierungsabkommen mit der Ukraine die Krise um das Land 2014 erst ausgel\u00f6st hat. Daf\u00fcr bestraft sie Russland, mit halbj\u00e4hrlich verl\u00e4ngerten und erweiterten Sanktionen, meist \u201ewegen der Halbinsel Krim\u201c, die sie als \u201erechtswidrig annektiert\u201c bezeichnet. Mit dem Faschisten-F\u00fchrer Tiahnybok konferierten EU-Diplomaten seit Anfang 2013, im Dezember 2013 bezeichnete der EU-Botschafter in Kiew, Jan Tombinski, die Faschisten-Partei Swoboda als \u201eeinen gleichwertigen Partner\u201c. Unmittelbar vor dem Staatsstreich, am 20. Februar 2014, zelebrierte der deutsche Au\u00dfenminister Frank-Walter Steinmeier in EU-Mission \u00f6ffentlich den Schulterschluss mit den Neofaschisten. Wer solche \u201eAntifaschisten\u201c hat, braucht keine Faschisten mehr.<\/p>\n<p>Wer die AfD bek\u00e4mpfen will, um vermeintlich den Faschismus zu bek\u00e4mpfen, betreibt bestenfalls antifaschistische Ersatzvornahme. Nachdem der EU angeblich Gefahr von \u201eRechtsextremen\u201c oder \u201eFaschisten\u201c drohe, ist es hilfreich, einmal das Buch \u201eNeuer Faschismus\u201c von Enzo Traverso zur Hand zu nehmen; Christoph J\u00fcnke schreibt in seiner Rezension: <em>Die Anwendung des Faschismusbegriffs auf jene neuen heterogenen und \u201arechts-bunten\u2018 Bewegungen unserer Zeit ist in seinen Augen aber nicht nur theoretisch und begrifflich irref\u00fchrend, mehr noch ist sie f\u00fcr Traverso praktisch-politisch gef\u00e4hrlich. Allzu schnell tappe man in die Falle eines liberal-konservativen Antifaschismus, der, zum Beispiel in der verbreiteten Rede vom \u201aIslamofaschismus\u2018, westliche Werte gegen \u00f6stliche Barbaren mobilisiere, um so letztlich das eigene Vaterland oder gar die Europ\u00e4ische Union zu verteidigen. Doch wer die zutiefst neoliberale EU \u2013 aus der Distanz betrachtet die Inkarnation eines neuen europ\u00e4ischen Imperialismus \u2013 so unkritisch verteidigen zu m\u00fcssen glaube, mache die Brandstifter zur humanit\u00e4ren Feuerwehr.\u201c<\/em> Traverso: \u201e<em>Sobald man nachzudenken beginnt, erweist sich der Begriff \u201aFaschismus\u2018 mehr als ein Hindernis denn als ein Element zur Kl\u00e4rung der Debatte.\u201c<\/em><\/p>\n<p>Als die Begriffe \u201erechts\u201c und \u201elinks\u201c noch ihre urspr\u00fcngliche Bedeutung als Bezeichnungen der politischen Richtung hatten, also noch nicht verdreht und verf\u00e4lscht waren, stand \u201erechts\u201c f\u00fcr die Verteidigung der Privilegien der Herrschaft und f\u00fcr Krieg und \u201elinks\u201c f\u00fcr den Kampf um soziale Gerechtigkeit und Frieden. F\u00fcr Frieden und soziale Gerechtigkeit steht die EU in jedem Fall nicht, sie ist ein \u201erechtes\u201c Projekt, der Banken und Konzerne. Und geht es \u201enoch rechter\u201c als mit wahnwitziger Hochr\u00fcstung und Kriegsvorbereitung?<\/p>\n<p>Sicher bin ich beim Kampf gegen den Nationalismus dabei \u2013 wenn der Nationalismus nicht darin gesehen wird, dass das Recht, \u00fcber den Staatshaushalt zu entscheiden in das eigene Parlament geh\u00f6rt, und nicht nach Br\u00fcssel. Der zu bek\u00e4mpfende Nationalismus steht in \u201eBild\u201c und \u00e4u\u00dfert sich in der Schlagzeile \u201ePleite-Griechen\u201c, und er steht im \u201eSpiegel\u201c als Anklage gegen Italien: dass \u201eeine Nation die Hand aufh\u00e4lt, um sich ihr sprichw\u00f6rtliches dolce far niente von anderen finanzieren zu lassen\u201c. Diesen ekelhaften Nationalismus meinen \u201edie Guten\u201c Europa-Traumt\u00e4nzer aber eher nicht.<\/p>\n<p><em>\u201e\u00dcber die Losung der Vereinigten Staaten von Europa\u201c<\/em> schrieb einer, der Vielen als \u201eKlassiker\u201c gilt: \u201e<em>Vom Standpunkt der \u00f6konomischen Bedingungen des Imperialismus, d.h. des Kapitalexports und der Aufteilung der Welt durch die \u201afortgeschrittenen\u2018 und \u201azivilisierten\u2018 Kolonialm\u00e4chte, sind die Vereinigten Staaten von Europa unter kapitalistischen Verh\u00e4ltnissen entweder unm\u00f6glich oder reaktion\u00e4r.\u201c<\/em> Muss Lenin den Kriterien der EU-Jubelperser folgend nun auch als \u201erechtsextrem\u201c einsortiert werden? Wer den EU-Gesundbetern und Rattenf\u00e4ngern hinterher l\u00e4uft, sollte dringend mal dar\u00fcber nachdenken, ob er nicht besser auf die Seite des denkenden Teils der Bev\u00f6lkerung wechseln sollte.<\/p>\n<p>Der \u201ePulse of Europe\u201c-Gr\u00fcnder Dr. Daniel R\u00f6der ist Anwalt der Frankfurter Nobel-Wirtschaftskanzlei Greenfort, die sich um Personalabbau, Unternehmenserwerb und -ver\u00e4u\u00dferung sowie Privatisierungen k\u00fcmmert, und zwar immer \u201emit bestm\u00f6glicher Wertsch\u00f6pfung\u201c \u2013 ein idealer EU-Vork\u00e4mpfer. Der eingangs erw\u00e4hnte \u201eCampact\u201c-Gr\u00fcnder und Vorst\u00e4ndler Christoph Bautz schrieb eigenh\u00e4ndig von \u201eCampacts amerikanischer Schwesterorganisation MoveOn.org\u201c. Womit das Geheimnis offen vor uns liegt: Der Verein ist wie \u201eAVAAZ\u201c, \u201eOtpor\u201c (f\u00fcr den Staatsstreich in Jugoslawien), \u201eAdopt a Revolution\u201c (zwecks Sturz der Regierung Syriens) und \u201eMoveOn\u201c eine \u201eNGO\u201c aus dem Hause des \u201emenschenfreundlichen\u201c Spekulanten Georg Soros.<\/p>\n<p>Uli Gellermann nennt das sch\u00f6ne Beispiel: \u201eNoch r\u00e4tselhafter wird es, wenn die Haupt-Verursacher des Syrienkrieges, die USA und ihre Verb\u00fcndeten in Saudi Arabien und Katar von \u201aCampact\u2018 komplett ausgeblendet werden, um ausgerechnet die Bundesregierung aufzufordern, dem UN-Sicherheitsrat behilflich zu sein, \u201adie L\u00e4hmung der Vereinten Nationen zu \u00fcberwinden\u2018, die sich \u201avon Russland blockieren und erpressen lassen.\u2018 Und wer zwischen den \u201aCampact\u2018-Zeilen lesen kann, dem schreit das Wort \u201aFlugverbotszone\u2018 geradezu entgegen.\u201c<\/p>\n<p>Der neoliberale Imperialismus steuert via Konzernstiftungen den sogenannten \u201esozialen Aktivismus\u201c, die Aktivisten agieren aber letztlich als Propagandisten der Neuen Weltordnung, sie spielen im \u201eTeile und Herrsche\u201c-Spiel der M\u00e4chtigen mit, sie zersetzen, was von der Linken noch \u00fcbrig ist. Und sie wirken als Regime Change-Kriegspaten des Imperialismus.<\/p>\n<p style=\"text-align: right;\"><em>Klaus Hartmann ist Bundesvorsitzender des Deutschen Freidenker-Verbandes<\/em><\/p>\n<hr \/>\n<p><span style=\"font-size: 10pt;\">Beitragsbild: \u00dcbernommen aus dem <a href=\"https:\/\/kenfm.de\/tagesdosis-29-3-2019-eumania-bei-campact-attac-co-vorgeblich-gegen-rechts-podcast\/\" target=\"_blank\" rel=\"noopener noreferrer\">Originalbeitrag von KenFM<\/a><\/span><\/p>\n","protected":false},"excerpt":{"rendered":"<p><b>In der Rubrik Tagesdosis wurde am 29.03.2019 bei KenFM der Beitrag \u201eEUmania bei Campact, Attac &#038; Co: vorgeblich \u201egegen rechts\u201c, von Klaus Hartmann, Vorsitzender des Deutschen Freidenker-Verbandes, ver\u00f6ffentlicht.<\/b><br \/>\nDie sogenannte \u201eZivilgesellschaft\u201c &#8230; macht wieder mobil. \u201eCampact\u201c will \u201eeine europaweite Bewegung entstehen lassen, die zeigt: Dem Nationalismus geh\u00f6rt die Vergangenheit, aber die Zukunft geh\u00f6rt Europa.\u201c F\u00fcr den 19. Mai 2019 ruft ein B\u00fcndnis von Attac und einigen Dutzend weiterer Organisationen zu Demonstrationen auf: \u201eEin Europa f\u00fcr Alle: Deine Stimme gegen Nationalismus!\u201c Eine \u201eRichtungswahl\u201c stehe bevor, \u201ePulse of Europe\u201c raunt von einer \u201eSchicksalswahl\u201c: \u201ewir werden bedroht durch Populisten, Nationalisten und Extremisten aller Art\u201c. <\/p>\n","protected":false},"author":3,"featured_media":6107,"comment_status":"closed","ping_status":"closed","sticky":false,"template":"","format":"standard","meta":{"colormag_page_container_layout":"default_layout","colormag_page_sidebar_layout":"default_layout","advanced_seo_description":"","jetpack_seo_html_title":"","jetpack_seo_noindex":false,"jetpack_post_was_ever_published":false,"footnotes":""},"categories":[12],"tags":[1113,1114,182,1091,1112,1075],"class_list":["post-6103","post","type-post","status-publish","format-standard","has-post-thumbnail","hentry","category-demokratie-medien-aufklaerung","tag-attac","tag-campact","tag-eu","tag-links-rechts","tag-populismus","tag-wahl"],"jetpack_featured_media_url":"https:\/\/i0.wp.com\/www.freidenker.org\/fw17\/wp-content\/uploads\/2019\/03\/campact_800x445.jpg?fit=800%2C445&ssl=1","jetpack_shortlink":"https:\/\/wp.me\/p9stpK-1Ar","jetpack-related-posts":[{"id":20946,"url":"https:\/\/www.freidenker.org\/?p=20946","url_meta":{"origin":6103,"position":0},"title":"Betreutes Demonstrieren","author":"Webredaktion","date":"10. Februar 2025","format":false,"excerpt":"Rechte Koalition f\u00fcr Demos gegen Rechts Beitrag von Uli Gellermann Es hat eine gewisse Komik: Die Demos gegen \u201eRechts\u201c finden in den Mehrheitsmedien und den Regierungskreis-Sprechern eine total positive Resonanz. Diese Einheitsfront kannte man zuletzt w\u00e4hrend des Corona-Regimes, die auch von einer \u00fcberw\u00e4ltigenden \u00f6ffentlichen Einheitsmeinung bestimmt war. Und diese Einheitsmeinung\u2026","rel":"","context":"In &quot;Demokratie \u2013 Medien \u2013 Aufkl\u00e4rung&quot;","block_context":{"text":"Demokratie \u2013 Medien \u2013 Aufkl\u00e4rung","link":"https:\/\/www.freidenker.org\/?cat=12"},"img":{"alt_text":"","src":"https:\/\/i0.wp.com\/www.freidenker.org\/fw17\/wp-content\/uploads\/2025\/02\/Demo_gegen_Rechts_Berlin_25.01.2025_04_800x450.jpg?fit=800%2C450&ssl=1&resize=350%2C200","width":350,"height":200,"srcset":"https:\/\/i0.wp.com\/www.freidenker.org\/fw17\/wp-content\/uploads\/2025\/02\/Demo_gegen_Rechts_Berlin_25.01.2025_04_800x450.jpg?fit=800%2C450&ssl=1&resize=350%2C200 1x, https:\/\/i0.wp.com\/www.freidenker.org\/fw17\/wp-content\/uploads\/2025\/02\/Demo_gegen_Rechts_Berlin_25.01.2025_04_800x450.jpg?fit=800%2C450&ssl=1&resize=525%2C300 1.5x, https:\/\/i0.wp.com\/www.freidenker.org\/fw17\/wp-content\/uploads\/2025\/02\/Demo_gegen_Rechts_Berlin_25.01.2025_04_800x450.jpg?fit=800%2C450&ssl=1&resize=700%2C400 2x"},"classes":[]},{"id":20873,"url":"https:\/\/www.freidenker.org\/?p=20873","url_meta":{"origin":6103,"position":1},"title":"&#8222;Lichtermeer gegen Rechts&#8220; \u2013 nah am braunen Original","author":"Webredaktion","date":"31. Januar 2025","format":false,"excerpt":"Beitrag von Dagmar Henn Schon der Januar des vergangenen Jahres wurde durch gro\u00dfe Gehorsamkeitsbekundungen gest\u00f6rt. Jetzt geht es wieder los damit. Aber egal, wie oft da das Etikett \"Gegen Rechts\" aufgeklebt wird, der eigentliche Inhalt ist nah dran am braunen Original. Und schon gibt es die n\u00e4chste Runde Regierungsaufm\u00e4rsche. Von\u2026","rel":"","context":"In &quot;Demokratie \u2013 Medien \u2013 Aufkl\u00e4rung&quot;","block_context":{"text":"Demokratie \u2013 Medien \u2013 Aufkl\u00e4rung","link":"https:\/\/www.freidenker.org\/?cat=12"},"img":{"alt_text":"","src":"https:\/\/i0.wp.com\/www.freidenker.org\/fw17\/wp-content\/uploads\/2025\/01\/Demo_gegen_Rechts_Berlin_25.01.2025_03_800x450.jpg?fit=800%2C450&ssl=1&resize=350%2C200","width":350,"height":200,"srcset":"https:\/\/i0.wp.com\/www.freidenker.org\/fw17\/wp-content\/uploads\/2025\/01\/Demo_gegen_Rechts_Berlin_25.01.2025_03_800x450.jpg?fit=800%2C450&ssl=1&resize=350%2C200 1x, https:\/\/i0.wp.com\/www.freidenker.org\/fw17\/wp-content\/uploads\/2025\/01\/Demo_gegen_Rechts_Berlin_25.01.2025_03_800x450.jpg?fit=800%2C450&ssl=1&resize=525%2C300 1.5x, https:\/\/i0.wp.com\/www.freidenker.org\/fw17\/wp-content\/uploads\/2025\/01\/Demo_gegen_Rechts_Berlin_25.01.2025_03_800x450.jpg?fit=800%2C450&ssl=1&resize=700%2C400 2x"},"classes":[]},{"id":17542,"url":"https:\/\/www.freidenker.org\/?p=17542","url_meta":{"origin":6103,"position":2},"title":"\u201eWas ist rechts, was ist links?\u201c","author":"Webredaktion","date":"20. November 2023","format":false,"excerpt":"Vortrag von Klaus Hartmann Mitgeschnitten auf der Mitgliederversammlung des LV Rheinland-Pfalz\/Saarland des Deutschen Freidenker-Verbandes am 12.11.2023 in Idar-Oberstein. Gilt das alte Links heute als das neue Rechts? Woher stammte die Einteilung in \"rechts\" und \"links\" urspr\u00fcnglich? Ist das heute noch g\u00fcltig oder \u00fcberholt? Wie steht es mit den Behauptungen, man\u2026","rel":"","context":"In &quot;Demokratie \u2013 Medien \u2013 Aufkl\u00e4rung&quot;","block_context":{"text":"Demokratie \u2013 Medien \u2013 Aufkl\u00e4rung","link":"https:\/\/www.freidenker.org\/?cat=12"},"img":{"alt_text":"","src":"https:\/\/i0.wp.com\/www.freidenker.org\/fw17\/wp-content\/uploads\/2023\/11\/Hartmann_rechts_links_2023_v3_800x450.jpg?fit=800%2C450&ssl=1&resize=350%2C200","width":350,"height":200,"srcset":"https:\/\/i0.wp.com\/www.freidenker.org\/fw17\/wp-content\/uploads\/2023\/11\/Hartmann_rechts_links_2023_v3_800x450.jpg?fit=800%2C450&ssl=1&resize=350%2C200 1x, https:\/\/i0.wp.com\/www.freidenker.org\/fw17\/wp-content\/uploads\/2023\/11\/Hartmann_rechts_links_2023_v3_800x450.jpg?fit=800%2C450&ssl=1&resize=525%2C300 1.5x, https:\/\/i0.wp.com\/www.freidenker.org\/fw17\/wp-content\/uploads\/2023\/11\/Hartmann_rechts_links_2023_v3_800x450.jpg?fit=800%2C450&ssl=1&resize=700%2C400 2x"},"classes":[]},{"id":18001,"url":"https:\/\/www.freidenker.org\/?p=18001","url_meta":{"origin":6103,"position":3},"title":"Video: Klaus Hartmann bei MOATS","author":"Webredaktion","date":"24. Januar 2024","format":false,"excerpt":"Video-Interview von Dr. Diether Dehm mit Klaus Hartmann In seiner Sendung \"MOATS (Mother of all Talkshows)\", der deutschen Variante des vom britischen linken ehemaligen Parlamentarier George Galloway entwickelten w\u00f6chentlichen Podcasts, pr\u00e4sentiert Diether Dehm G\u00e4ste, die zu aktuellen Fragen unangepasste Meinungen \u00e4u\u00dfern. Zum zweiten Mal sa\u00df Klaus Hartmann vor der Kamera\u2026","rel":"","context":"In &quot;Demokratie \u2013 Medien \u2013 Aufkl\u00e4rung&quot;","block_context":{"text":"Demokratie \u2013 Medien \u2013 Aufkl\u00e4rung","link":"https:\/\/www.freidenker.org\/?cat=12"},"img":{"alt_text":"","src":"https:\/\/i0.wp.com\/www.freidenker.org\/fw17\/wp-content\/uploads\/2024\/01\/dehm_hartmann_moats_2024-01_b2_800x450.jpg?fit=800%2C450&ssl=1&resize=350%2C200","width":350,"height":200,"srcset":"https:\/\/i0.wp.com\/www.freidenker.org\/fw17\/wp-content\/uploads\/2024\/01\/dehm_hartmann_moats_2024-01_b2_800x450.jpg?fit=800%2C450&ssl=1&resize=350%2C200 1x, https:\/\/i0.wp.com\/www.freidenker.org\/fw17\/wp-content\/uploads\/2024\/01\/dehm_hartmann_moats_2024-01_b2_800x450.jpg?fit=800%2C450&ssl=1&resize=525%2C300 1.5x, https:\/\/i0.wp.com\/www.freidenker.org\/fw17\/wp-content\/uploads\/2024\/01\/dehm_hartmann_moats_2024-01_b2_800x450.jpg?fit=800%2C450&ssl=1&resize=700%2C400 2x"},"classes":[]},{"id":18944,"url":"https:\/\/www.freidenker.org\/?p=18944","url_meta":{"origin":6103,"position":4},"title":"Vor 79 Jahren: Tag der Begegnung in Torgau","author":"Webredaktion","date":"8. Mai 2024","format":false,"excerpt":"Rede von Kaus Hartmann und Bildergalerie Das Zusammentreffen von Soldaten der Roten Armee und US-Soldaten an der Elbe am 25. April 1945 wurde auch 2024 wieder gefeiert: Offiziell von der Stadt und zwei Tage sp\u00e4ter am 27. April 2024 mit einer Demonstration und verschiedenen Kundgebungen. [...] Zu der Demonstration der\u2026","rel":"","context":"In &quot;Frieden - Antifaschismus - Solidarit\u00e4t&quot;","block_context":{"text":"Frieden - Antifaschismus - Solidarit\u00e4t","link":"https:\/\/www.freidenker.org\/?cat=13"},"img":{"alt_text":"","src":"https:\/\/i0.wp.com\/www.freidenker.org\/fw17\/wp-content\/uploads\/2024\/05\/torgau_2024_hartmann_rede_800x450.jpg?fit=800%2C450&ssl=1&resize=350%2C200","width":350,"height":200,"srcset":"https:\/\/i0.wp.com\/www.freidenker.org\/fw17\/wp-content\/uploads\/2024\/05\/torgau_2024_hartmann_rede_800x450.jpg?fit=800%2C450&ssl=1&resize=350%2C200 1x, https:\/\/i0.wp.com\/www.freidenker.org\/fw17\/wp-content\/uploads\/2024\/05\/torgau_2024_hartmann_rede_800x450.jpg?fit=800%2C450&ssl=1&resize=525%2C300 1.5x, https:\/\/i0.wp.com\/www.freidenker.org\/fw17\/wp-content\/uploads\/2024\/05\/torgau_2024_hartmann_rede_800x450.jpg?fit=800%2C450&ssl=1&resize=700%2C400 2x"},"classes":[]},{"id":4542,"url":"https:\/\/www.freidenker.org\/?p=4542","url_meta":{"origin":6103,"position":5},"title":"Hochr\u00fcstung und Krieg: Aus Berlin nichts Neues","author":"Webredaktion","date":"16. Februar 2018","format":false,"excerpt":"In der Rubrik Tagesdosis wurde am 09.02.2018 bei KenFM der Beitrag \"Hochr\u00fcstung und Krieg: Aus Berlin nichts Neues\" von Klaus Hartmann ver\u00f6ffentlicht. Waren Sie auch so brennend an den Berliner Koalitionsverhandlungen interessiert? M\u00fcsste wohl, den t\u00e4glichen, ja st\u00fcndlichen Wasserstandsmeldungen in Presse, Funk und Fernsehen nach zu urteilen. Sagen Sie jetzt\u2026","rel":"","context":"In &quot;Demokratie \u2013 Medien \u2013 Aufkl\u00e4rung&quot;","block_context":{"text":"Demokratie \u2013 Medien \u2013 Aufkl\u00e4rung","link":"https:\/\/www.freidenker.org\/?cat=12"},"img":{"alt_text":"","src":"https:\/\/i0.wp.com\/www.freidenker.org\/fw17\/wp-content\/uploads\/2018\/02\/Tagesdosis_2018-02-09.jpg?fit=800%2C445&ssl=1&resize=350%2C200","width":350,"height":200,"srcset":"https:\/\/i0.wp.com\/www.freidenker.org\/fw17\/wp-content\/uploads\/2018\/02\/Tagesdosis_2018-02-09.jpg?fit=800%2C445&ssl=1&resize=350%2C200 1x, https:\/\/i0.wp.com\/www.freidenker.org\/fw17\/wp-content\/uploads\/2018\/02\/Tagesdosis_2018-02-09.jpg?fit=800%2C445&ssl=1&resize=525%2C300 1.5x, https:\/\/i0.wp.com\/www.freidenker.org\/fw17\/wp-content\/uploads\/2018\/02\/Tagesdosis_2018-02-09.jpg?fit=800%2C445&ssl=1&resize=700%2C400 2x"},"classes":[]}],"_links":{"self":[{"href":"https:\/\/www.freidenker.org\/index.php?rest_route=\/wp\/v2\/posts\/6103","targetHints":{"allow":["GET"]}}],"collection":[{"href":"https:\/\/www.freidenker.org\/index.php?rest_route=\/wp\/v2\/posts"}],"about":[{"href":"https:\/\/www.freidenker.org\/index.php?rest_route=\/wp\/v2\/types\/post"}],"author":[{"embeddable":true,"href":"https:\/\/www.freidenker.org\/index.php?rest_route=\/wp\/v2\/users\/3"}],"replies":[{"embeddable":true,"href":"https:\/\/www.freidenker.org\/index.php?rest_route=%2Fwp%2Fv2%2Fcomments&post=6103"}],"version-history":[{"count":0,"href":"https:\/\/www.freidenker.org\/index.php?rest_route=\/wp\/v2\/posts\/6103\/revisions"}],"wp:featuredmedia":[{"embeddable":true,"href":"https:\/\/www.freidenker.org\/index.php?rest_route=\/wp\/v2\/media\/6107"}],"wp:attachment":[{"href":"https:\/\/www.freidenker.org\/index.php?rest_route=%2Fwp%2Fv2%2Fmedia&parent=6103"}],"wp:term":[{"taxonomy":"category","embeddable":true,"href":"https:\/\/www.freidenker.org\/index.php?rest_route=%2Fwp%2Fv2%2Fcategories&post=6103"},{"taxonomy":"post_tag","embeddable":true,"href":"https:\/\/www.freidenker.org\/index.php?rest_route=%2Fwp%2Fv2%2Ftags&post=6103"}],"curies":[{"name":"wp","href":"https:\/\/api.w.org\/{rel}","templated":true}]}}