{"id":6075,"date":"2019-03-29T12:18:37","date_gmt":"2019-03-29T11:18:37","guid":{"rendered":"https:\/\/www.freidenker.org\/?p=6075"},"modified":"2023-02-19T15:53:17","modified_gmt":"2023-02-19T14:53:17","slug":"aufruf-zum-18-potsdamer-ostermarsch","status":"publish","type":"post","link":"https:\/\/www.freidenker.org\/?p=6075","title":{"rendered":"Aufruf zum 18. Potsdamer Ostermarsch"},"content":{"rendered":"<p>Der <a href=\"https:\/\/www.brandenburger-freidenker.de\" target=\"_blank\" rel=\"noopener noreferrer\">Brandenburgische Freidenker-Verband<\/a> ruft alle Friedensfreundinnen und Friedensfreunde zur aktiven Teilnahme an den Osterm\u00e4rschen der Friedensbewegung in diesem Jahr auf, welche traditionell in Potsdam seit vielen Jahren starten.<br \/>\n<!--more--><\/p>\n<h2 style=\"text-align: center;\"><strong>Frieden statt NATO!<\/strong><\/h2>\n<p style=\"text-align: center;\"><strong>Samstag, 13. April 2019<\/strong><\/p>\n<p style=\"text-align: center;\"><strong>Auftakt 14.00 Uhr<\/strong><\/p>\n<p style=\"text-align: center;\"><strong>Brandenburger Tor, Potsdam<\/strong><\/p>\n<p style=\"text-align: center;\"><strong>Redebeitr\u00e4ge<\/strong><br \/>\nDiether Dehm (MdB, DIE LINKE)<br \/>\nStefanie K\u00f6nig (DKP)<br \/>\nAndreas Wehr (ver.di, DIE LINKE)<br \/>\nMusikbeitr\u00e4ge: Jane Zahn<\/p>\n<p style=\"text-align: center;\">Lest hier den vollst\u00e4ndigen <a href=\"https:\/\/frikopotsdam.files.wordpress.com\/2019\/03\/flyer-18.-potsdamer-ostermarsch-2019.pdf\"><strong>Aufruf zum 18. Potsdamer Ostermarsch 2019<\/strong><\/a> (PDF-Dokument, ca. 600 KB)<\/p>\n<p style=\"text-align: center;\">Weitere Informationen zum 18. Potsdamer Ostermarsch erhaltet Ihr auf der Webseite der <strong><a href=\"https:\/\/friedenskoordination-potsdam.org\/2019\/03\/18\/13-04-2019-aufruf-zum-18-potsdamer-ostermarsch\/\" target=\"_blank\" rel=\"noopener noreferrer\">Friedenskoordination Potsdam<\/a><\/strong>.<\/p>\n<p>&nbsp;<\/p>\n","protected":false},"excerpt":{"rendered":"<p>Der Brandenburgische Freidenker-Verband ruft alle Friedensfreundinnen und Friedensfreunde zur aktiven Teilnahme an den Osterm\u00e4rschen der Friedensbewegung in diesem Jahr auf, welche traditionell in Potsdam seit vielen Jahren starten.<\/p>\n","protected":false},"author":3,"featured_media":6077,"comment_status":"closed","ping_status":"closed","sticky":false,"template":"","format":"standard","meta":{"colormag_page_container_layout":"default_layout","colormag_page_sidebar_layout":"default_layout","advanced_seo_description":"","jetpack_seo_html_title":"","jetpack_seo_noindex":false,"jetpack_post_was_ever_published":false,"footnotes":""},"categories":[13,19],"tags":[26,335,1724,695,943],"class_list":["post-6075","post","type-post","status-publish","format-standard","has-post-thumbnail","hentry","category-frieden-antifaschismus-solidaritaet","category-veranstaltungen-in-den-dfv-landesverbaenden","tag-freidenker","tag-frieden","tag-lv-brandenburg","tag-ostermaersche","tag-potsdam"],"jetpack_featured_media_url":"https:\/\/i0.wp.com\/www.freidenker.org\/fw17\/wp-content\/uploads\/2019\/03\/fd_18.-potsdamer-ostermarsch-2019-800x445.jpg?fit=800%2C445&ssl=1","jetpack_shortlink":"https:\/\/wp.me\/p9stpK-1zZ","jetpack-related-posts":[{"id":4568,"url":"https:\/\/www.freidenker.org\/?p=4568","url_meta":{"origin":6075,"position":0},"title":"Aufruf zum 17. Potsdamer Ostermarsch","author":"Webredaktion","date":"17. Februar 2018","format":false,"excerpt":"Der Brandenburgische Freidenker-Verband ruft alle Friedensfreundinnen und Friedensfreunde zur aktiven Teilnahme an den Osterm\u00e4rschen der Friedensbewegung auf, welche traditionell in Potsdam seit mehr als 15 Jahren starten.","rel":"","context":"In &quot;Frieden - Antifaschismus - Solidarit\u00e4t&quot;","block_context":{"text":"Frieden - Antifaschismus - Solidarit\u00e4t","link":"https:\/\/www.freidenker.org\/?cat=13"},"img":{"alt_text":"","src":"https:\/\/i0.wp.com\/www.freidenker.org\/fw17\/wp-content\/uploads\/2018\/02\/ostermarsch_pdm_2018_800x445.jpg?fit=800%2C445&ssl=1&resize=350%2C200","width":350,"height":200,"srcset":"https:\/\/i0.wp.com\/www.freidenker.org\/fw17\/wp-content\/uploads\/2018\/02\/ostermarsch_pdm_2018_800x445.jpg?fit=800%2C445&ssl=1&resize=350%2C200 1x, https:\/\/i0.wp.com\/www.freidenker.org\/fw17\/wp-content\/uploads\/2018\/02\/ostermarsch_pdm_2018_800x445.jpg?fit=800%2C445&ssl=1&resize=525%2C300 1.5x, https:\/\/i0.wp.com\/www.freidenker.org\/fw17\/wp-content\/uploads\/2018\/02\/ostermarsch_pdm_2018_800x445.jpg?fit=800%2C445&ssl=1&resize=700%2C400 2x"},"classes":[]},{"id":3070,"url":"https:\/\/www.freidenker.org\/?p=3070","url_meta":{"origin":6075,"position":1},"title":"Freidenker bei den Osterm\u00e4rschen 2013","author":"Webredaktion","date":"2. April 2013","format":false,"excerpt":"Nur 28 Sekunden berichtete die ARD-Tagesschau \u00fcber die diesj\u00e4hrigen Osterm\u00e4rsche, und zeigte dabei ein Freidenker-Pakat beim Ostermarsch in N\u00fcrnberg sowie Ernst Schwarz, singender Vorsitzender der Frankfurter Freidenker, auf der B\u00fchne am Frankfurter R\u00f6merberg.","rel":"","context":"In &quot;Frieden - Antifaschismus - Solidarit\u00e4t&quot;","block_context":{"text":"Frieden - Antifaschismus - Solidarit\u00e4t","link":"https:\/\/www.freidenker.org\/?cat=13"},"img":{"alt_text":"","src":"https:\/\/i0.wp.com\/www.freidenker.org\/fw17\/wp-content\/uploads\/2013\/04\/ostermarsch_potsdam_800x445.jpg?fit=800%2C445&ssl=1&resize=350%2C200","width":350,"height":200,"srcset":"https:\/\/i0.wp.com\/www.freidenker.org\/fw17\/wp-content\/uploads\/2013\/04\/ostermarsch_potsdam_800x445.jpg?fit=800%2C445&ssl=1&resize=350%2C200 1x, https:\/\/i0.wp.com\/www.freidenker.org\/fw17\/wp-content\/uploads\/2013\/04\/ostermarsch_potsdam_800x445.jpg?fit=800%2C445&ssl=1&resize=525%2C300 1.5x, https:\/\/i0.wp.com\/www.freidenker.org\/fw17\/wp-content\/uploads\/2013\/04\/ostermarsch_potsdam_800x445.jpg?fit=800%2C445&ssl=1&resize=700%2C400 2x"},"classes":[]},{"id":12562,"url":"https:\/\/www.freidenker.org\/?p=12562","url_meta":{"origin":6075,"position":2},"title":"Ein brennendes Herz f\u00fcr den Frieden braucht einen k\u00fchlen Kopf","author":"Webredaktion","date":"10. April 2022","format":false,"excerpt":"Bilder-Galerie und Rede von M\u00e4nne Gr\u00fc\u00df auf dem Potsdamer Ostermarsch 2022 [Aus der Rede:] Liebe Friedensfreundinnen, liebe Friedensfreunde, ich m\u00f6chte meine Rede mit einem Ausspruch beginnen, den viele von Euch wahrscheinlich im Schlaf aufsagen k\u00f6nnen: Im Krieg gilt: Die Wahrheit stirbt zuerst. So eing\u00e4ngig der Ausspruch aber auch ist: Er\u2026","rel":"","context":"In &quot;Frieden - Antifaschismus - Solidarit\u00e4t&quot;","block_context":{"text":"Frieden - Antifaschismus - Solidarit\u00e4t","link":"https:\/\/www.freidenker.org\/?cat=13"},"img":{"alt_text":"","src":"https:\/\/i0.wp.com\/www.freidenker.org\/fw17\/wp-content\/uploads\/2022\/04\/Potsdamer-Ostermarsch_2022_800x450.jpg?fit=800%2C450&ssl=1&resize=350%2C200","width":350,"height":200,"srcset":"https:\/\/i0.wp.com\/www.freidenker.org\/fw17\/wp-content\/uploads\/2022\/04\/Potsdamer-Ostermarsch_2022_800x450.jpg?fit=800%2C450&ssl=1&resize=350%2C200 1x, https:\/\/i0.wp.com\/www.freidenker.org\/fw17\/wp-content\/uploads\/2022\/04\/Potsdamer-Ostermarsch_2022_800x450.jpg?fit=800%2C450&ssl=1&resize=525%2C300 1.5x, https:\/\/i0.wp.com\/www.freidenker.org\/fw17\/wp-content\/uploads\/2022\/04\/Potsdamer-Ostermarsch_2022_800x450.jpg?fit=800%2C450&ssl=1&resize=700%2C400 2x"},"classes":[]},{"id":6825,"url":"https:\/\/www.freidenker.org\/?p=6825","url_meta":{"origin":6075,"position":3},"title":"Aufruf zum Weltfriedenstag 2019 in Potsdam","author":"Webredaktion","date":"12. August 2019","format":false,"excerpt":"Friedenskoordination Potsdam: F\u00fcr eine Welt ohne Krieg - Abr\u00fcsten statt Aufr\u00fcsten! - Aufruf zur Gedenkveranstaltung zum Weltfriedenstag in Potsdam - Sonntag, 1. September 2019 - 15.30 Uhr - Platz der Einheit, Potsdam 80 Jahre nach Beginn des Zweiten Weltkriegs gibt es derzeit weltweit \u00fcber 200 Kriegs- und Krisengebiete. Deutsche R\u00fcstungsexporte\u2026","rel":"","context":"In &quot;Frieden - Antifaschismus - Solidarit\u00e4t&quot;","block_context":{"text":"Frieden - Antifaschismus - Solidarit\u00e4t","link":"https:\/\/www.freidenker.org\/?cat=13"},"img":{"alt_text":"Weltfriedenstag 2019 in Potsdam","src":"https:\/\/i0.wp.com\/www.freidenker.org\/fw17\/wp-content\/uploads\/2019\/08\/Weltfriedenstag2019_800x445px.jpg?fit=800%2C445&ssl=1&resize=350%2C200","width":350,"height":200,"srcset":"https:\/\/i0.wp.com\/www.freidenker.org\/fw17\/wp-content\/uploads\/2019\/08\/Weltfriedenstag2019_800x445px.jpg?fit=800%2C445&ssl=1&resize=350%2C200 1x, https:\/\/i0.wp.com\/www.freidenker.org\/fw17\/wp-content\/uploads\/2019\/08\/Weltfriedenstag2019_800x445px.jpg?fit=800%2C445&ssl=1&resize=525%2C300 1.5x, https:\/\/i0.wp.com\/www.freidenker.org\/fw17\/wp-content\/uploads\/2019\/08\/Weltfriedenstag2019_800x445px.jpg?fit=800%2C445&ssl=1&resize=700%2C400 2x"},"classes":[]},{"id":15730,"url":"https:\/\/www.freidenker.org\/?p=15730","url_meta":{"origin":6075,"position":4},"title":"F\u00fcrs Klima und die NATO \u2013 Die manipulierte Ostermarschbewegung","author":"Webredaktion","date":"8. April 2023","format":false,"excerpt":"Beitrag von Felicitas Rabe Orientiert man sich an der Website der traditionellen deutschen Friedensbewegung, finden am kommenden Wochenende in Deutschland 123 angemeldete Osterm\u00e4rsche statt. Mit den vielen Friedensdemonstrationen wirkt die Planung der \u00f6sterlichen Aufz\u00fcge eher kleinteilig. Auch der \u00fcberregional bekannte Ostermarsch Rhein-Ruhr wird verteilt auf 14 Veranstaltungen stattfinden. Den Auftakt\u2026","rel":"","context":"In &quot;Frieden - Antifaschismus - Solidarit\u00e4t&quot;","block_context":{"text":"Frieden - Antifaschismus - Solidarit\u00e4t","link":"https:\/\/www.freidenker.org\/?cat=13"},"img":{"alt_text":"","src":"https:\/\/i0.wp.com\/www.freidenker.org\/fw17\/wp-content\/uploads\/2023\/04\/Friedensbewegung_Kapitalismuskritisch_800x450.jpg?fit=800%2C450&ssl=1&resize=350%2C200","width":350,"height":200,"srcset":"https:\/\/i0.wp.com\/www.freidenker.org\/fw17\/wp-content\/uploads\/2023\/04\/Friedensbewegung_Kapitalismuskritisch_800x450.jpg?fit=800%2C450&ssl=1&resize=350%2C200 1x, https:\/\/i0.wp.com\/www.freidenker.org\/fw17\/wp-content\/uploads\/2023\/04\/Friedensbewegung_Kapitalismuskritisch_800x450.jpg?fit=800%2C450&ssl=1&resize=525%2C300 1.5x, https:\/\/i0.wp.com\/www.freidenker.org\/fw17\/wp-content\/uploads\/2023\/04\/Friedensbewegung_Kapitalismuskritisch_800x450.jpg?fit=800%2C450&ssl=1&resize=700%2C400 2x"},"classes":[]},{"id":8783,"url":"https:\/\/www.freidenker.org\/?p=8783","url_meta":{"origin":6075,"position":5},"title":"Potsdamer Friko gegen Ausstellung der Bundeswehr in der Garnisonkirche","author":"Webredaktion","date":"13. Oktober 2020","format":false,"excerpt":"Pressemitteilung der Friedenskoordination Potsdam zur Finanzierung der Dauerausstellung im Turm der Potsdamer Garnisonkirche durch die Bundeswehr In der letzten Woche war der lokalen Presse ... zu entnehmen, dass sich die Bundeswehr finanziell in das umstrittene Projekt zum Wiederaufbau der Potsdamer Hof- und Garnisonkirche einmischt. Dabei soll die neue Dauerausstellung im\u2026","rel":"","context":"In &quot;Frieden - Antifaschismus - Solidarit\u00e4t&quot;","block_context":{"text":"Frieden - Antifaschismus - Solidarit\u00e4t","link":"https:\/\/www.freidenker.org\/?cat=13"},"img":{"alt_text":"","src":"https:\/\/i0.wp.com\/www.freidenker.org\/fw17\/wp-content\/uploads\/2020\/10\/Bundesarchiv_Bild_183-S38324_Tag_von_Potsdam_Adolf_Hitler_Paul_v._Hindenburg_800x450.jpg?fit=800%2C450&ssl=1&resize=350%2C200","width":350,"height":200,"srcset":"https:\/\/i0.wp.com\/www.freidenker.org\/fw17\/wp-content\/uploads\/2020\/10\/Bundesarchiv_Bild_183-S38324_Tag_von_Potsdam_Adolf_Hitler_Paul_v._Hindenburg_800x450.jpg?fit=800%2C450&ssl=1&resize=350%2C200 1x, https:\/\/i0.wp.com\/www.freidenker.org\/fw17\/wp-content\/uploads\/2020\/10\/Bundesarchiv_Bild_183-S38324_Tag_von_Potsdam_Adolf_Hitler_Paul_v._Hindenburg_800x450.jpg?fit=800%2C450&ssl=1&resize=525%2C300 1.5x, https:\/\/i0.wp.com\/www.freidenker.org\/fw17\/wp-content\/uploads\/2020\/10\/Bundesarchiv_Bild_183-S38324_Tag_von_Potsdam_Adolf_Hitler_Paul_v._Hindenburg_800x450.jpg?fit=800%2C450&ssl=1&resize=700%2C400 2x"},"classes":[]}],"_links":{"self":[{"href":"https:\/\/www.freidenker.org\/index.php?rest_route=\/wp\/v2\/posts\/6075","targetHints":{"allow":["GET"]}}],"collection":[{"href":"https:\/\/www.freidenker.org\/index.php?rest_route=\/wp\/v2\/posts"}],"about":[{"href":"https:\/\/www.freidenker.org\/index.php?rest_route=\/wp\/v2\/types\/post"}],"author":[{"embeddable":true,"href":"https:\/\/www.freidenker.org\/index.php?rest_route=\/wp\/v2\/users\/3"}],"replies":[{"embeddable":true,"href":"https:\/\/www.freidenker.org\/index.php?rest_route=%2Fwp%2Fv2%2Fcomments&post=6075"}],"version-history":[{"count":0,"href":"https:\/\/www.freidenker.org\/index.php?rest_route=\/wp\/v2\/posts\/6075\/revisions"}],"wp:featuredmedia":[{"embeddable":true,"href":"https:\/\/www.freidenker.org\/index.php?rest_route=\/wp\/v2\/media\/6077"}],"wp:attachment":[{"href":"https:\/\/www.freidenker.org\/index.php?rest_route=%2Fwp%2Fv2%2Fmedia&parent=6075"}],"wp:term":[{"taxonomy":"category","embeddable":true,"href":"https:\/\/www.freidenker.org\/index.php?rest_route=%2Fwp%2Fv2%2Fcategories&post=6075"},{"taxonomy":"post_tag","embeddable":true,"href":"https:\/\/www.freidenker.org\/index.php?rest_route=%2Fwp%2Fv2%2Ftags&post=6075"}],"curies":[{"name":"wp","href":"https:\/\/api.w.org\/{rel}","templated":true}]}}