{"id":6067,"date":"2019-03-22T23:13:12","date_gmt":"2019-03-22T22:13:12","guid":{"rendered":"https:\/\/www.freidenker.org\/?p=6067"},"modified":"2019-04-14T21:57:35","modified_gmt":"2019-04-14T19:57:35","slug":"ukraine-geht-sie-nichts-an","status":"publish","type":"post","link":"https:\/\/www.freidenker.org\/?p=6067","title":{"rendered":"Ukraine? Geht Sie nichts an!"},"content":{"rendered":"<p class=\"article__heading \" style=\"text-align: right;\">Dr. Gniffkes Macht um Acht<\/p>\n<div class=\"article__cover\">\n<div class=\"cover\">\n<p><strong>In knapp zwei Wochen finden in der Ukraine Pr\u00e4sidentschaftswahlen statt. Amtsinhaber Poroschenko hat kaum Chancen auf einen Wahlsieg. In den Medien herrscht dazu weitgehend Schweigen, auch bei ARD-aktuell. Dabei gleicht das Desaster in Kiew einem Offenbarungseid.<\/strong><\/p>\n<p class=\"cover__media \"><em>Von <strong>Friedhelm Klinkhammer<\/strong> und <strong>Volker Br\u00e4utigam<\/strong><\/em><\/p>\n<p class=\"cover__media \"><em>(Erstver\u00f6ffentlichung am 18.03.2019 auf <a href=\"https:\/\/deutsch.rt.com\/meinung\/85970-dr-gniffkes-macht-um-acht\/\" target=\"_blank\" rel=\"noopener noreferrer\">RT Deutsch<\/a>)<\/em><\/p>\n<\/div>\n<\/div>\n<div class=\"article__text \">\n<p><em>In nicht einmal mehr zwei Wochen, am 31. M\u00e4rz, d\u00fcrfen die Ukrainer ihren n\u00e4chsten Pr\u00e4sidenten w\u00e4hlen. Die Aussichten f\u00fcr den erneut kandidierenden Amtsinhaber Petro Poroschenko sind beinah genauso gering wie die Kenntnis des deutschen Durchschnitts-Fernsehzuschauers von den Verh\u00e4ltnissen im osteurop\u00e4ischen Nachbarland. Wer wei\u00df schon, dass im Bewerberfeld auch die Hasspredigerin Timoschenko wieder und der Komiker <a href=\"https:\/\/www.tagesspiegel.de\/politik\/wahl-in-der-ukraine-komiker-selenski-will-praesident-werden\/23987424.html\">Selenski<\/a> erstmalig antreten \u2013 und was das \u00fcber die politische Kultur der Ukraine besagt? Unsere wichtigsten Nachrichteninstitute, voran ARD-aktuell, bieten eben keine fortlaufende Information \u00fcber den Brandherd Kiew. Geben Sie das Stichwort <a href=\"https:\/\/www.tagesschau.de\/suche2.html?query=Ukraine&amp;sort_by=date\">&#8222;<\/a><a href=\"https:\/\/www.tagesschau.de\/suche2.html?query=Ukraine&amp;sort_by=date\">Ukraine<\/a><a href=\"https:\/\/www.tagesschau.de\/suche2.html?query=Ukraine&amp;sort_by=date\">&#8222;<\/a> in die Suchfunktion auf tagesschau.de ein, dann k\u00f6nnen Sie sich vor Augen f\u00fchren, wie der deutsche Qualit\u00e4tsjournalismus baden geht.<\/em><\/p>\n<p><em>Tagesschau<\/em> &amp; Co. unterschlagen konsequent, dass die massive Einmischung der USA, der NATO und der EU den Ukrainern nicht mehr Demokratie und Wohlstand gebracht hat, sondern B\u00fcrgerkrieg, Konfrontation mit Russland, systemische, den Staat zerfressende Korruption, faschistischen Terror, Oligarchen-Herrschaft und Verelendung der Bev\u00f6lkerung. Die Regierung Merkel tr\u00e4gt ein ger\u00fctteltes Ma\u00df an Mitverantwortung f\u00fcr die politische und menschliche Katastrophe und m\u00fcsste eigentlich in Sack und Asche gehen. Sie braucht es nicht, weil sie sich auf die journalistische Charakterlosigkeit verlassen kann, die in den Nachrichtenredaktionen des \u00f6ffentlich-rechtlichen Rundfunks herrscht. Das dortige Schweigekartell hat sich zwanglos selbst organisiert.<\/p>\n<p>Wer aufkl\u00e4ren m\u00f6chte, sollte chronologisch vorgehen und bei der Vorgeschichte des Maidan-Putsches, der Sezession der Krim sowie des B\u00fcrgerkrieges um die Ostukraine beginnen. Deren Grundlage war das von der Europ\u00e4ischen Union angebotene\u00a0 Assoziierungsabkommen. Es war ein klassischer Lockvogel, der einen Keil in die Beziehungen Kiews zu Moskau treiben und die Ukraine der westlichen Ausbeuterelite ausliefern sollte.<\/p>\n<p>Die T\u00e4uschung war umfassend und gelang. Das Abkommen weckte in der ukrainischen Bev\u00f6lkerung riesige Hoffnungen auf eine Verbesserung ihrer Lebenssituation.<\/p>\n<p style=\"padding-left: 40px;\"><em>Das Assoziierungsabkommen zwischen der EU und der Ukraine ist das fortgeschrittenste Abkommen, das die EU einem Drittland vorlegen kann, um eine Kooperation in allen Bereichen zu koordinieren. Das Assoziierungsabkommen r\u00e4umt der Ukraine im Hinblick auf ihre Beziehungen zur EU erhebliches Entwicklungspotenzial ein&#8220;, erkl\u00e4rten zum Beispiel der franz\u00f6sische Botschafter Alain Remy und sein deutscher Kollege Christoph Weil 2013 in einem <a href=\"https:\/\/www.prnewswire.com\/news-releases\/assoziierungsabkommen-zwischen-eu-und-ukraine-das-fortgeschrittenste-der-eu-199382121.html\">Interview<\/a> mit der Zeitung DEN in Kiew.<\/em><\/p>\n<p>Ein solcher Sirenengesang\u00a0 musste nach dem Zerfall der Sowjetunion in der von Armut und korrupter Oligarchie gepr\u00e4gten Ukraine verf\u00fchrerisch wirken. <a href=\"https:\/\/www.freitag.de\/autoren\/hans-springstein\/5-milliarden-dollar-fuer-den-staatsstreich\" target=\"_blank\" rel=\"noopener noreferrer\">Geldangebote und hohle Versprechungen<\/a> reichten, um Hoffnungen zu wecken und einen politischen Umsturz in die Wege zu leiten. Die Einsicht, auf der geostrategischen B\u00fchne nur eine Statistenrolle gespielt zu haben und f\u00fcr fremde, inhumane Zwecke missbraucht worden zu sein, kam f\u00fcr die Masse der Ukrainer zu sp\u00e4t.<\/p>\n<p>Die &#8222;Westliche Wertegemeinschaft&#8220; exportierte ihre Ideologie als Hochkonzentrat in die Ukraine: In &#8222;Freiheit und Demokratie&#8220; entstanden ultranationalistische und faschistoide Organisationen, deren Schl\u00e4gertrupps und m\u00f6rderische Terrorbanden jetzt auf den Stra\u00dfen Regie f\u00fchren und Gewaltfantasien gegen Andersdenkende und Minderheiten ausleben. Das politische Gift reicht bis ins Parlament und in die Regierungsspitze. Das Gedenken an Nazi-Kollaborateure wie den Kriegsverbrecher Bandera wird mittlerweile bis hinauf in die gesellschaftliche Elite wieder gepflegt; der Massenm\u00f6rder ist bei Weitem nicht der Einzige, der staatsdoktrin\u00e4r wieder zu unverdientem Ansehen kam.<\/p>\n<p>Die traditionell einflussreichen Oligarchen vermehrten mit nicht mehr zu \u00fcberbietender Dreistigkeit und krimineller Energie ihren Reichtum. Der Geheimdienst ist Machtapparat in der Hand einiger reaktion\u00e4rer Strippenzieher. Es regiert Gesetzlosigkeit; Daten von Personen, die sich f\u00fcr Frieden und Humanit\u00e4t engagieren, landen auf <a href=\"https:\/\/ukraine-nachrichten.de\/?c=wirtschaft\">schwarzen Beh\u00f6rdenlisten<\/a>, ebenso die Namen ausl\u00e4ndischer Politiker, die den neuen Herren in Kiew kritisch begegnen. Als prominentester Deutscher ist \u00fcbrigens Ex-Bundeskanzler Gerhard Schr\u00f6der dort aufgef\u00fchrt.<\/p>\n<p>Die vom Westen vorangetriebene Destruktion hat nicht einmal vor dem christlich-konfessionellen Raum Halt gemacht. Mit verheerenden Folgen f\u00fcr den kulturellen Konnex der unterschiedlichen Ethnien in der Ukraine lie\u00df Petro Poroschenko die Zugeh\u00f6rigkeit der Ukrainer zur russisch-orthodoxen Kirche aufk\u00fcndigen und ein eigenst\u00e4ndiges ukrainisch-orthodoxes Episkopat in Kiew gr\u00fcnden. Eine schwerer wiegende kulturelle Aggression gegen alle Ukrainer mit Zugeh\u00f6rigkeit zum russischen Kulturkreis l\u00e4sst sich kaum denken. Dass nunmehr westliche Konzerne und kapitalistische Magnaten die Felder und W\u00e4lder der Ukraine aufkaufen und das Land <a href=\"https:\/\/publikumskonferenz.de\/blog\/2019\/01\/26\/4609\/\" target=\"_blank\" rel=\"noopener noreferrer\">auspl\u00fcndern k\u00f6nnen<\/a>, vervollst\u00e4ndigt das Bild der Verw\u00fcstung.<\/p>\n<p>Das Wohlergehen der ukrainischen Bev\u00f6lkerung interessiert die &#8222;westliche Wertegemeinschaft&#8220; nach gewonnener Schlacht einen feuchten Staub. Die Ukraine, einst als Land mit leistungsstarker Schwerindustrie, Bodensch\u00e4tzen und als ertragreiche Kornkammer Europas bekannt, entwickelt sich unter den Knuten des transatlantisch beherrschten Internationalen W\u00e4hrungsfonds und der EU zum Armenhaus Europas. Die Menschen verlassen es in Scharen. <a href=\"https:\/\/www.caritas-international.de\/hilfeweltweit\/europa\/russland\/ukrainische-fluechtlinge-in-russland\" target=\"_blank\" rel=\"noopener noreferrer\">Allein nach Russland<\/a> fl\u00fcchteten mehr als eine Million vollkommen mittellose Ukrainer. Dem Elend inflation\u00e4rer Preise und bodenlos niedriger L\u00f6hne versucht zu entrinnen, wer kann.<\/p>\n<p><em>ARD-aktuell<\/em> hat wie die meisten deutschen Leit- und Konzernmedien die ukrainische Katastrophe weitestgehend ignoriert. Der Vorwurf der F\u00e4lschung ist berechtigt und begr\u00fcndbar: Selbst in den wenigen doch noch durchgereichten Informationsangeboten wurde so getan, als seien in Kiew positive Entwicklungen in Gang. Waren Misshelligkeiten nicht zu leugnen, dann wurde &#8222;der Russe&#8220; beschuldigt.<\/p>\n<p>Die Hoffnung der Ukrainer auf einen baldigen EU-Beitritt begann bereits kurz nach dem Maidan, sich zu verfl\u00fcchtigen. Heute stehen die Chancen daf\u00fcr bei null. Die Ukraine habe, <a href=\"https:\/\/www.unian.net\/politics\/10112960-ukraina-v-nastoyashchee-vremya-ne-imeet-perspektivy-chlenstva-v-es-posol.html\" target=\"_blank\" rel=\"noopener noreferrer\">so erkl\u00e4rte<\/a> vor knapp einem Jahr der EU-Repr\u00e4sentant in der Ukraine, Hugues Mingarelli, keine Aussichten, der Europ\u00e4ischen Union beizutreten:<\/p>\n<p style=\"padding-left: 40px;\"><em>Die T\u00fcrkei und die Balkan-L\u00e4nder sind die einzigen, die \u00fcber einen Beitritt zur EU verhandeln, sie haben eine deutliche Perspektive der EU-Mitgliedschaft. Im Fall mit der Ukraine gibt es heutzutage keine Perspektive der EU-Mitgliedschaft.<\/em><\/p>\n<p>\u00dcber die Seifenblasenproduktion des Westens, dessen Ausbeuterpolitik gegen die Ukraine und dessen Aggressionen gegen\u00fcber Russland schweigen sich Chefredakteur Dr. Kay Gniffkes Qualit\u00e4tsjournalisten aber zumeist aus. Des Staatsfunkers Haupteigenschaft ist dessen liebedienerischer Konformismus mit den in Berlin Regierenden: Kanzlerin Merkels au\u00dfenpolitische Ideen- und Erfolglosigkeit, ihre unbeirrbare transatlantische Linientreue sollen nicht blo\u00dfgestellt, sie selbst darf nicht desavouiert werden. Der Fanatiker Gniffke stellt das sicher.<\/p>\n<p>Angela Merkel ist au\u00dfenpolitisch kaum mehr als eine Null, nicht mehr als eine devote Anh\u00e4ngerin und blo\u00dfe Vollzugspolitikerin transatlantischer Machtstrategen. Sie hat in ihrer gesamten Amtszeit keine politische Vision und Eigenst\u00e4ndigkeit erkennen lassen. Wohl aber hat sie\u00a0 entscheidend dazu beigetragen, dass Deutschlands Herrenmenschendenken sowie seine finanzielle und wirtschaftliche Dominanz das Projekt einer friedlichen Koexistenz und partnerschaftlichen Zusammenarbeit in Europa in Rauch aufgehen lie\u00dfen. Die deutsche Wirtschaftselite, voran die der R\u00fcstungsindustrie, blickt jetzt vom prallgef\u00fcllten Geldsack unterm Ges\u00e4\u00df auf eine EU, die sich systematisch in Gegens\u00e4tze man\u00f6vriert und dabei jegliche demokratische Legitimit\u00e4t eingeb\u00fc\u00dft hat. Sie kann sich daf\u00fcr mit dem Friedensnobelpreis schm\u00fccken; f\u00fcr politische Perversionen finden sich immer Ventile.<\/p>\n<p>Die Kanzlerin ist hauptverantwortlich f\u00fcr die Preisgabe humanit\u00e4rer Ideale deutscher Au\u00dfenpolitik; das Elend der Griechen und das der Fl\u00fcchtlinge in Europa sprechen eine klare Sprache. Ihr ist es in keiner Phase ihrer Amtszeit gelungen, in weltpolitischen Konflikten als erfolgreiche Vermittlerin aufzutreten oder politisch brisante Entwicklungen zu stoppen. Sie hat stattdessen immer wieder \u00d6l ins Feuer gegossen und sich zumeist von Washington fernlenken lassen, sowohl hinsichtlich der Sanktionspolitik gegen Russland, Syrien und Venezuela als auch f\u00fcr die Kriege in Afghanistan, im Nahen Osten und reihenweise in afrikanischen L\u00e4ndern.<\/p>\n<p>Sprechen Nordstream 2 oder Minsk II gegen diese Behauptung? Der bisherige Fortschritt des Gasleitungsprojekts ist weit mehr den Russen und dem Ex-Kanzler Schr\u00f6der sowie einigen der in Berlin mitregierenden Sozis zuzuschreiben als der Kanzlerin. Es gibt mit Minsk II nur ein Ereignis, das aus ihrer konturlosen politischen Lethargie etwas herausragt: Im Rahmen der Minsk-Verhandlungen hat sie sp\u00e4t ihre &#8222;au\u00dfenpolitische Bestimmung&#8220; gefunden. M\u00f6glicherweise, weil sie sich davon \u00f6ffentliche Anerkennung versprach.<\/p>\n<p>F\u00fcr ein Land von der Gr\u00f6\u00dfe und mit dem politischen Gewicht Deutschlands erschienen die Konflikte im Osten der Ukraine, kaum zwei Flugstunden von Berlin entfernt, <a href=\"https:\/\/www.welt.de\/politik\/deutschland\/article183131434\/Angela-Merkel-in-der-Ukraine-Wo-sich-die-Kanzlerin-noch-gebraucht-fuehlt.html\">aus Merkels Sicht<\/a> wohl irgendwie noch regelbar. Das Ergebnis ihres Engagements ist allerdings gleich null. Wer Staatsm\u00e4nnern wie Pr\u00e4sident Putin und Au\u00dfenminister Lawrow mit hohlen NATO-Friedensduftwolken imponieren und im gleichen Atemzug seine Unabh\u00e4ngigkeit von den USA glaubhaft machen m\u00f6chte, beweist nur ersch\u00fctternde Inkompetenz. Als politische F\u00fcrsprecherin eines schmierigen Poroschenko konnte die Kanzlerin ohnehin keine ehrbare Rolle spielen.<\/p>\n<p>Was im Abkommen Minsk II festgelegt und von Poroschenko postwendend sabotiert wurde, blieb deshalb auch dem deutschen Publikum vorenthalten. Chefredakteur Gniffke wei\u00df, dass er Merkels Pleite in der Ukraine-Politik verschleiern und Muttis Scheinheiligenschein polieren muss. Als Hofjournalist und medialer Schlappenschammes hat er keine Alternative. Das entsprechende Rollenverst\u00e4ndnis ist seiner Karriere dienlich. Nicht von ungef\u00e4hr gilt er als aussichtsreicher Kandidat f\u00fcr den demn\u00e4chst frei werdenden <a href=\"https:\/\/www.faz.net\/aktuell\/feuilleton\/medien\/kritik-am-prozedere-der-swr-intendantenwahl-16087073.html\">Intendantenposten<\/a> des <em>S\u00fcdwestrundfunks<\/em>.<\/p>\n<p>G\u00e4nzlich ignorieren konnte aber selbst ein Gniffke das Thema &#8222;Pr\u00e4sidentschaftswahl in der Ukraine&#8220; nicht. Was also tun? Ein eher unauff\u00e4lliges Angebot f\u00fcr den <em>Tagesschau<\/em>-Auftritt im Internet <a href=\"https:\/\/www.tagesschau.de\/ausland\/timoschenko-kandidatur-101.html%20\">mit Julia Timoschenko als Zentralfigur<\/a>, in den analogen Sendungen eine ablenkende thematische Einbettung in die allgemeine Berichterstattung anl\u00e4sslich des f\u00fcnften Jahrestags des &#8222;Euro-Maidan&#8220; (!): Das musste reichen. Das Ganze selbstverst\u00e4ndlich im \u00fcblichen Rahmen russenfeindlicher Stimmungsmache. Dieses &#8222;Framing&#8220; ist von jeher die probate L\u00f6sung, und da es halt- und argumentationslos ist, tut ein kr\u00e4ftiger Schuss Desinformation \u00fcber die &#8222;prorussischen Separatisten&#8220; in der Ostukraine das Seine.<\/p>\n<p>F\u00fcr <em>ARD-aktuell<\/em>-Korrespondentenberichte aus der Ukraine ist jetzt Atlantikbr\u00fccken-Mitglied Ina Ruck zust\u00e4ndig, nachdem Russenfresser Udo Lielischkies ins Rentnerdasein gewechselt und die antirussische Barrikadenbraut Golineh Atai zum Heimatsender <em>WDR K\u00f6ln<\/em> zur\u00fcckgekehrt ist. Die Berichterstattung \u00fcber die Ukraine erfolgt vom <em>ARD\/WDR<\/em>-Studio in Moskau aus. Dort sitzt seit 2014 Birgit Virnich, auch sie stammt aus dem transatlantischen Propaganda-Gest\u00fct des <em>WDR<\/em>-Intendanten Buhrow. Ina Ruck passt pr\u00e4chtig zu ihr.<\/p>\n<p>Ein propagandistisches Hochamt in der Vorberichterstattung \u00fcber die Pr\u00e4sidentenwahl in der Ukraine zelebrierte die <em>ARD-aktuell<\/em> zum f\u00fcnften Jahrestag des Maidan-Putsches: ein <a href=\"https:\/\/www.tagesschau.de\/multimedia\/video\/video-506833.html\">Schaltgespr\u00e4ch<\/a> des <em>Tagesthemen<\/em>-Moderators Ingo Zamperoni (<em>WDR<\/em>, Mitglied der Atlantik-Br\u00fccke) mit Ina Ruck (dito: <em>WDR<\/em>, Atlantik-Br\u00fccke).<\/p>\n<p>Zamperoni: &#8222;In f\u00fcnf Wochen w\u00e4hlen die Ukrainer ihren Pr\u00e4sidenten, folgt dann der n\u00e4chste gro\u00dfe Schritt Richtung Demokratie&#8220;?<\/p>\n<p>Mit dieser Frageformulierung wird das Denken der Zuschauer konditioniert; begr\u00fcndunglos setzt die Floskel &#8222;der n\u00e4chste gro\u00dfe Schritt&#8220; einfach voraus, dass bisher schon welche unternommen worden sind. Ausgeblendet werden damit die Schl\u00e4gereien im Parlament, die neofaschistischen Umz\u00fcge in Kiew, die Attentate auf kritische Journalisten, auf ethnische und soziale Minderheiten wie Roma und Schwule, die m\u00f6rderische Verfolgung russischst\u00e4mmiger Ukrainer, die unverminderte Korruption, die ausdr\u00fcckliche, von Poroschenko verf\u00fcgte Nichtzulassung deutscher Wahlbeobachter, usw. usf.<\/p>\n<p>Ina Rucks Antwort ist typisch und gibt Einblick in ihr fehlgeleitetes, rein formalistisches Demokratieverst\u00e4ndnis, sie offenbart ihre agitatorische Obsession:<\/p>\n<p style=\"padding-left: 40px;\"><em>&#8230; die Tatsache, dass so kurz vor der Wahl v\u00f6llig offen ist, wer sie gewinnen wird, weil drei Kandidaten fast gleichauf liegen in den Umfragen, dies ist schon ein Zeichen daf\u00fcr, dass es hier doch sehr viel demokratischer vorgeht als z. B. beim Nachbarstaat wie Russland oder Wei\u00dfrussland, da w\u00e4re so etwas nat\u00fcrlich nicht denkbar &#8230;<\/em><\/p>\n<p>Drei Kandidaten mit jeweils nicht einmal 20 Prozent an Zustimmung in den Umfragen: bezeichnenderweise der politisch unerfahrene <a href=\"https:\/\/ukraine-nachrichten.de\/ambivalente-pr%C3%A4sidentschaftskandidatur-wolodymyr-selenskyj_4883\">Komiker Selenski<\/a>, au\u00dferdem die beiden korrupten Milliard\u00e4re Poroschenko und Timoschenko, er und sie Oligarchen, verstrickt in halbkriminelle Patronage-Netzwerke. Ein solches Bewerberfeld als Beleg f\u00fcr demokratische Verh\u00e4ltnisse zu werten, ist deutscher Qualit\u00e4tsjournalismus vom Feinsten.<\/p>\n<p>Zamperonis n\u00e4chste, ausnahmsweise gelungene Frage gilt den Schuldigen des Massakers an\u00a0 mehr als 100 Demonstranten und Polizisten auf dem Maidan und dem Stand des Ermittlungsverfahrens: Wer waren die Heckensch\u00fctzen? Mit ihrer verquasten und auch sprachlich inkompetenten Antwort versucht Ina Ruck aber nur einmal mehr, Russland zu verd\u00e4chtigen. Sie leugnet glattweg l\u00e4ngst Erwiesenes, verkehrt Zeugenaussagen ins Gegenteil und verzerrt den Sachverhalt bis zur Unkenntlichkeit. So f\u00fchrt sie die deutsche \u00d6ffentlichkeit hinters Licht:<\/p>\n<p style=\"padding-left: 40px;\"><em>&#8230; sehr schleppend geht das nur voran, viel zu schleppend, und das hat einige Gr\u00fcnde, z. B. und vor allem, weil es diese gro\u00dfe Anzahl von F\u00e4llen gibt, also die schiere Zahl und dann gibt es nur wenig erfahrene Ermittler und dann, das ist zu verdanken der nicht stattgefundenen Justizreform sitzen noch sehr viele Richter des alten Regimes in vielen Gerichten und haben wenig Interesse an Aufkl\u00e4rung. Die Frage, wer denn eigentlich geschossen hat auf dem Maidan, das ist ja auch l\u00e4ngst eine politische Frage geworden, und das h\u00e4ngt auch damit zusammen, dass Russland vor allem das Narrativ erfolgreich verbreitet, dass vor allem die Opposition geschossen habe, obwohl nat\u00fcrlich alle Indizien in eine ganz andere Richtung zeigen. Es sind ja ein paar , ja wenige Polizisten auf dem Maidan erschossen worden, aber die weitaus meisten Opfer, die meisten Toten gab es unter den Demonstranten &#8230;<\/em><\/p>\n<p>So klingt das peinliche und unsachliche Gestammel einer hochbezahlten\u00a0 Qualit\u00e4tsjournalistin des \u00f6ffentlich-rechtlichen Rundfunks. Ukrainischen Richtern des &#8222;alten Regimes&#8220; die Schuld am Scheitern der Verbrechensaufkl\u00e4rung und Strafverfolgung zuzuweisen, ist an Ignoranz nicht zu \u00fcberbieten. Selbst journalistischen Pfeifen d\u00fcrfte auffallen, dass es in den wenigen bisher angeleierten Prozessen zur juristischen Aufarbeitung des Umsturzes keine &#8222;Richter des alten Regimes&#8220; gab. Ex-Pr\u00e4sident Janukowitsch beispielsweise wurde in Abwesenheit in einem <a href=\"https:\/\/www.nzz.ch\/international\/janukowitsch-unter-anklage-prozess-wegen-hochverrats-ld.1290583\">Schauprozess<\/a> zu 13 Jahren Haft verurteilt.<\/p>\n<p>Das Gegenteil der Ruck-Behauptung w\u00e4re beweisbar: W\u00e4hrend der Amtszeit Poroschenkos wurde der Justizapparat systematisch von unbeugsamen, missliebigen Richtern und Staatsanw\u00e4lten &#8222;ges\u00e4ubert&#8220;. Von Rechtsprechung kann dank des Einflusses der rechten und der faschistischen Ultras auf die Justizverwaltung l\u00e4ngst nicht mehr die Rede sein. Dass allzu t\u00fcchtige und aufkl\u00e4rungswillige Juristen in der ukrainischen Neuzeit keine Chance haben, dazu tr\u00e4gt \u00fcbrigens die EU erheblich bei. Sie hat sich, so fassungslos das auch machen mag, <a href=\"https:\/\/www.sueddeutsche.de\/politik\/ukraine-wo-richter-mitbeeren-und-honig-reich-werden-1.4342729\" target=\"_blank\" rel=\"noopener noreferrer\">sogar ein Veto-Recht<\/a> bei der Besetzung von Richterposten gesichert.<\/p>\n<p>F\u00fcr die Ineffizienz der ukrainischen Strafjustiz sind Poroschenko und seine neonazistischen Hinterm\u00e4nner verantwortlich, nicht &#8222;belastete Richter des alten Systems&#8220;, die Ina Rock herbeifaselt. Verfahren schleppen sich hin, weil immer wieder Angeklagte oder Zeugen und Beweismaterial \u201cabhanden kommen&#8220;. <a href=\"https:\/\/www.heise.de\/tp\/features\/Maidan-Ich-schoss-ihnen-ins-Genick-3378569.html\" target=\"_blank\" rel=\"noopener noreferrer\">Schlimmer noch<\/a>: Bekannte M\u00f6rder unter den Maidan-\u201cK\u00e4mpfern\u201d wurden sogar amnestiert.<\/p>\n<p>Rucks Behauptung, es gebe in den Verfahren keine qualifizierten Ermittler, &#8222;alle Indizien&#8220; zeigten &#8222;nat\u00fcrlich in eine ganz andere Richtung&#8220; ist Quatsch mit So\u00dfe, Produkt ihrer russophoben Fantasie. Sie lenkt mit diesem Schmarren davon ab, dass die Ermittlungsverfahren einfach deshalb nicht vorankommen, weil das neue Regime nicht das geringste Interesse an Aufkl\u00e4rung, hingegen sehr viel zu verbergen hat. In seinem Apparat sitzen Zeitgenossen mit erheblichem Dreck am Stecken.<\/p>\n<p>Der <em>ARD-aktuell<\/em>-Schw\u00e4tzerin ins Stammbuch: Entscheidende kriminaltechnische Beweise f\u00fcr das Massaker am 20. Februar 2014 verschwanden urpl\u00f6tzlich. Dazu geh\u00f6rten Schilde und Helme get\u00f6teter und verwundeter Demonstranten, Kugeln, die den K\u00f6rpern der get\u00f6teten Demonstranten und Polizisten entnommen bzw. in B\u00e4umen, Blumenk\u00e4sten und im Boden gefunden und sichergestellt worden waren. B\u00e4ume mit Kugeln und Einschussl\u00f6chern wurden kurzerhand gef\u00e4llt und damit die Rekonstruktion von Flugbahnen der Geschosse verhindert.<\/p>\n<p>Ein Ballistik-Bericht der Staatsanwaltschaft hatte bereits im Januar 2015 dokumentiert, dass kein einziges der Projektile, das den Leichen der Demonstranten entnommen worden war, aus den Kalaschnikow der Sicherheitspolizei Berkut stammte. Es gab keine \u00dcbereinstimmung mit Kugel-Proben aus den Waffen dieser Spezialtruppe des<em> ancien regime<\/em>. Die Analyse wurde mithilfe eines computergest\u00fctzten Systems zur automatisierten Schusswaffenidentifizierung (IBIS) erstellt und im Gerichtsprozess zwar ver\u00f6ffentlicht, aber die neue ukrainische Regierung und parteiische Medien wie <em>ARD-aktuell <\/em><a href=\"https:\/\/www.solidarwerkstatt.at\/demokratie-politik\/wer-mordete-am-maidan-teil-ii\">ignorierten<\/a> den Report.<\/p>\n<p>Von demokratischen Verh\u00e4ltnissen ist die Urkaine dank des verbrecherischen Wirkens der Transatlantiker in Politik und Medien ebenso weit entfernt wie die <em>ARD-aktuell<\/em> von der Erf\u00fcllung ihrer staatsvertraglichen (= gesetzlichen) Pflicht, sachlich, umfassend und der Wahrheit verpflichtet zu infomieren. Die <em>Tagesschau<\/em>, das &#8222;Flaggschiff der <em>ARD<\/em>&#8220; (Eigenlob) hat nichts Heroisches an sich, sondern ist nur eine blecherne Regierungstr\u00f6te. Jederzeit einer Kanzlerin zu Diensten, die nur so tut, als wolle sie sich nicht in die Pr\u00e4sidentschaftsfrage der Ukraine einmischen. Sie mischt sich m\u00e4chtig ein. Zwar weniger offen und unverfroren als im Fall Venezuela, aber genauso r\u00fccksichtslos. Schmierlappen Petro Poroschenko war ihr Statthalter in Kiew \u2013 <a href=\"https:\/\/www.welt.de\/politik\/deutschland\/article183131434\/Angela-Merkel-in-der-Ukraine-Wo-sich-die-Kanzlerin-noch-gebraucht-fuehlt.htm\" target=\"_blank\" rel=\"noopener noreferrer\">und soll es bleiben<\/a>:<\/p>\n<p>&#8222;Wir haben immer sehr eng zusammengearbeitet. Das ist eine Garantie, dass es auch weitergeht.&#8220;<\/p>\n<p>Lieber Gott, falls es dich gibt, mach ein Ende!<\/p>\n<p style=\"text-align: right;\"><em><u>Das Autoren-Team:<\/u><\/em><\/p>\n<p style=\"text-align: right;\"><em>Friedhelm Klinkhammer, Jahrgang 1944, Jurist. 1975 \u2013 2008 Mitarbeiter des NDR, zeitweise Vorsitzender des NDR-Gesamtpersonalrats und des ver.di-Betriebsverbandes sowie Referent einer Funkhausdirektorin.<\/em><\/p>\n<p style=\"text-align: right;\"><em>Volker Br\u00e4utigam, Jahrgang 1941, Journalist. 1975 \u2013 1996 Mitarbeiter des NDR, zun\u00e4chst in der ARD-Tagesschau, nach 1991 in der NDR-Hauptabteilung Kultur. Danach Lehr- und Forschungsauftrag an der Fu-Jen-Uni Taipeh.<\/em><\/p>\n<p style=\"text-align: right;\"><em>Beide Autoren sind Mitglieder des Beirates des Deutschen Freidenker-Verbandes.<\/em><\/p>\n<hr \/>\n<p><em>RT Deutsch bem\u00fcht sich um ein breites Meinungsspektrum. Gastbeitr\u00e4ge und Meinungsartikel m\u00fcssen nicht die Sichtweise der Redaktion widerspiegeln.<\/em><\/p>\n<hr \/>\n<p><span style=\"font-size: 10pt;\">Bild: Der ukrainische Pr\u00e4sident Petro Poroschenko zeigt bei der M\u00fcnchner Sicherheitskonferenz eine Europaflagge.<\/span><br \/>\n<span style=\"font-size: 10pt;\">Foto: By Kuhlmann\/ MSC, CC BY 3.0 de<\/span><br \/>\n<span style=\"font-size: 10pt;\">Quelle: <a href=\"https:\/\/commons.wikimedia.org\/w\/index.php?curid=66640494\" target=\"_blank\" rel=\"noopener noreferrer\">https:\/\/commons.wikimedia.org\/w\/index.php?curid=66640494<\/a><\/span><\/p>\n<\/div>\n","protected":false},"excerpt":{"rendered":"<p><b>Von Friedhelm Klinkhammer und Volker Br\u00e4utigam<\/b><br \/>\nIn nicht einmal mehr zwei Wochen, am 31. M\u00e4rz, d\u00fcrfen die Ukrainer ihren n\u00e4chsten Pr\u00e4sidenten w\u00e4hlen. Die Aussichten f\u00fcr den erneut kandidierenden Amtsinhaber Petro Poroschenko sind beinah genauso gering wie die Kenntnis des deutschen Durchschnitts-Fernsehzuschauers von den Verh\u00e4ltnissen im osteurop\u00e4ischen Nachbarland. Wer wei\u00df schon, dass im Bewerberfeld auch die Hasspredigerin Timoschenko wieder und der Komiker Selenski erstmalig antreten \u2013 und was das \u00fcber die politische Kultur der Ukraine besagt?<\/p>\n","protected":false},"author":3,"featured_media":6069,"comment_status":"closed","ping_status":"closed","sticky":false,"template":"","format":"standard","meta":{"colormag_page_container_layout":"default_layout","colormag_page_sidebar_layout":"default_layout","advanced_seo_description":"","jetpack_seo_html_title":"","jetpack_seo_noindex":false,"jetpack_post_was_ever_published":false,"footnotes":""},"categories":[12],"tags":[1094,182,638,1111,639,1075],"class_list":["post-6067","post","type-post","status-publish","format-standard","has-post-thumbnail","hentry","category-demokratie-medien-aufklaerung","tag-ard","tag-eu","tag-medienverantwortung","tag-ukraine","tag-ukraine-konflikt","tag-wahl"],"jetpack_featured_media_url":"https:\/\/i0.wp.com\/www.freidenker.org\/fw17\/wp-content\/uploads\/2019\/03\/Poroschenko_EU_800x445.jpg?fit=800%2C445&ssl=1","jetpack_shortlink":"https:\/\/wp.me\/p9stpK-1zR","jetpack-related-posts":[{"id":12930,"url":"https:\/\/www.freidenker.org\/?p=12930","url_meta":{"origin":6067,"position":0},"title":"McTagesschau-Burger, blaugelb verpackt","author":"Webredaktion","date":"29. April 2022","format":false,"excerpt":"Beitrag von Friedhelm Klinkhammer und Volker Br\u00e4utigam Die ARD-Tagesschau hat die meisten Zuschauer. McDonald hat die meisten Besucher. Das Erfolgsrezept: Fastfood. Es macht denkfaul, fett und\u00a0satt. Ist allerdings gesundheitssch\u00e4dlich, mental und physisch. Besonders\u00a0der aktuelle McTagesschau-Billigburger, die antirussische Kriegshetze in blau-gelber Verpackung, ist zum Speien. Das Angebot f\u00fcllt\u00a0aber seit\u00a0Wochen gut die\u2026","rel":"","context":"In &quot;Demokratie \u2013 Medien \u2013 Aufkl\u00e4rung&quot;","block_context":{"text":"Demokratie \u2013 Medien \u2013 Aufkl\u00e4rung","link":"https:\/\/www.freidenker.org\/?cat=12"},"img":{"alt_text":"","src":"https:\/\/i0.wp.com\/www.freidenker.org\/fw17\/wp-content\/uploads\/2022\/04\/hamburger-207295_800x450_v2-1.jpg?fit=800%2C450&ssl=1&resize=350%2C200","width":350,"height":200,"srcset":"https:\/\/i0.wp.com\/www.freidenker.org\/fw17\/wp-content\/uploads\/2022\/04\/hamburger-207295_800x450_v2-1.jpg?fit=800%2C450&ssl=1&resize=350%2C200 1x, https:\/\/i0.wp.com\/www.freidenker.org\/fw17\/wp-content\/uploads\/2022\/04\/hamburger-207295_800x450_v2-1.jpg?fit=800%2C450&ssl=1&resize=525%2C300 1.5x, https:\/\/i0.wp.com\/www.freidenker.org\/fw17\/wp-content\/uploads\/2022\/04\/hamburger-207295_800x450_v2-1.jpg?fit=800%2C450&ssl=1&resize=700%2C400 2x"},"classes":[]},{"id":8457,"url":"https:\/\/www.freidenker.org\/?p=8457","url_meta":{"origin":6067,"position":1},"title":"Neudeutsche Raubz\u00fcge in der Ukraine","author":"Webredaktion","date":"27. Juli 2020","format":false,"excerpt":"Beitrag von Friedhelm Klinkhammer und Volker Br\u00e4utigam Ukraine? Gibt\u00b4s da was? Die umfangreichsten Berichte der Tagesschau \u00fcber den osteurop\u00e4ischen Krisenstaat handeln im Juli von einer glimpflich abgegangenen Geiselnahme im west-ukrainischen Luzk. \u201eUnblutig beendet\u201c, hei\u00dft das in der verluderten Boulevard-Sprache, der sich auch die Redaktion ARD-aktuell bedient. Desinformation und Angebote zur\u2026","rel":"","context":"In &quot;Demokratie \u2013 Medien \u2013 Aufkl\u00e4rung&quot;","block_context":{"text":"Demokratie \u2013 Medien \u2013 Aufkl\u00e4rung","link":"https:\/\/www.freidenker.org\/?cat=12"},"img":{"alt_text":"","src":"https:\/\/i0.wp.com\/www.freidenker.org\/fw17\/wp-content\/uploads\/2020\/07\/selenskyi_pompeo_2020_800x450.jpg?fit=800%2C450&ssl=1&resize=350%2C200","width":350,"height":200,"srcset":"https:\/\/i0.wp.com\/www.freidenker.org\/fw17\/wp-content\/uploads\/2020\/07\/selenskyi_pompeo_2020_800x450.jpg?fit=800%2C450&ssl=1&resize=350%2C200 1x, https:\/\/i0.wp.com\/www.freidenker.org\/fw17\/wp-content\/uploads\/2020\/07\/selenskyi_pompeo_2020_800x450.jpg?fit=800%2C450&ssl=1&resize=525%2C300 1.5x, https:\/\/i0.wp.com\/www.freidenker.org\/fw17\/wp-content\/uploads\/2020\/07\/selenskyi_pompeo_2020_800x450.jpg?fit=800%2C450&ssl=1&resize=700%2C400 2x"},"classes":[]},{"id":9866,"url":"https:\/\/www.freidenker.org\/?p=9866","url_meta":{"origin":6067,"position":2},"title":"Joe Biden im Tagesschau-Weichzeichner","author":"Webredaktion","date":"12. April 2021","format":false,"excerpt":"Beitrag von Friedhelm Klinkhammer und Volker Br\u00e4utigam Tagesschau-Meldung ohne gedankliche Vorleistung: \u201eDer Konflikt um die Ostukraine heizt die Spannungen zwischen den USA und Russland an.\u201c .... Von wem eigentlich die \u201eBerichte\u201c stammen, inwieweit sie zutreffen und welch tats\u00e4chlichem Zweck all das letztlich dient, kl\u00e4rt die Tagesschau nicht. Im Kontext wird\u2026","rel":"","context":"In &quot;Demokratie \u2013 Medien \u2013 Aufkl\u00e4rung&quot;","block_context":{"text":"Demokratie \u2013 Medien \u2013 Aufkl\u00e4rung","link":"https:\/\/www.freidenker.org\/?cat=12"},"img":{"alt_text":"","src":"https:\/\/i0.wp.com\/www.freidenker.org\/fw17\/wp-content\/uploads\/2021\/04\/Biden_weichgezeichnet_800x450.jpg?fit=800%2C450&ssl=1&resize=350%2C200","width":350,"height":200,"srcset":"https:\/\/i0.wp.com\/www.freidenker.org\/fw17\/wp-content\/uploads\/2021\/04\/Biden_weichgezeichnet_800x450.jpg?fit=800%2C450&ssl=1&resize=350%2C200 1x, https:\/\/i0.wp.com\/www.freidenker.org\/fw17\/wp-content\/uploads\/2021\/04\/Biden_weichgezeichnet_800x450.jpg?fit=800%2C450&ssl=1&resize=525%2C300 1.5x, https:\/\/i0.wp.com\/www.freidenker.org\/fw17\/wp-content\/uploads\/2021\/04\/Biden_weichgezeichnet_800x450.jpg?fit=800%2C450&ssl=1&resize=700%2C400 2x"},"classes":[]},{"id":5649,"url":"https:\/\/www.freidenker.org\/?p=5649","url_meta":{"origin":6067,"position":3},"title":"USA k\u00fcndigen INF-Vertrag &#8211; &#8222;die Russen sind an allem schuld&#8220;","author":"Webredaktion","date":"20. Dezember 2018","format":false,"excerpt":"Beitrag von Friedhelm Klinkhammer und Volker Br\u00e4utigam USA und NATO orchestrieren die Gef\u00e4hrdung des Weltfriedens sorgf\u00e4ltig: Kaum nimmt das Kriegspotential in einem Konfliktherd etwas ab \u2013 Beispiele: Libyen, Syrien, Ukraine \u2013 schon liegt an anderer Stelle die Lunte am Pulverfass. Jetzt drohen die USA, den INF-Vertrag \u00fcber das Verbot nuklearer\u2026","rel":"","context":"In &quot;Frieden - Antifaschismus - Solidarit\u00e4t&quot;","block_context":{"text":"Frieden - Antifaschismus - Solidarit\u00e4t","link":"https:\/\/www.freidenker.org\/?cat=13"},"img":{"alt_text":"","src":"https:\/\/i0.wp.com\/www.freidenker.org\/fw17\/wp-content\/uploads\/2018\/12\/usa_russland_coll.jpg?fit=800%2C450&ssl=1&resize=350%2C200","width":350,"height":200,"srcset":"https:\/\/i0.wp.com\/www.freidenker.org\/fw17\/wp-content\/uploads\/2018\/12\/usa_russland_coll.jpg?fit=800%2C450&ssl=1&resize=350%2C200 1x, https:\/\/i0.wp.com\/www.freidenker.org\/fw17\/wp-content\/uploads\/2018\/12\/usa_russland_coll.jpg?fit=800%2C450&ssl=1&resize=525%2C300 1.5x, https:\/\/i0.wp.com\/www.freidenker.org\/fw17\/wp-content\/uploads\/2018\/12\/usa_russland_coll.jpg?fit=800%2C450&ssl=1&resize=700%2C400 2x"},"classes":[]},{"id":12379,"url":"https:\/\/www.freidenker.org\/?p=12379","url_meta":{"origin":6067,"position":4},"title":"Gift und Galle statt k\u00fchler Vernunft und Diplomatie","author":"Webredaktion","date":"4. M\u00e4rz 2022","format":false,"excerpt":"Beitrag von Friedhelm Klinkhammer und Volker Br\u00e4utigam Bundeskanzler Olaf Scholz: \u201e\u2026 Kriegstreibern wie Putin Grenzen zu setzen\u201c. Oppositionsf\u00fchrer Friedrich Merz: \u201e\u2026 endg\u00fcltig und f\u00fcr alle Welt sichtbar ein Kriegsverbrecher \u2026\u201c. Rauschender Beifall im Bundestag. Haben die beiden Schm\u00e4hredner es jemals gewagt, sich in dieser Form \u00fcber US-amerikanische Pr\u00e4sidenten und Kriegsverbrecher\u2026","rel":"","context":"In &quot;Demokratie \u2013 Medien \u2013 Aufkl\u00e4rung&quot;","block_context":{"text":"Demokratie \u2013 Medien \u2013 Aufkl\u00e4rung","link":"https:\/\/www.freidenker.org\/?cat=12"},"img":{"alt_text":"","src":"https:\/\/i0.wp.com\/www.freidenker.org\/fw17\/wp-content\/uploads\/2022\/03\/Soldiers_in_truck_reinforced_with_steel_plates_800x450.jpg?fit=800%2C450&ssl=1&resize=350%2C200","width":350,"height":200,"srcset":"https:\/\/i0.wp.com\/www.freidenker.org\/fw17\/wp-content\/uploads\/2022\/03\/Soldiers_in_truck_reinforced_with_steel_plates_800x450.jpg?fit=800%2C450&ssl=1&resize=350%2C200 1x, https:\/\/i0.wp.com\/www.freidenker.org\/fw17\/wp-content\/uploads\/2022\/03\/Soldiers_in_truck_reinforced_with_steel_plates_800x450.jpg?fit=800%2C450&ssl=1&resize=525%2C300 1.5x, https:\/\/i0.wp.com\/www.freidenker.org\/fw17\/wp-content\/uploads\/2022\/03\/Soldiers_in_truck_reinforced_with_steel_plates_800x450.jpg?fit=800%2C450&ssl=1&resize=700%2C400 2x"},"classes":[]},{"id":13474,"url":"https:\/\/www.freidenker.org\/?p=13474","url_meta":{"origin":6067,"position":5},"title":"Scholz-HiWis polieren Sankt Selenskyjs Scheinheiligen-Schein","author":"Webredaktion","date":"16. Juni 2022","format":false,"excerpt":"Beitrag von Friedhelm Klinkhammer und Volker Br\u00e4utigam Preisfrage: Wann lief die letzte 20-Uhr-Tagesschau ohne Beitrag \u00fcber Ukraines Pr\u00e4sidenten Selenskyj \u2013 albern kost\u00fcmiert in NATO-Oliv, Waffen und Geld fordernd? \u201eSelenskyj\u201c im Suchfeld auf tagesschau.de ergibt f\u00fcr die letzten drei Monate mehr als 1 400 Treffer. Tagesschau.de listet darunter mehr als 500-mal\u2026","rel":"","context":"In &quot;Demokratie \u2013 Medien \u2013 Aufkl\u00e4rung&quot;","block_context":{"text":"Demokratie \u2013 Medien \u2013 Aufkl\u00e4rung","link":"https:\/\/www.freidenker.org\/?cat=12"},"img":{"alt_text":"","src":"https:\/\/i0.wp.com\/www.freidenker.org\/fw17\/wp-content\/uploads\/2022\/06\/Zelensky_Heiliger_800x450.jpg?fit=800%2C450&ssl=1&resize=350%2C200","width":350,"height":200,"srcset":"https:\/\/i0.wp.com\/www.freidenker.org\/fw17\/wp-content\/uploads\/2022\/06\/Zelensky_Heiliger_800x450.jpg?fit=800%2C450&ssl=1&resize=350%2C200 1x, https:\/\/i0.wp.com\/www.freidenker.org\/fw17\/wp-content\/uploads\/2022\/06\/Zelensky_Heiliger_800x450.jpg?fit=800%2C450&ssl=1&resize=525%2C300 1.5x, https:\/\/i0.wp.com\/www.freidenker.org\/fw17\/wp-content\/uploads\/2022\/06\/Zelensky_Heiliger_800x450.jpg?fit=800%2C450&ssl=1&resize=700%2C400 2x"},"classes":[]}],"_links":{"self":[{"href":"https:\/\/www.freidenker.org\/index.php?rest_route=\/wp\/v2\/posts\/6067","targetHints":{"allow":["GET"]}}],"collection":[{"href":"https:\/\/www.freidenker.org\/index.php?rest_route=\/wp\/v2\/posts"}],"about":[{"href":"https:\/\/www.freidenker.org\/index.php?rest_route=\/wp\/v2\/types\/post"}],"author":[{"embeddable":true,"href":"https:\/\/www.freidenker.org\/index.php?rest_route=\/wp\/v2\/users\/3"}],"replies":[{"embeddable":true,"href":"https:\/\/www.freidenker.org\/index.php?rest_route=%2Fwp%2Fv2%2Fcomments&post=6067"}],"version-history":[{"count":0,"href":"https:\/\/www.freidenker.org\/index.php?rest_route=\/wp\/v2\/posts\/6067\/revisions"}],"wp:featuredmedia":[{"embeddable":true,"href":"https:\/\/www.freidenker.org\/index.php?rest_route=\/wp\/v2\/media\/6069"}],"wp:attachment":[{"href":"https:\/\/www.freidenker.org\/index.php?rest_route=%2Fwp%2Fv2%2Fmedia&parent=6067"}],"wp:term":[{"taxonomy":"category","embeddable":true,"href":"https:\/\/www.freidenker.org\/index.php?rest_route=%2Fwp%2Fv2%2Fcategories&post=6067"},{"taxonomy":"post_tag","embeddable":true,"href":"https:\/\/www.freidenker.org\/index.php?rest_route=%2Fwp%2Fv2%2Ftags&post=6067"}],"curies":[{"name":"wp","href":"https:\/\/api.w.org\/{rel}","templated":true}]}}