{"id":5993,"date":"2019-03-06T23:43:50","date_gmt":"2019-03-06T22:43:50","guid":{"rendered":"https:\/\/www.freidenker.org\/?p=5993"},"modified":"2019-04-14T21:59:08","modified_gmt":"2019-04-14T19:59:08","slug":"lisa-fitz-tanz-der-vampire","status":"publish","type":"post","link":"https:\/\/www.freidenker.org\/?p=5993","title":{"rendered":"Lisa Fitz: Tanz der Vampire"},"content":{"rendered":"<h5 class=\"FDCAbsatzErster\">Neuer Song von Lisa Fitz anl\u00e4sslich der SiKO M\u00fcnchen<\/h5>\n<p class=\"FDCAbsatzErster\">Text: Lisa Fitz &amp; Wolfgang Blaschka, Musik: Mubz Beats<\/p>\n<div class=\"jetpack-video-wrapper\"><span class=\"embed-youtube\" style=\"text-align:center; display: block;\"><iframe loading=\"lazy\" class=\"youtube-player\" width=\"800\" height=\"450\" src=\"https:\/\/www.youtube.com\/embed\/d5fGcEL6zIg?version=3&#038;rel=1&#038;showsearch=0&#038;showinfo=1&#038;iv_load_policy=1&#038;fs=1&#038;hl=de-DE&#038;autohide=2&#038;wmode=transparent\" allowfullscreen=\"true\" style=\"border:0;\" sandbox=\"allow-scripts allow-same-origin allow-popups allow-presentation allow-popups-to-escape-sandbox\"><\/iframe><\/span><\/div>\n<p>Am 11.02.2019 ver\u00f6ffentlicht. Direktlink bei You Tube: <a href=\"https:\/\/www.youtube.com\/watch?v=d5fGcEL6zIg\" target=\"_blank\" rel=\"noopener noreferrer\">https:\/\/www.youtube.com\/watch?v=d5fGcEL6zIg<\/a><\/p>\n<p><strong>Einleitungstext von Heiko Schrang (SchrangTV) auf YouTube:<\/strong><\/p>\n<p>Im letzten Jahr sorgte die exklusive Ver\u00f6ffentlichung des Lisa Fitz Songs auf unserem Kanal SchrangTV &#8222;<a href=\"https:\/\/www.freidenker.org\/?p=4537\">Ich sehe was, was du nicht siehst<\/a>&#8220; f\u00fcr gro\u00dfe Kontroversen in den Mainstreammedien. Ihr neuer Song \u201eTanz der Vampire\u201c wird auch wieder exklusiv durch Schrang TV ver\u00f6ffentlicht und ist eine Kampfansage an die M\u00e4chtigen der Welt. Dieses Lied hat das Zeug zum Kultsong des Widerstands zu werden und ich bitte Euch, ihn mit allen Freunden und Bekannten zu teilen.<br \/>\nHelft auch Ihr, die journalistische Unabh\u00e4ngigkeit von SchrangTV sowie den kostenlosen Newsletter langfristig zu sichern.<\/p>\n<p>Nachstehend der Text des Liedes:<\/p>\n<h5>TANZ DER VAMPIRE<\/h5>\n<p><strong>Zur j\u00e4hrlichen &#8222;Sicherheitskonferenz&#8220; in M\u00fcnchen<\/strong><\/p>\n<p>1. Im Bayrischen Hof tobt ein Maskenball von Vampiren, die unsichtbar sind.<br \/>\nDie Spiegel im Saal reflektieren nicht mal, dabei sind sie doch l\u00e4ngst noch nicht blind.<br \/>\nIst alles vom Feinsten, gebohnert, gewischt, entwanzt und gesichert in Hast.<br \/>\nDes Abends wird schlie\u00dflich gro\u00df aufgetischt, reichlich Staatshaushalts-Gelder verprasst.<br \/>\nDer Welt-Kriegselite geb\u00fchrt ein Spalier bei Kaviar, Sekt und Champagner und Bier,<br \/>\nSie feiert sich selbst, und das \u00fcber Geb\u00fchr als Drohung zum n\u00e4chsten Krieg \u2013 bis um Vier:<\/p>\n<p>F\u00fcr Folterherren und Kriegsverbrecher, Waffenh\u00e4ndler und Lobby-Sprecher<br \/>\nMilit\u00e4rs und Kriegsminister, spinnefeind, doch wie Geschwister,<br \/>\nAnti-Terror- Polizisten, selber Terrorspezialisten.<br \/>\nUnd als Sahneh\u00e4ubchen drin: GroKo-Kriegsministerin!<\/p>\n<p>2. Sie sehen die Welt mit dem Falkenblick als ihr eigens verwanztes Haus.<br \/>\nSie tagen und tragen mit gro\u00dfem Geschick die Revierk\u00e4mpfe freundschaftlich aus.<br \/>\nDie Weltpresse knipst, schreibt bereitwillig mit, das Fernsehen erfasst aber \u2013NICHTS&#8230;puh!<br \/>\nDie Z\u00e4hne voll Blut gl\u00e4nzen wie Aspik in den Mundwinkeln ihres Gesichts.<br \/>\nDie Welt-Lausch-Elite, die findet sich hier bei Kaviar, Sekt und Champagner und Bier.<br \/>\nSie feiert ihr neuestes No-Spy-Papier, den Freibrief zum Datenklau \u2013 bis um Vier:<\/p>\n<p>F\u00fcr BND- und NSA-ler, Schn\u00fcffler, Cyber-Angriffs-Mailer<br \/>\ndigitale Passwort-Knacker, die vitalen Brief- Einsacker,<br \/>\nMetadaten-Analysten, Krypto-Botschafts-Dekodisten.<br \/>\nUnd als Spitze mittendrin: Drohnen-Kriegsministerin!<\/p>\n<p>3. Danach geht es gleich noch zum Stehempfang, den die Stadtspitze gerne spendiert,<br \/>\nDa stochert, was Namen hat &#8211; oder Rang in die Handys, dass nichts hier passiert&#8230;<br \/>\nMan plaudert gesch\u00e4ftig gesch\u00e4ftlich, privat und nimmt noch Kaffee oder Tee&#8230;.<br \/>\nund wei\u00df sich so manchen technischen Rat beim Dessert im Geheim-Separee.<br \/>\nDie Welt-Mords-Elite, die tummelt sich hier bei Kaviar, Sekt und Champagner und Bier.<br \/>\nSie feiert der Drohnen untr\u00fcglich&#8216; Gesp\u00fcr im Fliegen zum Terror-Sieg \u2013 bis um Vier:<\/p>\n<p>F\u00fcr Info-Schnaken, Daten-Kraken, die noch nie vor was erschraken,<br \/>\nAlgorithmen-Programmierer, Alles-was-sie-woll&#8217;n-Kopierer,<br \/>\nmiese Spitzel unter Tarnung mit Trojanern ohne Warnung.<br \/>\nUnd als Urschel mittendrin lacht die Kriegsministerin! Ha ha ha&#8230;<\/p>\n<p>Am Tag schon darauf sind sie wieder fort, eh die Morgenstund&#8216; ihnen noch schlug,<br \/>\ndroh&#8217;n abermals Drohnen an ander&#8217;m Ort, wandert rund um die Welt dieser Spuk.<br \/>\nSie haben ihr Blutbad mit L\u00fcgen verkauft: &#8222;Ressourcenkrieg&#8220; ist doch kein Wort!<br \/>\nAuf \u201ehumanit\u00e4re Aktion\u201c getauft akzeptiert man doch eher den Mord.<br \/>\nDie Welt-Kriegs-Elite ist weltweit vakant, sieht sich schm\u00e4hlich von Snowden verkannt:<br \/>\n&#8222;Wir woll&#8217;n doch nur freundschaftlich wissen, verdammt, wer sein Handy verschlampt hat im Kanzleramt.&#8220;<\/p>\n<p>Wir Abschaum, Kapital-Verbrecher, Weltverheerer, Knochenbrecher,<br \/>\nRichter, Henker, Waffenlenker, Friedens-Feinde, Rechts-Verrenker,<br \/>\nKriegsherrn, Gegen-Terroristen, Waterboarding-Spezialisten.<br \/>\nUnd als Kr\u00f6nung mittendrin: die Leyen-Kriegsministerin!<br \/>\nDie Kriegsministerin\u2026 die Kriegsministerin!<\/p>\n<p>(c) Lisa Fitz 2019<\/p>\n<p style=\"text-align: right;\"><em>Lisa Fitz ist Mitglied des Beirates des Deutschen Freidenker-Verbandes<\/em><\/p>\n<p>Weitere Informationen zu Lisa Fitz:<br \/>\n<a href=\"https:\/\/www.lisa-fitz.de\/\" target=\"_blank\" rel=\"noopener noreferrer\">https:\/\/www.lisa-fitz.de\/<\/a><br \/>\n<a href=\"http:\/\/www.heidrunabels.de\/kuenstler\/lisa-fitz\/\" target=\"_blank\" rel=\"noopener noreferrer\">http:\/\/www.heidrunabels.de\/kuenstler\/lisa-fitz\/<\/a><\/p>\n<hr \/>\n<p>Bild oben: Screenshot aus dem <a href=\"https:\/\/www.youtube.com\/watch?v=d5fGcEL6zIg\" target=\"_blank\" rel=\"noopener noreferrer\">Video bei YouTube<\/a><\/p>\n","protected":false},"excerpt":{"rendered":"<p><b>Neuer Song von Lisa Fitz anl\u00e4sslich der SiKO M\u00fcnchen. <\/b><br \/>\nIm Bayrischen Hof tobt ein Maskenball von Vampiren, die unsichtbar sind. Die Spiegel im Saal reflektieren nicht mal, dabei sind sie doch l\u00e4ngst noch nicht blind. Ist alles vom Feinsten, gebohnert, gewischt, entwanzt und gesichert in Hast. Des Abends wird schlie\u00dflich gro\u00df aufgetischt, reichlich Staatshaushalts-Gelder verprasst. Der Welt-Kriegselite geb\u00fchrt ein Spalier bei Kaviar, Sekt und Champagner und Bier, Sie feiert sich selbst, und das \u00fcber Geb\u00fchr als Drohung zum n\u00e4chsten Krieg \u2013 bis um Vier &#8230;<\/p>\n","protected":false},"author":3,"featured_media":5994,"comment_status":"closed","ping_status":"closed","sticky":false,"template":"","format":"standard","meta":{"colormag_page_container_layout":"default_layout","colormag_page_sidebar_layout":"default_layout","advanced_seo_description":"","jetpack_seo_html_title":"","jetpack_seo_noindex":false,"jetpack_post_was_ever_published":false,"footnotes":""},"categories":[12,913],"tags":[211,942,941,834,825],"class_list":["post-5993","post","type-post","status-publish","format-standard","has-post-thumbnail","hentry","category-demokratie-medien-aufklaerung","category-kultur-kunst","tag-aufklaerung","tag-kabarett","tag-lisa-fitz","tag-nato-sicherheitskonferenz","tag-politisches-lied"],"jetpack_featured_media_url":"https:\/\/i0.wp.com\/www.freidenker.org\/fw17\/wp-content\/uploads\/2019\/03\/Tanz_der_Vampire_800x445.jpg?fit=800%2C445&ssl=1","jetpack_shortlink":"https:\/\/wp.me\/p9stpK-1yF","jetpack-related-posts":[{"id":15476,"url":"https:\/\/www.freidenker.org\/?p=15476","url_meta":{"origin":5993,"position":0},"title":"Lisa Fitz &#8211; Bin Ich Rechts??","author":"Webredaktion","date":"12. M\u00e4rz 2023","format":false,"excerpt":"Zweiteiliges Video von Lisa Fitz So, der Karneval ist vorbei, Gott sei Dank. Annalena hat den Faschingsdings gekriegt, wider den tierischen Ernst. Dass man den auch f\u00fcr unfreiwillige Komik bekommt, wusste ich nicht?! Aber\u2026 Mann, war ich erleichtert! Jetzt ist klar, dass sie den Krampf, den sie redet, gar nicht\u2026","rel":"","context":"In &quot;Demokratie \u2013 Medien \u2013 Aufkl\u00e4rung&quot;","block_context":{"text":"Demokratie \u2013 Medien \u2013 Aufkl\u00e4rung","link":"https:\/\/www.freidenker.org\/?cat=12"},"img":{"alt_text":"","src":"https:\/\/i0.wp.com\/www.freidenker.org\/fw17\/wp-content\/uploads\/2023\/03\/lisa_fitz_binichrechts_3_800x450.jpg?fit=800%2C450&ssl=1&resize=350%2C200","width":350,"height":200,"srcset":"https:\/\/i0.wp.com\/www.freidenker.org\/fw17\/wp-content\/uploads\/2023\/03\/lisa_fitz_binichrechts_3_800x450.jpg?fit=800%2C450&ssl=1&resize=350%2C200 1x, https:\/\/i0.wp.com\/www.freidenker.org\/fw17\/wp-content\/uploads\/2023\/03\/lisa_fitz_binichrechts_3_800x450.jpg?fit=800%2C450&ssl=1&resize=525%2C300 1.5x, https:\/\/i0.wp.com\/www.freidenker.org\/fw17\/wp-content\/uploads\/2023\/03\/lisa_fitz_binichrechts_3_800x450.jpg?fit=800%2C450&ssl=1&resize=700%2C400 2x"},"classes":[]},{"id":19503,"url":"https:\/\/www.freidenker.org\/?p=19503","url_meta":{"origin":5993,"position":1},"title":"Lisa Fitz \u2013 S\u00f6der, Demokratie &#038; Wahrheit","author":"Webredaktion","date":"15. Juli 2024","format":false,"excerpt":"Video von\u00a0Lisa Fitz Ich begr\u00fc\u00dfe euch zu einem neuen Video auf den NachDenkSeiten. Heute geht\u2019s um die Demokratie, um die Wahrheitssuche und den Markus S\u00f6der. Viel Vergn\u00fcgen. Bis zum Schluss dranbleiben.","rel":"","context":"In &quot;Demokratie \u2013 Medien \u2013 Aufkl\u00e4rung&quot;","block_context":{"text":"Demokratie \u2013 Medien \u2013 Aufkl\u00e4rung","link":"https:\/\/www.freidenker.org\/?cat=12"},"img":{"alt_text":"","src":"https:\/\/i0.wp.com\/www.freidenker.org\/fw17\/wp-content\/uploads\/2024\/07\/Lisa_Fitz_Soeder_800x450.jpg?fit=800%2C450&ssl=1&resize=350%2C200","width":350,"height":200,"srcset":"https:\/\/i0.wp.com\/www.freidenker.org\/fw17\/wp-content\/uploads\/2024\/07\/Lisa_Fitz_Soeder_800x450.jpg?fit=800%2C450&ssl=1&resize=350%2C200 1x, https:\/\/i0.wp.com\/www.freidenker.org\/fw17\/wp-content\/uploads\/2024\/07\/Lisa_Fitz_Soeder_800x450.jpg?fit=800%2C450&ssl=1&resize=525%2C300 1.5x, https:\/\/i0.wp.com\/www.freidenker.org\/fw17\/wp-content\/uploads\/2024\/07\/Lisa_Fitz_Soeder_800x450.jpg?fit=800%2C450&ssl=1&resize=700%2C400 2x"},"classes":[]},{"id":20189,"url":"https:\/\/www.freidenker.org\/?p=20189","url_meta":{"origin":5993,"position":2},"title":"Lisa Fitz: Die Anti-Deutschen","author":"Webredaktion","date":"2. November 2024","format":false,"excerpt":"Video von\u00a0Lisa Fitz Heute berichte ich euch \u00fcber die Antideutschen und sag\u2019 meine Meinung zu den Wahlen in Th\u00fcringen und Sachsen. Aber das kommt erst ab Minute 8 oder so \u2013 also bitte dranbleiben!","rel":"","context":"In &quot;Demokratie \u2013 Medien \u2013 Aufkl\u00e4rung&quot;","block_context":{"text":"Demokratie \u2013 Medien \u2013 Aufkl\u00e4rung","link":"https:\/\/www.freidenker.org\/?cat=12"},"img":{"alt_text":"","src":"https:\/\/i0.wp.com\/www.freidenker.org\/fw17\/wp-content\/uploads\/2024\/11\/Fitz_Antideutsche_800x450.jpg?fit=800%2C450&ssl=1&resize=350%2C200","width":350,"height":200,"srcset":"https:\/\/i0.wp.com\/www.freidenker.org\/fw17\/wp-content\/uploads\/2024\/11\/Fitz_Antideutsche_800x450.jpg?fit=800%2C450&ssl=1&resize=350%2C200 1x, https:\/\/i0.wp.com\/www.freidenker.org\/fw17\/wp-content\/uploads\/2024\/11\/Fitz_Antideutsche_800x450.jpg?fit=800%2C450&ssl=1&resize=525%2C300 1.5x, https:\/\/i0.wp.com\/www.freidenker.org\/fw17\/wp-content\/uploads\/2024\/11\/Fitz_Antideutsche_800x450.jpg?fit=800%2C450&ssl=1&resize=700%2C400 2x"},"classes":[]},{"id":22422,"url":"https:\/\/www.freidenker.org\/?p=22422","url_meta":{"origin":5993,"position":3},"title":"Lisa Fitz \u2013 Die Wehrpflicht kommt zur\u00fcck","author":"Webredaktion","date":"21. Juli 2025","format":false,"excerpt":"Video von\u00a0Lisa Fitz Man munkelt, die Wehrpflicht soll zur\u00fcckkommen. Ja! Stramm gesessen und zugeh\u00f6rt! Jetzt frage ich Sie \u2026 f\u00fcr einen Freund. Wohin denn? Wie denn? Wo laufen Sie denn \u2026? Keine Kasernen, keine Kreiswehrersatz\u00e4mter, null Ausbilder \u2026 Was aber in Massen vorhanden ist, sind Pinguine, Berater mit Krawatten und\u2026","rel":"","context":"In &quot;Demokratie \u2013 Medien \u2013 Aufkl\u00e4rung&quot;","block_context":{"text":"Demokratie \u2013 Medien \u2013 Aufkl\u00e4rung","link":"https:\/\/www.freidenker.org\/?cat=12"},"img":{"alt_text":"","src":"https:\/\/i0.wp.com\/www.freidenker.org\/fw17\/wp-content\/uploads\/2025\/07\/lisa_fitz_wehrpflicht_800x450.jpg?fit=800%2C450&ssl=1&resize=350%2C200","width":350,"height":200,"srcset":"https:\/\/i0.wp.com\/www.freidenker.org\/fw17\/wp-content\/uploads\/2025\/07\/lisa_fitz_wehrpflicht_800x450.jpg?fit=800%2C450&ssl=1&resize=350%2C200 1x, https:\/\/i0.wp.com\/www.freidenker.org\/fw17\/wp-content\/uploads\/2025\/07\/lisa_fitz_wehrpflicht_800x450.jpg?fit=800%2C450&ssl=1&resize=525%2C300 1.5x, https:\/\/i0.wp.com\/www.freidenker.org\/fw17\/wp-content\/uploads\/2025\/07\/lisa_fitz_wehrpflicht_800x450.jpg?fit=800%2C450&ssl=1&resize=700%2C400 2x"},"classes":[]},{"id":18514,"url":"https:\/\/www.freidenker.org\/?p=18514","url_meta":{"origin":5993,"position":4},"title":"Lisa Fitz &#8211; Politiker au\u00dfer Rand und Band","author":"Webredaktion","date":"9. M\u00e4rz 2024","format":false,"excerpt":"Video von\u00a0Lisa Fitz In ihrem neuen St\u00fcck f\u00fcr die NachDenkSeiten besch\u00e4ftigt sich Lisa Fitz mit Verbalinjurien und sonstigen Ausf\u00e4llen, mit Cholerikern, P\u00f6beleien im Bundestag und mit sogenannten \u201eEmotionsdilettanten\u201c. Statt Contenance zu wahren, bes\u00e4\u00dfen manche nur emotionale Inkontinenz. Teilweise hat diese Unart in j\u00fcngster Zeit auch sie selbst betroffen. Lisa Fitz\u2026","rel":"","context":"In &quot;Demokratie \u2013 Medien \u2013 Aufkl\u00e4rung&quot;","block_context":{"text":"Demokratie \u2013 Medien \u2013 Aufkl\u00e4rung","link":"https:\/\/www.freidenker.org\/?cat=12"},"img":{"alt_text":"","src":"https:\/\/i0.wp.com\/www.freidenker.org\/fw17\/wp-content\/uploads\/2024\/03\/Lisa_Fitz_Politiker_ausser_Rand_und_Band_800x450.jpg?fit=800%2C450&ssl=1&resize=350%2C200","width":350,"height":200,"srcset":"https:\/\/i0.wp.com\/www.freidenker.org\/fw17\/wp-content\/uploads\/2024\/03\/Lisa_Fitz_Politiker_ausser_Rand_und_Band_800x450.jpg?fit=800%2C450&ssl=1&resize=350%2C200 1x, https:\/\/i0.wp.com\/www.freidenker.org\/fw17\/wp-content\/uploads\/2024\/03\/Lisa_Fitz_Politiker_ausser_Rand_und_Band_800x450.jpg?fit=800%2C450&ssl=1&resize=525%2C300 1.5x, https:\/\/i0.wp.com\/www.freidenker.org\/fw17\/wp-content\/uploads\/2024\/03\/Lisa_Fitz_Politiker_ausser_Rand_und_Band_800x450.jpg?fit=800%2C450&ssl=1&resize=700%2C400 2x"},"classes":[]},{"id":4537,"url":"https:\/\/www.freidenker.org\/?p=4537","url_meta":{"origin":5993,"position":5},"title":"Lisa Fitz: Ich sehe was, was Du nicht siehst","author":"Webredaktion","date":"17. Februar 2018","format":false,"excerpt":"Die bekannte M\u00fcnchener Kabarettistin Lisa Fitz, Mitglied des Beirates des Deutschen Freidenker-Verbandes, hat ihr neues Lied \"Ich sehe was, was Du nicht siehst\" ver\u00f6ffentlicht: Das Lied ist Teil ihres neuen Programms \"Fl\u00fcsterwitz\". ... Den Fl\u00fcsterwitz erz\u00e4hlt man hinter vorgehaltener Hand. Er k\u00f6nnte Menschen in H\u00f6rweite beleidigen, sensible Damenohren kr\u00e4nken oder\u2026","rel":"","context":"In &quot;Demokratie \u2013 Medien \u2013 Aufkl\u00e4rung&quot;","block_context":{"text":"Demokratie \u2013 Medien \u2013 Aufkl\u00e4rung","link":"https:\/\/www.freidenker.org\/?cat=12"},"img":{"alt_text":"","src":"https:\/\/i0.wp.com\/www.freidenker.org\/fw17\/wp-content\/uploads\/2018\/02\/Lisa_Fitz_Fluesterwitz_1.jpg?fit=800%2C445&ssl=1&resize=350%2C200","width":350,"height":200,"srcset":"https:\/\/i0.wp.com\/www.freidenker.org\/fw17\/wp-content\/uploads\/2018\/02\/Lisa_Fitz_Fluesterwitz_1.jpg?fit=800%2C445&ssl=1&resize=350%2C200 1x, https:\/\/i0.wp.com\/www.freidenker.org\/fw17\/wp-content\/uploads\/2018\/02\/Lisa_Fitz_Fluesterwitz_1.jpg?fit=800%2C445&ssl=1&resize=525%2C300 1.5x, https:\/\/i0.wp.com\/www.freidenker.org\/fw17\/wp-content\/uploads\/2018\/02\/Lisa_Fitz_Fluesterwitz_1.jpg?fit=800%2C445&ssl=1&resize=700%2C400 2x"},"classes":[]}],"_links":{"self":[{"href":"https:\/\/www.freidenker.org\/index.php?rest_route=\/wp\/v2\/posts\/5993","targetHints":{"allow":["GET"]}}],"collection":[{"href":"https:\/\/www.freidenker.org\/index.php?rest_route=\/wp\/v2\/posts"}],"about":[{"href":"https:\/\/www.freidenker.org\/index.php?rest_route=\/wp\/v2\/types\/post"}],"author":[{"embeddable":true,"href":"https:\/\/www.freidenker.org\/index.php?rest_route=\/wp\/v2\/users\/3"}],"replies":[{"embeddable":true,"href":"https:\/\/www.freidenker.org\/index.php?rest_route=%2Fwp%2Fv2%2Fcomments&post=5993"}],"version-history":[{"count":0,"href":"https:\/\/www.freidenker.org\/index.php?rest_route=\/wp\/v2\/posts\/5993\/revisions"}],"wp:featuredmedia":[{"embeddable":true,"href":"https:\/\/www.freidenker.org\/index.php?rest_route=\/wp\/v2\/media\/5994"}],"wp:attachment":[{"href":"https:\/\/www.freidenker.org\/index.php?rest_route=%2Fwp%2Fv2%2Fmedia&parent=5993"}],"wp:term":[{"taxonomy":"category","embeddable":true,"href":"https:\/\/www.freidenker.org\/index.php?rest_route=%2Fwp%2Fv2%2Fcategories&post=5993"},{"taxonomy":"post_tag","embeddable":true,"href":"https:\/\/www.freidenker.org\/index.php?rest_route=%2Fwp%2Fv2%2Ftags&post=5993"}],"curies":[{"name":"wp","href":"https:\/\/api.w.org\/{rel}","templated":true}]}}