{"id":5874,"date":"2019-02-13T13:00:16","date_gmt":"2019-02-13T12:00:16","guid":{"rendered":"https:\/\/www.freidenker.org\/?p=5874"},"modified":"2019-02-26T00:04:14","modified_gmt":"2019-02-25T23:04:14","slug":"protest-aufruf-gegen-die-muenchner-sicherheitskonferenz","status":"publish","type":"post","link":"https:\/\/www.freidenker.org\/?p=5874","title":{"rendered":"Protest-Aufruf gegen die M\u00fcnchner Sicherheitskonferenz"},"content":{"rendered":"<p>Der Deutsche Freidenker-Verband unterst\u00fctzt die Proteste gegen die M\u00fcnchner &#8222;Sicherheitskonferenz&#8220; und ruft alle zur Teilnahme an diesen Protesten auf. Kommt alle!<\/p>\n<p><img data-recalc-dims=\"1\" loading=\"lazy\" decoding=\"async\" data-attachment-id=\"1076\" data-permalink=\"https:\/\/www.freidenker.org\/?attachment_id=1076\" data-orig-file=\"https:\/\/i0.wp.com\/www.freidenker.org\/fw17\/wp-content\/uploads\/2017\/10\/pdf_icon-2.png?fit=32%2C32&amp;ssl=1\" data-orig-size=\"32,32\" data-comments-opened=\"0\" data-image-meta=\"{&quot;aperture&quot;:&quot;0&quot;,&quot;credit&quot;:&quot;&quot;,&quot;camera&quot;:&quot;&quot;,&quot;caption&quot;:&quot;&quot;,&quot;created_timestamp&quot;:&quot;0&quot;,&quot;copyright&quot;:&quot;&quot;,&quot;focal_length&quot;:&quot;0&quot;,&quot;iso&quot;:&quot;0&quot;,&quot;shutter_speed&quot;:&quot;0&quot;,&quot;title&quot;:&quot;&quot;,&quot;orientation&quot;:&quot;0&quot;}\" data-image-title=\"pdf_icon\" data-image-description=\"\" data-image-caption=\"\" data-large-file=\"https:\/\/i0.wp.com\/www.freidenker.org\/fw17\/wp-content\/uploads\/2017\/10\/pdf_icon-2.png?fit=32%2C32&amp;ssl=1\" class=\"alignnone size-full wp-image-1076\" src=\"https:\/\/i0.wp.com\/www.freidenker.org\/fw17\/wp-content\/uploads\/2017\/10\/pdf_icon-2.png?resize=32%2C32&#038;ssl=1\" alt=\"\" width=\"32\" height=\"32\" \/> <a href=\"https:\/\/www.antisiko.de\/wp-content\/uploads\/2018\/12\/antisiko.2019_aufruf.pdf\" target=\"_blank\" rel=\"noopener\">Protestaufruf 2019 als PDF-Dokument (externer Link)<\/a><\/p>\n<hr \/>\n<p>Vom 15.-17. Februar 2019 findet in M\u00fcnchen die \u201eSicherheitskonferenz\u201c (SIKO) statt. Und Sicherheit k\u00f6nnten wir gut gebrauchen: Die Sicherheit, dass wir uns morgen noch unsere Miete leisten k\u00f6nnen, dass es keinen Krieg gibt und unsere Umwelt nicht den Bach heruntergeht. Aber um all das geht es bei der SIKO nicht.<\/p>\n<h4>Was ist die SIKO?<\/h4>\n<p>Es treffen sich Staats- und Regierungschefs mit Vertreter*innen aus Milit\u00e4r, Wirtschaft und R\u00fcstungsindustrie, vorwiegend aus NATO-Staaten. Sie tagen im Bayerischen Hof \u2013 angeblich, um \u201eeinen Beitrag zur internationalen Sicherheit\u201c zu leisten. Tats\u00e4chlich geht es um die Rechtfertigung der NATO, ihrer R\u00fcstungsausgaben und Kriegseins\u00e4tze, die uns als \u201ehumanit\u00e4re Interventionen\u201c verkauft werden.<\/p>\n<h4>Um welche Sicherheit sollte es gehen?<\/h4>\n<p>H\u00e4tten alle Menschen genug zu essen, ein Dach \u00fcber dem Kopf, Zugang zu \u00e4rztlicher Versorgung, Bildung und existenzsichernder Arbeit, w\u00e4re das ein Beitrag zur Bek\u00e4mpfung von Terrorismus und Fluchtursachen. M\u00f6glich w\u00e4re das. Aber um soziale Sicherheit, um Sicherheit f\u00fcr uns alle geht es den NATO-Strategen auf der SIKO nicht.<br \/>\nStattdessen wollen sie die Vormachtstellung des \u201eWestens\u201c und das kapitalistische Wirtschaftssystem, das auf Ausbeutung basiert, mit milit\u00e4rischer St\u00e4rke sichern. Daf\u00fcr erh\u00f6hen sie die Milit\u00e4rausgaben, kaufen Killerdrohnen und perfektionieren ihr Atomwaffenarsenal. Zwei Drittel der weltweiten R\u00fcstungsausgaben von 1739 Milliarden Dollar in 2017 entfielen auf die NATO und mit ihnen kooperierende Staaten.<\/p>\n<p>Kurdistan, Jemen, Mali, Afghanistan, Irak, Syrien. Die Liste der L\u00e4nder, in denen NATO-Staaten Kriege f\u00fchren oder unterst\u00fctzen, ist lang. Sie st\u00fctzen Regime, die ihnen Zugang zu Rohstoffen garantieren, und nehmen dabei B\u00fcrgerkriege wie z.B. im Kongo in Kauf. Mit ihren Milit\u00e4reins\u00e4tzen sichern sie die Profite gro\u00dfer Konzerne, deren Zugang zu Absatzm\u00e4rkten und die \u201eNachfrage\u201c nach Waffen. Durch diese Kriege werden die Lebensgrundlagen und damit jegliche soziale Sicherheit in den betroffenen Regionen zerst\u00f6rt und hunderttausende Zivilisten get\u00f6tet.<\/p>\n<p>Wir, die Menschen aller L\u00e4nder, haben an solchen Kriegen kein Interesse. Wenn wir uns zusammentun, haben wir die Kraft, sie zu verhindern. Vor hundert Jahren hat die Weigerung der Kieler Matrosen, ihr Leben f\u00fcr Kaiser und Kapital zu geben, das Ende des ersten Weltkrieges eingeleitet. Heute weigern wir uns: Wir wollen kein nukleares Wettr\u00fcsten und wir wollen keine Kriege in unserem Namen. Was wir erarbeiten, soll nicht in R\u00fcstung und Milit\u00e4r flie\u00dfen, sondern in ein besseres Leben \u2013 f\u00fcr uns alle.<\/p>\n<p>Statt eines milit\u00e4rischen B\u00fcndnisses, das nur im Rahmen milit\u00e4rischen Denkens agieren kann, brauchen wir eine globale Protestbewegung, die die Regierenden zu Abr\u00fcstung, R\u00fcstungskontrollen, einer fairen Handelspolitik und zur Einhaltung der Charta der Vereinten Nationen zwingt.<\/p>\n<p><strong>Daher richtet sich unser Protest gegen die NATO.<\/strong><br \/>\n<strong>Deren Sicherheit ist nicht unsere Sicherheit.<\/strong><\/p>\n<h4>Welche Rolle spielt dabei die Bundesrepublik?<\/h4>\n<p><strong>Deutschland ist an aktuellen Kriegen und Kriegsvorbereitungen beteiligt <\/strong><br \/>\nDie Bundesregierung will die Milit\u00e4rausgaben bis 2024 auf \u00fcber 80 Milliarden EURO verdoppeln. Das w\u00e4ren 20% des Bundeshaushalts. Diese Milliarden sollten in Arbeitslosenhilfe, bezahlbare Wohnungen oder in das Bildungs- und Gesundheitswesen flie\u00dfen.<\/p>\n<p>Aktuell ist die Bundeswehr an 14 Auslandseins\u00e4tzen beteiligt. Zudem ist Deutschland die Drehscheibe f\u00fcr den v\u00f6lkerrechtswidrigen Drohnenkrieg der USA.<\/p>\n<p><strong>Die Bundesregierung boykottiert ein Verbot aller Atomwaffen<\/strong><br \/>\nZwei Drittel der UN-Mitgliedsstaaten haben einen Atomwaffenverbotsantrag beschlossen. Das wollen auch 90% der Bev\u00f6lkerung in Deutschland. Aber die Bundesregierung h\u00e4lt an der Stationierung von Atomwaffen auf deutschem Boden fest. Sie weigert sich, dem Atomwaffenverbotsvertrag beizutreten.<\/p>\n<p>Dabei droht ein neues atomares Wettr\u00fcsten: Donald Trump hat angek\u00fcndigt, aus dem INF-Vertrag aussteigen zu wollen. Der INF-Vertrag verbietet die Entwicklung und den Besitz von landgest\u00fctzten Nuklearraketen mit kurzer und mittlerer Reichweite. Mit einem Ausstieg w\u00fcrde sich die Gefahr eines Atomkrieges massiv erh\u00f6hen.<\/p>\n<p><strong>Deutschland bewaffnet Despoten und liefert Kriegswaffen in alle Welt<\/strong><br \/>\nDeutsche R\u00fcstungskonzerne verdienen Milliarden mit Waffenexporten in Krisenregionen. Die T\u00fcrkei f\u00fchrt mit deutschen Waffen Krieg gegen die kurdische Bev\u00f6lkerung. Damit wird die Bundesregierung, zugunsten der eigenen wirtschaftlichen und strategischen Interessen, zur Komplizin des Erdogan-Regimes bei der brutalen Unterdr\u00fcckung der Kurd*innen. Werte wie Menschenrechte, Demokratie und Gleichberechtigung werden mit F\u00fc\u00dfen getreten.<\/p>\n<p>Eine von Saudi-Arabien gef\u00fchrte Koalition mordet im Jemen auch mit deutschen Waffen. Dort sind inzwischen drei von vier Menschen auf Hilfslieferungen angewiesen, Millionen sind vom Hungertod bedroht.<\/p>\n<h4>Wer sind wir?<\/h4>\n<p>Unser Aktionsb\u00fcndnis ist Teil der weltweiten Bewegung f\u00fcr Gerechtigkeit und Frieden. Wir lehnen jede milit\u00e4rische Drohung und jeden Angriffskrieg ab, auch von Staaten au\u00dferhalb des westlichen B\u00fcndnissystems. Unser Protest richtet sich in erster Linie gegen die Bundesregierung, die sich im Rahmen der NATO an v\u00f6lkerrechtswidrigen Angriffskriegen beteiligt. Mit der NATO wird es keine friedliche, gerechte und solidarische Welt geben. Eine solche Welt ist aber n\u00f6tig und m\u00f6glich! Lasst uns gemeinsam daf\u00fcr aktiv werden.<\/p>\n<h4>Geht mit uns auf die Stra\u00dfe<\/h4>\n<ul>\n<li>f\u00fcr Abr\u00fcstung statt Aufr\u00fcstung. K\u00fcrzung des Milit\u00e4retats.<\/li>\n<li>f\u00fcr Solidarit\u00e4t mit Gefl\u00fcchteten. Fluchtgr\u00fcnde beseitigen, nicht verursachen.<\/li>\n<li>gegen Auslandseins\u00e4tze der Bundeswehr. Keine Bundeswehreins\u00e4tze im Innern.<\/li>\n<li>f\u00fcr eine Welt ohne Milit\u00e4r, somit auch ohne Bundeswehr.<\/li>\n<li>gegen R\u00fcstungsexporte, insbesondere an kriegsf\u00fchrende Staaten. Verbot der Lizenzvergabe und der Verlagerung von R\u00fcstungsfirmen ins Ausland.<\/li>\n<li>gegen die Produktion von Kriegswaffen. Sozialvertr\u00e4gliche Umstellung auf die Produktion ziviler G\u00fcter.<\/li>\n<li>f\u00fcr den Beitritt zum UN-Atomwaffenverbotsvertrag. Atomwaffen raus aus Deutschland.<\/li>\n<li>gegen den st\u00e4ndigen Bruch des V\u00f6lkerrechts. Keine Beteiligung an Angriffskriegen.<\/li>\n<li>f\u00fcr den Austritt Deutschlands aus der NATO und allen Milit\u00e4rstrukturen der EU.<\/li>\n<li>f\u00fcr die Aufl\u00f6sung aller US- und NATO-Milit\u00e4rst\u00fctzpunkte in Deutschland. Keine Beihilfe zu den US-Drohnenmorden.<\/li>\n<li>f\u00fcr Frieden in Europa; keinen Konfrontationskurs mit Russland.<\/li>\n<li>f\u00fcr soziale Sicherheit, Umweltschutz und Frieden \u2013 statt Milliarden f\u00fcr Aufr\u00fcstung und Krieg.<\/li>\n<li>gegen eine ausbeuterische Handelspolitik, die Kriege, Armut und Flucht verursacht<\/li>\n<\/ul>\n<p><strong>Kommt zur Demonstration<\/strong><br \/>\n<strong>am Samstag, den 16. Februar 2019<\/strong><br \/>\n<strong>in M\u00fcnchen um 13 Uhr am Stachus<\/strong><\/p>\n<hr \/>\n<p>Quelle: <a href=\"https:\/\/www.antisiko.de\/aufruf-2019\/\" target=\"_blank\" rel=\"noopener\">https:\/\/www.antisiko.de\/aufruf-2019\/<\/a><\/p>\n<p>Bild: Unter Verwendung des <a href=\"https:\/\/www.antisiko.de\/\" target=\"_blank\" rel=\"noopener\">Antisiko-Logos<\/a> erstellt.<\/p>\n<p>&nbsp;<\/p>\n","protected":false},"excerpt":{"rendered":"<p>Der Deutsche Freidenker-Verband unterst\u00fctzt die Proteste gegen die M\u00fcnchner &#8222;Sicherheitskonferenz&#8220; und ruft alle zur Teilnahme an diesen Protesten auf. Kommt alle!<br \/>\nVom 15.-17. Februar 2019 findet in M\u00fcnchen die \u201eSicherheitskonferenz\u201c (SIKO) statt. Und Sicherheit k\u00f6nnten wir gut gebrauchen: Die Sicherheit, dass wir uns morgen noch unsere Miete leisten k\u00f6nnen, dass es keinen Krieg gibt und unsere Umwelt nicht den Bach heruntergeht. Aber um all das geht es bei der SIKO nicht.<\/p>\n","protected":false},"author":3,"featured_media":5876,"comment_status":"closed","ping_status":"closed","sticky":false,"template":"","format":"standard","meta":{"colormag_page_container_layout":"default_layout","colormag_page_sidebar_layout":"default_layout","advanced_seo_description":"","jetpack_seo_html_title":"","jetpack_seo_noindex":false,"jetpack_post_was_ever_published":false,"footnotes":""},"categories":[13,20],"tags":[411,335,188,835,56,812,1105],"class_list":["post-5874","post","type-post","status-publish","format-standard","has-post-thumbnail","hentry","category-frieden-antifaschismus-solidaritaet","category-zentrale-veranstaltungen","tag-demonstration","tag-frieden","tag-krieg","tag-muenchen","tag-nato","tag-protest","tag-sicherheitskonferenz"],"jetpack_featured_media_url":"https:\/\/i0.wp.com\/www.freidenker.org\/fw17\/wp-content\/uploads\/2019\/02\/antisiko2019.png?fit=800%2C445&ssl=1","jetpack_shortlink":"https:\/\/wp.me\/p9stpK-1wK","jetpack-related-posts":[{"id":24364,"url":"https:\/\/www.freidenker.org\/?p=24364","url_meta":{"origin":5874,"position":0},"title":"14.02.2026 M\u00fcnchen: Den Frieden gewinnen, nicht den Krieg","author":"Webredaktion","date":"6. Februar 2026","format":false,"excerpt":"Aufruf zur Protestdemo gegen die \"M\u00fcnchner Sicherheitskonferenz\" 2026 Wir protestieren gegen den NATO-Kriegsrat, euphemistisch \u201eSicherheitskonferenz\u201c genannt, der vom 13. bis 15. Februar 2026 in M\u00fcnchen tagt. Am Samstag den 14. Februar tragen wir unseren Protest in M\u00fcnchen auf die Stra\u00dfe. Wer den Frieden will, muss den Kriegsministern laut und deutlich\u2026","rel":"","context":"In &quot;Frieden - Antifaschismus - Solidarit\u00e4t&quot;","block_context":{"text":"Frieden - Antifaschismus - Solidarit\u00e4t","link":"https:\/\/www.freidenker.org\/?cat=13"},"img":{"alt_text":"","src":"https:\/\/i0.wp.com\/www.freidenker.org\/fw17\/wp-content\/uploads\/2026\/02\/Siko_Muenchen_2026_1600x900.jpg?fit=1200%2C674&ssl=1&resize=350%2C200","width":350,"height":200,"srcset":"https:\/\/i0.wp.com\/www.freidenker.org\/fw17\/wp-content\/uploads\/2026\/02\/Siko_Muenchen_2026_1600x900.jpg?fit=1200%2C674&ssl=1&resize=350%2C200 1x, https:\/\/i0.wp.com\/www.freidenker.org\/fw17\/wp-content\/uploads\/2026\/02\/Siko_Muenchen_2026_1600x900.jpg?fit=1200%2C674&ssl=1&resize=525%2C300 1.5x, https:\/\/i0.wp.com\/www.freidenker.org\/fw17\/wp-content\/uploads\/2026\/02\/Siko_Muenchen_2026_1600x900.jpg?fit=1200%2C674&ssl=1&resize=700%2C400 2x, https:\/\/i0.wp.com\/www.freidenker.org\/fw17\/wp-content\/uploads\/2026\/02\/Siko_Muenchen_2026_1600x900.jpg?fit=1200%2C674&ssl=1&resize=1050%2C600 3x"},"classes":[]},{"id":24391,"url":"https:\/\/www.freidenker.org\/?p=24391","url_meta":{"origin":5874,"position":1},"title":"14.02.2026 M\u00fcnchen: Stoppen wir den R\u00fcstungswahnsinn!","author":"Webredaktion","date":"10. Februar 2026","format":false,"excerpt":"Aufruf zu Protesten gegen die NATO-Sicherheitskonferenz am 14.02.2026 in M\u00fcnchen. Aus dem Aufruf: Die Kriegsangst wird gesch\u00fcrt, jeden Tag eine neue Bedrohung: Drohnensichtungen, Sabotagemeldungen, Alarmismus \u2013 auf Basis von Falschbehauptungen statt Fakten. Ein neuer kalter Krieg wird heraufbeschworen. Alles um von sozialen K\u00fcrzungen und der endg\u00fcltigen Militarisierung der Gesellschaft abzulenken.\u2026","rel":"","context":"In &quot;Frieden - Antifaschismus - Solidarit\u00e4t&quot;","block_context":{"text":"Frieden - Antifaschismus - Solidarit\u00e4t","link":"https:\/\/www.freidenker.org\/?cat=13"},"img":{"alt_text":"","src":"https:\/\/i0.wp.com\/www.freidenker.org\/fw17\/wp-content\/uploads\/2026\/02\/Anti-Siko-Demo_2026_1600x900_v2.jpg?fit=1200%2C675&ssl=1&resize=350%2C200","width":350,"height":200,"srcset":"https:\/\/i0.wp.com\/www.freidenker.org\/fw17\/wp-content\/uploads\/2026\/02\/Anti-Siko-Demo_2026_1600x900_v2.jpg?fit=1200%2C675&ssl=1&resize=350%2C200 1x, https:\/\/i0.wp.com\/www.freidenker.org\/fw17\/wp-content\/uploads\/2026\/02\/Anti-Siko-Demo_2026_1600x900_v2.jpg?fit=1200%2C675&ssl=1&resize=525%2C300 1.5x, https:\/\/i0.wp.com\/www.freidenker.org\/fw17\/wp-content\/uploads\/2026\/02\/Anti-Siko-Demo_2026_1600x900_v2.jpg?fit=1200%2C675&ssl=1&resize=700%2C400 2x, https:\/\/i0.wp.com\/www.freidenker.org\/fw17\/wp-content\/uploads\/2026\/02\/Anti-Siko-Demo_2026_1600x900_v2.jpg?fit=1200%2C675&ssl=1&resize=1050%2C600 3x"},"classes":[]},{"id":12267,"url":"https:\/\/www.freidenker.org\/?p=12267","url_meta":{"origin":5874,"position":2},"title":"M\u00fcnchen: Stoppt den Kriegskurs der NATO-Staaten","author":"Webredaktion","date":"22. Februar 2022","format":false,"excerpt":"Videos und Bilder vom Protest gegen die M\u00fcnchner \u201eSicherheitskonferenz\u201c 2022 Gegen die Kriegspropaganda der NATO Staaten und der EU demonstrierten am 19. Februar 2022\u00a0 \u00fcber 3000 Menschen in einer machtvollen Demonstration vom M\u00fcnchner Stachus zum Marienplatz. Dort fand die Abschlusskundgebung statt. Auch diesmal haben wieder viele Freidenker teilgenommen. Wir dokumentieren\u2026","rel":"","context":"In &quot;Frieden - Antifaschismus - Solidarit\u00e4t&quot;","block_context":{"text":"Frieden - Antifaschismus - Solidarit\u00e4t","link":"https:\/\/www.freidenker.org\/?cat=13"},"img":{"alt_text":"","src":"https:\/\/i0.wp.com\/www.freidenker.org\/fw17\/wp-content\/uploads\/2022\/02\/SIKO-Muenchen_6_800x450.jpg?fit=800%2C450&ssl=1&resize=350%2C200","width":350,"height":200,"srcset":"https:\/\/i0.wp.com\/www.freidenker.org\/fw17\/wp-content\/uploads\/2022\/02\/SIKO-Muenchen_6_800x450.jpg?fit=800%2C450&ssl=1&resize=350%2C200 1x, https:\/\/i0.wp.com\/www.freidenker.org\/fw17\/wp-content\/uploads\/2022\/02\/SIKO-Muenchen_6_800x450.jpg?fit=800%2C450&ssl=1&resize=525%2C300 1.5x, https:\/\/i0.wp.com\/www.freidenker.org\/fw17\/wp-content\/uploads\/2022\/02\/SIKO-Muenchen_6_800x450.jpg?fit=800%2C450&ssl=1&resize=700%2C400 2x"},"classes":[]},{"id":3221,"url":"https:\/\/www.freidenker.org\/?p=3221","url_meta":{"origin":5874,"position":3},"title":"Aktiv werden gegen NATO-Kriegspolitik!","author":"Webredaktion","date":"29. Dezember 2009","format":false,"excerpt":"Die Freidenker unterst\u00fctzten den aktuellen Aufruf des Aktionsb\u00fcndnisses Gegen die Nato-Sicherheitskonferenz 2010. Darin hei\u00dft es: Den Regierungsmitgliedern der NATO-Staaten, den Milit\u00e4rs, Kriegsstrategen und R\u00fcstungslobbyisten, die sich allj\u00e4hrlich zur so genannten Sicherheitskonferenz in M\u00fcnchen treffen, ist eines gemeinsam: Sie sind mit verantwortlich f\u00fcr die v\u00f6lkerrechtswidrigen Kriege gegen Jugoslawien, gegen den Irak\u2026","rel":"","context":"In &quot;Frieden - Antifaschismus - Solidarit\u00e4t&quot;","block_context":{"text":"Frieden - Antifaschismus - Solidarit\u00e4t","link":"https:\/\/www.freidenker.org\/?cat=13"},"img":{"alt_text":"","src":"https:\/\/i0.wp.com\/www.freidenker.org\/fw17\/wp-content\/uploads\/2009\/12\/2010-02-06-wr-8048_800x445.jpg?fit=800%2C445&ssl=1&resize=350%2C200","width":350,"height":200,"srcset":"https:\/\/i0.wp.com\/www.freidenker.org\/fw17\/wp-content\/uploads\/2009\/12\/2010-02-06-wr-8048_800x445.jpg?fit=800%2C445&ssl=1&resize=350%2C200 1x, https:\/\/i0.wp.com\/www.freidenker.org\/fw17\/wp-content\/uploads\/2009\/12\/2010-02-06-wr-8048_800x445.jpg?fit=800%2C445&ssl=1&resize=525%2C300 1.5x, https:\/\/i0.wp.com\/www.freidenker.org\/fw17\/wp-content\/uploads\/2009\/12\/2010-02-06-wr-8048_800x445.jpg?fit=800%2C445&ssl=1&resize=700%2C400 2x"},"classes":[]},{"id":15375,"url":"https:\/\/www.freidenker.org\/?p=15375","url_meta":{"origin":5874,"position":4},"title":"Video: Die Friedensbewegung ist zur\u00fcck","author":"Webredaktion","date":"23. Februar 2023","format":false,"excerpt":"Rede und Kulturbeitrag von Diether Dehm auf der Kundgebung zur M\u00fcnchener Sicherheitskonferenz am 18.02.2023 Mit \u00fcber 20 000 Teilnehmern landete \u00a0die lager\u00fcbergreifende Friedenskundgebung zur M\u00fcnchner Sicherheitskonferenz einen super Erfolg. Mit Fug und Recht kann gesagt werden: Die Friedensbewegung ist zur\u00fcck! Diffamierungen im Vorfeld konnten die Mobilisierung nicht verhindern. Z\u00fcge fielen\u2026","rel":"","context":"In &quot;Frieden - Antifaschismus - Solidarit\u00e4t&quot;","block_context":{"text":"Frieden - Antifaschismus - Solidarit\u00e4t","link":"https:\/\/www.freidenker.org\/?cat=13"},"img":{"alt_text":"","src":"https:\/\/i0.wp.com\/www.freidenker.org\/fw17\/wp-content\/uploads\/2023\/02\/Dehm_in_Muenchen_800x450.jpg?fit=800%2C450&ssl=1&resize=350%2C200","width":350,"height":200,"srcset":"https:\/\/i0.wp.com\/www.freidenker.org\/fw17\/wp-content\/uploads\/2023\/02\/Dehm_in_Muenchen_800x450.jpg?fit=800%2C450&ssl=1&resize=350%2C200 1x, https:\/\/i0.wp.com\/www.freidenker.org\/fw17\/wp-content\/uploads\/2023\/02\/Dehm_in_Muenchen_800x450.jpg?fit=800%2C450&ssl=1&resize=525%2C300 1.5x, https:\/\/i0.wp.com\/www.freidenker.org\/fw17\/wp-content\/uploads\/2023\/02\/Dehm_in_Muenchen_800x450.jpg?fit=800%2C450&ssl=1&resize=700%2C400 2x"},"classes":[]},{"id":15363,"url":"https:\/\/www.freidenker.org\/?p=15363","url_meta":{"origin":5874,"position":5},"title":"Sicherheitskonferenz: Aus der EU kein Impuls f\u00fcr Frieden \u2013 daf\u00fcr aus China","author":"Webredaktion","date":"23. Februar 2023","format":false,"excerpt":"Beitrag von Gert Ewen Ungar Die M\u00fcnchner Sicherheitskonferenz nimmt f\u00fcr sich in Anspruch, ein wichtiges internationales Diskussionsforum zu sein. Diesem Anspruch wurde sie in diesem Jahr nicht gerecht. Offizielle russische Vertreter waren mit der Begr\u00fcndung, man wolle der russischen Propaganda keine B\u00fchne geben, nicht eingeladen. ... Eingeladen waren stattdessen der\u2026","rel":"","context":"In &quot;Demokratie \u2013 Medien \u2013 Aufkl\u00e4rung&quot;","block_context":{"text":"Demokratie \u2013 Medien \u2013 Aufkl\u00e4rung","link":"https:\/\/www.freidenker.org\/?cat=12"},"img":{"alt_text":"","src":"https:\/\/i0.wp.com\/www.freidenker.org\/fw17\/wp-content\/uploads\/2023\/02\/AWA_7203_800x450.jpg?fit=800%2C450&ssl=1&resize=350%2C200","width":350,"height":200,"srcset":"https:\/\/i0.wp.com\/www.freidenker.org\/fw17\/wp-content\/uploads\/2023\/02\/AWA_7203_800x450.jpg?fit=800%2C450&ssl=1&resize=350%2C200 1x, https:\/\/i0.wp.com\/www.freidenker.org\/fw17\/wp-content\/uploads\/2023\/02\/AWA_7203_800x450.jpg?fit=800%2C450&ssl=1&resize=525%2C300 1.5x, https:\/\/i0.wp.com\/www.freidenker.org\/fw17\/wp-content\/uploads\/2023\/02\/AWA_7203_800x450.jpg?fit=800%2C450&ssl=1&resize=700%2C400 2x"},"classes":[]}],"_links":{"self":[{"href":"https:\/\/www.freidenker.org\/index.php?rest_route=\/wp\/v2\/posts\/5874","targetHints":{"allow":["GET"]}}],"collection":[{"href":"https:\/\/www.freidenker.org\/index.php?rest_route=\/wp\/v2\/posts"}],"about":[{"href":"https:\/\/www.freidenker.org\/index.php?rest_route=\/wp\/v2\/types\/post"}],"author":[{"embeddable":true,"href":"https:\/\/www.freidenker.org\/index.php?rest_route=\/wp\/v2\/users\/3"}],"replies":[{"embeddable":true,"href":"https:\/\/www.freidenker.org\/index.php?rest_route=%2Fwp%2Fv2%2Fcomments&post=5874"}],"version-history":[{"count":0,"href":"https:\/\/www.freidenker.org\/index.php?rest_route=\/wp\/v2\/posts\/5874\/revisions"}],"wp:featuredmedia":[{"embeddable":true,"href":"https:\/\/www.freidenker.org\/index.php?rest_route=\/wp\/v2\/media\/5876"}],"wp:attachment":[{"href":"https:\/\/www.freidenker.org\/index.php?rest_route=%2Fwp%2Fv2%2Fmedia&parent=5874"}],"wp:term":[{"taxonomy":"category","embeddable":true,"href":"https:\/\/www.freidenker.org\/index.php?rest_route=%2Fwp%2Fv2%2Fcategories&post=5874"},{"taxonomy":"post_tag","embeddable":true,"href":"https:\/\/www.freidenker.org\/index.php?rest_route=%2Fwp%2Fv2%2Ftags&post=5874"}],"curies":[{"name":"wp","href":"https:\/\/api.w.org\/{rel}","templated":true}]}}