{"id":5854,"date":"2019-02-13T00:20:55","date_gmt":"2019-02-12T23:20:55","guid":{"rendered":"https:\/\/www.freidenker.org\/?p=5854"},"modified":"2019-03-04T13:21:04","modified_gmt":"2019-03-04T12:21:04","slug":"zu-viel-kriegsvorbereitung","status":"publish","type":"post","link":"https:\/\/www.freidenker.org\/?p=5854","title":{"rendered":"Zu viel Kriegsvorbereitung"},"content":{"rendered":"<p align=\"left\">Kurzbericht der Offenbacher Friedensinitiative \u00fcber die Veranstaltung &#8222;Eine neue Kriegsgefahr&#8220;\u00a0 am 30.01.2019, an der u.a. Klaus Hartmann, Vorsitzender des Deutschen Fredenker-Verbandes, teilgenommen hatte.<\/p>\n<p align=\"left\">Quelle der Erstver\u00f6ffentlichung: <a href=\"https:\/\/offenbacher-friedensinitiative.de\/zu-viel-kriegsvorbereitung\/\" target=\"_blank\" rel=\"noopener\">https:\/\/offenbacher-friedensinitiative.de\/zu-viel-kriegsvorbereitung\/<\/a><\/p>\n<hr \/>\n<h5 align=\"left\">Zu viel Kriegsvorbereitung<\/h5>\n<p align=\"left\">Die Frage, ob es eine neue Kriegsgefahr gibt, wurde in der \u00f6ffentlichen Veranstaltung der Offenbacher Friedensinitiative am 30.01.2019 bejaht.<\/p>\n<p align=\"left\">Aber erst einmal zu den erfreulichen Aspekten: es kamen mehr Menschen als erwartet zu Vortrag und Diskussion. Dies werten wir als Erfolg.<\/p>\n<p align=\"left\">Das <strong>Klingspormuseum<\/strong> &#8211; mit einer Ausstellung von Sch\u00fclerarbeiten gegen Rassismus und Krieg &#8211; bot einen sehr sch\u00f6nen Rahmen. <strong>Dr. Stefan Soltek<\/strong> (Museumsleiter) pr\u00e4sentierte zur Begr\u00fc\u00dfung zwei K\u00fcnstlerb\u00fccher, die sich mit den Gefahren von Kriegen auseinandersetzen. Dies wurde von vielen als Erweiterung unseres Horizonts empfunden. Danke noch mal daf\u00fcr!<\/p>\n<p align=\"left\"><strong>Renate Fresow-Zietlow<\/strong> berichtete von der Macht\u00fcbergabe an die Nazis am 30.1.1933 und die ersten Monate ihrer Herrschaft in Offenbach. Erschreckend ist, wie schnell der Widerstand von der Stra\u00dfe verschwand. Schon in den ersten Tagen nahm Hitler Kurs auf den Zweiten Weltkrieg, der vielen Offenbachern das Leben kostete und die Stadt verw\u00fcstete.<\/p>\n<div id=\"pg-10514-0\" class=\"panel-grid panel-no-style\">\n<div id=\"pgc-10514-0-0\" class=\"panel-grid-cell\">\n<div id=\"panel-10514-0-0-0\" class=\"so-panel widget widget_sow-editor panel-first-child panel-last-child\" data-index=\"0\">\n<div class=\"so-widget-sow-editor so-widget-sow-editor-base\">\n<div class=\"siteorigin-widget-tinymce textwidget\">\n<p class=\"western\">Daran zu erinnern, ist gerade heute n\u00f6tig. Wieder wird von einer <em><strong>Politik der St\u00e4rke<\/strong><\/em> gesprochen und Aufr\u00fcstung gemeint. <strong>Klaus Hartmann<\/strong> kn\u00fcpfte an den Vortrag von Renate Fresow-Zietlow an und schlug den Bogen des Ost-West-Verh\u00e4ltnisses von 1945 bis heute. Seine Argumentation hier nachzuvollziehen w\u00fcrde den Rahmen sprengen. Nur eine Tabelle sei aufgegriffen.<\/p>\n<\/div>\n<\/div>\n<\/div>\n<\/div>\n<\/div>\n<div id=\"pg-10514-1\" class=\"panel-grid panel-no-style\">\n<div id=\"pgc-10514-1-1\" class=\"panel-grid-cell panel-grid-cell-mobile-last\">\n<div id=\"panel-10514-1-1-0\" class=\"so-panel widget widget_sow-editor panel-first-child\" data-index=\"1\">\n<div class=\"so-widget-sow-editor so-widget-sow-editor-base\">\n<div class=\"siteorigin-widget-tinymce textwidget\">\n<h5 style=\"text-align: center;\" align=\"center\"><strong>R\u00fcstungsausgaben in Mrd Dollar<\/strong><\/h5>\n<\/div>\n<\/div>\n<\/div>\n<div id=\"panel-10514-1-1-1\" class=\"so-panel widget widget_sow-editor panel-last-child\" data-index=\"2\">\n<div class=\"so-widget-sow-editor so-widget-sow-editor-base\">\n<div class=\"siteorigin-widget-tinymce textwidget\">\n<table class=\"aligncenter\" style=\"height: 93px; width: 364px;\" border=\"1\">\n<tbody>\n<tr style=\"height: 24px;\">\n<td style=\"width: 98.0833px; height: 24px;\"><\/td>\n<td style=\"width: 57.4167px; height: 24px;\">2017<\/td>\n<td style=\"width: 186.5px; height: 24px;\">2019 geplant<\/td>\n<\/tr>\n<tr style=\"height: 24px;\">\n<td style=\"width: 98.0833px; height: 24px;\">USA<\/td>\n<td style=\"width: 57.4167px; height: 24px;\">610<\/td>\n<td style=\"width: 186.5px; height: 24px;\">706<\/td>\n<\/tr>\n<tr style=\"height: 24px;\">\n<td style=\"width: 98.0833px; height: 24px;\">Russland<\/td>\n<td style=\"width: 57.4167px; height: 24px;\">66<\/td>\n<td style=\"width: 186.5px; height: 24px;\">55<\/td>\n<\/tr>\n<\/tbody>\n<\/table>\n<\/div>\n<\/div>\n<\/div>\n<\/div>\n<div id=\"pgc-10514-1-2\" class=\"panel-grid-cell panel-grid-cell-empty\"><\/div>\n<\/div>\n<div id=\"pg-10514-2\" class=\"panel-grid panel-no-style\">\n<div id=\"pgc-10514-2-0\" class=\"panel-grid-cell\">\n<div id=\"panel-10514-2-0-0\" class=\"so-panel widget widget_sow-editor panel-first-child\" data-index=\"3\">\n<div class=\"so-widget-sow-editor so-widget-sow-editor-base\">\n<div class=\"siteorigin-widget-tinymce textwidget\">\n<p>&nbsp;<\/p>\n<p>Vergleicht man die Summen nur in ungef\u00e4hr, so wird deutlich, dass von einer Notwendigkeit zur Erh\u00f6hung der R\u00fcstungsausgaben durch die USA nicht die Rede sein kann, auch nicht f\u00fcr Deutschland, das immerhin 43 Mrd \u20ac eingeplant hat. Die OFI wird weiter Unterschriften sammeln f\u00fcr den Aufruf <b>Abr\u00fcsten statt Aufr\u00fcsten<\/b>.<\/p>\n<p align=\"left\">Die Diskussion nach dem Vortrag h\u00e4tte mehr Vielfalt gut vertragen k\u00f6nnen. Positiv allerdings war das Einverst\u00e4ndnis der Anwesenden, dass wir st\u00e4rker werden m\u00fcssen. Die Mehrheit der Menschen lehnt Aufr\u00fcstung ab, dem muss die Bundesregierung endlich Rechnung tragen. Die OFI wird weitere Veranstaltungen und Info-St\u00e4nde durchf\u00fchren, um dieses Ziel zu erreichen. Wir m\u00f6chten jetzt schon f\u00fcr eine Teilnahme am <b>Ostermarsch<\/b> werben:<\/p>\n<p align=\"left\">am <strong>Ostermontag<\/strong>, 22.04.2019 gibt es am Vormittag in Offenbach eine Kundgebung mit anschlie\u00dfender Demonstration nach Frankfurt.<\/p>\n<\/div>\n<\/div>\n<\/div>\n<\/div>\n<\/div>\n<p>&nbsp;<\/p>\n<p><img data-recalc-dims=\"1\" loading=\"lazy\" decoding=\"async\" data-attachment-id=\"5803\" data-permalink=\"https:\/\/www.freidenker.org\/?attachment_id=5803\" data-orig-file=\"https:\/\/i0.wp.com\/www.freidenker.org\/fw17\/wp-content\/uploads\/2019\/01\/OFI-Logo.jpg?fit=800%2C176&amp;ssl=1\" data-orig-size=\"800,176\" data-comments-opened=\"0\" data-image-meta=\"{&quot;aperture&quot;:&quot;0&quot;,&quot;credit&quot;:&quot;&quot;,&quot;camera&quot;:&quot;&quot;,&quot;caption&quot;:&quot;&quot;,&quot;created_timestamp&quot;:&quot;0&quot;,&quot;copyright&quot;:&quot;&quot;,&quot;focal_length&quot;:&quot;0&quot;,&quot;iso&quot;:&quot;0&quot;,&quot;shutter_speed&quot;:&quot;0&quot;,&quot;title&quot;:&quot;&quot;,&quot;orientation&quot;:&quot;1&quot;}\" data-image-title=\"OFI-Logo\" data-image-description=\"\" data-image-caption=\"\" data-large-file=\"https:\/\/i0.wp.com\/www.freidenker.org\/fw17\/wp-content\/uploads\/2019\/01\/OFI-Logo.jpg?fit=800%2C176&amp;ssl=1\" class=\"wp-image-5803 size-full aligncenter\" src=\"https:\/\/i0.wp.com\/www.freidenker.org\/fw17\/wp-content\/uploads\/2019\/01\/OFI-Logo.jpg?resize=800%2C176&#038;ssl=1\" alt=\"\" width=\"800\" height=\"176\" srcset=\"https:\/\/i0.wp.com\/www.freidenker.org\/fw17\/wp-content\/uploads\/2019\/01\/OFI-Logo.jpg?w=800&amp;ssl=1 800w, https:\/\/i0.wp.com\/www.freidenker.org\/fw17\/wp-content\/uploads\/2019\/01\/OFI-Logo.jpg?resize=300%2C66&amp;ssl=1 300w, https:\/\/i0.wp.com\/www.freidenker.org\/fw17\/wp-content\/uploads\/2019\/01\/OFI-Logo.jpg?resize=768%2C169&amp;ssl=1 768w\" sizes=\"auto, (max-width: 800px) 100vw, 800px\" \/><\/p>\n<div id=\"pg-10514-2\" class=\"panel-grid panel-no-style\">\n<div id=\"pgc-10514-2-0\" class=\"panel-grid-cell\">\n<div id=\"panel-10514-2-0-0\" class=\"so-panel widget widget_sow-editor panel-first-child\" data-index=\"3\">\n<div class=\"so-widget-sow-editor so-widget-sow-editor-base\">\n<div class=\"siteorigin-widget-tinymce textwidget\">\n<hr \/>\n<p align=\"left\"><span style=\"font-size: 10pt;\">Bild: W\u00e4hrend der Veranstaltung. Im Podium v.r.n.l.: Dr. Stefan Soltek (stehend), Klaus Hartmann (verdeckt), Renate Fresow-Zietlow<\/span><br \/>\n<span style=\"font-size: 10pt;\">Foto:\u00a0\u00a9 by\u00a0 <a href=\"https:\/\/www.roessmann.name\/\" target=\"_blank\" rel=\"noopener\">Manfred R\u00f6\u00dfmann<\/a><\/span><\/p>\n<\/div>\n<\/div>\n<\/div>\n<\/div>\n<\/div>\n","protected":false},"excerpt":{"rendered":"<p>Kurzbericht der Offenbacher Friedensinitiative \u00fcber die Veranstaltung &#8222;Eine neue Kriegsgefahr&#8220;  am 30.01.209, an der u.a. Klaus Hartmann, Vorsitzender des Deutschen Fredenker-Verbandes, teilgenommen hatte.<br \/>\nDie Frage, ob es eine neue Kriegsgefahr gibt, wurde in der \u00f6ffentlichen Veranstaltung der Offenbacher Friedensinitiative am 30.01.2019 bejaht. &#8230;<br \/>\nWieder wird von einer Politik der St\u00e4rke gesprochen und Aufr\u00fcstung gemeint. Klaus Hartmann kn\u00fcpfte an den Vortrag von Renate Fresow-Zietlow an und schlug den Bogen des Ost-West-Verh\u00e4ltnisses von 1945 bis heute.<\/p>\n","protected":false},"author":3,"featured_media":5855,"comment_status":"closed","ping_status":"closed","sticky":false,"template":"","format":"standard","meta":{"colormag_page_container_layout":"default_layout","colormag_page_sidebar_layout":"default_layout","advanced_seo_description":"","jetpack_seo_html_title":"","jetpack_seo_noindex":false,"jetpack_post_was_ever_published":false,"footnotes":""},"categories":[13,19],"tags":[43,188,57,56,1100,1050],"class_list":["post-5854","post","type-post","status-publish","format-standard","has-post-thumbnail","hentry","category-frieden-antifaschismus-solidaritaet","category-veranstaltungen-in-den-dfv-landesverbaenden","tag-friedensbewegung","tag-krieg","tag-kriegsgefahr","tag-nato","tag-offenbach","tag-veranstaltung"],"jetpack_featured_media_url":"https:\/\/i0.wp.com\/www.freidenker.org\/fw17\/wp-content\/uploads\/2019\/02\/ofi_05.2147-800x445.jpg?fit=800%2C445&ssl=1","jetpack_shortlink":"https:\/\/wp.me\/p9stpK-1wq","jetpack-related-posts":[{"id":5799,"url":"https:\/\/www.freidenker.org\/?p=5799","url_meta":{"origin":5854,"position":0},"title":"Eine neue Kriegsgefahr?","author":"Webredaktion","date":"29. Januar 2019","format":false,"excerpt":"Rekord-R\u00fcstungshaushalt, EU-Aufr\u00fcstung, NATO-Aufmarsch, K\u00fcndigung des INF-Vertrags - Vortrag und Diskussion am 30.1.2019 um 18.00 Uhr, Klingspormuseum, Herrnstra\u00dfe 80 - mit Klaus Hartmann, Bundesvorsitzender des Deutschen Freidenker-Verbandes. Gegenw\u00e4rtig sind viele Menschen besorgt \u00fcber die Hochr\u00fcstung und Kriege in aller Welt. Dabei sucht man die Ursache dieser Misere durchaus in verschiedenen Richtungen.Wir\u2026","rel":"","context":"In &quot;Frieden - Antifaschismus - Solidarit\u00e4t&quot;","block_context":{"text":"Frieden - Antifaschismus - Solidarit\u00e4t","link":"https:\/\/www.freidenker.org\/?cat=13"},"img":{"alt_text":"","src":"https:\/\/i0.wp.com\/www.freidenker.org\/fw17\/wp-content\/uploads\/2019\/01\/Klingspor-Museum_800x445.jpg?fit=800%2C445&ssl=1&resize=350%2C200","width":350,"height":200,"srcset":"https:\/\/i0.wp.com\/www.freidenker.org\/fw17\/wp-content\/uploads\/2019\/01\/Klingspor-Museum_800x445.jpg?fit=800%2C445&ssl=1&resize=350%2C200 1x, https:\/\/i0.wp.com\/www.freidenker.org\/fw17\/wp-content\/uploads\/2019\/01\/Klingspor-Museum_800x445.jpg?fit=800%2C445&ssl=1&resize=525%2C300 1.5x, https:\/\/i0.wp.com\/www.freidenker.org\/fw17\/wp-content\/uploads\/2019\/01\/Klingspor-Museum_800x445.jpg?fit=800%2C445&ssl=1&resize=700%2C400 2x"},"classes":[]},{"id":21649,"url":"https:\/\/www.freidenker.org\/?p=21649","url_meta":{"origin":5854,"position":1},"title":"Veranstaltungen: 80 Jahre Befreiung von Faschismus und Krieg","author":"Webredaktion","date":"2. Mai 2025","format":false,"excerpt":"Bis 1985 hat es in der Alt-BRD gedauert, bis der Jahrestag nicht mehr als Tag der Niederlage und der Schmach, sondernd der Befreiung galt. 2025 scheint das nicht mehr zu gelten. Dem Ende des 2. Weltkriegs wollen Bundesregierung und die EU ohne Befreier gedenken, Vertreter der Russischen F\u00f6deration und von\u2026","rel":"","context":"In &quot;Frieden - Antifaschismus - Solidarit\u00e4t&quot;","block_context":{"text":"Frieden - Antifaschismus - Solidarit\u00e4t","link":"https:\/\/www.freidenker.org\/?cat=13"},"img":{"alt_text":"","src":"https:\/\/i0.wp.com\/www.freidenker.org\/fw17\/wp-content\/uploads\/2025\/05\/Unsterbliches_Regiment_dfm_03_800x450.jpg?fit=800%2C450&ssl=1&resize=350%2C200","width":350,"height":200,"srcset":"https:\/\/i0.wp.com\/www.freidenker.org\/fw17\/wp-content\/uploads\/2025\/05\/Unsterbliches_Regiment_dfm_03_800x450.jpg?fit=800%2C450&ssl=1&resize=350%2C200 1x, https:\/\/i0.wp.com\/www.freidenker.org\/fw17\/wp-content\/uploads\/2025\/05\/Unsterbliches_Regiment_dfm_03_800x450.jpg?fit=800%2C450&ssl=1&resize=525%2C300 1.5x, https:\/\/i0.wp.com\/www.freidenker.org\/fw17\/wp-content\/uploads\/2025\/05\/Unsterbliches_Regiment_dfm_03_800x450.jpg?fit=800%2C450&ssl=1&resize=700%2C400 2x"},"classes":[]},{"id":24770,"url":"https:\/\/www.freidenker.org\/?p=24770","url_meta":{"origin":5854,"position":2},"title":"Frieden durch \u201eKriegst\u00fcchtigkeit\u201c? Aufr\u00fcstung, Militarisierung und die neue Wehrpflicht","author":"Webredaktion","date":"31. M\u00e4rz 2026","format":false,"excerpt":"Pressemitteilung vom 30.03.2026 Veranstaltung mit Bundeswehrmajor a. D. Florian D. Pfaff am 28.03.2026 in Schweinfurt Auf Einladung von NachDenkSeiten-Gespr\u00e4chskreis Schweinfurt\/W\u00fcrzburg und Deutschem Freidenker-Ortsverband Schweinfurt\/W\u00fcrzburg kam am Samstag, dem 28. M\u00e4rz 2026 der Bundeswehrmajor a. D. Florian D. Pfaff von der Friedensinitiative Rosenheim nach Schweinfurt. Vor 35 interessierten Zuh\u00f6rern sprach der\u2026","rel":"","context":"In &quot;Frieden - Antifaschismus - Solidarit\u00e4t&quot;","block_context":{"text":"Frieden - Antifaschismus - Solidarit\u00e4t","link":"https:\/\/www.freidenker.org\/?cat=13"},"img":{"alt_text":"","src":"https:\/\/i0.wp.com\/www.freidenker.org\/fw17\/wp-content\/uploads\/2026\/03\/Pfaff_Schweinfurt_IMG_6677_800x450.jpg?fit=800%2C450&ssl=1&resize=350%2C200","width":350,"height":200,"srcset":"https:\/\/i0.wp.com\/www.freidenker.org\/fw17\/wp-content\/uploads\/2026\/03\/Pfaff_Schweinfurt_IMG_6677_800x450.jpg?fit=800%2C450&ssl=1&resize=350%2C200 1x, https:\/\/i0.wp.com\/www.freidenker.org\/fw17\/wp-content\/uploads\/2026\/03\/Pfaff_Schweinfurt_IMG_6677_800x450.jpg?fit=800%2C450&ssl=1&resize=525%2C300 1.5x, https:\/\/i0.wp.com\/www.freidenker.org\/fw17\/wp-content\/uploads\/2026\/03\/Pfaff_Schweinfurt_IMG_6677_800x450.jpg?fit=800%2C450&ssl=1&resize=700%2C400 2x"},"classes":[]},{"id":11801,"url":"https:\/\/www.freidenker.org\/?p=11801","url_meta":{"origin":5854,"position":3},"title":"Lager\u00fcbergreifende Forderung an neue Bundesregierung: Entspannung in China- und Russlandpolitik","author":"Webredaktion","date":"8. Dezember 2021","format":false,"excerpt":"Beitrag von RT DE Gerade erst ist die neue Regierung Scholz im Amt, da wird sie schon mit konkreten Forderungen aus der deutschen Friedens- und Antikriegsbewegung konfrontiert. Eine Kampagne, die ebenfalls heute vom Deutschen Freidenker-Verband gestartet wurde und mitunterzeichnet werden kann, fordert von Berlin nicht nur eine neue, friedliche au\u00dfenpolitische\u2026","rel":"","context":"In &quot;Frieden - Antifaschismus - Solidarit\u00e4t&quot;","block_context":{"text":"Frieden - Antifaschismus - Solidarit\u00e4t","link":"https:\/\/www.freidenker.org\/?cat=13"},"img":{"alt_text":"","src":"https:\/\/i0.wp.com\/www.freidenker.org\/fw17\/wp-content\/uploads\/2021\/12\/NATO_Freidenker_Berlin_2016_800x450.jpg?fit=800%2C450&ssl=1&resize=350%2C200","width":350,"height":200,"srcset":"https:\/\/i0.wp.com\/www.freidenker.org\/fw17\/wp-content\/uploads\/2021\/12\/NATO_Freidenker_Berlin_2016_800x450.jpg?fit=800%2C450&ssl=1&resize=350%2C200 1x, https:\/\/i0.wp.com\/www.freidenker.org\/fw17\/wp-content\/uploads\/2021\/12\/NATO_Freidenker_Berlin_2016_800x450.jpg?fit=800%2C450&ssl=1&resize=525%2C300 1.5x, https:\/\/i0.wp.com\/www.freidenker.org\/fw17\/wp-content\/uploads\/2021\/12\/NATO_Freidenker_Berlin_2016_800x450.jpg?fit=800%2C450&ssl=1&resize=700%2C400 2x"},"classes":[]},{"id":7678,"url":"https:\/\/www.freidenker.org\/?p=7678","url_meta":{"origin":5854,"position":4},"title":"22.04.2020 &#8211; DFV Offenbach: Einladung zur Lenin Lesung &#8222;Zarend\u00e4mmerung&#8220;","author":"Webredaktion","date":"12. M\u00e4rz 2020","format":false,"excerpt":"Mittwoch, 22.04.2020 19:00 Uhr ~ G\u00e4rtnerh\u00e4uschen Offenbach Biebererstr. 276 ~ 63071 Offenbach: Einladung zur Lenin Lesung \"Zarend\u00e4mmerung\" mit dem Autoren Vougar Aslanov Am 22. April j\u00e4hrt sich Wladimir Lenins Geburtstag zum 150. Mal. Die Offenbacher Freidenker organisieren zur Ehrung des Revolution\u00e4rs eine Lesung mit dem Frankfurter Autor Vougar Aslanov. Aslanov\u2026","rel":"","context":"In &quot;Veranstaltungen&quot;","block_context":{"text":"Veranstaltungen","link":"https:\/\/www.freidenker.org\/?cat=275"},"img":{"alt_text":"","src":"https:\/\/i0.wp.com\/www.freidenker.org\/fw17\/wp-content\/uploads\/2020\/03\/dfv_hessen_22042020_b.jpg?fit=800%2C445&ssl=1&resize=350%2C200","width":350,"height":200,"srcset":"https:\/\/i0.wp.com\/www.freidenker.org\/fw17\/wp-content\/uploads\/2020\/03\/dfv_hessen_22042020_b.jpg?fit=800%2C445&ssl=1&resize=350%2C200 1x, https:\/\/i0.wp.com\/www.freidenker.org\/fw17\/wp-content\/uploads\/2020\/03\/dfv_hessen_22042020_b.jpg?fit=800%2C445&ssl=1&resize=525%2C300 1.5x, https:\/\/i0.wp.com\/www.freidenker.org\/fw17\/wp-content\/uploads\/2020\/03\/dfv_hessen_22042020_b.jpg?fit=800%2C445&ssl=1&resize=700%2C400 2x"},"classes":[]},{"id":459,"url":"https:\/\/www.freidenker.org\/?p=459","url_meta":{"origin":5854,"position":5},"title":"Freidenker zum 75. Jahrestag des faschistischen \u00dcberfalls auf die Sowjetunion","author":"Webmaster","date":"22. Juni 2016","format":false,"excerpt":"Erkl\u00e4rung des Deutschen Freidenker-Verbandes zum 70. Jahrestag des faschistischen \u00dcberfalls auf die Sowjetunion Am 22. Juni 2016 gedenken wir der 27 Millionen Sowjetb\u00fcrger, die beim \u00dcberfall der faschistischen Wehrmacht auf die Sowjetunion ihr Leben verloren. Am 22. Juni 1941 begann der Vernichtungskrieg mit dem Ziel der \u201eAusrottung des Kommunismus f\u00fcr\u2026","rel":"","context":"In &quot;Frieden - Antifaschismus - Solidarit\u00e4t&quot;","block_context":{"text":"Frieden - Antifaschismus - Solidarit\u00e4t","link":"https:\/\/www.freidenker.org\/?cat=13"},"img":{"alt_text":"","src":"https:\/\/i0.wp.com\/www.freidenker.org\/fw17\/wp-content\/uploads\/2016\/08\/CCCP.jpg?fit=800%2C445&ssl=1&resize=350%2C200","width":350,"height":200,"srcset":"https:\/\/i0.wp.com\/www.freidenker.org\/fw17\/wp-content\/uploads\/2016\/08\/CCCP.jpg?fit=800%2C445&ssl=1&resize=350%2C200 1x, https:\/\/i0.wp.com\/www.freidenker.org\/fw17\/wp-content\/uploads\/2016\/08\/CCCP.jpg?fit=800%2C445&ssl=1&resize=525%2C300 1.5x, https:\/\/i0.wp.com\/www.freidenker.org\/fw17\/wp-content\/uploads\/2016\/08\/CCCP.jpg?fit=800%2C445&ssl=1&resize=700%2C400 2x"},"classes":[]}],"_links":{"self":[{"href":"https:\/\/www.freidenker.org\/index.php?rest_route=\/wp\/v2\/posts\/5854","targetHints":{"allow":["GET"]}}],"collection":[{"href":"https:\/\/www.freidenker.org\/index.php?rest_route=\/wp\/v2\/posts"}],"about":[{"href":"https:\/\/www.freidenker.org\/index.php?rest_route=\/wp\/v2\/types\/post"}],"author":[{"embeddable":true,"href":"https:\/\/www.freidenker.org\/index.php?rest_route=\/wp\/v2\/users\/3"}],"replies":[{"embeddable":true,"href":"https:\/\/www.freidenker.org\/index.php?rest_route=%2Fwp%2Fv2%2Fcomments&post=5854"}],"version-history":[{"count":0,"href":"https:\/\/www.freidenker.org\/index.php?rest_route=\/wp\/v2\/posts\/5854\/revisions"}],"wp:featuredmedia":[{"embeddable":true,"href":"https:\/\/www.freidenker.org\/index.php?rest_route=\/wp\/v2\/media\/5855"}],"wp:attachment":[{"href":"https:\/\/www.freidenker.org\/index.php?rest_route=%2Fwp%2Fv2%2Fmedia&parent=5854"}],"wp:term":[{"taxonomy":"category","embeddable":true,"href":"https:\/\/www.freidenker.org\/index.php?rest_route=%2Fwp%2Fv2%2Fcategories&post=5854"},{"taxonomy":"post_tag","embeddable":true,"href":"https:\/\/www.freidenker.org\/index.php?rest_route=%2Fwp%2Fv2%2Ftags&post=5854"}],"curies":[{"name":"wp","href":"https:\/\/api.w.org\/{rel}","templated":true}]}}