{"id":5849,"date":"2019-02-12T23:40:12","date_gmt":"2019-02-12T22:40:12","guid":{"rendered":"https:\/\/www.freidenker.org\/?p=5849"},"modified":"2019-03-07T00:38:29","modified_gmt":"2019-03-06T23:38:29","slug":"berlin-und-eu-schleimen-sich-ein-bei-trump","status":"publish","type":"post","link":"https:\/\/www.freidenker.org\/?p=5849","title":{"rendered":"Berlin und EU schleimen sich ein bei Trump"},"content":{"rendered":"<p>In der Rubrik <strong>Tagesdosis<\/strong> wurde am 01.02.2019 bei <a href=\"https:\/\/kenfm.de\/tagesdosis-1-2-2019-berlin-und-eu-schleimen-sich-ein-bei-trump\/\" target=\"_blank\" rel=\"noopener\">KenFM <\/a>der Beitrag <strong>\u201eBerlin und EU schleimen sich ein bei Trump\u201c<\/strong> von <em><strong>Rainer Rupp<\/strong><\/em>, Mitglied des Beirats des Deutschen Freidenker-Verbandes, ver\u00f6ffentlicht.<\/p>\n<p>Den Beitrag als Audio-Datei anh\u00f6ren:<\/p>\n<audio class=\"wp-audio-shortcode\" id=\"audio-5849-1\" preload=\"none\" style=\"width: 100%;\" controls=\"controls\"><source type=\"audio\/mpeg\" src=\"https:\/\/www.freidenker.org\/fw17\/wp-content\/uploads\/2019\/02\/tagesdosis-20190201.mp3?_=1\" \/><a href=\"https:\/\/www.freidenker.org\/fw17\/wp-content\/uploads\/2019\/02\/tagesdosis-20190201.mp3\">https:\/\/www.freidenker.org\/fw17\/wp-content\/uploads\/2019\/02\/tagesdosis-20190201.mp3<\/a><\/audio>\n<p>&nbsp;<\/p>\n<p>Der Beitrag ist auch auf YouTube verf\u00fcgbar: <a href=\"https:\/\/www.youtube.com\/watch?v=P9Ic--NJkzQ\" target=\"_blank\" rel=\"noopener\">https:\/\/www.youtube.com\/watch?v=P9Ic&#8211;NJkzQ<\/a><\/p>\n<h4><\/h4>\n<h4>Tagesdosis 1.2.2019 \u2013 Berlin und EU schleimen sich ein bei Trump<\/h4>\n<p><b>Sehnsucht nach starkem Mann aus Washington<\/b>.<\/p>\n<p><em>Ein Kommentar <strong>von Rainer Rupp.<\/strong><\/em><\/p>\n<p>Nur wenige Tage nach Bekanntwerden, dass Trump sich vergangenes Jahr bei seinen Beratern mehrmals dar\u00fcber ge\u00e4u\u00dfert hatte, aus der NATO aussteigen zu wollen, sah sich Verteidigungsministerin Ursula von der Leyen gen\u00f6tigt, <a href=\"https:\/\/www.nytimes.com\/2019\/01\/18\/opinion\/nato-european-union-america.html\" target=\"_blank\" rel=\"noopener\">am 18. Januar dieses Jahres schnell einen Artikel in der \u201eNew York Times\u201c zu ver\u00f6ffentlichen<\/a> (1). In dem hat sie versucht, den von ihr als ungehobelt angesehenen Blondschopf im Wei\u00dfen Haus mit den wenigen ihr zur Verf\u00fcgung stehenden Mitteln zu umgarnen. So schwafelte sie \u00fcber die abgedroschene Phrase der \u201egemeinsamen Werte\u201c, warnte vor den gemeinsamen Erbfeinden, vor allem vor dem b\u00f6sen Russen Putin und der gelben Gefahr in Asien und bedankte sich dann \u00fcberschw\u00e4nglich bei den USA und der NATO, die uns die deutsche Einheit beschert haben.<\/p>\n<p>Komisch, wie man sich irren kann. Ich habe immer geglaubt, es w\u00e4ren die Russen gewesen, die die deutsche Einheit erm\u00f6glicht haben, als sie sich ohne Zwang und aus freien St\u00fccken aus der DDR und Osteuropa zur\u00fcckgezogen haben, gegen das hochheilige abgegebene Versprechen der Amerikaner, die NATO nicht nach Osten zu expandieren. Aber wahrscheinlich t\u00e4uscht mich auch da mein Ged\u00e4chtnis, denn die NATO und die Amis und auch die deutsche Bundeswehr stehen jetzt mit ihren Panzern an der Grenze Russlands. Naja, irgendwie m\u00fcssen wir ja unsere liberale Ordnung gegen diese autorit\u00e4ren B\u00f6sewichte aus den sibirischen Urw\u00e4ldern verteidigen.<\/p>\n<p>Wenn unsere Politiker derma\u00dfen unbeschwert bekannte Tatsachen auf den Kopf stellen, wie das Flinten-Uschi mit ihrem einschleimenden Kommentar in der New York Times getan hat, dann werden die Hofschranzen in den Konzern und Regierungsmedien erst recht versuchen, mit ihren eigenen fake news Narrativen die offiziellen Geschichtsf\u00e4lschungen noch zu \u00fcbertreffen. Wer unbedingt ein Brechmittel braucht, dem sei die Lekt\u00fcre der stark emotionalen Liebeserkl\u00e4rung der Dame von den Leichen an die NATO, an die USA und vor allem an Trump zu empfehlen. Das treibt einem die Schamesr\u00f6te ins Gesicht.<\/p>\n<p>Offensichtlich haben die Berichte \u00fcber Trumps Gedankenspiele, sich aus der NATO zur\u00fcckzuziehen, die Bundesregierung ins Mark getroffen. Aber das ist sicherlich nicht der alleinige Grund f\u00fcr die tiefe Verunsicherung, die aus Frau von der Leyens peinlicher Anbiederung Deutschlands an die USA vor den Augen der Welt spricht. Denn die Ver\u00f6ffentlichung des Kommentars ist ganz bestimmt nicht ohne Absprache mit Kanzlerin Merkel und dem SPD-Au\u00dfenminister Maas geschehen.<\/p>\n<p>Vielmehr d\u00fcrfte die geliebte, neo-\u201eliberale Ordnung\u201c, die an allen Ecken und Enden zu kollabieren droht, mit zu Frau von der Leyens Anbiederungsschreiben beigetragen haben. Wohin die Bundesregierung auch schaut, sowohl innen- als auch au\u00dfenpolitisch, \u00fcberall ist sie mit Problemen konfrontiert, deren L\u00f6sung au\u00dferhalb ihrer Macht steht, und f\u00fcr die sie selbst innerhalb der Europ\u00e4ischen Union keine willigen und\/oder f\u00e4higen Partner mehr findet.<\/p>\n<p>Das Zeitalter der hemmungslosen Bereicherung der Wenigen auf dem R\u00fccken der Vielen, eine andere Beschreibung der \u201eliberalen Ordnung\u201c, ist vorbei und st\u00f6\u00dft \u00fcberall auf zunehmend militanten Widerstand. Man braucht sich nur die Berichte vom Weltwirtschaftsforum in Davos letzte Wochen anzusehen, um zu verstehen, dass die gleiche tiefe Verunsicherung, die in Berlin herrscht, auch die selbsternannte Weltelite erfasst hat. Die Vampire der \u201eliberalen Ordnung\u201c haben die Volkswirtschaften und Gesellschaftsstrukturen in den westlichen L\u00e4ndern an die Wand gefahren, und Alternativen f\u00fcr ein neues System, in dem sie ihren Platz behaupten k\u00f6nnten, sind nicht in Sicht. Vielmehr scheinen in allen L\u00e4ndern die Malocher und Bauern dabei zu sein, ihre Mistgabeln und Fackeln griffbereit zu stapeln.<\/p>\n<p>In diesen schweren Zeiten sehnen sich somit die \u201eF\u00fchrer der Europ\u00e4ischen Union\u201c, als die sich Merkel und Macron gerne feiern lassen, nach der bew\u00e4hrten starken Hand der transatlantischen F\u00fchrungsmacht. Denn in den Augen der EU-\u201eEliten\u201c haben nur die USA noch die notwendige Macht- und Skrupellosigkeit, \u00a0und somit auch die Autorit\u00e4t, um wieder \u201eOrdnung\u201c in das Chaos zu bringen. Daf\u00fcr aber muss Donald Trump geschmeichelt und umworben werden. Die Schleimspuren, die dabei so mancher Top-Politiker hinterl\u00e4sst, sind nicht nur ekelerregend, sondern auch menschenverachtend und oft hochgef\u00e4hrlich f\u00fcr Leib und Leben vieler Menschen.<\/p>\n<p>In der Absicht, Pr\u00e4sident Trump, ihrem langj\u00e4hrigen und wenig charmantem Kritiker, zu gefallen und ihn milde zu stimmen, hat Bundeskanzlerin Merkel diese Woche bei einer Veranstaltung der \u201eFulbright Association\u201c die inzwischen Tausendfach wiederholte Parole herausgegeben: \u201e<a href=\"https:\/\/www.youtube.com\/watch?v=GqYfhDCPvyg\" target=\"_blank\" rel=\"noopener\">Deutschland ist in Afghanistan, um auch US-Interessen zu verteidigen<\/a>\u201c (2). Wunderbar; unsere Kanzlerin scheut sich nicht zu sagen, dass sie tote, verwundete und schwer traumatisierte deutsche Soldaten auf dem Altar amerikanischer Interessen in Afghanistan geopfert hat. Das mag Trump und den Amerikanern zwar gefallen, aber wie wird dieses Eingest\u00e4ndnis bei der deutschen Bev\u00f6lkerung ankommen, oder bei den Bundeswehrsoldaten, die in diesem Spiel ja die Rolle der leicht zu opfernden Bauern spielen?<\/p>\n<p>Aber die Berliner Ein- und Anschleimerei an Washington zieht noch weitere Kreise und nicht nur Berlin, sondern Paris und London und andere aus der EU machen flei\u00dfig dabei mit, Washington einen Treuebeweis nach dem anderen zu liefern. Das f\u00e4ngt an mit Iran, gegen den sich der diplomatische Ton wieder versch\u00e4rft hat und gegen den wegen abenteuerlicher Terrorismusvorw\u00fcrfe einige EU-L\u00e4nder wieder Sanktionen eingef\u00fchrt haben. L\u00e4ngst haben die EU-Regierungen ihren Plan f\u00fcr eine eigenst\u00e4ndige Iran-Politik aufgegeben. Nur um den Gesichtsverlust zu vermeiden, spielt man den W\u00e4hlern noch Widerstand gegen die Iran Sanktionen Washingtons vor. Die Amerikaner warten nur darauf, europ\u00e4ische Firmen, die mit dem Iran handeln, mit Milliarden-Dollarstrafen zu belegen.<\/p>\n<p>Ein weiteres St\u00fcck der Schleimspur der Europ\u00e4er in Richtung Trump ist deren Hinnahme der hoch gef\u00e4hrlichen US-K\u00fcndigung des INF-Vertrags zum Stationierungsverbot landgest\u00fctzter nuklearer Mittelstrecken-Raketen in Europa. Der \u00d6ffentlichkeit, auch der deutschen, klingt immer noch der scharfe, aber leider nur anf\u00e4ngliche Protest der Bundesregierung und anderer Europ\u00e4er in den Ohren. Als es aber einige Wochen sp\u00e4ter bei einer UNO- Abstimmung in New York darum ging, eine <a href=\"https:\/\/de.sputniknews.com\/politik\/20181230323453450-lawrow-eu-inf-un-resolution\/\" target=\"_blank\" rel=\"noopener\">Resolution zu unterst\u00fctzen<\/a> (3) welche den US-Austritt auf dem INF-Vertrag verurteilte, haben die Europ\u00e4er, einschlie\u00dflich der Bundesregierung gegen die Resolution gestimmt und damit die Position der USA unterst\u00fctzt.<\/p>\n<p>Und nicht zuletzt haben wir jetzt das Beispiel des US-inszenierten Putsches in Venezuela, bei dem die USA \u2013 \u00e4hnlich wie zuvor in der Ukraine \u2013 alle von der Europ\u00e4ischen Union st\u00e4ndig mit Pathos deklamierten \u201eWerte\u201c in den Dreck tritt. Und was machen Deutschland und Frankreich und die EU? Sie schwingen sich voll hinter die USA, sie stellen dem rechtm\u00e4\u00dfig und demokratisch gew\u00e4hlten Pr\u00e4sidenten Maduro ein Ultimatum, innerhalb von 7 Tagen Neuwahlen zu verk\u00fcnden oder sie werden die von der Mafia in Washington ausgesuchte Marionette als Pr\u00e4sidenten Venezuelas anerkennen.<\/p>\n<p>Das einzig Erfrischende bei diesem j\u00fcngsten US-Regimewechselversuch ist, dass es die Hauptakteure in Washington es nicht einmal mehr f\u00fcr n\u00f6tig erachten, den Putsch mit einem \u00fcber Jahre dauernden medialen Trommelfeuer mit Demokratie- und Menschenrechtsphrasen zu rechtfertigen. Ohnehin wei\u00df jeder worum es im Fall Venezuela geht, n\u00e4mlich um \u00d6l, \u00d6l, und nochmals \u00d6l, denn Venezuela ist das Land mit den bei weitem gr\u00f6\u00dften Reserven der Welt. Und geographisch liegt es in einer Region, die von den USA seit \u00fcber einem Jahrhundert als ihr exklusiver Hinterhof angesehen wird. Vor diesem Hintergrund muss man schon ein ausgemachter Trottel oder deutscher Au\u00dfenminister sein, wenn man uns erkl\u00e4ren will, dass Pr\u00e4sident Maduro jegliche Legitimation fehle, er sei nicht demokratisch gew\u00e4hlt. Genau das hat der hippe Heiko gesagt und dann auch noch unverz\u00fcgliche Neuwahlen in Venezuela gefordert, wenn nicht, werde Deutschland den von Washington gew\u00e4hlten Putschisten Guaid\u00f2 als Pr\u00e4sidenten anerkennen.<\/p>\n<p>Da denkt man an den alten Spruch: \u201eIch kann gar nicht so viel essen, wie ich kotzen will\u201c. Mein einziger Trost: jedes Land verdient die Politiker, die es gew\u00e4hlt hat.<\/p>\n<p>&nbsp;<\/p>\n<p><strong>Quellen:<\/strong><\/p>\n<p>(1) <a href=\"https:\/\/www.nytimes.com\/2019\/01\/18\/opinion\/nato-european-union-america.html\" target=\"_blank\" rel=\"noopener\">https:\/\/www.nytimes.com\/2019\/01\/18\/opinion\/nato-european-union-america.html<\/a><\/p>\n<p>(2) <a href=\"https:\/\/www.youtube.com\/watch?v=GqYfhDCPvyg\" target=\"_blank\" rel=\"noopener\">https:\/\/www.youtube.com\/watch?v=GqYfhDCPvyg<\/a><\/p>\n<p>(3) <a href=\"https:\/\/de.sputniknews.com\/politik\/20181230323453450-lawrow-eu-inf-un-resolution\/\" target=\"_blank\" rel=\"noopener\">https:\/\/de.sputniknews.com\/politik\/20181230323453450-lawrow-eu-inf-un-resolution\/<\/a><\/p>\n<p>&nbsp;<\/p>\n<p><em>Quelle der Erstver\u00f6ffentlichung: <a href=\"https:\/\/kenfm.de\/tagesdosis-1-2-2019-berlin-und-eu-schleimen-sich-ein-bei-trump\/\" target=\"_blank\" rel=\"noopener\">https:\/\/kenfm.de\/tagesdosis-1-2-2019-berlin-und-eu-schleimen-sich-ein-bei-trump\/<\/a><\/em><\/p>\n<p>Der Beitrag ist auch auf YouTube verf\u00fcgbar: <a href=\"https:\/\/www.youtube.com\/watch?v=P9Ic--NJkzQ\" target=\"_blank\" rel=\"noopener\">https:\/\/www.youtube.com\/watch?v=P9Ic&#8211;NJkzQ<\/a><\/p>\n<hr \/>\n<p>Bild: Screenshot der Videover\u00f6ffentlichung bei <a href=\"https:\/\/kenfm.de\/tagesdosis-1-2-2019-berlin-und-eu-schleimen-sich-ein-bei-trump\/\" target=\"_blank\" rel=\"noopener\">KenFM<\/a><\/p>\n","protected":false},"excerpt":{"rendered":"<p><b>In der Rubrik Tagesdosis wurde am 01.02.2019 bei KenFM der Beitrag \u201eBerlin und EU schleimen sich ein bei Trump\u201c von Rainer Rupp, Mitglied des Beirats des Deutschen Freidenker-Verbandes, ver\u00f6ffentlicht.<\/b><br \/>\nNur wenige Tage nach Bekanntwerden, dass Trump sich vergangenes Jahr bei seinen Beratern mehrmals dar\u00fcber ge\u00e4u\u00dfert hatte, aus der NATO aussteigen zu wollen, sah sich Verteidigungsministerin Ursula von der Leyen gen\u00f6tigt, am 18. Januar dieses Jahres schnell einen Artikel in der \u201eNew York Times\u201c zu ver\u00f6ffentlichen. In dem hat sie versucht, den von ihr als ungehobelt angesehenen Blondschopf im Wei\u00dfen Haus mit den wenigen ihr zur Verf\u00fcgung stehenden Mitteln zu umgarnen. <\/p>\n","protected":false},"author":3,"featured_media":5850,"comment_status":"closed","ping_status":"closed","sticky":false,"template":"","format":"standard","meta":{"colormag_page_container_layout":"default_layout","colormag_page_sidebar_layout":"default_layout","advanced_seo_description":"","jetpack_seo_html_title":"","jetpack_seo_noindex":false,"jetpack_post_was_ever_published":false,"footnotes":""},"categories":[12],"tags":[682,1021,56,693,185,396],"class_list":["post-5849","post","type-post","status-publish","format-standard","has-post-thumbnail","hentry","category-demokratie-medien-aufklaerung","tag-angela-merkel","tag-donald-trump","tag-nato","tag-neoliberalismus","tag-usa","tag-venezuela"],"jetpack_featured_media_url":"https:\/\/i0.wp.com\/www.freidenker.org\/fw17\/wp-content\/uploads\/2019\/02\/kenfm_berlin-eu-trump_800x445.jpg?fit=800%2C445&ssl=1","jetpack_shortlink":"https:\/\/wp.me\/p9stpK-1wl","jetpack-related-posts":[{"id":5296,"url":"https:\/\/www.freidenker.org\/?p=5296","url_meta":{"origin":5849,"position":0},"title":"Treffen Trump\/Putin und Militaristen am Rande des Nervenzusammenbruchs","author":"Webredaktion","date":"21. Juli 2018","format":false,"excerpt":"In der Rubrik Tagesdosis wurde am 20.07.2018 bei KenFM der Beitrag \u201eTreffen Trump\/Putin und Militaristen am Rande des Nervenzusammenbruchs\u201c von Klaus Hartmann, Vorsitzender des Deutschen Freidenker-Verbandes, ver\u00f6ffentlicht. Das Treffen der Pr\u00e4sidenten Trump und Putin in Helsinki wird einen langen Nachhall haben. Denn der Befund \u201ekeine konkreten Ergebnisse\u201c aus den Abteilungen\u2026","rel":"","context":"In &quot;Demokratie \u2013 Medien \u2013 Aufkl\u00e4rung&quot;","block_context":{"text":"Demokratie \u2013 Medien \u2013 Aufkl\u00e4rung","link":"https:\/\/www.freidenker.org\/?cat=12"},"img":{"alt_text":"","src":"https:\/\/i0.wp.com\/www.freidenker.org\/fw17\/wp-content\/uploads\/2018\/07\/Zeitungsdruck_800x445.jpg?fit=800%2C445&ssl=1&resize=350%2C200","width":350,"height":200,"srcset":"https:\/\/i0.wp.com\/www.freidenker.org\/fw17\/wp-content\/uploads\/2018\/07\/Zeitungsdruck_800x445.jpg?fit=800%2C445&ssl=1&resize=350%2C200 1x, https:\/\/i0.wp.com\/www.freidenker.org\/fw17\/wp-content\/uploads\/2018\/07\/Zeitungsdruck_800x445.jpg?fit=800%2C445&ssl=1&resize=525%2C300 1.5x, https:\/\/i0.wp.com\/www.freidenker.org\/fw17\/wp-content\/uploads\/2018\/07\/Zeitungsdruck_800x445.jpg?fit=800%2C445&ssl=1&resize=700%2C400 2x"},"classes":[]},{"id":6702,"url":"https:\/\/www.freidenker.org\/?p=6702","url_meta":{"origin":5849,"position":1},"title":"USA-Iran: Makabrer Tanz am Rande des Abgrunds","author":"Webredaktion","date":"14. Juli 2019","format":false,"excerpt":"In der Rubrik Tagesdosis wurde am 12.07.2019 bei KenFM der Beitrag \u201eUSA-Iran: Makabrer Tanz am Rande des Abgrunds\u201c von Rainer Rupp, Mitglied des Beirats des Deutschen Freidenker-Verbandes, ver\u00f6ffentlicht. Weder Trump noch Iran wollen einen hei\u00dfen Krieg. Nicht nur die Weltwirtschaft, und damit auch die US-Wirtschaft, w\u00fcrden durch den Krieg schwer\u2026","rel":"","context":"In &quot;Frieden - Antifaschismus - Solidarit\u00e4t&quot;","block_context":{"text":"Frieden - Antifaschismus - Solidarit\u00e4t","link":"https:\/\/www.freidenker.org\/?cat=13"},"img":{"alt_text":"","src":"https:\/\/i0.wp.com\/www.freidenker.org\/fw17\/wp-content\/uploads\/2019\/07\/iran-usa-ziel-geopolitik-agnes-karikaturen-800x445.jpg?fit=800%2C445&ssl=1&resize=350%2C200","width":350,"height":200,"srcset":"https:\/\/i0.wp.com\/www.freidenker.org\/fw17\/wp-content\/uploads\/2019\/07\/iran-usa-ziel-geopolitik-agnes-karikaturen-800x445.jpg?fit=800%2C445&ssl=1&resize=350%2C200 1x, https:\/\/i0.wp.com\/www.freidenker.org\/fw17\/wp-content\/uploads\/2019\/07\/iran-usa-ziel-geopolitik-agnes-karikaturen-800x445.jpg?fit=800%2C445&ssl=1&resize=525%2C300 1.5x, https:\/\/i0.wp.com\/www.freidenker.org\/fw17\/wp-content\/uploads\/2019\/07\/iran-usa-ziel-geopolitik-agnes-karikaturen-800x445.jpg?fit=800%2C445&ssl=1&resize=700%2C400 2x"},"classes":[]},{"id":9078,"url":"https:\/\/www.freidenker.org\/?p=9078","url_meta":{"origin":5849,"position":2},"title":"Medizin gegen politischen Brechreiz","author":"Webredaktion","date":"25. Dezember 2020","format":false,"excerpt":"Ein Kommentar von Rainer Rupp Bei KenFM werden die Gr\u00fcnde f\u00fcr das erneut weitverbreitete und wachsende politische Unwohlsein in unserem Land regelm\u00e4\u00dfig thematisiert. Gegen einen dieser Gr\u00fcnde, n\u00e4mlich gegen die irrationale und den Interessen unseres Landes zuwiderlaufende Aggressivit\u00e4t der Bundesregierung gegen Russland, schlage ich im zweiten Teil der heutigen Tagesdosis\u2026","rel":"","context":"In &quot;Frieden - Antifaschismus - Solidarit\u00e4t&quot;","block_context":{"text":"Frieden - Antifaschismus - Solidarit\u00e4t","link":"https:\/\/www.freidenker.org\/?cat=13"},"img":{"alt_text":"","src":"https:\/\/i0.wp.com\/www.freidenker.org\/fw17\/wp-content\/uploads\/2020\/12\/putin_veteranen_kremlin_800x450.jpg?fit=800%2C450&ssl=1&resize=350%2C200","width":350,"height":200,"srcset":"https:\/\/i0.wp.com\/www.freidenker.org\/fw17\/wp-content\/uploads\/2020\/12\/putin_veteranen_kremlin_800x450.jpg?fit=800%2C450&ssl=1&resize=350%2C200 1x, https:\/\/i0.wp.com\/www.freidenker.org\/fw17\/wp-content\/uploads\/2020\/12\/putin_veteranen_kremlin_800x450.jpg?fit=800%2C450&ssl=1&resize=525%2C300 1.5x, https:\/\/i0.wp.com\/www.freidenker.org\/fw17\/wp-content\/uploads\/2020\/12\/putin_veteranen_kremlin_800x450.jpg?fit=800%2C450&ssl=1&resize=700%2C400 2x"},"classes":[]},{"id":8914,"url":"https:\/\/www.freidenker.org\/?p=8914","url_meta":{"origin":5849,"position":3},"title":"\u201eVerantwortung \u00fcbernehmen\u201c \u2013 Wie wir hinters Licht gef\u00fchrt werden","author":"Webredaktion","date":"21. November 2020","format":false,"excerpt":"Ein Kommentar von Rainer Rupp. Wer den Fehler macht, sich \u00fcber \u00d6ffentlichrechtliche- und Konzernmedien zu informieren, der ist inzwischen \u00fcberzeugt, dass die US-Pr\u00e4sidentschaftswahlen bereits vor zwei Wochen beendet waren und Joe Biden der Gewinner ist. Tats\u00e4chlich wird es noch einige weitere Wochen keinen klaren Sieger geben. Aber warum wird die\u2026","rel":"","context":"In &quot;Demokratie \u2013 Medien \u2013 Aufkl\u00e4rung&quot;","block_context":{"text":"Demokratie \u2013 Medien \u2013 Aufkl\u00e4rung","link":"https:\/\/www.freidenker.org\/?cat=12"},"img":{"alt_text":"","src":"https:\/\/i0.wp.com\/www.freidenker.org\/fw17\/wp-content\/uploads\/2020\/11\/trump_biden_coll_800x450.jpg?fit=800%2C450&ssl=1&resize=350%2C200","width":350,"height":200,"srcset":"https:\/\/i0.wp.com\/www.freidenker.org\/fw17\/wp-content\/uploads\/2020\/11\/trump_biden_coll_800x450.jpg?fit=800%2C450&ssl=1&resize=350%2C200 1x, https:\/\/i0.wp.com\/www.freidenker.org\/fw17\/wp-content\/uploads\/2020\/11\/trump_biden_coll_800x450.jpg?fit=800%2C450&ssl=1&resize=525%2C300 1.5x, https:\/\/i0.wp.com\/www.freidenker.org\/fw17\/wp-content\/uploads\/2020\/11\/trump_biden_coll_800x450.jpg?fit=800%2C450&ssl=1&resize=700%2C400 2x"},"classes":[]},{"id":8894,"url":"https:\/\/www.freidenker.org\/?p=8894","url_meta":{"origin":5849,"position":4},"title":"Eine Alternative zum westlichen Neoliberalismus","author":"Webredaktion","date":"15. November 2020","format":false,"excerpt":"Ein Kommentar von Rainer Rupp. Bis zum 14. Dezember 2020, der Tag, an dem die Wahlm\u00e4nner der US-Bundesstaaten sich zum Electoral College versammeln und den US-Pr\u00e4sidenten f\u00fcr die n\u00e4chsten 4 Jahre w\u00e4hlen, sind es noch \u00fcber vier Wochen hin. Bis zu dem Zeitpunkt ist Joe Biden noch nicht Pr\u00e4sident, auch\u2026","rel":"","context":"In &quot;Demokratie \u2013 Medien \u2013 Aufkl\u00e4rung&quot;","block_context":{"text":"Demokratie \u2013 Medien \u2013 Aufkl\u00e4rung","link":"https:\/\/www.freidenker.org\/?cat=12"},"img":{"alt_text":"","src":"https:\/\/i0.wp.com\/www.freidenker.org\/fw17\/wp-content\/uploads\/2020\/11\/Putin_und_Jinping_800x450.jpg?fit=800%2C450&ssl=1&resize=350%2C200","width":350,"height":200,"srcset":"https:\/\/i0.wp.com\/www.freidenker.org\/fw17\/wp-content\/uploads\/2020\/11\/Putin_und_Jinping_800x450.jpg?fit=800%2C450&ssl=1&resize=350%2C200 1x, https:\/\/i0.wp.com\/www.freidenker.org\/fw17\/wp-content\/uploads\/2020\/11\/Putin_und_Jinping_800x450.jpg?fit=800%2C450&ssl=1&resize=525%2C300 1.5x, https:\/\/i0.wp.com\/www.freidenker.org\/fw17\/wp-content\/uploads\/2020\/11\/Putin_und_Jinping_800x450.jpg?fit=800%2C450&ssl=1&resize=700%2C400 2x"},"classes":[]},{"id":4542,"url":"https:\/\/www.freidenker.org\/?p=4542","url_meta":{"origin":5849,"position":5},"title":"Hochr\u00fcstung und Krieg: Aus Berlin nichts Neues","author":"Webredaktion","date":"16. Februar 2018","format":false,"excerpt":"In der Rubrik Tagesdosis wurde am 09.02.2018 bei KenFM der Beitrag \"Hochr\u00fcstung und Krieg: Aus Berlin nichts Neues\" von Klaus Hartmann ver\u00f6ffentlicht. Waren Sie auch so brennend an den Berliner Koalitionsverhandlungen interessiert? M\u00fcsste wohl, den t\u00e4glichen, ja st\u00fcndlichen Wasserstandsmeldungen in Presse, Funk und Fernsehen nach zu urteilen. Sagen Sie jetzt\u2026","rel":"","context":"In &quot;Demokratie \u2013 Medien \u2013 Aufkl\u00e4rung&quot;","block_context":{"text":"Demokratie \u2013 Medien \u2013 Aufkl\u00e4rung","link":"https:\/\/www.freidenker.org\/?cat=12"},"img":{"alt_text":"","src":"https:\/\/i0.wp.com\/www.freidenker.org\/fw17\/wp-content\/uploads\/2018\/02\/Tagesdosis_2018-02-09.jpg?fit=800%2C445&ssl=1&resize=350%2C200","width":350,"height":200,"srcset":"https:\/\/i0.wp.com\/www.freidenker.org\/fw17\/wp-content\/uploads\/2018\/02\/Tagesdosis_2018-02-09.jpg?fit=800%2C445&ssl=1&resize=350%2C200 1x, https:\/\/i0.wp.com\/www.freidenker.org\/fw17\/wp-content\/uploads\/2018\/02\/Tagesdosis_2018-02-09.jpg?fit=800%2C445&ssl=1&resize=525%2C300 1.5x, https:\/\/i0.wp.com\/www.freidenker.org\/fw17\/wp-content\/uploads\/2018\/02\/Tagesdosis_2018-02-09.jpg?fit=800%2C445&ssl=1&resize=700%2C400 2x"},"classes":[]}],"_links":{"self":[{"href":"https:\/\/www.freidenker.org\/index.php?rest_route=\/wp\/v2\/posts\/5849","targetHints":{"allow":["GET"]}}],"collection":[{"href":"https:\/\/www.freidenker.org\/index.php?rest_route=\/wp\/v2\/posts"}],"about":[{"href":"https:\/\/www.freidenker.org\/index.php?rest_route=\/wp\/v2\/types\/post"}],"author":[{"embeddable":true,"href":"https:\/\/www.freidenker.org\/index.php?rest_route=\/wp\/v2\/users\/3"}],"replies":[{"embeddable":true,"href":"https:\/\/www.freidenker.org\/index.php?rest_route=%2Fwp%2Fv2%2Fcomments&post=5849"}],"version-history":[{"count":0,"href":"https:\/\/www.freidenker.org\/index.php?rest_route=\/wp\/v2\/posts\/5849\/revisions"}],"wp:featuredmedia":[{"embeddable":true,"href":"https:\/\/www.freidenker.org\/index.php?rest_route=\/wp\/v2\/media\/5850"}],"wp:attachment":[{"href":"https:\/\/www.freidenker.org\/index.php?rest_route=%2Fwp%2Fv2%2Fmedia&parent=5849"}],"wp:term":[{"taxonomy":"category","embeddable":true,"href":"https:\/\/www.freidenker.org\/index.php?rest_route=%2Fwp%2Fv2%2Fcategories&post=5849"},{"taxonomy":"post_tag","embeddable":true,"href":"https:\/\/www.freidenker.org\/index.php?rest_route=%2Fwp%2Fv2%2Ftags&post=5849"}],"curies":[{"name":"wp","href":"https:\/\/api.w.org\/{rel}","templated":true}]}}