{"id":5838,"date":"2019-02-05T06:35:49","date_gmt":"2019-02-05T05:35:49","guid":{"rendered":"https:\/\/www.freidenker.org\/?p=5838"},"modified":"2019-03-04T13:21:26","modified_gmt":"2019-03-04T12:21:26","slug":"untergehen-mit-mann-und-maas-per-voelkerrechtsbruch-soll-venezuela-demokratisiert-werden","status":"publish","type":"post","link":"https:\/\/www.freidenker.org\/?p=5838","title":{"rendered":"Untergehen mit Mann und Maas \u2013 Per V\u00f6lkerrechtsbruch soll Venezuela \u201edemokratisiert\u201c werden"},"content":{"rendered":"<p><img data-recalc-dims=\"1\" loading=\"lazy\" decoding=\"async\" data-attachment-id=\"5839\" data-permalink=\"https:\/\/www.freidenker.org\/?attachment_id=5839\" data-orig-file=\"https:\/\/i0.wp.com\/www.freidenker.org\/fw17\/wp-content\/uploads\/2019\/02\/venelectioncomp.jpg?fit=1080%2C1080&amp;ssl=1\" data-orig-size=\"1080,1080\" data-comments-opened=\"0\" data-image-meta=\"{&quot;aperture&quot;:&quot;0&quot;,&quot;credit&quot;:&quot;&quot;,&quot;camera&quot;:&quot;&quot;,&quot;caption&quot;:&quot;&quot;,&quot;created_timestamp&quot;:&quot;0&quot;,&quot;copyright&quot;:&quot;&quot;,&quot;focal_length&quot;:&quot;0&quot;,&quot;iso&quot;:&quot;0&quot;,&quot;shutter_speed&quot;:&quot;0&quot;,&quot;title&quot;:&quot;&quot;,&quot;orientation&quot;:&quot;0&quot;}\" data-image-title=\"venelectioncomp\" data-image-description=\"\" data-image-caption=\"\" data-large-file=\"https:\/\/i0.wp.com\/www.freidenker.org\/fw17\/wp-content\/uploads\/2019\/02\/venelectioncomp.jpg?fit=800%2C800&amp;ssl=1\" class=\"size-large wp-image-5839 aligncenter\" src=\"https:\/\/i0.wp.com\/www.freidenker.org\/fw17\/wp-content\/uploads\/2019\/02\/venelectioncomp.jpg?resize=800%2C800&#038;ssl=1\" alt=\"\" width=\"800\" height=\"800\" srcset=\"https:\/\/i0.wp.com\/www.freidenker.org\/fw17\/wp-content\/uploads\/2019\/02\/venelectioncomp.jpg?resize=1024%2C1024&amp;ssl=1 1024w, https:\/\/i0.wp.com\/www.freidenker.org\/fw17\/wp-content\/uploads\/2019\/02\/venelectioncomp.jpg?resize=150%2C150&amp;ssl=1 150w, https:\/\/i0.wp.com\/www.freidenker.org\/fw17\/wp-content\/uploads\/2019\/02\/venelectioncomp.jpg?resize=300%2C300&amp;ssl=1 300w, https:\/\/i0.wp.com\/www.freidenker.org\/fw17\/wp-content\/uploads\/2019\/02\/venelectioncomp.jpg?resize=768%2C768&amp;ssl=1 768w, https:\/\/i0.wp.com\/www.freidenker.org\/fw17\/wp-content\/uploads\/2019\/02\/venelectioncomp.jpg?w=1080&amp;ssl=1 1080w\" sizes=\"auto, (max-width: 800px) 100vw, 800px\" \/><\/p>\n<p style=\"text-align: right;\">Dr. Gniffkes Macht um acht<\/p>\n<p><strong>Untergehen mit Mann und Maas<br \/>\nPer V\u00f6lkerrechtsbruch soll Venezuela \u201edemokratisiert\u201c werden \/ Gro\u00dfe Nebelwerfer und kleine Lichter bei ARD-aktuell<\/strong><\/p>\n<p><em>Von <strong>Friedhelm Klinkhammer<\/strong> und <strong>Volker Br\u00e4utigam<\/strong><\/em><\/p>\n<p><strong>Die AgitProp-Bastler der ARD-aktuell haben zum Thema \u201eMachtkampf in Venezuela\u201c bereits soviel Pfusch geliefert, dass ein Ziel ihrer Meinungsmache weitgehend verfehlt wird: dar\u00fcber hinwegzut\u00e4uschen, dass die USA in Caracas putschen lassen. Washingtons Vasallen in Lateinamerika \u2013 und in der Europ\u00e4ischen Union \u2013 unterst\u00fctzen die repressive Einmischung. Der V\u00f6lkerrechtsbruch ist evident, aber die Nachrichtenschreiber vermeiden peinlichst, dar\u00fcber gr\u00fcndlich zu informieren. Der Propagandakrieg des Westens zielt nicht nur darauf ab, diesen oder jenen Pr\u00e4sidenten, Maduro oder Putin, Xi oder Kim, als das personifizierte B\u00f6se darzustellen. Absicht ist, dass am Ende niemand mehr irgendeinem irgendetwas glaubt. Eine Gesellschaft der Orientierungslosen ist einfacher beherrschbar.<\/strong><\/p>\n<p>\u00c4hnlich, wie Kriege nicht mehr f\u00fcr den Sieg einer Nation \u00fcber eine andere gef\u00fchrt werden, sondern zwecks Chaotisierens einer ganzen Region, die dann von der internationalen Kapitalelite hemmungslos ausbeutet wird, geht es im AgitProp-Krieg um die Zerst\u00f6rung von Wertvorstellungen und Wertma\u00dfst\u00e4ben. Der Rechtsnihilismus wird zur Normalit\u00e4t erhoben, Orientierungslosigkeit zum Regelfall. Am Ende kann beispielsweise die Tagesschau schamfrei einen Regierungssprecher in Berlin mit der Bemerkung zitieren, er wisse nichts Genaueres von Verfassung und Wahlsystem Venezuelas, aber Maduro m\u00fcsse zur\u00fccktreten und Neuwahlen ausschreiben, weil seine Pr\u00e4sidentschaft nicht legal sei. Der Sprecher muss nicht f\u00fcrchten, dass die Journaille ihn und seinen Dienstherrn daf\u00fcr \u00f6ffentlich zur Schnecke macht.<\/p>\n<p>In Caracas ist ein von den USA betriebener und von Deutschland diplomatisch unterst\u00fctzter Umsturzversuch zugange. (1) Journalistenstimmen der Vernunft und der Kritik sind jedoch rar. Pars pro toto und Ehrenrettung der Gilde hier die Mahnung des Kommentators der \u201eN\u00fcrnberger Nachrichten\u201c, Georg Escher:<\/p>\n<blockquote><p>Soll es in Venezuela Neuwahlen geben? Und wenn ja, wer entscheidet das: die Venezolaner oder ausw\u00e4rtige M\u00e4chte? In diesem Konflikt wird exemplarisch sichtbar, wie verwildert das internationale Recht mittlerweile ist. (2)<\/p><\/blockquote>\n<p>Eschers Kurzformel ist so zu auszulegen: Verwildert ist zwar nicht das internationale Recht, wohl aber der Umgang damit. Und das trifft auf unsere Politiker und ihre mediale Kumpanei gleicherma\u00dfen zu. Sie treiben Hand in Hand Schindluder mit dem V\u00f6lkerrecht:<\/p>\n<blockquote><p>\u201eDas Europaparlament positioniert sich in der Diskussion um den Umgang mit der Lage in Venezuela. Die Abgeordneten beschlossen mit gro\u00dfer Mehrheit, Oppositionsf\u00fchrer Juan Guaid\u00f3 als rechtm\u00e4\u00dfigen Interimspr\u00e4sidenten des s\u00fcdamerikanischen Landes anzuerkennen. Gleichzeitig forderten sie die Regierungen der EU-Staaten auf, dieser Entscheidung zu folgen. Als Grund f\u00fcr die klare Positionierung wurden in der verabschiedeten Erkl\u00e4rung die j\u00fcngsten \u00c4u\u00dferungen des amtierenden Pr\u00e4sidenten Nicol\u00e1s Maduro genannt. Dieser hatte die EU-Forderung nach einer umgehenden fairen Neuwahl des Pr\u00e4sidenten in dem Land \u00f6ffentlich abgelehnt.<br \/>\nOb sich die EU-Staaten auf eine gemeinsame Linie in der Frage der Anerkennung Guaid\u00f3s einigen k\u00f6nnen, ist bislang unklar. Zu dem Thema soll es am Nachmittag noch einmal Gespr\u00e4che bei einem informellen Au\u00dfenministertreffen in der rum\u00e4nischen Hauptstadt Bukarest geben.\u201c (3)<\/p><\/blockquote>\n<p>Der Journalismus, speziell der \u00f6ffentlich-rechtliche, habe die Aufgabe, Menschen unterschiedlichen Wissensstandes und unterschiedlicher Auffassungsgabe die Welt zu erkl\u00e4ren (4), konstatierte j\u00fcngst der Gr\u00fcndungsintendant des Deutschlandradios, Ernst Elitz. Dass er die ARD-aktuell dabei als vorbildlich im Sinne hatte, ist nicht erwiesen. Diese Redaktion unterschlug in der Venezuela-Berichterstattung schon ungez\u00e4hlte Informationen, die im Sinne ihres gesetzlichen Programmauftrags unerl\u00e4sslich gewesen w\u00e4ren.\u00a0 \u00a0 \u00a0 An erster Stelle: Der Hinweis auf die Verpflichtung aller Staatsf\u00fchrungen zu friedlicher Konfliktl\u00f6sung und das Verbot der Gewaltandrohung, verankert in der Charta der Vereinten Nationen:<\/p>\n<blockquote><p>Alle Mitglieder unterlassen in ihren internationalen Beziehungen jede gegen die territoriale Unversehrtheit oder die politische Unabh\u00e4ngigkeit eines Staates gerichtete oder sonst mit den Zielen der Vereinten Nationen unvereinbare Androhung oder Anwendung von Gewalt. (5)<\/p><\/blockquote>\n<p>In der oben zitierten Tagesschau-Meldung wurde kein Versuch unternommen, so sachlich und umfassend zu informieren, dass jedermann\/frau dazu bef\u00e4higt wurde, sich eine qualifizierte eigene Meinung \u00fcber die Vorg\u00e4nge in Venezuela zu bilden. Es fehlte u.a. die Erkl\u00e4rung, dass das EU-Parlament keinerlei au\u00dfenpolitische Kompetenz hat. Sein Beschluss war eine opportunistische Fensterrede.<br \/>\nEs fehlte eine Anmerkung, dass im internationalen Umgang nicht Personen \u201eanzuerkennen\u201c sind, sondern nur Staaten und deren Regierungen, und dass es allenfalls Sache des Weltsicherheitsrates w\u00e4re, festzustellen, ob eine Regierung legal im Amt ist oder nicht. Konsequenterweise unterschlug die Tagesschau die Nachricht, dass UN-Generalsekret\u00e4r Ant\u00f3nio Guterres Zur\u00fcckhaltung anmahnte, zum Dialog mit der rechtm\u00e4\u00dfigen Regierung in Caracas aufrief (6), und dass der Weltsicherheitsrat die Forderung Washingtons nach Anerkennung des selbsternannten Pr\u00e4sidenten Juan Guaid\u00f3 am 27. Januar abgelehnt hat. (7)<\/p>\n<p>Die Tagesschau verlor bisher auch kein Wort dar\u00fcber, dass in Venezuela ein au\u00dferordentlich transparentes und sicheres Wahlsystem gilt, so dass in den vergangenen 30 Jahren niemals der Vorwurf von Wahlmanipulation erhoben wurde, ganz anders als in den USA und vielen anderen lateinamerikanischen Staaten. Kein Wort, dass Maduro vor gut einem Jahr formal korrekt mit 67,8 Prozent der Stimmen wiedergew\u00e4hlt wurde, bei allerdings nur knapp 48 Prozent Wahlbeteiligung, weil die traditionell zerstrittene Opposition sich nicht auf einen Gegenkandidaten verst\u00e4ndigt und deshalb die Wahl boykottiert hatte. (8) Kein Tagesschau-Hinweis, dass es typisches Oppositionsgeschw\u00e4tz ist, dieses Manko an Wahlbeteiligung nun Maduro in die Schuhe zu schieben und seiner Wiederwahl die Legitimit\u00e4t abzusprechen.<\/p>\n<p>Die Tagesschau verschwieg, dass US-Au\u00dfenminister Pompeo auch auf der Konferenz der OAS, der Organisation Amerikanischer Staaten, mit seinem Versuch gescheitert war, den Oppositionspolitiker Guaid\u00f3 als neuen Pr\u00e4sidenten Venezuelas anerkennen zu lassen: Dazu w\u00e4re eine Zwei-Drittel-Mehrheit erforderlich gewesen. Von den 34 Mitgliedsstaaten stimmten jedoch nur 16 zu, nicht einmal die H\u00e4lfte. (9) Kein Wort verlor die Tagesschau dar\u00fcber, dass zusammen mit den USA im Weltsicherheitsrat ihr europ\u00e4ischer Hampelmann gescheitert war, Neuling Heiko Maas; unser H\u00e4uptling Gro\u00dfe Klappe hatte sogar in diesem erlauchten Kreis rotzfrech und ultimativ \u201eunverz\u00fcgliche Neuwahlen\u201c in Venezuela gefordert. (10)<\/p>\n<p>Es ist inzwischen Standard der Tagesschau, dass sie die Pleiten deutscher Au\u00dfenpolitik auf der Weltb\u00fchne ignoriert. Das erweist sich an ihrer oben zitierten Meldung auch aus europ\u00e4ischem Blickwinkel. (11) Es sei unklar, ob sich die europ\u00e4ischen Au\u00dfenminister auf eine Linie hinsichtlich der Anerkennung des selbsternannten \u201e\u00dcbergangspr\u00e4sidenten\u201c Guaid\u00f3 einigen k\u00f6nnten. Nein, liebe Tante Tagesschau, das konnten sie nicht; du h\u00e4ttest es melden m\u00fcssen, dass unser nassforscher Au\u00dfenminister auch in Bukarest im Kreis seiner EU-Kollegen nicht \u00fcberzeugen konnte.<\/p>\n<p>Am 3. Februar meldete die Tagesschau lapidar:<\/p>\n<blockquote><p>Venezuelas Pr\u00e4sident Maduro lehnt es weiter ab, eine Pr\u00e4sidentenwahl anzusetzen. Heute endet dazu eine Frist, die ihm Deutschland und sechs weitere EU-Staaten gesetzt hatten. Nach Ablauf wollen sie den selbsternannten \u00dcbergangspr\u00e4sidenten Guaid\u00f3 anerkennen. (12)<\/p><\/blockquote>\n<p>Wie lange wird es wohl noch dauern, bis ARD-aktuell zu offener Hetze \u00fcbergeht und Maduro nicht mehr als \u201ePr\u00e4sident\u201c, sondern als \u201eMachthaber\u201c betitelt? Demonstrativ auf Linie der Berliner Regierung unterlie\u00df die Tagesschau auch in dieser Meldung die elementare Mitteilung, dass 21 EU-Regierungen, die gro\u00dfe Mehrheit, sich dem undiplomatischen deutschen Vorsto\u00df ausdr\u00fccklich nicht angeschlossen hatten und, anders als Heiko Maas, keinen Grund sahen, einen B\u00fcckling vor der imperialistischen Politik Washingtons zu machen. Entschieden hatten Griechenland, \u00d6sterreich und Italien erkl\u00e4rt, dass eine Anerkennung Guaid\u00f3s f\u00fcr sie \u00fcberhaupt nicht infrage komme. (13)<\/p>\n<p>Mit keiner Silbe wurde in den 20-Uhr-Sendungen des ersten Februarwochenendes erw\u00e4hnt, dass die Mehrheit der EU-Regierungen lieber eine Vermittlerrolle gespielt h\u00e4tte; dass die Pr\u00e4sidenten Mexicos und Uruguays bereit sind, unter Einschluss europ\u00e4ischer Vertreter alle in dem Konflikt engagierten Regierungen zu einer Schlichtungskonferenz einzuladen; dass die EU-Au\u00dfenbeauftragte Federica Mogherini deshalb in Montevideo bereits Gespr\u00e4che mit Uruguays Staatspr\u00e4sident Tabar\u00e9 V\u00e1zquez f\u00fchrte und anschlie\u00dfend einger\u00e4umt hatte, f\u00fcr die Anerkennung Guaid\u00f3s als legitimer Pr\u00e4sident Venezuelas werde es \u201ewahrscheinlich keine Mehrheit geben\u201c. (14)<\/p>\n<p>F\u00fcr derlei objektivierende Informationen ist in einer Tagesschau-Hauptausgabe einfach kein Platz. Da kann zwar mitgeteilt werden, Pr\u00e4sident Maduro habe vorgezogene Parlamentsneuwahlen angek\u00fcndigt (15), weiterf\u00fchrende Ausk\u00fcnfte unterbleiben jedoch \u2013 trotz des teuren Netzes von ARD-Auslandstudios und ihrer f\u00fcr Recherchen besoldeter Korrespondenten. Beispielsweise, ob Maduros Ank\u00fcndigung neue \u00dcberlegungen rechtfertige und nun ein Aussetzen des Ultimatums unter Gesichtswahrung und verst\u00e4rkte diplomatische Bem\u00fchungen angebracht seien. Das schafft die Tagesschau nicht, obwohl sich eine entsprechende Befragung des peinlich unqualifizierten Heiko Maas geradezu aufdr\u00e4ngte.<\/p>\n<p>Viel war in den Nachrichten des \u201eErsten Deutschen Fernsehens\u201c hingegen vom vorgeblichen venezolanischen Demokratiedefizit die Rede als dem Motiv des Westens, nun einen \u201eregime change\u201c herbeizupressen. Die Tagesschau verweist in ihren Sendungen und Internet-Auftritten darauf, dass die USA dabei das \u00d6l Venezuelas im Auge h\u00e4tten. Das eine passt schwerlich zum anderen. In der Tat hat US-Sicherheitsberater John Bolton, ein Kriegstreiber allererster G\u00fcte, vor wenigen Tagen ganz unverbl\u00fcmt bekannt, er wolle Maduro aus dem Amt hebeln, um Zugriff auf das \u00d6l Venezuelas zu bekommen. (16) Es ist jedoch nur eine Scheinobjektivit\u00e4t, die sich die Tagesschau hier genehmigt. Sie enth\u00e4lt sich jeder Aussage \u00fcber die grunds\u00e4tzliche Illegalit\u00e4t der ma\u00dflosen US- Begehrlichkeiten.<\/p>\n<p>Das wahre Motiv der USA erw\u00e4hnte sie ohnehin nie: \u00d6l aus Venezuela wird an chinesischen B\u00f6rsen gehandelt, gegen chinesische Yuan, und nicht mehr gegen Dollar in New York. (17) Washington f\u00fcrchtet um den Wert des Petro-Dollar und wei\u00df zugleich, dass Fracking-\u00d6l und Fracking-Gas aus US-Quellen im Welthandel langfristig nicht konkurrenzf\u00e4hig sind und die Zukunft der US-Energieproduktion damit ungewiss ist.<\/p>\n<p>Russlands Rosneft-Konzern ist der haupts\u00e4chliche Vermarkter des venezolanischen \u00d6ls. Indem John Bolton und Finanzminister Steven Mnuchin das venezolanische Tankstellennetz CITGO in den USA praktisch beschlagnahmen \u2013 CITGO ist eine Tochtergesellschaft in Venezuelas Staatskonzern PDVSA \u2013 erkl\u00e4ren sie Caracas und Moskau zugleich den offenen Handelskrieg. (18) Hier geht es um hunderte Milliarden Dollar: CITGO geh\u00f6rt zu den Garantie-Effekten f\u00fcr die russischen Staatskredite, denen die Regierung Maduro ihr \u00dcberleben trotz der Embargo-Politik der USA verdankt.<\/p>\n<p>CITGO darf jetzt zwar weiterhin \u00d6l aus Venezuela importieren, der Erl\u00f6s geht aber auf US-kontrollierte Sperrkonten. Maduro reagierte prompt: \u00d6ltransporte in die USA sind nur noch gegen Vorkasse erlaubt \u2013 beim Ablegen der Tanker in Venezuela.<br \/>\nRaub als Mittel der Politik wird von den USA allerdings schon seit Generationen ver\u00fcbt, sie haben ihn quasi salonf\u00e4hig gemacht. Das mag erkl\u00e4ren, warum die Tagesschau auch von der rechtswidrigen Seite der CITGO-Aff\u00e4re keine Notiz nimmt; es entschuldigt die ARD-Qualit\u00e4tsjournaille aber keineswegs.<\/p>\n<p>Der Laden beehrt uns \u2013 vorerst noch folgenlos \u2013 mit Nachrichtenprodukten wie diesem:<\/p>\n<blockquote><p>In Venezuela hat der selbsternannte \u00dcbergangspr\u00e4sident Guaid\u00f3 seinen Plan f\u00fcr die Zukunft des Landes vorgestellt. Milit\u00e4rische Unterst\u00fctzung durch die USA lehnt er zum jetzigen Zeitpunkt ab. Lieferungen von Lebensmitteln will er zulassen. In Caracas sagte Guaid\u00f3, die Polizei wolle ihn einsch\u00fcchtern. Er versucht, Staatschef Maduro abzusetzen. Dessen Wiederwahl sei nicht legitim gewesen. Unter anderem die USA haben Guaid\u00f3 bereits anerkannt. (19)<\/p><\/blockquote>\n<p>Da kommt bei den Tagesschauern keineswegs die Frage auf, was wohl hierzulande gesch\u00e4he, wenn sich ein erfolgloser Oppositionspolitiker nach monatelangen Geheimgespr\u00e4chen in Moskau und Beijing selbst zum Kanzler ausriefe und sofort von Moskau anerkannt w\u00fcrde: Garantiert w\u00fcrde ihm Schlimmeres widerfahren als nur \u201eEinsch\u00fcchterungsabsichten\u201c der Polizei. Er s\u00e4\u00dfe umgehend wegen Hochverrats im Knast. Dass der selbsternannte \u201e\u00dcbergangspr\u00e4sident\u201c Guaid\u00f3 seit Monaten auf geheimen Treffen mit Diplomaten in Kanada, Brasilien, Kolumbien und den USA auf seinen Putschversuch vorbereitet worden war, hatte selbst die transatlantisch getrimmte US-Nachrichtenagentur Associated Press gemeldet, (20) nicht aber unsere Tagesschau.<\/p>\n<p>Die lie\u00df stattdessen ihre Moskau-Korrespondentin Ina Ruck Ger\u00fcchte weitertratschen, Maduro wolle 20 Tonnen Gold mit einem geheimnisvollen russischen Flugzeug aus Venezuela nach Russland \u201ein Sicherheit bringen\u201c. Im \u00dcbrigen sei Moskau besorgt, weil beim Wechsel Venezuelas ins westliche Lager keine russischen Waffen mehr dorthin verkauft werden k\u00f6nnten. (21) \u201eOpportune Zeugen\u201c f\u00fcr solchen Stuss findet eine Qualit\u00e4tskorrespondentin allemal. Richtig ist dagegen \u2013 und wurde deshalb verschwiegen \u2013 dass die Bank von England in vorauseilendem US-Gehorsam die Herausgabe venezolanischer Goldreserven im Wert von 1,2 Mrd. Dollar verweigert. (22) Es ist nur eine der vielen Aktionen, Maduros sozialistisches Venezuela kaputt zu machen.<\/p>\n<p>In einer weiteren Sendung unterst\u00fctzte die Tagesschau transatlantische Akzeptanzstrategien des geh\u00e4tschelten \u201e\u00dcbergangspr\u00e4sidenten\u201c Guaid\u00f3 und berichtete, er habe sich an Moskau und an Beijing gewandt: Maduro sei nicht in der Lage, ihre Investitionen in Venezuela zu sch\u00fctzen, er aber werde allen sich daraus ergebenden Verpflichtungen weiter nachkommen. (23, 24)<\/p>\n<p>Die Tagesschau verleiht Washingtons j\u00fcngstem Putschisten sogar die Aura eines wohlt\u00e4tigen Volksfreundes: Er \u201e<em>vertritt die Interessen der Armen\u201c<\/em>, hei\u00dft es in einem als politisches Portrait getarnten R\u00fchrst\u00fcck auf tagesschau.de. (25) Es kommt eben drauf an, wie man die Dinge interpretiert. Als einen seiner ersten Schritte werde er den staatlichen \u00d6lkonzern PDVSA privatisieren (d.h. ihn dem Zugriff US-amerikanischer Investoren anheimgeben), hatte Guaid\u00f3 an anderer Stelle bereits wissen lassen. (26) Das berichtet die Tagesschau wiederum nicht. Was die Privatisierung eines Staatsbetriebes mit dem Volkswohl zu tun hat, wei\u00df der deutsche Zuschauer n\u00e4mlich recht genau: absolut nichts. Er hat es beispielhaft an der Geschichte der Deutschen Bundesbahn (heute Bahn AG) und dem ruin\u00f6sen Umgang der Treuhand mit den DDR-Staatsbetrieben studieren d\u00fcrfen.<\/p>\n<p>ARD-aktuell setzt dagegen in all ihren Angebotsformaten Maduro auf die Anklagebank: den Sozialisten, dessen untaugliche Wirtschafts- und Sozialpolitik Venezuela in Armut und Elend gef\u00fchrt habe. Gegen solche Agitation, die den Beschuldigten nicht zu Wort kommen l\u00e4sst, Fakten erfindet und mit L\u00fcge und Halbwahrheit arbeitet, kann man nur sehr begrenzt rational argumentieren. Negativbeweise sind selten m\u00f6glich und noch seltener sinnvoll. Aus guten Gr\u00fcnden gilt vor Gericht der Grundsatz, dass nicht der Beklagte seine Unschuld, sondern der Kl\u00e4ger die Schuld des Beklagten nachweisen muss. Im Kombinat von Politik und Medien ist dieser Grundsatz aufgehoben. Es gilt als Fakt, was die USA behaupten. Die Anwendung des Goebbels-Rezepts ist Normalit\u00e4t: L\u00fcge so oft wiederholen, bis sie als Wahrheit empfunden wird \u2013 die t\u00e4gliche Praxis aller Qualit\u00e4tsjournalisten. Die Tagesschau macht mit, an erster und wichtigster Stelle.<br \/>\nSie l\u00e4sst nicht erkennen, dass die USA in Venezuela das V\u00f6lkerrecht schreddern und a la Maidan dabei sind, eine demokratisch gew\u00e4hlte Regierung zu st\u00fcrzen \u2013 wenn es denn sein muss, mit krimineller Gewalt auf der Stra\u00dfe und mit der Folge einer faschistischen Diktatur. (27) Neben Venezuela waren in diesem Jahrhundert auch Haiti und Honduras (dieses Land sogar zweimal) Objekte US-amerikanischer Milit\u00e4rinterventionen. (28, 29) Da warf die Tagesschau aber weder die Demokratiefrage, noch reklamierte sie die Missachtung der Souver\u00e4nit\u00e4t jener L\u00e4nder und des V\u00f6lkerrechts.<\/p>\n<p><em>\u201eDas Dach der Freiheit wankt\u201c<\/em> titelt die Neue Z\u00fcricher Zeitung wolkig; der Westen verdr\u00e4nge zugunsten wirtschaftlicher Interessen zunehmend moralische Bedenken. (30) Nicht mal die Schweizer schnallen mehr, dass politisches Handeln zwar keinen Moralgesetzen folgen muss, wohl aber nach den Regeln des V\u00f6lkerrechtes zu bewerten ist. Auch dann, wenn \u201eder Westen\u201c dieses Regelwerk vollends ignoriert.<\/p>\n<p>Das Fehlen jeglicher Moral und allen Rechtsbewusstseins demonstrierte Kriegshetzer und Hassprediger John Bolton: Maduro werde \u201ein Guantanamo enden\u201c, falls er nicht endlich zur\u00fccktrete und aus Venezuela verschwinde. (31, 32) Der Sicherheitsberater des US-Pr\u00e4sidenten droht einem Staatsoberhaupt mit dem weltweit ber\u00fcchtigten US-Folterlager. Er belegt die KZ-W\u00e4chter-Gesinnung des Regimes in Washington und seiner Hinterm\u00e4nner. Die Tagesschau fand auch das nicht berichtenswert. Der Vereinigte Staatenstreich wird von ihr sch\u00f6ngeschwiegen.<\/p>\n<p>Honduras, anders als Venezuela, hat weder \u00d6l, noch Goldvorkommen noch Seltene Erden. Daf\u00fcr aber einen blutr\u00fcnstigen Diktator von Washingtons Gnaden, den korrupten Schuft Juan Orlando Hern\u00e1ndez (dem deutsche Parteistiftungen den Steigb\u00fcgel hielten). Die un\u00fcbersehbaren Massenproteste der Honduraner (33, 34), Ausdruck ihrer Sehnsucht nach R\u00fcckkehr demokratischer Verh\u00e4ltnisse und sozialen Reformen kommen in der Tagesschau-Berichterstattung allerdings nicht vor. Wie will eine Redaktion, die sich dergestalt und permanent doppelter Standards beflei\u00dfigt, jemals \u201esachlich und unabh\u00e4ngig\u201c berichten, die \u201eGrunds\u00e4tze der Objektivit\u00e4t\u201c wahren und einen \u201eumfassenden \u00dcberblick \u00fcber das internationale Geschehen\u201c geben? (35)<\/p>\n<p>Wenn sich Fl\u00fcchtlingstrecks aus Guatemala und aus Honduras nach USA auf den Weg machen, dann moralisiert ARD-aktuell gegen die Mauerpolitik des US-Pr\u00e4sidenten Trump was das Zeug h\u00e4lt. Grund der Fluchtwelle seien Armut und Hunger, meldet die Tageschau und bleibt damit sch\u00f6n brav an der Oberfl\u00e4che. Sie meldet nicht, wer die Armut und den Hunger verursacht, geschweige die deutsche Mitschuld. Das w\u00e4re zuviel objektive und umfassende Information.<\/p>\n<p>In Gniffkes Namen: Das geht gar nicht.<\/p>\n<p><u>Quellen:<\/u><\/p>\n<p>(1) <a href=\"https:\/\/www.german-foreign-policy.com\/news\/detail\/7842\/\" target=\"_blank\" rel=\"noopener\">https:\/\/www.german-foreign-policy.com\/news\/detail\/7842\/<\/a><br \/>\n(2) <a href=\"http:\/\/www.nordbayern.de\/politik\/venezuela-krise-schluss-mit-emporung-es-braucht-regeln-1.8557099\" target=\"_blank\" rel=\"noopener\">http:\/\/www.nordbayern.de\/politik\/venezuela-krise-schluss-mit-emporung-es-braucht-regeln-1.8557099<\/a><br \/>\n(3) <a href=\"https:\/\/www.tagesschau.de\/ausland\/europaparlament-guaido-101.html\" target=\"_blank\" rel=\"noopener\">https:\/\/www.tagesschau.de\/ausland\/europaparlament-guaido-101.html<\/a><br \/>\n(4 <a href=\"https:\/\/www.deutschlandfunk.de\/ex-deutschlandradio-intendant-ernst-elitz-die-aufgabe-der.1295.de.html?dram:article_id=439808\" target=\"_blank\" rel=\"noopener\">https:\/\/www.deutschlandfunk.de\/ex-deutschlandradio-intendant-ernst-elitz-die-aufgabe-der.1295.de.html?dram:article_id=439808<\/a><br \/>\n(5) <a href=\"https:\/\/www.unric.org\/html\/german\/pdf\/charta.pdf\" target=\"_blank\" rel=\"noopener\">https:\/\/www.unric.org\/html\/german\/pdf\/charta.pdf<\/a><br \/>\n(6) <a href=\"https:\/\/www.epochtimes.de\/politik\/welt\/guterres-ruft-zu-dialog-in-venezuela-auf-a2774193.html\" target=\"_blank\" rel=\"noopener\">https:\/\/www.epochtimes.de\/politik\/welt\/guterres-ruft-zu-dialog-in-venezuela-auf-a2774193.html<\/a><br \/>\n(7) <a href=\"https:\/\/www.zeit.de\/politik\/ausland\/2019-01\/venezuela-un-sicherheitsrat-neuwahlen-guaido-maduro\" target=\"_blank\" rel=\"noopener\">https:\/\/www.zeit.de\/politik\/ausland\/2019-01\/venezuela-un-sicherheitsrat-neuwahlen-guaido-maduro<\/a><br \/>\n(8) <a href=\"https:\/\/www.zeit.de\/politik\/ausland\/2018-02\/venezuela-wahl-boykott-opposition-nicolas-maduro\" target=\"_blank\" rel=\"noopener\">https:\/\/www.zeit.de\/politik\/ausland\/2018-02\/venezuela-wahl-boykott-opposition-nicolas-maduro<\/a><br \/>\n(9) <a href=\"https:\/\/operamundi.uol.com.br\/diplomacia\/54665\/reuniao-da-oea-rejeita-reconhecer-guaido-presidente-da-venezuela\" target=\"_blank\" rel=\"noopener\">https:\/\/operamundi.uol.com.br\/diplomacia\/54665\/reuniao-da-oea-rejeita-reconhecer-guaido-presidente-da-venezuela<\/a><br \/>\n(10) <a href=\"https:\/\/www.zeit.de\/politik\/ausland\/2019-01\/venezuela-un-sicherheitsrat-neuwahlen-guaido-maduro\" target=\"_blank\" rel=\"noopener\">https:\/\/www.zeit.de\/politik\/ausland\/2019-01\/venezuela-un-sicherheitsrat-neuwahlen-guaido-maduro<\/a><br \/>\n(11) <a href=\"https:\/\/lostineu.eu\/maas-muss-sich-warm-anziehen\" target=\"_blank\" rel=\"noopener\">https:\/\/lostineu.eu\/maas-muss-sich-warm-anziehen<\/a><br \/>\n(12) <a href=\"https:\/\/www.tagesschau.de\/multimedia\/sendung\/ts-29733.html\" target=\"_blank\" rel=\"noopener\">https:\/\/www.tagesschau.de\/multimedia\/sendung\/ts-29733.html<\/a><br \/>\n(13) <a href=\"https:\/\/sputniknews.com\/latam\/201902011072014281-italy-not-recognizing-guaido-venezuelan-interim-president-deputy-fm\/\" target=\"_blank\" rel=\"noopener\">https:\/\/sputniknews.com\/latam\/201902011072014281-italy-not-recognizing-guaido-venezuelan-interim-president-deputy-fm\/<\/a><br \/>\n(14) <a href=\"https:\/\/www.dw.com\/de\/wer-vermittelt-in-venezuela\/a-47293186\" target=\"_blank\" rel=\"noopener\">https:\/\/www.dw.com\/de\/wer-vermittelt-in-venezuela\/a-47293186<\/a><br \/>\n(15) <a href=\"https:\/\/www.tagesschau.de\/multimedia\/sendung\/ts-29721.html\" target=\"_blank\" rel=\"noopener\">https:\/\/www.tagesschau.de\/multimedia\/sendung\/ts-29721.html<\/a><br \/>\n(16) <a href=\"https:\/\/www.blacklistednews.com\/article\/70648\/john-bolton-openly-admits-he-wants-maduro-out-american-oil-companies.html\" target=\"_blank\" rel=\"noopener\">https:\/\/www.blacklistednews.com\/article\/70648\/john-bolton-openly-admits-he-wants-maduro-out-american-oil-companies.html<\/a><br \/>\n(17) <a href=\"https:\/\/deutsche-wirtschafts-nachrichten.de\/2017\/09\/18\/gegen-den-dollar-venezuela-stellt-erdoel-handel-auf-yuan-um\/\" target=\"_blank\" rel=\"noopener\">https:\/\/deutsche-wirtschafts-nachrichten.de\/2017\/09\/18\/gegen-den-dollar-venezuela-stellt-erdoel-handel-auf-yuan-um\/<\/a><br \/>\n(18) <a href=\"https:\/\/www.telesurenglish.net\/news\/Maduro-Denounces-Citgo-Takeover-as-Robbery-20190128-0017.html\" target=\"_blank\" rel=\"noopener\">https:\/\/www.telesurenglish.net\/news\/Maduro-Denounces-Citgo-Takeover-as-Robbery-20190128-0017.html<\/a><br \/>\n(19) <a href=\"https:\/\/www.tagesschau.de\/multimedia\/sendung\/ts-29697.html\" target=\"_blank\" rel=\"noopener\">https:\/\/www.tagesschau.de\/multimedia\/sendung\/ts-29697.html<\/a><br \/>\n(20) <a href=\"https:\/\/www.apnews.com\/d548c6a958ee4a1fb8479b242ddb82fd\" target=\"_blank\" rel=\"noopener\">https:\/\/www.apnews.com\/d548c6a958ee4a1fb8479b242ddb82fd<\/a><br \/>\n(21) <a href=\"https:\/\/www.tagesschau.de\/multimedia\/sendung\/tt-6533.html\">https:\/\/www.tagesschau.de\/multimedia\/sendung\/tt-6533.html<\/a><br \/>\n(22) <a href=\"https:\/\/edition.cnn.com\/2019\/01\/26\/uk\/venezuela-maduro-bank-of-england-gold-withdrawal-gbr-intl\/index.html\" target=\"_blank\" rel=\"noopener\">https:\/\/edition.cnn.com\/2019\/01\/26\/uk\/venezuela-maduro-bank-of-england-gold-withdrawal-gbr-intl\/index.html<\/a><br \/>\n(23) <a href=\"https:\/\/www.tagesschau.de\/ausland\/venezuela-krise-wirtschaft-101.html\" target=\"_blank\" rel=\"noopener\">https:\/\/www.tagesschau.de\/ausland\/venezuela-krise-wirtschaft-101.html<\/a><br \/>\n(24) <a href=\"https:\/\/russia-insider.com\/en\/node\/26126\" target=\"_blank\" rel=\"noopener\">https:\/\/russia-insider.com\/en\/node\/26126<\/a><br \/>\n(25) <a href=\"https:\/\/www.tagesschau.de\/ausland\/guaido-portraet-101.html\" target=\"_blank\" rel=\"noopener\">https:\/\/www.tagesschau.de\/ausland\/guaido-portraet-101.html<\/a><br \/>\n(26) <a href=\"https:\/\/www.blacklistednews.com\/article\/70632\/venezuelas-usbacked-juan-guaid\u00f3-immediately-targets-state-oil-requests-imf.html\">https:\/\/www.blacklistednews.com\/article\/70632\/venezuelas-usbacked-juan-guaid\u00f3-immediately-targets-state-oil-requests-imf.html<\/a><br \/>\n(27) <a href=\"https:\/\/www.zompist.com\/latam.html\" target=\"_blank\" rel=\"noopener\">https:\/\/www.zompist.com\/latam.html<\/a><br \/>\n(28) <a href=\"https:\/\/www.truthdig.com\/articles\/your-complete-guide-to-the-n-y-times-support-of-u-s-backed-coups-in-latin-america\/ail\/7842\/\" target=\"_blank\" rel=\"noopener\">https:\/\/www.truthdig.com\/articles\/your-complete-guide-to-the-n-y-times-support-of-u-s-backed-coups-in-latin-america\/ail\/7842\/<\/a><br \/>\n(29) Blum, William, \u201eKilling Hope: US Military and CIA Interventionalism Since World War II\u201c, Monroe, Maine. Common Courage Press, 1996<br \/>\n(30) <a href=\"https:\/\/www.nzz.ch\/meinung\/das-dach-der-freiheit-wankt-ld.1451043\" target=\"_blank\" rel=\"noopener\">https:\/\/www.nzz.ch\/meinung\/das-dach-der-freiheit-wankt-ld.1451043<\/a><br \/>\n(31) <a href=\"https:\/\/www.blacklistednews.com\/article\/70740\/john-bolton-threatens-to-send-venezuelas-maduro-to-offshore-us-prison-at.html\" target=\"_blank\" rel=\"noopener\">https:\/\/www.blacklistednews.com\/article\/70740\/john-bolton-threatens-to-send-venezuelas-maduro-to-offshore-us-prison-at.html<\/a><br \/>\n(32) <a href=\"http:\/\/www.hughhewitt.com\/national-security-adviser-ambassador-john-bolton\/\" target=\"_blank\" rel=\"noopener\">http:\/\/www.hughhewitt.com\/national-security-adviser-ambassador-john-bolton\/<\/a><br \/>\n(33) <a href=\"https:\/\/amerika21.de\/2019\/01\/220964\/honduras-proteste-juan-orlando-hernandez\" target=\"_blank\" rel=\"noopener\">https:\/\/amerika21.de\/2019\/01\/220964\/honduras-proteste-juan-orlando-hernandez<\/a><br \/>\n(34) <a href=\"https:\/\/www.alainet.org\/es\/articulo\/197867?utm_source=email&amp;utm_campaign=alai-amlatina\" target=\"_blank\" rel=\"noopener\">https:\/\/www.alainet.org\/es\/articulo\/197867?utm_source=email&amp;utm_campaign=alai-amlatina<\/a><br \/>\n(35) Staatsvertrag f\u00fcr Rundfunk und Telemedien, II. Abschnitt, Vorschriften f\u00fcr den \u00f6ffentlich-rechtlichen Rundfunk, \u00a7 11, Auftrag. S. <a href=\"https:\/\/www.ard.de\/download\/538848\/Staatsvertrag_fuer_Rundfunk_und_Telemedien_in_der_Fassung_des_20__Aenderungsstaatsvertrags__vom_8__bis_16__12__2016.pdf\" target=\"_blank\" rel=\"noopener\">https:\/\/www.ard.de\/download\/538848\/Staatsvertrag_fuer_Rundfunk_und_Telemedien_in_der_Fassung_des_20__Aenderungsstaatsvertrags__vom_8__bis_16__12__2016.pdf<\/a><\/p>\n<hr \/>\n<p><em><u>Das Autoren-Team:<\/u><\/em><\/p>\n<p>Friedhelm Klinkhammer, Jahrgang 1944, Jurist. 1975 \u2013 2008 Mitarbeiter des NDR, zeitweise Vorsitzender des NDR-Gesamtpersonalrats und des ver.di-Betriebsverbandes sowie Referent einer Funkhausdirektorin.<\/p>\n<p>Volker Br\u00e4utigam, Jahrgang 1941, Journalist. 1975 \u2013 1996 Mitarbeiter des NDR, zun\u00e4chst in der ARD-Tagesschau, nach 1991 in der NDR-Hauptabteilung Kultur. Danach Lehr- und Forschungsauftrag an der Fu-Jen-Uni Taipeh.<\/p>\n<p><u>Anmerkung der Autoren:<\/u><\/p>\n<p>Unsere Beitr\u00e4ge stehen zur freien Verf\u00fcgung. Wir schreiben nicht f\u00fcr Honorar, sondern gegen die \u201emediale Massenverbl\u00f6dung\u201c (in memoriam Peter Scholl-Latour). Die Texte werden auf der Seite <a href=\"https:\/\/publikumskonferenz.de\/blog\" target=\"_blank\" rel=\"noopener\">https:\/\/publikumskonferenz.de\/blog<\/a> dokumentiert.<\/p>\n<p>\u00dcbernahme dieses Beitrages und des Bildes von: <a href=\"https:\/\/publikumskonferenz.de\/blog\/2019\/02\/04\/untergehen-mit-mann-und-maas-per-voelkerrechtsbruch-soll-venezuela-demokratisiert-werden\/\" target=\"_blank\" rel=\"noopener\">https:\/\/publikumskonferenz.de\/blog\/2019\/02\/04\/untergehen-mit-mann-und-maas-per-voelkerrechtsbruch-soll-venezuela-demokratisiert-werden\/<\/a><\/p>\n<p>Beitragsbild: Public_Domain_Photography, <a href=\"https:\/\/pixabay.com\/de\/service\/license\/\" target=\"_blank\" rel=\"noopener\">Pixabay License<\/a>, <a href=\"https:\/\/pixabay.com\/de\/venezuela-frieden-hand-nation-2132693\/\" target=\"_blank\" rel=\"noopener\">https:\/\/pixabay.com\/de\/venezuela-frieden-hand-nation-2132693\/<\/a><\/p>\n","protected":false},"excerpt":{"rendered":"<p><b>Beitrag von Friedhelm Klinkhammer und Volker Br\u00e4utigam.<\/b><br \/>\nDie AgitProp-Bastler der ARD-aktuell haben zum Thema \u201eMachtkampf in Venezuela\u201c bereits soviel Pfusch geliefert, dass ein Ziel ihrer Meinungsmache weitgehend verfehlt wird: dar\u00fcber hinwegzut\u00e4uschen, dass die USA in Caracas putschen lassen. Washingtons Vasallen in Lateinamerika \u2013 und in der Europ\u00e4ischen Union \u2013 unterst\u00fctzen die repressive Einmischung. Der V\u00f6lkerrechtsbruch ist evident, aber die Nachrichtenschreiber vermeiden peinlichst, dar\u00fcber gr\u00fcndlich zu informieren. <\/p>\n","protected":false},"author":3,"featured_media":5842,"comment_status":"closed","ping_status":"closed","sticky":false,"template":"","format":"standard","meta":{"colormag_page_container_layout":"default_layout","colormag_page_sidebar_layout":"default_layout","advanced_seo_description":"","jetpack_seo_html_title":"","jetpack_seo_noindex":false,"jetpack_post_was_ever_published":false,"footnotes":""},"categories":[12],"tags":[1094,1102,1104,1103,396],"class_list":["post-5838","post","type-post","status-publish","format-standard","has-post-thumbnail","hentry","category-demokratie-medien-aufklaerung","tag-ard","tag-nicolas-maduro","tag-publikumskonferenz-de","tag-putsch","tag-venezuela"],"jetpack_featured_media_url":"https:\/\/i0.wp.com\/www.freidenker.org\/fw17\/wp-content\/uploads\/2019\/02\/venezuela-2132693_800x445.jpg?fit=800%2C445&ssl=1","jetpack_shortlink":"https:\/\/wp.me\/p9stpK-1wa","jetpack-related-posts":[{"id":5998,"url":"https:\/\/www.freidenker.org\/?p=5998","url_meta":{"origin":5838,"position":0},"title":"Venezuela \u2013 Pfeif auf Grundgesetz und V\u00f6lkerrecht","author":"Webredaktion","date":"7. M\u00e4rz 2019","format":false,"excerpt":"Beitrag von Friedhelm Klinkhammer und Volker Br\u00e4utigam. Deutsche Politik in Bezug auf Venezuela und das V\u00f6lkerrecht \u2013 gibt es da nichts Problematisches, nichts Anst\u00f6\u00dfiges? Nichts von nachrichtlichem Wert? Sind ein Bruch mit der UN-Charta und grundgesetzwidrige Politik kein Thema f\u00fcr die Tagesschau? Die Bundesregierung hat wie zahlreiche andere Staaten einen\u2026","rel":"","context":"In &quot;Frieden - Antifaschismus - Solidarit\u00e4t&quot;","block_context":{"text":"Frieden - Antifaschismus - Solidarit\u00e4t","link":"https:\/\/www.freidenker.org\/?cat=13"},"img":{"alt_text":"","src":"https:\/\/i0.wp.com\/www.freidenker.org\/fw17\/wp-content\/uploads\/2019\/03\/Venezuela_800x445.jpg?fit=800%2C445&ssl=1&resize=350%2C200","width":350,"height":200,"srcset":"https:\/\/i0.wp.com\/www.freidenker.org\/fw17\/wp-content\/uploads\/2019\/03\/Venezuela_800x445.jpg?fit=800%2C445&ssl=1&resize=350%2C200 1x, https:\/\/i0.wp.com\/www.freidenker.org\/fw17\/wp-content\/uploads\/2019\/03\/Venezuela_800x445.jpg?fit=800%2C445&ssl=1&resize=525%2C300 1.5x, https:\/\/i0.wp.com\/www.freidenker.org\/fw17\/wp-content\/uploads\/2019\/03\/Venezuela_800x445.jpg?fit=800%2C445&ssl=1&resize=700%2C400 2x"},"classes":[]},{"id":6967,"url":"https:\/\/www.freidenker.org\/?p=6967","url_meta":{"origin":5838,"position":1},"title":"Die M\u00e4r von Deutschlands humanit\u00e4rer Au\u00dfenpolitik","author":"Webredaktion","date":"15. September 2019","format":false,"excerpt":"Beitrag von Friedhelm Klinkhammer und Volker Br\u00e4utigam Wir sind die Guten! Wei\u00df doch jeder. Deutschland tritt weltweit f\u00fcr Frieden, Freiheit, Humanit\u00e4t und Rechtswahrung ein. Unser Au\u00dfenminister Heiko Maas ist die menschgewordene Geradlinigkeit. Schaut, wie aufrecht er da steht und geht! \u2013 Glaubt man dem regelm\u00e4\u00dfig in der Tagesschau nachgebeteten \u201eDeutschland-Trend\u201c\u2026","rel":"","context":"In &quot;Demokratie \u2013 Medien \u2013 Aufkl\u00e4rung&quot;","block_context":{"text":"Demokratie \u2013 Medien \u2013 Aufkl\u00e4rung","link":"https:\/\/www.freidenker.org\/?cat=12"},"img":{"alt_text":"","src":"https:\/\/i0.wp.com\/www.freidenker.org\/fw17\/wp-content\/uploads\/2019\/09\/Heiko_Maas_SPD_MdB_by_Olaf_Kosinsky-7911_800x445.jpg?fit=800%2C445&ssl=1&resize=350%2C200","width":350,"height":200,"srcset":"https:\/\/i0.wp.com\/www.freidenker.org\/fw17\/wp-content\/uploads\/2019\/09\/Heiko_Maas_SPD_MdB_by_Olaf_Kosinsky-7911_800x445.jpg?fit=800%2C445&ssl=1&resize=350%2C200 1x, https:\/\/i0.wp.com\/www.freidenker.org\/fw17\/wp-content\/uploads\/2019\/09\/Heiko_Maas_SPD_MdB_by_Olaf_Kosinsky-7911_800x445.jpg?fit=800%2C445&ssl=1&resize=525%2C300 1.5x, https:\/\/i0.wp.com\/www.freidenker.org\/fw17\/wp-content\/uploads\/2019\/09\/Heiko_Maas_SPD_MdB_by_Olaf_Kosinsky-7911_800x445.jpg?fit=800%2C445&ssl=1&resize=700%2C400 2x"},"classes":[]},{"id":10682,"url":"https:\/\/www.freidenker.org\/?p=10682","url_meta":{"origin":5838,"position":2},"title":"Moskau: \u201eDer n\u00e4chste Eindringling wird versenkt\u201c","author":"Webredaktion","date":"6. Juli 2021","format":false,"excerpt":"Beitrag von Friedhelm Klinkhammer und Volker Br\u00e4utigam Achtung Realsatire, die Tagesschau macht Handstand auf der Zunge: \u201cMilit\u00e4rische Auseinandersetzungen sind f\u00fcr Russland seit Jahren ein bew\u00e4hrtes Mittel, sich Geltung und Mitsprache zu verschaffen\u201d, behauptet sie frech, obwohl die Politik mit Bomben und Granaten doch das Markenzeichen der USA ist. Die Spitzenjournalisten\u2026","rel":"","context":"In &quot;Demokratie \u2013 Medien \u2013 Aufkl\u00e4rung&quot;","block_context":{"text":"Demokratie \u2013 Medien \u2013 Aufkl\u00e4rung","link":"https:\/\/www.freidenker.org\/?cat=12"},"img":{"alt_text":"","src":"https:\/\/i0.wp.com\/www.freidenker.org\/fw17\/wp-content\/uploads\/2021\/07\/HMS_Defender_D36_800x450.jpg?fit=800%2C450&ssl=1&resize=350%2C200","width":350,"height":200,"srcset":"https:\/\/i0.wp.com\/www.freidenker.org\/fw17\/wp-content\/uploads\/2021\/07\/HMS_Defender_D36_800x450.jpg?fit=800%2C450&ssl=1&resize=350%2C200 1x, https:\/\/i0.wp.com\/www.freidenker.org\/fw17\/wp-content\/uploads\/2021\/07\/HMS_Defender_D36_800x450.jpg?fit=800%2C450&ssl=1&resize=525%2C300 1.5x, https:\/\/i0.wp.com\/www.freidenker.org\/fw17\/wp-content\/uploads\/2021\/07\/HMS_Defender_D36_800x450.jpg?fit=800%2C450&ssl=1&resize=700%2C400 2x"},"classes":[]},{"id":5859,"url":"https:\/\/www.freidenker.org\/?p=5859","url_meta":{"origin":5838,"position":3},"title":"H\u00e4nde weg von Venezuela!","author":"Webredaktion","date":"13. Februar 2019","format":false,"excerpt":"F\u00fcr den Frieden und die Souver\u00e4nit\u00e4t Lateinamerikas! Der Deutsche Freidenker-Verband ruft auf zur Teilnahme an der Solidarit\u00e4tskundgebung \"H\u00e4nde weg von Venezuela\" am 16. Februar 2019 in Berlin. Kommt alle! SCHLUSS MIT DEM TRUPPENAUFMARSCH AN DEN GRENZEN VENEZUELAS! SCHLUSS MIT DEN DROHUNGEN GEGEN DIE VERFASSUNGSM\u00c4\u00dfIGE REGIERUNG VON PR\u00c4SIDENT NICOL\u00c1S MADURO! GEGEN\u2026","rel":"","context":"In &quot;Frieden - Antifaschismus - Solidarit\u00e4t&quot;","block_context":{"text":"Frieden - Antifaschismus - Solidarit\u00e4t","link":"https:\/\/www.freidenker.org\/?cat=13"},"img":{"alt_text":"","src":"https:\/\/i0.wp.com\/www.freidenker.org\/fw17\/wp-content\/uploads\/2019\/02\/paz_venezuela_800x445.jpg?fit=800%2C445&ssl=1&resize=350%2C200","width":350,"height":200,"srcset":"https:\/\/i0.wp.com\/www.freidenker.org\/fw17\/wp-content\/uploads\/2019\/02\/paz_venezuela_800x445.jpg?fit=800%2C445&ssl=1&resize=350%2C200 1x, https:\/\/i0.wp.com\/www.freidenker.org\/fw17\/wp-content\/uploads\/2019\/02\/paz_venezuela_800x445.jpg?fit=800%2C445&ssl=1&resize=525%2C300 1.5x, https:\/\/i0.wp.com\/www.freidenker.org\/fw17\/wp-content\/uploads\/2019\/02\/paz_venezuela_800x445.jpg?fit=800%2C445&ssl=1&resize=700%2C400 2x"},"classes":[]},{"id":9198,"url":"https:\/\/www.freidenker.org\/?p=9198","url_meta":{"origin":5838,"position":4},"title":"Die Zuschauer-Verachtung der Tagesschau","author":"Webredaktion","date":"11. Januar 2021","format":false,"excerpt":"Beitrag von Friedhelm Klinkhammer und Volker Br\u00e4utigam Die Tagesschau richtet mit ihrer Berichterstattung gewaltigen mentalen Schaden an. Der selbstherrlichen Aussage, eine deutsch gef\u00fchrte Europ\u00e4ische Union k\u00f6nne \u201eeine \u00e4hnlich starke Rolle in der Weltpolitik spielen\u201c wie die USA und China, stimmt mittlerweile beinahe die H\u00e4lfte der Deutschen zu. In der Altersgruppe\u2026","rel":"","context":"In &quot;Demokratie \u2013 Medien \u2013 Aufkl\u00e4rung&quot;","block_context":{"text":"Demokratie \u2013 Medien \u2013 Aufkl\u00e4rung","link":"https:\/\/www.freidenker.org\/?cat=12"},"img":{"alt_text":"","src":"https:\/\/i0.wp.com\/www.freidenker.org\/fw17\/wp-content\/uploads\/2021\/01\/Wuhan_Notkrankenhaus_07_800x450.jpg?fit=800%2C450&ssl=1&resize=350%2C200","width":350,"height":200,"srcset":"https:\/\/i0.wp.com\/www.freidenker.org\/fw17\/wp-content\/uploads\/2021\/01\/Wuhan_Notkrankenhaus_07_800x450.jpg?fit=800%2C450&ssl=1&resize=350%2C200 1x, https:\/\/i0.wp.com\/www.freidenker.org\/fw17\/wp-content\/uploads\/2021\/01\/Wuhan_Notkrankenhaus_07_800x450.jpg?fit=800%2C450&ssl=1&resize=525%2C300 1.5x, https:\/\/i0.wp.com\/www.freidenker.org\/fw17\/wp-content\/uploads\/2021\/01\/Wuhan_Notkrankenhaus_07_800x450.jpg?fit=800%2C450&ssl=1&resize=700%2C400 2x"},"classes":[]},{"id":8424,"url":"https:\/\/www.freidenker.org\/?p=8424","url_meta":{"origin":5838,"position":5},"title":"Die \u201eSyrien-Hilfe\u201c und Maas, der Schein-Heilige","author":"Webredaktion","date":"12. Juli 2020","format":false,"excerpt":"Beitrag von Friedhelm Klinkhammer und Volker Br\u00e4utigam Die milit\u00e4rische und wirtschaftliche Interventionspolitik der westlichen Koalition unter F\u00fchrung der USA und unter Mitwirkung Deutschlands firmiert in den Massenmedien als Kampf f\u00fcr demokratischen Wandel in Syrien. Sie basiert jedoch auf grunds\u00e4tzlicher Missachtung der UN-Charta und f\u00fchrt seit neun Jahren zu ungez\u00e4hlten Kriegsverbrechen.\u2026","rel":"","context":"In &quot;Demokratie \u2013 Medien \u2013 Aufkl\u00e4rung&quot;","block_context":{"text":"Demokratie \u2013 Medien \u2013 Aufkl\u00e4rung","link":"https:\/\/www.freidenker.org\/?cat=12"},"img":{"alt_text":"","src":"https:\/\/i0.wp.com\/www.freidenker.org\/fw17\/wp-content\/uploads\/2020\/07\/syrien_pexels-photo-1226980_800x450.jpg?fit=800%2C450&ssl=1&resize=350%2C200","width":350,"height":200,"srcset":"https:\/\/i0.wp.com\/www.freidenker.org\/fw17\/wp-content\/uploads\/2020\/07\/syrien_pexels-photo-1226980_800x450.jpg?fit=800%2C450&ssl=1&resize=350%2C200 1x, https:\/\/i0.wp.com\/www.freidenker.org\/fw17\/wp-content\/uploads\/2020\/07\/syrien_pexels-photo-1226980_800x450.jpg?fit=800%2C450&ssl=1&resize=525%2C300 1.5x, https:\/\/i0.wp.com\/www.freidenker.org\/fw17\/wp-content\/uploads\/2020\/07\/syrien_pexels-photo-1226980_800x450.jpg?fit=800%2C450&ssl=1&resize=700%2C400 2x"},"classes":[]}],"_links":{"self":[{"href":"https:\/\/www.freidenker.org\/index.php?rest_route=\/wp\/v2\/posts\/5838","targetHints":{"allow":["GET"]}}],"collection":[{"href":"https:\/\/www.freidenker.org\/index.php?rest_route=\/wp\/v2\/posts"}],"about":[{"href":"https:\/\/www.freidenker.org\/index.php?rest_route=\/wp\/v2\/types\/post"}],"author":[{"embeddable":true,"href":"https:\/\/www.freidenker.org\/index.php?rest_route=\/wp\/v2\/users\/3"}],"replies":[{"embeddable":true,"href":"https:\/\/www.freidenker.org\/index.php?rest_route=%2Fwp%2Fv2%2Fcomments&post=5838"}],"version-history":[{"count":0,"href":"https:\/\/www.freidenker.org\/index.php?rest_route=\/wp\/v2\/posts\/5838\/revisions"}],"wp:featuredmedia":[{"embeddable":true,"href":"https:\/\/www.freidenker.org\/index.php?rest_route=\/wp\/v2\/media\/5842"}],"wp:attachment":[{"href":"https:\/\/www.freidenker.org\/index.php?rest_route=%2Fwp%2Fv2%2Fmedia&parent=5838"}],"wp:term":[{"taxonomy":"category","embeddable":true,"href":"https:\/\/www.freidenker.org\/index.php?rest_route=%2Fwp%2Fv2%2Fcategories&post=5838"},{"taxonomy":"post_tag","embeddable":true,"href":"https:\/\/www.freidenker.org\/index.php?rest_route=%2Fwp%2Fv2%2Ftags&post=5838"}],"curies":[{"name":"wp","href":"https:\/\/api.w.org\/{rel}","templated":true}]}}