{"id":581,"date":"2015-07-29T17:15:08","date_gmt":"2015-07-29T15:15:08","guid":{"rendered":"http:\/\/www.freidenker.org\/fw17\/?p=581"},"modified":"2018-02-18T16:04:48","modified_gmt":"2018-02-18T15:04:48","slug":"konferenz-nuetzlicher-feind-der-faktor-islam-in-den-weltmachtstrategien-des-westens","status":"publish","type":"post","link":"https:\/\/www.freidenker.org\/?p=581","title":{"rendered":"Konferenz: N\u00fctzlicher Feind: Der \u201eFaktor Islam\u201c in den Weltmachtstrategien des Westens"},"content":{"rendered":"<p class=\"contentheading_campaign\"><strong>Einladung zur Konferenz<\/strong><\/p>\n<p><strong>Samstag, 12. September 2015, 10 Uhr<\/strong><\/p>\n<p>Saalbau Bockenheim,<br \/>\nSchw\u00e4lmer Stra\u00dfe 28, 60486 Frankfurt a.M.<\/p>\n<p>[ Weitere <strong><a href=\"https:\/\/www.freidenker.org\/fw17\/wp-content\/uploads\/2017\/12\/freidenker_frankfurt_2015.pdf\" target=\"_blank\" rel=\"noopener\">Veranstaltungsinformationen<\/a><\/strong> &#8230; (<img data-recalc-dims=\"1\" loading=\"lazy\" decoding=\"async\" data-attachment-id=\"1072\" data-permalink=\"https:\/\/www.freidenker.org\/?attachment_id=1072\" data-orig-file=\"https:\/\/i0.wp.com\/www.freidenker.org\/fw17\/wp-content\/uploads\/2017\/10\/pdf_icon-e1509487447542.png?fit=16%2C16&amp;ssl=1\" data-orig-size=\"16,16\" data-comments-opened=\"0\" data-image-meta=\"{&quot;aperture&quot;:&quot;0&quot;,&quot;credit&quot;:&quot;&quot;,&quot;camera&quot;:&quot;&quot;,&quot;caption&quot;:&quot;&quot;,&quot;created_timestamp&quot;:&quot;0&quot;,&quot;copyright&quot;:&quot;&quot;,&quot;focal_length&quot;:&quot;0&quot;,&quot;iso&quot;:&quot;0&quot;,&quot;shutter_speed&quot;:&quot;0&quot;,&quot;title&quot;:&quot;&quot;,&quot;orientation&quot;:&quot;0&quot;}\" data-image-title=\"pdf_icon_16\" data-image-description=\"\" data-image-caption=\"\" data-large-file=\"https:\/\/i0.wp.com\/www.freidenker.org\/fw17\/wp-content\/uploads\/2017\/10\/pdf_icon-e1509487447542.png?fit=16%2C16&amp;ssl=1\" class=\"alignnone size-full wp-image-1072\" src=\"https:\/\/i0.wp.com\/www.freidenker.org\/fw17\/wp-content\/uploads\/2017\/10\/pdf_icon-e1509487447542.png?resize=16%2C16&#038;ssl=1\" alt=\"\" width=\"16\" height=\"16\" \/> PDF-Dokument, ca. 460 KB)]<\/p>\n<p>Ein Bundespr\u00e4sident, f\u00fcr den \u201eder Islam zu Deutschland geh\u00f6rt(e)\u201c, musste gehen. Vor salafistischen Syrien-R\u00fcckkehrern wird gewarnt, obwohl die dort f\u00fcr NATO-Ziele k\u00e4mpften. Gegen missliebige Regierungen sponsert der Westen islamische Terrororganisationen, die er anschlie\u00dfend zu bek\u00e4mpfen vorgibt, Deutschland macht mit Saudi-Arabien milliardenschwere R\u00fcstungsgesch\u00e4fte.<\/p>\n<p>Wer die offizielle Version der Anschl\u00e4ge vom 11.09.2001 anzweifelt, wird als \u201eVerschw\u00f6rungstheoretiker\u201c diffamiert. Kritik am israelischen Kolonialismus wird als \u201eneuer Antisemitismus\u201c denunziert. \u201eProamerikanisch\u201c und \u201eisraelsolidarisch\u201c sind gemeinsame Markenzeichen von Faschisten, Rassisten, evangelikalen Fundamentalisten und \u201eAntideutschen\u201c. B\u00fcrgerliche Freigeister und Atheisten geben ihre Rede vom \u201eIslamfaschismus\u201c als \u201eemanzipatorische Islamkritik\u201c aus.<\/p>\n<p>Buchtitel wie die Sarrazins, Broders oder Ulfkottes erklimmen Bestsellerlisten. Soziale Proteste finden kein Geh\u00f6r, ganz anders, wenn Demonstranten die Gefahr einer \u201eIslamisierung\u201c beschw\u00f6ren. Mit der Inszenierung von \u201ePegida\u201c und \u201eAnti-Pegida\u201c wird die Desorientierung, Spaltung und Paralysierung der Bev\u00f6lkerung und Proteste einge\u00fcbt.<\/p>\n<p><strong>Die Weltmachtstrategien der imperialistischen Zentren gegen\u00fcber den arabisch-islamischen L\u00e4ndern sind mit allen Aspekten zu analysieren, um die gewollte \u201eWeltordnung\u201c in ihrer perversen Irrationalit\u00e4t und Gef\u00e4hrlichkeit zu delegitimieren.<\/strong><\/p>\n<p>Veranstalter<br \/>\nDeutscher Freidenker-Verband, Kreisverband Frankfurt\u00a0am Main und Verbandsvorstand<\/p>\n<p>Veranstaltung in Zusammenarbeit mit<\/p>\n<ul>\n<li>Gesellschaft zum Schutz von B\u00fcrgerrecht und Menschenw\u00fcrde e.V.<\/li>\n<li>Gesellschaft zur rechtlichen und<\/li>\n<li>humanit\u00e4ren Unterst\u00fctzung e.V.<\/li>\n<li>Arbeiterfotografie \u2013 Forum f\u00fcr Engagierte Fotografie<\/li>\n<li>Marx-Engels-Stiftung e.V.<\/li>\n<li>Ostdeutsches Kuratorium von Verb\u00e4nden e.V.<\/li>\n<li>B\u00fcndnis f\u00fcr soziale Gerechtigkeit und Menschenw\u00fcrde e.V.<\/li>\n<li>Frankfurter Solidarit\u00e4tskomitee f\u00fcr Syrien<\/li>\n<li>AG Pal\u00e4stina Frankfurt<\/li>\n<\/ul>\n<p>Weitere VeranstaltungsInformationen<\/p>\n<ul>\n<li><img data-recalc-dims=\"1\" loading=\"lazy\" decoding=\"async\" data-attachment-id=\"1072\" data-permalink=\"https:\/\/www.freidenker.org\/?attachment_id=1072\" data-orig-file=\"https:\/\/i0.wp.com\/www.freidenker.org\/fw17\/wp-content\/uploads\/2017\/10\/pdf_icon-e1509487447542.png?fit=16%2C16&amp;ssl=1\" data-orig-size=\"16,16\" data-comments-opened=\"0\" data-image-meta=\"{&quot;aperture&quot;:&quot;0&quot;,&quot;credit&quot;:&quot;&quot;,&quot;camera&quot;:&quot;&quot;,&quot;caption&quot;:&quot;&quot;,&quot;created_timestamp&quot;:&quot;0&quot;,&quot;copyright&quot;:&quot;&quot;,&quot;focal_length&quot;:&quot;0&quot;,&quot;iso&quot;:&quot;0&quot;,&quot;shutter_speed&quot;:&quot;0&quot;,&quot;title&quot;:&quot;&quot;,&quot;orientation&quot;:&quot;0&quot;}\" data-image-title=\"pdf_icon_16\" data-image-description=\"\" data-image-caption=\"\" data-large-file=\"https:\/\/i0.wp.com\/www.freidenker.org\/fw17\/wp-content\/uploads\/2017\/10\/pdf_icon-e1509487447542.png?fit=16%2C16&amp;ssl=1\" class=\"alignnone size-full wp-image-1072\" src=\"https:\/\/i0.wp.com\/www.freidenker.org\/fw17\/wp-content\/uploads\/2017\/10\/pdf_icon-e1509487447542.png?resize=16%2C16&#038;ssl=1\" alt=\"\" width=\"16\" height=\"16\" \/>\u00a0<a href=\"https:\/\/www.freidenker.org\/fw17\/wp-content\/uploads\/2017\/12\/freidenker_frankfurt_2015.pdf\" target=\"_blank\" rel=\"noopener\">Informationsflyer zur Konferenz<\/a> (Webversion zur Anzeige am Monitor, nicht f\u00fcr Ausdrucke geeignet \/ PDF-Dokument, ca. 460 KB)<\/li>\n<li><img data-recalc-dims=\"1\" loading=\"lazy\" decoding=\"async\" data-attachment-id=\"1072\" data-permalink=\"https:\/\/www.freidenker.org\/?attachment_id=1072\" data-orig-file=\"https:\/\/i0.wp.com\/www.freidenker.org\/fw17\/wp-content\/uploads\/2017\/10\/pdf_icon-e1509487447542.png?fit=16%2C16&amp;ssl=1\" data-orig-size=\"16,16\" data-comments-opened=\"0\" data-image-meta=\"{&quot;aperture&quot;:&quot;0&quot;,&quot;credit&quot;:&quot;&quot;,&quot;camera&quot;:&quot;&quot;,&quot;caption&quot;:&quot;&quot;,&quot;created_timestamp&quot;:&quot;0&quot;,&quot;copyright&quot;:&quot;&quot;,&quot;focal_length&quot;:&quot;0&quot;,&quot;iso&quot;:&quot;0&quot;,&quot;shutter_speed&quot;:&quot;0&quot;,&quot;title&quot;:&quot;&quot;,&quot;orientation&quot;:&quot;0&quot;}\" data-image-title=\"pdf_icon_16\" data-image-description=\"\" data-image-caption=\"\" data-large-file=\"https:\/\/i0.wp.com\/www.freidenker.org\/fw17\/wp-content\/uploads\/2017\/10\/pdf_icon-e1509487447542.png?fit=16%2C16&amp;ssl=1\" class=\"alignnone size-full wp-image-1072\" src=\"https:\/\/i0.wp.com\/www.freidenker.org\/fw17\/wp-content\/uploads\/2017\/10\/pdf_icon-e1509487447542.png?resize=16%2C16&#038;ssl=1\" alt=\"\" width=\"16\" height=\"16\" \/>\u00a0Informationsflyer zur Konferenz (Druckversion <a href=\"https:\/\/www.freidenker.org\/fw17\/wp-content\/uploads\/2017\/12\/freidenker_frankfurt_2015-print-s1.pdf\" target=\"_blank\" rel=\"noopener\">Frontseite<\/a>, <a href=\"https:\/\/www.freidenker.org\/fw17\/wp-content\/uploads\/2017\/12\/freidenker_frankfurt_2015-print-s2.pdf\" target=\"_blank\" rel=\"noopener\">Innenseite<\/a> \/ PDF-Dokument jeweils ca. 1 MB)<\/li>\n<\/ul>\n<hr \/>\n<p>Bild: Printdesign: FMB \/ www.firstmediabase.com<\/p>\n","protected":false},"excerpt":{"rendered":"<p><strong>Einladung zur Konferenz &#8222;Der &#8218;Faktor Islam&#8216; in den Weltmachtstrategien des Westens&#8220; am 12. September 2015 in Frankfurt a.M.<\/strong><br \/>\nDie Weltmachtstrategien der imperialistischen Zentren gegen\u00fcber den arabisch-islamischen L\u00e4ndern sind mit allen Aspekten zu analysieren, um die gewollte \u201eWeltordnung\u201c in ihrer perversen Irrationalit\u00e4t und Gef\u00e4hrlichkeit zu delegitimieren.<\/p>\n","protected":false},"author":2,"featured_media":587,"comment_status":"closed","ping_status":"closed","sticky":false,"template":"","format":"standard","meta":{"colormag_page_container_layout":"default_layout","colormag_page_sidebar_layout":"default_layout","advanced_seo_description":"","jetpack_seo_html_title":"","jetpack_seo_noindex":false,"jetpack_post_was_ever_published":false,"footnotes":""},"categories":[20],"tags":[635,404,350,357],"class_list":["post-581","post","type-post","status-publish","format-standard","has-post-thumbnail","hentry","category-zentrale-veranstaltungen","tag-feindbild","tag-imperialismus","tag-islam","tag-konferenz"],"jetpack_featured_media_url":"https:\/\/i0.wp.com\/www.freidenker.org\/fw17\/wp-content\/uploads\/2016\/08\/Konferenz_2015.jpg?fit=800%2C445&ssl=1","jetpack_shortlink":"https:\/\/wp.me\/p9stpK-9n","jetpack-related-posts":[{"id":840,"url":"https:\/\/www.freidenker.org\/?p=840","url_meta":{"origin":581,"position":0},"title":"FREIDENKER 4-15 EXTRA &#8211; N\u00fctzlicher Freind: Der &#8222;Faktor Islam&#8220;","author":"Webmaster","date":"16. Dezember 2015","format":false,"excerpt":"Die Extra-Ausgabe 4-15 des Verbandsorgans FREIDENKER enth\u00e4lt die Beitr\u00e4ge der Konferenz \"N\u00fctzlicher Freind: Der \"Faktor Islam\" in den Weltmachtstrategien des Westens\", die am 12.09.2015 in Frankfurt am Main stattfand. Darin u.a.: - Klaus Hartmann: Freidenker - Religionskritik - Islam - Klaus von Raussendorff: Der takfiristische Terrorismus in der Debatte der\u2026","rel":"","context":"In &quot;Verbandsorgan FREIDENKER&quot;","block_context":{"text":"Verbandsorgan FREIDENKER","link":"https:\/\/www.freidenker.org\/?cat=8"},"img":{"alt_text":"","src":"https:\/\/i0.wp.com\/www.freidenker.org\/fw17\/wp-content\/uploads\/2017\/12\/FD_2015-04_Titel_mR.jpg?fit=800%2C445&ssl=1&resize=350%2C200","width":350,"height":200,"srcset":"https:\/\/i0.wp.com\/www.freidenker.org\/fw17\/wp-content\/uploads\/2017\/12\/FD_2015-04_Titel_mR.jpg?fit=800%2C445&ssl=1&resize=350%2C200 1x, https:\/\/i0.wp.com\/www.freidenker.org\/fw17\/wp-content\/uploads\/2017\/12\/FD_2015-04_Titel_mR.jpg?fit=800%2C445&ssl=1&resize=525%2C300 1.5x, https:\/\/i0.wp.com\/www.freidenker.org\/fw17\/wp-content\/uploads\/2017\/12\/FD_2015-04_Titel_mR.jpg?fit=800%2C445&ssl=1&resize=700%2C400 2x"},"classes":[]},{"id":18138,"url":"https:\/\/www.freidenker.org\/?p=18138","url_meta":{"origin":581,"position":1},"title":"Jalta stellte Weichen f\u00fcr Sicherheit und Frieden, f\u00fcr friedliche Koexistenz","author":"Webredaktion","date":"11. Februar 2024","format":false,"excerpt":"Beitrag von\u00a0Prof. Dr. Anton Latzo Die Endphase des von den Faschisten entfesselten 2. Weltkrieges, der die Sowjetunion ausl\u00f6schen, die imperialistischen Konkurrenten des faschistischen Deutschland beseitigen und die Weltherrschaft Deutschlands herstellen sollte, war dank des siegreichen Vormarsches der Roten Armee angebrochen. Die Erfolge der Roten Armee wie auch das neue Kr\u00e4fteverh\u00e4ltnis,\u2026","rel":"","context":"In &quot;Frieden - Antifaschismus - Solidarit\u00e4t&quot;","block_context":{"text":"Frieden - Antifaschismus - Solidarit\u00e4t","link":"https:\/\/www.freidenker.org\/?cat=13"},"img":{"alt_text":"","src":"https:\/\/i0.wp.com\/www.freidenker.org\/fw17\/wp-content\/uploads\/2024\/02\/Yalta_Conference_1945_Churchill_Stalin_Roosevelt_800x450.jpg?fit=800%2C450&ssl=1&resize=350%2C200","width":350,"height":200,"srcset":"https:\/\/i0.wp.com\/www.freidenker.org\/fw17\/wp-content\/uploads\/2024\/02\/Yalta_Conference_1945_Churchill_Stalin_Roosevelt_800x450.jpg?fit=800%2C450&ssl=1&resize=350%2C200 1x, https:\/\/i0.wp.com\/www.freidenker.org\/fw17\/wp-content\/uploads\/2024\/02\/Yalta_Conference_1945_Churchill_Stalin_Roosevelt_800x450.jpg?fit=800%2C450&ssl=1&resize=525%2C300 1.5x, https:\/\/i0.wp.com\/www.freidenker.org\/fw17\/wp-content\/uploads\/2024\/02\/Yalta_Conference_1945_Churchill_Stalin_Roosevelt_800x450.jpg?fit=800%2C450&ssl=1&resize=700%2C400 2x"},"classes":[]},{"id":10904,"url":"https:\/\/www.freidenker.org\/?p=10904","url_meta":{"origin":581,"position":2},"title":"Deutschland boykottiert Anti-Rassismus-Konferenz der Vereinten Nationen","author":"Webredaktion","date":"27. Juli 2021","format":false,"excerpt":"Beitrag von Anti-Spiegel (d.i. Thomas R\u00f6per) Die sch\u00f6nen Worte deutscher Politiker und ihre tats\u00e4chlichen Handlungen gehen oft weit auseinander. Das zeigt nun wieder der Boykott der Anti-Rassismus-Konferenz der UNO. Deutschen Politikern geht es nicht um Rassismus, sondern um politische Ideologie. Beispiele daf\u00fcr ... gibt es reichlich. So hat Deutschland zum\u2026","rel":"","context":"In &quot;Demokratie \u2013 Medien \u2013 Aufkl\u00e4rung&quot;","block_context":{"text":"Demokratie \u2013 Medien \u2013 Aufkl\u00e4rung","link":"https:\/\/www.freidenker.org\/?cat=12"},"img":{"alt_text":"","src":"https:\/\/i0.wp.com\/www.freidenker.org\/fw17\/wp-content\/uploads\/2021\/07\/UN_security_council_2006_800x450.jpg?fit=800%2C450&ssl=1&resize=350%2C200","width":350,"height":200,"srcset":"https:\/\/i0.wp.com\/www.freidenker.org\/fw17\/wp-content\/uploads\/2021\/07\/UN_security_council_2006_800x450.jpg?fit=800%2C450&ssl=1&resize=350%2C200 1x, https:\/\/i0.wp.com\/www.freidenker.org\/fw17\/wp-content\/uploads\/2021\/07\/UN_security_council_2006_800x450.jpg?fit=800%2C450&ssl=1&resize=525%2C300 1.5x, https:\/\/i0.wp.com\/www.freidenker.org\/fw17\/wp-content\/uploads\/2021\/07\/UN_security_council_2006_800x450.jpg?fit=800%2C450&ssl=1&resize=700%2C400 2x"},"classes":[]},{"id":40,"url":"https:\/\/www.freidenker.org\/?p=40","url_meta":{"origin":581,"position":3},"title":"Der takfiristische Terrorismus in der Debatte der Islamgelehrten","author":"Webmaster","date":"4. Dezember 2015","format":false,"excerpt":"Beitrag von Klaus von Raussendorff: Als n\u00fctzlicher Feind des Westens tritt der so genannte Islamische Staat nicht nur milit\u00e4risch vor Ort in Erscheinung. Seine Gr\u00e4ueltaten halten auch die so genannte \u201eIslam-Debatte\u201c im Westen im Gange. Deren soziale Funktion besteht im Wesentlichen weniger darin, Kenntnis und Verst\u00e4ndnis zu f\u00f6rdern, als vielmehr\u2026","rel":"","context":"In &quot;Frieden - Antifaschismus - Solidarit\u00e4t&quot;","block_context":{"text":"Frieden - Antifaschismus - Solidarit\u00e4t","link":"https:\/\/www.freidenker.org\/?cat=13"},"img":{"alt_text":"","src":"https:\/\/i0.wp.com\/www.freidenker.org\/fw17\/wp-content\/uploads\/2016\/05\/Ko_02.jpg?fit=800%2C445&ssl=1&resize=350%2C200","width":350,"height":200,"srcset":"https:\/\/i0.wp.com\/www.freidenker.org\/fw17\/wp-content\/uploads\/2016\/05\/Ko_02.jpg?fit=800%2C445&ssl=1&resize=350%2C200 1x, https:\/\/i0.wp.com\/www.freidenker.org\/fw17\/wp-content\/uploads\/2016\/05\/Ko_02.jpg?fit=800%2C445&ssl=1&resize=525%2C300 1.5x, https:\/\/i0.wp.com\/www.freidenker.org\/fw17\/wp-content\/uploads\/2016\/05\/Ko_02.jpg?fit=800%2C445&ssl=1&resize=700%2C400 2x"},"classes":[]},{"id":21412,"url":"https:\/\/www.freidenker.org\/?p=21412","url_meta":{"origin":581,"position":4},"title":"Konferenz &#8222;Frieden mit Russland&#8220;","author":"Webredaktion","date":"9. April 2025","format":false,"excerpt":"Am 24. M\u00e4rz 2025 fand in Neuenhagen bei Berlin eine Konferenz des Ostdeutschen Kuratoriums von Verb\u00e4nden e.V. statt. Sie stand unter dem Motto \"Frieden mit Russland\" und war mit 500 Besuchern schon einige Wochen vorher ausverkauft. Die Veranstaltung wurde von Dr. Matthias Werner, Pr\u00e4sident des OKV e.V. und Mitglied des\u2026","rel":"","context":"In &quot;Frieden - Antifaschismus - Solidarit\u00e4t&quot;","block_context":{"text":"Frieden - Antifaschismus - Solidarit\u00e4t","link":"https:\/\/www.freidenker.org\/?cat=13"},"img":{"alt_text":"","src":"https:\/\/i0.wp.com\/www.freidenker.org\/fw17\/wp-content\/uploads\/2025\/04\/2025-03-24-Erklaerung_Titel_800x450.jpg?fit=800%2C450&ssl=1&resize=350%2C200","width":350,"height":200,"srcset":"https:\/\/i0.wp.com\/www.freidenker.org\/fw17\/wp-content\/uploads\/2025\/04\/2025-03-24-Erklaerung_Titel_800x450.jpg?fit=800%2C450&ssl=1&resize=350%2C200 1x, https:\/\/i0.wp.com\/www.freidenker.org\/fw17\/wp-content\/uploads\/2025\/04\/2025-03-24-Erklaerung_Titel_800x450.jpg?fit=800%2C450&ssl=1&resize=525%2C300 1.5x, https:\/\/i0.wp.com\/www.freidenker.org\/fw17\/wp-content\/uploads\/2025\/04\/2025-03-24-Erklaerung_Titel_800x450.jpg?fit=800%2C450&ssl=1&resize=700%2C400 2x"},"classes":[]},{"id":20722,"url":"https:\/\/www.freidenker.org\/?p=20722","url_meta":{"origin":581,"position":5},"title":"Galerie: Liebknecht-Luxemburg-Wochenende 2025","author":"Webredaktion","date":"17. Januar 2025","format":false,"excerpt":"Beitrag der Webredaktion Allj\u00e4hrlich am zweiten Januar-Wochenende finden traditionsgem\u00e4\u00df die Rosa-Luxemburg-Konferenz und die Liebknecht-Luxemburg-Demonstration in Berlin statt. Da sich zu diesem Anlass viele Mitglieder des Deutschen Freidenker-Verbandes ohnehin in Berlin aufhalten, nutzen wir die Gelegenheit zu weiteren Veranstaltungen in der Hauptstadt: Sitzung des Gesch\u00e4ftsf\u00fchrenden Verbandsvorstandes und Treffen des Beirates des\u2026","rel":"","context":"In &quot;Frieden - Antifaschismus - Solidarit\u00e4t&quot;","block_context":{"text":"Frieden - Antifaschismus - Solidarit\u00e4t","link":"https:\/\/www.freidenker.org\/?cat=13"},"img":{"alt_text":"","src":"https:\/\/i0.wp.com\/www.freidenker.org\/fw17\/wp-content\/uploads\/2025\/01\/RLK_LLD_2025_800x450.jpg?fit=800%2C450&ssl=1&resize=350%2C200","width":350,"height":200,"srcset":"https:\/\/i0.wp.com\/www.freidenker.org\/fw17\/wp-content\/uploads\/2025\/01\/RLK_LLD_2025_800x450.jpg?fit=800%2C450&ssl=1&resize=350%2C200 1x, https:\/\/i0.wp.com\/www.freidenker.org\/fw17\/wp-content\/uploads\/2025\/01\/RLK_LLD_2025_800x450.jpg?fit=800%2C450&ssl=1&resize=525%2C300 1.5x, https:\/\/i0.wp.com\/www.freidenker.org\/fw17\/wp-content\/uploads\/2025\/01\/RLK_LLD_2025_800x450.jpg?fit=800%2C450&ssl=1&resize=700%2C400 2x"},"classes":[]}],"_links":{"self":[{"href":"https:\/\/www.freidenker.org\/index.php?rest_route=\/wp\/v2\/posts\/581","targetHints":{"allow":["GET"]}}],"collection":[{"href":"https:\/\/www.freidenker.org\/index.php?rest_route=\/wp\/v2\/posts"}],"about":[{"href":"https:\/\/www.freidenker.org\/index.php?rest_route=\/wp\/v2\/types\/post"}],"author":[{"embeddable":true,"href":"https:\/\/www.freidenker.org\/index.php?rest_route=\/wp\/v2\/users\/2"}],"replies":[{"embeddable":true,"href":"https:\/\/www.freidenker.org\/index.php?rest_route=%2Fwp%2Fv2%2Fcomments&post=581"}],"version-history":[{"count":0,"href":"https:\/\/www.freidenker.org\/index.php?rest_route=\/wp\/v2\/posts\/581\/revisions"}],"wp:featuredmedia":[{"embeddable":true,"href":"https:\/\/www.freidenker.org\/index.php?rest_route=\/wp\/v2\/media\/587"}],"wp:attachment":[{"href":"https:\/\/www.freidenker.org\/index.php?rest_route=%2Fwp%2Fv2%2Fmedia&parent=581"}],"wp:term":[{"taxonomy":"category","embeddable":true,"href":"https:\/\/www.freidenker.org\/index.php?rest_route=%2Fwp%2Fv2%2Fcategories&post=581"},{"taxonomy":"post_tag","embeddable":true,"href":"https:\/\/www.freidenker.org\/index.php?rest_route=%2Fwp%2Fv2%2Ftags&post=581"}],"curies":[{"name":"wp","href":"https:\/\/api.w.org\/{rel}","templated":true}]}}