{"id":5808,"date":"2019-01-30T23:15:52","date_gmt":"2019-01-30T22:15:52","guid":{"rendered":"https:\/\/www.freidenker.org\/?p=5808"},"modified":"2019-03-04T13:19:50","modified_gmt":"2019-03-04T12:19:50","slug":"diskussion-20-jahre-nach-dem-nato-ueberfall-auf-jugoslawien","status":"publish","type":"post","link":"https:\/\/www.freidenker.org\/?p=5808","title":{"rendered":"Diskussion: 20 Jahre nach dem NATO-\u00dcberfall auf Jugoslawien"},"content":{"rendered":"<p>Am 16.01.2019 folgten mehr als 65 Interessierte der Einladung der Berliner Freidenker zur Diskussion mit Klaus Hartmann zum Thema <strong>&#8222;20 Jahre nach dem NATO-\u00dcberfall auf Jugoslawien \u2013 Die neokoloniale Neuaufteilung der Welt und der Kampf f\u00fcr die multipolare Weltordnung&#8220;<\/strong>.<\/p>\n<p>Klaus Hartmann wies auf die fr\u00fche Einsch\u00e4tzung der Freidenker in den 1990er Jahren hin, dass die NATO-Aggression gegen Jugoslawien der &#8222;T\u00fcr\u00f6ffnerkrieg&#8220; f\u00fcr die kommenden Kriege sein wird. Die Teilnehmer unterst\u00fctzten die Aufforderung, dem permanent gezeichneten &#8222;Feindbild Russland&#8220; entgegenzutreten und f\u00fcr die Forderungen nach NATO-Austritt und K\u00fcndigung des Stationierungsabkommens f\u00fcr ausl\u00e4ndische Streitkr\u00e4fte zu wirken.<\/p>\n<p>&nbsp;<\/p>\n<hr \/>\n<p><span style=\"font-size: 10pt;\">Bild: W\u00e4hrend der Podiumsdiskussion: Links Klaus Hartmann, Vorsitzender des Deutschen Freidenker-Verbandes; rechts Klaus Linder, Vorsitzender des Berliner Landesverbandes<\/span><br \/>\n<span style=\"font-size: 10pt;\">Foto: Angelika Seifert<\/span><\/p>\n","protected":false},"excerpt":{"rendered":"<p>Am 16.01.2019 folgten mehr als 65 Interessierte der Einladung der Berliner Freidenker zur Diskussion mit Klaus Hartmann zum Thema <b>&#8222;20 Jahre nach dem NATO-\u00dcberfall auf Jugoslawien \u2013 Die neokoloniale Neuaufteilung der Welt und der Kampf f\u00fcr die multipolare Weltordnung&#8220;<\/b>. Klaus Hartmann wies auf die fr\u00fche Einsch\u00e4tzung der Freidenker in den 1990er Jahren hin, dass die NATO-Aggression gegen Jugoslawien der &#8222;T\u00fcr\u00f6ffnerkrieg&#8220; f\u00fcr die kommenden Kriege sein wird. <\/p>\n","protected":false},"author":3,"featured_media":5813,"comment_status":"closed","ping_status":"closed","sticky":false,"template":"","format":"standard","meta":{"colormag_page_container_layout":"default_layout","colormag_page_sidebar_layout":"default_layout","advanced_seo_description":"","jetpack_seo_html_title":"","jetpack_seo_noindex":false,"jetpack_post_was_ever_published":false,"footnotes":""},"categories":[13,19],"tags":[801,681,335,61,269],"class_list":["post-5808","post","type-post","status-publish","format-standard","has-post-thumbnail","hentry","category-frieden-antifaschismus-solidaritaet","category-veranstaltungen-in-den-dfv-landesverbaenden","tag-aggressionskrieg","tag-deutschland-raus-aus-der-nato","tag-frieden","tag-klaus-hartmann","tag-nato-ueberfall-auf-jugoslawien"],"jetpack_featured_media_url":"https:\/\/i0.wp.com\/www.freidenker.org\/fw17\/wp-content\/uploads\/2019\/01\/190116_Podium_ND_02.jpg?fit=800%2C445&ssl=1","jetpack_shortlink":"https:\/\/wp.me\/p9stpK-1vG","jetpack-related-posts":[{"id":5761,"url":"https:\/\/www.freidenker.org\/?p=5761","url_meta":{"origin":5808,"position":0},"title":"Vortrag am 16.01.2019: 20 Jahre nach dem NATO-\u00dcberfall auf Jugoslawien","author":"Webredaktion","date":"14. Januar 2019","format":false,"excerpt":"Einladung zu einem Vortrag von Klaus Hartmann (Bundesvorsitzender des Deutschen Freidenker-Verbandes) 20 Jahre nach dem NATO-\u00dcberfall auf Jugoslawien \u2013 Die neokoloniale Neuaufteilung der Welt und der Kampf f\u00fcr die multipolare Weltordnung Mittwoch, 16. Januar 2019, 18.00 Uhr, ND-Geb\u00e4ude, Franz-Mehring-Platz 1, 10243 Berlin","rel":"","context":"In &quot;Frieden - Antifaschismus - Solidarit\u00e4t&quot;","block_context":{"text":"Frieden - Antifaschismus - Solidarit\u00e4t","link":"https:\/\/www.freidenker.org\/?cat=13"},"img":{"alt_text":"","src":"https:\/\/i0.wp.com\/www.freidenker.org\/fw17\/wp-content\/uploads\/2019\/01\/Hartmann_Belgrad_800x445.jpg?fit=800%2C445&ssl=1&resize=350%2C200","width":350,"height":200,"srcset":"https:\/\/i0.wp.com\/www.freidenker.org\/fw17\/wp-content\/uploads\/2019\/01\/Hartmann_Belgrad_800x445.jpg?fit=800%2C445&ssl=1&resize=350%2C200 1x, https:\/\/i0.wp.com\/www.freidenker.org\/fw17\/wp-content\/uploads\/2019\/01\/Hartmann_Belgrad_800x445.jpg?fit=800%2C445&ssl=1&resize=525%2C300 1.5x, https:\/\/i0.wp.com\/www.freidenker.org\/fw17\/wp-content\/uploads\/2019\/01\/Hartmann_Belgrad_800x445.jpg?fit=800%2C445&ssl=1&resize=700%2C400 2x"},"classes":[]},{"id":6028,"url":"https:\/\/www.freidenker.org\/?p=6028","url_meta":{"origin":5808,"position":1},"title":"FREIDENKER 1-19  \u2013 20 Jahre NATO-Aggression gegen Jugoslawien","author":"Webredaktion","date":"17. M\u00e4rz 2019","format":false,"excerpt":"Die Ausgabe 1-19 des Verbandsorgans FREIDENKER hat das Schwerpunkt-Thema \u201e20 Jahre NATO-Aggression gegen Jugoslawien\u201c und enth\u00e4lt u.a. folgende Beitr\u00e4ge: - Rainer Rupp: NATO-Angriffskrieg: Fake News, False Flag - Peter Betscher: Erosion des V\u00f6lkerrechts - Diana Johnstone: \u201eEthnische S\u00e4uberungen\u201d - Klaus Hartmann: Der \u201eT\u00fcr\u00f6ffner\u201c-Krieg - Witold Fischer: Zwei offene Fragen zum\u2026","rel":"","context":"In &quot;Frieden - Antifaschismus - Solidarit\u00e4t&quot;","block_context":{"text":"Frieden - Antifaschismus - Solidarit\u00e4t","link":"https:\/\/www.freidenker.org\/?cat=13"},"img":{"alt_text":"","src":"https:\/\/i0.wp.com\/www.freidenker.org\/fw17\/wp-content\/uploads\/2019\/03\/FD_2019-01_Titel_mR.jpg?fit=800%2C445&ssl=1&resize=350%2C200","width":350,"height":200,"srcset":"https:\/\/i0.wp.com\/www.freidenker.org\/fw17\/wp-content\/uploads\/2019\/03\/FD_2019-01_Titel_mR.jpg?fit=800%2C445&ssl=1&resize=350%2C200 1x, https:\/\/i0.wp.com\/www.freidenker.org\/fw17\/wp-content\/uploads\/2019\/03\/FD_2019-01_Titel_mR.jpg?fit=800%2C445&ssl=1&resize=525%2C300 1.5x, https:\/\/i0.wp.com\/www.freidenker.org\/fw17\/wp-content\/uploads\/2019\/03\/FD_2019-01_Titel_mR.jpg?fit=800%2C445&ssl=1&resize=700%2C400 2x"},"classes":[]},{"id":18593,"url":"https:\/\/www.freidenker.org\/?p=18593","url_meta":{"origin":5808,"position":2},"title":"FREIDENKER 1-24 \u2013 25 Jahre NATO-Aggression gegen Jugoslawien","author":"Webredaktion","date":"24. M\u00e4rz 2024","format":false,"excerpt":"Die Ausgabe 1-24 des Verbandsorgans FREIDENKER hat das Schwerpunkt-Thema \u201e25 Jahre NATO-Aggression gegen Jugoslawien\u201c und enth\u00e4lt u.a. folgende Beitr\u00e4ge: - Die Zerst\u00f6rung der europ\u00e4ischen Friedensordnung - Die Enteignung der Meinungsfreiheit - Deutschland f\u00fchrt wieder Krieg - Rainer Rupp: NATO-Angriffskrieg: Fake News, False Flag - Klaus von Raussendorff: Die Propagandakeule \u201eNationalismus\u201c\u2026","rel":"","context":"In &quot;Verbandsorgan FREIDENKER&quot;","block_context":{"text":"Verbandsorgan FREIDENKER","link":"https:\/\/www.freidenker.org\/?cat=8"},"img":{"alt_text":"","src":"https:\/\/i0.wp.com\/www.freidenker.org\/fw17\/wp-content\/uploads\/2024\/03\/FD_2024-01_Titel_mR.jpg?fit=800%2C445&ssl=1&resize=350%2C200","width":350,"height":200,"srcset":"https:\/\/i0.wp.com\/www.freidenker.org\/fw17\/wp-content\/uploads\/2024\/03\/FD_2024-01_Titel_mR.jpg?fit=800%2C445&ssl=1&resize=350%2C200 1x, https:\/\/i0.wp.com\/www.freidenker.org\/fw17\/wp-content\/uploads\/2024\/03\/FD_2024-01_Titel_mR.jpg?fit=800%2C445&ssl=1&resize=525%2C300 1.5x, https:\/\/i0.wp.com\/www.freidenker.org\/fw17\/wp-content\/uploads\/2024\/03\/FD_2024-01_Titel_mR.jpg?fit=800%2C445&ssl=1&resize=700%2C400 2x"},"classes":[]},{"id":11314,"url":"https:\/\/www.freidenker.org\/?p=11314","url_meta":{"origin":5808,"position":3},"title":"Milo\u0161evi\u0107 2021: Zusammenarbeit und Freundschaft mit Russland und China!","author":"Webredaktion","date":"3. Oktober 2021","format":false,"excerpt":"Rede von Klaus Hartmann auf der internationalen Online Konferenz \"MILOSEVIC - GEGEN NATO-VERBRECHEN, F\u00dcR EINE NEUE WELT\" am 1. Oktober 2021 Geschichtliche Jahrestage haben f\u00fcr uns nicht nur die Bedeutung des Erinnerns, der Ehrung oder der Trauer. Sie sollen auch als Mahnung dienen und das geschichtliche Bewusstsein unserer Zeitgenossen und\u2026","rel":"","context":"In &quot;Frieden - Antifaschismus - Solidarit\u00e4t&quot;","block_context":{"text":"Frieden - Antifaschismus - Solidarit\u00e4t","link":"https:\/\/www.freidenker.org\/?cat=13"},"img":{"alt_text":"","src":"https:\/\/i0.wp.com\/www.freidenker.org\/fw17\/wp-content\/uploads\/2021\/10\/Milosevic-Konferenz_Hartmann_800x450.jpg?fit=800%2C450&ssl=1&resize=350%2C200","width":350,"height":200,"srcset":"https:\/\/i0.wp.com\/www.freidenker.org\/fw17\/wp-content\/uploads\/2021\/10\/Milosevic-Konferenz_Hartmann_800x450.jpg?fit=800%2C450&ssl=1&resize=350%2C200 1x, https:\/\/i0.wp.com\/www.freidenker.org\/fw17\/wp-content\/uploads\/2021\/10\/Milosevic-Konferenz_Hartmann_800x450.jpg?fit=800%2C450&ssl=1&resize=525%2C300 1.5x, https:\/\/i0.wp.com\/www.freidenker.org\/fw17\/wp-content\/uploads\/2021\/10\/Milosevic-Konferenz_Hartmann_800x450.jpg?fit=800%2C450&ssl=1&resize=700%2C400 2x"},"classes":[]},{"id":18765,"url":"https:\/\/www.freidenker.org\/?p=18765","url_meta":{"origin":5808,"position":4},"title":"Von der Aggression gegen Jugoslawien zum NATO-Krieg gegen Russland","author":"Webredaktion","date":"14. April 2024","format":false,"excerpt":"Rede von Klaus Hartmann, gehalten am 22. M\u00e4rz 2024 auf der Konferenz \"Von der Aggression zu einer neuen gerechten Ordnung\" in Belgrad Im Jahr 2022 hat die deutsche Bundesregierung eine \u201eZeitenwende\u201c, eine \u201eneue \u00c4ra\u201c proklamiert \u2013 um damit die Russische F\u00f6deration anzuklagen, unter Bruch des V\u00f6lkerrechts einen Angriffskrieg begonnen zu\u2026","rel":"","context":"In &quot;Demokratie \u2013 Medien \u2013 Aufkl\u00e4rung&quot;","block_context":{"text":"Demokratie \u2013 Medien \u2013 Aufkl\u00e4rung","link":"https:\/\/www.freidenker.org\/?cat=12"},"img":{"alt_text":"","src":"https:\/\/i0.wp.com\/www.freidenker.org\/fw17\/wp-content\/uploads\/2024\/04\/beoforum_2024_Hartmann_800x450.jpg?fit=800%2C450&ssl=1&resize=350%2C200","width":350,"height":200,"srcset":"https:\/\/i0.wp.com\/www.freidenker.org\/fw17\/wp-content\/uploads\/2024\/04\/beoforum_2024_Hartmann_800x450.jpg?fit=800%2C450&ssl=1&resize=350%2C200 1x, https:\/\/i0.wp.com\/www.freidenker.org\/fw17\/wp-content\/uploads\/2024\/04\/beoforum_2024_Hartmann_800x450.jpg?fit=800%2C450&ssl=1&resize=525%2C300 1.5x, https:\/\/i0.wp.com\/www.freidenker.org\/fw17\/wp-content\/uploads\/2024\/04\/beoforum_2024_Hartmann_800x450.jpg?fit=800%2C450&ssl=1&resize=700%2C400 2x"},"classes":[]},{"id":14959,"url":"https:\/\/www.freidenker.org\/?p=14959","url_meta":{"origin":5808,"position":5},"title":"NATO z\u00fcndelt im Kosovo","author":"Webredaktion","date":"7. Januar 2023","format":false,"excerpt":"Beitrag von Klaus Hartmann Die regelm\u00e4\u00dfigen und j\u00fcngst wieder aufflammenden Konflikte zwischen Kosovo-Albanern und Serben rufen uns in Erinnerung, was aus dem Bewusstsein der Bev\u00f6lkerung im \u201eWesten\u201c verdr\u00e4ngt werden soll: Nicht der Konflikt in der Ukraine hat \u201eden Krieg nach Europa zur\u00fcckgebracht\u201c, sondern die NATO selbst mit ihrer v\u00f6lkerrechtswidrigen Aggression\u2026","rel":"","context":"In &quot;Demokratie \u2013 Medien \u2013 Aufkl\u00e4rung&quot;","block_context":{"text":"Demokratie \u2013 Medien \u2013 Aufkl\u00e4rung","link":"https:\/\/www.freidenker.org\/?cat=12"},"img":{"alt_text":"","src":"https:\/\/i0.wp.com\/www.freidenker.org\/fw17\/wp-content\/uploads\/2023\/01\/The_Killer_Bees_by_Harley_Copic_800x450.jpg?fit=800%2C450&ssl=1&resize=350%2C200","width":350,"height":200,"srcset":"https:\/\/i0.wp.com\/www.freidenker.org\/fw17\/wp-content\/uploads\/2023\/01\/The_Killer_Bees_by_Harley_Copic_800x450.jpg?fit=800%2C450&ssl=1&resize=350%2C200 1x, https:\/\/i0.wp.com\/www.freidenker.org\/fw17\/wp-content\/uploads\/2023\/01\/The_Killer_Bees_by_Harley_Copic_800x450.jpg?fit=800%2C450&ssl=1&resize=525%2C300 1.5x, https:\/\/i0.wp.com\/www.freidenker.org\/fw17\/wp-content\/uploads\/2023\/01\/The_Killer_Bees_by_Harley_Copic_800x450.jpg?fit=800%2C450&ssl=1&resize=700%2C400 2x"},"classes":[]}],"_links":{"self":[{"href":"https:\/\/www.freidenker.org\/index.php?rest_route=\/wp\/v2\/posts\/5808","targetHints":{"allow":["GET"]}}],"collection":[{"href":"https:\/\/www.freidenker.org\/index.php?rest_route=\/wp\/v2\/posts"}],"about":[{"href":"https:\/\/www.freidenker.org\/index.php?rest_route=\/wp\/v2\/types\/post"}],"author":[{"embeddable":true,"href":"https:\/\/www.freidenker.org\/index.php?rest_route=\/wp\/v2\/users\/3"}],"replies":[{"embeddable":true,"href":"https:\/\/www.freidenker.org\/index.php?rest_route=%2Fwp%2Fv2%2Fcomments&post=5808"}],"version-history":[{"count":0,"href":"https:\/\/www.freidenker.org\/index.php?rest_route=\/wp\/v2\/posts\/5808\/revisions"}],"wp:featuredmedia":[{"embeddable":true,"href":"https:\/\/www.freidenker.org\/index.php?rest_route=\/wp\/v2\/media\/5813"}],"wp:attachment":[{"href":"https:\/\/www.freidenker.org\/index.php?rest_route=%2Fwp%2Fv2%2Fmedia&parent=5808"}],"wp:term":[{"taxonomy":"category","embeddable":true,"href":"https:\/\/www.freidenker.org\/index.php?rest_route=%2Fwp%2Fv2%2Fcategories&post=5808"},{"taxonomy":"post_tag","embeddable":true,"href":"https:\/\/www.freidenker.org\/index.php?rest_route=%2Fwp%2Fv2%2Ftags&post=5808"}],"curies":[{"name":"wp","href":"https:\/\/api.w.org\/{rel}","templated":true}]}}