{"id":5807,"date":"2019-01-30T23:16:22","date_gmt":"2019-01-30T22:16:22","guid":{"rendered":"https:\/\/www.freidenker.org\/?p=5807"},"modified":"2019-06-27T21:04:21","modified_gmt":"2019-06-27T19:04:21","slug":"gedenkfeier-75-jahrestag-der-ermordung-von-max-sievers","status":"publish","type":"post","link":"https:\/\/www.freidenker.org\/?p=5807","title":{"rendered":"Gedenkfeier: 75. Jahrestag der Ermordung von Max Sievers"},"content":{"rendered":"<p><strong>Am 17.01.2019 trafen sich Mitglieder und Freunde des Freidenkerverbandes auf dem Urnenfriedhof Berlin-Wedding, um des vor 75 Jahren ermordeten Vorsitzenden des Deutschen Freidenker-Verbandes zu gedenken.<\/strong><\/p>\n<p>Klaus Hartmann, Bundesvorsitzender des Verbandes, wies darauf hin, dass Verfolgung und antifaschistischer Widerstand der Freidenker die Identit\u00e4t des Verbandes bis heute und dauerhaft pr\u00e4gen: &#8222;Nie wieder Faschismus, nie wieder Krieg&#8220; bleibt ein unverr\u00fcckbarer Grundsatz f\u00fcr das Handeln und das Selbstverst\u00e4ndnis des Freidenkerverbandes. Umso notwendiger ist es nach Hartmanns Worten, der heute verbreiteten Zerst\u00f6rung und Sinnentfremdung des Begriffs Antifaschismus entgegenzutreten, der zunehmend f\u00fcr Herrschaftskonformismus und die Bef\u00fcrwortung imperialistischer Krieg verf\u00e4lscht wird.<\/p>\n<p><img data-recalc-dims=\"1\" loading=\"lazy\" decoding=\"async\" data-attachment-id=\"5809\" data-permalink=\"https:\/\/www.freidenker.org\/?attachment_id=5809\" data-orig-file=\"https:\/\/i0.wp.com\/www.freidenker.org\/fw17\/wp-content\/uploads\/2019\/01\/Ehrung_Sievers_2019_Grab.jpg?fit=800%2C1067&amp;ssl=1\" data-orig-size=\"800,1067\" data-comments-opened=\"0\" data-image-meta=\"{&quot;aperture&quot;:&quot;1.7&quot;,&quot;credit&quot;:&quot;&quot;,&quot;camera&quot;:&quot;SM-G930F&quot;,&quot;caption&quot;:&quot;&quot;,&quot;created_timestamp&quot;:&quot;1547738380&quot;,&quot;copyright&quot;:&quot;&quot;,&quot;focal_length&quot;:&quot;4.2&quot;,&quot;iso&quot;:&quot;50&quot;,&quot;shutter_speed&quot;:&quot;0.02&quot;,&quot;title&quot;:&quot;&quot;,&quot;orientation&quot;:&quot;1&quot;}\" data-image-title=\"Ehrung_Sievers_2019_Grab\" data-image-description=\"\" data-image-caption=\"\" data-large-file=\"https:\/\/i0.wp.com\/www.freidenker.org\/fw17\/wp-content\/uploads\/2019\/01\/Ehrung_Sievers_2019_Grab.jpg?fit=768%2C1024&amp;ssl=1\" class=\"alignnone wp-image-5809\" src=\"https:\/\/i0.wp.com\/www.freidenker.org\/fw17\/wp-content\/uploads\/2019\/01\/Ehrung_Sievers_2019_Grab.jpg?resize=600%2C800&#038;ssl=1\" alt=\"\" width=\"600\" height=\"800\" srcset=\"https:\/\/i0.wp.com\/www.freidenker.org\/fw17\/wp-content\/uploads\/2019\/01\/Ehrung_Sievers_2019_Grab.jpg?w=800&amp;ssl=1 800w, https:\/\/i0.wp.com\/www.freidenker.org\/fw17\/wp-content\/uploads\/2019\/01\/Ehrung_Sievers_2019_Grab.jpg?resize=225%2C300&amp;ssl=1 225w, https:\/\/i0.wp.com\/www.freidenker.org\/fw17\/wp-content\/uploads\/2019\/01\/Ehrung_Sievers_2019_Grab.jpg?resize=768%2C1024&amp;ssl=1 768w\" sizes=\"auto, (max-width: 600px) 100vw, 600px\" \/><\/p>\n<p>&nbsp;<\/p>\n<p>&nbsp;<\/p>\n<hr \/>\n<p>Fotos: Deutscher Freidenker-Verband<\/p>\n","protected":false},"excerpt":{"rendered":"<p>Am 17.01.2019 trafen sich Mitglieder und Freunde des Freidenkerverbandes auf dem auf dem Urnenfriedhof Berlin-Wedding, um des vor 75 Jahren ermordeten Vorsitzenden des Deutschen Freidenker-Verbandes zu gedenken. Klaus Hartmann, Bundesvorsitzender des Verbandes, wies darauf hin, dass Verfolgung und antifaschistischer Widerstand der Freidenker die Identit\u00e4t des Verbandes bis heute und dauerhaft pr\u00e4gen: &#8222;Nie wieder Faschismus, nie wieder Krieg&#8220; bleibt ein unverr\u00fcckbarer Grundsatz f\u00fcr das Handeln und das Selbstverst\u00e4ndnis des Freidenkerverbandes. <\/p>\n","protected":false},"author":3,"featured_media":5810,"comment_status":"closed","ping_status":"closed","sticky":false,"template":"","format":"standard","meta":{"colormag_page_container_layout":"default_layout","colormag_page_sidebar_layout":"default_layout","advanced_seo_description":"","jetpack_seo_html_title":"","jetpack_seo_noindex":false,"jetpack_post_was_ever_published":false,"footnotes":""},"categories":[1162,17,20],"tags":[451,26,924,923],"class_list":["post-5807","post","type-post","status-publish","format-standard","has-post-thumbnail","hentry","category-geschichte","category-weltliche-trauerkultur","category-zentrale-veranstaltungen","tag-faschismus","tag-freidenker","tag-gedenken","tag-max-sievers"],"jetpack_featured_media_url":"https:\/\/i0.wp.com\/www.freidenker.org\/fw17\/wp-content\/uploads\/2019\/01\/Ehrung_Sievers_2019_Gebinde.jpg?fit=800%2C450&ssl=1","jetpack_shortlink":"https:\/\/wp.me\/p9stpK-1vF","jetpack-related-posts":[{"id":17936,"url":"https:\/\/www.freidenker.org\/?p=17936","url_meta":{"origin":5807,"position":0},"title":"Galerie: Max-Sievers-Ehrung","author":"Webredaktion","date":"22. Januar 2024","format":false,"excerpt":"Bericht der Webredaktion Vor 80 Jahren haben die deutschen Faschisten den Vorsitzenden des Deutschen Freidenker-Verbandes im Zuchthaus Brandenburg-G\u00f6rden mit dem Fallbeil ermordet. Aus diesem Anlass trafen sich Freidenker aus Berlin, Brandenburg und Hessen zu einem ehrenden Gedenken am 17. Januar 2024 auf dem Urnenfriedhof Wedding in Berlin, wo sich das\u2026","rel":"","context":"In &quot;Geschichte&quot;","block_context":{"text":"Geschichte","link":"https:\/\/www.freidenker.org\/?cat=1162"},"img":{"alt_text":"","src":"https:\/\/i0.wp.com\/www.freidenker.org\/fw17\/wp-content\/uploads\/2024\/01\/Sievers-Ehrung_2024_154236_800x450.jpg?fit=800%2C450&ssl=1&resize=350%2C200","width":350,"height":200,"srcset":"https:\/\/i0.wp.com\/www.freidenker.org\/fw17\/wp-content\/uploads\/2024\/01\/Sievers-Ehrung_2024_154236_800x450.jpg?fit=800%2C450&ssl=1&resize=350%2C200 1x, https:\/\/i0.wp.com\/www.freidenker.org\/fw17\/wp-content\/uploads\/2024\/01\/Sievers-Ehrung_2024_154236_800x450.jpg?fit=800%2C450&ssl=1&resize=525%2C300 1.5x, https:\/\/i0.wp.com\/www.freidenker.org\/fw17\/wp-content\/uploads\/2024\/01\/Sievers-Ehrung_2024_154236_800x450.jpg?fit=800%2C450&ssl=1&resize=700%2C400 2x"},"classes":[]},{"id":568,"url":"https:\/\/www.freidenker.org\/?p=568","url_meta":{"origin":5807,"position":1},"title":"18.1.2014 &#8211; Ehrung f\u00fcr Max Sievers","author":"Webmaster","date":"9. Januar 2014","format":false,"excerpt":"Die Vorst\u00e4nde des Deutschen Freidenker-Verbandes e.V. und der Landesverb\u00e4nde Berlin und Brandenburg laden ein zum Gedenken an den langj\u00e4hrigen Vorsitzenden des Deutschen Freidenker-Verbandes Max Sievers anl\u00e4sslich des 70. Jahrestages seiner Ermordung durch die deutschen Faschisten am 17. Januar 1944 im Zuchthaus Brandenburg-G\u00f6rden. Die Ehrungen mit Kranzniederlegung, Ansprache und musikalischer Umrahmung\u2026","rel":"","context":"In &quot;Zentrale Veranstaltungen&quot;","block_context":{"text":"Zentrale Veranstaltungen","link":"https:\/\/www.freidenker.org\/?cat=20"},"img":{"alt_text":"","src":"https:\/\/i0.wp.com\/www.freidenker.org\/fw17\/wp-content\/uploads\/2016\/08\/Sievers.jpg?fit=800%2C445&ssl=1&resize=350%2C200","width":350,"height":200,"srcset":"https:\/\/i0.wp.com\/www.freidenker.org\/fw17\/wp-content\/uploads\/2016\/08\/Sievers.jpg?fit=800%2C445&ssl=1&resize=350%2C200 1x, https:\/\/i0.wp.com\/www.freidenker.org\/fw17\/wp-content\/uploads\/2016\/08\/Sievers.jpg?fit=800%2C445&ssl=1&resize=525%2C300 1.5x, https:\/\/i0.wp.com\/www.freidenker.org\/fw17\/wp-content\/uploads\/2016\/08\/Sievers.jpg?fit=800%2C445&ssl=1&resize=700%2C400 2x"},"classes":[]},{"id":4303,"url":"https:\/\/www.freidenker.org\/?p=4303","url_meta":{"origin":5807,"position":2},"title":"Max Sievers &#8211; K\u00e4mpfer f\u00fcr die Freiheit des Geistes","author":"Webredaktion","date":"20. Januar 2014","format":false,"excerpt":"Rede von Ralf Lux anl\u00e4sslich des 70. Jahrestages der Ermordung von Max Sievers Max Sievers war ein unerschrockener K\u00e4mpfer f\u00fcr die Emanzipation der Massen von den Dogmen der Kirche und von einer Kulturreaktion, die bestrebt war, den Fortschritt im gesellschaftlichen und freiheitlichen Wollen zu hemmen. Sein Wirken galt der sozialen\u2026","rel":"","context":"In &quot;Frieden - Antifaschismus - Solidarit\u00e4t&quot;","block_context":{"text":"Frieden - Antifaschismus - Solidarit\u00e4t","link":"https:\/\/www.freidenker.org\/?cat=13"},"img":{"alt_text":"","src":"https:\/\/i0.wp.com\/www.freidenker.org\/fw17\/wp-content\/uploads\/2018\/01\/Sievers_flamme_800x445.jpg?fit=800%2C445&ssl=1&resize=350%2C200","width":350,"height":200,"srcset":"https:\/\/i0.wp.com\/www.freidenker.org\/fw17\/wp-content\/uploads\/2018\/01\/Sievers_flamme_800x445.jpg?fit=800%2C445&ssl=1&resize=350%2C200 1x, https:\/\/i0.wp.com\/www.freidenker.org\/fw17\/wp-content\/uploads\/2018\/01\/Sievers_flamme_800x445.jpg?fit=800%2C445&ssl=1&resize=525%2C300 1.5x, https:\/\/i0.wp.com\/www.freidenker.org\/fw17\/wp-content\/uploads\/2018\/01\/Sievers_flamme_800x445.jpg?fit=800%2C445&ssl=1&resize=700%2C400 2x"},"classes":[]},{"id":16017,"url":"https:\/\/www.freidenker.org\/?p=16017","url_meta":{"origin":5807,"position":3},"title":"Befreiung vom Faschismus und Tag des Sieges 2023","author":"Webredaktion","date":"13. Mai 2023","format":false,"excerpt":"Wir dokumentieren - den Marsch des Unsterblichen Regiments am 07. Mai 2023 in Frankfurt am Main mit Kundgebung am Opernplatz und Demonstration zum R\u00f6merberg, Reden von Sebastian Bahlo (Text) und von Sergey Filbert (Video) - Bilder von der Gedenkstunde am 08.05.2023 zum Tag der Befreiung am Mahnmal f\u00fcr die Opfer\u2026","rel":"","context":"In &quot;Frieden - Antifaschismus - Solidarit\u00e4t&quot;","block_context":{"text":"Frieden - Antifaschismus - Solidarit\u00e4t","link":"https:\/\/www.freidenker.org\/?cat=13"},"img":{"alt_text":"","src":"https:\/\/i0.wp.com\/www.freidenker.org\/fw17\/wp-content\/uploads\/2023\/05\/TdB_2023_20230509_113616_800x450.jpg?fit=800%2C450&ssl=1&resize=350%2C200","width":350,"height":200,"srcset":"https:\/\/i0.wp.com\/www.freidenker.org\/fw17\/wp-content\/uploads\/2023\/05\/TdB_2023_20230509_113616_800x450.jpg?fit=800%2C450&ssl=1&resize=350%2C200 1x, https:\/\/i0.wp.com\/www.freidenker.org\/fw17\/wp-content\/uploads\/2023\/05\/TdB_2023_20230509_113616_800x450.jpg?fit=800%2C450&ssl=1&resize=525%2C300 1.5x, https:\/\/i0.wp.com\/www.freidenker.org\/fw17\/wp-content\/uploads\/2023\/05\/TdB_2023_20230509_113616_800x450.jpg?fit=800%2C450&ssl=1&resize=700%2C400 2x"},"classes":[]},{"id":6392,"url":"https:\/\/www.freidenker.org\/?p=6392","url_meta":{"origin":5807,"position":4},"title":"Am 9. Mai: Dank den Sowjetsoldaten!","author":"Webredaktion","date":"14. Mai 2019","format":false,"excerpt":"Ansprache von Klaus Hartmann, Bundesvorsitzender des Deutschen Freidenker-Verbandes,\u00a0 am 9. Mai 2019 auf dem Hauptfriedhof Frankfurt am Main Unsere Trauer um die Opfer, um die Gefallenen, um die Ermordeten, bedeutet einerseits ehrendes Gedenken, aber es ist zugleich Mahnung: Nie wieder Faschismus, nie wieder Krieg! Diese Mahnung bedeutet zuerst, nicht zuzulassen,\u2026","rel":"","context":"In &quot;Frieden - Antifaschismus - Solidarit\u00e4t&quot;","block_context":{"text":"Frieden - Antifaschismus - Solidarit\u00e4t","link":"https:\/\/www.freidenker.org\/?cat=13"},"img":{"alt_text":"","src":"https:\/\/i0.wp.com\/www.freidenker.org\/fw17\/wp-content\/uploads\/2019\/05\/190509-Tag-des-Sieges-2019-Gelbwesten_800x445.jpg?fit=800%2C445&ssl=1&resize=350%2C200","width":350,"height":200,"srcset":"https:\/\/i0.wp.com\/www.freidenker.org\/fw17\/wp-content\/uploads\/2019\/05\/190509-Tag-des-Sieges-2019-Gelbwesten_800x445.jpg?fit=800%2C445&ssl=1&resize=350%2C200 1x, https:\/\/i0.wp.com\/www.freidenker.org\/fw17\/wp-content\/uploads\/2019\/05\/190509-Tag-des-Sieges-2019-Gelbwesten_800x445.jpg?fit=800%2C445&ssl=1&resize=525%2C300 1.5x, https:\/\/i0.wp.com\/www.freidenker.org\/fw17\/wp-content\/uploads\/2019\/05\/190509-Tag-des-Sieges-2019-Gelbwesten_800x445.jpg?fit=800%2C445&ssl=1&resize=700%2C400 2x"},"classes":[]},{"id":24949,"url":"https:\/\/www.freidenker.org\/?p=24949","url_meta":{"origin":5807,"position":5},"title":"Gedenken an die Selbstbefreiung des Konzentrationslagers Buchenwald","author":"Webredaktion","date":"22. April 2026","format":false,"excerpt":"Bericht des Deutschen Freidenker-Verbandes, Landesverband Th\u00fcringen Am 12. April 2026 gedachten Mitglieder verschiedener Parteien und Organisationen und interessierte B\u00fcrger, auf Einladung des Landesvorstandes Th\u00fcringens des Deutschen Freidenker-Verbandes der Selbstbefreiung des Konzentrationslagers Buchenwald vor 81 Jahren. Die Landesvorsitzende hatte eine Einladung an die Botschaft der Russischen F\u00f6deration in Berlin gesandt, die\u2026","rel":"","context":"In &quot;Aktuelles&quot;","block_context":{"text":"Aktuelles","link":"https:\/\/www.freidenker.org\/?cat=574"},"img":{"alt_text":"","src":"https:\/\/i0.wp.com\/www.freidenker.org\/fw17\/wp-content\/uploads\/2026\/04\/Figuren_buchenwald._800x450jpg.jpg?fit=800%2C450&ssl=1&resize=350%2C200","width":350,"height":200,"srcset":"https:\/\/i0.wp.com\/www.freidenker.org\/fw17\/wp-content\/uploads\/2026\/04\/Figuren_buchenwald._800x450jpg.jpg?fit=800%2C450&ssl=1&resize=350%2C200 1x, https:\/\/i0.wp.com\/www.freidenker.org\/fw17\/wp-content\/uploads\/2026\/04\/Figuren_buchenwald._800x450jpg.jpg?fit=800%2C450&ssl=1&resize=525%2C300 1.5x, https:\/\/i0.wp.com\/www.freidenker.org\/fw17\/wp-content\/uploads\/2026\/04\/Figuren_buchenwald._800x450jpg.jpg?fit=800%2C450&ssl=1&resize=700%2C400 2x"},"classes":[]}],"_links":{"self":[{"href":"https:\/\/www.freidenker.org\/index.php?rest_route=\/wp\/v2\/posts\/5807","targetHints":{"allow":["GET"]}}],"collection":[{"href":"https:\/\/www.freidenker.org\/index.php?rest_route=\/wp\/v2\/posts"}],"about":[{"href":"https:\/\/www.freidenker.org\/index.php?rest_route=\/wp\/v2\/types\/post"}],"author":[{"embeddable":true,"href":"https:\/\/www.freidenker.org\/index.php?rest_route=\/wp\/v2\/users\/3"}],"replies":[{"embeddable":true,"href":"https:\/\/www.freidenker.org\/index.php?rest_route=%2Fwp%2Fv2%2Fcomments&post=5807"}],"version-history":[{"count":0,"href":"https:\/\/www.freidenker.org\/index.php?rest_route=\/wp\/v2\/posts\/5807\/revisions"}],"wp:featuredmedia":[{"embeddable":true,"href":"https:\/\/www.freidenker.org\/index.php?rest_route=\/wp\/v2\/media\/5810"}],"wp:attachment":[{"href":"https:\/\/www.freidenker.org\/index.php?rest_route=%2Fwp%2Fv2%2Fmedia&parent=5807"}],"wp:term":[{"taxonomy":"category","embeddable":true,"href":"https:\/\/www.freidenker.org\/index.php?rest_route=%2Fwp%2Fv2%2Fcategories&post=5807"},{"taxonomy":"post_tag","embeddable":true,"href":"https:\/\/www.freidenker.org\/index.php?rest_route=%2Fwp%2Fv2%2Ftags&post=5807"}],"curies":[{"name":"wp","href":"https:\/\/api.w.org\/{rel}","templated":true}]}}