{"id":5776,"date":"2019-01-15T21:31:44","date_gmt":"2019-01-15T20:31:44","guid":{"rendered":"https:\/\/www.freidenker.org\/?p=5776"},"modified":"2019-06-27T21:46:22","modified_gmt":"2019-06-27T19:46:22","slug":"100-jahre-nach-der-ermordung-luxemburg-und-liebknecht-bewegen-ueber-zehntausend","status":"publish","type":"post","link":"https:\/\/www.freidenker.org\/?p=5776","title":{"rendered":"100 Jahre nach der Ermordung \u2013 Luxemburg und Liebknecht bewegen \u00fcber Zehntausend"},"content":{"rendered":"<p>Bericht von <em><strong>Tilo Gr\u00e4ser<\/strong><\/em><\/p>\n<p>(Erstver\u00f6ffentlichung am 13.01.2019 auf <a href=\"https:\/\/de.sputniknews.com\/gesellschaft\/20190113323576258-100-jahre-ermordung-luxemburg-liebknecht-berlin\/\" target=\"_blank\" rel=\"noopener noreferrer\">sputniknews.com<\/a>, \u00a9 Sputnik \/ Tilo Gr\u00e4ser)<\/p>\n<p><strong>Menschen aus vielen L\u00e4ndern haben am Sonntag der vor 100 Jahren ermordeten Gr\u00fcnder der Kommunistischen Partei Deutschlands, Rosa Luxemburg und Karl Liebknecht, gedacht. Die Veranstalter haben deutlich mehr Teilnehmende an der traditionellen Veranstaltung als im Vorjahr registriert.<\/strong><\/p>\n<p>Aus Island, Schweden, Frankreich, \u00d6sterreich, Nepal, S\u00fcdkorea, Togo, auch aus Russland und anderen L\u00e4ndern kamen Menschen am Sonntag zur <a href=\"http:\/\/www.ll-demo.de\/\" target=\"_blank\" rel=\"nofollow noopener noreferrer\">traditionellen Demonstration<\/a> in\u00a0Berlin zum Gedenken f\u00fcr die vor 100 Jahren ermordeten Rosa Luxemburg und Karl Liebknecht. Deutlich mehr als 10.000 Menschen waren trotz des regnerischen Wetters dabei, so die Organisatoren gegen\u00fcber Sputnik, fast doppelt so viele wie im vergangenen Jahr.<\/p>\n<p>Vor allem deutsche, t\u00fcrkische und kurdische linke Organisationen und Splittergruppen pr\u00e4gten das Bild der Demonstration. Neben den Fahnen der stark vertretenen Deutschen Kommunistischen Partei (DKP) wehten auch solche der Partei Die Linke. Deren F\u00fchrungsspitze hatte es wie in\u00a0den letzten Jahren vorgezogen, vor der umstrittenen Demonstration Blumen an dem Gedenkstein mit der Aufschrift \u201eDie Toten mahnen uns\u201c auf dem Friedhof Berlin-Friedrichsfelde niederzulegen. Dort befindet sich die \u201eGedenkst\u00e4tte der Sozialisten\u201c mit den Gr\u00e4bern der beiden Ermordeten.<\/p>\n<p>Das war das Ziel der vielen Tausenden mit ihren Fahnen und Transparenten, mit Losungen wie \u201eDas 21. Jahrhundert wird dem Sozialismus geh\u00f6ren\u201c, \u201eNiemand ist vergessen\u201c, \u201eGedenken an Karl und Rosa hei\u00dft 2019: Solidarit\u00e4t mit den Gelbwesten!\u201c und anderen, zum Teil pseudorevolution\u00e4ren Parolen.<\/p>\n<h5>Erinnerung an die Novemberrevolution 1918<\/h5>\n<p>Mittendrin im langen Demonstrationszug trugen Arbeiter von der Siemens-Turbinen-Fabrik in\u00a0Berlin-Moabit ein gro\u00dfes Transparent, das an die Novemberrevolution 1918 erinnerte. Es waren Mitglieder der Gewerkschaft IG Metall. \u201eUnser Betrieb, fr\u00fcher AEG, mit heute etwa 3500 Leuten war damals am 9. November 1918 mit f\u00fchrend beteiligt bei der Ausl\u00f6sung des Generalstreiks und des Aufstandes\u201c, berichtete Gernot Wolfer, Fr\u00e4ser und Vertrauensmann in\u00a0der Fabrik.<\/p>\n<figure id=\"attachment_5780\" aria-describedby=\"caption-attachment-5780\" style=\"width: 705px\" class=\"wp-caption alignnone\"><img data-recalc-dims=\"1\" loading=\"lazy\" decoding=\"async\" data-attachment-id=\"5780\" data-permalink=\"https:\/\/www.freidenker.org\/?attachment_id=5780\" data-orig-file=\"https:\/\/i0.wp.com\/www.freidenker.org\/fw17\/wp-content\/uploads\/2019\/01\/Liebknecht_323569427.jpg?fit=705%2C375&amp;ssl=1\" data-orig-size=\"705,375\" data-comments-opened=\"0\" data-image-meta=\"{&quot;aperture&quot;:&quot;0&quot;,&quot;credit&quot;:&quot;&quot;,&quot;camera&quot;:&quot;&quot;,&quot;caption&quot;:&quot;&quot;,&quot;created_timestamp&quot;:&quot;0&quot;,&quot;copyright&quot;:&quot;&quot;,&quot;focal_length&quot;:&quot;0&quot;,&quot;iso&quot;:&quot;0&quot;,&quot;shutter_speed&quot;:&quot;0&quot;,&quot;title&quot;:&quot;&quot;,&quot;orientation&quot;:&quot;0&quot;}\" data-image-title=\"Liebknecht_323569427\" data-image-description=\"\" data-image-caption=\"\" data-large-file=\"https:\/\/i0.wp.com\/www.freidenker.org\/fw17\/wp-content\/uploads\/2019\/01\/Liebknecht_323569427.jpg?fit=705%2C375&amp;ssl=1\" class=\"wp-image-5780 size-full\" title=\"Karl Liebknecht w\u00e4hrend einer Rede im Berliner Tiergarten, Dezember 1918\" src=\"https:\/\/i0.wp.com\/www.freidenker.org\/fw17\/wp-content\/uploads\/2019\/01\/Liebknecht_323569427.jpg?resize=705%2C375&#038;ssl=1\" alt=\"\" width=\"705\" height=\"375\" srcset=\"https:\/\/i0.wp.com\/www.freidenker.org\/fw17\/wp-content\/uploads\/2019\/01\/Liebknecht_323569427.jpg?w=705&amp;ssl=1 705w, https:\/\/i0.wp.com\/www.freidenker.org\/fw17\/wp-content\/uploads\/2019\/01\/Liebknecht_323569427.jpg?resize=300%2C160&amp;ssl=1 300w\" sizes=\"auto, (max-width: 705px) 100vw, 705px\" \/><figcaption id=\"caption-attachment-5780\" class=\"wp-caption-text\">CC BY-SA 3.0 \/ Bundesarchiv \/ <a href=\"https:\/\/de.wikipedia.org\/wiki\/Novemberrevolution#\/media\/File:Bundesarchiv_B_145_Bild-P046271,_Berlin,_Kundgebung_im_Tiergarten,_Liebknecht.jpg\">Karl Liebknecht w\u00e4hrend einer Rede im Berliner Tiergarten, Dezember 1918<\/a><\/figcaption><\/figure>\n<p>Das Transparent sei im vergangenen Jahr entstanden, als in\u00a0Moabit an die Ereignisse vor 100 Jahren <a href=\"https:\/\/moabitonline.de\/31643\" target=\"_blank\" rel=\"nofollow noopener noreferrer\">erinnert wurde<\/a>. Es sei mit Unterst\u00fctzung Dutzender Kollegen angefertigt worden, um die Ergebnisse der Revolution ins Ged\u00e4chtnis zu rufen, vom beendeten Krieg und der abgeschafften Monarchie \u00fcber das Wahlrecht f\u00fcr alle bis zum Recht auf Versammlungsfreiheit und die Pressefreiheit. Zuvor habe es eine breite Diskussion dazu in\u00a0der Fabrik gegeben, die fr\u00fcher als \u201eRote Turbine\u201c bekannt gewesen sei.<\/p>\n<p>Zu dem Eindruck, dass deutsche Arbeiter eher selten an die K\u00e4mpfe der deutschen Arbeiterbewegung erinnern, meinte Wolfer: \u201eWir sind \u00fcber 3500 Besch\u00e4ftigte aus \u00fcber 30 L\u00e4ndern allein in\u00a0der Turbinenfabrik in\u00a0Moabit, also eine internationale Belegschaft in\u00a0einem internationalen Konzern. Insofern ist es f\u00fcr uns auch wichtig, daran zu erinnern, dass die internationale Arbeiter-Einheit notwendig ist.\u201c<\/p>\n<h5>Wichtige Lehren der Geschichte<\/h5>\n<p>Weil diese Einheit vor \u00fcber 100 Jahren gefehlt habe, habe der Erste Weltkrieg nicht verhindert werden k\u00f6nnen, stellte der Gewerkschafter klar, \u201eweil sich viele von dem Nationalismus in\u00a0verschiedenen L\u00e4ndern beeinflussen lie\u00dfen\u201c. Damals habe es zwei Jahre gedauert, bis 1916 vielen klar geworden sei: \u201eAn diesem Krieg profitieren nur die Konzerne. Warum sollen wir uns mit franz\u00f6sischen, englischen und russischen Arbeitern gegenseitig an die Gurgel gehen? Wir haben doch einen gemeinsamen Feind.\u201c<\/p>\n<p>Deshalb sei es f\u00fcr ihn und seine Kollegen eine Selbstverst\u00e4ndlichkeit, angesichts der heute wieder wachsenden Kriegsgefahr und Rechts-Entwicklung genau daran zu erinnern. \u201eDas ist eine der Lehren: Haltet zusammen! Lasst Euch nicht spalten in\u00a0verschiedene Nationalit\u00e4ten! Uns geh\u00f6rt die Welt irgendwann!\u201c<\/p>\n<p>\u201eKein Krieg mit Russland\u201c stand auf einem kleinen Schild, das eine Frau mit sich trug. Das Schild h\u00e4tten ihre Kinder bereits vor fast zehn Jahren gemacht, erz\u00e4hlte die Berlinerin gegen\u00fcber Sputnik. Es sei eine Grundsatzfrage, \u201ewie wir mit unseren Nachbarn umgehen\u201c, beschrieb sie das Motiv daf\u00fcr. \u201eDie Demo ist wie die \u00d6kumene der Linken. Da muss man dabei sein \u2013 und gerade jetzt!\u201c Luxemburg und Liebknecht w\u00fcrden mahnen, wohin sich die Gesellschaft wieder bewege.<\/p>\n<h5>Warnung vor der Kriegsgefahr durch die Nato<\/h5>\n<figure id=\"attachment_5751\" aria-describedby=\"caption-attachment-5751\" style=\"width: 700px\" class=\"wp-caption alignnone\"><img data-recalc-dims=\"1\" loading=\"lazy\" decoding=\"async\" data-attachment-id=\"5751\" data-permalink=\"https:\/\/www.freidenker.org\/?attachment_id=5751\" data-orig-file=\"https:\/\/i0.wp.com\/www.freidenker.org\/fw17\/wp-content\/uploads\/2019\/01\/20190113_113443.jpg?fit=2048%2C995&amp;ssl=1\" data-orig-size=\"2048,995\" data-comments-opened=\"0\" data-image-meta=\"{&quot;aperture&quot;:&quot;1.7&quot;,&quot;credit&quot;:&quot;&quot;,&quot;camera&quot;:&quot;SM-A750FN&quot;,&quot;caption&quot;:&quot;&quot;,&quot;created_timestamp&quot;:&quot;1547379283&quot;,&quot;copyright&quot;:&quot;&quot;,&quot;focal_length&quot;:&quot;3.93&quot;,&quot;iso&quot;:&quot;40&quot;,&quot;shutter_speed&quot;:&quot;0.0092592592592593&quot;,&quot;title&quot;:&quot;&quot;,&quot;orientation&quot;:&quot;1&quot;}\" data-image-title=\"20190113_113443\" data-image-description=\"\" data-image-caption=\"&lt;p&gt;Das Transparent wird von Th\u00fcringer Freidenkern getragen&lt;\/p&gt;\n\" data-large-file=\"https:\/\/i0.wp.com\/www.freidenker.org\/fw17\/wp-content\/uploads\/2019\/01\/20190113_113443.jpg?fit=800%2C389&amp;ssl=1\" class=\"wp-image-5751\" src=\"https:\/\/i0.wp.com\/www.freidenker.org\/fw17\/wp-content\/uploads\/2019\/01\/20190113_113443.jpg?resize=700%2C340&#038;ssl=1\" alt=\"\" width=\"700\" height=\"340\" srcset=\"https:\/\/i0.wp.com\/www.freidenker.org\/fw17\/wp-content\/uploads\/2019\/01\/20190113_113443.jpg?resize=1024%2C498&amp;ssl=1 1024w, https:\/\/i0.wp.com\/www.freidenker.org\/fw17\/wp-content\/uploads\/2019\/01\/20190113_113443.jpg?resize=300%2C146&amp;ssl=1 300w, https:\/\/i0.wp.com\/www.freidenker.org\/fw17\/wp-content\/uploads\/2019\/01\/20190113_113443.jpg?resize=768%2C373&amp;ssl=1 768w, https:\/\/i0.wp.com\/www.freidenker.org\/fw17\/wp-content\/uploads\/2019\/01\/20190113_113443.jpg?w=2048&amp;ssl=1 2048w, https:\/\/i0.wp.com\/www.freidenker.org\/fw17\/wp-content\/uploads\/2019\/01\/20190113_113443.jpg?w=1600&amp;ssl=1 1600w\" sizes=\"auto, (max-width: 700px) 100vw, 700px\" \/><figcaption id=\"caption-attachment-5751\" class=\"wp-caption-text\">Das Transparent wird von Th\u00fcringer Freidenkern getragen. Der Tr\u00e4ger links im Bild ist Witold Fischer. Foto: Ralf Lux<\/figcaption><\/figure>\n<p>Ein Transparent forderte klar: \u201eFrieden mit Russland statt weiter in\u00a0den dritten Weltkrieg! Deutschland: Raus aus der Nato! Nato: Raus aus Deutschland!\u201c Witold Fischer aus dem th\u00fcringischen Jena geh\u00f6rte zu den Tr\u00e4gern. Er sei Mitglied im Freidenker-Verband, erkl\u00e4rte er gegen\u00fcber Sputnik, der schon lange die Nato als gr\u00f6\u00dfte Bedrohung f\u00fcr den Frieden ansehe. \u201eUnd die gegenw\u00e4rtige Hetzkampagne gegen Russland geht ja eindeutig von der Nato aus\u201c, f\u00fcgte er hinzu.<\/p>\n<p>Fischer erinnerte an den historischen Verrat der Sozialdemokratie am Frieden und an ihren eigenen Mitgliedern vor 100 Jahren. \u201eDie Schande der SPD soll man sich immer ins Ged\u00e4chtnis rufen\u201c, begr\u00fcndete er, warum er der beiden ermordeten Kommunisten gedenkt. Das d\u00fcrfe nicht in\u00a0Vergessenheit geraten. \u201eDiese Partei hat sich in\u00a0den 100 Jahren \u00fcberhaupt nicht ge\u00e4ndert.<\/p>\n<p>Vor allem junge Menschen bestimmten die Demonstration, zum Teil in\u00a0gut geordneten Gruppen, die teilweise an die Fahnentr\u00e4ger-Bl\u00f6cke der einstigen offiziellen Liebknecht-Luxemburg-Demonstrationen in\u00a0der DDR erinnerten. Einige von ihnen gaben sich betont k\u00e4mpferisch, reckten selbst auf dem Friedhof ihre F\u00e4uste und machten einen etwas militanten Eindruck, als sie \u201eRot Front!\u201c ausriefen. \u201eDie DDR war unser Staat \u2013 Alle Macht dem Proletariat\u201c, skandierten zuvor deutlich nach 1989 Geborene.<\/p>\n<h5>Regen-Kapuzen als Vermummung missverstanden<\/h5>\n<p>Aber es waren alle Generationen vertreten, so eine etwas \u00e4ltere Frau aus dem Berliner Randgebiet. Sie sei \u201ehaupts\u00e4chlich f\u00fcr Rosa\u201c dabei, beschrieb sie ihr pers\u00f6nliches Motiv, und zeigte auf die rote Fahne in\u00a0ihrer Hand und f\u00fcgte hinzu: \u201eWegen dieser Fahne! Da geh\u00f6re ich hin.\u201c Sie bedauerte, dass heute zu wenig nachdenken w\u00fcrden dar\u00fcber, was in\u00a0der Gesellschaft geschieht. Deshalb seien Luxemburg und Liebknecht auch heute wichtig.<\/p>\n<p>Die Polizei war in\u00a0diesem Jahr wieder mit einem gro\u00dfen Aufgebot vor allem an Einheiten in\u00a0Kampfuniform dabei. Es habe aber keine gr\u00f6\u00dferen Zwischenf\u00e4lle gegeben, berichteten die Organisatoren. Nur als der Regen wieder st\u00e4rker wurde und viele der Teilnehmenden ihre Kapuzen hochzogen, habe es \u00fcbertriebene Reaktionen der Polizei wegen angeblicher Vermummung gegeben.<\/p>\n<p>Ein B\u00fcndnis von linken Parteien, Organisationen und autonomen Gruppen organisiert seit 1996 j\u00e4hrlich die Demonstration im Rahmen der Luxemburg-Liebknecht-Ehrung. \u201eWir verbinden das Gedenken an die Ideen von Rosa Luxemburg und Karl Liebknecht mit den Forderungen in\u00a0den K\u00e4mpfen unserer Zeit\u201c, hei\u00dft es dazu auf der Website: \u201eWir demonstrieren f\u00fcr Frieden und internationale Solidarit\u00e4t, gegen Ausbeutung, gegen den Abbau demokratischer Rechte und das Anwachsen faschistischer Gefahren.\u201c In der DDR war die j\u00e4hrliche Erinnerung an die ermordeten Kommunisten zu einem Ritual der Partei- und Staatsf\u00fchrung geworden.<\/p>\n<p style=\"text-align: right;\">\u00a9 Sputnik \/ Tilo Gr\u00e4ser<\/p>\n<p style=\"text-align: right;\">Link zum Original-Artikel: <a href=\"https:\/\/de.sputniknews.com\/gesellschaft\/20190113323576258-100-jahre-ermordung-luxemburg-liebknecht-berlin\/\" target=\"_blank\" rel=\"noopener noreferrer\">https:\/\/de.sputniknews.com\/gesellschaft\/20190113323576258-100-jahre-ermordung-luxemburg-liebknecht-berlin\/<\/a><\/p>\n<hr \/>\n<p><span style=\"font-size: 10pt;\">Beitragsbild oben:\u00a0 \u00a9 Sputnik \/ Tilo Gr\u00e4ser<\/span><\/p>\n","protected":false},"excerpt":{"rendered":"<p><b>Bericht von Tilo Gr\u00e4ser von sputniknews.com<\/b><br \/>\nMenschen aus vielen L\u00e4ndern haben am Sonntag der vor 100 Jahren ermordeten Gr\u00fcnder der Kommunistischen Partei Deutschlands, Rosa Luxemburg und Karl Liebknecht, gedacht. &#8230;<br \/>\nEin Transparent forderte klar: \u201eFrieden mit Russland statt weiter in den dritten Weltkrieg! Deutschland: Raus aus der Nato! Nato: Raus aus Deutschland!\u201c Witold Fischer aus dem th\u00fcringischen Jena geh\u00f6rte zu den Tr\u00e4gern. Er sei Mitglied im Freidenker-Verband, erkl\u00e4rte er gegen\u00fcber Sputnik, der schon lange die Nato als gr\u00f6\u00dfte Bedrohung f\u00fcr den Frieden ansehe.<\/p>\n","protected":false},"author":3,"featured_media":5795,"comment_status":"closed","ping_status":"closed","sticky":false,"template":"","format":"standard","meta":{"colormag_page_container_layout":"default_layout","colormag_page_sidebar_layout":"default_layout","advanced_seo_description":"","jetpack_seo_html_title":"","jetpack_seo_noindex":false,"jetpack_post_was_ever_published":false,"footnotes":""},"categories":[13,1162,20],"tags":[335,491,137,438,959,140],"class_list":["post-5776","post","type-post","status-publish","format-standard","has-post-thumbnail","hentry","category-frieden-antifaschismus-solidaritaet","category-geschichte","category-zentrale-veranstaltungen","tag-frieden","tag-geschichte","tag-karl-liebknecht","tag-liebknecht-luxemburg-demonstration","tag-novemberrevolution-1918","tag-rosa-luxemburg"],"jetpack_featured_media_url":"https:\/\/i0.wp.com\/www.freidenker.org\/fw17\/wp-content\/uploads\/2019\/01\/LL_100Jahre_sputnik_323576581.jpg?fit=800%2C445&ssl=1","jetpack_shortlink":"https:\/\/wp.me\/p9stpK-1va","jetpack-related-posts":[{"id":4113,"url":"https:\/\/www.freidenker.org\/?p=4113","url_meta":{"origin":5776,"position":0},"title":"Galerie: Freidenker auf der Liebknecht-Luxemburg-Demo 2018","author":"Webredaktion","date":"15. Januar 2018","format":false,"excerpt":"Vor 99 Jahren wurden Rosa Luxemburg und Karl Liebknecht, die Mitbegr\u00fcnder der Kommunistischen Partei Deutschlands, von der Reaktion ermordet. Aus diesem Anlass demonstrierten mehr als 12.000 Menschen \u2013 Linke verschiedener Str\u00f6mungen \u2013 am 14. Januar 2018 in ihrem Geiste friedlich gegen Kriege und Faschismus \u2013 f\u00fcr eine sozial gerechte, solidarische,\u2026","rel":"","context":"In &quot;Zentrale Veranstaltungen&quot;","block_context":{"text":"Zentrale Veranstaltungen","link":"https:\/\/www.freidenker.org\/?cat=20"},"img":{"alt_text":"","src":"https:\/\/i0.wp.com\/www.freidenker.org\/fw17\/wp-content\/uploads\/2018\/01\/LL-Demo_2018_800x445.jpg?fit=800%2C445&ssl=1&resize=350%2C200","width":350,"height":200,"srcset":"https:\/\/i0.wp.com\/www.freidenker.org\/fw17\/wp-content\/uploads\/2018\/01\/LL-Demo_2018_800x445.jpg?fit=800%2C445&ssl=1&resize=350%2C200 1x, https:\/\/i0.wp.com\/www.freidenker.org\/fw17\/wp-content\/uploads\/2018\/01\/LL-Demo_2018_800x445.jpg?fit=800%2C445&ssl=1&resize=525%2C300 1.5x, https:\/\/i0.wp.com\/www.freidenker.org\/fw17\/wp-content\/uploads\/2018\/01\/LL-Demo_2018_800x445.jpg?fit=800%2C445&ssl=1&resize=700%2C400 2x"},"classes":[]},{"id":17863,"url":"https:\/\/www.freidenker.org\/?p=17863","url_meta":{"origin":5776,"position":1},"title":"Galerie: Liebknecht-Luxemburg-Demo 2024","author":"Webredaktion","date":"17. Januar 2024","format":false,"excerpt":"Die Demonstration zu Ehren von Rosa Luxemburg und Karl Liebknecht - die vor 105 Jahren von rechten Freikorpssoldaten ermordeten Mitbegr\u00fcnder der Kommunistischen Partei Deutschlands - fand wie im vergangenen Jahr mit etwa 12.000 Teilnehmerinnen und Teilnehmern statt.\u00a0Linke unterschiedlichster Str\u00f6mungen \u2013 darunter auch Freidenker \u2013 haben auf der Demonstration gemeinsam ihre\u2026","rel":"","context":"In &quot;Frieden - Antifaschismus - Solidarit\u00e4t&quot;","block_context":{"text":"Frieden - Antifaschismus - Solidarit\u00e4t","link":"https:\/\/www.freidenker.org\/?cat=13"},"img":{"alt_text":"","src":"https:\/\/i0.wp.com\/www.freidenker.org\/fw17\/wp-content\/uploads\/2024\/01\/Holger_Kranz_DFV_Berlin_800x450.jpg?fit=800%2C450&ssl=1&resize=350%2C200","width":350,"height":200,"srcset":"https:\/\/i0.wp.com\/www.freidenker.org\/fw17\/wp-content\/uploads\/2024\/01\/Holger_Kranz_DFV_Berlin_800x450.jpg?fit=800%2C450&ssl=1&resize=350%2C200 1x, https:\/\/i0.wp.com\/www.freidenker.org\/fw17\/wp-content\/uploads\/2024\/01\/Holger_Kranz_DFV_Berlin_800x450.jpg?fit=800%2C450&ssl=1&resize=525%2C300 1.5x, https:\/\/i0.wp.com\/www.freidenker.org\/fw17\/wp-content\/uploads\/2024\/01\/Holger_Kranz_DFV_Berlin_800x450.jpg?fit=800%2C450&ssl=1&resize=700%2C400 2x"},"classes":[]},{"id":1311,"url":"https:\/\/www.freidenker.org\/?p=1311","url_meta":{"origin":5776,"position":2},"title":"Liebknecht Luxemburg-Demo 2018","author":"Webredaktion","date":"1. Januar 2018","format":false,"excerpt":"Aus dem Aufruf zur Teilnahme an der Demonstration im Rahmen der Liebknecht-Luxemburg-Ehrung am 14. Januar 2018: Vor 99 Jahren wurden Rosa Luxemburg, Karl Liebknecht und viele ihrer Weggef\u00e4hrten f\u00fcr ihre Standhaftigkeit gegen Ausbeutung und Krieg von der Reaktion ermordet. Demonstrieren wir - Linke verschiedener Str\u00f6mungen - in ihrem Geiste friedlich\u2026","rel":"","context":"In &quot;Zentrale Veranstaltungen&quot;","block_context":{"text":"Zentrale Veranstaltungen","link":"https:\/\/www.freidenker.org\/?cat=20"},"img":{"alt_text":"","src":"https:\/\/i0.wp.com\/www.freidenker.org\/fw17\/wp-content\/uploads\/2017\/10\/B-Friedrichsfelde_Zentralfriedhof_03-2015_img01_Gedenkstaette_800x445.jpg?fit=800%2C445&ssl=1&resize=350%2C200","width":350,"height":200,"srcset":"https:\/\/i0.wp.com\/www.freidenker.org\/fw17\/wp-content\/uploads\/2017\/10\/B-Friedrichsfelde_Zentralfriedhof_03-2015_img01_Gedenkstaette_800x445.jpg?fit=800%2C445&ssl=1&resize=350%2C200 1x, https:\/\/i0.wp.com\/www.freidenker.org\/fw17\/wp-content\/uploads\/2017\/10\/B-Friedrichsfelde_Zentralfriedhof_03-2015_img01_Gedenkstaette_800x445.jpg?fit=800%2C445&ssl=1&resize=525%2C300 1.5x, https:\/\/i0.wp.com\/www.freidenker.org\/fw17\/wp-content\/uploads\/2017\/10\/B-Friedrichsfelde_Zentralfriedhof_03-2015_img01_Gedenkstaette_800x445.jpg?fit=800%2C445&ssl=1&resize=700%2C400 2x"},"classes":[]},{"id":20722,"url":"https:\/\/www.freidenker.org\/?p=20722","url_meta":{"origin":5776,"position":3},"title":"Galerie: Liebknecht-Luxemburg-Wochenende 2025","author":"Webredaktion","date":"17. Januar 2025","format":false,"excerpt":"Beitrag der Webredaktion Allj\u00e4hrlich am zweiten Januar-Wochenende finden traditionsgem\u00e4\u00df die Rosa-Luxemburg-Konferenz und die Liebknecht-Luxemburg-Demonstration in Berlin statt. Da sich zu diesem Anlass viele Mitglieder des Deutschen Freidenker-Verbandes ohnehin in Berlin aufhalten, nutzen wir die Gelegenheit zu weiteren Veranstaltungen in der Hauptstadt: Sitzung des Gesch\u00e4ftsf\u00fchrenden Verbandsvorstandes und Treffen des Beirates des\u2026","rel":"","context":"In &quot;Frieden - Antifaschismus - Solidarit\u00e4t&quot;","block_context":{"text":"Frieden - Antifaschismus - Solidarit\u00e4t","link":"https:\/\/www.freidenker.org\/?cat=13"},"img":{"alt_text":"","src":"https:\/\/i0.wp.com\/www.freidenker.org\/fw17\/wp-content\/uploads\/2025\/01\/RLK_LLD_2025_800x450.jpg?fit=800%2C450&ssl=1&resize=350%2C200","width":350,"height":200,"srcset":"https:\/\/i0.wp.com\/www.freidenker.org\/fw17\/wp-content\/uploads\/2025\/01\/RLK_LLD_2025_800x450.jpg?fit=800%2C450&ssl=1&resize=350%2C200 1x, https:\/\/i0.wp.com\/www.freidenker.org\/fw17\/wp-content\/uploads\/2025\/01\/RLK_LLD_2025_800x450.jpg?fit=800%2C450&ssl=1&resize=525%2C300 1.5x, https:\/\/i0.wp.com\/www.freidenker.org\/fw17\/wp-content\/uploads\/2025\/01\/RLK_LLD_2025_800x450.jpg?fit=800%2C450&ssl=1&resize=700%2C400 2x"},"classes":[]},{"id":3143,"url":"https:\/\/www.freidenker.org\/?p=3143","url_meta":{"origin":5776,"position":4},"title":"Rosa Luxemburg-Konferenz 2017","author":"Webredaktion","date":"15. Januar 2017","format":false,"excerpt":"Am 14. Januar 2017 fand im Berliner Konferenzhotel Mercure MOA die XXII. Internationale Rosa-Luxemburg-Konferenz statt. Die Veranstaltung wurde 1996 von der unabh\u00e4ngigen, marxistisch orientierten Tageszeitung junge Welt ins Leben gerufen. Auf der Konferenz, stets am Tag vor der traditionellen Liebknecht-Luxemburg-Ehrung, pr\u00e4sentieren junge Welt und Unterst\u00fctzerorganisationen mit politischen Referentinnen und Referenten\u2026","rel":"","context":"In &quot;Zentrale Veranstaltungen&quot;","block_context":{"text":"Zentrale Veranstaltungen","link":"https:\/\/www.freidenker.org\/?cat=20"},"img":{"alt_text":"","src":"https:\/\/i0.wp.com\/www.freidenker.org\/fw17\/wp-content\/uploads\/2017\/01\/2017-01-14-pa-1023_800x445.jpg?fit=800%2C445&ssl=1&resize=350%2C200","width":350,"height":200,"srcset":"https:\/\/i0.wp.com\/www.freidenker.org\/fw17\/wp-content\/uploads\/2017\/01\/2017-01-14-pa-1023_800x445.jpg?fit=800%2C445&ssl=1&resize=350%2C200 1x, https:\/\/i0.wp.com\/www.freidenker.org\/fw17\/wp-content\/uploads\/2017\/01\/2017-01-14-pa-1023_800x445.jpg?fit=800%2C445&ssl=1&resize=525%2C300 1.5x, https:\/\/i0.wp.com\/www.freidenker.org\/fw17\/wp-content\/uploads\/2017\/01\/2017-01-14-pa-1023_800x445.jpg?fit=800%2C445&ssl=1&resize=700%2C400 2x"},"classes":[]},{"id":5739,"url":"https:\/\/www.freidenker.org\/?p=5739","url_meta":{"origin":5776,"position":5},"title":"Galerie: Freidenker auf der Liebknecht-Luxemburg-Demo 2019","author":"Webredaktion","date":"14. Januar 2019","format":false,"excerpt":"100 Jahre nach der Ermordung von Rosa Luxemburg und Karl Liebknecht, den Mitbegr\u00fcndern der Kommunistischen Partei Deutschlands, demonstrierten am 13. Januar 2019 in Berlin etwa 15.000 Menschen f\u00fcr eine Welt des Friedens, der Solidarit\u00e4t und des lebenswerten Lebens auf allen Kontinenten. Wie jedes Jahr waren auch wieder viele Freidenker dabei.\u2026","rel":"","context":"In &quot;Zentrale Veranstaltungen&quot;","block_context":{"text":"Zentrale Veranstaltungen","link":"https:\/\/www.freidenker.org\/?cat=20"},"img":{"alt_text":"","src":"https:\/\/i0.wp.com\/www.freidenker.org\/fw17\/wp-content\/uploads\/2019\/01\/LLD_2019_800x445.jpg?fit=800%2C445&ssl=1&resize=350%2C200","width":350,"height":200,"srcset":"https:\/\/i0.wp.com\/www.freidenker.org\/fw17\/wp-content\/uploads\/2019\/01\/LLD_2019_800x445.jpg?fit=800%2C445&ssl=1&resize=350%2C200 1x, https:\/\/i0.wp.com\/www.freidenker.org\/fw17\/wp-content\/uploads\/2019\/01\/LLD_2019_800x445.jpg?fit=800%2C445&ssl=1&resize=525%2C300 1.5x, https:\/\/i0.wp.com\/www.freidenker.org\/fw17\/wp-content\/uploads\/2019\/01\/LLD_2019_800x445.jpg?fit=800%2C445&ssl=1&resize=700%2C400 2x"},"classes":[]}],"_links":{"self":[{"href":"https:\/\/www.freidenker.org\/index.php?rest_route=\/wp\/v2\/posts\/5776","targetHints":{"allow":["GET"]}}],"collection":[{"href":"https:\/\/www.freidenker.org\/index.php?rest_route=\/wp\/v2\/posts"}],"about":[{"href":"https:\/\/www.freidenker.org\/index.php?rest_route=\/wp\/v2\/types\/post"}],"author":[{"embeddable":true,"href":"https:\/\/www.freidenker.org\/index.php?rest_route=\/wp\/v2\/users\/3"}],"replies":[{"embeddable":true,"href":"https:\/\/www.freidenker.org\/index.php?rest_route=%2Fwp%2Fv2%2Fcomments&post=5776"}],"version-history":[{"count":0,"href":"https:\/\/www.freidenker.org\/index.php?rest_route=\/wp\/v2\/posts\/5776\/revisions"}],"wp:featuredmedia":[{"embeddable":true,"href":"https:\/\/www.freidenker.org\/index.php?rest_route=\/wp\/v2\/media\/5795"}],"wp:attachment":[{"href":"https:\/\/www.freidenker.org\/index.php?rest_route=%2Fwp%2Fv2%2Fmedia&parent=5776"}],"wp:term":[{"taxonomy":"category","embeddable":true,"href":"https:\/\/www.freidenker.org\/index.php?rest_route=%2Fwp%2Fv2%2Fcategories&post=5776"},{"taxonomy":"post_tag","embeddable":true,"href":"https:\/\/www.freidenker.org\/index.php?rest_route=%2Fwp%2Fv2%2Ftags&post=5776"}],"curies":[{"name":"wp","href":"https:\/\/api.w.org\/{rel}","templated":true}]}}