{"id":5711,"date":"2019-01-14T04:18:05","date_gmt":"2019-01-14T03:18:05","guid":{"rendered":"https:\/\/www.freidenker.org\/?p=5711"},"modified":"2019-03-04T13:19:14","modified_gmt":"2019-03-04T12:19:14","slug":"galerie-freidenker-auf-der-rosa-luxemburg-konferenz-2019","status":"publish","type":"post","link":"https:\/\/www.freidenker.org\/?p=5711","title":{"rendered":"Galerie: Freidenker auf der Rosa-Luxemburg-Konferenz 2019"},"content":{"rendered":"<p>Am 12. Januar 2019 fand in Berlin die XXIV. Internationalen Rosa-Luxemburg-Konferenz (RLK) statt. Das diesj\u00e4hrige Motto lautete &#8222;Sozialismus oder Barbarei: Die n\u00e4chste Krise. Der n\u00e4chste Krieg. Die n\u00e4chste Revolution&#8220;. Mit 3.100 G\u00e4sten wurde ein neuer Teilnehmerrekord erreicht. Nat\u00fcrlich waren auch wieder viele Mitglieder des Deutschen Freidenker-Verbandes dabei.<\/p>\n<p>Die Referate der RLK ver\u00f6ffentlicht die <a href=\"https:\/\/www.jungewelt.de\" target=\"_blank\" rel=\"noopener\">junge Welt<\/a> in einer Beilage am 30. Januar 2019, die Materialien der gesamten Konferenz im M\u00e4rz in einer Brosch\u00fcre.<\/p>\n<p>Hier einige fotografische Impressionen von der Konferenz:<\/p>\n<div class=\"tiled-gallery type-rectangular tiled-gallery-unresized\" data-original-width=\"800\" data-carousel-extra='{&quot;blog_id&quot;:1,&quot;permalink&quot;:&quot;https:\\\/\\\/www.freidenker.org\\\/?p=5711&quot;,&quot;likes_blog_id&quot;:139773280}' itemscope itemtype=\"http:\/\/schema.org\/ImageGallery\" > <div class=\"gallery-row\" style=\"width: 800px; height: 401px;\" data-original-width=\"800\" data-original-height=\"401\" > <div class=\"gallery-group images-1\" style=\"width: 534px; height: 401px;\" data-original-width=\"534\" data-original-height=\"401\" > <div class=\"tiled-gallery-item tiled-gallery-item-large\" itemprop=\"associatedMedia\" itemscope itemtype=\"http:\/\/schema.org\/ImageObject\"> <a href=\"https:\/\/i0.wp.com\/www.freidenker.org\/fw17\/wp-content\/uploads\/2019\/01\/20190112_182228.jpg?ssl=1\" border=\"0\" itemprop=\"url\"> <meta itemprop=\"width\" content=\"530\"> <meta itemprop=\"height\" content=\"397\"> <img decoding=\"async\" class=\"\" data-attachment-id=\"5736\" data-orig-file=\"https:\/\/www.freidenker.org\/fw17\/wp-content\/uploads\/2019\/01\/20190112_182228.jpg\" data-orig-size=\"2048,1536\" data-comments-opened=\"\" data-image-meta=\"{&quot;aperture&quot;:&quot;1.7&quot;,&quot;credit&quot;:&quot;&quot;,&quot;camera&quot;:&quot;SM-A750FN&quot;,&quot;caption&quot;:&quot;&quot;,&quot;created_timestamp&quot;:&quot;1547317348&quot;,&quot;copyright&quot;:&quot;&quot;,&quot;focal_length&quot;:&quot;3.93&quot;,&quot;iso&quot;:&quot;80&quot;,&quot;shutter_speed&quot;:&quot;0.01&quot;,&quot;title&quot;:&quot;&quot;,&quot;orientation&quot;:&quot;1&quot;}\" data-image-title=\"20190112_182228\" data-image-description=\"\" data-medium-file=\"https:\/\/i0.wp.com\/www.freidenker.org\/fw17\/wp-content\/uploads\/2019\/01\/20190112_182228.jpg?fit=300%2C225&#038;ssl=1\" data-large-file=\"https:\/\/i0.wp.com\/www.freidenker.org\/fw17\/wp-content\/uploads\/2019\/01\/20190112_182228.jpg?fit=800%2C600&#038;ssl=1\" src=\"https:\/\/i0.wp.com\/www.freidenker.org\/fw17\/wp-content\/uploads\/2019\/01\/20190112_182228.jpg?w=530&#038;h=397&#038;ssl=1\" srcset=\"https:\/\/i0.wp.com\/www.freidenker.org\/fw17\/wp-content\/uploads\/2019\/01\/20190112_182228.jpg?w=2048&amp;ssl=1 2048w, https:\/\/i0.wp.com\/www.freidenker.org\/fw17\/wp-content\/uploads\/2019\/01\/20190112_182228.jpg?resize=300%2C225&amp;ssl=1 300w, https:\/\/i0.wp.com\/www.freidenker.org\/fw17\/wp-content\/uploads\/2019\/01\/20190112_182228.jpg?resize=768%2C576&amp;ssl=1 768w, https:\/\/i0.wp.com\/www.freidenker.org\/fw17\/wp-content\/uploads\/2019\/01\/20190112_182228.jpg?resize=1024%2C768&amp;ssl=1 1024w, https:\/\/i0.wp.com\/www.freidenker.org\/fw17\/wp-content\/uploads\/2019\/01\/20190112_182228.jpg?w=1600&amp;ssl=1 1600w\" width=\"530\" height=\"397\" loading=\"lazy\" data-original-width=\"530\" data-original-height=\"397\" itemprop=\"http:\/\/schema.org\/image\" title=\"20190112_182228\" alt=\"FREIDENKER-Hefte auf dem B\u00fcchertisch\" style=\"width: 530px; height: 397px;\" \/> <\/a> <div class=\"tiled-gallery-caption\" itemprop=\"caption description\"> FREIDENKER-Hefte auf dem B\u00fcchertisch <\/div> <\/div> <\/div> <!-- close group --> <div class=\"gallery-group images-2\" style=\"width: 266px; height: 401px;\" data-original-width=\"266\" data-original-height=\"401\" > <div class=\"tiled-gallery-item tiled-gallery-item-large\" itemprop=\"associatedMedia\" itemscope itemtype=\"http:\/\/schema.org\/ImageObject\"> <a href=\"https:\/\/i0.wp.com\/www.freidenker.org\/fw17\/wp-content\/uploads\/2019\/01\/20190112_181950.jpg?ssl=1\" border=\"0\" itemprop=\"url\"> <meta itemprop=\"width\" content=\"262\"> <meta itemprop=\"height\" content=\"197\"> <img decoding=\"async\" class=\"\" data-attachment-id=\"5735\" data-orig-file=\"https:\/\/www.freidenker.org\/fw17\/wp-content\/uploads\/2019\/01\/20190112_181950.jpg\" data-orig-size=\"2048,1536\" data-comments-opened=\"\" data-image-meta=\"{&quot;aperture&quot;:&quot;1.7&quot;,&quot;credit&quot;:&quot;&quot;,&quot;camera&quot;:&quot;SM-A750FN&quot;,&quot;caption&quot;:&quot;&quot;,&quot;created_timestamp&quot;:&quot;1547317190&quot;,&quot;copyright&quot;:&quot;&quot;,&quot;focal_length&quot;:&quot;3.93&quot;,&quot;iso&quot;:&quot;250&quot;,&quot;shutter_speed&quot;:&quot;0.04&quot;,&quot;title&quot;:&quot;&quot;,&quot;orientation&quot;:&quot;1&quot;}\" data-image-title=\"20190112_181950\" data-image-description=\"\" data-medium-file=\"https:\/\/i0.wp.com\/www.freidenker.org\/fw17\/wp-content\/uploads\/2019\/01\/20190112_181950.jpg?fit=300%2C225&#038;ssl=1\" data-large-file=\"https:\/\/i0.wp.com\/www.freidenker.org\/fw17\/wp-content\/uploads\/2019\/01\/20190112_181950.jpg?fit=800%2C600&#038;ssl=1\" src=\"https:\/\/i0.wp.com\/www.freidenker.org\/fw17\/wp-content\/uploads\/2019\/01\/20190112_181950.jpg?w=262&#038;h=197&#038;ssl=1\" srcset=\"https:\/\/i0.wp.com\/www.freidenker.org\/fw17\/wp-content\/uploads\/2019\/01\/20190112_181950.jpg?w=2048&amp;ssl=1 2048w, https:\/\/i0.wp.com\/www.freidenker.org\/fw17\/wp-content\/uploads\/2019\/01\/20190112_181950.jpg?resize=300%2C225&amp;ssl=1 300w, https:\/\/i0.wp.com\/www.freidenker.org\/fw17\/wp-content\/uploads\/2019\/01\/20190112_181950.jpg?resize=768%2C576&amp;ssl=1 768w, https:\/\/i0.wp.com\/www.freidenker.org\/fw17\/wp-content\/uploads\/2019\/01\/20190112_181950.jpg?resize=1024%2C768&amp;ssl=1 1024w, https:\/\/i0.wp.com\/www.freidenker.org\/fw17\/wp-content\/uploads\/2019\/01\/20190112_181950.jpg?w=1600&amp;ssl=1 1600w\" width=\"262\" height=\"197\" loading=\"lazy\" data-original-width=\"262\" data-original-height=\"197\" itemprop=\"http:\/\/schema.org\/image\" title=\"20190112_181950\" alt=\"Annett Torres und Klaus Hartmann\" style=\"width: 262px; height: 197px;\" \/> <\/a> <div class=\"tiled-gallery-caption\" itemprop=\"caption description\"> Annett Torres und Klaus Hartmann <\/div> <\/div> <div class=\"tiled-gallery-item tiled-gallery-item-large\" itemprop=\"associatedMedia\" itemscope itemtype=\"http:\/\/schema.org\/ImageObject\"> <a href=\"https:\/\/i0.wp.com\/www.freidenker.org\/fw17\/wp-content\/uploads\/2019\/01\/20190112_175211.jpg?ssl=1\" border=\"0\" itemprop=\"url\"> <meta itemprop=\"width\" content=\"262\"> <meta itemprop=\"height\" content=\"196\"> <img decoding=\"async\" class=\"\" data-attachment-id=\"5734\" data-orig-file=\"https:\/\/www.freidenker.org\/fw17\/wp-content\/uploads\/2019\/01\/20190112_175211.jpg\" data-orig-size=\"2048,1536\" data-comments-opened=\"\" data-image-meta=\"{&quot;aperture&quot;:&quot;1.7&quot;,&quot;credit&quot;:&quot;&quot;,&quot;camera&quot;:&quot;SM-A750FN&quot;,&quot;caption&quot;:&quot;&quot;,&quot;created_timestamp&quot;:&quot;1547315530&quot;,&quot;copyright&quot;:&quot;&quot;,&quot;focal_length&quot;:&quot;3.93&quot;,&quot;iso&quot;:&quot;125&quot;,&quot;shutter_speed&quot;:&quot;0.02&quot;,&quot;title&quot;:&quot;&quot;,&quot;orientation&quot;:&quot;1&quot;}\" data-image-title=\"20190112_175211\" data-image-description=\"\" data-medium-file=\"https:\/\/i0.wp.com\/www.freidenker.org\/fw17\/wp-content\/uploads\/2019\/01\/20190112_175211.jpg?fit=300%2C225&#038;ssl=1\" data-large-file=\"https:\/\/i0.wp.com\/www.freidenker.org\/fw17\/wp-content\/uploads\/2019\/01\/20190112_175211.jpg?fit=800%2C600&#038;ssl=1\" src=\"https:\/\/i0.wp.com\/www.freidenker.org\/fw17\/wp-content\/uploads\/2019\/01\/20190112_175211.jpg?w=262&#038;h=196&#038;ssl=1\" srcset=\"https:\/\/i0.wp.com\/www.freidenker.org\/fw17\/wp-content\/uploads\/2019\/01\/20190112_175211.jpg?w=2048&amp;ssl=1 2048w, https:\/\/i0.wp.com\/www.freidenker.org\/fw17\/wp-content\/uploads\/2019\/01\/20190112_175211.jpg?resize=300%2C225&amp;ssl=1 300w, https:\/\/i0.wp.com\/www.freidenker.org\/fw17\/wp-content\/uploads\/2019\/01\/20190112_175211.jpg?resize=768%2C576&amp;ssl=1 768w, https:\/\/i0.wp.com\/www.freidenker.org\/fw17\/wp-content\/uploads\/2019\/01\/20190112_175211.jpg?resize=1024%2C768&amp;ssl=1 1024w, https:\/\/i0.wp.com\/www.freidenker.org\/fw17\/wp-content\/uploads\/2019\/01\/20190112_175211.jpg?w=1600&amp;ssl=1 1600w\" width=\"262\" height=\"196\" loading=\"lazy\" data-original-width=\"262\" data-original-height=\"196\" itemprop=\"http:\/\/schema.org\/image\" title=\"20190112_175211\" alt=\"Witold Fischer in der Diskussion mit einem Genossen aus Jena\" style=\"width: 262px; height: 196px;\" \/> <\/a> <div class=\"tiled-gallery-caption\" itemprop=\"caption description\"> Witold Fischer in der Diskussion mit einem Genossen aus Jena <\/div> <\/div> <\/div> <!-- close group --> <\/div> <!-- close row --> <div class=\"gallery-row\" style=\"width: 800px; height: 201px;\" data-original-width=\"800\" data-original-height=\"201\" > <div class=\"gallery-group images-1\" style=\"width: 267px; height: 201px;\" data-original-width=\"267\" data-original-height=\"201\" > <div class=\"tiled-gallery-item tiled-gallery-item-large\" itemprop=\"associatedMedia\" itemscope itemtype=\"http:\/\/schema.org\/ImageObject\"> <a href=\"https:\/\/i0.wp.com\/www.freidenker.org\/fw17\/wp-content\/uploads\/2019\/01\/20190112_170818.jpg?ssl=1\" border=\"0\" itemprop=\"url\"> <meta itemprop=\"width\" content=\"263\"> <meta itemprop=\"height\" content=\"197\"> <img decoding=\"async\" class=\"\" data-attachment-id=\"5733\" data-orig-file=\"https:\/\/www.freidenker.org\/fw17\/wp-content\/uploads\/2019\/01\/20190112_170818.jpg\" data-orig-size=\"2048,1536\" data-comments-opened=\"\" data-image-meta=\"{&quot;aperture&quot;:&quot;1.7&quot;,&quot;credit&quot;:&quot;&quot;,&quot;camera&quot;:&quot;SM-A750FN&quot;,&quot;caption&quot;:&quot;&quot;,&quot;created_timestamp&quot;:&quot;1547312898&quot;,&quot;copyright&quot;:&quot;&quot;,&quot;focal_length&quot;:&quot;3.93&quot;,&quot;iso&quot;:&quot;160&quot;,&quot;shutter_speed&quot;:&quot;0.04&quot;,&quot;title&quot;:&quot;&quot;,&quot;orientation&quot;:&quot;1&quot;}\" data-image-title=\"20190112_170818\" data-image-description=\"\" data-medium-file=\"https:\/\/i0.wp.com\/www.freidenker.org\/fw17\/wp-content\/uploads\/2019\/01\/20190112_170818.jpg?fit=300%2C225&#038;ssl=1\" data-large-file=\"https:\/\/i0.wp.com\/www.freidenker.org\/fw17\/wp-content\/uploads\/2019\/01\/20190112_170818.jpg?fit=800%2C600&#038;ssl=1\" src=\"https:\/\/i0.wp.com\/www.freidenker.org\/fw17\/wp-content\/uploads\/2019\/01\/20190112_170818.jpg?w=263&#038;h=197&#038;ssl=1\" srcset=\"https:\/\/i0.wp.com\/www.freidenker.org\/fw17\/wp-content\/uploads\/2019\/01\/20190112_170818.jpg?w=2048&amp;ssl=1 2048w, https:\/\/i0.wp.com\/www.freidenker.org\/fw17\/wp-content\/uploads\/2019\/01\/20190112_170818.jpg?resize=300%2C225&amp;ssl=1 300w, https:\/\/i0.wp.com\/www.freidenker.org\/fw17\/wp-content\/uploads\/2019\/01\/20190112_170818.jpg?resize=768%2C576&amp;ssl=1 768w, https:\/\/i0.wp.com\/www.freidenker.org\/fw17\/wp-content\/uploads\/2019\/01\/20190112_170818.jpg?resize=1024%2C768&amp;ssl=1 1024w, https:\/\/i0.wp.com\/www.freidenker.org\/fw17\/wp-content\/uploads\/2019\/01\/20190112_170818.jpg?w=1600&amp;ssl=1 1600w\" width=\"263\" height=\"197\" loading=\"lazy\" data-original-width=\"263\" data-original-height=\"197\" itemprop=\"http:\/\/schema.org\/image\" title=\"20190112_170818\" alt=\"Monique Broquard (li) und Monika Krotter-Hartmann\" style=\"width: 263px; height: 197px;\" \/> <\/a> <div class=\"tiled-gallery-caption\" itemprop=\"caption description\"> Monique Broquard (li) und Monika Krotter-Hartmann <\/div> <\/div> <\/div> <!-- close group --> <div class=\"gallery-group images-1\" style=\"width: 267px; height: 201px;\" data-original-width=\"267\" data-original-height=\"201\" > <div class=\"tiled-gallery-item tiled-gallery-item-large\" itemprop=\"associatedMedia\" itemscope itemtype=\"http:\/\/schema.org\/ImageObject\"> <a href=\"https:\/\/i0.wp.com\/www.freidenker.org\/fw17\/wp-content\/uploads\/2019\/01\/20190112_165930.jpg?ssl=1\" border=\"0\" itemprop=\"url\"> <meta itemprop=\"width\" content=\"263\"> <meta itemprop=\"height\" content=\"197\"> <img decoding=\"async\" class=\"\" data-attachment-id=\"5732\" data-orig-file=\"https:\/\/www.freidenker.org\/fw17\/wp-content\/uploads\/2019\/01\/20190112_165930.jpg\" data-orig-size=\"2048,1536\" data-comments-opened=\"\" data-image-meta=\"{&quot;aperture&quot;:&quot;1.7&quot;,&quot;credit&quot;:&quot;&quot;,&quot;camera&quot;:&quot;SM-A750FN&quot;,&quot;caption&quot;:&quot;&quot;,&quot;created_timestamp&quot;:&quot;1547312370&quot;,&quot;copyright&quot;:&quot;&quot;,&quot;focal_length&quot;:&quot;3.93&quot;,&quot;iso&quot;:&quot;250&quot;,&quot;shutter_speed&quot;:&quot;0.04&quot;,&quot;title&quot;:&quot;&quot;,&quot;orientation&quot;:&quot;1&quot;}\" data-image-title=\"20190112_165930\" data-image-description=\"\" data-medium-file=\"https:\/\/i0.wp.com\/www.freidenker.org\/fw17\/wp-content\/uploads\/2019\/01\/20190112_165930.jpg?fit=300%2C225&#038;ssl=1\" data-large-file=\"https:\/\/i0.wp.com\/www.freidenker.org\/fw17\/wp-content\/uploads\/2019\/01\/20190112_165930.jpg?fit=800%2C600&#038;ssl=1\" src=\"https:\/\/i0.wp.com\/www.freidenker.org\/fw17\/wp-content\/uploads\/2019\/01\/20190112_165930.jpg?w=263&#038;h=197&#038;ssl=1\" srcset=\"https:\/\/i0.wp.com\/www.freidenker.org\/fw17\/wp-content\/uploads\/2019\/01\/20190112_165930.jpg?w=2048&amp;ssl=1 2048w, https:\/\/i0.wp.com\/www.freidenker.org\/fw17\/wp-content\/uploads\/2019\/01\/20190112_165930.jpg?resize=300%2C225&amp;ssl=1 300w, https:\/\/i0.wp.com\/www.freidenker.org\/fw17\/wp-content\/uploads\/2019\/01\/20190112_165930.jpg?resize=768%2C576&amp;ssl=1 768w, https:\/\/i0.wp.com\/www.freidenker.org\/fw17\/wp-content\/uploads\/2019\/01\/20190112_165930.jpg?resize=1024%2C768&amp;ssl=1 1024w, https:\/\/i0.wp.com\/www.freidenker.org\/fw17\/wp-content\/uploads\/2019\/01\/20190112_165930.jpg?w=1600&amp;ssl=1 1600w\" width=\"263\" height=\"197\" loading=\"lazy\" data-original-width=\"263\" data-original-height=\"197\" itemprop=\"http:\/\/schema.org\/image\" title=\"20190112_165930\" alt=\"Rainer Rupp (li)\" style=\"width: 263px; height: 197px;\" \/> <\/a> <div class=\"tiled-gallery-caption\" itemprop=\"caption description\"> Rainer Rupp (li) <\/div> <\/div> <\/div> <!-- close group --> <div class=\"gallery-group images-1\" style=\"width: 266px; height: 201px;\" data-original-width=\"266\" data-original-height=\"201\" > <div class=\"tiled-gallery-item tiled-gallery-item-large\" itemprop=\"associatedMedia\" itemscope itemtype=\"http:\/\/schema.org\/ImageObject\"> <a href=\"https:\/\/i0.wp.com\/www.freidenker.org\/fw17\/wp-content\/uploads\/2019\/01\/20190112_165915.jpg?ssl=1\" border=\"0\" itemprop=\"url\"> <meta itemprop=\"width\" content=\"262\"> <meta itemprop=\"height\" content=\"197\"> <img decoding=\"async\" class=\"\" data-attachment-id=\"5731\" data-orig-file=\"https:\/\/www.freidenker.org\/fw17\/wp-content\/uploads\/2019\/01\/20190112_165915.jpg\" data-orig-size=\"2048,1536\" data-comments-opened=\"\" data-image-meta=\"{&quot;aperture&quot;:&quot;1.7&quot;,&quot;credit&quot;:&quot;&quot;,&quot;camera&quot;:&quot;SM-A750FN&quot;,&quot;caption&quot;:&quot;&quot;,&quot;created_timestamp&quot;:&quot;1547312355&quot;,&quot;copyright&quot;:&quot;&quot;,&quot;focal_length&quot;:&quot;3.93&quot;,&quot;iso&quot;:&quot;400&quot;,&quot;shutter_speed&quot;:&quot;0.04&quot;,&quot;title&quot;:&quot;&quot;,&quot;orientation&quot;:&quot;1&quot;}\" data-image-title=\"20190112_165915\" data-image-description=\"\" data-medium-file=\"https:\/\/i0.wp.com\/www.freidenker.org\/fw17\/wp-content\/uploads\/2019\/01\/20190112_165915.jpg?fit=300%2C225&#038;ssl=1\" data-large-file=\"https:\/\/i0.wp.com\/www.freidenker.org\/fw17\/wp-content\/uploads\/2019\/01\/20190112_165915.jpg?fit=800%2C600&#038;ssl=1\" src=\"https:\/\/i0.wp.com\/www.freidenker.org\/fw17\/wp-content\/uploads\/2019\/01\/20190112_165915.jpg?w=262&#038;h=197&#038;ssl=1\" srcset=\"https:\/\/i0.wp.com\/www.freidenker.org\/fw17\/wp-content\/uploads\/2019\/01\/20190112_165915.jpg?w=2048&amp;ssl=1 2048w, https:\/\/i0.wp.com\/www.freidenker.org\/fw17\/wp-content\/uploads\/2019\/01\/20190112_165915.jpg?resize=300%2C225&amp;ssl=1 300w, https:\/\/i0.wp.com\/www.freidenker.org\/fw17\/wp-content\/uploads\/2019\/01\/20190112_165915.jpg?resize=768%2C576&amp;ssl=1 768w, https:\/\/i0.wp.com\/www.freidenker.org\/fw17\/wp-content\/uploads\/2019\/01\/20190112_165915.jpg?resize=1024%2C768&amp;ssl=1 1024w, https:\/\/i0.wp.com\/www.freidenker.org\/fw17\/wp-content\/uploads\/2019\/01\/20190112_165915.jpg?w=1600&amp;ssl=1 1600w\" width=\"262\" height=\"197\" loading=\"lazy\" data-original-width=\"262\" data-original-height=\"197\" itemprop=\"http:\/\/schema.org\/image\" title=\"20190112_165915\" alt=\"Rainer Rupp (li) und Peter Betscher\" style=\"width: 262px; height: 197px;\" \/> <\/a> <div class=\"tiled-gallery-caption\" itemprop=\"caption description\"> Rainer Rupp (li) und Peter Betscher <\/div> <\/div> <\/div> <!-- close group --> <\/div> <!-- close row --> <div class=\"gallery-row\" style=\"width: 800px; height: 401px;\" data-original-width=\"800\" data-original-height=\"401\" > <div class=\"gallery-group images-2\" style=\"width: 266px; height: 401px;\" data-original-width=\"266\" data-original-height=\"401\" > <div class=\"tiled-gallery-item tiled-gallery-item-large\" itemprop=\"associatedMedia\" itemscope itemtype=\"http:\/\/schema.org\/ImageObject\"> <a href=\"https:\/\/i0.wp.com\/www.freidenker.org\/fw17\/wp-content\/uploads\/2019\/01\/20190112_162104.jpg?ssl=1\" border=\"0\" itemprop=\"url\"> <meta itemprop=\"width\" content=\"262\"> <meta itemprop=\"height\" content=\"197\"> <img decoding=\"async\" class=\"\" data-attachment-id=\"5730\" data-orig-file=\"https:\/\/www.freidenker.org\/fw17\/wp-content\/uploads\/2019\/01\/20190112_162104.jpg\" data-orig-size=\"2048,1536\" data-comments-opened=\"\" data-image-meta=\"{&quot;aperture&quot;:&quot;1.7&quot;,&quot;credit&quot;:&quot;&quot;,&quot;camera&quot;:&quot;SM-A750FN&quot;,&quot;caption&quot;:&quot;&quot;,&quot;created_timestamp&quot;:&quot;1547310064&quot;,&quot;copyright&quot;:&quot;&quot;,&quot;focal_length&quot;:&quot;3.93&quot;,&quot;iso&quot;:&quot;40&quot;,&quot;shutter_speed&quot;:&quot;0.0088495575221239&quot;,&quot;title&quot;:&quot;&quot;,&quot;orientation&quot;:&quot;1&quot;}\" data-image-title=\"20190112_162104\" data-image-description=\"\" data-medium-file=\"https:\/\/i0.wp.com\/www.freidenker.org\/fw17\/wp-content\/uploads\/2019\/01\/20190112_162104.jpg?fit=300%2C225&#038;ssl=1\" data-large-file=\"https:\/\/i0.wp.com\/www.freidenker.org\/fw17\/wp-content\/uploads\/2019\/01\/20190112_162104.jpg?fit=800%2C600&#038;ssl=1\" src=\"https:\/\/i0.wp.com\/www.freidenker.org\/fw17\/wp-content\/uploads\/2019\/01\/20190112_162104.jpg?w=262&#038;h=197&#038;ssl=1\" srcset=\"https:\/\/i0.wp.com\/www.freidenker.org\/fw17\/wp-content\/uploads\/2019\/01\/20190112_162104.jpg?w=2048&amp;ssl=1 2048w, https:\/\/i0.wp.com\/www.freidenker.org\/fw17\/wp-content\/uploads\/2019\/01\/20190112_162104.jpg?resize=300%2C225&amp;ssl=1 300w, https:\/\/i0.wp.com\/www.freidenker.org\/fw17\/wp-content\/uploads\/2019\/01\/20190112_162104.jpg?resize=768%2C576&amp;ssl=1 768w, https:\/\/i0.wp.com\/www.freidenker.org\/fw17\/wp-content\/uploads\/2019\/01\/20190112_162104.jpg?resize=1024%2C768&amp;ssl=1 1024w, https:\/\/i0.wp.com\/www.freidenker.org\/fw17\/wp-content\/uploads\/2019\/01\/20190112_162104.jpg?w=1600&amp;ssl=1 1600w\" width=\"262\" height=\"197\" loading=\"lazy\" data-original-width=\"262\" data-original-height=\"197\" itemprop=\"http:\/\/schema.org\/image\" title=\"20190112_162104\" alt=\"Spenden erw\u00fcnscht ...\" style=\"width: 262px; height: 197px;\" \/> <\/a> <div class=\"tiled-gallery-caption\" itemprop=\"caption description\"> Spenden erw\u00fcnscht &#8230; <\/div> <\/div> <div class=\"tiled-gallery-item tiled-gallery-item-large\" itemprop=\"associatedMedia\" itemscope itemtype=\"http:\/\/schema.org\/ImageObject\"> <a href=\"https:\/\/i0.wp.com\/www.freidenker.org\/fw17\/wp-content\/uploads\/2019\/01\/20190112_161944.jpg?ssl=1\" border=\"0\" itemprop=\"url\"> <meta itemprop=\"width\" content=\"262\"> <meta itemprop=\"height\" content=\"196\"> <img decoding=\"async\" class=\"\" data-attachment-id=\"5729\" data-orig-file=\"https:\/\/www.freidenker.org\/fw17\/wp-content\/uploads\/2019\/01\/20190112_161944.jpg\" data-orig-size=\"2048,1536\" data-comments-opened=\"\" data-image-meta=\"{&quot;aperture&quot;:&quot;1.7&quot;,&quot;credit&quot;:&quot;&quot;,&quot;camera&quot;:&quot;SM-A750FN&quot;,&quot;caption&quot;:&quot;&quot;,&quot;created_timestamp&quot;:&quot;1547309984&quot;,&quot;copyright&quot;:&quot;&quot;,&quot;focal_length&quot;:&quot;3.93&quot;,&quot;iso&quot;:&quot;320&quot;,&quot;shutter_speed&quot;:&quot;0.04&quot;,&quot;title&quot;:&quot;&quot;,&quot;orientation&quot;:&quot;1&quot;}\" data-image-title=\"20190112_161944\" data-image-description=\"\" data-medium-file=\"https:\/\/i0.wp.com\/www.freidenker.org\/fw17\/wp-content\/uploads\/2019\/01\/20190112_161944.jpg?fit=300%2C225&#038;ssl=1\" data-large-file=\"https:\/\/i0.wp.com\/www.freidenker.org\/fw17\/wp-content\/uploads\/2019\/01\/20190112_161944.jpg?fit=800%2C600&#038;ssl=1\" src=\"https:\/\/i0.wp.com\/www.freidenker.org\/fw17\/wp-content\/uploads\/2019\/01\/20190112_161944.jpg?w=262&#038;h=196&#038;ssl=1\" srcset=\"https:\/\/i0.wp.com\/www.freidenker.org\/fw17\/wp-content\/uploads\/2019\/01\/20190112_161944.jpg?w=2048&amp;ssl=1 2048w, https:\/\/i0.wp.com\/www.freidenker.org\/fw17\/wp-content\/uploads\/2019\/01\/20190112_161944.jpg?resize=300%2C225&amp;ssl=1 300w, https:\/\/i0.wp.com\/www.freidenker.org\/fw17\/wp-content\/uploads\/2019\/01\/20190112_161944.jpg?resize=768%2C576&amp;ssl=1 768w, https:\/\/i0.wp.com\/www.freidenker.org\/fw17\/wp-content\/uploads\/2019\/01\/20190112_161944.jpg?resize=1024%2C768&amp;ssl=1 1024w, https:\/\/i0.wp.com\/www.freidenker.org\/fw17\/wp-content\/uploads\/2019\/01\/20190112_161944.jpg?w=1600&amp;ssl=1 1600w\" width=\"262\" height=\"196\" loading=\"lazy\" data-original-width=\"262\" data-original-height=\"196\" itemprop=\"http:\/\/schema.org\/image\" title=\"20190112_161944\" alt=\"Unser stellv. Vorsitzender Sebastian Bahlo\" style=\"width: 262px; height: 196px;\" \/> <\/a> <div class=\"tiled-gallery-caption\" itemprop=\"caption description\"> Unser stellv. Vorsitzender Sebastian Bahlo <\/div> <\/div> <\/div> <!-- close group --> <div class=\"gallery-group images-1\" style=\"width: 534px; height: 401px;\" data-original-width=\"534\" data-original-height=\"401\" > <div class=\"tiled-gallery-item tiled-gallery-item-large\" itemprop=\"associatedMedia\" itemscope itemtype=\"http:\/\/schema.org\/ImageObject\"> <a href=\"https:\/\/i0.wp.com\/www.freidenker.org\/fw17\/wp-content\/uploads\/2019\/01\/20190112_161928.jpg?ssl=1\" border=\"0\" itemprop=\"url\"> <meta itemprop=\"width\" content=\"530\"> <meta itemprop=\"height\" content=\"397\"> <img decoding=\"async\" class=\"\" data-attachment-id=\"5728\" data-orig-file=\"https:\/\/www.freidenker.org\/fw17\/wp-content\/uploads\/2019\/01\/20190112_161928.jpg\" data-orig-size=\"2048,1536\" data-comments-opened=\"\" data-image-meta=\"{&quot;aperture&quot;:&quot;1.7&quot;,&quot;credit&quot;:&quot;&quot;,&quot;camera&quot;:&quot;SM-A750FN&quot;,&quot;caption&quot;:&quot;&quot;,&quot;created_timestamp&quot;:&quot;1547309968&quot;,&quot;copyright&quot;:&quot;&quot;,&quot;focal_length&quot;:&quot;3.93&quot;,&quot;iso&quot;:&quot;400&quot;,&quot;shutter_speed&quot;:&quot;0.05&quot;,&quot;title&quot;:&quot;&quot;,&quot;orientation&quot;:&quot;1&quot;}\" data-image-title=\"20190112_161928\" data-image-description=\"\" data-medium-file=\"https:\/\/i0.wp.com\/www.freidenker.org\/fw17\/wp-content\/uploads\/2019\/01\/20190112_161928.jpg?fit=300%2C225&#038;ssl=1\" data-large-file=\"https:\/\/i0.wp.com\/www.freidenker.org\/fw17\/wp-content\/uploads\/2019\/01\/20190112_161928.jpg?fit=800%2C600&#038;ssl=1\" src=\"https:\/\/i0.wp.com\/www.freidenker.org\/fw17\/wp-content\/uploads\/2019\/01\/20190112_161928.jpg?w=530&#038;h=397&#038;ssl=1\" srcset=\"https:\/\/i0.wp.com\/www.freidenker.org\/fw17\/wp-content\/uploads\/2019\/01\/20190112_161928.jpg?w=2048&amp;ssl=1 2048w, https:\/\/i0.wp.com\/www.freidenker.org\/fw17\/wp-content\/uploads\/2019\/01\/20190112_161928.jpg?resize=300%2C225&amp;ssl=1 300w, https:\/\/i0.wp.com\/www.freidenker.org\/fw17\/wp-content\/uploads\/2019\/01\/20190112_161928.jpg?resize=768%2C576&amp;ssl=1 768w, https:\/\/i0.wp.com\/www.freidenker.org\/fw17\/wp-content\/uploads\/2019\/01\/20190112_161928.jpg?resize=1024%2C768&amp;ssl=1 1024w, https:\/\/i0.wp.com\/www.freidenker.org\/fw17\/wp-content\/uploads\/2019\/01\/20190112_161928.jpg?w=1600&amp;ssl=1 1600w\" width=\"530\" height=\"397\" loading=\"lazy\" data-original-width=\"530\" data-original-height=\"397\" itemprop=\"http:\/\/schema.org\/image\" title=\"20190112_161928\" alt=\"Weithin sichtbar: Der Freidenker-Stand\" style=\"width: 530px; height: 397px;\" \/> <\/a> <div class=\"tiled-gallery-caption\" itemprop=\"caption description\"> Weithin sichtbar: Der Freidenker-Stand <\/div> <\/div> <\/div> <!-- close group --> <\/div> <!-- close row --> <div class=\"gallery-row\" style=\"width: 800px; height: 151px;\" data-original-width=\"800\" data-original-height=\"151\" > <div class=\"gallery-group images-1\" style=\"width: 200px; height: 151px;\" data-original-width=\"200\" data-original-height=\"151\" > <div class=\"tiled-gallery-item tiled-gallery-item-small\" itemprop=\"associatedMedia\" itemscope itemtype=\"http:\/\/schema.org\/ImageObject\"> <a href=\"https:\/\/i0.wp.com\/www.freidenker.org\/fw17\/wp-content\/uploads\/2019\/01\/20190112_161358.jpg?ssl=1\" border=\"0\" itemprop=\"url\"> <meta itemprop=\"width\" content=\"196\"> <meta itemprop=\"height\" content=\"147\"> <img decoding=\"async\" class=\"\" data-attachment-id=\"5727\" data-orig-file=\"https:\/\/www.freidenker.org\/fw17\/wp-content\/uploads\/2019\/01\/20190112_161358.jpg\" data-orig-size=\"2048,1536\" data-comments-opened=\"\" data-image-meta=\"{&quot;aperture&quot;:&quot;1.7&quot;,&quot;credit&quot;:&quot;&quot;,&quot;camera&quot;:&quot;SM-A750FN&quot;,&quot;caption&quot;:&quot;&quot;,&quot;created_timestamp&quot;:&quot;1547309638&quot;,&quot;copyright&quot;:&quot;&quot;,&quot;focal_length&quot;:&quot;3.93&quot;,&quot;iso&quot;:&quot;200&quot;,&quot;shutter_speed&quot;:&quot;0.04&quot;,&quot;title&quot;:&quot;&quot;,&quot;orientation&quot;:&quot;1&quot;}\" data-image-title=\"20190112_161358\" data-image-description=\"\" data-medium-file=\"https:\/\/i0.wp.com\/www.freidenker.org\/fw17\/wp-content\/uploads\/2019\/01\/20190112_161358.jpg?fit=300%2C225&#038;ssl=1\" data-large-file=\"https:\/\/i0.wp.com\/www.freidenker.org\/fw17\/wp-content\/uploads\/2019\/01\/20190112_161358.jpg?fit=800%2C600&#038;ssl=1\" src=\"https:\/\/i0.wp.com\/www.freidenker.org\/fw17\/wp-content\/uploads\/2019\/01\/20190112_161358.jpg?w=196&#038;h=147&#038;ssl=1\" srcset=\"https:\/\/i0.wp.com\/www.freidenker.org\/fw17\/wp-content\/uploads\/2019\/01\/20190112_161358.jpg?w=2048&amp;ssl=1 2048w, https:\/\/i0.wp.com\/www.freidenker.org\/fw17\/wp-content\/uploads\/2019\/01\/20190112_161358.jpg?resize=300%2C225&amp;ssl=1 300w, https:\/\/i0.wp.com\/www.freidenker.org\/fw17\/wp-content\/uploads\/2019\/01\/20190112_161358.jpg?resize=768%2C576&amp;ssl=1 768w, https:\/\/i0.wp.com\/www.freidenker.org\/fw17\/wp-content\/uploads\/2019\/01\/20190112_161358.jpg?resize=1024%2C768&amp;ssl=1 1024w, https:\/\/i0.wp.com\/www.freidenker.org\/fw17\/wp-content\/uploads\/2019\/01\/20190112_161358.jpg?w=1600&amp;ssl=1 1600w\" width=\"196\" height=\"147\" loading=\"lazy\" data-original-width=\"196\" data-original-height=\"147\" itemprop=\"http:\/\/schema.org\/image\" title=\"20190112_161358\" alt=\"Annett Torres und Monique Broquard\" style=\"width: 196px; height: 147px;\" \/> <\/a> <div class=\"tiled-gallery-caption\" itemprop=\"caption description\"> Annett Torres und Monique Broquard <\/div> <\/div> <\/div> <!-- close group --> <div class=\"gallery-group images-1\" style=\"width: 200px; height: 151px;\" data-original-width=\"200\" data-original-height=\"151\" > <div class=\"tiled-gallery-item tiled-gallery-item-small\" itemprop=\"associatedMedia\" itemscope itemtype=\"http:\/\/schema.org\/ImageObject\"> <a href=\"https:\/\/i0.wp.com\/www.freidenker.org\/fw17\/wp-content\/uploads\/2019\/01\/20190112_152731.jpg?ssl=1\" border=\"0\" itemprop=\"url\"> <meta itemprop=\"width\" content=\"196\"> <meta itemprop=\"height\" content=\"147\"> <img decoding=\"async\" class=\"\" data-attachment-id=\"5726\" data-orig-file=\"https:\/\/www.freidenker.org\/fw17\/wp-content\/uploads\/2019\/01\/20190112_152731.jpg\" data-orig-size=\"2048,1536\" data-comments-opened=\"\" data-image-meta=\"{&quot;aperture&quot;:&quot;1.7&quot;,&quot;credit&quot;:&quot;&quot;,&quot;camera&quot;:&quot;SM-A750FN&quot;,&quot;caption&quot;:&quot;&quot;,&quot;created_timestamp&quot;:&quot;1547306851&quot;,&quot;copyright&quot;:&quot;&quot;,&quot;focal_length&quot;:&quot;3.93&quot;,&quot;iso&quot;:&quot;200&quot;,&quot;shutter_speed&quot;:&quot;0.02&quot;,&quot;title&quot;:&quot;&quot;,&quot;orientation&quot;:&quot;1&quot;}\" data-image-title=\"20190112_152731\" data-image-description=\"\" data-medium-file=\"https:\/\/i0.wp.com\/www.freidenker.org\/fw17\/wp-content\/uploads\/2019\/01\/20190112_152731.jpg?fit=300%2C225&#038;ssl=1\" data-large-file=\"https:\/\/i0.wp.com\/www.freidenker.org\/fw17\/wp-content\/uploads\/2019\/01\/20190112_152731.jpg?fit=800%2C600&#038;ssl=1\" src=\"https:\/\/i0.wp.com\/www.freidenker.org\/fw17\/wp-content\/uploads\/2019\/01\/20190112_152731.jpg?w=196&#038;h=147&#038;ssl=1\" srcset=\"https:\/\/i0.wp.com\/www.freidenker.org\/fw17\/wp-content\/uploads\/2019\/01\/20190112_152731.jpg?w=2048&amp;ssl=1 2048w, https:\/\/i0.wp.com\/www.freidenker.org\/fw17\/wp-content\/uploads\/2019\/01\/20190112_152731.jpg?resize=300%2C225&amp;ssl=1 300w, https:\/\/i0.wp.com\/www.freidenker.org\/fw17\/wp-content\/uploads\/2019\/01\/20190112_152731.jpg?resize=768%2C576&amp;ssl=1 768w, https:\/\/i0.wp.com\/www.freidenker.org\/fw17\/wp-content\/uploads\/2019\/01\/20190112_152731.jpg?resize=1024%2C768&amp;ssl=1 1024w, https:\/\/i0.wp.com\/www.freidenker.org\/fw17\/wp-content\/uploads\/2019\/01\/20190112_152731.jpg?w=1600&amp;ssl=1 1600w\" width=\"196\" height=\"147\" loading=\"lazy\" data-original-width=\"196\" data-original-height=\"147\" itemprop=\"http:\/\/schema.org\/image\" title=\"20190112_152731\" alt=\"Peter Betscher (Darmstadt) im Pausengespr\u00e4ch mit Heike Cienkowski (Greiz)\" style=\"width: 196px; height: 147px;\" \/> <\/a> <div class=\"tiled-gallery-caption\" itemprop=\"caption description\"> Peter Betscher (Darmstadt) im Pausengespr\u00e4ch mit Heike Cienkowski (Greiz) <\/div> <\/div> <\/div> <!-- close group --> <div class=\"gallery-group images-1\" style=\"width: 200px; height: 151px;\" data-original-width=\"200\" data-original-height=\"151\" > <div class=\"tiled-gallery-item tiled-gallery-item-small\" itemprop=\"associatedMedia\" itemscope itemtype=\"http:\/\/schema.org\/ImageObject\"> <a href=\"https:\/\/i0.wp.com\/www.freidenker.org\/fw17\/wp-content\/uploads\/2019\/01\/20190112_185652.jpg?ssl=1\" border=\"0\" itemprop=\"url\"> <meta itemprop=\"width\" content=\"196\"> <meta itemprop=\"height\" content=\"147\"> <img decoding=\"async\" class=\"\" data-attachment-id=\"5737\" data-orig-file=\"https:\/\/www.freidenker.org\/fw17\/wp-content\/uploads\/2019\/01\/20190112_185652.jpg\" data-orig-size=\"2048,1536\" data-comments-opened=\"\" data-image-meta=\"{&quot;aperture&quot;:&quot;1.7&quot;,&quot;credit&quot;:&quot;&quot;,&quot;camera&quot;:&quot;SM-A750FN&quot;,&quot;caption&quot;:&quot;&quot;,&quot;created_timestamp&quot;:&quot;1547319412&quot;,&quot;copyright&quot;:&quot;&quot;,&quot;focal_length&quot;:&quot;3.93&quot;,&quot;iso&quot;:&quot;1250&quot;,&quot;shutter_speed&quot;:&quot;0.1&quot;,&quot;title&quot;:&quot;&quot;,&quot;orientation&quot;:&quot;1&quot;}\" data-image-title=\"20190112_185652\" data-image-description=\"\" data-medium-file=\"https:\/\/i0.wp.com\/www.freidenker.org\/fw17\/wp-content\/uploads\/2019\/01\/20190112_185652.jpg?fit=300%2C225&#038;ssl=1\" data-large-file=\"https:\/\/i0.wp.com\/www.freidenker.org\/fw17\/wp-content\/uploads\/2019\/01\/20190112_185652.jpg?fit=800%2C600&#038;ssl=1\" src=\"https:\/\/i0.wp.com\/www.freidenker.org\/fw17\/wp-content\/uploads\/2019\/01\/20190112_185652.jpg?w=196&#038;h=147&#038;ssl=1\" srcset=\"https:\/\/i0.wp.com\/www.freidenker.org\/fw17\/wp-content\/uploads\/2019\/01\/20190112_185652.jpg?w=2048&amp;ssl=1 2048w, https:\/\/i0.wp.com\/www.freidenker.org\/fw17\/wp-content\/uploads\/2019\/01\/20190112_185652.jpg?resize=300%2C225&amp;ssl=1 300w, https:\/\/i0.wp.com\/www.freidenker.org\/fw17\/wp-content\/uploads\/2019\/01\/20190112_185652.jpg?resize=768%2C576&amp;ssl=1 768w, https:\/\/i0.wp.com\/www.freidenker.org\/fw17\/wp-content\/uploads\/2019\/01\/20190112_185652.jpg?resize=1024%2C768&amp;ssl=1 1024w, https:\/\/i0.wp.com\/www.freidenker.org\/fw17\/wp-content\/uploads\/2019\/01\/20190112_185652.jpg?w=1600&amp;ssl=1 1600w\" width=\"196\" height=\"147\" loading=\"lazy\" data-original-width=\"196\" data-original-height=\"147\" itemprop=\"http:\/\/schema.org\/image\" title=\"20190112_185652\" alt=\"Monique Broquard (links) und Klaus Hartmann (rechts) im Gespr\u00e4ch mit dem K\u00fcnstler-Duo &quot;Kulturverein Willy&quot; aus \u00d6sterreich\" style=\"width: 196px; height: 147px;\" \/> <\/a> <div class=\"tiled-gallery-caption\" itemprop=\"caption description\"> Monique Broquard (links) und Klaus Hartmann (rechts) im Gespr\u00e4ch mit dem K\u00fcnstler-Duo &#8222;Kulturverein Willy&#8220; aus \u00d6sterreich <\/div> <\/div> <\/div> <!-- close group --> <div class=\"gallery-group images-1\" style=\"width: 200px; height: 151px;\" data-original-width=\"200\" data-original-height=\"151\" > <div class=\"tiled-gallery-item tiled-gallery-item-small\" itemprop=\"associatedMedia\" itemscope itemtype=\"http:\/\/schema.org\/ImageObject\"> <a href=\"https:\/\/i0.wp.com\/www.freidenker.org\/fw17\/wp-content\/uploads\/2019\/01\/20190112_185850.jpg?ssl=1\" border=\"0\" itemprop=\"url\"> <meta itemprop=\"width\" content=\"196\"> <meta itemprop=\"height\" content=\"147\"> <img decoding=\"async\" class=\"\" data-attachment-id=\"5725\" data-orig-file=\"https:\/\/www.freidenker.org\/fw17\/wp-content\/uploads\/2019\/01\/20190112_185850.jpg\" data-orig-size=\"2048,1536\" data-comments-opened=\"\" data-image-meta=\"{&quot;aperture&quot;:&quot;1.7&quot;,&quot;credit&quot;:&quot;&quot;,&quot;camera&quot;:&quot;SM-A750FN&quot;,&quot;caption&quot;:&quot;&quot;,&quot;created_timestamp&quot;:&quot;1547319530&quot;,&quot;copyright&quot;:&quot;&quot;,&quot;focal_length&quot;:&quot;3.93&quot;,&quot;iso&quot;:&quot;640&quot;,&quot;shutter_speed&quot;:&quot;0.1&quot;,&quot;title&quot;:&quot;&quot;,&quot;orientation&quot;:&quot;1&quot;}\" data-image-title=\"20190112_185850\" data-image-description=\"\" data-medium-file=\"https:\/\/i0.wp.com\/www.freidenker.org\/fw17\/wp-content\/uploads\/2019\/01\/20190112_185850.jpg?fit=300%2C225&#038;ssl=1\" data-large-file=\"https:\/\/i0.wp.com\/www.freidenker.org\/fw17\/wp-content\/uploads\/2019\/01\/20190112_185850.jpg?fit=800%2C600&#038;ssl=1\" src=\"https:\/\/i0.wp.com\/www.freidenker.org\/fw17\/wp-content\/uploads\/2019\/01\/20190112_185850.jpg?w=196&#038;h=147&#038;ssl=1\" srcset=\"https:\/\/i0.wp.com\/www.freidenker.org\/fw17\/wp-content\/uploads\/2019\/01\/20190112_185850.jpg?w=2048&amp;ssl=1 2048w, https:\/\/i0.wp.com\/www.freidenker.org\/fw17\/wp-content\/uploads\/2019\/01\/20190112_185850.jpg?resize=300%2C225&amp;ssl=1 300w, https:\/\/i0.wp.com\/www.freidenker.org\/fw17\/wp-content\/uploads\/2019\/01\/20190112_185850.jpg?resize=768%2C576&amp;ssl=1 768w, https:\/\/i0.wp.com\/www.freidenker.org\/fw17\/wp-content\/uploads\/2019\/01\/20190112_185850.jpg?resize=1024%2C768&amp;ssl=1 1024w, https:\/\/i0.wp.com\/www.freidenker.org\/fw17\/wp-content\/uploads\/2019\/01\/20190112_185850.jpg?w=1600&amp;ssl=1 1600w\" width=\"196\" height=\"147\" loading=\"lazy\" data-original-width=\"196\" data-original-height=\"147\" itemprop=\"http:\/\/schema.org\/image\" title=\"20190112_185850\" alt=\"Gerhard Broquard \u00fcberlegt, ob er das tun soll, was auf dem Flugblatt steht ...\" style=\"width: 196px; height: 147px;\" \/> <\/a> <div class=\"tiled-gallery-caption\" itemprop=\"caption description\"> Gerhard Broquard \u00fcberlegt, ob er das tun soll, was auf dem Flugblatt steht &#8230; <\/div> <\/div> <\/div> <!-- close group --> <\/div> <!-- close row --> <\/div>\n<hr \/>\n<p><span style=\"font-size: 10pt;\">Fotos: Ralf Lux<\/span><\/p>\n","protected":false},"excerpt":{"rendered":"<p>Am 12. Januar 2019 fand in Berlin die XXIV. Internationalen Rosa-Luxemburg-Konferenz (RLK) statt. Das diesj\u00e4hrige Motto lautete &#8222;Sozialismus oder Barbarei: Die n\u00e4chste Krise. Der n\u00e4chste Krieg. Die n\u00e4chste Revolution&#8220;. Mit 3.100 G\u00e4sten wurde ein neuer Teilnehmerrekord erreicht. Nat\u00fcrlich waren auch wieder viele Mitglieder des Deutschen Freidenker-Verbandes dabei. Hier einige fotografische Impressionen von der Konferenz.<\/p>\n","protected":false},"author":3,"featured_media":5740,"comment_status":"closed","ping_status":"closed","sticky":false,"template":"","format":"standard","meta":{"colormag_page_container_layout":"default_layout","colormag_page_sidebar_layout":"default_layout","advanced_seo_description":"","jetpack_seo_html_title":"","jetpack_seo_noindex":false,"jetpack_post_was_ever_published":false,"footnotes":""},"categories":[20],"tags":[27,335,672,671],"class_list":["post-5711","post","type-post","status-publish","format-standard","has-post-thumbnail","hentry","category-zentrale-veranstaltungen","tag-deutscher-freidenker-verband","tag-frieden","tag-linke-politik","tag-rosa-luxemburg-konferenz"],"jetpack_featured_media_url":"https:\/\/i0.wp.com\/www.freidenker.org\/fw17\/wp-content\/uploads\/2019\/01\/rlk_2019_800x445.jpg?fit=800%2C445&ssl=1","jetpack_shortlink":"https:\/\/wp.me\/p9stpK-1u7","jetpack-related-posts":[{"id":4126,"url":"https:\/\/www.freidenker.org\/?p=4126","url_meta":{"origin":5711,"position":0},"title":"Galerie: Freidenker auf der Rosa-Luxemburg-Konferenz 2018","author":"Webredaktion","date":"15. Januar 2018","format":false,"excerpt":"An der XXIII. Internationalen Rosa-Luxemburg-Konferenz (RLK), die am 13. Januar 2018 in Berlin stattfand, nahmen mehr als 2.700 G\u00e4ste teil, darunter nat\u00fcrlich auch viele Mitglieder des Deutschen Freidenker-Verbandes. Die Moderatoren der Konferenz, die S\u00e4ngerin Gina Pietsch und der Kabarettist Dr. Seltsam, erl\u00e4uterten eingangs deren Motto: \u00bbAmandla! Awethu! \u2013 Alle Macht\u2026","rel":"","context":"In &quot;Zentrale Veranstaltungen&quot;","block_context":{"text":"Zentrale Veranstaltungen","link":"https:\/\/www.freidenker.org\/?cat=20"},"img":{"alt_text":"","src":"https:\/\/i0.wp.com\/www.freidenker.org\/fw17\/wp-content\/uploads\/2018\/01\/RLK_2018_800x445.jpg?fit=800%2C445&ssl=1&resize=350%2C200","width":350,"height":200,"srcset":"https:\/\/i0.wp.com\/www.freidenker.org\/fw17\/wp-content\/uploads\/2018\/01\/RLK_2018_800x445.jpg?fit=800%2C445&ssl=1&resize=350%2C200 1x, https:\/\/i0.wp.com\/www.freidenker.org\/fw17\/wp-content\/uploads\/2018\/01\/RLK_2018_800x445.jpg?fit=800%2C445&ssl=1&resize=525%2C300 1.5x, https:\/\/i0.wp.com\/www.freidenker.org\/fw17\/wp-content\/uploads\/2018\/01\/RLK_2018_800x445.jpg?fit=800%2C445&ssl=1&resize=700%2C400 2x"},"classes":[]},{"id":49,"url":"https:\/\/www.freidenker.org\/?p=49","url_meta":{"origin":5711,"position":1},"title":"XXI. Internationale Rosa-Luxemburg-Konferenz","author":"Webmaster","date":"10. Januar 2016","format":false,"excerpt":"Am 9. Januar 2016 fand in der Berliner Urania die XXI. Internationale Rosa-Luxemburg-Konferenz statt. Die Veranstaltung wurde 1996 von der unabh\u00e4ngigen, marxistisch orientierten Tageszeitung junge Welt ins Leben gerufen. Auf der Konferenz, stets am Tag vor der traditionellen Liebknecht-Luxemburg-Ehrung, pr\u00e4sentieren junge Welt und Unterst\u00fctzerorganisationen mit politischen Referentinnen und Referenten aus\u2026","rel":"","context":"In &quot;Zentrale Veranstaltungen&quot;","block_context":{"text":"Zentrale Veranstaltungen","link":"https:\/\/www.freidenker.org\/?cat=20"},"img":{"alt_text":"","src":"https:\/\/i0.wp.com\/www.freidenker.org\/fw17\/wp-content\/uploads\/2016\/05\/Luxemburg.jpg?fit=800%2C445&ssl=1&resize=350%2C200","width":350,"height":200,"srcset":"https:\/\/i0.wp.com\/www.freidenker.org\/fw17\/wp-content\/uploads\/2016\/05\/Luxemburg.jpg?fit=800%2C445&ssl=1&resize=350%2C200 1x, https:\/\/i0.wp.com\/www.freidenker.org\/fw17\/wp-content\/uploads\/2016\/05\/Luxemburg.jpg?fit=800%2C445&ssl=1&resize=525%2C300 1.5x, https:\/\/i0.wp.com\/www.freidenker.org\/fw17\/wp-content\/uploads\/2016\/05\/Luxemburg.jpg?fit=800%2C445&ssl=1&resize=700%2C400 2x"},"classes":[]},{"id":3858,"url":"https:\/\/www.freidenker.org\/?p=3858","url_meta":{"origin":5711,"position":2},"title":"XXIII. Internationale Rosa-Luxemburg-Konferenz","author":"Webredaktion","date":"1. Januar 2018","format":false,"excerpt":"Kommt am 13. Januar 2018 zur XXIII. Internationalen Rosa-Luxemburg-Konferenz. Weitere Informationen zur Veranstaltung erhaltet Ihr auf der Webseite der Konferenz http:\/\/www.rosa-luxemburg-konferenz.de.","rel":"","context":"In &quot;Zentrale Veranstaltungen&quot;","block_context":{"text":"Zentrale Veranstaltungen","link":"https:\/\/www.freidenker.org\/?cat=20"},"img":{"alt_text":"","src":"https:\/\/i0.wp.com\/www.freidenker.org\/fw17\/wp-content\/uploads\/2018\/01\/102210.jpg_800x445.png?fit=800%2C445&ssl=1&resize=350%2C200","width":350,"height":200,"srcset":"https:\/\/i0.wp.com\/www.freidenker.org\/fw17\/wp-content\/uploads\/2018\/01\/102210.jpg_800x445.png?fit=800%2C445&ssl=1&resize=350%2C200 1x, https:\/\/i0.wp.com\/www.freidenker.org\/fw17\/wp-content\/uploads\/2018\/01\/102210.jpg_800x445.png?fit=800%2C445&ssl=1&resize=525%2C300 1.5x, https:\/\/i0.wp.com\/www.freidenker.org\/fw17\/wp-content\/uploads\/2018\/01\/102210.jpg_800x445.png?fit=800%2C445&ssl=1&resize=700%2C400 2x"},"classes":[]},{"id":3143,"url":"https:\/\/www.freidenker.org\/?p=3143","url_meta":{"origin":5711,"position":3},"title":"Rosa Luxemburg-Konferenz 2017","author":"Webredaktion","date":"15. Januar 2017","format":false,"excerpt":"Am 14. Januar 2017 fand im Berliner Konferenzhotel Mercure MOA die XXII. Internationale Rosa-Luxemburg-Konferenz statt. Die Veranstaltung wurde 1996 von der unabh\u00e4ngigen, marxistisch orientierten Tageszeitung junge Welt ins Leben gerufen. Auf der Konferenz, stets am Tag vor der traditionellen Liebknecht-Luxemburg-Ehrung, pr\u00e4sentieren junge Welt und Unterst\u00fctzerorganisationen mit politischen Referentinnen und Referenten\u2026","rel":"","context":"In &quot;Zentrale Veranstaltungen&quot;","block_context":{"text":"Zentrale Veranstaltungen","link":"https:\/\/www.freidenker.org\/?cat=20"},"img":{"alt_text":"","src":"https:\/\/i0.wp.com\/www.freidenker.org\/fw17\/wp-content\/uploads\/2017\/01\/2017-01-14-pa-1023_800x445.jpg?fit=800%2C445&ssl=1&resize=350%2C200","width":350,"height":200,"srcset":"https:\/\/i0.wp.com\/www.freidenker.org\/fw17\/wp-content\/uploads\/2017\/01\/2017-01-14-pa-1023_800x445.jpg?fit=800%2C445&ssl=1&resize=350%2C200 1x, https:\/\/i0.wp.com\/www.freidenker.org\/fw17\/wp-content\/uploads\/2017\/01\/2017-01-14-pa-1023_800x445.jpg?fit=800%2C445&ssl=1&resize=525%2C300 1.5x, https:\/\/i0.wp.com\/www.freidenker.org\/fw17\/wp-content\/uploads\/2017\/01\/2017-01-14-pa-1023_800x445.jpg?fit=800%2C445&ssl=1&resize=700%2C400 2x"},"classes":[]},{"id":20722,"url":"https:\/\/www.freidenker.org\/?p=20722","url_meta":{"origin":5711,"position":4},"title":"Galerie: Liebknecht-Luxemburg-Wochenende 2025","author":"Webredaktion","date":"17. Januar 2025","format":false,"excerpt":"Beitrag der Webredaktion Allj\u00e4hrlich am zweiten Januar-Wochenende finden traditionsgem\u00e4\u00df die Rosa-Luxemburg-Konferenz und die Liebknecht-Luxemburg-Demonstration in Berlin statt. Da sich zu diesem Anlass viele Mitglieder des Deutschen Freidenker-Verbandes ohnehin in Berlin aufhalten, nutzen wir die Gelegenheit zu weiteren Veranstaltungen in der Hauptstadt: Sitzung des Gesch\u00e4ftsf\u00fchrenden Verbandsvorstandes und Treffen des Beirates des\u2026","rel":"","context":"In &quot;Frieden - Antifaschismus - Solidarit\u00e4t&quot;","block_context":{"text":"Frieden - Antifaschismus - Solidarit\u00e4t","link":"https:\/\/www.freidenker.org\/?cat=13"},"img":{"alt_text":"","src":"https:\/\/i0.wp.com\/www.freidenker.org\/fw17\/wp-content\/uploads\/2025\/01\/RLK_LLD_2025_800x450.jpg?fit=800%2C450&ssl=1&resize=350%2C200","width":350,"height":200,"srcset":"https:\/\/i0.wp.com\/www.freidenker.org\/fw17\/wp-content\/uploads\/2025\/01\/RLK_LLD_2025_800x450.jpg?fit=800%2C450&ssl=1&resize=350%2C200 1x, https:\/\/i0.wp.com\/www.freidenker.org\/fw17\/wp-content\/uploads\/2025\/01\/RLK_LLD_2025_800x450.jpg?fit=800%2C450&ssl=1&resize=525%2C300 1.5x, https:\/\/i0.wp.com\/www.freidenker.org\/fw17\/wp-content\/uploads\/2025\/01\/RLK_LLD_2025_800x450.jpg?fit=800%2C450&ssl=1&resize=700%2C400 2x"},"classes":[]},{"id":3193,"url":"https:\/\/www.freidenker.org\/?p=3193","url_meta":{"origin":5711,"position":5},"title":"Rosa Luxemburg Konferenz 2010","author":"Webredaktion","date":"8. Januar 2010","format":false,"excerpt":"Veranstaltungshinweis: XV. Rosa-Luxemburg-Konferenz 2010 am 09.01.2010 in Berlin Die Rosa-Luxemburg-Konferenz ist jedes Jahr ein belietes Meeting von bis zu 2000 Menschen unterschiedlicher Herkunft und jeden Alters. Schwerpunkte dieser Veranstaltung sind Vortr\u00e4ge und Diskussionen linker Bewegungen und Parteien \u00fcber \u00fcber linke Theorie und Politik, Gesellschaft, Historie und Gegenwart. Im Angebot stehen\u2026","rel":"","context":"In &quot;Zentrale Veranstaltungen&quot;","block_context":{"text":"Zentrale Veranstaltungen","link":"https:\/\/www.freidenker.org\/?cat=20"},"img":{"alt_text":"","src":"https:\/\/i0.wp.com\/www.freidenker.org\/fw17\/wp-content\/uploads\/2010\/01\/2010-01-09-dw-3573_800x445.jpg?fit=800%2C445&ssl=1&resize=350%2C200","width":350,"height":200,"srcset":"https:\/\/i0.wp.com\/www.freidenker.org\/fw17\/wp-content\/uploads\/2010\/01\/2010-01-09-dw-3573_800x445.jpg?fit=800%2C445&ssl=1&resize=350%2C200 1x, https:\/\/i0.wp.com\/www.freidenker.org\/fw17\/wp-content\/uploads\/2010\/01\/2010-01-09-dw-3573_800x445.jpg?fit=800%2C445&ssl=1&resize=525%2C300 1.5x, https:\/\/i0.wp.com\/www.freidenker.org\/fw17\/wp-content\/uploads\/2010\/01\/2010-01-09-dw-3573_800x445.jpg?fit=800%2C445&ssl=1&resize=700%2C400 2x"},"classes":[]}],"_links":{"self":[{"href":"https:\/\/www.freidenker.org\/index.php?rest_route=\/wp\/v2\/posts\/5711","targetHints":{"allow":["GET"]}}],"collection":[{"href":"https:\/\/www.freidenker.org\/index.php?rest_route=\/wp\/v2\/posts"}],"about":[{"href":"https:\/\/www.freidenker.org\/index.php?rest_route=\/wp\/v2\/types\/post"}],"author":[{"embeddable":true,"href":"https:\/\/www.freidenker.org\/index.php?rest_route=\/wp\/v2\/users\/3"}],"replies":[{"embeddable":true,"href":"https:\/\/www.freidenker.org\/index.php?rest_route=%2Fwp%2Fv2%2Fcomments&post=5711"}],"version-history":[{"count":0,"href":"https:\/\/www.freidenker.org\/index.php?rest_route=\/wp\/v2\/posts\/5711\/revisions"}],"wp:featuredmedia":[{"embeddable":true,"href":"https:\/\/www.freidenker.org\/index.php?rest_route=\/wp\/v2\/media\/5740"}],"wp:attachment":[{"href":"https:\/\/www.freidenker.org\/index.php?rest_route=%2Fwp%2Fv2%2Fmedia&parent=5711"}],"wp:term":[{"taxonomy":"category","embeddable":true,"href":"https:\/\/www.freidenker.org\/index.php?rest_route=%2Fwp%2Fv2%2Fcategories&post=5711"},{"taxonomy":"post_tag","embeddable":true,"href":"https:\/\/www.freidenker.org\/index.php?rest_route=%2Fwp%2Fv2%2Ftags&post=5711"}],"curies":[{"name":"wp","href":"https:\/\/api.w.org\/{rel}","templated":true}]}}