{"id":568,"date":"2014-01-09T16:03:25","date_gmt":"2014-01-09T15:03:25","guid":{"rendered":"http:\/\/www.freidenker.org\/fw17\/?p=568"},"modified":"2018-02-18T15:34:31","modified_gmt":"2018-02-18T14:34:31","slug":"18-1-2014-ehrung-fuer-max-sievers","status":"publish","type":"post","link":"https:\/\/www.freidenker.org\/?p=568","title":{"rendered":"18.1.2014 &#8211; Ehrung f\u00fcr Max Sievers"},"content":{"rendered":"<p>Die Vorst\u00e4nde des Deutschen Freidenker-Verbandes e.V. und der Landesverb\u00e4nde Berlin und Brandenburg laden ein zum Gedenken an den langj\u00e4hrigen Vorsitzenden des Deutschen Freidenker-Verbandes<\/p>\n<figure id=\"attachment_569\" aria-describedby=\"caption-attachment-569\" style=\"width: 380px\" class=\"wp-caption alignleft\"><img data-recalc-dims=\"1\" loading=\"lazy\" decoding=\"async\" data-attachment-id=\"569\" data-permalink=\"https:\/\/www.freidenker.org\/?attachment_id=569\" data-orig-file=\"https:\/\/i0.wp.com\/www.freidenker.org\/fw17\/wp-content\/uploads\/2016\/08\/ehrung-sievers-jarndt-2014.png?fit=380%2C550&amp;ssl=1\" data-orig-size=\"380,550\" data-comments-opened=\"0\" data-image-meta=\"{&quot;aperture&quot;:&quot;0&quot;,&quot;credit&quot;:&quot;&quot;,&quot;camera&quot;:&quot;&quot;,&quot;caption&quot;:&quot;&quot;,&quot;created_timestamp&quot;:&quot;0&quot;,&quot;copyright&quot;:&quot;&quot;,&quot;focal_length&quot;:&quot;0&quot;,&quot;iso&quot;:&quot;0&quot;,&quot;shutter_speed&quot;:&quot;0&quot;,&quot;title&quot;:&quot;&quot;,&quot;orientation&quot;:&quot;0&quot;}\" data-image-title=\"ehrung sievers jarndt 2014\" data-image-description=\"&lt;p&gt;Ehrung Sievers&lt;\/p&gt;\n\" data-image-caption=\"&lt;p&gt;Ehrung Sievers&lt;\/p&gt;\n\" data-large-file=\"https:\/\/i0.wp.com\/www.freidenker.org\/fw17\/wp-content\/uploads\/2016\/08\/ehrung-sievers-jarndt-2014.png?fit=380%2C550&amp;ssl=1\" class=\"size-full wp-image-569\" src=\"https:\/\/i0.wp.com\/www.freidenker.org\/fw17\/wp-content\/uploads\/2016\/08\/ehrung-sievers-jarndt-2014.png?resize=380%2C550&#038;ssl=1\" alt=\"Ehrung Sievers\" width=\"380\" height=\"550\" srcset=\"https:\/\/i0.wp.com\/www.freidenker.org\/fw17\/wp-content\/uploads\/2016\/08\/ehrung-sievers-jarndt-2014.png?w=380&amp;ssl=1 380w, https:\/\/i0.wp.com\/www.freidenker.org\/fw17\/wp-content\/uploads\/2016\/08\/ehrung-sievers-jarndt-2014.png?resize=207%2C300&amp;ssl=1 207w\" sizes=\"auto, (max-width: 380px) 100vw, 380px\" \/><figcaption id=\"caption-attachment-569\" class=\"wp-caption-text\">Ehrung Sievers<\/figcaption><\/figure>\n<p><strong>Max Sievers<\/strong><\/p>\n<p>anl\u00e4sslich des 70. Jahrestages seiner Ermordung durch die deutschen Faschisten am 17. Januar 1944 im Zuchthaus Brandenburg-G\u00f6rden.<\/p>\n<p>Die Ehrung mit Kranzniederlegung, Ansprache und musikalischer Umrahmung findet am<strong> Samstag, den 18. Januar 2014<\/strong> an folgenden historischen Orten statt:<\/p>\n<p><strong>10:00 Uhr:<\/strong> Gedenkstein f\u00fcr Max Sievers auf dem Urnenfriedhof Gerichtstra\u00dfe 37-38, Berlin-Wedding<br \/>\nAnsprache von Klaus Hartmann, Vorsitzender des Deutschen Freidenker-Verbandes und musikalische Mitwirkung von Johanna Arndt<\/p>\n<p><strong>14:00 Uhr:<\/strong> Gedenkst\u00e4tte f\u00fcr die antifaschistischen Widerstandsk\u00e4mpfer am Marienberg, Brandenburg an der Havel<br \/>\nAnsprache von Ralf Lux, Vorsitzender des Brandenburgischen Freidenker-Verbandes und Kranzniederlegung<\/p>\n<p><strong>15:30 Uhr:<\/strong> ehemaliges Zuchthaus Brandenburg-G\u00f6rden (heute JVA), in den Gedenkr\u00e4umen.<br \/>\nF\u00fchrung durch die Gedenkr\u00e4ume durch Frau Janik und musikalisches Programm von Johanna Arndt<\/p>\n<p>Die Vorst\u00e4nde<\/p>\n<p>Der <em><strong>Urnenfriedhof Gerichtstra\u00dfe<\/strong><\/em> befindet sich in der N\u00e4he des S- und U-Bahnhofes Wedding. Es stehen Pl\u00e4tze im Auto zur Verf\u00fcgung, um von hier zu den beiden anderen Gedenkorten zu gelangen. Wir bitten um R\u00fcckmeldung, wer einen Platz ben\u00f6tigt an E-Mail <a href=\"mailto:dfv-berlin@freidenker.org\">dfv-berlin@freidenker.org<\/a> bzw. <a href=\"mailto:uta.eduard.mader@arcor.de\">uta.eduard.mader@arcor.de<\/a>, Tel. 03338\/702122.<\/p>\n<p>Die<em><strong> Gedenkst\u00e4tte am Marienberg in Brandenburg<\/strong><\/em> ist mit \u00f6ffentlichen Verkehrsmitteln wie folgt zu erreichen: Von Brandenburg Hbf. mit Tram 1 oder 6 bis Fontanestr. &#8211;&gt; umsteigen in Bus C Richtung Hohenst\u00fccken bis Haltestelle Zum Marienberg (alternativ Fu\u00dfweg von Fontanestr. ca. 1 km). Mit PKW Zufahrt \u00fcber Willi-S\u00e4nger-Str. Die Haupttreppe zur Gedenkst\u00e4tte ist derzeit gesperrt &#8211; wir treffen uns am Eingang zum Krematorium und Friedhof in der Willi-S\u00e4nger-Str., ca. 50 m \u00f6stlich der Einm\u00fcndung Freiherr-von-Th\u00fcngen-Str.<\/p>\n<p>Das <em><strong>Zuchthaus Brandenburg-G\u00f6rden<\/strong><\/em> erreicht man vom Marienberg aus mit Bus C Richtung Fontanestr. bis Fontanestr. &#8211;&gt; umsteigen in Tram 1 oder 12 Richtung Anton-Saefkow-Allee bis Endhaltestelle. Mit PKW Zufahrt \u00fcber Magdeburger Landstr.\/Plauer Landstr. (B1) und Josef-Max-Metzger-Str. F\u00fcr die Teilnahme an diesem Programmpunkt der Ehrung ist eine namentliche Anmeldung erforderlich, die Ralf Lux entgegennimmt: <a href=\"mailto:vorstand@brandenburger-freidenker.de\">vorstand@brandenburger-freidenker.de<\/a>, Tel. 0331\/610565. Bitte Personalausweis mitbringen!<\/p>\n<p>Weitere Informationen entnehmt bitte auch den Webseiten:<\/p>\n<ul>\n<li><a href=\"http:\/\/www.berliner-freidenker.de\" target=\"_blank\" rel=\"noopener\">http:\/\/www.berliner-freidenker.de<\/a><\/li>\n<li><a href=\"http:\/\/www.brandenburger-freidenker.de\" target=\"_blank\" rel=\"noopener\">http:\/\/www.brandenburger-freidenker.de<\/a><\/li>\n<\/ul>\n<hr \/>\n<p>Bild: https:\/\/pixabay.com\/de\/users\/Catkin-127770\/<\/p>\n","protected":false},"excerpt":{"rendered":"<p>Die Vorst\u00e4nde des Deutschen Freidenker-Verbandes e.V. und der Landesverb\u00e4nde Berlin und Brandenburg laden ein zum Gedenken an den langj\u00e4hrigen Vorsitzenden des Deutschen Freidenker-Verbandes Max Sievers anl\u00e4sslich des 70. Jahrestages seiner Ermordung durch die deutschen Faschisten am 17. Januar 1944 im Zuchthaus Brandenburg-G\u00f6rden.<br \/>\nDie Ehrungen mit Kranzniederlegung, Ansprache und musikalischer Umrahmung finden am Samstag, den 18. Januar 2014 in Berlin und Brandenburg an der Havel statt.<\/p>\n","protected":false},"author":2,"featured_media":571,"comment_status":"closed","ping_status":"closed","sticky":false,"template":"","format":"standard","meta":{"colormag_page_container_layout":"default_layout","colormag_page_sidebar_layout":"default_layout","advanced_seo_description":"","jetpack_seo_html_title":"","jetpack_seo_noindex":false,"jetpack_post_was_ever_published":false,"footnotes":""},"categories":[20],"tags":[925,923],"class_list":["post-568","post","type-post","status-publish","format-standard","has-post-thumbnail","hentry","category-zentrale-veranstaltungen","tag-kundgebung","tag-max-sievers"],"jetpack_featured_media_url":"https:\/\/i0.wp.com\/www.freidenker.org\/fw17\/wp-content\/uploads\/2016\/08\/Sievers.jpg?fit=800%2C445&ssl=1","jetpack_shortlink":"https:\/\/wp.me\/p9stpK-9a","jetpack-related-posts":[{"id":17936,"url":"https:\/\/www.freidenker.org\/?p=17936","url_meta":{"origin":568,"position":0},"title":"Galerie: Max-Sievers-Ehrung","author":"Webredaktion","date":"22. Januar 2024","format":false,"excerpt":"Bericht der Webredaktion Vor 80 Jahren haben die deutschen Faschisten den Vorsitzenden des Deutschen Freidenker-Verbandes im Zuchthaus Brandenburg-G\u00f6rden mit dem Fallbeil ermordet. Aus diesem Anlass trafen sich Freidenker aus Berlin, Brandenburg und Hessen zu einem ehrenden Gedenken am 17. Januar 2024 auf dem Urnenfriedhof Wedding in Berlin, wo sich das\u2026","rel":"","context":"In &quot;Geschichte&quot;","block_context":{"text":"Geschichte","link":"https:\/\/www.freidenker.org\/?cat=1162"},"img":{"alt_text":"","src":"https:\/\/i0.wp.com\/www.freidenker.org\/fw17\/wp-content\/uploads\/2024\/01\/Sievers-Ehrung_2024_154236_800x450.jpg?fit=800%2C450&ssl=1&resize=350%2C200","width":350,"height":200,"srcset":"https:\/\/i0.wp.com\/www.freidenker.org\/fw17\/wp-content\/uploads\/2024\/01\/Sievers-Ehrung_2024_154236_800x450.jpg?fit=800%2C450&ssl=1&resize=350%2C200 1x, https:\/\/i0.wp.com\/www.freidenker.org\/fw17\/wp-content\/uploads\/2024\/01\/Sievers-Ehrung_2024_154236_800x450.jpg?fit=800%2C450&ssl=1&resize=525%2C300 1.5x, https:\/\/i0.wp.com\/www.freidenker.org\/fw17\/wp-content\/uploads\/2024\/01\/Sievers-Ehrung_2024_154236_800x450.jpg?fit=800%2C450&ssl=1&resize=700%2C400 2x"},"classes":[]},{"id":17839,"url":"https:\/\/www.freidenker.org\/?p=17839","url_meta":{"origin":568,"position":1},"title":"Ehrendes Gedenken zum 80. Jahrestag der Ermordung von Max Sievers","author":"Webredaktion","date":"12. Januar 2024","format":false,"excerpt":"Max Sievers 11. Juli 1887 - 17. Januar 1944 Vor 80 Jahren haben die deutschen Faschisten den Vorsitzenden des Deutschen Freidenker-Verbandes im Zuchthaus Brandenburg-G\u00f6rden mit dem Fallbeil ermordet. Ehrendes Gedenken Mittwoch, 17. Januar 2024, 15 Uhr Urnenfriedhof Wedding","rel":"","context":"In &quot;Geschichte&quot;","block_context":{"text":"Geschichte","link":"https:\/\/www.freidenker.org\/?cat=1162"},"img":{"alt_text":"","src":"https:\/\/i0.wp.com\/www.freidenker.org\/fw17\/wp-content\/uploads\/2024\/01\/Sievers_80.Jahrestag_800x450.jpg?fit=800%2C450&ssl=1&resize=350%2C200","width":350,"height":200,"srcset":"https:\/\/i0.wp.com\/www.freidenker.org\/fw17\/wp-content\/uploads\/2024\/01\/Sievers_80.Jahrestag_800x450.jpg?fit=800%2C450&ssl=1&resize=350%2C200 1x, https:\/\/i0.wp.com\/www.freidenker.org\/fw17\/wp-content\/uploads\/2024\/01\/Sievers_80.Jahrestag_800x450.jpg?fit=800%2C450&ssl=1&resize=525%2C300 1.5x, https:\/\/i0.wp.com\/www.freidenker.org\/fw17\/wp-content\/uploads\/2024\/01\/Sievers_80.Jahrestag_800x450.jpg?fit=800%2C450&ssl=1&resize=700%2C400 2x"},"classes":[]},{"id":5768,"url":"https:\/\/www.freidenker.org\/?p=5768","url_meta":{"origin":568,"position":2},"title":"Ehrendes Gedenken zum 75. Jahrestag der Ermordung von Max Sievers","author":"Webredaktion","date":"14. Januar 2019","format":false,"excerpt":"Vor 75 Jahren haben die deutschen Faschisten den Vorsitzenden des Deutschen Freidenker-Verbandes im Zuchthaus Brandenburg-G\u00f6rden mit dem Fallbeil ermordet. Ehrendes Gedenken - Donnerstag, 17. Januar 2019, 15 Uhr - Urnenfriedhof Berlin-Wedding, Gerichtstra\u00dfe 37\/38","rel":"","context":"In &quot;Geschichte&quot;","block_context":{"text":"Geschichte","link":"https:\/\/www.freidenker.org\/?cat=1162"},"img":{"alt_text":"","src":"https:\/\/i0.wp.com\/www.freidenker.org\/fw17\/wp-content\/uploads\/2019\/01\/1280px-Grabmal_Sievers_Urnenfriedhof_Gerichtstra%C3%9Fe_800x445.jpg?fit=800%2C445&ssl=1&resize=350%2C200","width":350,"height":200,"srcset":"https:\/\/i0.wp.com\/www.freidenker.org\/fw17\/wp-content\/uploads\/2019\/01\/1280px-Grabmal_Sievers_Urnenfriedhof_Gerichtstra%C3%9Fe_800x445.jpg?fit=800%2C445&ssl=1&resize=350%2C200 1x, https:\/\/i0.wp.com\/www.freidenker.org\/fw17\/wp-content\/uploads\/2019\/01\/1280px-Grabmal_Sievers_Urnenfriedhof_Gerichtstra%C3%9Fe_800x445.jpg?fit=800%2C445&ssl=1&resize=525%2C300 1.5x, https:\/\/i0.wp.com\/www.freidenker.org\/fw17\/wp-content\/uploads\/2019\/01\/1280px-Grabmal_Sievers_Urnenfriedhof_Gerichtstra%C3%9Fe_800x445.jpg?fit=800%2C445&ssl=1&resize=700%2C400 2x"},"classes":[]},{"id":4303,"url":"https:\/\/www.freidenker.org\/?p=4303","url_meta":{"origin":568,"position":3},"title":"Max Sievers &#8211; K\u00e4mpfer f\u00fcr die Freiheit des Geistes","author":"Webredaktion","date":"20. Januar 2014","format":false,"excerpt":"Rede von Ralf Lux anl\u00e4sslich des 70. Jahrestages der Ermordung von Max Sievers Max Sievers war ein unerschrockener K\u00e4mpfer f\u00fcr die Emanzipation der Massen von den Dogmen der Kirche und von einer Kulturreaktion, die bestrebt war, den Fortschritt im gesellschaftlichen und freiheitlichen Wollen zu hemmen. Sein Wirken galt der sozialen\u2026","rel":"","context":"In &quot;Frieden - Antifaschismus - Solidarit\u00e4t&quot;","block_context":{"text":"Frieden - Antifaschismus - Solidarit\u00e4t","link":"https:\/\/www.freidenker.org\/?cat=13"},"img":{"alt_text":"","src":"https:\/\/i0.wp.com\/www.freidenker.org\/fw17\/wp-content\/uploads\/2018\/01\/Sievers_flamme_800x445.jpg?fit=800%2C445&ssl=1&resize=350%2C200","width":350,"height":200,"srcset":"https:\/\/i0.wp.com\/www.freidenker.org\/fw17\/wp-content\/uploads\/2018\/01\/Sievers_flamme_800x445.jpg?fit=800%2C445&ssl=1&resize=350%2C200 1x, https:\/\/i0.wp.com\/www.freidenker.org\/fw17\/wp-content\/uploads\/2018\/01\/Sievers_flamme_800x445.jpg?fit=800%2C445&ssl=1&resize=525%2C300 1.5x, https:\/\/i0.wp.com\/www.freidenker.org\/fw17\/wp-content\/uploads\/2018\/01\/Sievers_flamme_800x445.jpg?fit=800%2C445&ssl=1&resize=700%2C400 2x"},"classes":[]},{"id":7399,"url":"https:\/\/www.freidenker.org\/?p=7399","url_meta":{"origin":568,"position":4},"title":"In Memoriam Gernot Bandur (1934 \u2013 2019)","author":"Webredaktion","date":"9. Januar 2020","format":false,"excerpt":"Der am 15. Juni 1934 geborene Gernot Bandur wurde zun\u00e4chst Lehrer, sp\u00e4ter Diplom-Historiker und wissenschaftlicher Bibliothekar und hat wohl Zeit seines Lebens \u00fcber die Bestrebungen linker Politiker gegen den Einfluss der Kirchen im Staat gearbeitet und geforscht. Den Kampf gegen das bis 1911 geltende Verbot der Feuerbestattung, das urspr\u00fcngliche Kernziel\u2026","rel":"","context":"In &quot;Weltliche Trauerkultur&quot;","block_context":{"text":"Weltliche Trauerkultur","link":"https:\/\/www.freidenker.org\/?cat=17"},"img":{"alt_text":"","src":"https:\/\/i0.wp.com\/www.freidenker.org\/fw17\/wp-content\/uploads\/2020\/01\/bandur_mem_800x445_v2.jpg?fit=800%2C445&ssl=1&resize=350%2C200","width":350,"height":200,"srcset":"https:\/\/i0.wp.com\/www.freidenker.org\/fw17\/wp-content\/uploads\/2020\/01\/bandur_mem_800x445_v2.jpg?fit=800%2C445&ssl=1&resize=350%2C200 1x, https:\/\/i0.wp.com\/www.freidenker.org\/fw17\/wp-content\/uploads\/2020\/01\/bandur_mem_800x445_v2.jpg?fit=800%2C445&ssl=1&resize=525%2C300 1.5x, https:\/\/i0.wp.com\/www.freidenker.org\/fw17\/wp-content\/uploads\/2020\/01\/bandur_mem_800x445_v2.jpg?fit=800%2C445&ssl=1&resize=700%2C400 2x"},"classes":[]},{"id":5807,"url":"https:\/\/www.freidenker.org\/?p=5807","url_meta":{"origin":568,"position":5},"title":"Gedenkfeier: 75. Jahrestag der Ermordung von Max Sievers","author":"Webredaktion","date":"30. Januar 2019","format":false,"excerpt":"Am 17.01.2019 trafen sich Mitglieder und Freunde des Freidenkerverbandes auf dem auf dem Urnenfriedhof Berlin-Wedding, um des vor 75 Jahren ermordeten Vorsitzenden des Deutschen Freidenker-Verbandes zu gedenken. Klaus Hartmann, Bundesvorsitzender des Verbandes, wies darauf hin, dass Verfolgung und antifaschistischer Widerstand der Freidenker die Identit\u00e4t des Verbandes bis heute und dauerhaft\u2026","rel":"","context":"In &quot;Geschichte&quot;","block_context":{"text":"Geschichte","link":"https:\/\/www.freidenker.org\/?cat=1162"},"img":{"alt_text":"","src":"https:\/\/i0.wp.com\/www.freidenker.org\/fw17\/wp-content\/uploads\/2019\/01\/Ehrung_Sievers_2019_Gebinde.jpg?fit=800%2C450&ssl=1&resize=350%2C200","width":350,"height":200,"srcset":"https:\/\/i0.wp.com\/www.freidenker.org\/fw17\/wp-content\/uploads\/2019\/01\/Ehrung_Sievers_2019_Gebinde.jpg?fit=800%2C450&ssl=1&resize=350%2C200 1x, https:\/\/i0.wp.com\/www.freidenker.org\/fw17\/wp-content\/uploads\/2019\/01\/Ehrung_Sievers_2019_Gebinde.jpg?fit=800%2C450&ssl=1&resize=525%2C300 1.5x, https:\/\/i0.wp.com\/www.freidenker.org\/fw17\/wp-content\/uploads\/2019\/01\/Ehrung_Sievers_2019_Gebinde.jpg?fit=800%2C450&ssl=1&resize=700%2C400 2x"},"classes":[]}],"_links":{"self":[{"href":"https:\/\/www.freidenker.org\/index.php?rest_route=\/wp\/v2\/posts\/568","targetHints":{"allow":["GET"]}}],"collection":[{"href":"https:\/\/www.freidenker.org\/index.php?rest_route=\/wp\/v2\/posts"}],"about":[{"href":"https:\/\/www.freidenker.org\/index.php?rest_route=\/wp\/v2\/types\/post"}],"author":[{"embeddable":true,"href":"https:\/\/www.freidenker.org\/index.php?rest_route=\/wp\/v2\/users\/2"}],"replies":[{"embeddable":true,"href":"https:\/\/www.freidenker.org\/index.php?rest_route=%2Fwp%2Fv2%2Fcomments&post=568"}],"version-history":[{"count":0,"href":"https:\/\/www.freidenker.org\/index.php?rest_route=\/wp\/v2\/posts\/568\/revisions"}],"wp:featuredmedia":[{"embeddable":true,"href":"https:\/\/www.freidenker.org\/index.php?rest_route=\/wp\/v2\/media\/571"}],"wp:attachment":[{"href":"https:\/\/www.freidenker.org\/index.php?rest_route=%2Fwp%2Fv2%2Fmedia&parent=568"}],"wp:term":[{"taxonomy":"category","embeddable":true,"href":"https:\/\/www.freidenker.org\/index.php?rest_route=%2Fwp%2Fv2%2Fcategories&post=568"},{"taxonomy":"post_tag","embeddable":true,"href":"https:\/\/www.freidenker.org\/index.php?rest_route=%2Fwp%2Fv2%2Ftags&post=568"}],"curies":[{"name":"wp","href":"https:\/\/api.w.org\/{rel}","templated":true}]}}