{"id":5666,"date":"2018-12-23T23:39:51","date_gmt":"2018-12-23T22:39:51","guid":{"rendered":"https:\/\/www.freidenker.org\/?p=5666"},"modified":"2019-02-14T23:48:10","modified_gmt":"2019-02-14T22:48:10","slug":"solidarite-solidaritaet-mit-den-gelbwesten","status":"publish","type":"post","link":"https:\/\/www.freidenker.org\/?p=5666","title":{"rendered":"Solidarit\u00e9!  Solidarit\u00e4t mit den Gelbwesten!"},"content":{"rendered":"<div>\n<div>\n<div>\n<div>\n<p><strong>&#8211; Solidarit\u00e4tskundgebung<\/strong> am <strong>29. Dezember 2018<\/strong> um <strong>13.00 Uhr<\/strong> am <strong>Brandenburger Tor<\/strong> in <strong>Berlin &#8211;<br \/>\n<\/strong><\/p>\n<h4><strong>Aufruf<\/strong><\/h4>\n<div>\n<h5 class=\"EinfacherAbsatz\"><span style=\"font-family: georgia,palatino,serif;\"><b><i><span style=\"line-height: 120%;\">Solidarit\u00e9!<br \/>\nSolidarit\u00e4t mit den Gelbwesten!<\/span><\/i><\/b><\/span><\/h5>\n<p class=\"EinfacherAbsatz\"><span style=\"line-height: 120%;\"><span style=\"letter-spacing: -0.1pt;\">In Erw\u00e4gung, dass der Protest der Gelbwesten \u2013 der \u201eGilets jaunes\u201c \u2013 sich gegen die Superreichen und Kriegstreiber in Frankreich richtet.<\/span><\/span><\/p>\n<p class=\"EinfacherAbsatz\"><span style=\"line-height: 120%;\"><span style=\"letter-spacing: -0.1pt;\">In Erw\u00e4gung, dass dieser Widerstand sich gleichzeitig gegen die EU richtet \u2013 gegen das Europa der Superreichen und Kriegstreiber.<\/span><\/span><\/p>\n<p class=\"EinfacherAbsatz\"><span style=\"line-height: 120%;\"><span style=\"letter-spacing: -0.1pt;\">In Erw\u00e4gung, dass die Gelbwesten somit auch gegen die Superreichen und Kriegstreiber in unserem Land und ihre Bundeskanzlerin Merkel k\u00e4mpfen.<\/span><\/span><\/p>\n<p class=\"EinfacherAbsatz\"><span style=\"line-height: 120%;\"><span style=\"letter-spacing: -0.1pt;\">Und in Erw\u00e4gung, dass dieser Widerstand des franz\u00f6sischen Volkes Verleumdungen, Bestechung und Polizeigewalt widersteht \u2013 sagen wir: <\/span><\/span><\/p>\n<p class=\"EinfacherAbsatz\" style=\"text-align: center;\"><span style=\"line-height: 120%;\"><span style=\"letter-spacing: -0.1pt;\"><strong>Solidarit\u00e4t mit den Gelbwesten ist das Gebot der Stunde!<br \/>\nDer Kampf der Gelbwesten ist auch unser Kampf!<\/strong><\/span><\/span><\/p>\n<p class=\"EinfacherAbsatz\"><span style=\"line-height: 120%;\"><span style=\"letter-spacing: -0.1pt;\">Deswegen rufen wir zur <strong>Solidarit\u00e4tskundgebung<\/strong> am <strong>29. Dezember 2018<\/strong> um <strong>13.00 Uhr<\/strong> am <strong>Brandenburger Tor<\/strong> in <strong>Berlin<\/strong> auf.<\/span><\/span><\/p>\n<p class=\"EinfacherAbsatz\"><b><i><span style=\"line-height: 120%;\">La Libert\u00e9 guidant le peuple \u2013 die Freiheit f\u00fchrt das Volk! <\/span><\/i><\/b><\/p>\n<p class=\"EinfacherAbsatz\"><b><span style=\"line-height: 120%;\">Unterzeichnerinnen und Unterzeichner:<\/span><\/b><span style=\"line-height: 120%;\"><i>Hans Bauer (Vorsitzender GRH e.V., Vizepr\u00e4sident des OKV e.V.) \u2022 Heinrich B\u00fccker (Coop Antikriegscaf\u00e9 Berlin) \u2022 Uli Gellermann (Rationalgalerie) \u2022 M\u00e4nne Gr\u00fc\u00df (Parteivorstand DKP) \u2022 Hartmut Heck (Freischaffender K\u00fcnstler) \u2022 Liane Kilinc (Friedensbr\u00fccke-Kriegsopferhilfe e.V.) \u2022 Bernd Lachmann (Stellv. Vorsitzender Kreisvorstand DIE LINKE. Potsdam-Mittelmark) \u2022 Prof. Dr. Anton Latzo (DKP Brandenburg) \u2022 Klaus Linder (Vorsitzender Landesverband Berlin im Deutschen Freidenker-Verband) \u2022 Ralf Lux (Vorsitzender Brandenburgischer Freidenker-Verband) \u2022 Barbara Majd Amin (Sprecherin DKP Berlin) \u2022 Motocicleta Sputnik Berlin \u2022 Maik M\u00fcller (KPD) \u2022 Doris Pumphrey \u2022 George Pumphrey \u2022 Dr. Marianna Schauzu (Marx Engels Zentrum Berlin) \u2022 Andreas Schl\u00fcter (Diplom-Soziologe) \u2022 Andreas Wehr (Marx Engels Zentrum Berlin) \u2022 Laura von Wimmersperg \u2022 Dr. Dittmar Zengerling <span style=\"letter-spacing: -0.1pt;\">(Mitglied Aufstehen Brandenburg, Stellv. Sprecher Friedenskoordination Potsdam, Stellv. Vorsitzender DIE LINKE. OV Potsdam-S\u00fcd) \u2022<\/span> Elke Zwinge (Mitglied in GEW AG Frieden)<\/i><\/span><\/p>\n<\/div>\n<p><img data-recalc-dims=\"1\" loading=\"lazy\" decoding=\"async\" data-attachment-id=\"5677\" data-permalink=\"https:\/\/www.freidenker.org\/?attachment_id=5677\" data-orig-file=\"https:\/\/i0.wp.com\/www.freidenker.org\/fw17\/wp-content\/uploads\/2018\/12\/Visual-Gelbwesten-Kundgebung-2018-fb_800x554.jpg?fit=800%2C554&amp;ssl=1\" data-orig-size=\"800,554\" data-comments-opened=\"0\" data-image-meta=\"{&quot;aperture&quot;:&quot;0&quot;,&quot;credit&quot;:&quot;&quot;,&quot;camera&quot;:&quot;&quot;,&quot;caption&quot;:&quot;&quot;,&quot;created_timestamp&quot;:&quot;0&quot;,&quot;copyright&quot;:&quot;&quot;,&quot;focal_length&quot;:&quot;0&quot;,&quot;iso&quot;:&quot;0&quot;,&quot;shutter_speed&quot;:&quot;0&quot;,&quot;title&quot;:&quot;&quot;,&quot;orientation&quot;:&quot;1&quot;}\" data-image-title=\"Visual-Gelbwesten-Kundgebung-2018-fb_800x554\" data-image-description=\"\" data-image-caption=\"\" data-large-file=\"https:\/\/i0.wp.com\/www.freidenker.org\/fw17\/wp-content\/uploads\/2018\/12\/Visual-Gelbwesten-Kundgebung-2018-fb_800x554.jpg?fit=800%2C554&amp;ssl=1\" class=\"alignnone wp-image-5677 size-full\" src=\"https:\/\/i0.wp.com\/www.freidenker.org\/fw17\/wp-content\/uploads\/2018\/12\/Visual-Gelbwesten-Kundgebung-2018-fb_800x554.jpg?resize=800%2C554&#038;ssl=1\" alt=\"\" width=\"800\" height=\"554\" srcset=\"https:\/\/i0.wp.com\/www.freidenker.org\/fw17\/wp-content\/uploads\/2018\/12\/Visual-Gelbwesten-Kundgebung-2018-fb_800x554.jpg?w=800&amp;ssl=1 800w, https:\/\/i0.wp.com\/www.freidenker.org\/fw17\/wp-content\/uploads\/2018\/12\/Visual-Gelbwesten-Kundgebung-2018-fb_800x554.jpg?resize=300%2C208&amp;ssl=1 300w, https:\/\/i0.wp.com\/www.freidenker.org\/fw17\/wp-content\/uploads\/2018\/12\/Visual-Gelbwesten-Kundgebung-2018-fb_800x554.jpg?resize=768%2C532&amp;ssl=1 768w, https:\/\/i0.wp.com\/www.freidenker.org\/fw17\/wp-content\/uploads\/2018\/12\/Visual-Gelbwesten-Kundgebung-2018-fb_800x554.jpg?resize=392%2C272&amp;ssl=1 392w, https:\/\/i0.wp.com\/www.freidenker.org\/fw17\/wp-content\/uploads\/2018\/12\/Visual-Gelbwesten-Kundgebung-2018-fb_800x554.jpg?resize=130%2C90&amp;ssl=1 130w\" sizes=\"auto, (max-width: 800px) 100vw, 800px\" \/><\/p>\n<p><strong>Bitte verbreitet diesen Aufruf unter Freundinnen und Freunden in Mailverteilern und sozialen Netzwerken.<\/strong><\/p>\n<p><strong>Kommt zur Kundgebung \u2013 und vor allem: Tragt gelbe Westen!<\/strong><\/p>\n<div>\n<hr \/>\n<p><img data-recalc-dims=\"1\" loading=\"lazy\" decoding=\"async\" data-attachment-id=\"1076\" data-permalink=\"https:\/\/www.freidenker.org\/?attachment_id=1076\" data-orig-file=\"https:\/\/i0.wp.com\/www.freidenker.org\/fw17\/wp-content\/uploads\/2017\/10\/pdf_icon-2.png?fit=32%2C32&amp;ssl=1\" data-orig-size=\"32,32\" data-comments-opened=\"0\" data-image-meta=\"{&quot;aperture&quot;:&quot;0&quot;,&quot;credit&quot;:&quot;&quot;,&quot;camera&quot;:&quot;&quot;,&quot;caption&quot;:&quot;&quot;,&quot;created_timestamp&quot;:&quot;0&quot;,&quot;copyright&quot;:&quot;&quot;,&quot;focal_length&quot;:&quot;0&quot;,&quot;iso&quot;:&quot;0&quot;,&quot;shutter_speed&quot;:&quot;0&quot;,&quot;title&quot;:&quot;&quot;,&quot;orientation&quot;:&quot;0&quot;}\" data-image-title=\"pdf_icon\" data-image-description=\"\" data-image-caption=\"\" data-large-file=\"https:\/\/i0.wp.com\/www.freidenker.org\/fw17\/wp-content\/uploads\/2017\/10\/pdf_icon-2.png?fit=32%2C32&amp;ssl=1\" class=\"alignnone size-full wp-image-1076\" src=\"https:\/\/i0.wp.com\/www.freidenker.org\/fw17\/wp-content\/uploads\/2017\/10\/pdf_icon-2.png?resize=32%2C32&#038;ssl=1\" alt=\"\" width=\"32\" height=\"32\" \/>\u00a0<a href=\"https:\/\/www.freidenker.org\/fw17\/wp-content\/uploads\/2018\/12\/Gelbwesten-Kundgebung-Fly-2018.pdf\" target=\"_blank\" rel=\"noopener\">Veranstaltungsflyer (A5) im PDF-Format<\/a> ansehen oder herunterladen (ca. 637 KB)<\/p>\n<p><img data-recalc-dims=\"1\" loading=\"lazy\" decoding=\"async\" data-attachment-id=\"5672\" data-permalink=\"https:\/\/www.freidenker.org\/?attachment_id=5672\" data-orig-file=\"https:\/\/i0.wp.com\/www.freidenker.org\/fw17\/wp-content\/uploads\/2018\/12\/facebook-icon_32x32.png?fit=32%2C32&amp;ssl=1\" data-orig-size=\"32,32\" data-comments-opened=\"0\" data-image-meta=\"{&quot;aperture&quot;:&quot;0&quot;,&quot;credit&quot;:&quot;&quot;,&quot;camera&quot;:&quot;&quot;,&quot;caption&quot;:&quot;&quot;,&quot;created_timestamp&quot;:&quot;0&quot;,&quot;copyright&quot;:&quot;&quot;,&quot;focal_length&quot;:&quot;0&quot;,&quot;iso&quot;:&quot;0&quot;,&quot;shutter_speed&quot;:&quot;0&quot;,&quot;title&quot;:&quot;&quot;,&quot;orientation&quot;:&quot;0&quot;}\" data-image-title=\"facebook-icon_32x32\" data-image-description=\"\" data-image-caption=\"\" data-large-file=\"https:\/\/i0.wp.com\/www.freidenker.org\/fw17\/wp-content\/uploads\/2018\/12\/facebook-icon_32x32.png?fit=32%2C32&amp;ssl=1\" class=\"alignnone size-full wp-image-5672\" src=\"https:\/\/i0.wp.com\/www.freidenker.org\/fw17\/wp-content\/uploads\/2018\/12\/facebook-icon_32x32.png?resize=32%2C32&#038;ssl=1\" alt=\"\" width=\"32\" height=\"32\" \/> Diese <a href=\"https:\/\/www.facebook.com\/events\/317115955799712\/\" target=\"_blank\" rel=\"noopener\">Veranstaltung auf Facebook<\/a> besuchen<\/p>\n<hr \/>\n<p>Bild: Veranstaltungswerbung unter Verwendung des Gem\u00e4ldes\u00a0 &#8222;Die Freiheit f\u00fchrt das Volk&#8220; von Eug\u00e8ne Delacroix (1830)<\/p>\n<\/div>\n<\/div>\n<\/div>\n<\/div>\n<\/div>\n","protected":false},"excerpt":{"rendered":"<p><b>Aufruf zur Solidarit\u00e4tskundgebung am 29. Dezember 2018 um 13.00 Uhr am Brandenburger Tor in Berlin<\/b><br \/>\nIn Erw\u00e4gung, dass der Protest der Gelbwesten \u2013 der \u201eGilets jaunes\u201c \u2013 sich gegen die Superreichen und Kriegstreiber in Frankreich richtet. In Erw\u00e4gung, dass dieser Widerstand sich gleichzeitig gegen die EU richtet \u2013 gegen das Europa der Superreichen und Kriegstreiber. &#8230; Und in Erw\u00e4gung, dass dieser Widerstand des franz\u00f6sischen Volkes Verleumdungen, Bestechung und Polizeigewalt widersteht \u2013 sagen wir: Solidarit\u00e4t mit den Gelbwesten ist das Gebot der Stunde! Der Kampf der Gelbwesten ist auch unser Kampf!<\/p>\n","protected":false},"author":3,"featured_media":5680,"comment_status":"closed","ping_status":"closed","sticky":false,"template":"","format":"standard","meta":{"colormag_page_container_layout":"default_layout","colormag_page_sidebar_layout":"default_layout","advanced_seo_description":"","jetpack_seo_html_title":"","jetpack_seo_noindex":false,"jetpack_post_was_ever_published":false,"footnotes":""},"categories":[13,20],"tags":[141,409,1027,1106,812,344],"class_list":["post-5666","post","type-post","status-publish","format-standard","has-post-thumbnail","hentry","category-frieden-antifaschismus-solidaritaet","category-zentrale-veranstaltungen","tag-antimilitarismus","tag-berlin","tag-frankreich","tag-gelbwesten","tag-protest","tag-solidaritaet"],"jetpack_featured_media_url":"https:\/\/i0.wp.com\/www.freidenker.org\/fw17\/wp-content\/uploads\/2018\/12\/Visual-Gelbwesten-Kundgebung-2018-XL_800x445.jpg?fit=800%2C445&ssl=1","jetpack_shortlink":"https:\/\/wp.me\/p9stpK-1to","jetpack-related-posts":[{"id":5879,"url":"https:\/\/www.freidenker.org\/?p=5879","url_meta":{"origin":5666,"position":0},"title":"\u201eAufruf der ersten Versammlung der Versammlungen der Gelbwesten\u201c","author":"Webredaktion","date":"14. Februar 2019","format":false,"excerpt":"\u201eR\u00fccktritt von Macron! Es lebe die Macht des Volkes, f\u00fcr das Volk und durch das Volk.\u201c Ein Kommentar von Klaus von Raussendorff Der \u201eAufruf der ersten Versammlung der Versammlungen der Gelbwesten\u201c vom 27. Januar 2019 (1) ist ein bemerkenswertes Dokument. Es l\u00e4sst die politische Reife der Frauen und M\u00e4nner erkennen,\u2026","rel":"","context":"In &quot;Arbeit &amp; Soziales&quot;","block_context":{"text":"Arbeit &amp; Soziales","link":"https:\/\/www.freidenker.org\/?cat=11"},"img":{"alt_text":"","src":"https:\/\/i0.wp.com\/www.freidenker.org\/fw17\/wp-content\/uploads\/2019\/02\/gelbwesten01_800x445.jpg?fit=800%2C445&ssl=1&resize=350%2C200","width":350,"height":200,"srcset":"https:\/\/i0.wp.com\/www.freidenker.org\/fw17\/wp-content\/uploads\/2019\/02\/gelbwesten01_800x445.jpg?fit=800%2C445&ssl=1&resize=350%2C200 1x, https:\/\/i0.wp.com\/www.freidenker.org\/fw17\/wp-content\/uploads\/2019\/02\/gelbwesten01_800x445.jpg?fit=800%2C445&ssl=1&resize=525%2C300 1.5x, https:\/\/i0.wp.com\/www.freidenker.org\/fw17\/wp-content\/uploads\/2019\/02\/gelbwesten01_800x445.jpg?fit=800%2C445&ssl=1&resize=700%2C400 2x"},"classes":[]},{"id":5859,"url":"https:\/\/www.freidenker.org\/?p=5859","url_meta":{"origin":5666,"position":1},"title":"H\u00e4nde weg von Venezuela!","author":"Webredaktion","date":"13. Februar 2019","format":false,"excerpt":"F\u00fcr den Frieden und die Souver\u00e4nit\u00e4t Lateinamerikas! Der Deutsche Freidenker-Verband ruft auf zur Teilnahme an der Solidarit\u00e4tskundgebung \"H\u00e4nde weg von Venezuela\" am 16. Februar 2019 in Berlin. Kommt alle! SCHLUSS MIT DEM TRUPPENAUFMARSCH AN DEN GRENZEN VENEZUELAS! SCHLUSS MIT DEN DROHUNGEN GEGEN DIE VERFASSUNGSM\u00c4\u00dfIGE REGIERUNG VON PR\u00c4SIDENT NICOL\u00c1S MADURO! GEGEN\u2026","rel":"","context":"In &quot;Frieden - Antifaschismus - Solidarit\u00e4t&quot;","block_context":{"text":"Frieden - Antifaschismus - Solidarit\u00e4t","link":"https:\/\/www.freidenker.org\/?cat=13"},"img":{"alt_text":"","src":"https:\/\/i0.wp.com\/www.freidenker.org\/fw17\/wp-content\/uploads\/2019\/02\/paz_venezuela_800x445.jpg?fit=800%2C445&ssl=1&resize=350%2C200","width":350,"height":200,"srcset":"https:\/\/i0.wp.com\/www.freidenker.org\/fw17\/wp-content\/uploads\/2019\/02\/paz_venezuela_800x445.jpg?fit=800%2C445&ssl=1&resize=350%2C200 1x, https:\/\/i0.wp.com\/www.freidenker.org\/fw17\/wp-content\/uploads\/2019\/02\/paz_venezuela_800x445.jpg?fit=800%2C445&ssl=1&resize=525%2C300 1.5x, https:\/\/i0.wp.com\/www.freidenker.org\/fw17\/wp-content\/uploads\/2019\/02\/paz_venezuela_800x445.jpg?fit=800%2C445&ssl=1&resize=700%2C400 2x"},"classes":[]},{"id":16458,"url":"https:\/\/www.freidenker.org\/?p=16458","url_meta":{"origin":5666,"position":2},"title":"Solidarit\u00e4t mit der Radikalisierung der Widerstandsbewegung in Frankreich","author":"Webredaktion","date":"8. Juli 2023","format":false,"excerpt":"Beitrag von Denis Diderot Erstaunliche Zuf\u00e4lle in der deutsch-franz\u00f6sischen und britisch-franz\u00f6sischen Diplomatie ereigneten sich zuletzt: Im April dieses Jahres musste der britische Monarch seine geplante Paris-Reise wegen der Gelbwesten-Proteste verschieben und sprach stattdessen vor seinen deutschen EU-Untertanen im Deutschen Bundestag; ... Und am vergangenen Wochenende musste Emmanuel Macron seinen Staatsbesuch\u2026","rel":"","context":"In &quot;Arbeit &amp; Soziales&quot;","block_context":{"text":"Arbeit &amp; Soziales","link":"https:\/\/www.freidenker.org\/?cat=11"},"img":{"alt_text":"","src":"https:\/\/i0.wp.com\/www.freidenker.org\/fw17\/wp-content\/uploads\/2023\/07\/Violences_urbaines_Planoise_29-06-2023_800x450.jpg?fit=800%2C450&ssl=1&resize=350%2C200","width":350,"height":200,"srcset":"https:\/\/i0.wp.com\/www.freidenker.org\/fw17\/wp-content\/uploads\/2023\/07\/Violences_urbaines_Planoise_29-06-2023_800x450.jpg?fit=800%2C450&ssl=1&resize=350%2C200 1x, https:\/\/i0.wp.com\/www.freidenker.org\/fw17\/wp-content\/uploads\/2023\/07\/Violences_urbaines_Planoise_29-06-2023_800x450.jpg?fit=800%2C450&ssl=1&resize=525%2C300 1.5x, https:\/\/i0.wp.com\/www.freidenker.org\/fw17\/wp-content\/uploads\/2023\/07\/Violences_urbaines_Planoise_29-06-2023_800x450.jpg?fit=800%2C450&ssl=1&resize=700%2C400 2x"},"classes":[]},{"id":5650,"url":"https:\/\/www.freidenker.org\/?p=5650","url_meta":{"origin":5666,"position":3},"title":"Zu den vorweihnachtlichen Morden in Stra\u00dfburg","author":"Webredaktion","date":"20. Dezember 2018","format":false,"excerpt":"Beitrag von Friedhelm Klinkhammer und Volker Br\u00e4utigam Was ein rechter Staatsfunk ist, zeigt die ARD-aktuell-Redaktion einmal mehr, inhaltlich und sprachlich, in ihrem Bericht \u00fcber die Stra\u00dfburger Trag\u00f6die: Der (mutma\u00dfliche) M\u00f6rder ist tot \/ Die Ordnung ist wiederhergestellt \/ Der Weihnachtsmarkt hat wieder ge\u00f6ffnet \/ Jetzt aber Friede auf Erden und\u2026","rel":"","context":"In &quot;Demokratie \u2013 Medien \u2013 Aufkl\u00e4rung&quot;","block_context":{"text":"Demokratie \u2013 Medien \u2013 Aufkl\u00e4rung","link":"https:\/\/www.freidenker.org\/?cat=12"},"img":{"alt_text":"","src":"https:\/\/i0.wp.com\/www.freidenker.org\/fw17\/wp-content\/uploads\/2018\/12\/tv-2829992_800x445.jpg?fit=800%2C445&ssl=1&resize=350%2C200","width":350,"height":200,"srcset":"https:\/\/i0.wp.com\/www.freidenker.org\/fw17\/wp-content\/uploads\/2018\/12\/tv-2829992_800x445.jpg?fit=800%2C445&ssl=1&resize=350%2C200 1x, https:\/\/i0.wp.com\/www.freidenker.org\/fw17\/wp-content\/uploads\/2018\/12\/tv-2829992_800x445.jpg?fit=800%2C445&ssl=1&resize=525%2C300 1.5x, https:\/\/i0.wp.com\/www.freidenker.org\/fw17\/wp-content\/uploads\/2018\/12\/tv-2829992_800x445.jpg?fit=800%2C445&ssl=1&resize=700%2C400 2x"},"classes":[]},{"id":12179,"url":"https:\/\/www.freidenker.org\/?p=12179","url_meta":{"origin":5666,"position":4},"title":"Sicherheit f\u00fcr Russland ist Sicherheit f\u00fcr unser Land!","author":"Webredaktion","date":"10. Februar 2022","format":false,"excerpt":"Der Deutsche Freidenker Verband begr\u00fc\u00dft, dass sich in Anbetracht des westlichen Propagandakriegs gegen Russland und fortgesetzter NATO-Truppenverlegung an die russische Grenze auch die Friedensbewegung in Deutschland wieder zu Wort meldet und der Kriegstreiberei Einhalt gebieten will. Wir unterst\u00fctzen wegen seiner inhaltlichen Klarheit insbesondere den Aufruf aus Berlin zu einer KUNDGEBUNG\u2026","rel":"","context":"In &quot;Frieden - Antifaschismus - Solidarit\u00e4t&quot;","block_context":{"text":"Frieden - Antifaschismus - Solidarit\u00e4t","link":"https:\/\/www.freidenker.org\/?cat=13"},"img":{"alt_text":"","src":"https:\/\/i0.wp.com\/www.freidenker.org\/fw17\/wp-content\/uploads\/2022\/02\/Frieden_Russland_Deutschland_800x450.jpg?fit=800%2C450&ssl=1&resize=350%2C200","width":350,"height":200,"srcset":"https:\/\/i0.wp.com\/www.freidenker.org\/fw17\/wp-content\/uploads\/2022\/02\/Frieden_Russland_Deutschland_800x450.jpg?fit=800%2C450&ssl=1&resize=350%2C200 1x, https:\/\/i0.wp.com\/www.freidenker.org\/fw17\/wp-content\/uploads\/2022\/02\/Frieden_Russland_Deutschland_800x450.jpg?fit=800%2C450&ssl=1&resize=525%2C300 1.5x, https:\/\/i0.wp.com\/www.freidenker.org\/fw17\/wp-content\/uploads\/2022\/02\/Frieden_Russland_Deutschland_800x450.jpg?fit=800%2C450&ssl=1&resize=700%2C400 2x"},"classes":[]},{"id":20246,"url":"https:\/\/www.freidenker.org\/?p=20246","url_meta":{"origin":5666,"position":5},"title":"Trauerrede f\u00fcr Thomas Sachs","author":"Webredaktion","date":"10. November 2024","format":false,"excerpt":"von Ernst Schwarz Wir trauern um Thomas Sachs. Die Familie trauert um ihren liebevollen Bruder und Schwager. Wir trauern um einen lieben Freund, Kollegen, Mitstreiter, Genossen, Lehrer, geduldig, zur\u00fcckhaltend, bescheiden, freundlich, verst\u00e4ndnisvoll, zuverl\u00e4ssig, hilfreich, klug, entschlossen und mutig.\u00a0Wir trauern um einen K\u00e4mpfer f\u00fcr eine wirklich\u00a0 menschliche, eine sozialistische Gesellschaft, in\u2026","rel":"","context":"In &quot;Weltliche Trauerkultur&quot;","block_context":{"text":"Weltliche Trauerkultur","link":"https:\/\/www.freidenker.org\/?cat=17"},"img":{"alt_text":"","src":"https:\/\/i0.wp.com\/www.freidenker.org\/fw17\/wp-content\/uploads\/2024\/11\/Thomas_Sachs_800x445.jpg?fit=800%2C445&ssl=1&resize=350%2C200","width":350,"height":200,"srcset":"https:\/\/i0.wp.com\/www.freidenker.org\/fw17\/wp-content\/uploads\/2024\/11\/Thomas_Sachs_800x445.jpg?fit=800%2C445&ssl=1&resize=350%2C200 1x, https:\/\/i0.wp.com\/www.freidenker.org\/fw17\/wp-content\/uploads\/2024\/11\/Thomas_Sachs_800x445.jpg?fit=800%2C445&ssl=1&resize=525%2C300 1.5x, https:\/\/i0.wp.com\/www.freidenker.org\/fw17\/wp-content\/uploads\/2024\/11\/Thomas_Sachs_800x445.jpg?fit=800%2C445&ssl=1&resize=700%2C400 2x"},"classes":[]}],"_links":{"self":[{"href":"https:\/\/www.freidenker.org\/index.php?rest_route=\/wp\/v2\/posts\/5666","targetHints":{"allow":["GET"]}}],"collection":[{"href":"https:\/\/www.freidenker.org\/index.php?rest_route=\/wp\/v2\/posts"}],"about":[{"href":"https:\/\/www.freidenker.org\/index.php?rest_route=\/wp\/v2\/types\/post"}],"author":[{"embeddable":true,"href":"https:\/\/www.freidenker.org\/index.php?rest_route=\/wp\/v2\/users\/3"}],"replies":[{"embeddable":true,"href":"https:\/\/www.freidenker.org\/index.php?rest_route=%2Fwp%2Fv2%2Fcomments&post=5666"}],"version-history":[{"count":0,"href":"https:\/\/www.freidenker.org\/index.php?rest_route=\/wp\/v2\/posts\/5666\/revisions"}],"wp:featuredmedia":[{"embeddable":true,"href":"https:\/\/www.freidenker.org\/index.php?rest_route=\/wp\/v2\/media\/5680"}],"wp:attachment":[{"href":"https:\/\/www.freidenker.org\/index.php?rest_route=%2Fwp%2Fv2%2Fmedia&parent=5666"}],"wp:term":[{"taxonomy":"category","embeddable":true,"href":"https:\/\/www.freidenker.org\/index.php?rest_route=%2Fwp%2Fv2%2Fcategories&post=5666"},{"taxonomy":"post_tag","embeddable":true,"href":"https:\/\/www.freidenker.org\/index.php?rest_route=%2Fwp%2Fv2%2Ftags&post=5666"}],"curies":[{"name":"wp","href":"https:\/\/api.w.org\/{rel}","templated":true}]}}