{"id":565,"date":"2013-10-19T15:50:50","date_gmt":"2013-10-19T13:50:50","guid":{"rendered":"http:\/\/www.freidenker.org\/fw17\/?p=565"},"modified":"2017-12-27T21:10:05","modified_gmt":"2017-12-27T20:10:05","slug":"freidenkerkonferenz-am-9-november-2013-in-frankfurt-am-main","status":"publish","type":"post","link":"https:\/\/www.freidenker.org\/?p=565","title":{"rendered":"Freidenkerkonferenz &#8222;Realit\u00e4t und Ideologien zwischen Fortschritt und Reaktion&#8220; am 9. November 2013 in Frankfurt am Main"},"content":{"rendered":"<p>Einladung zur Konferenz: &#8222;<strong>Realit\u00e4t und Ideologien \u2039\u2039Heimat, Volk, Nationalstaat, Supranationalit\u00e4t, Nationalismus, Patriotismus, Internationalismus\u203a\u203a zwischen Fortschritt und Reaktion<\/strong>&#8220; &#8211; Samstag, <strong>9. November 2013<\/strong>, <strong>10 Uhr<\/strong>, Saalbau Bockenheim, Schw\u00e4lmer Stra\u00dfe 28, 60486 <strong>Frankfurt a.M.<\/strong><\/p>\n<p>Weitere Information entnehmt bitte unserem <strong><a href=\"https:\/\/www.freidenker.org\/fw17\/wp-content\/uploads\/2017\/12\/freidenkerkonferenz_09112013_frankfurt_main.pdf\" target=\"_blank\" rel=\"noopener\">Informationsflyer<\/a><\/strong> (PDF-Dokument, ca. 130 KB) oder schreibt bitte an\u00a0<strong> <a href=\"mailto:postfach@freidenker.de\">postfach@freidenker.de<\/a><\/strong><\/p>\n<hr \/>\n<p>Bild: Printmaterial by FMB www.firstmediabase.com<\/p>\n","protected":false},"excerpt":{"rendered":"<p><strong>Einladung zur Konferenz: &#8222;Realit\u00e4t und Ideologien \u2039\u2039Heimat, Volk, Nationalstaat, Supranationalit\u00e4t, Nationalismus, Patriotismus, Internationalismus\u203a\u203a zwischen Fortschritt und Reaktion&#8220;<\/strong> am Samstag, den 9. November 2013 in Frankfurt a.M.<br \/>\nMit unserer Konferenz wollen wir einen Beitrag zur \u201eRichtigstellung der Begriffe\u201c leisten, Geschichtsklitterung, Mythenbildung und vergifteten Ideologien entgegentreten. Heimat, Vaterland, Nation \u2013 das sind f\u00fcr Linke \u201aschwierige\u2018 Themen. Unter den Losungen \u201eF\u00fcr Kaiser, Gott und Vaterland\u201c bzw. \u201eF\u00fcr F\u00fchrer, Volk und Vaterland\u201c wurden zwei verbrecherische Weltkriege gestartet \u2013 kein Wunder, dass eine positive Bezugnahme auf Heimat und Nation in Deutschland Vielen undenkbar erscheint.<\/p>\n","protected":false},"author":2,"featured_media":566,"comment_status":"closed","ping_status":"closed","sticky":false,"template":"","format":"standard","meta":{"colormag_page_container_layout":"default_layout","colormag_page_sidebar_layout":"default_layout","advanced_seo_description":"","jetpack_seo_html_title":"","jetpack_seo_noindex":false,"jetpack_post_was_ever_published":false,"footnotes":""},"categories":[20],"tags":[444,433,26,478,470,484,357,482,480,483,471,469,481,479],"class_list":["post-565","post","type-post","status-publish","format-standard","has-post-thumbnail","hentry","category-zentrale-veranstaltungen","tag-fortschritt","tag-frankfurt-am-main","tag-freidenker","tag-heimat","tag-ideologie","tag-internationalismus","tag-konferenz","tag-nationalismus","tag-nationalstaat","tag-patriotismus","tag-reaktion","tag-realitaet","tag-supranationalitaet","tag-volk"],"jetpack_featured_media_url":"https:\/\/i0.wp.com\/www.freidenker.org\/fw17\/wp-content\/uploads\/2016\/08\/Konferenz2013.jpg?fit=800%2C445&ssl=1","jetpack_shortlink":"https:\/\/wp.me\/p9stpK-97","jetpack-related-posts":[{"id":795,"url":"https:\/\/www.freidenker.org\/?p=795","url_meta":{"origin":565,"position":0},"title":"FREIDENKER 1-14 &#8211; Realit\u00e4t und Ideologien zwischen Fortschritt und Reaktion","author":"Webmaster","date":"16. April 2014","format":false,"excerpt":"Die Ausgabe 1-14 des Verbandsorgans FREIDENKER hat das Schwerpunkt-Thema \u201eRealit\u00e4t und Ideologien zwischen Fortschritt und Reaktion\u201c und enth\u00e4lt u.a folgende Beitr\u00e4ge: - DFV zur Krise in der Ukraine: Der Aggressor hei\u00dft NATO - Sebastian Bahlo: Heimat und Patriotismus \u2013 Unworte f\u00fcr Internationalisten? - Andreas Wehr: Der europ\u00e4ische Traum und die\u2026","rel":"","context":"In &quot;Verbandsorgan FREIDENKER&quot;","block_context":{"text":"Verbandsorgan FREIDENKER","link":"https:\/\/www.freidenker.org\/?cat=8"},"img":{"alt_text":"","src":"https:\/\/i0.wp.com\/www.freidenker.org\/fw17\/wp-content\/uploads\/2017\/12\/FD_2014-01_Titel_mR.jpg?fit=800%2C445&ssl=1&resize=350%2C200","width":350,"height":200,"srcset":"https:\/\/i0.wp.com\/www.freidenker.org\/fw17\/wp-content\/uploads\/2017\/12\/FD_2014-01_Titel_mR.jpg?fit=800%2C445&ssl=1&resize=350%2C200 1x, https:\/\/i0.wp.com\/www.freidenker.org\/fw17\/wp-content\/uploads\/2017\/12\/FD_2014-01_Titel_mR.jpg?fit=800%2C445&ssl=1&resize=525%2C300 1.5x, https:\/\/i0.wp.com\/www.freidenker.org\/fw17\/wp-content\/uploads\/2017\/12\/FD_2014-01_Titel_mR.jpg?fit=800%2C445&ssl=1&resize=700%2C400 2x"},"classes":[]},{"id":3146,"url":"https:\/\/www.freidenker.org\/?p=3146","url_meta":{"origin":565,"position":1},"title":"Zweifel und Kritik an Fortschritt, Wissenschaft und Technik","author":"Webredaktion","date":"1. Oktober 2011","format":false,"excerpt":"Einladung zur wissenschaftlichen Konferenz des Deutschen Freidenker-Verbands am 8. Oktober 2011 in Dresden Die Wirtschaftskrise macht die Krisenhaftigkeit des Kapitalismus un\u00fcbersehbar, umso gefragter sind Ideologien, die die Systemursachen in Abrede stellen. Klassenneutral sollen die \u00dcbel und ihre Verursacher erscheinen: \u201eder Mensch\u201c, \u201edas Wachstum\u201c etc.; und wer die Gesetzm\u00e4\u00dfigkeit des gesellschaftlichen\u2026","rel":"","context":"In &quot;Weltanschauung &amp; Philosophie&quot;","block_context":{"text":"Weltanschauung &amp; Philosophie","link":"https:\/\/www.freidenker.org\/?cat=16"},"img":{"alt_text":"","src":"https:\/\/i0.wp.com\/www.freidenker.org\/fw17\/wp-content\/uploads\/2011\/10\/dna-2075143_800x445.jpg?fit=800%2C445&ssl=1&resize=350%2C200","width":350,"height":200,"srcset":"https:\/\/i0.wp.com\/www.freidenker.org\/fw17\/wp-content\/uploads\/2011\/10\/dna-2075143_800x445.jpg?fit=800%2C445&ssl=1&resize=350%2C200 1x, https:\/\/i0.wp.com\/www.freidenker.org\/fw17\/wp-content\/uploads\/2011\/10\/dna-2075143_800x445.jpg?fit=800%2C445&ssl=1&resize=525%2C300 1.5x, https:\/\/i0.wp.com\/www.freidenker.org\/fw17\/wp-content\/uploads\/2011\/10\/dna-2075143_800x445.jpg?fit=800%2C445&ssl=1&resize=700%2C400 2x"},"classes":[]},{"id":581,"url":"https:\/\/www.freidenker.org\/?p=581","url_meta":{"origin":565,"position":2},"title":"Konferenz: N\u00fctzlicher Feind: Der \u201eFaktor Islam\u201c in den Weltmachtstrategien des Westens","author":"Webmaster","date":"29. Juli 2015","format":false,"excerpt":"Einladung zur Konferenz \"Der 'Faktor Islam' in den Weltmachtstrategien des Westens\" am 12. September 2015 in Frankfurt a.M. Die Weltmachtstrategien der imperialistischen Zentren gegen\u00fcber den arabisch-islamischen L\u00e4ndern sind mit allen Aspekten zu analysieren, um die gewollte \u201eWeltordnung\u201c in ihrer perversen Irrationalit\u00e4t und Gef\u00e4hrlichkeit zu delegitimieren.","rel":"","context":"In &quot;Zentrale Veranstaltungen&quot;","block_context":{"text":"Zentrale Veranstaltungen","link":"https:\/\/www.freidenker.org\/?cat=20"},"img":{"alt_text":"","src":"https:\/\/i0.wp.com\/www.freidenker.org\/fw17\/wp-content\/uploads\/2016\/08\/Konferenz_2015.jpg?fit=800%2C445&ssl=1&resize=350%2C200","width":350,"height":200,"srcset":"https:\/\/i0.wp.com\/www.freidenker.org\/fw17\/wp-content\/uploads\/2016\/08\/Konferenz_2015.jpg?fit=800%2C445&ssl=1&resize=350%2C200 1x, https:\/\/i0.wp.com\/www.freidenker.org\/fw17\/wp-content\/uploads\/2016\/08\/Konferenz_2015.jpg?fit=800%2C445&ssl=1&resize=525%2C300 1.5x, https:\/\/i0.wp.com\/www.freidenker.org\/fw17\/wp-content\/uploads\/2016\/08\/Konferenz_2015.jpg?fit=800%2C445&ssl=1&resize=700%2C400 2x"},"classes":[]},{"id":824,"url":"https:\/\/www.freidenker.org\/?p=824","url_meta":{"origin":565,"position":3},"title":"FREIDENKER 2-15 &#8211; Fortschritt &#8211; Wissenschaft &#8211; Technik: Im Dienst des Menschen?","author":"Webmaster","date":"16. Juni 2015","format":false,"excerpt":"Die Ausgabe 2-15 des Verbandsorgans FREIDENKER hat das Schwerpunkt-Thema \u201eFortschritt - Wissenschaft - Technik: Im Dienst des Menschen?\u201c und enth\u00e4lt u.a folgende Beitr\u00e4ge von der Konferenz \u201eZweifel und Kritik an Fortschritt, Wissenschaft und Technik\u201c am 08.10.2011 in Dresden: - Klaus Hartmann: \"Zweifel \u2013 Kritik \u2013 Anklage: Fortschritt \u2013 Wissenschaft \u2013\u2026","rel":"","context":"In &quot;Verbandsorgan FREIDENKER&quot;","block_context":{"text":"Verbandsorgan FREIDENKER","link":"https:\/\/www.freidenker.org\/?cat=8"},"img":{"alt_text":"","src":"https:\/\/i0.wp.com\/www.freidenker.org\/fw17\/wp-content\/uploads\/2017\/12\/FD_2015-02_Titel_mR.jpg?fit=800%2C445&ssl=1&resize=350%2C200","width":350,"height":200,"srcset":"https:\/\/i0.wp.com\/www.freidenker.org\/fw17\/wp-content\/uploads\/2017\/12\/FD_2015-02_Titel_mR.jpg?fit=800%2C445&ssl=1&resize=350%2C200 1x, https:\/\/i0.wp.com\/www.freidenker.org\/fw17\/wp-content\/uploads\/2017\/12\/FD_2015-02_Titel_mR.jpg?fit=800%2C445&ssl=1&resize=525%2C300 1.5x, https:\/\/i0.wp.com\/www.freidenker.org\/fw17\/wp-content\/uploads\/2017\/12\/FD_2015-02_Titel_mR.jpg?fit=800%2C445&ssl=1&resize=700%2C400 2x"},"classes":[]},{"id":12886,"url":"https:\/\/www.freidenker.org\/?p=12886","url_meta":{"origin":565,"position":4},"title":"Autorenlesung: Die Wurzeln des ukrainischen Konflikts","author":"Webredaktion","date":"20. April 2022","format":false,"excerpt":"Einladung zur Autorenlesung und Diskussion mit Vougar Aslanov Samstag, 30. April 2022, 15:00 Uhr im Saalbau Dornbusch, Eschersheimer Landstra\u00dfe 248, 60320 Frankfurt am Main Die Wurzeln des ukrainischen Konflikts anhand der historischen Romane \u201eRussisches Gesetz\u201c und \u201eZarend\u00e4mmerung\u201c Protagonisten im historischen Roman \u201eRussisches Gesetz\u201c sind junge Gardisten aus adligen Familien, die\u2026","rel":"","context":"In &quot;Kultur &amp; Kunst&quot;","block_context":{"text":"Kultur &amp; Kunst","link":"https:\/\/www.freidenker.org\/?cat=913"},"img":{"alt_text":"","src":"https:\/\/i0.wp.com\/www.freidenker.org\/fw17\/wp-content\/uploads\/2022\/04\/aslanov_ukraine_800x450.jpg?fit=800%2C450&ssl=1&resize=350%2C200","width":350,"height":200,"srcset":"https:\/\/i0.wp.com\/www.freidenker.org\/fw17\/wp-content\/uploads\/2022\/04\/aslanov_ukraine_800x450.jpg?fit=800%2C450&ssl=1&resize=350%2C200 1x, https:\/\/i0.wp.com\/www.freidenker.org\/fw17\/wp-content\/uploads\/2022\/04\/aslanov_ukraine_800x450.jpg?fit=800%2C450&ssl=1&resize=525%2C300 1.5x, https:\/\/i0.wp.com\/www.freidenker.org\/fw17\/wp-content\/uploads\/2022\/04\/aslanov_ukraine_800x450.jpg?fit=800%2C450&ssl=1&resize=700%2C400 2x"},"classes":[]},{"id":752,"url":"https:\/\/www.freidenker.org\/?p=752","url_meta":{"origin":565,"position":5},"title":"FREIDENKER 4-11 &#8211; &#8222;Antizionismus&#8220; = &#8222;Antisemitismus&#8220;?","author":"Webmaster","date":"16. Dezember 2011","format":false,"excerpt":"Die Ausgabe 4-11 des Verbandsorgans FREIDENKER hat das Schwerpunkt-Thema \u201eAntizionismus = Antisemitismus?\u201c und enth\u00e4lt u.a folgende Beitr\u00e4ge: Susanne Witt-Stahl: \u201eSieg oder Holocaust\u201c - Evelyn Hecht-Galinski: Holocaust-Missbrauch f\u00fcr Kriegsdrohung gegen Iran - Jan Bretschneider: Antizionismus = Antisemitismus? Versuch einer Kl\u00e4rung - Klaus von Raussendorff: Judentum \u2013 Judaismus \u2013 Zionismus \u2013 Israel\u2026","rel":"","context":"In &quot;Verbandsorgan FREIDENKER&quot;","block_context":{"text":"Verbandsorgan FREIDENKER","link":"https:\/\/www.freidenker.org\/?cat=8"},"img":{"alt_text":"","src":"https:\/\/i0.wp.com\/www.freidenker.org\/fw17\/wp-content\/uploads\/2017\/12\/FD_2011-04_Titel_mR.jpg?fit=800%2C445&ssl=1&resize=350%2C200","width":350,"height":200,"srcset":"https:\/\/i0.wp.com\/www.freidenker.org\/fw17\/wp-content\/uploads\/2017\/12\/FD_2011-04_Titel_mR.jpg?fit=800%2C445&ssl=1&resize=350%2C200 1x, https:\/\/i0.wp.com\/www.freidenker.org\/fw17\/wp-content\/uploads\/2017\/12\/FD_2011-04_Titel_mR.jpg?fit=800%2C445&ssl=1&resize=525%2C300 1.5x, https:\/\/i0.wp.com\/www.freidenker.org\/fw17\/wp-content\/uploads\/2017\/12\/FD_2011-04_Titel_mR.jpg?fit=800%2C445&ssl=1&resize=700%2C400 2x"},"classes":[]}],"_links":{"self":[{"href":"https:\/\/www.freidenker.org\/index.php?rest_route=\/wp\/v2\/posts\/565","targetHints":{"allow":["GET"]}}],"collection":[{"href":"https:\/\/www.freidenker.org\/index.php?rest_route=\/wp\/v2\/posts"}],"about":[{"href":"https:\/\/www.freidenker.org\/index.php?rest_route=\/wp\/v2\/types\/post"}],"author":[{"embeddable":true,"href":"https:\/\/www.freidenker.org\/index.php?rest_route=\/wp\/v2\/users\/2"}],"replies":[{"embeddable":true,"href":"https:\/\/www.freidenker.org\/index.php?rest_route=%2Fwp%2Fv2%2Fcomments&post=565"}],"version-history":[{"count":0,"href":"https:\/\/www.freidenker.org\/index.php?rest_route=\/wp\/v2\/posts\/565\/revisions"}],"wp:featuredmedia":[{"embeddable":true,"href":"https:\/\/www.freidenker.org\/index.php?rest_route=\/wp\/v2\/media\/566"}],"wp:attachment":[{"href":"https:\/\/www.freidenker.org\/index.php?rest_route=%2Fwp%2Fv2%2Fmedia&parent=565"}],"wp:term":[{"taxonomy":"category","embeddable":true,"href":"https:\/\/www.freidenker.org\/index.php?rest_route=%2Fwp%2Fv2%2Fcategories&post=565"},{"taxonomy":"post_tag","embeddable":true,"href":"https:\/\/www.freidenker.org\/index.php?rest_route=%2Fwp%2Fv2%2Ftags&post=565"}],"curies":[{"name":"wp","href":"https:\/\/api.w.org\/{rel}","templated":true}]}}