{"id":5645,"date":"2018-12-19T00:47:17","date_gmt":"2018-12-18T23:47:17","guid":{"rendered":"https:\/\/www.freidenker.org\/?p=5645"},"modified":"2019-02-03T12:46:26","modified_gmt":"2019-02-03T11:46:26","slug":"16-jahre-krieg-im-jemen-zweitlaengster-us-krieg-nach-afghanistan","status":"publish","type":"post","link":"https:\/\/www.freidenker.org\/?p=5645","title":{"rendered":"16 Jahre Krieg im Jemen \u2013 zweitl\u00e4ngster US-Krieg nach Afghanistan"},"content":{"rendered":"<p><em>Beitrag von RT, \u00fcbersetzt aus dem Englischen und mit einer Vorbemerkung und Kommentaren versehen von <strong>Einar Schlereth<br \/>\n<\/strong><\/em><\/p>\n<p style=\"padding-left: 30px;\"><em><b>Vorbemerkung von Einar Schlereth:<\/b><\/em><\/p>\n<p style=\"padding-left: 30px;\"><em>Ich hatte einen Teil dieses Artikels bereits im November 2018 aufgelegt, aber ohne den Report zu \u00fcbersetzen. Das hole ich also nach und ich wiederhole auch meine \u00dcberlegungen zur Trennung von Zivilisten und Freiheitsk\u00e4mpfern.<\/em><\/p>\n<p style=\"padding-left: 30px;\"><em><strong>Es handelt sich hier um 100 % Morde &#8211; die USA haben mit den Saudi-Killern eine MORD-AG gegr\u00fcndet. Seit 60 Jahren habe ich zusammen mit Millionen und aber Millionen Menschen f\u00fcr Freiheitsk\u00e4mpfer in Algerien, Vietnam, Laos, in Afghanistan, Angola, Mosambik, Guinea-Bissau und vielen anderen L\u00e4ndern demonstriert und Veranstaltungen organisiert. Jetzt aber hat es \u00a0sich einge&#8220;b\u00fcrgert&#8220;, dass ermordete Freiheits-K\u00e4mpfer quasi \u00a0nicht mehr gez\u00e4hlt werden, dass es rechtens ist, sie umzulegen. <\/strong><\/em><\/p>\n<p style=\"padding-left: 30px;\"><em><strong>Weil deren Leben weniger wert ist als das Leben einer Frau oder eines Kindes? Obwohl sie selbstlos f\u00fcr die ganze Gesellschaft eintreten und ihr einziges Leben, das sie hatten, geopfert haben? Das darf nicht sein. Prinzipiell ist f\u00fcr uns der Mord tabu, insbesondere der neokolonialistische, imperiale Mord, der tagt\u00e4glich auf die heimt\u00fcckischste und gemeinste und feigste Weise mit Raketen und Drohnen ver\u00fcbt wird. <\/strong><\/em><\/p>\n<p style=\"padding-left: 30px;\"><em><strong>Und was soll man von den Milliarden Menschen sagen, die sich t\u00e4glich in ihrem Sessel gen\u00fcsslich all diese Meldungen \u00fcber \u00a0Morde anschauen, in L\u00e4ndern, wo wir absolut nichts zu suchen \u00a0haben? Was hat die USA im Jemen zu suchen? Au\u00dfer, dass sie ihre Waffen verkaufen und das \u00d6l klauen will? Das sind ihre edlen Motive, um Arbeitspl\u00e4tze zu sichern. Die k\u00f6nnten sie sichern, indem sie ihre verrottete Infrastruktur wieder erstellen.<\/strong><\/em><\/p>\n<p style=\"padding-left: 30px;\"><em><strong>Aber nein, das geht nicht, weil man sich dabei seine H\u00e4nde dreckig macht.<\/strong><\/em><\/p>\n<p style=\"padding-left: 30px;\"><em><strong>L\u00e4nder, die solche Ma\u00dfst\u00e4be anlegen, sind f\u00fcr mich nichts anderes als brutale unmenschliche DIKTATUREN!<\/strong> \u00a0<\/em><\/p>\n<h4><strong>Leben in Angst: <\/strong><\/h4>\n<h5><strong>In einem Report von AP hei\u00dft es, dass einer von drei US-Drohnen-Toten ein Zivilist ist, einschlie\u00dflich Kindern.<\/strong><\/h5>\n<p><em>Beitrag von RT &#8211; Erstver\u00f6ffentlichung auf https:\/\/www.rt.com\/news\/444308-us-drone-casualties-civilians\/<\/em><\/p>\n<p>Die Bombardements der Saudi-gef\u00fchrten Koalition hat den Jemen zerst\u00f6rt, aber das Land steht vor einer weiteren Bedrohung aus dem Himmel \u2013 die US-Drohnen. Jeder dritte von Drohnen Get\u00f6tete war Zivilist laut einem Report.<\/p>\n<p>\u00abWir leben in Furcht. Drohnen h\u00f6ren nicht auf, auf unsere K\u00f6pfe zu fallen,\u00bb sagte ein Bauer und erz\u00e4hlte von dem Tag, an dem zwei seiner Verwandten von einer US-Drohne get\u00f6tet wurden. Sein Zeugnis ist eines von mehreren, die in einem neuen Bericht von Associated Press stehen, der die steigenden zivilen Todesraten, die durch den Drohnenkrieg der USA gegen das jemenitische Franchise von Al-Qaeda verursacht wurden. W\u00e4hrend es schwierig ist, eine offizielle Zahl von zivilen Todesf\u00e4llen durch Drohnenschl\u00e4ge in den USA zu erfassen &#8211; aufgrund der Unf\u00e4higkeit, Identit\u00e4ten oder Loyalit\u00e4ten zu best\u00e4tigen &#8211; zeigen Sch\u00e4tzungen der AP, dass ein Drittel der im Jahr 2018 bisher Get\u00f6teten oder etwa 30 Personen nicht Mitglied der Terrorgruppe waren. Etwa 215 Zivilisten wurden seit Beginn der Kampagne im Jahr 2002 durch Drohnen get\u00f6tet, so das Bureau of Investigative Journalism.<\/p>\n<p style=\"padding-left: 30px;\"><em>[<strong>Hier werden von der AP mal wieder die Karten gr\u00fcndlich gemischt, so dass kein Mensch mehr durchblicken kann. 1990 kam die US-Marionette Ali Abdullah Salih an die Macht, der vorher schon im S\u00fcden herrschte, der den USA erlaubte, auf Sokotra \u2013 dem Weltkulturerbe wie Jeju in Korea \u2013 eine gro\u00dfe Basis zu errichten. 2011 kam es zu massiven Demos gegen Salih, der 2012 zur\u00fccktrat. An seine Stelle trat sein Vize Hadi, nicht weniger korrupt und unf\u00e4hig als Salih. Die seit langem benachteiligten Huthi im Norden des Landes nahmen die Hauptstadt Sanaa ein und kurz darauf die Hafenstadt Hudaida. Sie werden in den West-L\u00fcgenmedien als Schiiten bezeichnet, die vom Iran unterst\u00fctzt werden. Beides ist erlogen, denn ihre Religion ist eine Mischung aus Shia und Sunni und sit auch im S\u00fcden Saudiarabiens verbreitet. Die Huthis l\u00f6sten das Parlament auf und wollten provisorisch einen Nationalrat mit einem 5-k\u00f6pfigen Pr\u00e4sidenschaftsrat einsetzen. Aber Hadi war dagegen und floh unter die Fittiche der Saudis in Riyadh. Im M\u00e4rz 2015 begann die saudische Milit\u00e4rintervention mit Luftangriffen, unterst\u00fctzt von den USA, Frankreich und Gro\u00dfbritannien und logistischer Hilfe von Agypten, Bahrain, Katar, Kuwait, Jordanien, Marokko, Sudan und der VAR (<a href=\"https:\/\/de.wikipedia.org\/wiki\/Jemen\">https:\/\/de.wikipedia.org\/wiki\/Jemen<\/a> ).<\/strong><\/em><\/p>\n<p style=\"padding-left: 30px;\"><em><strong>Au\u00dferdem wird die Osten des Landes operierende Al Qaida von den USA gegen die Huthis unterst\u00fctzt. Wieder einmal k\u00e4mpft die halbe Welt gegen eins der \u00e4rmsten L\u00e4nder, denn es geht wie immer um Erd\u00f6l, die Sokotrabasis, die geo-strategisch wichtige Meerenge von Jemen. Dass dabei die Menschen zu hunderttausenden, mehrere Welt-Kulturst\u00e4tten in Jemen selbst draufgehen, wen k\u00fcmmert es schon. <\/strong>Kommentar des \u00dcbersetzers<strong>]<\/strong><\/em><\/p>\n<p>Manche Drohnenschl\u00e4ge t\u00f6ten mehrere Menschen aus ein-und derselben Familie, wie es im Januar 2018 geschah als ein Wagen voller Zivilisten, die nach einem verlorenen Jungen suchten, von einer Drohne getroffen wurde. Sieben Menschen wurden get\u00f6tet, einschlie\u00dflich f\u00fcnf aus der Familie des Jungen.<\/p>\n<p>Bei einem Interview mit RT hat der Onkel des Jungen Saleh Fatag Bilder von verbrannten Wagen gezeigt: \u00abDas war einen Drohnen-Rakete.\u00bb<\/p>\n<p>Ein anderer Vorfall wurde von AP dokumentiert und von \u00f6rtlichen Menschenrechtsaktivisten best\u00e4tigt, bei dem ein 14-j\u00e4hriger Schafhirte und ein vorbeifahrender Bauarbeiter von einer Drohne get\u00f6ten wurde. Das Gebiet lag mehrere Kilometer von der Gegend, wo Al Qaida versucht hatte, einen Checkpoint zu erobern.<\/p>\n<h5><strong>Unter Trump wird der Kampf verst\u00e4rkt<\/strong><\/h5>\n<p>Washingtons Kampagne zur Beseitigung der Gruppe, die unter dem Namen Al Qaida oder als AQAP auf der Arabischen Halbinsel bekannt als Al-Qaida auf der Arabischen Halbinsel oder AQAP, l\u00e4uft seit 2002. Die Kampagne wurde jedoch in den letzten Jahren verst\u00e4rkt.<\/p>\n<p>US-Pr\u00e4sident Donald Trump, der sich dem Ende seines zweiten Amtsjahres n\u00e4hert, hat 176 Drohnenschl\u00e4ge \u00fcberwacht und damit bereits die 154 Operationen \u00fcbertroffen, die w\u00e4hrend der gesamten Obama-Regierung durchgef\u00fchrt wurden, so die AP-Zahlen. Allein 2017 gab es \u00fcber 100 Schl\u00e4ge, ein Mehrfaches als in jedem anderen Jahr seit Beginn der Drohnenkampagne, so die TBIJ-Daten.<\/p>\n<p>Die Jagd auf Al-Qaedas Kopf in der Region f\u00fchrte bei zwei Streiks in den Jahren 2009 und 2017 zu 66 zivilen Todesf\u00e4llen, darunter 31 Kinder.<\/p>\n<p>Drohnenschl\u00e4ge werden von US-Luftwaffenangeh\u00f6rigen durchgef\u00fchrt, die weit entfernt von den T\u00f6tungszonen in abgelegenen Gegenden in den USA liegen, obwohl die endg\u00fcltige Entscheidung, einen T\u00f6tungsbefehl auszustellen, von h\u00f6heren Offizieren getroffen wird.<\/p>\n<p>Oft ersch\u00f6pft von 11- bis 14-st\u00fcndigen Schichten, haben Drohnenteams Zivilisten regelm\u00e4\u00dfig mit milit\u00e4rischen Zielen verwechselt, indem sie &#8222;verd\u00e4chtige Verhaltensmuster&#8220; auf ihren Bildschirmen falsch eingesch\u00e4tzt haben. Schwere Strafe f\u00fcr solche Fehler gibt es jedoch nicht.<\/p>\n<p>Brandon Bryant, ein ehemaliger US-Drohnenoperateur, sagte RT zu diesem Mangel an Verantwortlichkeit: &#8222;Wirklich niemand im inneren Kreis h\u00e4lt jemand anderen f\u00fcr verantwortlich. Wenn jemand es vermasselt, bekommt er nur einen Klaps auf\u2019s H\u00e4ndchen und alles ist in Ordnung.&#8220;<\/p>\n<h5><strong>&#8222;Der Stoff der Alptr\u00e4ume&#8220;<\/strong><\/h5>\n<p>W\u00e4hrend die zivile Zahl der Todesopfer durch US-Drohnen besorgniserregend und wenig \u00fcbersichtlich ist, verblasst sie im Vergleich zu dem Blutbad und der Zerst\u00f6rung durch die von der Saudi-gef\u00fchrten, von den USA unterst\u00fctzten Intervention in den B\u00fcrgerkrieg im Jemen.<\/p>\n<p>Seit dem Ausbruch der K\u00e4mpfe im Jahr 2015, nachdem sich die Houthi-Rebellen gegen die Regierung erhoben hatten, wurden mehr als 57.000 Menschen, sowohl Zivilisten als auch K\u00e4mpfer, get\u00f6tet.<\/p>\n<p style=\"padding-left: 30px;\"><em><strong>[Eine stark untertriebebe Zahl. Direkt aus dem Land erreichen uns h\u00f6here Zahlen. <\/strong>Kommentar des \u00dcbersetzers<strong>]<\/strong><\/em><\/p>\n<p>Hungersnot und Krankheiten, verst\u00e4rkt \u00fcber eine von Saudi-Arabien gef\u00fchrte Blockade der Hilfe f\u00fcr die von Houthis gehaltene Hafenstadt Hodeidah, bedrohen Millionen von anderen, wobei die Situation vom Chef des Weltern\u00e4hrungsprogramms der Vereinten Nationen als &#8222;Katastrophe&#8220; und &#8222;Stoff der Alptr\u00e4ume&#8220; bezeichnet wird.<\/p>\n<p>Der Luftkrieg der saudi-gef\u00fchrten Koalition gegen die Houthis, der die bedr\u00e4ngte jemenitische Regierung unterst\u00fctzt, ger\u00e4t in den westlichen Medien zunehmend in den Fokus der Aufmerksamkeit, da weiterhin zivile Ziele und Infrastrukturen zerbombt werden.<\/p>\n<p>Doch weder Washington noch London planen, ihre lukrativen Waffendeals mit Riyadh und den anderen Mitgliedern der Koalititon zu stoppen.<\/p>\n<p style=\"text-align: right;\"><em>Einar Schlereth lebt in Schweden,\u00a0 er ist Mitglied<br \/>\ndes Deutschen Freidenker-Verbandes und der Weltunion der Freidenker.<\/em><\/p>\n<hr \/>\n<p>Erstver\u00f6ffentlichung des englischsprachigen Originals am 18.11.2018: <a href=\"https:\/\/www.rt.com\/news\/444308-us-drone-casualties-civilians\/\" target=\"_blank\" rel=\"noopener\">https:\/\/www.rt.com\/news\/444308-us-drone-casualties-civilians\/<\/a><\/p>\n<p>Erstver\u00f6ffentlichung der \u00dcbersetzung am 18.12.2018: <a href=\"https:\/\/einarschlereth.blogspot.com\/2018\/12\/16-jahre-krieg-im-jemen-2langster-us.html\" target=\"_blank\" rel=\"noopener\">https:\/\/einarschlereth.blogspot.com\/2018\/12\/16-jahre-krieg-im-jemen-2langster-us.html<\/a><\/p>\n<hr \/>\n<p>Bild: <span class=\"mw-mmv-title\">Zerst\u00f6rung im S\u00fcden <a title=\"Sanaa\" href=\"https:\/\/de.wikipedia.org\/wiki\/Sanaa\" target=\"_blank\" rel=\"noopener\">Sanaas<\/a> durch einen Luftangriff vom 12. Juni 2015 w\u00e4hrend der Operation <i>Restoring Hope<\/i> (Foto: 13. Juni 2015)<\/span><br \/>\nVon Ibrahem Qasim &#8211; Eigenes Werk, CC BY-SA 4.0, <a href=\"https:\/\/commons.wikimedia.org\/w\/index.php?curid=40939711\" target=\"_blank\" rel=\"noopener\">https:\/\/commons.wikimedia.org\/w\/index.php?curid=40939711<\/a><\/p>\n","protected":false},"excerpt":{"rendered":"<p><b>Beitrag von RT, \u00fcbersetzt von Einar Schlereth<\/b>. Die Bombardements der Saudi-gef\u00fchrten Koalition hat den Jemen zerst\u00f6rt, aber das Land steht vor einer weiteren Bedrohung aus dem Himmel \u2013 die US-Drohnen. Jeder dritte von Drohnen Get\u00f6tete war Zivilist laut einem Report. \u00abWir leben in Furcht. Drohnen h\u00f6ren nicht auf, auf unsere K\u00f6pfe zu fallen,\u00bb sagte ein Bauer und erz\u00e4hlte von dem Tag, an dem zwei seiner Verwandten von einer US-Drohne get\u00f6tet wurden. Sein Zeugnis ist eines von mehreren, die in einem neuen Bericht von Associated Press stehen, der die steigenden zivilen Todesraten, die durch den Drohnenkrieg der USA gegen das jemenitische Franchise von Al-Qaeda verursacht wurden.<\/p>\n","protected":false},"author":3,"featured_media":5647,"comment_status":"closed","ping_status":"closed","sticky":false,"template":"","format":"standard","meta":{"colormag_page_container_layout":"default_layout","colormag_page_sidebar_layout":"default_layout","advanced_seo_description":"","jetpack_seo_html_title":"","jetpack_seo_noindex":false,"jetpack_post_was_ever_published":false,"footnotes":""},"categories":[13],"tags":[963,42,1083,188,659,185],"class_list":["post-5645","post","type-post","status-publish","format-standard","has-post-thumbnail","hentry","category-frieden-antifaschismus-solidaritaet","tag-al-qaida","tag-drohnenkrieg","tag-jemen","tag-krieg","tag-saudi-arabien","tag-usa"],"jetpack_featured_media_url":"https:\/\/i0.wp.com\/www.freidenker.org\/fw17\/wp-content\/uploads\/2018\/12\/Destroyed_house_in_the_south_of_Sanaa_800x445.jpg?fit=800%2C445&ssl=1","jetpack_shortlink":"https:\/\/wp.me\/p9stpK-1t3","jetpack-related-posts":[{"id":7110,"url":"https:\/\/www.freidenker.org\/?p=7110","url_meta":{"origin":5645,"position":0},"title":"Zum 50. Jahrestag der Schwedisch-Koreanischen Vereinigung","author":"Webredaktion","date":"29. Oktober 2019","format":false,"excerpt":"Rede von Einar Schlereth zum 50. Jahrestag der Schwedisch-Koreanischen Vereinigung am 26. Oktober 2019 Da Korea und Deutschland ein \u00e4hnliches Schicksal hatten und immer noch haben, dachte ich, als Deutscher einige Worte sagen zu m\u00fcssen. Ich war erst 15 Jahre alt, als die US-Truppen mit ihren Alliierten in Nordkorea ein-marschierten.\u2026","rel":"","context":"In &quot;Frieden - Antifaschismus - Solidarit\u00e4t&quot;","block_context":{"text":"Frieden - Antifaschismus - Solidarit\u00e4t","link":"https:\/\/www.freidenker.org\/?cat=13"},"img":{"alt_text":"","src":"https:\/\/i0.wp.com\/www.freidenker.org\/fw17\/wp-content\/uploads\/2019\/10\/pjoengjang_architecture-3329297_800x445.jpg?fit=800%2C445&ssl=1&resize=350%2C200","width":350,"height":200,"srcset":"https:\/\/i0.wp.com\/www.freidenker.org\/fw17\/wp-content\/uploads\/2019\/10\/pjoengjang_architecture-3329297_800x445.jpg?fit=800%2C445&ssl=1&resize=350%2C200 1x, https:\/\/i0.wp.com\/www.freidenker.org\/fw17\/wp-content\/uploads\/2019\/10\/pjoengjang_architecture-3329297_800x445.jpg?fit=800%2C445&ssl=1&resize=525%2C300 1.5x, https:\/\/i0.wp.com\/www.freidenker.org\/fw17\/wp-content\/uploads\/2019\/10\/pjoengjang_architecture-3329297_800x445.jpg?fit=800%2C445&ssl=1&resize=700%2C400 2x"},"classes":[]},{"id":7302,"url":"https:\/\/www.freidenker.org\/?p=7302","url_meta":{"origin":5645,"position":1},"title":"Die Uiguren-Frage","author":"Webredaktion","date":"15. Dezember 2019","format":false,"excerpt":"Beitrag von Andr\u00e9 Vltchek, \u00fcbersetzt von Einar Schlereth. Im Jahr 2019 habe ich eine lange Analyse \u00fcber \"die Uigurenfrage\" geschrieben, die in K\u00fcrze als Buch ver\u00f6ffentlicht wird. Seit einiger Zeit warne ich die Welt, dass der Westen und insbesondere die Vereinigten Staaten dazu beitragen, die Uiguren in der Provinz Xinjiang\u2026","rel":"","context":"In &quot;Frieden - Antifaschismus - Solidarit\u00e4t&quot;","block_context":{"text":"Frieden - Antifaschismus - Solidarit\u00e4t","link":"https:\/\/www.freidenker.org\/?cat=13"},"img":{"alt_text":"","src":"https:\/\/i0.wp.com\/www.freidenker.org\/fw17\/wp-content\/uploads\/2019\/12\/Khotan-mercado-chico-d01_800x445.jpg?fit=800%2C445&ssl=1&resize=350%2C200","width":350,"height":200,"srcset":"https:\/\/i0.wp.com\/www.freidenker.org\/fw17\/wp-content\/uploads\/2019\/12\/Khotan-mercado-chico-d01_800x445.jpg?fit=800%2C445&ssl=1&resize=350%2C200 1x, https:\/\/i0.wp.com\/www.freidenker.org\/fw17\/wp-content\/uploads\/2019\/12\/Khotan-mercado-chico-d01_800x445.jpg?fit=800%2C445&ssl=1&resize=525%2C300 1.5x, https:\/\/i0.wp.com\/www.freidenker.org\/fw17\/wp-content\/uploads\/2019\/12\/Khotan-mercado-chico-d01_800x445.jpg?fit=800%2C445&ssl=1&resize=700%2C400 2x"},"classes":[]},{"id":5515,"url":"https:\/\/www.freidenker.org\/?p=5515","url_meta":{"origin":5645,"position":2},"title":"Portugal: das Land der Roten Nelken","author":"Webredaktion","date":"16. Oktober 2018","format":false,"excerpt":"Beitrag von Anahi Rubin, \u00fcbersetzt von Einar Schlereth Im vergangenen September hatte ich die Gelegenheit, zur Festa Do Avante auf der Insel Amora in Portugal zu fahren. Dieses Festival findet seit 1974 statt und wird von der PCP (Kommunistische Partei Portugals) organisiert. Jedes Jahr hat das Treffen zentrale Themen, dieses\u2026","rel":"","context":"In &quot;Frieden - Antifaschismus - Solidarit\u00e4t&quot;","block_context":{"text":"Frieden - Antifaschismus - Solidarit\u00e4t","link":"https:\/\/www.freidenker.org\/?cat=13"},"img":{"alt_text":"","src":"https:\/\/i0.wp.com\/www.freidenker.org\/fw17\/wp-content\/uploads\/2018\/10\/Salgueiro_Maia_graffiti_800x445.jpg?fit=800%2C445&ssl=1&resize=350%2C200","width":350,"height":200,"srcset":"https:\/\/i0.wp.com\/www.freidenker.org\/fw17\/wp-content\/uploads\/2018\/10\/Salgueiro_Maia_graffiti_800x445.jpg?fit=800%2C445&ssl=1&resize=350%2C200 1x, https:\/\/i0.wp.com\/www.freidenker.org\/fw17\/wp-content\/uploads\/2018\/10\/Salgueiro_Maia_graffiti_800x445.jpg?fit=800%2C445&ssl=1&resize=525%2C300 1.5x, https:\/\/i0.wp.com\/www.freidenker.org\/fw17\/wp-content\/uploads\/2018\/10\/Salgueiro_Maia_graffiti_800x445.jpg?fit=800%2C445&ssl=1&resize=700%2C400 2x"},"classes":[]},{"id":7040,"url":"https:\/\/www.freidenker.org\/?p=7040","url_meta":{"origin":5645,"position":3},"title":"Rakete auf Saudis \u00d6l-Raffinerie geh\u00f6rte der NATO","author":"Webredaktion","date":"2. Oktober 2019","format":false,"excerpt":"Beitrag von Dr. Chandra Muzaffar Es gab ja schon zu Anfang Vermutungen, dass es eine Tat unter falscher Fahne gewesen sein k\u00f6nnte. Und nun verdichten sie sich. Kann es wirklich Bolton gewesen sein? Kaum. Das w\u00e4re Hochverrat, f\u00fcr den er den Rest seines erb\u00e4rmlichen Lebens gesiebte Luft atmen k\u00f6nnte. ...\u2026","rel":"","context":"In &quot;Frieden - Antifaschismus - Solidarit\u00e4t&quot;","block_context":{"text":"Frieden - Antifaschismus - Solidarit\u00e4t","link":"https:\/\/www.freidenker.org\/?cat=13"},"img":{"alt_text":"","src":"https:\/\/i0.wp.com\/www.freidenker.org\/fw17\/wp-content\/uploads\/2019\/10\/Khurais_oil_field_and_Buqyaq_Saudi_Arabia_800x445.jpg?fit=800%2C445&ssl=1&resize=350%2C200","width":350,"height":200,"srcset":"https:\/\/i0.wp.com\/www.freidenker.org\/fw17\/wp-content\/uploads\/2019\/10\/Khurais_oil_field_and_Buqyaq_Saudi_Arabia_800x445.jpg?fit=800%2C445&ssl=1&resize=350%2C200 1x, https:\/\/i0.wp.com\/www.freidenker.org\/fw17\/wp-content\/uploads\/2019\/10\/Khurais_oil_field_and_Buqyaq_Saudi_Arabia_800x445.jpg?fit=800%2C445&ssl=1&resize=525%2C300 1.5x, https:\/\/i0.wp.com\/www.freidenker.org\/fw17\/wp-content\/uploads\/2019\/10\/Khurais_oil_field_and_Buqyaq_Saudi_Arabia_800x445.jpg?fit=800%2C445&ssl=1&resize=700%2C400 2x"},"classes":[]},{"id":3191,"url":"https:\/\/www.freidenker.org\/?p=3191","url_meta":{"origin":5645,"position":4},"title":"Den Krieg gegen Iran verhindern!","author":"Webredaktion","date":"13. September 2010","format":false,"excerpt":"Interview mit Klaus Hartmann aus: jW vom 03.09.2010 KH: Einen Schwerpunkt auf die Mobilisierung gegen den deutschen Kriegseinsatz in Afghanistan zu setzen, ist nicht verkehrt. Aber darf man dabei das st\u00e4ndige S\u00e4belrasseln der USA und Israels gegen Iran \u00fcbersehen oder bewu\u00dft ausblenden? Auch andere in der Friedensbewegung sind alarmiert, die\u2026","rel":"","context":"In &quot;Frieden - Antifaschismus - Solidarit\u00e4t&quot;","block_context":{"text":"Frieden - Antifaschismus - Solidarit\u00e4t","link":"https:\/\/www.freidenker.org\/?cat=13"},"img":{"alt_text":"","src":"https:\/\/i0.wp.com\/www.freidenker.org\/fw17\/wp-content\/uploads\/2010\/09\/globe-1029210_800x445.jpg?fit=800%2C445&ssl=1&resize=350%2C200","width":350,"height":200,"srcset":"https:\/\/i0.wp.com\/www.freidenker.org\/fw17\/wp-content\/uploads\/2010\/09\/globe-1029210_800x445.jpg?fit=800%2C445&ssl=1&resize=350%2C200 1x, https:\/\/i0.wp.com\/www.freidenker.org\/fw17\/wp-content\/uploads\/2010\/09\/globe-1029210_800x445.jpg?fit=800%2C445&ssl=1&resize=525%2C300 1.5x, https:\/\/i0.wp.com\/www.freidenker.org\/fw17\/wp-content\/uploads\/2010\/09\/globe-1029210_800x445.jpg?fit=800%2C445&ssl=1&resize=700%2C400 2x"},"classes":[]},{"id":5519,"url":"https:\/\/www.freidenker.org\/?p=5519","url_meta":{"origin":5645,"position":5},"title":"Nie mehr Faschismus!? Wir stecken doch mitten drin!","author":"Webredaktion","date":"21. September 2017","format":false,"excerpt":"Beitrag von Einar Schlereth Angesichts des national-sozialistischen und faschistischen Ph\u00e4nomens waren sich Intellektuelle des linken, aber auch des linksliberalen Spektrums nicht nur dar\u00fcber im klaren, dass es so oder in \u00e4hnlicher Form auch in anderen L\u00e4ndern h\u00e4tte auftreten k\u00f6nnen, sondern auch \u2013 bei Bedarf \u2013 wieder auftreten k\u00f6nnte. Bei Bedarf\u2026","rel":"","context":"In &quot;Demokratie \u2013 Medien \u2013 Aufkl\u00e4rung&quot;","block_context":{"text":"Demokratie \u2013 Medien \u2013 Aufkl\u00e4rung","link":"https:\/\/www.freidenker.org\/?cat=12"},"img":{"alt_text":"","src":"https:\/\/i0.wp.com\/www.freidenker.org\/fw17\/wp-content\/uploads\/2018\/10\/Neonazi_2.4.2005_Muenchen_800x445.jpg?fit=800%2C445&ssl=1&resize=350%2C200","width":350,"height":200,"srcset":"https:\/\/i0.wp.com\/www.freidenker.org\/fw17\/wp-content\/uploads\/2018\/10\/Neonazi_2.4.2005_Muenchen_800x445.jpg?fit=800%2C445&ssl=1&resize=350%2C200 1x, https:\/\/i0.wp.com\/www.freidenker.org\/fw17\/wp-content\/uploads\/2018\/10\/Neonazi_2.4.2005_Muenchen_800x445.jpg?fit=800%2C445&ssl=1&resize=525%2C300 1.5x, https:\/\/i0.wp.com\/www.freidenker.org\/fw17\/wp-content\/uploads\/2018\/10\/Neonazi_2.4.2005_Muenchen_800x445.jpg?fit=800%2C445&ssl=1&resize=700%2C400 2x"},"classes":[]}],"_links":{"self":[{"href":"https:\/\/www.freidenker.org\/index.php?rest_route=\/wp\/v2\/posts\/5645","targetHints":{"allow":["GET"]}}],"collection":[{"href":"https:\/\/www.freidenker.org\/index.php?rest_route=\/wp\/v2\/posts"}],"about":[{"href":"https:\/\/www.freidenker.org\/index.php?rest_route=\/wp\/v2\/types\/post"}],"author":[{"embeddable":true,"href":"https:\/\/www.freidenker.org\/index.php?rest_route=\/wp\/v2\/users\/3"}],"replies":[{"embeddable":true,"href":"https:\/\/www.freidenker.org\/index.php?rest_route=%2Fwp%2Fv2%2Fcomments&post=5645"}],"version-history":[{"count":0,"href":"https:\/\/www.freidenker.org\/index.php?rest_route=\/wp\/v2\/posts\/5645\/revisions"}],"wp:featuredmedia":[{"embeddable":true,"href":"https:\/\/www.freidenker.org\/index.php?rest_route=\/wp\/v2\/media\/5647"}],"wp:attachment":[{"href":"https:\/\/www.freidenker.org\/index.php?rest_route=%2Fwp%2Fv2%2Fmedia&parent=5645"}],"wp:term":[{"taxonomy":"category","embeddable":true,"href":"https:\/\/www.freidenker.org\/index.php?rest_route=%2Fwp%2Fv2%2Fcategories&post=5645"},{"taxonomy":"post_tag","embeddable":true,"href":"https:\/\/www.freidenker.org\/index.php?rest_route=%2Fwp%2Fv2%2Ftags&post=5645"}],"curies":[{"name":"wp","href":"https:\/\/api.w.org\/{rel}","templated":true}]}}