{"id":5637,"date":"2018-12-19T01:06:23","date_gmt":"2018-12-19T00:06:23","guid":{"rendered":"https:\/\/www.freidenker.org\/?p=5637"},"modified":"2019-02-03T12:46:14","modified_gmt":"2019-02-03T11:46:14","slug":"trauer-um-lorenz-knorr","status":"publish","type":"post","link":"https:\/\/www.freidenker.org\/?p=5637","title":{"rendered":"Trauer um Lorenz Knorr"},"content":{"rendered":"<p>Trauerrede, gehalten von <em><strong>Klaus Hartmann<\/strong>, Bundesvorsitzender des Deutschen Freidenker-Verbandes<\/em><\/p>\n<div style=\"border: 3pt solid; padding: 20pt;\">\n<p style=\"text-align: right;\">Frankfurt am Main, Hauptfriedhof, 17.12.2018<\/p>\n<p><span style=\"font-size: 18pt;\"><strong>Trauerrede f\u00fcr Lorenz Knorr<\/strong><\/span><\/p>\n<p>Liebe Genossinnen und Genossen, liebe Trauernde,<\/p>\n<p>wir, die Freidenker, trauern um <strong>Lorenz Knorr (18. Juli 1921 \u2013 26. November 2018)<\/strong>.<\/p>\n<p>Neben den vielen schon erw\u00e4hnten und auch nicht genannten Engagements war Lorenz auch und bis zuletzt Mitglied des Beirats des Deutschen Freidenker-Verbandes, zudem Ehrenmitglied im Landesverband Hessen und im Kreisverband Frankfurt am Main.<\/p>\n<p>Wir sch\u00e4tzten ihn und, man muss sagen: wir verehrten ihn, weil er mit seiner Pers\u00f6nlichkeit und mit seinem Wirken uns unendlich viel gegeben hat, uns belehrt hat, uns reicher gemacht hat, uns nahe gekommen ist.<\/p>\n<p>\u201eLorenz lebte Politik\u201c \u2013 so der erste Satz in unserer gemeinsamen Traueranzeige, und wenn auch Politik nicht alles war, so war sein Leben doch durch und durch politisch. Es waren zun\u00e4chst die Zeitumst\u00e4nde, der heraufziehende Faschismus, der barbarische Krieg, die keine andere Wahl lie\u00dfen, die Entscheidungen verlangten. Andere trafen eine andere Wahl, w\u00e4hlten den Weg des geringeren Widerstands, der Anpassung, des Mitmachens.<\/p>\n<p>F\u00fcr Lorenz undenkbar \u2013 er lernte fr\u00fch, was es hei\u00dft, Grunds\u00e4tze, Prinzipien zu haben, ihnen treu zu bleiben und in \u00dcbereinstimmung mit ihnen zu handeln, seine Klasse nicht zu verraten, Solidarit\u00e4t zu praktizieren.<\/p>\n<p>Anpassen an die faschistische Herrschaft oder alle Kraft f\u00fcr den Widerstand \u2013 das war f\u00fcr Lorenz keine Frage. Lorenz entschied sich daf\u00fcr, dem faschistischen Ansturm auf die Tschechoslowakische Republik gemeinsam mit seinen Genossinnen und Genossen entgegenzutreten, den faschistischen Krieg zu sabotieren.<\/p>\n<p>Diese fr\u00fchen ihm abverlangten Entscheidungen pr\u00e4gten sein politisches Leben, seine Wertsch\u00e4tzung f\u00fcr Grunds\u00e4tze und Prinzipienfestigkeit. Es war ein Leben f\u00fcr den Frieden und den Sozialismus \u2013 und bald nach der Befreiung vom Faschismus waren wieder Entscheidungen gefordert: F\u00fcr ein friedliches Deutschland \u2013 oder Wiederbewaffnung, NATO-Mitgliedschaft, Atomr\u00fcstung? Die SPD-F\u00fchrung entschied sich f\u00fcr den Weg des Militarismus und Imperialismus, mit dem Godesberger Programm wurde der Abschied vom Marxismus und der Frieden mit dem Kapitalismus besiegelt, mit zahlreichen Unvereinbarkeitsbeschl\u00fcssen \u2013 sogar gegen die Ostermarschbewegung \u2013 beteiligte sich die SPD in der Hochzeit des Kalten Krieges an der \u201eHexenjagd gegen alles Linke\u201c (Die Zeit, 12. April 1974).<\/p>\n<p>Diesen Weg konnte Lorenz nicht mitgehen und entschied sich, trotz des Lockens Herbert Wehners mit einer hauptamtlichen Parteikarriere, f\u00fcr den Parteiaustritt.<\/p>\n<p>Die Hauptaufgaben und Wirkungsfelder von Lorenz sind mit <em>Aufkl\u00e4rung, Frieden, Antifaschismus <\/em>ausgewiesen \u2013 wie das Motto unserer Konferenz 2006 zu seinem 85. Geburtstag und auch der aus diesem Anlass erschienene Band mit ausgew\u00e4hlten Schriften von ihm lautete.<\/p>\n<p>Aber diese Anliegen k\u00f6nnen nach seiner Auffassung nur wirksam werden, wenn dem \u201erapiden Kulturverfall von weltgeschichtlicher Dimension\u201c Einhalt geboten, eine \u201ealternative Kultur des Widerstandes\u201c gegen die \u201eSinnentleerung des Lebens\u201c entwickelt wird und \u201esich die antiimperialistischen Kr\u00e4fte nicht mehr von der Hegemonie des gegenw\u00e4rtig herrschenden Systems einsch\u00fcchtern\u201c lassen, wie er in seinem Referat zum Freidenker-Kulturseminar auf Burg Waldeck 2005 hervorhob.<\/p>\n<p>Aus seiner Erfahrung in der sozialistischen Jugendarbeit wusste Lorenz, dass die k\u00fcnstlerisch-kreative Selbstentfaltung nicht nur dem Erlernen von Autonomie und Selbstbestimmtheit dient, sondern ein wichtiges Element ist, um nicht nur den Verstand anzusprechen, sondern \u201eden ganzen Menschen\u201c mit seiner Emotionalit\u00e4t f\u00fcr den Kampf zu begeistern.<\/p>\n<p>Lorenz war immer der Mann der klaren Gedanken und ebensolcher Worte. Kein \u201eUm-den-hei\u00dfen-Brei-Herumreden\u201c, sondern zu \u201esagen, was ist\u201c war sein Motto. Das Verschweigen der Wahrheit aus Opportunismus oder falscher R\u00fccksichtnahme kam f\u00fcr ihn nicht in Frage, auch kein Ausweichen auf \u201eunverf\u00e4ngliche\u201c Themen, die bei den Herrschenden und den ihnen (ge)h\u00f6rigen Medien keinen Ansto\u00df erregen.<\/p>\n<p>Die \u201eDelegitimierung der DDR\u201c nannte er eine Geschichtsf\u00e4lschung, die als \u201eInstrument der Systemstabilisierung\u201c dient. Lorenz w\u00fcnschte sich \u201eeinen nichtangepassten DGB\u201c, der \u201ef\u00fcr die weitere kapitalistische Auspl\u00fcnderung und Herrschaft eine potenzielle Gefahr werden\u201c k\u00f6nne.<\/p>\n<p>Lorenz warnte, dass die Krise des Kapitalismus die der Profitwirtschaft innewohnenden Expansionskr\u00e4fte hervortreten lasse, deren Aggressivit\u00e4t sich in \u201eWeltordnungskriegen\u201c Bahn breche; dass man derzeit \u201eauch ohne einflussreiche Neofaschisten\u201c auskomme, aber auch die von den derzeit m\u00e4chtigeren Akteuren ausgehenden Gefahren m\u00fcssten beim Namen \u201eRechtsextremismus\u201c genannt werden.<\/p>\n<p>Ein \u201eneuer gef\u00e4hrlicher Geschichtsrevisionismus mit globalem Anspruch\u201c sei das Ergebnis der \u201eneoliberalistischen Deregulierung\u201c, die mit einer \u201eEntregelung der zwischenstaatlichen Beziehungen\u201c das \u201edemokratische V\u00f6lkerrecht der UN-Charta\u201c und \u201eden Weltfrieden untergr\u00e4bt\u201c, warnte Lorenz im M\u00e4rz 2003 beim Weltkongress der Freidenker in Prag.<\/p>\n<p>Unbeeindruckt von der antiserbischen Propaganda, die den NATO-\u00dcberfall auf Jugoslawien vorbereitete, wurde Lorenz Gr\u00fcndungsmitglied des Internationalen Komitees Slobodan Milo\u0161evi\u0107. Unbeeindruckt von den Kriegsl\u00fcgen und der D\u00e4monisierung zwecks Start des Irak-Krieges unterst\u00fctzte er die Solidarit\u00e4t mit dem Irakischen Widerstand gegen die US-Besatzung.<\/p>\n<p>Lorenz\u2018 \u00fcberreiche politische Erfahrung, gepaart mit dem klaren weltanschaulichen Fundament eines gebildeten Marxisten, gestatteten ihm Erkenntnisse zu den Entwicklungen der Gegenwart und dem Gang der Geschichte, die \u00fcber jene vieler seiner Kampfgef\u00e4hrten hinausgingen.<\/p>\n<p>Aber er vertrat seine Positionen nie dogmatisch oder unduldsam, \u00dcberlegenheitsgehabe und Arroganz waren ihm fremd. Er versuchte, mit Argumenten zu \u00fcberzeugen, Andere zum gemeinsamen Lernen und solidarischen Handeln zu motivieren.<\/p>\n<p>Sein eigenes zentrales Anliegen war die Einheit der Friedens- und antifaschistischen Kr\u00e4fte, gegr\u00fcndet nicht auf dem \u201ekleinsten gemeinsamen Nenner\u201c, sondern das im st\u00e4ndigen geduldigen Ringen erreichbare Maximum an Klarheit und Konsequenz: Das Trennende beiseiteschieben, das Verbindende, Gemeinsame aufsp\u00fcren und entwickeln.<\/p>\n<p>Ausgehend von Georgi Dimitroffs \u00dcberzeugung, dass an Faschismus und imperialistischem Krieg nur eine kleine Minderheit der Exponenten des Finanzkapitals ein Klasseninteresse haben, war Lorenz der \u00dcberzeugung, dass f\u00fcr den Kampf um Frieden und Antifaschismus die \u00fcbergro\u00dfe Mehrheit gewonnen werden kann und muss. Dieser Kampf darf nicht sektiererhaft, nach dem Motto \u201eklein, fein und rein\u201c angelegt werden, sondern muss weltanschauungs- und partei\u00fcbergreifend sein. Wie schon in der Deutschen Friedens-Union Atheisten und religi\u00f6s gl\u00e4ubige Menschen zusammenwirkten, Kommunisten, Sozialdemokraten und Parteilose, b\u00fcrgerlich-Konservative, Arbeiter, Unternehmer, Pazifisten und ehemalige Gener\u00e4le, geeint im antifaschistischen Konsens: \u201eNie wieder Faschismus, nie wieder Krieg!\u201c<\/p>\n<p>In einer Zeit, in der f\u00fchrende US-Milit\u00e4rs einen Krieg gegen China \u201ein 10-15 Jahren\u201c f\u00fcr \u201esehr wahrscheinlich\u201c halten und der britische Generalstabschef fordert, sich \u201eaktiv auf einen Krieg mit Russland\u201c vorzubereiten, ist es f\u00fcr uns von gr\u00f6\u00dfter Wichtigkeit und Dringlichkeit, dieses Verm\u00e4chtnis von Lorenz zu bewahren, und mit aller Kraft f\u00fcr die Erhaltung des Weltfriedens weiterzuk\u00e4mpfen.<\/p>\n<p>Als philosophischer Materialist wusste Lorenz, dass es kein \u201eLeben nach dem Tod\u201c gibt, sondern der Mensch in seinen Taten weiterlebt, an die sich seine Kampfgef\u00e4hrten und Freunde erinnern.<\/p>\n<p>Am 11. November, 15 Tage vor seinem Tod, sahen wir Lorenz zum letzten Mal. Trotz seiner Einschr\u00e4nkungen war er optimistisch gestimmt. Zum Abschied sagte er mit einem L\u00e4cheln und festem Blick, mit geballter, erhobener Faust: \u201eVorw\u00e4rts \u2013 Trotz alledem!\u201c<\/p>\n<p>Es waren seine letzten Worte, die wir von ihm h\u00f6rten. Sie bleiben uns Verpflichtung, so behalten wir ihn in Erinnerung, so wollen wir von ihm Abschied nehmen.<\/p>\n<p>&nbsp;<\/p>\n<p style=\"text-align: right;\"><em>Klaus Hartmann, Bundesvorsitzender des Deutschen Freidenker-Verbandes<\/em><\/p>\n<\/div>\n<p>.<br \/>\n<span style=\"font-size: 10pt;\">Foto: Archiv<\/span><\/p>\n","protected":false},"excerpt":{"rendered":"<p><b>Trauerede von Klaus Hartmann, Bundesvorsitzender des Deutschen Freidenker-Verbandes, gehalten in Frankfurt am Main am 17.12.2018<\/b><br \/>\nWir, die Freidenker, trauern um Lorenz Knorr (18. Juli 1921 \u2013 26. November 2018). Neben den vielen schon erw\u00e4hnten und auch nicht genannten Engagements war Lorenz auch und bis zuletzt Mitglied des Beirats des Deutschen Freidenker-Verbandes, zudem Ehrenmitglied im Landesverband Hessen und im Kreisverband Frankfurt am Main. Wir sch\u00e4tzten ihn und, man muss sagen: wir verehrten ihn, weil er mit seiner Pers\u00f6nlichkeit und mit seinem Wirken uns unendlich viel gegeben hat, uns belehrt hat, uns reicher gemacht hat, uns nahe gekommen ist.<\/p>\n","protected":false},"author":3,"featured_media":5639,"comment_status":"closed","ping_status":"closed","sticky":false,"template":"","format":"standard","meta":{"colormag_page_container_layout":"default_layout","colormag_page_sidebar_layout":"default_layout","advanced_seo_description":"","jetpack_seo_html_title":"","jetpack_seo_noindex":false,"jetpack_post_was_ever_published":false,"footnotes":""},"categories":[17],"tags":[370,26,1067,700,25],"class_list":["post-5637","post","type-post","status-publish","format-standard","has-post-thumbnail","hentry","category-weltliche-trauerkultur","tag-antifaschismus","tag-freidenker","tag-lv-hessen","tag-nachruf","tag-trauer"],"jetpack_featured_media_url":"https:\/\/i0.wp.com\/www.freidenker.org\/fw17\/wp-content\/uploads\/2018\/12\/Lorenz_Knorr_b.jpg?fit=800%2C445&ssl=1","jetpack_shortlink":"https:\/\/wp.me\/p9stpK-1sV","jetpack-related-posts":[{"id":804,"url":"https:\/\/www.freidenker.org\/?p=804","url_meta":{"origin":5637,"position":0},"title":"FREIDENKER 3-14 &#8211; 1949 &#8211; Gr\u00fcndung der BRD und der DDR","author":"Webmaster","date":"16. Oktober 2014","format":false,"excerpt":"Die Ausgabe 3-14 des Verbandsorgans FREIDENKER hat das Schwerpunkt-Thema \u201e1949 - Gr\u00fcndung der BRD und der DDR\u201c und enth\u00e4lt u.a folgende Beitr\u00e4ge: - Hans Bauer: Die Gr\u00fcndung der beiden deutschen Staaten \u2013 das Ergebnis von Befreiung, Klassenkampf und internationalem Kr\u00e4fteverh\u00e4ltnis - Emil Carlebach: Aufbruch und Abbruch im Westen - Erich\u2026","rel":"","context":"In &quot;Verbandsorgan FREIDENKER&quot;","block_context":{"text":"Verbandsorgan FREIDENKER","link":"https:\/\/www.freidenker.org\/?cat=8"},"img":{"alt_text":"","src":"https:\/\/i0.wp.com\/www.freidenker.org\/fw17\/wp-content\/uploads\/2017\/12\/FD_2014-03_Titel_mR.jpg?fit=800%2C445&ssl=1&resize=350%2C200","width":350,"height":200,"srcset":"https:\/\/i0.wp.com\/www.freidenker.org\/fw17\/wp-content\/uploads\/2017\/12\/FD_2014-03_Titel_mR.jpg?fit=800%2C445&ssl=1&resize=350%2C200 1x, https:\/\/i0.wp.com\/www.freidenker.org\/fw17\/wp-content\/uploads\/2017\/12\/FD_2014-03_Titel_mR.jpg?fit=800%2C445&ssl=1&resize=525%2C300 1.5x, https:\/\/i0.wp.com\/www.freidenker.org\/fw17\/wp-content\/uploads\/2017\/12\/FD_2014-03_Titel_mR.jpg?fit=800%2C445&ssl=1&resize=700%2C400 2x"},"classes":[]},{"id":716,"url":"https:\/\/www.freidenker.org\/?p=716","url_meta":{"origin":5637,"position":1},"title":"FREIDENKER 2-09 &#8211; Aufkl\u00e4rung &#8211; Aktuelle Aufgaben &#8211; Verbandstag 2009","author":"Webmaster","date":"2. Juli 2009","format":false,"excerpt":"Die Ausgabe 2-09 des Verbandsorgans FREIDENKER hat das Schwerpunkt-Thema \u201eAufkl\u00e4rung - Aktuelle Aufgaben - Verbandstag 2009\u201c und enth\u00e4lt u.a folgende Beitr\u00e4ge: - Horst Schild: Le si\u00e8cle de lumi\u00e8res \u2013 das Zeitalter der Lichter - Wolf-Dieter Gudopp-von Behm: Anst\u00f6\u00dfe zum Thema \u201eAufkl\u00e4rung\u201c - Lorenz Knorr: Ex-Bundespr\u00e4sident Herzogs Beihilfe zur Geschichtsf\u00e4lschung -\u2026","rel":"","context":"In &quot;Verbandsorgan FREIDENKER&quot;","block_context":{"text":"Verbandsorgan FREIDENKER","link":"https:\/\/www.freidenker.org\/?cat=8"},"img":{"alt_text":"","src":"https:\/\/i0.wp.com\/www.freidenker.org\/fw17\/wp-content\/uploads\/2017\/12\/FD_2009-02_Titel_mR.jpg?fit=800%2C445&ssl=1&resize=350%2C200","width":350,"height":200,"srcset":"https:\/\/i0.wp.com\/www.freidenker.org\/fw17\/wp-content\/uploads\/2017\/12\/FD_2009-02_Titel_mR.jpg?fit=800%2C445&ssl=1&resize=350%2C200 1x, https:\/\/i0.wp.com\/www.freidenker.org\/fw17\/wp-content\/uploads\/2017\/12\/FD_2009-02_Titel_mR.jpg?fit=800%2C445&ssl=1&resize=525%2C300 1.5x, https:\/\/i0.wp.com\/www.freidenker.org\/fw17\/wp-content\/uploads\/2017\/12\/FD_2009-02_Titel_mR.jpg?fit=800%2C445&ssl=1&resize=700%2C400 2x"},"classes":[]},{"id":513,"url":"https:\/\/www.freidenker.org\/?p=513","url_meta":{"origin":5637,"position":2},"title":"FREIDENKER 2\/3-08 &#8211; Nein zum gl\u00e4sernen B\u00fcrger &#8211; Wohin treibt die Demokratie?","author":"Webmaster","date":"16. September 2008","format":false,"excerpt":"Die Ausgabe 2\/3-08 des Verbandsorgans FREIDENKER hat das Schwerpunkt-Thema \u201eNein zum gl\u00e4sernen B\u00fcrger - Wohin treibt die Demokratie?\u201c und enth\u00e4lt u.a folgende Beitr\u00e4ge: - Corinna Poll: F\u00fcr die Versammlungsfreiheit - Siegfried R. Krebs: F\u00fcr das Recht auf Generalstreik - Erich Buchholz: Noch eine Datenspeicherung - Lorenz Knorr: Gegen die kontinuierliche\u2026","rel":"","context":"In &quot;Verbandsorgan FREIDENKER&quot;","block_context":{"text":"Verbandsorgan FREIDENKER","link":"https:\/\/www.freidenker.org\/?cat=8"},"img":{"alt_text":"","src":"https:\/\/i0.wp.com\/www.freidenker.org\/fw17\/wp-content\/uploads\/2017\/12\/FD_2008-02-03_Titel_mR.jpg?fit=800%2C445&ssl=1&resize=350%2C200","width":350,"height":200,"srcset":"https:\/\/i0.wp.com\/www.freidenker.org\/fw17\/wp-content\/uploads\/2017\/12\/FD_2008-02-03_Titel_mR.jpg?fit=800%2C445&ssl=1&resize=350%2C200 1x, https:\/\/i0.wp.com\/www.freidenker.org\/fw17\/wp-content\/uploads\/2017\/12\/FD_2008-02-03_Titel_mR.jpg?fit=800%2C445&ssl=1&resize=525%2C300 1.5x, https:\/\/i0.wp.com\/www.freidenker.org\/fw17\/wp-content\/uploads\/2017\/12\/FD_2008-02-03_Titel_mR.jpg?fit=800%2C445&ssl=1&resize=700%2C400 2x"},"classes":[]},{"id":3227,"url":"https:\/\/www.freidenker.org\/?p=3227","url_meta":{"origin":5637,"position":3},"title":"Zur Frankfurter Buchmesse","author":"Webredaktion","date":"19. Oktober 2009","format":false,"excerpt":"Hinweis auf neue B\u00fccher von Freidenkern Lorenz Knorr \/ Walter Tschapek: \"KARL MARX IN UNSERER ZEIT\" Wolf-Dieter Gudopp: \"SOLON VON ATHEN UND DIE ENTDECKUNG DES RECHTS\"","rel":"","context":"In &quot;Publikationen von Freidenkern&quot;","block_context":{"text":"Publikationen von Freidenkern","link":"https:\/\/www.freidenker.org\/?cat=7"},"img":{"alt_text":"","src":"https:\/\/i0.wp.com\/www.freidenker.org\/fw17\/wp-content\/uploads\/2009\/10\/buchmesse_knorr_gudopp_800x445.jpg?fit=800%2C445&ssl=1&resize=350%2C200","width":350,"height":200,"srcset":"https:\/\/i0.wp.com\/www.freidenker.org\/fw17\/wp-content\/uploads\/2009\/10\/buchmesse_knorr_gudopp_800x445.jpg?fit=800%2C445&ssl=1&resize=350%2C200 1x, https:\/\/i0.wp.com\/www.freidenker.org\/fw17\/wp-content\/uploads\/2009\/10\/buchmesse_knorr_gudopp_800x445.jpg?fit=800%2C445&ssl=1&resize=525%2C300 1.5x, https:\/\/i0.wp.com\/www.freidenker.org\/fw17\/wp-content\/uploads\/2009\/10\/buchmesse_knorr_gudopp_800x445.jpg?fit=800%2C445&ssl=1&resize=700%2C400 2x"},"classes":[]},{"id":537,"url":"https:\/\/www.freidenker.org\/?p=537","url_meta":{"origin":5637,"position":4},"title":"Karl Marx in unserer Zeit","author":"Webmaster","date":"19. Oktober 2009","format":false,"excerpt":"Kurzvorstellung des Buches \"Karl Marx in unserer Zeit\" von Lorenz Knorr und Walter Tschapek. Die globale Krise des Kapitalismus erinnert an die vorherige: Faschismus in Deutschland und den von ihm ausgel\u00f6sten Zweiten Weltkrieg! Heute ist globale Verelendung das bisherige Ergebnis! Soll das so weitergehen? Oder existieren grunds\u00e4tzlich andere, n\u00e4mlich humane\u2026","rel":"","context":"In &quot;Publikationen f\u00fcr Freidenker&quot;","block_context":{"text":"Publikationen f\u00fcr Freidenker","link":"https:\/\/www.freidenker.org\/?cat=6"},"img":{"alt_text":"","src":"https:\/\/i0.wp.com\/www.freidenker.org\/fw17\/wp-content\/uploads\/2016\/08\/Kapital.jpg?fit=800%2C445&ssl=1&resize=350%2C200","width":350,"height":200,"srcset":"https:\/\/i0.wp.com\/www.freidenker.org\/fw17\/wp-content\/uploads\/2016\/08\/Kapital.jpg?fit=800%2C445&ssl=1&resize=350%2C200 1x, https:\/\/i0.wp.com\/www.freidenker.org\/fw17\/wp-content\/uploads\/2016\/08\/Kapital.jpg?fit=800%2C445&ssl=1&resize=525%2C300 1.5x, https:\/\/i0.wp.com\/www.freidenker.org\/fw17\/wp-content\/uploads\/2016\/08\/Kapital.jpg?fit=800%2C445&ssl=1&resize=700%2C400 2x"},"classes":[]},{"id":348,"url":"https:\/\/www.freidenker.org\/?p=348","url_meta":{"origin":5637,"position":5},"title":"Gegen die kontinuierliche Einschr\u00e4nkung demokratischer Rechte","author":"Webmaster","date":"18. September 2008","format":false,"excerpt":"Beitrag von Lorenz Knorr aus FREIDENKER 2\/3-08 Der 8.\/9. Mai 1945 brachte eine markante Z\u00e4sur in der staatsrechtlichen Entwicklung Deutschlands. In den K\u00f6pfen derer, die zuvor an den singul\u00e4ren faschistischen Gewaltverbrechen teilgenommen hatten, hinterlie\u00df dieser historische Bruch jedoch nicht allzu viele Spuren; von jener b\u00fcrgerlichen Minderheit abgesehen, die aus der\u2026","rel":"","context":"In &quot;Demokratie \u2013 Medien \u2013 Aufkl\u00e4rung&quot;","block_context":{"text":"Demokratie \u2013 Medien \u2013 Aufkl\u00e4rung","link":"https:\/\/www.freidenker.org\/?cat=12"},"img":{"alt_text":"","src":"https:\/\/i0.wp.com\/www.freidenker.org\/fw17\/wp-content\/uploads\/2016\/07\/Marionette.jpg?fit=800%2C445&ssl=1&resize=350%2C200","width":350,"height":200,"srcset":"https:\/\/i0.wp.com\/www.freidenker.org\/fw17\/wp-content\/uploads\/2016\/07\/Marionette.jpg?fit=800%2C445&ssl=1&resize=350%2C200 1x, https:\/\/i0.wp.com\/www.freidenker.org\/fw17\/wp-content\/uploads\/2016\/07\/Marionette.jpg?fit=800%2C445&ssl=1&resize=525%2C300 1.5x, https:\/\/i0.wp.com\/www.freidenker.org\/fw17\/wp-content\/uploads\/2016\/07\/Marionette.jpg?fit=800%2C445&ssl=1&resize=700%2C400 2x"},"classes":[]}],"_links":{"self":[{"href":"https:\/\/www.freidenker.org\/index.php?rest_route=\/wp\/v2\/posts\/5637","targetHints":{"allow":["GET"]}}],"collection":[{"href":"https:\/\/www.freidenker.org\/index.php?rest_route=\/wp\/v2\/posts"}],"about":[{"href":"https:\/\/www.freidenker.org\/index.php?rest_route=\/wp\/v2\/types\/post"}],"author":[{"embeddable":true,"href":"https:\/\/www.freidenker.org\/index.php?rest_route=\/wp\/v2\/users\/3"}],"replies":[{"embeddable":true,"href":"https:\/\/www.freidenker.org\/index.php?rest_route=%2Fwp%2Fv2%2Fcomments&post=5637"}],"version-history":[{"count":0,"href":"https:\/\/www.freidenker.org\/index.php?rest_route=\/wp\/v2\/posts\/5637\/revisions"}],"wp:featuredmedia":[{"embeddable":true,"href":"https:\/\/www.freidenker.org\/index.php?rest_route=\/wp\/v2\/media\/5639"}],"wp:attachment":[{"href":"https:\/\/www.freidenker.org\/index.php?rest_route=%2Fwp%2Fv2%2Fmedia&parent=5637"}],"wp:term":[{"taxonomy":"category","embeddable":true,"href":"https:\/\/www.freidenker.org\/index.php?rest_route=%2Fwp%2Fv2%2Fcategories&post=5637"},{"taxonomy":"post_tag","embeddable":true,"href":"https:\/\/www.freidenker.org\/index.php?rest_route=%2Fwp%2Fv2%2Ftags&post=5637"}],"curies":[{"name":"wp","href":"https:\/\/api.w.org\/{rel}","templated":true}]}}