{"id":5569,"date":"2018-11-29T21:21:52","date_gmt":"2018-11-29T20:21:52","guid":{"rendered":"https:\/\/www.freidenker.org\/?p=5569"},"modified":"2019-02-14T23:47:07","modified_gmt":"2019-02-14T22:47:07","slug":"a-propos-gelbe-westen","status":"publish","type":"post","link":"https:\/\/www.freidenker.org\/?p=5569","title":{"rendered":"\u00c0 propos &#8222;Gelbe Westen&#8220;"},"content":{"rendered":"<h5><strong>Brief eines franz\u00f6sischen Gewerkschaftlers an seine Kollegen der CGT <a href=\"#_edn1\" name=\"_ednref1\">[1]<\/a><\/strong><\/h5>\n<p><em>Von <strong>Diagne Roland<\/strong><\/em><\/p>\n<p>Seit dem 17. November 2018 protestieren Arbeiter und B\u00fcrger in &#8222;Gelben Westen&#8220; gegen die Anhebung der Treibstoffpreise infolge einer neuen Diesel-Steuer, also gegen einen Angriff, der sich zum x-ten Male gegen unsere Klasseninteressen richtet. Diese Bewegung nimmt in einem kolonialen Zusammenhang auf der Insel R\u00e9union die Z\u00fcge eines Quasi-Volksaufstandes an. Wir wissen alle, dass der &#8222;\u00f6kologische&#8220; Vorwand f\u00fcr diese erneute Verteuerung der Lebenshaltungskosten der Arbeiter und ihrer Familien eines der permanenten T\u00e4uschungsman\u00f6ver ist, gleich den Ausreden zur Begr\u00fcndung des neuen \u201eArbeitsrechts\u201c und sonstiger \u201eReformen\u201c von Emmanuel Macron, die wir mutig und entschlossen bek\u00e4mpft haben, ohne sie zu stoppen.<\/p>\n<p>Zwei j\u00fcngste Ereignisse enth\u00fcllen hinreichend Macrons bauernf\u00e4ngerisch d\u00fcmmliche L\u00fcge von der \u201eUmweltsteuer\u201c: Einmal hat Nicola Hulot als Umweltminister wegen seiner nicht eingehaltenen Versprechungen w\u00fcrdelos das Handtuch geworfen. Zum anderen gab es den langen Streik unserer Eisenbahnkollegen gegen die umweltfeindliche Liberalisierung der staatlichen Eisenbahn SNCF.<\/p>\n<p>Wir wissen auch aus Erfahrung, dass bei jedem Kampf, den wir f\u00fchren, Gehirnw\u00e4sche und Manipulation durch die Regierung, die Unternehmer und die Medien an der Tagesordnung sind, um unseren Kampf zu entstellen, zu isolieren und die \u00fcbrige Bev\u00f6lkerung gegen uns aufzubringen. Diese Vorgehensweise zeigt, dass die L\u00fcge im Klassenkampf, den die kapitalistischen Ausbeuter und ihre Erf\u00fcllungsgehilfen im Staatsapparat gegen die Arbeitswelt f\u00fchren, zu den Methoden der Manipulation geh\u00f6rt.<\/p>\n<h5><strong>Schluss mit der \u201eFaschismus\u201c-L\u00fcge gegen den Kampf der &#8222;Gelben Westen&#8220;<\/strong><\/h5>\n<p>Seit Ank\u00fcndigung der Bockade-Aktionen haben die L\u00fcgenmedien das Wort \u201eSteuer\u201c benutzt, um diese als &#8222;Poujadismus&#8220;\u00a0<a href=\"#_edn2\" name=\"_ednref2\">[2]<\/a> zu denunzieren. Ferner wurde die Tatsache herausgestellt,\u00a0 dass &#8222;es sich um eine Bewegung handelt, die nicht organisiert ist und keinen F\u00fchrer hat&#8220;, um damit &#8222;eine Vereinnahmung durch die extreme Rechte&#8220; zu suggerieren. Die b\u00fcrgerliche und staatliche Propaganda, die bis dahin vehement anti-gewerkschaftlich war, insbesondere gegen die CGT, unterlag einer pl\u00f6tzlichen Mauserung, nunmehr voll des Lobes \u00fcber \u201edie\u00a0 \u201eGewerkschaften, die wenigsten ihr Vorgehen erkl\u00e4ren, organisiert sind, verantwortliche Gespr\u00e4chspartner sind&#8220; (sic!).<\/p>\n<p>Gegen die spontane Massenrevolte (von 300.000 nach Angaben der Polizei bzw. 1.400.000 nach ausl\u00e4ndischen Pressemitteilungen) lobt die Regierung die Dienste der gewerkschaftlichen \u201eK\u00f6rperschaften\u201c (corps constitu\u00e9s)\u00a0 als republikanische Gliederungen eines Systems, welches das verfassungsm\u00e4\u00dfige Demonstrationsrecht nur duldet, solange es die Wirtschaft nicht blockiert. Das ist dieselbe Methode, die Demokratie einzuschr\u00e4nken, wie wenn Jean Claude Junker, der Pr\u00e4sident der Europ\u00e4ischen Kommission, sagt: &#8222;Es kann keine demokratische Entscheidung gegen die europ\u00e4ischen Vertr\u00e4ge geben&#8220;.<\/p>\n<p>Die Bezeichnung der \u201eGelben Westen\u201c mit dem Begriff &#8222;Faschismus&#8220; ist ein Nebenprodukt der Bezeichnung als &#8222;populistisch&#8220;, mit der man bei jeder Gelegenheit im Hinblick auf Menschen aus dem Volk daherkommt.\u00a0 Die b\u00fcrgerliche Elite und ihre Zutr\u00e4ger k\u00f6nnen nicht ertragen, dass das &#8222;Gesindel&#8220;, die &#8222;Proleten&#8220;, die Handwerker, die Selbstausbeuter, die Uberisierten <a href=\"#_edn3\" name=\"_ednref3\">[3]<\/a>, die kleinen Gesch\u00e4ftsleute und Inhaber von Klein- und Mittelbetrieben oder kleineren, mittelst\u00e4ndischen Industriebetrieben, kurz, dass das gemeine Volk sich in die Angelegenheiten des Gemeinwesens, die Angelegenheiten des Landes einmischt und STOP sagt zu der unaufh\u00f6rlichen\u00a0 Bereicherung der Aktion\u00e4re der 40 f\u00fchrenden Aktiengesellschaften der Pariser B\u00f6rse (CAC40) und anderer monopolistischer Unternehmen auf Kosten aller \u00fcbrigen.<\/p>\n<p>Aber wer ist es, der unbedingt m\u00f6chte, dass wir glauben, die Wut der Leute sei &#8222;populistisch&#8220; und &#8222;faschistisch&#8220;? Man braucht sich nur die Forderungen anzuschauen, die zum Ausdruck bringen, dass die Menschen von der andauernden Verteuerung der Lebenshaltungskosten die Schnauze voll haben, und gegen wen (Regierung und Unternehmer) sie gerichtet sind, um zu begreifen, dass die Propaganda von Macron, die mit der Bezichtigung \u201efaschistisch\u201c hausieren geht und die Propaganda der extremen faschistischen Rechten, die ihre &#8222;Unterst\u00fctzung&#8220; hinausposaunt, uns ein X f\u00fcr ein U vormachen wollen. Macron versucht ganz einfach nur, sich den Gegner so zurechtzulegen, wie er ihn braucht. Das alte falsche &#8222;Rechts-Links\u201c-Duell &#8220; hat sich demaskiert. Nun geht es darum, es durch ein anderes falsches Duell-Schema zu ersetzen nach der Formel \u201erepublikanisch-populistisch\u201c. \u201eeurop\u00e4isch-nationalistisch\u201c, \u201edemokratisch-faschistisch\u201c.<\/p>\n<h5><strong>Lassen wir uns nicht zu n\u00fctzlichen Idioten machen, die Vorspiegelungen mit Realit\u00e4ten verwechseln<\/strong><\/h5>\n<p>Zu solchen werden wir in der Tat, wenn wir uns in der Falle fangen lassen, die uns in das Lager des ultraliberalen Pr\u00e4sidenten Macron und der Benzin- und Diesel- Multis bef\u00f6rdert. Weigern wir uns, k\u00e4mpfenden Arbeiter in den R\u00fccken zu fallen, nur wegen des heuchlerischen \u201eQuerfront\u201c-Vorwurfs, dass &#8222;die CGT nicht mit der extremen Rechten demonstriert\u201c, was nur eine andere Art ist zu behaupten, dass &#8222;die Gelbe Westen faschistisch sind&#8220;. Wir m\u00fcssen an der Richtigkeit und Legitimit\u00e4t der Forderungen festhalten, mit denen wir \u00fcbereinstimmen, und davon ausgehend, m\u00fcssen wir darauf hinwirken, dass alle Werkt\u00e4tigen, ebenso wie in den von uns organisierten Streiks, auf der Grundlage ihrer Klasseninteressen im Kampf vereint sind, jenseits ihrer \u00dcberzeugungen, religi\u00f6sen oder s\u00e4kularen Weltanschauungen, pers\u00f6nlichen politischen Orientierungen.<\/p>\n<p>Die Faschisten k\u00f6nnen nur Verwirrung stiften, wenn wir innerhalb der sozialen Bewegung eine Politik des leeren Stuhls betreiben, wenn wir ihnen aus Dummheit oder Verrat an der Gewerkschaftsidee das Terrain \u00fcberlassen im sozialen Kampfes gegen die Verteuerung der Lebenshaltungskosten und f\u00fcr die Erf\u00fcllung der Forderungen der Massen, im Kampf gegen Preiserh\u00f6hungen, die effektiv die L\u00f6hne senken. Die Natur verabscheut das Leere.<\/p>\n<h5><strong>Gewerkschaftskampf auf Klassen- und Massenbasis<\/strong><\/h5>\n<p>Mit kaum 8% gewerkschaftlich Organisierten, fast 4% in der CGT, sind wir weit von einem Gewerkschaftskampf auf Massen- und Klassenbasis entfernt. Wir alle wissen, dass Steuern (d.h. die Steuer auf Erd\u00f6lprodukte\u00a0 = tipp, der Allgemeine Sozialbeitrag = csg, die Mehrwertsteuer = tva, etc.) und die neue Dieselsteuer dazu dienen, die Krise des Kapitalismus, seine Defizite, seine Schulden, von den Arbeitnehmern bezahlen zu lassen.<\/p>\n<p>Seit 40 Jahren hat die liberale Offensive nur ein Ziel: Lohnsenkung. Die wichtigsten Mittel dazu\u00a0 sind Preiserh\u00f6hungen, Lohnstopps, prek\u00e4re Besch\u00e4ftigung im Privatsektor (Zeitarbeit, befristete Arbeitsvertr\u00e4ge, Saisonarbeit, Tagel\u00f6hner usw.) und im \u00f6ffentlichen Sektor (Freie Mitarbeiter, Mitarbeiter von Auftragsunternehmen, befristete Arbeitsvertr\u00e4ge, unbefristete Arbeitsvertr\u00e4ge usw.). Alle Arbeitnehmer im privaten und \u00f6ffentlichen Sektor sind zunehmend betroffen.<\/p>\n<p>F\u00fcr die Gewerkschaftsbewegung und insbesondere f\u00fcr die CGT hie\u00dfe es, sich eine Kugel in den Fu\u00df zu schie\u00dfen, wollte man Zuschauer bleiben beim Kampf der &#8222;gelben Westen&#8220;, unter Hinweis darauf, dass &#8222;diejenigen, die jetzt in Aktion getreten sind, beim Kampf gegen das neue Arbeitsrecht und Macrons Gegenreformen abwesend waren&#8220;, oder weil &#8220; nicht ausdr\u00fccklich Lohnerh\u00f6hungen gefordert werden\u201c etc.<\/p>\n<p>Sich wegen solcher Vorw\u00e4nde von der Bekundung der \u201eGelben Westen\u201c fernzuhalten, dass es jetzt reicht, l\u00e4uft darauf hinaus, sich zum Vorteil der Unternehmerseite und ihrer Regierung dar\u00fcber zu t\u00e4uschen, wor\u00fcber man eigentlich w\u00fctend ist, seine Wut gegen andere Werkt\u00e4tige abzulenken anstatt sie gegen die Unternehmerseite und ihre Regierung zu richten, der notwendigen Einheit der Arbeiter einen Dolchsto\u00df zu versetzen, ein Tor gegen die eigene Mannschaft zu schie\u00dfen, um dann morgen wieder dar\u00fcber zu klagen, dass die Arbeiter unserem Aufruf nicht folgen. Mit ihnen aktiv werden, bedeutet genau genommen, das Bewusstsein daf\u00fcr zu sch\u00e4rfen, dass es notwendig ist, f\u00fcr die Einheit der Klasse und der Massen einen noch besseren Katalog von Forderungen auszuarbeiten, um die anti-sozialen Angriffe der gro\u00dfen Bosse und des ihnen dienstbaren liberalen Machtblocks zu stoppen und zu \u00fcberwinden.<\/p>\n<p>Genau besehen, kann und muss man diese Bewegung der \u201eGelben Westen\u201c als Einstieg in den sozialen Kampf derjenigen betrachten, die sich bisher bei den von uns gef\u00fchrten K\u00e4mpfen gegen den Abbau der von unseren Vorg\u00e4ngern schwer errungenen sozialen Errungenschaften ferngehalten, und oft von Streiks Abstand genommen haben. Bei diesen M\u00e4nnern und Frauen handelt es sich sehr oft auch um Nichtw\u00e4hler, die den Wahlurnen fernblieben, wo es darum ging, welche Politiker die n\u00e4chsten f\u00fcnf Jahre im Dienste der Bourgeoisie regieren werden.<\/p>\n<p>Somit k\u00fcndigt sich mit den &#8222;Gelben Westen&#8220; an, dass der passive Teil der Arbeitswelt die Szene betritt, der Teil, der dem b\u00fcrgerlichen System vertraute und akzeptierte, den G\u00fcrtel enger zu schnallen, in der Erwartung des versprochenen \u201eDurchsickerns\u201c des Wohlstands. Aber die &#8222;Gelben Westen&#8220; sind auch jene M\u00e4nner und Frauen, die zu verstehen beginnen, dass sie die Geprellten in der Farce vom \u201eversprochenen Durchsickern\u201c gewesen sind, w\u00e4hrend die Steuerhinterziehungen und Dividenden (Mehrwert) der gro\u00dfen Bosse der\u00a0 40 CAC-Unternehmen in Milliardenh\u00f6he offen zutage liegen.<\/p>\n<h5><strong>Chance und Wendepunkt f\u00fcr den gewerkschaftlichen Kampf der CGT <\/strong><\/h5>\n<p>Die K\u00e4mpfe nach der schweren Niederlage bei der Erh\u00f6hung des Rentenalters waren gepr\u00e4gt von einem k\u00e4mpferischen Druck der CGT, wobei allerdings die bremsende Wirkung des opportunistischen Reformismus an der Spitze und die Grenzen unserer organisierten Kr\u00e4fte an\u00a0 der Basis deutlich wurden. Die CGT-Basis hat in den Auseinandersetzungen, angefangen mit dem Arbeitsgesetz \u00fcber Macrons Verordnungen bis hin zum letzten Kampf der Eisenbahner und der Solidaires <a href=\"#_edn4\" name=\"_ednref4\">[4]<\/a> einen Kampf gef\u00fchrt, der uns, auch wenn er den Angriff von Arbeitgebern und Regierung nicht gestoppt hat, auf den Weg zu zuk\u00fcnftigen Siegen brachte. Es gibt viele defensive und teilweise offensive K\u00e4mpfe im Betrieb, die teilweise zu \u00f6rtlichen Siegen f\u00fchren.<\/p>\n<p><strong>Unser Schwachpunkt ist das Fehlen eines Kalenders der branchen\u00fcbergreifenden gewerkschaftlichen K\u00e4mpfe, des gewerkschaftlichen Ausdrucks der Wut, die\u00a0 am Arbeitsplatz und zuhause herrscht, der Ablehnung der Mogelpackung des so genannten \u201esozialen Dialogs\u201c, wodurch bei den Arbeitern, bei den gewerkschaftlich organisierten wie der nicht-organisierten Mehrheit ein gewisses Fehlen an Vertrauen zu den Gewerkschaft erzeugt wird.<\/strong><\/p>\n<p>Vergessen wir nicht die Skandale, die der Klassengegner geflissentlich verbreitet und dabei absichtlich gewerkschaftliches Unkraut mit gutem Schrot und Korn vermischt.<\/p>\n<p>Die Integration des Gewerkschaftswesens in das System der b\u00fcrgerlichen Republik mit dem Ziel, es zu einem Teil der [verfassungsrechtlich und gesetzlich konstituierten \/A.d.\u00dcb.] &#8222;K\u00f6rperschaften\u201c (= corps constitu\u00e9s) zu machen, ist letztlich der Tod des Gewerkschaftswesens auf Klassen- und Massenbasis, das die Interessen der Arbeitswelt gegen die Interessen des Kapitals unbedingt verteidigt. Die au\u00dferhalb der Gewerkschaften aufgetretene Bewegung der &#8222;Gelben Westen&#8220; ist eine Strafe f\u00fcr das\u00a0 reformistische, karrieristische und opportunistische Abdriften des opportunistischen Gewerkschaftswesens, das\u2013 und nicht immer zu Unrecht \u2013 als eine aristokratische und b\u00fcrokratisch-legalistische Kaste wahrgenommen wird, die nicht mehr die Wut und die auf ihre Forderungen gerichtete Kampfbereitschaft der ausgebeuteten arbeitenden Massen organisiert; diese Art Gewerkschaft besteht wohlgemerkt in Teilen des \u201ezusammengefassten Gewerkschaftswesens\u201c (\u201esydicalisme rassembl\u00e9\u201c), der Organisationen der\u00a0 CFDT, FO, UNSA, und f\u00e4rbt dadurch leider auch auf die Spitze der CGT ab.<\/p>\n<p>Die Bewegung der &#8222;Gelben Westen&#8220; vereint Lohnabh\u00e4ngige, Rentner, Arbeitslose, prek\u00e4r Besch\u00e4ftigte, Handwerker, Landwirte, kleine Kaufleute, Unternehmer von kleinen und mittleren Betrieben etc. gegen die Verteuerung der Lebenshaltungskosten. Unter ihnen gibt es Menschen, die rechtsorientiert, sozialistisch, antiliberal-links, kommunistisch, anarchistisch, oder in der Mehrheit ohne politische Zuordnung, ja sogar rechtsextrem sind.<\/p>\n<p><strong>Was sie gemeinsam haben, ist die Ablehnung der teuren Lebenshaltungskosten, deren Opfer sie sind. Daraus ergibt sich der fundamentale Grund f\u00fcr unser Engagement mit ihnen, um den gesellschaftlichen Zerr\u00fcttungsprozess zu stoppen, der die Menschen verarmt, unsere erk\u00e4mpften demokratischen Rechte liquidiert, unsere sozialen Errungenschaften zerst\u00f6rt.<br \/>\nDieser Text ist ein Appell, damit die CGT \u2013 nach dem Beispiel von 2005 beim NEIN gegen den Europ\u00e4ischen Verfassungsvertrag \u2013 zusammen mit den &#8222;Gelben Westen&#8220; ihren eigentlichen Platz einnimmt, damit eine Gewerkschaftsbewegung auf Klassen- und Massenbasis lebendig wird, die 1936, 1945, 1968 so viele demokratische und soziale Errungenschaften erzielen konnte.\u00a0 <\/strong><\/p>\n<p><strong>Wir m\u00fcssen uns unserer Vorg\u00e4nger w\u00fcrdig zeigen und den Hinweis des gro\u00dfen revolution\u00e4ren F\u00fchrers Lenin bedenken:<br \/>\n<\/strong>\u201eWer eine \u201areine\u2018 soziale Revolution erwartet, der wird sie niemals erleben. Der ist nur in Worten ein Revolution\u00e4r, der versteht nicht die wirkliche Revolution. (\u2026) Die\u2026Revolution\u2026 kann nichts anderes sein als ein Ausbruch des Massenkampfes aller und jeglicher Unterdr\u00fcckten und Unzufriedenen. Teile des Kleinb\u00fcrgertums und der r\u00fcckst\u00e4ndigen Arbeiter werden unweigerlich an ihr teilnehmen &#8211; ohne eine solche Teilnahme ist ein Massenkampf nicht m\u00f6glich, ist \u00fcberhaupt keine Revolution m\u00f6glich -, und ebenso unweigerlich werden sie in die Bewegung ihre Vorurteile, ihre reaktion\u00e4ren Phantastereien, ihre Fehler und Schw\u00e4chen hineintragen. Objektiv aber werden sie das Kapital angreifen, und die klassenbewusste Avantgarde der Revolution, das fortgeschrittene Proletariat, das diese objektive Wahrheit des mannigfaltigen, vielstimmigen, buntscheckigen und \u00e4u\u00dferlich zersplitterten Massenkampfes zum Ausdruck bringt, wird es verstehen, ihn zu vereinheitlichen und zu lenken, die Macht zu erobern, die Banken in Besitz zu nehmen, die allen (wenn auch aus verschiedenen Gr\u00fcnden!) so verhassten Trusts zu expropriieren und andere diktatorische Ma\u00dfnahmen durchzuf\u00fchren, die in ihrer Gesamtheit den Sturz der Bourgeoisie und den Sieg des Sozialismus ergeben\u2026\u201c (Wladimir Iljitsch Lenin, Die Ergebnisse der Diskussion \u00fcber die Selbstbestimmung \u2013 geschrieben im Juli 1916\u00a0 \u2013 LW 22\/ 364.)<\/p>\n<p>Alle gemeinsam mit den &#8222;Gelben Westen&#8220;, um Macron, dem Pr\u00e4sidenten der Milliard\u00e4re, zu sagen: &#8222;Die Autofahrer, die Arbeiter, die Fl\u00fcchtlinge und Migranten ohne Ausweispapiere sind keine Milchk\u00fche.&#8220;<\/p>\n<p style=\"text-align: right;\"><em>Diagne Roland ist Mitglied der Leitungsgremien folgender Gewerkschaftsorganisationen: <\/em><br \/>\n<em><a href=\"https:\/\/www.facebook.com\/cgteduc59\/\" target=\"_blank\" rel=\"noopener\">CGT Educ&#8217;Action Nord<\/a> \/ <a href=\"http:\/\/www.ferc-cgt.org\/\" target=\"_blank\" rel=\"noopener\">FERC-CGT<\/a> \/ <a href=\"https:\/\/www.facebook.com\/cgtudnord\/?ref=page_internal\" target=\"_blank\" rel=\"noopener\">UD CGT Nord<\/a> &#8211; <a href=\"http:\/\/ulcgt-tourcoing.fr\/\" target=\"_blank\" rel=\"noopener\">UL CGT Tourcoing<\/a><\/em><\/p>\n<p>&nbsp;<\/p>\n<p><em>Franz\u00f6sischer Originaltext (26. 11.2018): <a href=\"http:\/\/canempechepasnicolas.over-blog.com\/2018\/11\/a-propos-de-la-lutte-des-gilets-jaunes-lettre-d-un-camarade-a-ses-camarades-de-la-cgt-6.html\">canempechepasnicolas.over-blog.com<\/a><\/em><\/p>\n<p><em>Deutsche Erstver\u00f6ffentlichung (28.11.2018): <a href=\"http:\/\/www.nrhz.de\/flyer\/beitrag.php?id=25436\" target=\"_blank\" rel=\"noopener\">http:\/\/www.nrhz.de\/flyer\/beitrag.php?id=25436<\/a><\/em><\/p>\n<p><em>\u00dcbersetzung von <strong>Klaus v. Raussendorff<\/strong><\/em><\/p>\n<p>&nbsp;<\/p>\n<h5>Anmerkungen<\/h5>\n<p><a href=\"#_ednref1\" name=\"_edn1\">[1]<\/a> Die Conf\u00e9d\u00e9ration g\u00e9n\u00e9rale du travail (CGT; deutsch Allgemeiner Gewerkschaftsbund) ist mit etwa 690.000 Mitgliedern der zweitgr\u00f6\u00dfte Gewerkschaftsbund Frankreichs. Die CGT stand fr\u00fcher mehr als heute der Kommunistischen Partei Frankreichs nahe.<\/p>\n<p><a href=\"#_ednref2\" name=\"_edn2\">[2]<\/a> Poujadismus war in den 1950er Jahren in Frankreich eine nach Pierre Poujade benannte kleinb\u00fcrgerliche Anti-Steuer-Protestbewegung von kleinen Gesch\u00e4ftsleuten, H\u00e4ndlern und einigen mittelst\u00e4ndischen Unternehmern.<\/p>\n<p><a href=\"#_ednref3\" name=\"_edn3\">[3]<\/a> Uberisation ist ein Neo-Euphemismus, der von dem Namen der Firma Uber abgeleitet ist. Er bezeichnet ein digitalisiertes Unternehmen zur Bereitstellung von Dienstleistungen, durch die \u201etraditionelle\u201c Wirtschaftsmodelle wie beispielsweise Taxi-Dienste in Frage gestellt werden.<\/p>\n<p><a href=\"#_ednref4\" name=\"_edn4\">[4]<\/a> Solidaires sind linksalternative Basisgewerkschaften.<\/p>\n<hr \/>\n<p><span style=\"font-size: 10pt;\">Bild oben: \u00dcbernommen vom Originalbeitrag auf <a href=\"http:\/\/canempechepasnicolas.over-blog.com\/2018\/11\/a-propos-de-la-lutte-des-gilets-jaunes-lettre-d-un-camarade-a-ses-camarades-de-la-cgt-6.html\">canempechepasnicolas.over-blog.com<\/a><br \/>\nBearbeitung: rlx<\/span><\/p>\n","protected":false},"excerpt":{"rendered":"<p>Brief eines franz\u00f6sischen Gewerkschaftlers an seine Kollegen der CGT &#8211; <b>Beitrag von Diagne Roland<\/b>, \u00fcbersetzt von Klaus von Raussendorff<br \/>\nSeit dem 17. November 2018 protestieren Arbeiter und B\u00fcrger in &#8222;Gelben Westen&#8220; gegen die Anhebung der Treibstoffpreise infolge einer neuen Diesel-Steuer, also gegen einen Angriff, der sich zum x-ten Male gegen unsere Klasseninteressen richtet. Diese Bewegung nimmt in einem kolonialen Zusammenhang auf der Insel R\u00e9union die Z\u00fcge eines Quasi-Volksaufstandes an. Wir wissen alle, dass der &#8222;\u00f6kologische&#8220; Vorwand f\u00fcr diese erneute Verteuerung der Lebenshaltungskosten der Arbeiter und ihrer Familien eines der permanenten T\u00e4uschungsman\u00f6ver ist, gleich den Ausreden zur Begr\u00fcndung des neuen \u201eArbeitsrechts\u201c und sonstiger \u201eReformen\u201c von Emmanuel Macron, die wir mutig und entschlossen bek\u00e4mpft haben, ohne sie zu stoppen.<\/p>\n","protected":false},"author":3,"featured_media":5573,"comment_status":"closed","ping_status":"closed","sticky":false,"template":"","format":"standard","meta":{"colormag_page_container_layout":"default_layout","colormag_page_sidebar_layout":"default_layout","advanced_seo_description":"","jetpack_seo_html_title":"","jetpack_seo_noindex":false,"jetpack_post_was_ever_published":false,"footnotes":""},"categories":[11],"tags":[1027,1106,358,812,138,1060],"class_list":["post-5569","post","type-post","status-publish","format-standard","has-post-thumbnail","hentry","category-arbeit-soziales","tag-frankreich","tag-gelbwesten","tag-gewerkschaft","tag-protest","tag-revolution","tag-soziale-sicherheit"],"jetpack_featured_media_url":"https:\/\/i0.wp.com\/www.freidenker.org\/fw17\/wp-content\/uploads\/2018\/11\/ob_b97d01_ob-668f33-gilet-jaune-camarade-cgt-800x445_v2.jpg?fit=800%2C445&ssl=1","jetpack_shortlink":"https:\/\/wp.me\/p9stpK-1rP","jetpack-related-posts":[{"id":12870,"url":"https:\/\/www.freidenker.org\/?p=12870","url_meta":{"origin":5569,"position":0},"title":"Frieden statt Kriegshetze!","author":"Webredaktion","date":"19. April 2022","format":false,"excerpt":"Erkl\u00e4rung des Bundesverbands Arbeiterfotografie zu Russlands Vorgehen in der Ukraine, April 2022 Seit dem 24. Februar 2022 ist zu der weltweiten Ersch\u00fctterung durch das Corona-Geschehen eine weitere gro\u00dfe Bedrohung hinzugekommen \u2013 die Gefahr eines von der Ukraine ausgehenden zerst\u00f6rerischen Fl\u00e4chenbrandes. Es ist, als h\u00e4tte der Westen auf diese Situation lange\u2026","rel":"","context":"In &quot;Frieden - Antifaschismus - Solidarit\u00e4t&quot;","block_context":{"text":"Frieden - Antifaschismus - Solidarit\u00e4t","link":"https:\/\/www.freidenker.org\/?cat=13"},"img":{"alt_text":"","src":"https:\/\/i0.wp.com\/www.freidenker.org\/fw17\/wp-content\/uploads\/2022\/04\/AF-Erklaerung-Ukraine_v2_800x448.jpg?fit=800%2C449&ssl=1&resize=350%2C200","width":350,"height":200,"srcset":"https:\/\/i0.wp.com\/www.freidenker.org\/fw17\/wp-content\/uploads\/2022\/04\/AF-Erklaerung-Ukraine_v2_800x448.jpg?fit=800%2C449&ssl=1&resize=350%2C200 1x, https:\/\/i0.wp.com\/www.freidenker.org\/fw17\/wp-content\/uploads\/2022\/04\/AF-Erklaerung-Ukraine_v2_800x448.jpg?fit=800%2C449&ssl=1&resize=525%2C300 1.5x, https:\/\/i0.wp.com\/www.freidenker.org\/fw17\/wp-content\/uploads\/2022\/04\/AF-Erklaerung-Ukraine_v2_800x448.jpg?fit=800%2C449&ssl=1&resize=700%2C400 2x"},"classes":[]},{"id":18765,"url":"https:\/\/www.freidenker.org\/?p=18765","url_meta":{"origin":5569,"position":1},"title":"Von der Aggression gegen Jugoslawien zum NATO-Krieg gegen Russland","author":"Webredaktion","date":"14. April 2024","format":false,"excerpt":"Rede von Klaus Hartmann, gehalten am 22. M\u00e4rz 2024 auf der Konferenz \"Von der Aggression zu einer neuen gerechten Ordnung\" in Belgrad Im Jahr 2022 hat die deutsche Bundesregierung eine \u201eZeitenwende\u201c, eine \u201eneue \u00c4ra\u201c proklamiert \u2013 um damit die Russische F\u00f6deration anzuklagen, unter Bruch des V\u00f6lkerrechts einen Angriffskrieg begonnen zu\u2026","rel":"","context":"In &quot;Demokratie \u2013 Medien \u2013 Aufkl\u00e4rung&quot;","block_context":{"text":"Demokratie \u2013 Medien \u2013 Aufkl\u00e4rung","link":"https:\/\/www.freidenker.org\/?cat=12"},"img":{"alt_text":"","src":"https:\/\/i0.wp.com\/www.freidenker.org\/fw17\/wp-content\/uploads\/2024\/04\/beoforum_2024_Hartmann_800x450.jpg?fit=800%2C450&ssl=1&resize=350%2C200","width":350,"height":200,"srcset":"https:\/\/i0.wp.com\/www.freidenker.org\/fw17\/wp-content\/uploads\/2024\/04\/beoforum_2024_Hartmann_800x450.jpg?fit=800%2C450&ssl=1&resize=350%2C200 1x, https:\/\/i0.wp.com\/www.freidenker.org\/fw17\/wp-content\/uploads\/2024\/04\/beoforum_2024_Hartmann_800x450.jpg?fit=800%2C450&ssl=1&resize=525%2C300 1.5x, https:\/\/i0.wp.com\/www.freidenker.org\/fw17\/wp-content\/uploads\/2024\/04\/beoforum_2024_Hartmann_800x450.jpg?fit=800%2C450&ssl=1&resize=700%2C400 2x"},"classes":[]},{"id":16909,"url":"https:\/\/www.freidenker.org\/?p=16909","url_meta":{"origin":5569,"position":2},"title":"Gegen die m\u00f6rderische Friedensunf\u00e4higkeit der Ampel-Koalition","author":"Webredaktion","date":"12. September 2023","format":false,"excerpt":"Beitrag von Rainer Rupp Die \"Ukraine wird gewinnen\"-Euphorie ist weitgehend verebbt. Aber die unerbittliche Hass-Propaganda gegen Russland und alles Russische, geht ungebremst weiter. Die rassistische Massenhysterie richtet sich nicht nur gegen russische Politiker und russisches Milit\u00e4r, sondern auch gegen russische Kultur, russische Menschen und sogar gegen Ballett-, Musik- und Theaterauff\u00fchrungen,\u2026","rel":"","context":"In &quot;Frieden - Antifaschismus - Solidarit\u00e4t&quot;","block_context":{"text":"Frieden - Antifaschismus - Solidarit\u00e4t","link":"https:\/\/www.freidenker.org\/?cat=13"},"img":{"alt_text":"","src":"https:\/\/i0.wp.com\/www.freidenker.org\/fw17\/wp-content\/uploads\/2023\/09\/Friedensrat_2022_800x450.jpg?fit=800%2C450&ssl=1&resize=350%2C200","width":350,"height":200,"srcset":"https:\/\/i0.wp.com\/www.freidenker.org\/fw17\/wp-content\/uploads\/2023\/09\/Friedensrat_2022_800x450.jpg?fit=800%2C450&ssl=1&resize=350%2C200 1x, https:\/\/i0.wp.com\/www.freidenker.org\/fw17\/wp-content\/uploads\/2023\/09\/Friedensrat_2022_800x450.jpg?fit=800%2C450&ssl=1&resize=525%2C300 1.5x, https:\/\/i0.wp.com\/www.freidenker.org\/fw17\/wp-content\/uploads\/2023\/09\/Friedensrat_2022_800x450.jpg?fit=800%2C450&ssl=1&resize=700%2C400 2x"},"classes":[]},{"id":20407,"url":"https:\/\/www.freidenker.org\/?p=20407","url_meta":{"origin":5569,"position":3},"title":"Rede im O-Ton: Putin k\u00fcndigt Angriffe an","author":"Webredaktion","date":"24. November 2024","format":false,"excerpt":"Beitrag von Thomas R\u00f6per Am Donnerstag wurde gemeldet, dass Russland angeblich mit einer ballistischen Rakete ein Ziel in der Ukraine angegriffen hat. Wie sich nun herausstellt, war das eine neue, bisher geheime Hyperschallwaffe, die Russland als Warnung an den Westen eingesetzt hat. Das hat der russische Pr\u00e4sident Putin in seiner\u2026","rel":"","context":"In &quot;Demokratie \u2013 Medien \u2013 Aufkl\u00e4rung&quot;","block_context":{"text":"Demokratie \u2013 Medien \u2013 Aufkl\u00e4rung","link":"https:\/\/www.freidenker.org\/?cat=12"},"img":{"alt_text":"","src":"https:\/\/i0.wp.com\/www.freidenker.org\/fw17\/wp-content\/uploads\/2024\/11\/putin-ansprache_800x450.jpg?fit=800%2C450&ssl=1&resize=350%2C200","width":350,"height":200,"srcset":"https:\/\/i0.wp.com\/www.freidenker.org\/fw17\/wp-content\/uploads\/2024\/11\/putin-ansprache_800x450.jpg?fit=800%2C450&ssl=1&resize=350%2C200 1x, https:\/\/i0.wp.com\/www.freidenker.org\/fw17\/wp-content\/uploads\/2024\/11\/putin-ansprache_800x450.jpg?fit=800%2C450&ssl=1&resize=525%2C300 1.5x, https:\/\/i0.wp.com\/www.freidenker.org\/fw17\/wp-content\/uploads\/2024\/11\/putin-ansprache_800x450.jpg?fit=800%2C450&ssl=1&resize=700%2C400 2x"},"classes":[]},{"id":339,"url":"https:\/\/www.freidenker.org\/?p=339","url_meta":{"origin":5569,"position":4},"title":"Solidarit\u00e4t mit den streikenden griechischen Stahlarbeitern","author":"Webmaster","date":"16. April 2012","format":false,"excerpt":"Beitrag von Emmanuel Korakis aus FREIDENKER 1-12 Das Griechische Stahlwerk ELLINIKI CHALYVOURGIA ist das gr\u00f6\u00dfte Stahlunternehmen in Griechenland. .. Die Produktion und die Gewinne des Unternehmens steigen in den letzten Jahren stetig. ... Arbeit unter unmenschlichen Bedingungen mit Temperaturen \u00fcber 110 C, Verbrennungen, Ohnmacht, t\u00f6dliche Arbeitsunf\u00e4lle wegen des schlechten Arbeitsschutzes\u2026","rel":"","context":"In &quot;Arbeit &amp; Soziales&quot;","block_context":{"text":"Arbeit &amp; Soziales","link":"https:\/\/www.freidenker.org\/?cat=11"},"img":{"alt_text":"","src":"https:\/\/i0.wp.com\/www.freidenker.org\/fw17\/wp-content\/uploads\/2016\/07\/Stahl.jpg?fit=800%2C445&ssl=1&resize=350%2C200","width":350,"height":200,"srcset":"https:\/\/i0.wp.com\/www.freidenker.org\/fw17\/wp-content\/uploads\/2016\/07\/Stahl.jpg?fit=800%2C445&ssl=1&resize=350%2C200 1x, https:\/\/i0.wp.com\/www.freidenker.org\/fw17\/wp-content\/uploads\/2016\/07\/Stahl.jpg?fit=800%2C445&ssl=1&resize=525%2C300 1.5x, https:\/\/i0.wp.com\/www.freidenker.org\/fw17\/wp-content\/uploads\/2016\/07\/Stahl.jpg?fit=800%2C445&ssl=1&resize=700%2C400 2x"},"classes":[]},{"id":22661,"url":"https:\/\/www.freidenker.org\/?p=22661","url_meta":{"origin":5569,"position":5},"title":"WUF-Resolution: Krieg und Faschismus den Weg versperren!","author":"Webredaktion","date":"26. August 2025","format":false,"excerpt":"Resolution der Tagung der Weltunion der Freidenker in Gy\u00f6r, Ungarn, 15.-17. 08. 2025 In den letzten Jahren hat sich im \u201ekollektiven Westen\u201c eine pathologische Russophobie und Kriegspsychose breit gemacht. Repr\u00e4sentativ daf\u00fcr steht die au\u00dfenpolitische EU-Repr\u00e4sentantin Kaja Kallas: \u201eWenn Europa Russland nicht besiegen kann, wie soll es dann mit China fertig\u2026","rel":"","context":"In &quot;Demokratie \u2013 Medien \u2013 Aufkl\u00e4rung&quot;","block_context":{"text":"Demokratie \u2013 Medien \u2013 Aufkl\u00e4rung","link":"https:\/\/www.freidenker.org\/?cat=12"},"img":{"alt_text":"","src":"https:\/\/i0.wp.com\/www.freidenker.org\/fw17\/wp-content\/uploads\/2025\/08\/Denkmal_Faschismus_Potsdam_mit_WUF-Logo.jpg?fit=800%2C450&ssl=1&resize=350%2C200","width":350,"height":200,"srcset":"https:\/\/i0.wp.com\/www.freidenker.org\/fw17\/wp-content\/uploads\/2025\/08\/Denkmal_Faschismus_Potsdam_mit_WUF-Logo.jpg?fit=800%2C450&ssl=1&resize=350%2C200 1x, https:\/\/i0.wp.com\/www.freidenker.org\/fw17\/wp-content\/uploads\/2025\/08\/Denkmal_Faschismus_Potsdam_mit_WUF-Logo.jpg?fit=800%2C450&ssl=1&resize=525%2C300 1.5x, https:\/\/i0.wp.com\/www.freidenker.org\/fw17\/wp-content\/uploads\/2025\/08\/Denkmal_Faschismus_Potsdam_mit_WUF-Logo.jpg?fit=800%2C450&ssl=1&resize=700%2C400 2x"},"classes":[]}],"_links":{"self":[{"href":"https:\/\/www.freidenker.org\/index.php?rest_route=\/wp\/v2\/posts\/5569","targetHints":{"allow":["GET"]}}],"collection":[{"href":"https:\/\/www.freidenker.org\/index.php?rest_route=\/wp\/v2\/posts"}],"about":[{"href":"https:\/\/www.freidenker.org\/index.php?rest_route=\/wp\/v2\/types\/post"}],"author":[{"embeddable":true,"href":"https:\/\/www.freidenker.org\/index.php?rest_route=\/wp\/v2\/users\/3"}],"replies":[{"embeddable":true,"href":"https:\/\/www.freidenker.org\/index.php?rest_route=%2Fwp%2Fv2%2Fcomments&post=5569"}],"version-history":[{"count":0,"href":"https:\/\/www.freidenker.org\/index.php?rest_route=\/wp\/v2\/posts\/5569\/revisions"}],"wp:featuredmedia":[{"embeddable":true,"href":"https:\/\/www.freidenker.org\/index.php?rest_route=\/wp\/v2\/media\/5573"}],"wp:attachment":[{"href":"https:\/\/www.freidenker.org\/index.php?rest_route=%2Fwp%2Fv2%2Fmedia&parent=5569"}],"wp:term":[{"taxonomy":"category","embeddable":true,"href":"https:\/\/www.freidenker.org\/index.php?rest_route=%2Fwp%2Fv2%2Fcategories&post=5569"},{"taxonomy":"post_tag","embeddable":true,"href":"https:\/\/www.freidenker.org\/index.php?rest_route=%2Fwp%2Fv2%2Ftags&post=5569"}],"curies":[{"name":"wp","href":"https:\/\/api.w.org\/{rel}","templated":true}]}}