{"id":556,"date":"2012-03-22T15:21:01","date_gmt":"2012-03-22T14:21:01","guid":{"rendered":"http:\/\/www.freidenker.org\/fw17\/?p=556"},"modified":"2018-02-18T23:48:40","modified_gmt":"2018-02-18T22:48:40","slug":"geld-finanzkrise-zukunft-des-euro","status":"publish","type":"post","link":"https:\/\/www.freidenker.org\/?p=556","title":{"rendered":"Geld, Finanzkrise, Zukunft des Euro"},"content":{"rendered":"<p><em>Aus <a href=\"https:\/\/www.freidenker.org\/?p=754\">Freidenker Nr. 1-12<\/a><\/em><\/p>\n<p>[Rubrik: &#8222;B\u00fccher f\u00fcr Freidenker&#8220;]<\/p>\n<p>Lucas Zeise ist nicht \u201anur\u2018 marxistischer Publizist und Vorsitzender der Marx-Engels- Stiftung, seine Analysen wurden und werden auch von der \u201aanderen Seite\u2018 gesch\u00e4tzt: Er war Autor des <em>B\u00f6rsenblatts<\/em> und dann Mitbegr\u00fcnder der <em>Financial Times Deutschland<\/em>, f\u00fcr die er bis heute regelm\u00e4\u00dfig Kolumnen schreibt \u2013 wie k\u00fcnftig auch f\u00fcr die <em>junge Welt<\/em>. Vom Autor des \u201eGeld\u201c-Beitrags unseres Heft-Schwerpunkts sind in letzter Zeit drei Taschenb\u00fccher erschienen, die verschiedene Aspekte der Krise und der \u00f6konomischen Politik behandeln. Im \u201eEnde der Party\u201c untersucht er Ursachen der Finanzkrise und belegt, dass die politisch durchgesetzte weltweite Deregulierung eine wesentliche Krisenursache ist: Banken und Finanzpolitiker versuchen, einen m\u00f6glichst gro\u00dfen Teil der Verluste zu \u201asozialisieren\u2018. Er er\u00f6rtert, was eine scharfe Regulierung des Banken- und Finanzsektors, verbunden mit effektiver \u00f6ffentlicher Aufsicht und Kontrolle bewirken k\u00f6nnte. Der seinem Beitrag in diesem Heft zugrundeliegende Band \u00fcber das \u201eGeld\u201c behandelt die Bedeutung des Finanzsektors im Kapitalismus. Verschiedenen Theorien \u00fcber das Geld, das nicht nur im Volksmund die zentrale Institution und Kategorie im Treiben des Kapitalismus ist, werden diskutiert, ebenso, wie es den Akteuren am Kapitalmarkt gelingt, immer gr\u00f6\u00dfere Anteile des Gesamtprofits f\u00fcr sich abzuzweigen. Lucas Zeise analysiert die kleinen und gro\u00dfen Krisen des Kapitalismus, Inflation, W\u00e4hrungskrisen und Staatspleiten sowie die Chancen zur B\u00e4ndigung des Finanzsektors. Der j\u00fcngste, im M\u00e4rz 2012 erschienene Band \u201eEuroland\u201c gibt dem \u00dcberleben des Euro keine Chance. Nach einem knappen Wegweiser durch die Etappen der Finanz-, Wirtschafts- und Staatsschuldenkrise Eurolands begr\u00fcndet der Autor, weshalb die Rettung aus der Misere weder aus einem neuen Spardiktat der deutschen Regierung noch der Regierungs\u00fcbernahme durch die Europ\u00e4ische Zentralbank bestehen kann. Auswege aus der Krise sieht er in einem einheitlichen Schuldenschnitt sowie im Beginn einer Umverteilung des Reichtums.<\/p>\n<ul>\n<li><em>Lucas Zeise, Ende der Party, K\u00f6ln 2009, PapyRossa Verlag, 205 Seiten, 14,90 Euro<\/em><\/li>\n<li><em>Lucas Zeise, Geld \u2013 der vertrackte Kern des Kapitalismus, K\u00f6ln 2010, PapyRossa Verlag, 205 Seiten, 12,90 Euro <\/em><\/li>\n<li><em>Lucas Zeise, Euroland ist abgebrannt, K\u00f6ln 2012, PapyRossa Verlag, 140 Seiten, 11,90 Euro<\/em><\/li>\n<\/ul>\n<hr \/>\n<p>Bild: https:\/\/pixabay.com\/de\/users\/Alexas_Fotos-686414\/ Alexandra<\/p>\n","protected":false},"excerpt":{"rendered":"<p><strong>Kurzrezension zu 3 B\u00fcchern von Lucas Zeise. Aus FREIDENKER 1-12<\/strong><br \/>\nLucas Zeise ist nicht \u201anur\u2018 marxistischer Publizist und Vorsitzender der Marx-Engels- Stiftung, seine Analysen wurden und werden auch von der \u201aanderen Seite\u2018 gesch\u00e4tzt: Er war Autor des B\u00f6rsenblatts und dann Mitbegr\u00fcnder der Financial Times Deutschland, f\u00fcr die er bis heute regelm\u00e4\u00dfig Kolumnen schreibt \u2013 wie k\u00fcnftig auch f\u00fcr die junge Welt. Vom Autor des \u201eGeld\u201c-Beitrags unseres Heft-Schwerpunkts sind in letzter Zeit drei Taschenb\u00fccher erschienen, die verschiedene Aspekte der Krise und der \u00f6konomischen Politik behandeln. Im \u201eEnde der Party\u201c untersucht er Ursachen der Finanzkrise und belegt, dass die politisch durchgesetzte weltweite Deregulierung eine wesentliche Krisenursache ist: Banken und Finanzpolitiker versuchen, einen m\u00f6glichst gro\u00dfen Teil der Verluste zu \u201asozialisieren\u2018. <\/p>\n","protected":false},"author":2,"featured_media":557,"comment_status":"closed","ping_status":"closed","sticky":false,"template":"","format":"standard","meta":{"colormag_page_container_layout":"default_layout","colormag_page_sidebar_layout":"default_layout","advanced_seo_description":"","jetpack_seo_html_title":"","jetpack_seo_noindex":false,"jetpack_post_was_ever_published":false,"footnotes":""},"categories":[6],"tags":[181,187,263,262],"class_list":["post-556","post","type-post","status-publish","format-standard","has-post-thumbnail","hentry","category-publikationen-fuer-freidenker","tag-euro","tag-eurokrise","tag-finanzkrise","tag-lucas-zeise"],"jetpack_featured_media_url":"https:\/\/i0.wp.com\/www.freidenker.org\/fw17\/wp-content\/uploads\/2016\/08\/Euroscheine.jpg?fit=800%2C445&ssl=1","jetpack_shortlink":"https:\/\/wp.me\/p9stpK-8Y","jetpack-related-posts":[{"id":754,"url":"https:\/\/www.freidenker.org\/?p=754","url_meta":{"origin":556,"position":0},"title":"FREIDENKER 1-12 &#8211; Unser Geld, die EU und die Krise","author":"Webmaster","date":"16. M\u00e4rz 2012","format":false,"excerpt":"Die Ausgabe 1-12 des Verbandsorgans FREIDENKER hat das Schwerpunkt-Thema \u201eUnser Geld, die EU und die Krise\u201c und enth\u00e4lt u.a folgende Beitr\u00e4ge: - Andreas Wehr: Krise, EURO und EU - Emmanuel Korakis: Solidarit\u00e4t mit den streikenden griechischen Stahlarbeitern - Jan Bretschneider: Was sind Ratingagenturen? - Tobias Baumann: (Finanzmarkt-)Krise: Die progressiven L\u00e4nder\u2026","rel":"","context":"In &quot;Verbandsorgan FREIDENKER&quot;","block_context":{"text":"Verbandsorgan FREIDENKER","link":"https:\/\/www.freidenker.org\/?cat=8"},"img":{"alt_text":"","src":"https:\/\/i0.wp.com\/www.freidenker.org\/fw17\/wp-content\/uploads\/2017\/12\/FD_2012-01_Titel_mR.jpg?fit=800%2C445&ssl=1&resize=350%2C200","width":350,"height":200,"srcset":"https:\/\/i0.wp.com\/www.freidenker.org\/fw17\/wp-content\/uploads\/2017\/12\/FD_2012-01_Titel_mR.jpg?fit=800%2C445&ssl=1&resize=350%2C200 1x, https:\/\/i0.wp.com\/www.freidenker.org\/fw17\/wp-content\/uploads\/2017\/12\/FD_2012-01_Titel_mR.jpg?fit=800%2C445&ssl=1&resize=525%2C300 1.5x, https:\/\/i0.wp.com\/www.freidenker.org\/fw17\/wp-content\/uploads\/2017\/12\/FD_2012-01_Titel_mR.jpg?fit=800%2C445&ssl=1&resize=700%2C400 2x"},"classes":[]},{"id":795,"url":"https:\/\/www.freidenker.org\/?p=795","url_meta":{"origin":556,"position":1},"title":"FREIDENKER 1-14 &#8211; Realit\u00e4t und Ideologien zwischen Fortschritt und Reaktion","author":"Webmaster","date":"16. April 2014","format":false,"excerpt":"Die Ausgabe 1-14 des Verbandsorgans FREIDENKER hat das Schwerpunkt-Thema \u201eRealit\u00e4t und Ideologien zwischen Fortschritt und Reaktion\u201c und enth\u00e4lt u.a folgende Beitr\u00e4ge: - DFV zur Krise in der Ukraine: Der Aggressor hei\u00dft NATO - Sebastian Bahlo: Heimat und Patriotismus \u2013 Unworte f\u00fcr Internationalisten? - Andreas Wehr: Der europ\u00e4ische Traum und die\u2026","rel":"","context":"In &quot;Verbandsorgan FREIDENKER&quot;","block_context":{"text":"Verbandsorgan FREIDENKER","link":"https:\/\/www.freidenker.org\/?cat=8"},"img":{"alt_text":"","src":"https:\/\/i0.wp.com\/www.freidenker.org\/fw17\/wp-content\/uploads\/2017\/12\/FD_2014-01_Titel_mR.jpg?fit=800%2C445&ssl=1&resize=350%2C200","width":350,"height":200,"srcset":"https:\/\/i0.wp.com\/www.freidenker.org\/fw17\/wp-content\/uploads\/2017\/12\/FD_2014-01_Titel_mR.jpg?fit=800%2C445&ssl=1&resize=350%2C200 1x, https:\/\/i0.wp.com\/www.freidenker.org\/fw17\/wp-content\/uploads\/2017\/12\/FD_2014-01_Titel_mR.jpg?fit=800%2C445&ssl=1&resize=525%2C300 1.5x, https:\/\/i0.wp.com\/www.freidenker.org\/fw17\/wp-content\/uploads\/2017\/12\/FD_2014-01_Titel_mR.jpg?fit=800%2C445&ssl=1&resize=700%2C400 2x"},"classes":[]},{"id":520,"url":"https:\/\/www.freidenker.org\/?p=520","url_meta":{"origin":556,"position":2},"title":"FREIDENKER 4-08 &#8211; 90 Jahre Novemberrevolution &#8211; Ermordung von Rosa Luxemburg und Karl Liebknecht","author":"Webmaster","date":"16. Dezember 2008","format":false,"excerpt":"Die Ausgabe 4-08 des Verbandsorgans FREIDENKER hat das Schwerpunkt-Thema \u201e90 Jahre Novemberrevolution - Ermordung von Rosa Luxemburg und Karl Liebknecht\u201c und enth\u00e4lt u.a folgende Beitr\u00e4ge: - Klaus Hartmann: 90 Jahre Novemberrevolution - Clara Zetkin: F\u00fcr Rosa Luxemburg - Prof. Schneider: Karl Liebknecht \u2013 M\u00e4rtyrer, Held, Vorbild? - G\u00fcnter Stamer: Kiel\u2026","rel":"","context":"In &quot;Verbandsorgan FREIDENKER&quot;","block_context":{"text":"Verbandsorgan FREIDENKER","link":"https:\/\/www.freidenker.org\/?cat=8"},"img":{"alt_text":"","src":"https:\/\/i0.wp.com\/www.freidenker.org\/fw17\/wp-content\/uploads\/2017\/12\/FD_2008-04_Titel_mR.jpg?fit=800%2C445&ssl=1&resize=350%2C200","width":350,"height":200,"srcset":"https:\/\/i0.wp.com\/www.freidenker.org\/fw17\/wp-content\/uploads\/2017\/12\/FD_2008-04_Titel_mR.jpg?fit=800%2C445&ssl=1&resize=350%2C200 1x, https:\/\/i0.wp.com\/www.freidenker.org\/fw17\/wp-content\/uploads\/2017\/12\/FD_2008-04_Titel_mR.jpg?fit=800%2C445&ssl=1&resize=525%2C300 1.5x, https:\/\/i0.wp.com\/www.freidenker.org\/fw17\/wp-content\/uploads\/2017\/12\/FD_2008-04_Titel_mR.jpg?fit=800%2C445&ssl=1&resize=700%2C400 2x"},"classes":[]},{"id":723,"url":"https:\/\/www.freidenker.org\/?p=723","url_meta":{"origin":556,"position":3},"title":"FREIDENKER 4-09 &#8211; Krise &#8211; Widerstand!","author":"Webmaster","date":"16. Dezember 2009","format":false,"excerpt":"Die Ausgabe 4-09 des Verbandsorgans FREIDENKER hat das Schwerpunkt-Thema \u201eKrise - Widerstand!\u201c und enth\u00e4lt u.a folgende Beitr\u00e4ge: - Rainer Thiel: Finanzkrise: Markt, Konkurrenz und Eigentum - Dieter Hillebrenner: Arbeiterklasse heute - Werner Seppmann: Krise ohne Widerstand? - Erich Hahn: ,Erinnerungsschlacht\u2018 und Weltanschauung - Klaus Hartmann: Krise im Kopf","rel":"","context":"In &quot;Verbandsorgan FREIDENKER&quot;","block_context":{"text":"Verbandsorgan FREIDENKER","link":"https:\/\/www.freidenker.org\/?cat=8"},"img":{"alt_text":"","src":"https:\/\/i0.wp.com\/www.freidenker.org\/fw17\/wp-content\/uploads\/2017\/12\/FD_2009-04_Titel_mR.jpg?fit=800%2C445&ssl=1&resize=350%2C200","width":350,"height":200,"srcset":"https:\/\/i0.wp.com\/www.freidenker.org\/fw17\/wp-content\/uploads\/2017\/12\/FD_2009-04_Titel_mR.jpg?fit=800%2C445&ssl=1&resize=350%2C200 1x, https:\/\/i0.wp.com\/www.freidenker.org\/fw17\/wp-content\/uploads\/2017\/12\/FD_2009-04_Titel_mR.jpg?fit=800%2C445&ssl=1&resize=525%2C300 1.5x, https:\/\/i0.wp.com\/www.freidenker.org\/fw17\/wp-content\/uploads\/2017\/12\/FD_2009-04_Titel_mR.jpg?fit=800%2C445&ssl=1&resize=700%2C400 2x"},"classes":[]},{"id":17762,"url":"https:\/\/www.freidenker.org\/?p=17762","url_meta":{"origin":556,"position":4},"title":"Der demokratische Antidemokrat \u2013 Zum Tod von Wolfgang Sch\u00e4uble","author":"Webredaktion","date":"6. Januar 2024","format":false,"excerpt":"Beitrag von Gert Ewen Ungar Wolfgang Sch\u00e4uble ist tot. Er starb im Alter von 81 Jahren im Kreise seiner Familie. Sch\u00e4uble konnte auf eine lange politische Karriere zur\u00fcckblicken, die nicht frei von Skandalen war. Sch\u00e4uble war durch und durch Machtpolitiker, wollte bestimmen, dominieren, dem politischen Gegner Niederlagen beibringen. Der Machtkampf\u2026","rel":"","context":"In &quot;Demokratie \u2013 Medien \u2013 Aufkl\u00e4rung&quot;","block_context":{"text":"Demokratie \u2013 Medien \u2013 Aufkl\u00e4rung","link":"https:\/\/www.freidenker.org\/?cat=12"},"img":{"alt_text":"","src":"https:\/\/i0.wp.com\/www.freidenker.org\/fw17\/wp-content\/uploads\/2024\/01\/Wolfgang_Schaeuble_by_OlafKosinsky_2772_800x450.jpg?fit=800%2C450&ssl=1&resize=350%2C200","width":350,"height":200,"srcset":"https:\/\/i0.wp.com\/www.freidenker.org\/fw17\/wp-content\/uploads\/2024\/01\/Wolfgang_Schaeuble_by_OlafKosinsky_2772_800x450.jpg?fit=800%2C450&ssl=1&resize=350%2C200 1x, https:\/\/i0.wp.com\/www.freidenker.org\/fw17\/wp-content\/uploads\/2024\/01\/Wolfgang_Schaeuble_by_OlafKosinsky_2772_800x450.jpg?fit=800%2C450&ssl=1&resize=525%2C300 1.5x, https:\/\/i0.wp.com\/www.freidenker.org\/fw17\/wp-content\/uploads\/2024\/01\/Wolfgang_Schaeuble_by_OlafKosinsky_2772_800x450.jpg?fit=800%2C450&ssl=1&resize=700%2C400 2x"},"classes":[]},{"id":22108,"url":"https:\/\/www.freidenker.org\/?p=22108","url_meta":{"origin":556,"position":5},"title":"Deutschlands industrieller Niedergang setzt sich fort","author":"Webredaktion","date":"13. Juni 2025","format":false,"excerpt":"Beitrag von Rainer Rupp Einst das industrielle Kraftzentrum Europas, rutscht Deutschland immer tiefer in eine beispiellose, selbstgemachte Wirtschaftskrise. Unser Land gilt jetzt als \"kranker Mann Europas\". Schlimm genug \u2012 aber noch schlimmer ist: Beim derzeitigen politischen F\u00fchrungspersonal ist keine Besserung in Sicht. Ein Anstieg der Unternehmensinsolvenzen, r\u00fcckl\u00e4ufige Industrieproduktion und strukturelle\u2026","rel":"","context":"In &quot;Arbeit &amp; Soziales&quot;","block_context":{"text":"Arbeit &amp; Soziales","link":"https:\/\/www.freidenker.org\/?cat=11"},"img":{"alt_text":"","src":"https:\/\/i0.wp.com\/www.freidenker.org\/fw17\/wp-content\/uploads\/2025\/06\/Duisburg_Landschaftspark_Duisburg-Nord_Hochofen_2_-_2016_-_1115_800x450.jpg?fit=800%2C450&ssl=1&resize=350%2C200","width":350,"height":200,"srcset":"https:\/\/i0.wp.com\/www.freidenker.org\/fw17\/wp-content\/uploads\/2025\/06\/Duisburg_Landschaftspark_Duisburg-Nord_Hochofen_2_-_2016_-_1115_800x450.jpg?fit=800%2C450&ssl=1&resize=350%2C200 1x, https:\/\/i0.wp.com\/www.freidenker.org\/fw17\/wp-content\/uploads\/2025\/06\/Duisburg_Landschaftspark_Duisburg-Nord_Hochofen_2_-_2016_-_1115_800x450.jpg?fit=800%2C450&ssl=1&resize=525%2C300 1.5x, https:\/\/i0.wp.com\/www.freidenker.org\/fw17\/wp-content\/uploads\/2025\/06\/Duisburg_Landschaftspark_Duisburg-Nord_Hochofen_2_-_2016_-_1115_800x450.jpg?fit=800%2C450&ssl=1&resize=700%2C400 2x"},"classes":[]}],"_links":{"self":[{"href":"https:\/\/www.freidenker.org\/index.php?rest_route=\/wp\/v2\/posts\/556","targetHints":{"allow":["GET"]}}],"collection":[{"href":"https:\/\/www.freidenker.org\/index.php?rest_route=\/wp\/v2\/posts"}],"about":[{"href":"https:\/\/www.freidenker.org\/index.php?rest_route=\/wp\/v2\/types\/post"}],"author":[{"embeddable":true,"href":"https:\/\/www.freidenker.org\/index.php?rest_route=\/wp\/v2\/users\/2"}],"replies":[{"embeddable":true,"href":"https:\/\/www.freidenker.org\/index.php?rest_route=%2Fwp%2Fv2%2Fcomments&post=556"}],"version-history":[{"count":0,"href":"https:\/\/www.freidenker.org\/index.php?rest_route=\/wp\/v2\/posts\/556\/revisions"}],"wp:featuredmedia":[{"embeddable":true,"href":"https:\/\/www.freidenker.org\/index.php?rest_route=\/wp\/v2\/media\/557"}],"wp:attachment":[{"href":"https:\/\/www.freidenker.org\/index.php?rest_route=%2Fwp%2Fv2%2Fmedia&parent=556"}],"wp:term":[{"taxonomy":"category","embeddable":true,"href":"https:\/\/www.freidenker.org\/index.php?rest_route=%2Fwp%2Fv2%2Fcategories&post=556"},{"taxonomy":"post_tag","embeddable":true,"href":"https:\/\/www.freidenker.org\/index.php?rest_route=%2Fwp%2Fv2%2Ftags&post=556"}],"curies":[{"name":"wp","href":"https:\/\/api.w.org\/{rel}","templated":true}]}}