{"id":553,"date":"2012-03-22T15:11:28","date_gmt":"2012-03-22T14:11:28","guid":{"rendered":"http:\/\/www.freidenker.org\/fw17\/?p=553"},"modified":"2018-02-18T14:21:44","modified_gmt":"2018-02-18T13:21:44","slug":"der-inquisitor-zieht-ins-schloss","status":"publish","type":"post","link":"https:\/\/www.freidenker.org\/?p=553","title":{"rendered":"Der Inquisitor zieht ins Schloss"},"content":{"rendered":"<p><em>Aus <a href=\"https:\/\/www.freidenker.org\/?p=754\">Freidenker Nr. 1-12<\/a><\/em><\/p>\n<p>Der Titel ist eine ironische Anspielung auf die fr\u00fchere T\u00e4tigkeit des designierten Bundespr\u00e4sidenten und signalisiert Bef\u00fcrchtungen, die auch fr\u00fchere Weggef\u00e4hrten Gaucks artikulierten, so namhafte B\u00fcrgerrechtler jetzt in der Erkl\u00e4rung \u201eFreiheit, die wir meinen\u201c.<\/p>\n<p>In dem zeitgleich ver\u00f6ffentlichten spotless &#8211; Band werden Werdegang und Charakter des k\u00fcnftigen Staatsoberhauptes beschrieben. Quellen und Zeugen sind dokumentiert. Unter ihnen auch der Schriftsteller Gerhard Zwerenz, einst aus der DDR geflohen, welcher auf eine Rede Gaucks aufmerksam machte, die dieser am 5. Juni 2011 in der Frankfurter Paulskirche hielt. Dort habe er die 68er-Bewegung kritisiert. \u201eDas ist logisch. Die 68er revoltierten gegen ihre Nazi-Eltern. Joachim Gaucks Eltern waren fr\u00fch faschistisch. Die Mutter als alte K\u00e4mpferin seit 1932, der Vater ab 1934 Mitglied der NSDAP. Nun ist niemand f\u00fcr seine Erzeuger verantwortlich\u201c, schrieb Zwerenz weiter. \u201eDoch Gauck argumentiert in vielen Punkten wie ein getreuer Sohn. Laut eigener Aussage ist er \u201amit einem begr\u00fcndeten Antikommunismus aufgewachsen\u2018 \u2013 so ehrt er als braver Christ Mutter und Vater in Ewigkeit. Amen! Sowohl aus famili\u00e4rer wie nationaler Tradition ist ein Bundespr\u00e4sident Gauck der passende Ausdruck deutscher Einheit in Treue zur Vergangenheit.\u201c (S. 112) Im Kontext j\u00fcngster Ereignisse am rechten Rand der Gesellschaft, der Nazimorde und der Nachsicht gegen\u00fcber rechtsextremistischen \u00c4u\u00dferungen, erhalten nat\u00fcrlich Hinweise dieser Art eine erhebliche Bedeutung.<\/p>\n<p><em>Klaus Huhn, Die Gauck-Beh\u00f6rde, Berlin 2012, spottles Verlag, 128 Seiten, 9,95 Euro<\/em><\/p>\n<hr \/>\n<p>Bild: https:\/\/pixabay.com\/de\/users\/moerschy-127417\/<\/p>\n","protected":false},"excerpt":{"rendered":"<p><strong>Rezension zu: Klaus Huhn, Die Gauck-Beh\u00f6rde, Berlin 2012., aus FREIDENKER 1-12<\/strong><br \/>\n&#8222;&#8230; Gauck argumentiert in vielen Punkten wie ein getreuer Sohn. Laut eigener Aussage ist er \u201amit einem begr\u00fcndeten Antikommunismus aufgewachsen\u2018 \u2013 so ehrt er als braver Christ Mutter und Vater in Ewigkeit. Amen! Sowohl aus famili\u00e4rer wie nationaler Tradition ist ein Bundespr\u00e4sident Gauck der passende Ausdruck deutscher Einheit in Treue zur Vergangenheit.\u201c Im Kontext j\u00fcngster Ereignisse am rechten Rand der Gesellschaft, der Nazimorde und der Nachsicht gegen\u00fcber rechtsextremistischen \u00c4u\u00dferungen, erhalten nat\u00fcrlich Hinweise dieser Art eine erhebliche Bedeutung.<\/p>\n","protected":false},"author":2,"featured_media":554,"comment_status":"closed","ping_status":"closed","sticky":false,"template":"","format":"standard","meta":{"colormag_page_container_layout":"default_layout","colormag_page_sidebar_layout":"default_layout","advanced_seo_description":"","jetpack_seo_html_title":"","jetpack_seo_noindex":false,"jetpack_post_was_ever_published":false,"footnotes":""},"categories":[6],"tags":[261,239],"class_list":["post-553","post","type-post","status-publish","format-standard","has-post-thumbnail","hentry","category-publikationen-fuer-freidenker","tag-bundespraesident","tag-gauck"],"jetpack_featured_media_url":"https:\/\/i0.wp.com\/www.freidenker.org\/fw17\/wp-content\/uploads\/2016\/08\/bellvue.jpg?fit=800%2C445&ssl=1","jetpack_shortlink":"https:\/\/wp.me\/p9stpK-8V","jetpack-related-posts":[{"id":24789,"url":"https:\/\/www.freidenker.org\/?p=24789","url_meta":{"origin":553,"position":0},"title":"Iran dr\u00e4ngt die USA aus dem Golf \u2013 Das ver\u00e4ndert alles!","author":"Webredaktion","date":"3. April 2026","format":false,"excerpt":"Video-Interview von Pascal Lottaz mit Rainer Rupp Trotz des ganzen Aufsehens um eine Bodeninvasion des Iran sprechen die Truppenabz\u00fcge aus der Region eine andere Sprache. Der Iran steht kurz davor, die Amerikaner aus der gesamten Golfregion zu vertreiben \u2013 ein Beweis daf\u00fcr, dass der US-\/israelische Angriffskrieg gegen den Iran auf\u2026","rel":"","context":"In &quot;Aktuelles&quot;","block_context":{"text":"Aktuelles","link":"https:\/\/www.freidenker.org\/?cat=574"},"img":{"alt_text":"","src":"https:\/\/i0.wp.com\/www.freidenker.org\/fw17\/wp-content\/uploads\/2026\/04\/rainer_rupp_bei_pascal_lottaz_800x450.jpg?fit=800%2C450&ssl=1&resize=350%2C200","width":350,"height":200,"srcset":"https:\/\/i0.wp.com\/www.freidenker.org\/fw17\/wp-content\/uploads\/2026\/04\/rainer_rupp_bei_pascal_lottaz_800x450.jpg?fit=800%2C450&ssl=1&resize=350%2C200 1x, https:\/\/i0.wp.com\/www.freidenker.org\/fw17\/wp-content\/uploads\/2026\/04\/rainer_rupp_bei_pascal_lottaz_800x450.jpg?fit=800%2C450&ssl=1&resize=525%2C300 1.5x, https:\/\/i0.wp.com\/www.freidenker.org\/fw17\/wp-content\/uploads\/2026\/04\/rainer_rupp_bei_pascal_lottaz_800x450.jpg?fit=800%2C450&ssl=1&resize=700%2C400 2x"},"classes":[]},{"id":336,"url":"https:\/\/www.freidenker.org\/?p=336","url_meta":{"origin":553,"position":1},"title":"Mythen um die Mutter","author":"Webmaster","date":"17. September 2010","format":false,"excerpt":"Beitrag von Klaus Hartmann aus FREIDENKER 3-10 Talkshows, Reportagen und verschiedene Publikationen besch\u00e4ftigen sich mit der Problematik, warum speziell in Deutschland Familie und Berufst\u00e4tigkeit (auch \u201aKarriere\u2018 genannt) so schlecht zu vereinbaren seien. Das Problem wird meist \u00fcbereinstimmend so wahrgenommen: Die Geburtenrate sinkt, die Deutschen drohen auszusterben. Unterschlagen wird dabei meist,\u2026","rel":"","context":"In &quot;Arbeit &amp; Soziales&quot;","block_context":{"text":"Arbeit &amp; Soziales","link":"https:\/\/www.freidenker.org\/?cat=11"},"img":{"alt_text":"","src":"https:\/\/i0.wp.com\/www.freidenker.org\/fw17\/wp-content\/uploads\/2016\/07\/Mutter.jpg?fit=800%2C445&ssl=1&resize=350%2C200","width":350,"height":200,"srcset":"https:\/\/i0.wp.com\/www.freidenker.org\/fw17\/wp-content\/uploads\/2016\/07\/Mutter.jpg?fit=800%2C445&ssl=1&resize=350%2C200 1x, https:\/\/i0.wp.com\/www.freidenker.org\/fw17\/wp-content\/uploads\/2016\/07\/Mutter.jpg?fit=800%2C445&ssl=1&resize=525%2C300 1.5x, https:\/\/i0.wp.com\/www.freidenker.org\/fw17\/wp-content\/uploads\/2016\/07\/Mutter.jpg?fit=800%2C445&ssl=1&resize=700%2C400 2x"},"classes":[]},{"id":5552,"url":"https:\/\/www.freidenker.org\/?p=5552","url_meta":{"origin":553,"position":2},"title":"Werbeverbot f\u00fcr dialektischen Materialismus","author":"Webredaktion","date":"10. November 2018","format":false,"excerpt":"Die Verantwortlichen der Technischen Universit\u00e4t Hamburg (TU HH) haben dem \u00bbGespr\u00e4chskreis Dialektik und Materialismus\u00ab die Werbung zu einem wissenschaftlichen Kolloquium mit der Fragestellung \u00bbSelbstorganisation der Materie\u00ab untersagt. Das Kolloquium am 17. November 2018 zur \u201eSelbstorganisation der Materie\u201c mit dem G\u00f6ttinger Wissenschaftler Prof. Christian Joo\u00df besch\u00e4ftigt sich u.a. mit der Herausbildung\u2026","rel":"","context":"In &quot;Demokratie \u2013 Medien \u2013 Aufkl\u00e4rung&quot;","block_context":{"text":"Demokratie \u2013 Medien \u2013 Aufkl\u00e4rung","link":"https:\/\/www.freidenker.org\/?cat=12"},"img":{"alt_text":"","src":"https:\/\/i0.wp.com\/www.freidenker.org\/fw17\/wp-content\/uploads\/2018\/11\/selbstorganisation_Materie_800x445_v2.jpg?fit=800%2C445&ssl=1&resize=350%2C200","width":350,"height":200,"srcset":"https:\/\/i0.wp.com\/www.freidenker.org\/fw17\/wp-content\/uploads\/2018\/11\/selbstorganisation_Materie_800x445_v2.jpg?fit=800%2C445&ssl=1&resize=350%2C200 1x, https:\/\/i0.wp.com\/www.freidenker.org\/fw17\/wp-content\/uploads\/2018\/11\/selbstorganisation_Materie_800x445_v2.jpg?fit=800%2C445&ssl=1&resize=525%2C300 1.5x, https:\/\/i0.wp.com\/www.freidenker.org\/fw17\/wp-content\/uploads\/2018\/11\/selbstorganisation_Materie_800x445_v2.jpg?fit=800%2C445&ssl=1&resize=700%2C400 2x"},"classes":[]},{"id":8143,"url":"https:\/\/www.freidenker.org\/?p=8143","url_meta":{"origin":553,"position":3},"title":"Schulen und Kitas \u00f6ffnen!","author":"Webredaktion","date":"25. Mai 2020","format":false,"excerpt":"Freidenker zu den Schlie\u00dfungen im Erziehungs- und Bildungsbereich Das \"Corona-Regime\" hat als eine der ersten und zentralen Ma\u00dfnahmen die Schlie\u00dfung von Einrichtungen zur Erziehung und Bildung von Kindern und Jugendlichen verf\u00fcgt. Inzwischen wurden \"Fahrpl\u00e4ne zur stufenweisen Wiederer\u00f6ffnung\" vorgelegt, die aber grunds\u00e4tzlich von einem \"verminderten\" Betrieb ausgehen, der sogar bis nach\u2026","rel":"","context":"In &quot;Arbeit &amp; Soziales&quot;","block_context":{"text":"Arbeit &amp; Soziales","link":"https:\/\/www.freidenker.org\/?cat=11"},"img":{"alt_text":"","src":"https:\/\/i0.wp.com\/www.freidenker.org\/fw17\/wp-content\/uploads\/2020\/05\/corona-5117112_800x450.jpg?fit=800%2C450&ssl=1&resize=350%2C200","width":350,"height":200,"srcset":"https:\/\/i0.wp.com\/www.freidenker.org\/fw17\/wp-content\/uploads\/2020\/05\/corona-5117112_800x450.jpg?fit=800%2C450&ssl=1&resize=350%2C200 1x, https:\/\/i0.wp.com\/www.freidenker.org\/fw17\/wp-content\/uploads\/2020\/05\/corona-5117112_800x450.jpg?fit=800%2C450&ssl=1&resize=525%2C300 1.5x, https:\/\/i0.wp.com\/www.freidenker.org\/fw17\/wp-content\/uploads\/2020\/05\/corona-5117112_800x450.jpg?fit=800%2C450&ssl=1&resize=700%2C400 2x"},"classes":[]},{"id":10504,"url":"https:\/\/www.freidenker.org\/?p=10504","url_meta":{"origin":553,"position":4},"title":"Ein h\u00e4sslicher Herbst? Kinderimpfung und die m\u00f6glichen Folgen","author":"Webredaktion","date":"2. Juni 2021","format":false,"excerpt":"Beitrag von Dagmar Henn In der Frage der Impfung von Kindern und Jugendlichen entfaltet sich gerade ein Drama mit vielen Darstellern und Interessen. Wir befinden uns noch am Anfang des ersten Aktes; aber schon jetzt l\u00e4sst ein genauer Blick auf die Beteiligten erahnen, in welcher Tragik das Ganze enden k\u00f6nnte.\u2026","rel":"","context":"In &quot;Demokratie \u2013 Medien \u2013 Aufkl\u00e4rung&quot;","block_context":{"text":"Demokratie \u2013 Medien \u2013 Aufkl\u00e4rung","link":"https:\/\/www.freidenker.org\/?cat=12"},"img":{"alt_text":"","src":"https:\/\/i0.wp.com\/www.freidenker.org\/fw17\/wp-content\/uploads\/2021\/06\/teddy_syringe-1974677_800x450.jpg?fit=800%2C450&ssl=1&resize=350%2C200","width":350,"height":200,"srcset":"https:\/\/i0.wp.com\/www.freidenker.org\/fw17\/wp-content\/uploads\/2021\/06\/teddy_syringe-1974677_800x450.jpg?fit=800%2C450&ssl=1&resize=350%2C200 1x, https:\/\/i0.wp.com\/www.freidenker.org\/fw17\/wp-content\/uploads\/2021\/06\/teddy_syringe-1974677_800x450.jpg?fit=800%2C450&ssl=1&resize=525%2C300 1.5x, https:\/\/i0.wp.com\/www.freidenker.org\/fw17\/wp-content\/uploads\/2021\/06\/teddy_syringe-1974677_800x450.jpg?fit=800%2C450&ssl=1&resize=700%2C400 2x"},"classes":[]},{"id":19914,"url":"https:\/\/www.freidenker.org\/?p=19914","url_meta":{"origin":553,"position":5},"title":"&#8222;Nie wieder Krieg!&#8220; &#8211; Freidenker-Verband ruft zur Teilnahme am 3. Oktober auf","author":"Webredaktion","date":"27. September 2024","format":false,"excerpt":"Aufruf von Sebastian Bahlo Um den Aufruf zur Demonstration \"Nie wieder Krieg!\", zu der am 3. Oktober 2024 in Berlin aufgerufen wird, gibt es aus naheliegenden Gr\u00fcnden Kontroversen. Nicht ohne Grund hatten wir den Meinungsbeitrag unserer Genossin Dagmar Henn ver\u00f6ffentlicht, der den Text des Aufrufs scharf kritisiert. Diese Kritik teilen\u2026","rel":"","context":"In &quot;Frieden - Antifaschismus - Solidarit\u00e4t&quot;","block_context":{"text":"Frieden - Antifaschismus - Solidarit\u00e4t","link":"https:\/\/www.freidenker.org\/?cat=13"},"img":{"alt_text":"","src":"https:\/\/i0.wp.com\/www.freidenker.org\/fw17\/wp-content\/uploads\/2024\/09\/plakat-demo_2024-10-03_800x450.jpg?fit=800%2C450&ssl=1&resize=350%2C200","width":350,"height":200,"srcset":"https:\/\/i0.wp.com\/www.freidenker.org\/fw17\/wp-content\/uploads\/2024\/09\/plakat-demo_2024-10-03_800x450.jpg?fit=800%2C450&ssl=1&resize=350%2C200 1x, https:\/\/i0.wp.com\/www.freidenker.org\/fw17\/wp-content\/uploads\/2024\/09\/plakat-demo_2024-10-03_800x450.jpg?fit=800%2C450&ssl=1&resize=525%2C300 1.5x, https:\/\/i0.wp.com\/www.freidenker.org\/fw17\/wp-content\/uploads\/2024\/09\/plakat-demo_2024-10-03_800x450.jpg?fit=800%2C450&ssl=1&resize=700%2C400 2x"},"classes":[]}],"_links":{"self":[{"href":"https:\/\/www.freidenker.org\/index.php?rest_route=\/wp\/v2\/posts\/553","targetHints":{"allow":["GET"]}}],"collection":[{"href":"https:\/\/www.freidenker.org\/index.php?rest_route=\/wp\/v2\/posts"}],"about":[{"href":"https:\/\/www.freidenker.org\/index.php?rest_route=\/wp\/v2\/types\/post"}],"author":[{"embeddable":true,"href":"https:\/\/www.freidenker.org\/index.php?rest_route=\/wp\/v2\/users\/2"}],"replies":[{"embeddable":true,"href":"https:\/\/www.freidenker.org\/index.php?rest_route=%2Fwp%2Fv2%2Fcomments&post=553"}],"version-history":[{"count":0,"href":"https:\/\/www.freidenker.org\/index.php?rest_route=\/wp\/v2\/posts\/553\/revisions"}],"wp:featuredmedia":[{"embeddable":true,"href":"https:\/\/www.freidenker.org\/index.php?rest_route=\/wp\/v2\/media\/554"}],"wp:attachment":[{"href":"https:\/\/www.freidenker.org\/index.php?rest_route=%2Fwp%2Fv2%2Fmedia&parent=553"}],"wp:term":[{"taxonomy":"category","embeddable":true,"href":"https:\/\/www.freidenker.org\/index.php?rest_route=%2Fwp%2Fv2%2Fcategories&post=553"},{"taxonomy":"post_tag","embeddable":true,"href":"https:\/\/www.freidenker.org\/index.php?rest_route=%2Fwp%2Fv2%2Ftags&post=553"}],"curies":[{"name":"wp","href":"https:\/\/api.w.org\/{rel}","templated":true}]}}