{"id":5509,"date":"2018-10-26T10:02:42","date_gmt":"2018-10-26T08:02:42","guid":{"rendered":"http:\/\/www.freidenker.org\/?p=5509"},"modified":"2019-01-02T19:57:38","modified_gmt":"2019-01-02T18:57:38","slug":"frieden-mit-russland","status":"publish","type":"post","link":"https:\/\/www.freidenker.org\/?p=5509","title":{"rendered":"Frieden mit Russland!"},"content":{"rendered":"<h5>Der tiefe Staat will den gro\u00dfen Krieg.<\/h5>\n<p><em>von <a href=\"https:\/\/www.rubikon.news\/autoren\/klaus-von-raussendorff\" target=\"_blank\" rel=\"noopener\"><strong>Klaus von Raussendorff<\/strong><\/a><\/em><\/p>\n<p><em>K\u00e4me es zu einem gro\u00dfen Krieg, w\u00e4ren die ausl\u00e4ndischen Milit\u00e4rbasen in Deutschland eine gro\u00dfe Gefahr f\u00fcr die deutsche Bev\u00f6lkerung. Freundschaftliche Beziehungen zwischen Russland und Deutschland im Rahmen der entstehenden polyzentrischen Weltordnung sind die realistische Alternative zur aggressiven Durchsetzung westlicher Vorherrschaft und globaler Chaos-Politik. Die Aufk\u00fcndigung des Truppenstationierungsvertrages ist dringend geboten.<\/em><\/p>\n<p>Warum es besser f\u00fcr uns Deutsche ist, mit Russland in Frieden und Freundschaft zu leben, scheint derzeit besonderer Begr\u00fcndungen zu bed\u00fcrfen. Die in europ\u00e4isch-atlantischen Weltmachtfantasien befangenen Eliten Deutschlands sind auf einem gef\u00e4hrlichen anti-russischen Kurs. Es tut daher Not, sich einige wichtige Aspekte unseres gro\u00dfen Nachbarlandes im Osten vor Augen zu halten.<\/p>\n<h5>Russland ist ein interessanter Partner f\u00fcr jedes Land\u2026<\/h5>\n<p>Russland vertritt eine realistische Betrachtungsweise der aktuellen Weltlage. So erkl\u00e4rte der russische Au\u00dfenminister <a href=\"http:\/\/www.mid.ru\/en\/foreign_policy\/news\/-\/asset_publisher\/cKNonkJE02Bw\/content\/id\/3359296\">Sergei Lawrow am 28. September 2018 vor der Generalversammlung der Vereinten Nationen<\/a> (VN):<\/p>\n<p style=\"padding-left: 30px;\"><em>\u201eHeute sehen wir den Zusammenprall zweier gegens\u00e4tzlicher Trends. Auf der einen Seite gewinnen die polyzentrischen Prinzipien der Weltordnung an St\u00e4rke und neue wirtschaftliche Wachstumszentren nehmen Gestalt an. Wir sehen Nationen, die darum k\u00e4mpfen, ihre Souver\u00e4nit\u00e4t zu erhalten und die Entwicklungswege einzuschlagen, die ihrer ethnischen, kulturellen und religi\u00f6sen Identit\u00e4t gem\u00e4\u00df sind. Auf der anderen Seite sehen wir das Bestreben einer Reihe westlicher Staaten, die bem\u00fcht sind, ihren Status als selbsternannte \u201eWelt-F\u00fchrer\u201c beizubehalten und die unumkehrbare Bewegung hin zu Multipolarit\u00e4t, die objektiv stattfindet, zu verlangsamen. Dazu ist ihnen jedes Mittel recht, einschlie\u00dflich politischer Erpressung, wirtschaftlichem Druck und brutaler Gewalt.\u201c<\/em><\/p>\n<p>Russland verfolgt dementsprechend eine Politik der Schaffung einer neuen Weltordnung auf der Basis polyzentrischer Prinzipien, sowohl im Rahmen der Shanghaier Organisation f\u00fcr Zusammenarbeit, der Organisation der BRICS-Staaten und der Organisation des Vertrags \u00fcber kollektive Sicherheit als auch in seinen Beziehungen zu allen Staaten der Welt.<\/p>\n<p>Russland blockiert den Missbrauch des VN-Sicherheitsrats, dies umso entschlossener nach der Aggression gegen Libyen durch Frankreich, Gro\u00dfbritannien und die USA.<\/p>\n<p>Russland unterst\u00fctzt L\u00e4nder, die ihre nationale Souver\u00e4nit\u00e4t und territoriale Integrit\u00e4t verteidigen. Seine diplomatischen und milit\u00e4rischen F\u00e4higkeiten waren ausschlaggebend daf\u00fcr, die westliche Strategie gewaltsamer Regierungsumst\u00fcrze in Syrien endlich einmal zu stoppen.<\/p>\n<p>Russland ist in seiner f\u00f6deralen Staatsordnung auch vorbildlich f\u00fcr eine Politik des harmonischen Zusammenlebens verschiedener ethnischer Gemeinschaften. Bezeichnenderweise ist der Staatsname \u201eRossijskaja Federazija\u201c, was in korrekter deutscher \u00dcbersetzung nicht \u201eRussische F\u00f6deration\u201c sondern \u201eRussl\u00e4ndische F\u00f6deration\u201c hei\u00dft.<\/p>\n<p>Russland bietet allen gro\u00dfen Religionen der Welt einen Platz in der Kultur des Landes.<\/p>\n<p>Russland ist bekannt f\u00fcr sein starkes Nationalbewusstsein. Es pflegt die besten nationalen Traditionen aus allen Epochen seiner Geschichte, einschlie\u00dflich der Sowjetzeit.<\/p>\n<p>Russland existiert in einer Gesellschafts- und Staatsform, die nicht zuletzt auch durch die sozialistische Vergangenheit gepr\u00e4gt ist. Kennzeichnend ist, dass die Entwicklungsrichtung ma\u00dfgeblich nicht durch kapitalistische Partikularinteressen sondern durch die Bed\u00fcrfnisse der gro\u00dfen Mehrheit der Menschen bestimmt wird. Nicht die Diktatur angeblich effizienter M\u00e4rkte entscheidet, sondern letztlich die Willensbildung in demokratisch gew\u00e4hlten politischen Instanzen.<\/p>\n<p>Russland verf\u00fcgt \u00fcber ein Milit\u00e4rwesen, das seinen legitimen Interessen und seiner Rolle in der Welt angemessen ist. In seiner <a href=\"http:\/\/www.luftpost-kl.de\/luftpost-archiv\/LP_16\/LP02918_050318.pdf\">Jahresansprache am 1. M\u00e4rz 2018<\/a> stellte Pr\u00e4sident Wladimir Putin sechs hypermoderne Waffensysteme vor. \u201e<a href=\"https:\/\/www.stern.de\/digital\/der-baer-zeigt-seine-zaehne---was-ist-dran-an-putins-neuen-wunderwaffen--7887292.html\">Diese Waffen blockieren die USA<\/a>\u201c, schrieb der \u201eStern\u201c vom 05. M\u00e4rz 2018. Daher scheint hier ein kleiner Exkurs unerl\u00e4sslich. Es geht um folgende Systeme:<\/p>\n<ol>\n<li>Hyperschallrakete \u201eKinschal\u201c, zu Deutsch: Dolch. Die Rakete fliegt mit 10-facher Schallgeschwindigkeit, wird von einem Abfangj\u00e4ger abgefeuert, hat eine Reichweite von 2.000 Kilometern und kann in jeder Flugphase Ausweichman\u00f6ver durchf\u00fchren. Sie kann sowohl konventionelle wie atomare Sprengk\u00f6pfe tragen. Kein Abwehrsystem ist in der Lage, die Kinschal-Rakete abzufangen. Eine Salve von 5 bis 6 solcher Raketen w\u00fcrde gen\u00fcgen, jede Flugzeugtr\u00e4ger-Kampfgruppe zu zerst\u00f6ren. Um seine vier Meere vor gegnerischen Marineeinheiten zu sichern, braucht Russland als Tr\u00e4ger dieser Hyperschallraketen etwa hundert modernisierte Abfang-Kampfjets der Version MiG-31K. Zehn solcher Abfangj\u00e4ger mit \u201eKinschal\u201c-Raketen an Bord sollen mittlerweile einsatzbereit sein.<\/li>\n<li>Hyperschallgleiter \u201eAvangard\u201c. Dieser wird von einer Interkontinentalrakete in die \u00e4u\u00dfere Atmosph\u00e4re gebracht und st\u00fcrzt von dort mit 20-facher Schallgeschwindigkeit auf die Erde zur\u00fcck. Seine F\u00e4higkeit zu abrupten Kurs\u00e4nderungen und seine hohe Geschwindigkeit machen es unm\u00f6glich, ihn abzufangen. Seine Oberfl\u00e4che erhitzt sich in der Atmosph\u00e4re auf bis zu 2.000 Grad. Dazu der russische Pr\u00e4sident: \u201eWie ein Meteorit, wie ein gl\u00fchender Ball st\u00fcrzt sich \u201aAvangard\u2018 auf sein Ziel\u201c. Laut Putin und anderen Offiziellen befindet sich der \u201eAvangard\u201c bereits in der Serienproduktion.<\/li>\n<li>Atomgetriebener Marschflugk\u00f6rper. Das Geschoss hat durch seinen Atomantrieb eine praktisch unbegrenzte Reichweite, ist schwer zu entdecken und durch kein existierendes oder absehbares Abwehrsystem auszuschalten. Das Geschoss sei, so Putin, im Herbst 2017 getestet worden, habe aber noch keinen Namen. Westliche Experten verweisen darauf, dass die USA das Projekt eines atomgetriebenen Marschflugk\u00f6rpers in den 1950er Jahren verfolgt, aber verworfen h\u00e4tten, und bezweifeln daher Putins Aussage.<\/li>\n<li>Unter-Wasser-Torpedo \u201ePoseidon\u201c. Das ist ein neuer interkontinentaler, atomgetriebener, autonomer Torpedo. Er hat eine Tauchtiefe von bis zu 1.000 Metern und eine Geschwindigkeit von 100 bis 185 Kilometer pro Stunde, er ist damit schneller als die schnellsten Schiffe und Torpedos. Das Ger\u00e4t kann einen atomaren Sprengkopf tragen und sowohl Flugzeugtr\u00e4ger wie K\u00fcstenziele treffen.<\/li>\n<li><a href=\"https:\/\/de.wikipedia.org\/wiki\/Mehrzweckkampfflugzeug\">Tarnkappen-Mehrzweckkampfflugzeug<\/a> \u201eSuchoi Su-57\u201c. Zwei dieser Modelle absolvierten laut russischem Verteidigungsministerium Test- und Kampfeins\u00e4tze in Syrien vom <a href=\"https:\/\/de.wikipedia.org\/wiki\/Milit%C3%A4rflugplatz_Hmeimim\">Milit\u00e4rflugplatz Hmeimim<\/a> aus.<\/li>\n<li>Thermonukleare Interkontinentalrakete \u201eSarmat\u201d. Sie soll die \u201eWojewoda\u201c-Rakete abl\u00f6sen. Sie verf\u00fcgt \u00fcber ein weit gr\u00f6\u00dferes Wurfgewicht als ihre Vorg\u00e4ngerin, tr\u00e4gt 10 schwere oder 15 leichtere atomare Sprengk\u00f6pfe oder 24 \u201eAvangard\u201c-Hyperschallgleiter. Laut Putin hat sie auch eine gr\u00f6\u00dfere Reichweite und kann sowohl \u00fcber den S\u00fcdpol als auch \u00fcber den Nordpol fliegen. Es wird erwartet, dass sie 2020 einsatzbereit ist.<\/li>\n<\/ol>\n<p>Mit diesen Systemen hat Russland nach Meinung des \u201eStern\u201c bei der Entwicklung von neuen Hyperschallwaffen \u201edie Nase vorn\u201c. Die eigentliche Gefahr aber bestehe f\u00fcr den Westen nach Meinung des Blatts darin, dass Russland derartige Systeme anderen Staaten anbieten k\u00f6nnte. Wie in letzter Zeit verlautet verhandeln die T\u00fcrkei, Indien und Iran bereits \u00fcber die Lieferung von S400-Raketen, des besten Raketenabwehrsystems seiner Art. Washington sucht dies zu verhindern und droht mit Sanktionen. Denn die F\u00e4higkeiten der USA, weltweit milit\u00e4rische Gewalt einzusetzen, w\u00fcrden dadurch erheblich gemindert. Seit wenigen Tagen verf\u00fcgen die syrischen Streitkr\u00e4fte nunmehr \u00fcber das S300-Abwehrsystem, wodurch die Russen nach Expertenmeinung eine Art informeller Nicht-\u00dcberflugzone \u00fcber Syrien errichtet haben. Netanjahu nannte dies \u201eunverantwortlich\u201c. Israel hat h\u00e4ufig Ziele in Syrien bombardiert; dies ist als Unterst\u00fctzung milit\u00e4rischer Gruppen zu werten, die in letzter Zeit Niederlagen gegen die syrische Regierung erlitten haben.<\/p>\n<p>Soweit der Exkurs \u00fcber Russlands milit\u00e4rische M\u00f6glichkeiten, der keineswegs \u00fcberfl\u00fcssig ist, wenn man nur bedenkt, dass Ursula von der Leyen am 6. Juli 2018 im ZDF-Morgenmagazin ohne Scheu vor der eigenen L\u00e4cherlichkeit davon redete, der Westen m\u00fcsse den Dialog mit Russland \u201e<a href=\"https:\/\/www.merkur.de\/politik\/nato-gipfel-leyen-fordert-konsequente-haltung-gegenueber-russland-zr-6553700.html\">aus der Position der St\u00e4rke<\/a>\u201c f\u00fchren. Was bedeutet eine solche Sprache? Totale Geschichtsvergessenheit? Pfeifen im Walde? Neigung zu Suizid?<\/p>\n<h5>\u2026 in einer entstehenden neuen Weltordnung<\/h5>\n<p>Un\u00fcbersehbar vollziehen sich tiefgreifende Ver\u00e4nderungen in der Welt. Aktuelle Buchtitel lauten \u201e<a href=\"https:\/\/www.herder.de\/geschichte-politik-shop\/zeitenwende-in-der-weltpolitik-gebundene-ausgabe\/c-34\/p-13704\/?gclid=Cj0KCQjwxvbdBRC0ARIsAKmec9b63zOsXvxNMVm4F54taFE1bnopD5YgMPL5iBOZUO197f6DflPywD0aAqvaEALw_wcB\">Zeitenwende in der Weltpolitik<\/a>\u201c von Sigmar Gabriel und \u201e<a href=\"https:\/\/zeitgeist-online.de\/2013-11-30-00-57-32\/1065-willy-wimmer-deutschland-im-umbruch.html\">Deutschland im Umbruch<\/a>\u201c von Willi Wimmer. Aber immer noch scheint in Deutschland unter den meisten Politikern, Medienmachern und Konzerngewaltigen die Vorstellung zu \u00fcberwiegen, es gebe keine Alternative zu der in den letzten Jahrzehnte im Innern und nach au\u00dfen betriebenen Durchsetzung neoliberaler Politik. Man preist Deutschland als \u201eExportweltmeister\u201c, auch wenn die deutschen Export\u00fcbersch\u00fcsse in anderen L\u00e4ndern Arbeitslosigkeit und Auswanderung verst\u00e4rken. Man redet sich ein, Deutschland m\u00fcsse in EU und NATO \u201emehr Verantwortung\u201c \u00fcbernehmen. Man h\u00e4lt die so genannten \u201ewestlichen Werte\u201c immer noch f\u00fcr das Ma\u00df aller Dinge. Es sind derartige euro-atlantisch drapierte, in Wirklichkeit bornierte nationalistische Vorstellungen, die den anti-russischen Kurs ideologisch befeuern.<\/p>\n<p>Dagegen erschien in diesen Tagen der Sammelband \u201e<a href=\"https:\/\/www.westendverlag.de\/buch\/warum-wir-frieden-und-freundschaft-mit-russland-brauchen\/\">Warum wir Frieden und Freundschaft mit Russland brauchen<\/a>\u201c, herausgegeben von Adelheid Bahr: ein \u201eAufruf f\u00fcr eine neue Friedenspolitik\u201c. Die Liste der Beteiligten ist eindrucksvoll, sie umfasst weitgehend alle, die sich in letzter Zeit f\u00fcr gute deutsch-russische Beziehungen prominent ausgesprochen haben. Wie Recht hat doch <a href=\"https:\/\/www.heise.de\/tp\/features\/Warum-wir-Frieden-und-Freundschaft-mit-Russland-brauchen-4179222.html\">Gabriele Krone-Schmalz<\/a>, wenn sie fragt: \u201eW\u00e4re es nicht intelligent, ein Land wie Russland mit seinen Erfahrungen und seiner Geschichte an den \u00dcberlegungen zu beteiligen, wie man diesen Fehlentwicklungen (der Weltwirtschaftsordnung) begegnen kann? Was w\u00e4re denn, wenn man gemeinsam nach Antworten auf Fragen suchen w\u00fcrde, die Deutsche, Russen und viele andere gleicherma\u00dfen besch\u00e4ftigen?\u201c<\/p>\n<p>Bis allerdings solche Einsichten das Regierungshandeln bestimmen, bedarf es wohl noch erheblicher politischer Anstrengungen.<\/p>\n<h5>Auf dem Pr\u00e4sentierteller<\/h5>\n<p>Dazu k\u00f6nnte nicht zuletzt auch die Friedensbewegung beitragen. Die Friedenskr\u00e4fte in Deutschland sind bekanntlich bunt und vielf\u00e4ltig, aber noch keineswegs eine wirkliche politische Kraft. Unterschiedliche Gruppen agieren gegen verschiedene Aspekte des Militarismus: gegen Auslandsein\u00e4tze der Bundeswehr, gegen die Erh\u00f6hung der R\u00fcstungsausgaben auf 2 Prozent des Bruttoinlandsprodukts, gegen die Milit\u00e4rbasis Ramstein als logistische Drehscheibe weltweiter Aggression, gegen Atomwaffen der USA in B\u00fcchel, gegen Bundeswehr-Werbung in Schulen und auf \u00f6ffentlichen Pl\u00e4tzen et cetera.<\/p>\n<p>Sollte Washington einen komplizierten Konflikt irgendwo auf der Welt durch einen direkten milit\u00e4rischen Angriff auf russische Einrichtungen zu einem gro\u00dfen Krieg eskalieren, w\u00e4ren die ausl\u00e4ndischen Milit\u00e4rbasen in Deutschland fast unausweichlich Angriffsziele russischer Raketen. Derzeit existieren in unserem Land \u00fcber 30 ausl\u00e4ndische Milit\u00e4rst\u00fctzpunkte mit 40.000 Mann Personal. Die wichtigsten Standorte der USA befinden sich in Ramstein, Spangdahlem, Wiesbaden und Stuttgart. Man fragt sich, warum das t\u00f6dliche Risiko dieser m\u00f6rderischen Installationen l\u00e4ngst nicht angemessen thematisiert wird. Diese Gefahr ist nicht schicksalhaft, es w\u00e4re relativ einfach, sie aus der Welt zu schaffen, sofern beispielsweise die neue Sammlungsbewegung \u201e#aufstehen\u201c den erforderlichen politischen Druck entfalten w\u00fcrde.<\/p>\n<p>Dazu m\u00fcsste die deutsche Regierung vom souver\u00e4nen Recht Deutschlands Gebrauch machen, die v\u00f6lkerrechtliche Grundlage dieser ausl\u00e4ndischen Truppenstationierung auf deutschem Boden zu k\u00fcndigen. Der \u201eVertrag \u00fcber den Aufenthalt ausl\u00e4ndischer Streitkr\u00e4fte in der Bundesrepublik Deutschland\u201c vom 23. Oktober 1954 gilt zwar auch nach dem Abschluss des Zwei-plus-Vier-Vertrages vom 12. September 1990 weiter. Der so genannte Truppenstationierungsvertrag kann aber nach v\u00f6lkerrechtlicher Wiederherstellung der vollen Souver\u00e4nit\u00e4t Deutschlands gek\u00fcndigt werden, und zwar aufgrund einer durch Notenwechsel vom 25. September 1990 getroffenen Vereinbarung. Die K\u00fcndigungsfrist betr\u00e4gt zwei Jahre.<\/p>\n<p>W\u00fcrde die Aufk\u00fcndigung des Truppenstationierungsvertrages zu einer zentralen Forderung oppositioneller Kr\u00e4fte gemacht werden, w\u00fcrde die Mitgliedschaft Deutschlands in der NATO und den milit\u00e4rischen Strukturen der EU damit quasi automatisch in Frage gestellt. Die Friedensbewegung bek\u00e4me mit dieser Forderung genau das Kettenglied in die Hand, das mit allen anderen Aspekten der Kriegsgefahr zusammenh\u00e4ngt. \u00c4hnlich dem Protest gegen die Stationierung der US-amerikanischen Pershing-Raketen k\u00f6nnte die Konzentration auf die Forderung nach K\u00fcndigung des Truppenstationierungsvertrages die Friedensbewegung zu einer einheitlichen und erst dadurch wirkungsvollen politischen Kraft werden lassen. Darin l\u00e4ge ein grandioser Beitrag zu Frieden und Freundschaft mit Russland.<\/p>\n<p style=\"text-align: right;\"><em>Klaus von Raussendorff war Diplomat der Bundesrepublik und arbeitet als Publizist<br \/>\nEr ist Mitglied des Deutschen Freidenker-Verbandes und Mitarbeiter seines Verbandsvorstandes<br \/>\n<\/em><\/p>\n<p>&nbsp;<\/p>\n<p>Der Text entspricht einem Redebeitrag bei der Veranstaltung des DDR-Kabinetts Bochum am 7. Oktober 2018 zur Erinnerung an den 69. Jahrestag der DDR<\/p>\n<p>Erstver\u00f6ffentlichung am 18.10.2018 auf rubicon.news: <a href=\"https:\/\/www.rubikon.news\/artikel\/frieden-mit-russland-2\" target=\"_blank\" rel=\"noopener\">https:\/\/www.rubikon.news\/artikel\/frieden-mit-russland-2<\/a><\/p>\n<p>Dieses Werk ist unter einer <strong>Creative Commons-Lizenz<\/strong> (<a href=\"https:\/\/creativecommons.org\/licenses\/by-nc-nd\/4.0\/deed.de\" rel=\"license\">Namensnennung \u2013 Nicht kommerziell \u2013 Keine Bearbeitungen 4.0 International<\/a>) lizenziert. Unter Einhaltung der Lizenzbedingungen d\u00fcrfen Sie es verbreiten und vervielf\u00e4ltigen.<\/p>\n<hr \/>\n<p><img data-recalc-dims=\"1\" loading=\"lazy\" decoding=\"async\" data-attachment-id=\"1076\" data-permalink=\"https:\/\/www.freidenker.org\/?attachment_id=1076\" data-orig-file=\"https:\/\/i0.wp.com\/www.freidenker.org\/fw17\/wp-content\/uploads\/2017\/10\/pdf_icon-2.png?fit=32%2C32&amp;ssl=1\" data-orig-size=\"32,32\" data-comments-opened=\"0\" data-image-meta=\"{&quot;aperture&quot;:&quot;0&quot;,&quot;credit&quot;:&quot;&quot;,&quot;camera&quot;:&quot;&quot;,&quot;caption&quot;:&quot;&quot;,&quot;created_timestamp&quot;:&quot;0&quot;,&quot;copyright&quot;:&quot;&quot;,&quot;focal_length&quot;:&quot;0&quot;,&quot;iso&quot;:&quot;0&quot;,&quot;shutter_speed&quot;:&quot;0&quot;,&quot;title&quot;:&quot;&quot;,&quot;orientation&quot;:&quot;0&quot;}\" data-image-title=\"pdf_icon\" data-image-description=\"\" data-image-caption=\"\" data-large-file=\"https:\/\/i0.wp.com\/www.freidenker.org\/fw17\/wp-content\/uploads\/2017\/10\/pdf_icon-2.png?fit=32%2C32&amp;ssl=1\" class=\"alignnone size-full wp-image-1076\" src=\"https:\/\/i0.wp.com\/www.freidenker.org\/fw17\/wp-content\/uploads\/2017\/10\/pdf_icon-2.png?resize=32%2C32&#038;ssl=1\" alt=\"\" width=\"32\" height=\"32\" \/> Diesen Beitrag <a href=\"https:\/\/www.rubikon.news\/artikel\/frieden-mit-russland-2.pdf\" target=\"_blank\" rel=\"noopener\">als PDF-Dokument ansehen oder herunterladen<\/a> (Externer Link zu Rubikon.news)<\/p>\n<hr \/>\n<p>Bildcollage: rlx, unter Verwendung von Bildern von pixabay.com (User pixel2013 und <a href=\"https:\/\/pixabay.com\/de\/users\/Kurious-679098\/\" target=\"_blank\" rel=\"noopener\">Kurious<\/a>), CC0<\/p>\n","protected":false},"excerpt":{"rendered":"<p><b>Beitrag von Klaus von Raussendorff<\/b><br \/>\nK\u00e4me es zu einem gro\u00dfen Krieg, w\u00e4ren die ausl\u00e4ndischen Milit\u00e4rbasen in Deutschland eine gro\u00dfe Gefahr f\u00fcr die deutsche Bev\u00f6lkerung. Freundschaftliche Beziehungen zwischen Russland und Deutschland im Rahmen der entstehenden polyzentrischen Weltordnung sind die realistische Alternative zur aggressiven Durchsetzung westlicher Vorherrschaft und globaler Chaos-Politik. Die Aufk\u00fcndigung des Truppenstationierungsvertrages ist dringend geboten.<\/p>\n","protected":false},"author":3,"featured_media":5513,"comment_status":"closed","ping_status":"closed","sticky":false,"template":"","format":"standard","meta":{"colormag_page_container_layout":"default_layout","colormag_page_sidebar_layout":"default_layout","advanced_seo_description":"","jetpack_seo_html_title":"","jetpack_seo_noindex":false,"jetpack_post_was_ever_published":false,"footnotes":""},"categories":[13],"tags":[961,335,224,57,222,1022],"class_list":["post-5509","post","type-post","status-publish","format-standard","has-post-thumbnail","hentry","category-frieden-antifaschismus-solidaritaet","tag-abruestung","tag-frieden","tag-frieden-mit-russland","tag-kriegsgefahr","tag-russland","tag-wettruesten"],"jetpack_featured_media_url":"https:\/\/i0.wp.com\/www.freidenker.org\/fw17\/wp-content\/uploads\/2018\/10\/Frieden_mit_Russland_rlx_800x445.jpg?fit=800%2C445&ssl=1","jetpack_shortlink":"https:\/\/wp.me\/p9stpK-1qR","jetpack-related-posts":[{"id":24364,"url":"https:\/\/www.freidenker.org\/?p=24364","url_meta":{"origin":5509,"position":0},"title":"14.02.2026 M\u00fcnchen: Den Frieden gewinnen, nicht den Krieg","author":"Webredaktion","date":"6. Februar 2026","format":false,"excerpt":"Aufruf zur Protestdemo gegen die \"M\u00fcnchner Sicherheitskonferenz\" 2026 Wir protestieren gegen den NATO-Kriegsrat, euphemistisch \u201eSicherheitskonferenz\u201c genannt, der vom 13. bis 15. Februar 2026 in M\u00fcnchen tagt. Am Samstag den 14. Februar tragen wir unseren Protest in M\u00fcnchen auf die Stra\u00dfe. Wer den Frieden will, muss den Kriegsministern laut und deutlich\u2026","rel":"","context":"In &quot;Frieden - Antifaschismus - Solidarit\u00e4t&quot;","block_context":{"text":"Frieden - Antifaschismus - Solidarit\u00e4t","link":"https:\/\/www.freidenker.org\/?cat=13"},"img":{"alt_text":"","src":"https:\/\/i0.wp.com\/www.freidenker.org\/fw17\/wp-content\/uploads\/2026\/02\/Siko_Muenchen_2026_1600x900.jpg?fit=1200%2C674&ssl=1&resize=350%2C200","width":350,"height":200,"srcset":"https:\/\/i0.wp.com\/www.freidenker.org\/fw17\/wp-content\/uploads\/2026\/02\/Siko_Muenchen_2026_1600x900.jpg?fit=1200%2C674&ssl=1&resize=350%2C200 1x, https:\/\/i0.wp.com\/www.freidenker.org\/fw17\/wp-content\/uploads\/2026\/02\/Siko_Muenchen_2026_1600x900.jpg?fit=1200%2C674&ssl=1&resize=525%2C300 1.5x, https:\/\/i0.wp.com\/www.freidenker.org\/fw17\/wp-content\/uploads\/2026\/02\/Siko_Muenchen_2026_1600x900.jpg?fit=1200%2C674&ssl=1&resize=700%2C400 2x, https:\/\/i0.wp.com\/www.freidenker.org\/fw17\/wp-content\/uploads\/2026\/02\/Siko_Muenchen_2026_1600x900.jpg?fit=1200%2C674&ssl=1&resize=1050%2C600 3x"},"classes":[]},{"id":16234,"url":"https:\/\/www.freidenker.org\/?p=16234","url_meta":{"origin":5509,"position":1},"title":"Die Russland-Sanktionen und der Geist des Versailler Vertrags","author":"Webredaktion","date":"3. Juni 2023","format":false,"excerpt":"Beitrag von Gert-Ewen Ungar Deutschland ist als gesellschaftliche Entit\u00e4t erneut aus der Zivilisation gefallen und wieder im Zustand der Barbarei angekommen. Das war schon vor dem 24. Februar 2022 der Fall, es blieb jedoch noch verdeckt. Mit dem Einmarsch Russlands in die Ukraine wurde es ganz offenbar. Deutschland ist ein\u2026","rel":"","context":"In &quot;Frieden - Antifaschismus - Solidarit\u00e4t&quot;","block_context":{"text":"Frieden - Antifaschismus - Solidarit\u00e4t","link":"https:\/\/www.freidenker.org\/?cat=13"},"img":{"alt_text":"","src":"https:\/\/i0.wp.com\/www.freidenker.org\/fw17\/wp-content\/uploads\/2023\/06\/Treaty_of_Versailles_Reparations_800x445.jpg?fit=800%2C445&ssl=1&resize=350%2C200","width":350,"height":200,"srcset":"https:\/\/i0.wp.com\/www.freidenker.org\/fw17\/wp-content\/uploads\/2023\/06\/Treaty_of_Versailles_Reparations_800x445.jpg?fit=800%2C445&ssl=1&resize=350%2C200 1x, https:\/\/i0.wp.com\/www.freidenker.org\/fw17\/wp-content\/uploads\/2023\/06\/Treaty_of_Versailles_Reparations_800x445.jpg?fit=800%2C445&ssl=1&resize=525%2C300 1.5x, https:\/\/i0.wp.com\/www.freidenker.org\/fw17\/wp-content\/uploads\/2023\/06\/Treaty_of_Versailles_Reparations_800x445.jpg?fit=800%2C445&ssl=1&resize=700%2C400 2x"},"classes":[]},{"id":18845,"url":"https:\/\/www.freidenker.org\/?p=18845","url_meta":{"origin":5509,"position":2},"title":"&#8222;Gerechter Friede&#8220;?","author":"Webredaktion","date":"20. April 2024","format":false,"excerpt":"Scholz ist das Problem, nicht die L\u00f6sung \u2013 Kanzler blitzt in China ab Beitrag von Gert Ewen Ungar Es gehe ihm um einen gerechten Frieden, behauptet Scholz, wenn er \u00fcber die Ukraine spricht. \"Gerechter Frieden f\u00fcr die Ukraine\" ist die neue rhetorische Verpackung f\u00fcr das immer gleiche Ziel: Der Ukraine\u2026","rel":"","context":"In &quot;Demokratie \u2013 Medien \u2013 Aufkl\u00e4rung&quot;","block_context":{"text":"Demokratie \u2013 Medien \u2013 Aufkl\u00e4rung","link":"https:\/\/www.freidenker.org\/?cat=12"},"img":{"alt_text":"","src":"https:\/\/i0.wp.com\/www.freidenker.org\/fw17\/wp-content\/uploads\/2024\/04\/Scholz_in_Slowenien_53612855283_Ausschnitt_800x450.jpg?fit=800%2C450&ssl=1&resize=350%2C200","width":350,"height":200,"srcset":"https:\/\/i0.wp.com\/www.freidenker.org\/fw17\/wp-content\/uploads\/2024\/04\/Scholz_in_Slowenien_53612855283_Ausschnitt_800x450.jpg?fit=800%2C450&ssl=1&resize=350%2C200 1x, https:\/\/i0.wp.com\/www.freidenker.org\/fw17\/wp-content\/uploads\/2024\/04\/Scholz_in_Slowenien_53612855283_Ausschnitt_800x450.jpg?fit=800%2C450&ssl=1&resize=525%2C300 1.5x, https:\/\/i0.wp.com\/www.freidenker.org\/fw17\/wp-content\/uploads\/2024\/04\/Scholz_in_Slowenien_53612855283_Ausschnitt_800x450.jpg?fit=800%2C450&ssl=1&resize=700%2C400 2x"},"classes":[]},{"id":5287,"url":"https:\/\/www.freidenker.org\/?p=5287","url_meta":{"origin":5509,"position":3},"title":"Raus aus der Nato statt Krieg gegen Russland \u2013 Friedensaktions-Konferenz","author":"Webredaktion","date":"10. Juli 2018","format":false,"excerpt":"Bericht von Tilo Gr\u00e4ser von Sputniknews Deutschland von der Friedensaktionskonferenz am 07.07.2018 in Potsdam \u201eFrieden mit Russland!\u201c hat eine Friedensaktionskonferenz am Samstag in Potsdam gefordert. F\u00fcr Klaus Hartmann vom Freidenker-Verband geht das nur ohne Nato. Historiker Anton Latzo sieht Moskaus Au\u00dfenpolitik am Frieden orientiert. F\u00fcr Karin Leukefeld best\u00e4tigt sich das\u2026","rel":"","context":"In &quot;Frieden - Antifaschismus - Solidarit\u00e4t&quot;","block_context":{"text":"Frieden - Antifaschismus - Solidarit\u00e4t","link":"https:\/\/www.freidenker.org\/?cat=13"},"img":{"alt_text":"","src":"https:\/\/i0.wp.com\/www.freidenker.org\/fw17\/wp-content\/uploads\/2018\/07\/leukefeld_potsdam_2018-07-07_800x445.jpg?fit=800%2C445&ssl=1&resize=350%2C200","width":350,"height":200,"srcset":"https:\/\/i0.wp.com\/www.freidenker.org\/fw17\/wp-content\/uploads\/2018\/07\/leukefeld_potsdam_2018-07-07_800x445.jpg?fit=800%2C445&ssl=1&resize=350%2C200 1x, https:\/\/i0.wp.com\/www.freidenker.org\/fw17\/wp-content\/uploads\/2018\/07\/leukefeld_potsdam_2018-07-07_800x445.jpg?fit=800%2C445&ssl=1&resize=525%2C300 1.5x, https:\/\/i0.wp.com\/www.freidenker.org\/fw17\/wp-content\/uploads\/2018\/07\/leukefeld_potsdam_2018-07-07_800x445.jpg?fit=800%2C445&ssl=1&resize=700%2C400 2x"},"classes":[]},{"id":23446,"url":"https:\/\/www.freidenker.org\/?p=23446","url_meta":{"origin":5509,"position":4},"title":"Podcast: Unter Freunden: Wolfgang Bittner \u2013 Warnung vor dem Krieg","author":"Webredaktion","date":"4. November 2025","format":false,"excerpt":"Bernhard Lassahn im Gespr\u00e4ch mit Wolfgang Bittner Von Wolfgang Bittner gibt es mehr als achtzig Ver\u00f6ffentlichungen in allen schriftstellerischen Spielarten. Zuletzt hat er mit \u201eGeopolitik im \u00dcberblick: Deutschland \u2013 USA \u2013 EU \u2013 Russland\u201c eine gro\u00dfe historische Einordnung vorgelegt und in seinem neuen erz\u00e4hlerischen Werk \u201eDie Heimat, der Krieg und\u2026","rel":"","context":"In &quot;Demokratie \u2013 Medien \u2013 Aufkl\u00e4rung&quot;","block_context":{"text":"Demokratie \u2013 Medien \u2013 Aufkl\u00e4rung","link":"https:\/\/www.freidenker.org\/?cat=12"},"img":{"alt_text":"","src":"https:\/\/i0.wp.com\/www.freidenker.org\/fw17\/wp-content\/uploads\/2025\/11\/Kontrafunk_Bittner_und_Lassahn_800x450.jpg?fit=800%2C450&ssl=1&resize=350%2C200","width":350,"height":200,"srcset":"https:\/\/i0.wp.com\/www.freidenker.org\/fw17\/wp-content\/uploads\/2025\/11\/Kontrafunk_Bittner_und_Lassahn_800x450.jpg?fit=800%2C450&ssl=1&resize=350%2C200 1x, https:\/\/i0.wp.com\/www.freidenker.org\/fw17\/wp-content\/uploads\/2025\/11\/Kontrafunk_Bittner_und_Lassahn_800x450.jpg?fit=800%2C450&ssl=1&resize=525%2C300 1.5x, https:\/\/i0.wp.com\/www.freidenker.org\/fw17\/wp-content\/uploads\/2025\/11\/Kontrafunk_Bittner_und_Lassahn_800x450.jpg?fit=800%2C450&ssl=1&resize=700%2C400 2x"},"classes":[]},{"id":16242,"url":"https:\/\/www.freidenker.org\/?p=16242","url_meta":{"origin":5509,"position":5},"title":"Auch im &#8222;Frieden&#8220; soll Krieg herrschen","author":"Webredaktion","date":"7. Juni 2023","format":false,"excerpt":"Beitrag von Gert Ewen Ungar Die Geschichte Europas ist reich an Kriegen. Damit einher geht ein Reichtum an Friedensschl\u00fcssen in der Vergangenheit, denn irgendwann einmal ist jeder Krieg vorbei. Unter diesen Friedensschl\u00fcssen gab es gute und weniger gute. Ein Indikator f\u00fcr die Qualit\u00e4t des Friedensschlusses ist, wie lange der darauffolgende\u2026","rel":"","context":"In &quot;Frieden - Antifaschismus - Solidarit\u00e4t&quot;","block_context":{"text":"Frieden - Antifaschismus - Solidarit\u00e4t","link":"https:\/\/www.freidenker.org\/?cat=13"},"img":{"alt_text":"","src":"https:\/\/i0.wp.com\/www.freidenker.org\/fw17\/wp-content\/uploads\/2023\/06\/William_Orpen_-_The_Signing_of_Peace_in_the_Hall_of_Mirrors_800x450.jpg?fit=800%2C450&ssl=1&resize=350%2C200","width":350,"height":200,"srcset":"https:\/\/i0.wp.com\/www.freidenker.org\/fw17\/wp-content\/uploads\/2023\/06\/William_Orpen_-_The_Signing_of_Peace_in_the_Hall_of_Mirrors_800x450.jpg?fit=800%2C450&ssl=1&resize=350%2C200 1x, https:\/\/i0.wp.com\/www.freidenker.org\/fw17\/wp-content\/uploads\/2023\/06\/William_Orpen_-_The_Signing_of_Peace_in_the_Hall_of_Mirrors_800x450.jpg?fit=800%2C450&ssl=1&resize=525%2C300 1.5x, https:\/\/i0.wp.com\/www.freidenker.org\/fw17\/wp-content\/uploads\/2023\/06\/William_Orpen_-_The_Signing_of_Peace_in_the_Hall_of_Mirrors_800x450.jpg?fit=800%2C450&ssl=1&resize=700%2C400 2x"},"classes":[]}],"_links":{"self":[{"href":"https:\/\/www.freidenker.org\/index.php?rest_route=\/wp\/v2\/posts\/5509","targetHints":{"allow":["GET"]}}],"collection":[{"href":"https:\/\/www.freidenker.org\/index.php?rest_route=\/wp\/v2\/posts"}],"about":[{"href":"https:\/\/www.freidenker.org\/index.php?rest_route=\/wp\/v2\/types\/post"}],"author":[{"embeddable":true,"href":"https:\/\/www.freidenker.org\/index.php?rest_route=\/wp\/v2\/users\/3"}],"replies":[{"embeddable":true,"href":"https:\/\/www.freidenker.org\/index.php?rest_route=%2Fwp%2Fv2%2Fcomments&post=5509"}],"version-history":[{"count":0,"href":"https:\/\/www.freidenker.org\/index.php?rest_route=\/wp\/v2\/posts\/5509\/revisions"}],"wp:featuredmedia":[{"embeddable":true,"href":"https:\/\/www.freidenker.org\/index.php?rest_route=\/wp\/v2\/media\/5513"}],"wp:attachment":[{"href":"https:\/\/www.freidenker.org\/index.php?rest_route=%2Fwp%2Fv2%2Fmedia&parent=5509"}],"wp:term":[{"taxonomy":"category","embeddable":true,"href":"https:\/\/www.freidenker.org\/index.php?rest_route=%2Fwp%2Fv2%2Fcategories&post=5509"},{"taxonomy":"post_tag","embeddable":true,"href":"https:\/\/www.freidenker.org\/index.php?rest_route=%2Fwp%2Fv2%2Ftags&post=5509"}],"curies":[{"name":"wp","href":"https:\/\/api.w.org\/{rel}","templated":true}]}}