{"id":5501,"date":"2018-10-27T10:55:28","date_gmt":"2018-10-27T08:55:28","guid":{"rendered":"http:\/\/www.freidenker.org\/?p=5501"},"modified":"2019-01-02T19:57:48","modified_gmt":"2019-01-02T18:57:48","slug":"merkel-und-eu-wollen-wahrheitsministerium","status":"publish","type":"post","link":"https:\/\/www.freidenker.org\/?p=5501","title":{"rendered":"Merkel und EU wollen Wahrheitsministerium"},"content":{"rendered":"<p>In der Rubrik <strong>Tagesdosis<\/strong> wurde am 26.10.2018 bei <a href=\"https:\/\/kenfm.de\/tagesdosis-26-10-2018-merkel-und-eu-wollen-wahrheitsministerium\/\" target=\"_blank\" rel=\"noopener\">KenFM <\/a>der Beitrag <strong>\u201eMerkel und EU wollen Wahrheitsministerium\u201c<\/strong> von <em><strong>Sebatian Bahlo<\/strong><\/em>, Stellvertretender Vorsitzender des Deutschen Freidenker-Verbandes, ver\u00f6ffentlicht.<\/p>\n<p>Den Beitrag als Audio-Datei anh\u00f6ren:<\/p>\n<audio class=\"wp-audio-shortcode\" id=\"audio-5501-1\" preload=\"none\" style=\"width: 100%;\" controls=\"controls\"><source type=\"audio\/mpeg\" src=\"https:\/\/www.freidenker.org\/fw17\/wp-content\/uploads\/2018\/10\/tagesdosis-20181026.mp3?_=1\" \/><a href=\"https:\/\/www.freidenker.org\/fw17\/wp-content\/uploads\/2018\/10\/tagesdosis-20181026.mp3\">https:\/\/www.freidenker.org\/fw17\/wp-content\/uploads\/2018\/10\/tagesdosis-20181026.mp3<\/a><\/audio>\n<p>&nbsp;<\/p>\n<p>Der Beitrag ist auch auf YouTube verf\u00fcgbar: <a href=\"https:\/\/www.youtube.com\/watch?v=piyA5HIXGBU\" target=\"_blank\" rel=\"noopener\">https:\/\/www.youtube.com\/watch?v=piyA5HIXGBU<\/a><\/p>\n<p>&nbsp;<\/p>\n<h4>Tagesdosis 26.10.2018 \u2013 Merkel und EU wollen Wahrheitsministerium<\/h4>\n<p><i>Ein Kommentar von<\/i><b><i> Sebastian Bahlo<\/i><\/b><i>.<\/i><\/p>\n<p><a href=\"https:\/\/www.youtube.com\/watch?v=_VkwuMgxUu0\" target=\"_blank\" rel=\"noopener\">Am 17.10.2018 gab Bundeskanzlerin Merkel im Bundestag eine Regierungserkl\u00e4rung zum bevorstehenden \u201eEurop\u00e4ischen Rat\u201c ab<\/a>. (1) Zwischen wohlbekannten Allgemeinpl\u00e4tzen, Auslassungen zum \u201eBrexit\u201c, der den unbotm\u00e4\u00dfigen Briten nat\u00fcrlich so schmerzhaft wie m\u00f6glich gemacht werden soll, und anderen unvermeidlichen Themen versteckte sich folgende Ank\u00fcndigung im Zusammenhang mit den kommenden Wahlen zum EU-Parlament:<\/p>\n<p>\u201e<em>Wir wollen zudem Leitlinien f\u00fcr den Umgang mit Parteien schaffen, die in ihren Kampagnen aktiv Desinformation betreiben. Und das bedeutet in letzter Konsequenz auch, in solchen F\u00e4llen \u00fcber finanzielle Sanktionen nachzudenken. Denn Politik bedeutet Verantwortung: Wer sich nicht an die demokratischen Spielregeln Europas h\u00e4lt, der kann auch nicht erwarten, von der Europ\u00e4ischen Union Mittel zur Parteienfinanzierung zu erhalten.<\/em>\u201e<\/p>\n<p>Das Protokoll verzeichnet pflichtschuldigsten \u201eBeifall bei der CDU\/CSU und der SPD sowie bei Abgeordneten der FDP\u201c<\/p>\n<p>\u201e<em>Auch das ist wehrhafte Demokratie, meine Damen und Herren<\/em>\u201e, setzt die Kanzlerin hinzu.<\/p>\n<p>\u201e\u201a<em>Wehrhaft\u2018, so wie Sie sie praktizieren!<\/em>\u201e, wirft hier Alice Weidel von der AfD ein.<\/p>\n<p>Da entgegnet die Zuchtmeisterin mit sadistischer H\u00e4me: \u201e<em>F\u00fchlt sich da jemand angesprochen?<\/em>\u201e, was eine ganz gro\u00dfe Koalition von Speichelleckern aus CDU\/CSU, SPD, Gr\u00fcnen und FDP zu \u201eHeiterkeit und Beifall\u201c hinrei\u00dft. Diese Reaktion darf nun keineswegs als Anerkennung f\u00fcr einen gelungenen Scherz verstanden werden, denn es war ja gar kein Scherz. Es war das Stichwort, um das Gr\u00f6len des parlamentarischen Lynchmobs hervorzurufen. Da\u00df die AfD sich angesprochen f\u00fchlen soll, wenn die einflu\u00dfreichste Politikerin der EU \u201eDesinformation\u201c und \u201edemokratische Spielregeln\u201c im Zusammenhang mit einer EU-Wahl im Munde f\u00fchrt, unterliegt keinem Zweifel. Dasselbe Spiel w\u00e4re auf den gleichen Zwischenruf von der linken Seite des Plenums gefolgt.<\/p>\n<p>Merkel sollte nicht zuviel versprochen haben: <a href=\"https:\/\/www.consilium.europa.eu\/media\/36776\/18-euco-final-conclusions-de.pdf\" target=\"_blank\" rel=\"noopener\">In der Pressemitteilung<\/a> (2) \u00fcber die \u201eSchlussfolgerungen des Europ\u00e4ischen Rates, 18. Oktober 2018\u201c steht:<\/p>\n<p>\u201eDer Europ\u00e4ische Rat fordert au\u00dferdem Ma\u00dfnahmen (\u2026) zum Schutz der demokratischen Systeme der Union und zur Bek\u00e4mpfung von Desinformation, auch im Kontext der bevorstehenden Wahl zum Europ\u00e4ischen Parlament, unter uneingeschr\u00e4nkter Achtung der Grundrechte. In diesem Zusammenhang sollten die von der Kommission vorgeschlagenen Ma\u00dfnahmen betreffend die Wahlkooperationsnetze, die Online-Transparenz, den Schutz vor Cybersicherheitsvorf\u00e4llen, die rechtswidrige Datenmanipulation und die Bek\u00e4mpfung von Desinformationskampagnen sowie die Versch\u00e4rfung der Vorschriften f\u00fcr die Finanzierung europ\u00e4ischer politischer Parteien rasch gepr\u00fcft werden, und die zust\u00e4ndigen Beh\u00f6rden sollten operative Folgema\u00dfnahmen einleiten.\u201c<\/p>\n<p>\u201eOperative Folgema\u00dfnahmen\u201c hei\u00dft: Diese Beh\u00f6rden sollen als Ankl\u00e4ger, Richter und Vollstrecker in einem fungieren. Was eine \u201eDesinformationskampagne\u201c ist und was nicht, entscheidet nicht ein Gericht, vor dem die Beschuldigten sich verteidigen k\u00f6nnten, sondern es unterliegt der Willk\u00fcr von EU-Beh\u00f6rden, mi\u00dfliebigen Parteien die Finanzierung durch die EU verwehren zu k\u00f6nnen. Auf nationaler Ebene m\u00fc\u00dfte ein analoges Verfahren zwangsl\u00e4ufig von den Gesetzgebungsorganen beschlossen werden, auf EU-Ebene gen\u00fcgt ein Beschlu\u00df des \u201eEurop\u00e4ischen Rats\u201c, der Zusammenkunft der Staats- und Regierungschefs der EU-Mitgliedsl\u00e4nder. Dies ist zweifellos, was Merkel mit den \u201edemokratischen Spielregeln Europas\u201c meint.<\/p>\n<h5><strong>EU-Blockfl\u00f6ten pfeifen aus dem letzten Loch<\/strong><\/h5>\n<p>Man f\u00fchlt sich an das Orwellsche \u201eWahrheitsministerium\u201c erinnert. Der Vorwurf, eine \u201eDesinformationskampagne\u201c zu betreiben, ist ja im allgemeinen nicht objektiv pr\u00fcfbar. Wenn es nicht gerade darum geht, ob der Schnee wei\u00df oder schwarz sei, sondern um kompliziertere Fragen wie die Interpretation von Statistiken oder darum, welches Gewicht gewissen Tatsachen zuzumessen sei oder welche Entwicklungen n\u00fctzlich oder sch\u00e4dlich seien, so ist es \u00fcblich, da\u00df sich Parteien im Wahlkampf gegenseitig \u201eDesinformation\u201c vorwerfen, es ist aber auch klar, da\u00df hier\u00fcber keine amtliche Entscheidung getroffen werden kann. Eben dieses Ansinnen bedeutet nichts anderes, als da\u00df gewisse politische Meinungen als unzul\u00e4ssig erkl\u00e4rt werden sollen.<\/p>\n<p>Und welche Meinungen sollen unzul\u00e4ssig sein? Nat\u00fcrlich alle, deren gemeinsamer Nenner die Kritik an der Absorption nationaler Souver\u00e4nit\u00e4t durch die EU und an deren durch und durch undemokratischen Verfa\u00dftheit bildet. Da diese Kritik derzeit st\u00e4rker aus dem \u201erechtspopulistischen\u201c Lager zu vernehmen ist, kann der erste Schlag zun\u00e4chst gegen dieses gef\u00fchrt werden; doch ist eine Ausdehnung auf linke Kritik jederzeit m\u00f6glich und gewi\u00df schon geplant.<\/p>\n<p>Die b\u00fcrgerliche Demokratie schafft sich ab, so scheint es, und die EU leistet aktive Sterbehilfe. Vorbei die Zeiten, als \u201eMeinungsvielfalt\u201c als ein hohes Gut und der Inbegriff der moralischen \u00dcberlegenheit der westlichen Demokratie gefeiert wurde, dessen Export in r\u00fcckst\u00e4ndige Weltgegenden sogar V\u00f6lkerrechtsbruch und Krieg legitimierte, wenn nicht obligat machte. Kaum begann diese Meinungsvielfalt einmal damit, zaghaft an der EU, dem politischen Machtinstrument der westeurop\u00e4ischen Oligarchen zu kratzen, schlug ihr die letzte Stunde. Parteien, die sich nicht zu Blockfl\u00f6ten im gro\u00dfen Einheits-EU-Jubelorchester degradieren lassen, werden ausgegrenzt und bestraft. Wurden fr\u00fcher in den einzelnen L\u00e4ndern Parteien kriminalisiert, weil ihnen vorgeworfen wurde, staatsfeindliche Ziele zu haben, so gen\u00fcgt jetzt bei EU-Wahlen allein der jederzeit einsetzbare Vorwurf der \u201eDesinformationskampagne\u201c.<\/p>\n<p>Doch ist absehbar, da\u00df durch diese Ma\u00dfnahme die Ablehnung der EU bei den V\u00f6lkern ihrer Mitgliedsl\u00e4nder nur wachsen statt abnehmen wird, zeigt sie doch schon an sich ein fortgeschrittenes Verfallsstadium an. Wenn bei den Wahlen zum EU-Parlament im n\u00e4chsten Jahr die EU-Kritiker (mit oder ohne Finanzierung aus Br\u00fcssel) weiter gest\u00e4rkt werden, dann wird das nicht, wie die Gesinnungsw\u00e4chter glauben machen wollen, ein \u201eR\u00fcckschlag\u201c, sondern ein Sieg f\u00fcr die europ\u00e4ische Demokratie sein.<\/p>\n<p>&nbsp;<\/p>\n<p><strong>Quellen<\/strong><\/p>\n<ol>\n<li><a href=\"https:\/\/www.youtube.com\/watch?v=_VkwuMgxUu0\" target=\"_blank\" rel=\"noopener\">https:\/\/www.youtube.com\/watch?v=_VkwuMgxUu0<\/a><\/li>\n<li><a href=\"https:\/\/www.consilium.europa.eu\/media\/36776\/18-euco-final-conclusions-de.pdf\" target=\"_blank\" rel=\"noopener\">https:\/\/www.consilium.europa.eu\/media\/36776\/18-euco-final-conclusions-de.pdf<\/a><\/li>\n<\/ol>\n<p>&nbsp;<\/p>\n<p><em>Quelle der Erstver\u00f6ffentlichung: <a href=\"https:\/\/kenfm.de\/tagesdosis-26-10-2018-merkel-und-eu-wollen-wahrheitsministerium\/\" target=\"_blank\" rel=\"noopener\">https:\/\/kenfm.de\/tagesdosis-26-10-2018-merkel-und-eu-wollen-wahrheitsministerium\/<\/a><\/em><\/p>\n<p>Der Beitrag ist auch auf YouTube verf\u00fcgbar: <a href=\"https:\/\/www.youtube.com\/watch?v=piyA5HIXGBU\" target=\"_blank\" rel=\"noopener\">https:\/\/www.youtube.com\/watch?v=piyA5HIXGBU<\/a><\/p>\n<hr \/>\n<p>Bild: Anti-TTIP-Demo Oktober 2015 in Berlin<br \/>\nBildquelle: <a href=\"https:\/\/pxhere.com\/en\/photo\/1055229\" target=\"_blank\" rel=\"noopener\">pxhere.com<\/a>\u00a0\u00a0Lizenz: CC0<\/p>\n<p>&nbsp;<\/p>\n<p>&nbsp;<\/p>\n","protected":false},"excerpt":{"rendered":"<p><strong>In der Rubrik Tagesdosis wurde am 26.10.2018 bei KenFM der Beitrag \u201eMerkel und EU wollen Wahrheitsministerium\u201c von Sebatian Bahlo, Stellvertretender Vorsitzender des Deutschen Freidenker-Verbandes, ver\u00f6ffentlicht.<\/strong><br \/>\nAm 17.10.2018 gab Bundeskanzlerin Merkel im Bundestag eine Regierungserkl\u00e4rung zum bevorstehenden \u201eEurop\u00e4ischen Rat\u201c ab. Zwischen wohlbekannten Allgemeinpl\u00e4tzen, Auslassungen zum \u201eBrexit\u201c, der den unbotm\u00e4\u00dfigen Briten nat\u00fcrlich so schmerzhaft wie m\u00f6glich gemacht werden soll, und anderen unvermeidlichen Themen versteckte sich folgende Ank\u00fcndigung im Zusammenhang mit den kommenden Wahlen zum EU-Parlament &#8230;<\/p>\n","protected":false},"author":3,"featured_media":5502,"comment_status":"closed","ping_status":"closed","sticky":false,"template":"","format":"standard","meta":{"colormag_page_container_layout":"default_layout","colormag_page_sidebar_layout":"default_layout","advanced_seo_description":"","jetpack_seo_html_title":"","jetpack_seo_noindex":false,"jetpack_post_was_ever_published":false,"footnotes":""},"categories":[12],"tags":[682,898,605,182,395,124],"class_list":["post-5501","post","type-post","status-publish","format-standard","has-post-thumbnail","hentry","category-demokratie-medien-aufklaerung","tag-angela-merkel","tag-buergerliche-demokratie","tag-desinformation","tag-eu","tag-meinungsfreiheit","tag-politik"],"jetpack_featured_media_url":"https:\/\/i0.wp.com\/www.freidenker.org\/fw17\/wp-content\/uploads\/2018\/10\/angela_merkel_ttip_caricature_800x445.jpg?fit=800%2C445&ssl=1","jetpack_shortlink":"https:\/\/wp.me\/p9stpK-1qJ","jetpack-related-posts":[{"id":5849,"url":"https:\/\/www.freidenker.org\/?p=5849","url_meta":{"origin":5501,"position":0},"title":"Berlin und EU schleimen sich ein bei Trump","author":"Webredaktion","date":"12. Februar 2019","format":false,"excerpt":"In der Rubrik Tagesdosis wurde am 01.02.2019 bei KenFM der Beitrag \u201eBerlin und EU schleimen sich ein bei Trump\u201c von Rainer Rupp, Mitglied des Beirats des Deutschen Freidenker-Verbandes, ver\u00f6ffentlicht. Nur wenige Tage nach Bekanntwerden, dass Trump sich vergangenes Jahr bei seinen Beratern mehrmals dar\u00fcber ge\u00e4u\u00dfert hatte, aus der NATO aussteigen\u2026","rel":"","context":"In &quot;Demokratie \u2013 Medien \u2013 Aufkl\u00e4rung&quot;","block_context":{"text":"Demokratie \u2013 Medien \u2013 Aufkl\u00e4rung","link":"https:\/\/www.freidenker.org\/?cat=12"},"img":{"alt_text":"","src":"https:\/\/i0.wp.com\/www.freidenker.org\/fw17\/wp-content\/uploads\/2019\/02\/kenfm_berlin-eu-trump_800x445.jpg?fit=800%2C445&ssl=1&resize=350%2C200","width":350,"height":200,"srcset":"https:\/\/i0.wp.com\/www.freidenker.org\/fw17\/wp-content\/uploads\/2019\/02\/kenfm_berlin-eu-trump_800x445.jpg?fit=800%2C445&ssl=1&resize=350%2C200 1x, https:\/\/i0.wp.com\/www.freidenker.org\/fw17\/wp-content\/uploads\/2019\/02\/kenfm_berlin-eu-trump_800x445.jpg?fit=800%2C445&ssl=1&resize=525%2C300 1.5x, https:\/\/i0.wp.com\/www.freidenker.org\/fw17\/wp-content\/uploads\/2019\/02\/kenfm_berlin-eu-trump_800x445.jpg?fit=800%2C445&ssl=1&resize=700%2C400 2x"},"classes":[]},{"id":5252,"url":"https:\/\/www.freidenker.org\/?p=5252","url_meta":{"origin":5501,"position":1},"title":"Gipfelst\u00fcrme(r): Trump als russischer Agent entlarvt","author":"Webredaktion","date":"15. Juni 2018","format":false,"excerpt":"In der Rubrik Tagesdosis wurde am 15.06.2018 bei KenFM der Beitrag \u201eGipfelst\u00fcrme(r): Trump als russischer Agent entlarvt\u201c von Klaus Hartmann, Vorsitzender des Deutschen Freidenker-Verbandes, ver\u00f6ffentlicht. Auch Genie\u00dfen will gelernt sein. Ohne M\u00fche und ohne exakte Information kommt man nicht ans Ziel. F\u00fcr nicht so Ge\u00fcbte bietet der j\u00fcngste \u201eG7\u201c-Gipfel im\u2026","rel":"","context":"In &quot;Frieden - Antifaschismus - Solidarit\u00e4t&quot;","block_context":{"text":"Frieden - Antifaschismus - Solidarit\u00e4t","link":"https:\/\/www.freidenker.org\/?cat=13"},"img":{"alt_text":"","src":"https:\/\/i0.wp.com\/www.freidenker.org\/fw17\/wp-content\/uploads\/2018\/06\/trump_800x445.jpg?fit=800%2C445&ssl=1&resize=350%2C200","width":350,"height":200,"srcset":"https:\/\/i0.wp.com\/www.freidenker.org\/fw17\/wp-content\/uploads\/2018\/06\/trump_800x445.jpg?fit=800%2C445&ssl=1&resize=350%2C200 1x, https:\/\/i0.wp.com\/www.freidenker.org\/fw17\/wp-content\/uploads\/2018\/06\/trump_800x445.jpg?fit=800%2C445&ssl=1&resize=525%2C300 1.5x, https:\/\/i0.wp.com\/www.freidenker.org\/fw17\/wp-content\/uploads\/2018\/06\/trump_800x445.jpg?fit=800%2C445&ssl=1&resize=700%2C400 2x"},"classes":[]},{"id":9078,"url":"https:\/\/www.freidenker.org\/?p=9078","url_meta":{"origin":5501,"position":2},"title":"Medizin gegen politischen Brechreiz","author":"Webredaktion","date":"25. Dezember 2020","format":false,"excerpt":"Ein Kommentar von Rainer Rupp Bei KenFM werden die Gr\u00fcnde f\u00fcr das erneut weitverbreitete und wachsende politische Unwohlsein in unserem Land regelm\u00e4\u00dfig thematisiert. Gegen einen dieser Gr\u00fcnde, n\u00e4mlich gegen die irrationale und den Interessen unseres Landes zuwiderlaufende Aggressivit\u00e4t der Bundesregierung gegen Russland, schlage ich im zweiten Teil der heutigen Tagesdosis\u2026","rel":"","context":"In &quot;Frieden - Antifaschismus - Solidarit\u00e4t&quot;","block_context":{"text":"Frieden - Antifaschismus - Solidarit\u00e4t","link":"https:\/\/www.freidenker.org\/?cat=13"},"img":{"alt_text":"","src":"https:\/\/i0.wp.com\/www.freidenker.org\/fw17\/wp-content\/uploads\/2020\/12\/putin_veteranen_kremlin_800x450.jpg?fit=800%2C450&ssl=1&resize=350%2C200","width":350,"height":200,"srcset":"https:\/\/i0.wp.com\/www.freidenker.org\/fw17\/wp-content\/uploads\/2020\/12\/putin_veteranen_kremlin_800x450.jpg?fit=800%2C450&ssl=1&resize=350%2C200 1x, https:\/\/i0.wp.com\/www.freidenker.org\/fw17\/wp-content\/uploads\/2020\/12\/putin_veteranen_kremlin_800x450.jpg?fit=800%2C450&ssl=1&resize=525%2C300 1.5x, https:\/\/i0.wp.com\/www.freidenker.org\/fw17\/wp-content\/uploads\/2020\/12\/putin_veteranen_kremlin_800x450.jpg?fit=800%2C450&ssl=1&resize=700%2C400 2x"},"classes":[]},{"id":5577,"url":"https:\/\/www.freidenker.org\/?p=5577","url_meta":{"origin":5501,"position":3},"title":"UN-Migrationspakt \u2013 auf Bestellung der Banken und Konzerne","author":"Webredaktion","date":"2. Dezember 2018","format":false,"excerpt":"In der Rubrik Tagesdosis wurde am 30.11.2018 bei KenFM der Kommentar\u201eUN-Migrationspakt \u2013 auf Bestellung der Banken und Konzerne\u201c von Klaus Hartmann, Vorsitzender des Deutschen Freidenker-Verbandes, ver\u00f6ffentlicht. Dieser Beitrag ist auch als Freidenker-Brief 4-2018 am 01.12.2018 erschienen. Am UN-\u201ePakt f\u00fcr eine sichere, geordnete und regul\u00e4re Migration\u201c scheiden sich die Geister. Die\u2026","rel":"","context":"In &quot;Freidenker-Brief&quot;","block_context":{"text":"Freidenker-Brief","link":"https:\/\/www.freidenker.org\/?cat=341"},"img":{"alt_text":"KenFM vom 30.11.2018 - Tagesdosis von Klaus Hartmann","src":"https:\/\/i0.wp.com\/www.freidenker.org\/fw17\/wp-content\/uploads\/2018\/12\/kenfm_30112018_tagesdosis_hartmann.jpg?fit=800%2C445&ssl=1&resize=350%2C200","width":350,"height":200,"srcset":"https:\/\/i0.wp.com\/www.freidenker.org\/fw17\/wp-content\/uploads\/2018\/12\/kenfm_30112018_tagesdosis_hartmann.jpg?fit=800%2C445&ssl=1&resize=350%2C200 1x, https:\/\/i0.wp.com\/www.freidenker.org\/fw17\/wp-content\/uploads\/2018\/12\/kenfm_30112018_tagesdosis_hartmann.jpg?fit=800%2C445&ssl=1&resize=525%2C300 1.5x, https:\/\/i0.wp.com\/www.freidenker.org\/fw17\/wp-content\/uploads\/2018\/12\/kenfm_30112018_tagesdosis_hartmann.jpg?fit=800%2C445&ssl=1&resize=700%2C400 2x"},"classes":[]},{"id":4542,"url":"https:\/\/www.freidenker.org\/?p=4542","url_meta":{"origin":5501,"position":4},"title":"Hochr\u00fcstung und Krieg: Aus Berlin nichts Neues","author":"Webredaktion","date":"16. Februar 2018","format":false,"excerpt":"In der Rubrik Tagesdosis wurde am 09.02.2018 bei KenFM der Beitrag \"Hochr\u00fcstung und Krieg: Aus Berlin nichts Neues\" von Klaus Hartmann ver\u00f6ffentlicht. Waren Sie auch so brennend an den Berliner Koalitionsverhandlungen interessiert? M\u00fcsste wohl, den t\u00e4glichen, ja st\u00fcndlichen Wasserstandsmeldungen in Presse, Funk und Fernsehen nach zu urteilen. Sagen Sie jetzt\u2026","rel":"","context":"In &quot;Demokratie \u2013 Medien \u2013 Aufkl\u00e4rung&quot;","block_context":{"text":"Demokratie \u2013 Medien \u2013 Aufkl\u00e4rung","link":"https:\/\/www.freidenker.org\/?cat=12"},"img":{"alt_text":"","src":"https:\/\/i0.wp.com\/www.freidenker.org\/fw17\/wp-content\/uploads\/2018\/02\/Tagesdosis_2018-02-09.jpg?fit=800%2C445&ssl=1&resize=350%2C200","width":350,"height":200,"srcset":"https:\/\/i0.wp.com\/www.freidenker.org\/fw17\/wp-content\/uploads\/2018\/02\/Tagesdosis_2018-02-09.jpg?fit=800%2C445&ssl=1&resize=350%2C200 1x, https:\/\/i0.wp.com\/www.freidenker.org\/fw17\/wp-content\/uploads\/2018\/02\/Tagesdosis_2018-02-09.jpg?fit=800%2C445&ssl=1&resize=525%2C300 1.5x, https:\/\/i0.wp.com\/www.freidenker.org\/fw17\/wp-content\/uploads\/2018\/02\/Tagesdosis_2018-02-09.jpg?fit=800%2C445&ssl=1&resize=700%2C400 2x"},"classes":[]},{"id":6719,"url":"https:\/\/www.freidenker.org\/?p=6719","url_meta":{"origin":5501,"position":5},"title":"Ursula von der Leyen &#8211; Geburtshelferin eines militarisierten Europas","author":"Webredaktion","date":"17. Juli 2019","format":false,"excerpt":"In der Rubrik Tagesdosis wurde am 06.07.2019 bei KenFM der Beitrag \u201eGeburtshelferin eines militarisierten Europas\u201c von Hermann Ploppa ver\u00f6ffentlicht. Die Europ\u00e4ische Union bleibt ihrem in Jahrzehnten m\u00fchsam erarbeiteten Ruf treu. Als kafkaeske Superbeh\u00f6rde steht sie \u00fcber den Niederungen nationaler Auseinandersetzungen und setzt selbstherrlich ihre Beschl\u00fcsse durch. So auch wieder geschehen\u2026","rel":"","context":"In &quot;Demokratie \u2013 Medien \u2013 Aufkl\u00e4rung&quot;","block_context":{"text":"Demokratie \u2013 Medien \u2013 Aufkl\u00e4rung","link":"https:\/\/www.freidenker.org\/?cat=12"},"img":{"alt_text":"","src":"https:\/\/i0.wp.com\/www.freidenker.org\/fw17\/wp-content\/uploads\/2019\/07\/VonDerLeyen_Mueller_MSC2014_800x445.jpg?fit=800%2C445&ssl=1&resize=350%2C200","width":350,"height":200,"srcset":"https:\/\/i0.wp.com\/www.freidenker.org\/fw17\/wp-content\/uploads\/2019\/07\/VonDerLeyen_Mueller_MSC2014_800x445.jpg?fit=800%2C445&ssl=1&resize=350%2C200 1x, https:\/\/i0.wp.com\/www.freidenker.org\/fw17\/wp-content\/uploads\/2019\/07\/VonDerLeyen_Mueller_MSC2014_800x445.jpg?fit=800%2C445&ssl=1&resize=525%2C300 1.5x, https:\/\/i0.wp.com\/www.freidenker.org\/fw17\/wp-content\/uploads\/2019\/07\/VonDerLeyen_Mueller_MSC2014_800x445.jpg?fit=800%2C445&ssl=1&resize=700%2C400 2x"},"classes":[]}],"_links":{"self":[{"href":"https:\/\/www.freidenker.org\/index.php?rest_route=\/wp\/v2\/posts\/5501","targetHints":{"allow":["GET"]}}],"collection":[{"href":"https:\/\/www.freidenker.org\/index.php?rest_route=\/wp\/v2\/posts"}],"about":[{"href":"https:\/\/www.freidenker.org\/index.php?rest_route=\/wp\/v2\/types\/post"}],"author":[{"embeddable":true,"href":"https:\/\/www.freidenker.org\/index.php?rest_route=\/wp\/v2\/users\/3"}],"replies":[{"embeddable":true,"href":"https:\/\/www.freidenker.org\/index.php?rest_route=%2Fwp%2Fv2%2Fcomments&post=5501"}],"version-history":[{"count":0,"href":"https:\/\/www.freidenker.org\/index.php?rest_route=\/wp\/v2\/posts\/5501\/revisions"}],"wp:featuredmedia":[{"embeddable":true,"href":"https:\/\/www.freidenker.org\/index.php?rest_route=\/wp\/v2\/media\/5502"}],"wp:attachment":[{"href":"https:\/\/www.freidenker.org\/index.php?rest_route=%2Fwp%2Fv2%2Fmedia&parent=5501"}],"wp:term":[{"taxonomy":"category","embeddable":true,"href":"https:\/\/www.freidenker.org\/index.php?rest_route=%2Fwp%2Fv2%2Fcategories&post=5501"},{"taxonomy":"post_tag","embeddable":true,"href":"https:\/\/www.freidenker.org\/index.php?rest_route=%2Fwp%2Fv2%2Ftags&post=5501"}],"curies":[{"name":"wp","href":"https:\/\/api.w.org\/{rel}","templated":true}]}}