{"id":549,"date":"2009-03-17T15:00:17","date_gmt":"2009-03-17T14:00:17","guid":{"rendered":"http:\/\/www.freidenker.org\/fw17\/?p=549"},"modified":"2019-06-27T21:37:07","modified_gmt":"2019-06-27T19:37:07","slug":"denis-diderot-weiss-man-je-wohin-man-geht","status":"publish","type":"post","link":"https:\/\/www.freidenker.org\/?p=549","title":{"rendered":"Denis Diderot \u2013 \u201eWei\u00df man je, wohin man geht?&#8220;"},"content":{"rendered":"<p>Aus <a href=\"https:\/\/www.freidenker.org\/?p=696\">Freidenker Nr. 1-09 M\u00e4rz 2009<\/a>\u00a0\u00a0\u00a0\u00a0 68. Jahrgang\u00a0 &#8211; B\u00fccher f\u00fcr Freidenker<\/p>\n<p>Was wei\u00df man als \u201enormal&#8220; gebildeter Mensch \u00fcber Diderot? H\u00f6chstens, dass er zu den Enzyklop\u00e4disten geh\u00f6rte. Es ist das Verdienst dieses neuen allgemeinverst\u00e4ndlichen Lesebuchs, unser Diderot-Bild auszumalen und dynamisch zu gestalten sowie sein Werk einer breiteren Leserschaft zug\u00e4nglich zu machen. Als erster Band in der vorgesehenen neu begr\u00fcndeten Reihe Humanismus \u2013 neu entdeckt gibt uns der T\u00fcbinger Philosophiehistoriker Werner Raupp in diesem unterhaltsamen Werk eine vertiefte \u00dcbersicht \u00fcber das vielf\u00e4ltige Wirken Diderots.<\/p>\n<p>Durch eine umfassende Einleitung bekommen wir ein plastisches Bild von dem Lebensweg einer vielschichtigen und interessanten Pers\u00f6nlichkeit. Anhand von vielen Textzeugnissen, sowohl von Diderot selbst als auch von seinen Zeitgenossen, wird sein literarisches Oeuvre sowie sein Wirken anschaulich dargestellt. Kontempor\u00e4re Illustrationen, Reproduktionen von Gem\u00e4lden und Stichen, bereichern den Band und sorgen daf\u00fcr, dass die Periode f\u00fcr uns lebendig wird. Wir erfahren, dass Diderot zu der Gattung der philosophes, der Universalgelehrten, geh\u00f6rte, die, \u00e4hnlich wie Goethe, pr\u00e4gend waren f\u00fcr das 18. Jahrhundert. Es werden die \u00fcblichen biographischen Daten und der Werdegang dargestellt; Diderot wird in Zeit und Raum lokalisiert. Wir lernen Diderot nicht nur als Herausgeber der Enzyklop\u00e4die, sondern auch als Schriftsteller, Kunst- und Literaturkritiker sowie als Philosoph und Politiker kennen. Sp\u00e4testens aber wenn man erf\u00e4hrt, dass Diderot auch Autor pikaresker Romane war, ist man auf das Weitere gespannt. Man wird nicht entt\u00e4uscht. Ein Zitat kann als charakteristisch f\u00fcr ihn gesehen werden:<br \/>\n\u201eMeine Liebe geh\u00f6rt den B\u00fcchern; mit ihnen bin ich vollkommen gl\u00fccklich und zufrieden, mehr brauche ich nicht&#8220;, wobei dies alles andere als eine trockene, asketische T\u00e4tigkeit war. Wir erfahren, dass Diderot auf Betreiben der Zensur ins Gef\u00e4ngnis kam, und durch die Polizeibeh\u00f6rde unter Beobachtung stand \u2013 galt doch die Herausgabe einer Enzyklop\u00e4die, \u201eeines Buches wie die Bibel&#8220; (Peter Prange) als revolution\u00e4re T\u00e4tigkeit! Die damals, viel st\u00e4rker als heute, bestehenden vielfachen Verkn\u00fcpfungen und Kontakte unter den Geistesgr\u00f6\u00dfen kommen zum Ausdruck \u2013 kein geringerer als Lessing \u00fcbersetzte Diderots Theaterst\u00fccke ins Deutsche. Diderot wiederum \u00fcbersetzte Werke aus dem Englischen, z.B. von Shaftesbury, ins Franz\u00f6sische. Diderot stand fest in der humanistischen Tradition. Die Einfl\u00fcsse, die auf ihn gewirkt hatten, vor allem der englischen Deisten (Locke, Hume, Bacon), sowie sein eigenes Nachwirken, bis hin zu Darwins Evolutionstheorie und Engels Dialektik werden fundiert dargestellt. Die Literatursammlung, die den Hauptteil des Werkes bildet, ist beachtlich und beredt. Ausz\u00fcge aus Diderots vielf\u00e4ltigem literarischem Schaffen belegen das Genie dieses Aufkl\u00e4rers. Es gibt Ausz\u00fcge aus seinen Romanen \u201eDie geschw\u00e4tzigen Kleinode&#8220; und \u201eDie Nonne&#8220;, letzteres inspiriert durch das Schicksal seiner Schwester, sowie aus seinen \u00e4sthetischen, philosophischen und politischen Werken. In letzteren zeigt er sich als Wegbereiter der Demokratie. Weiten Raum nehmen am\u00fcsante Beschreibungen aus dem Salon, seinen kunstkritischen Betrachtungen, ein. Maler wie Chardin, Greuze und Robert werden im Plauderton besprochen. Es gibt schlie\u00dflich umfangreiche Zeitzeugen: humorvolle Schilderungen von seiner Tochter und von Rousseau, Korrespondenz-Exzerpte, z. B. aus dem Briefwechsel zwischen Goethe und Schiller. Artikel aus der Enzyklop\u00e4die selbst d\u00fcrfen selbstverst\u00e4ndlich nicht fehlen: von \u201eAmerika&#8220;, \u00fcber \u201eLiebe der Geschlechter&#8220; und \u201eSauerkraut&#8220;, bis hin zum \u201eZ\u00f6libat&#8220; sind sie repr\u00e4sentativ ausgew\u00e4hlt.<\/p>\n<p>In seinem Vorwort bringt der Herausgeber seine eigene humanistische Philosophie bestens zur Geltung. Ein Geleitwort wurde von dem Bestseller-Autor Peter Prange, selbst Verfasser eines bekannten Diderot-Romans, geliefert. Es gibt einen Anhang mit Quellenverzeichnis, Zeittafel, Bibliographie und Namensverzeichnis. Eine menschliche Nuance bietet die Aphorismensammlung, die gleichsam als Einleitung f\u00fcr die von Werner Raupp begr\u00fcndete neue Buchreihe anzusehen ist.<\/p>\n<div style=\"text-align: left;\" align=\"right\"><em>Walter H. Nilson, M.A., T\u00fcbingen<br \/>\n<\/em><\/div>\n<p><em>Werner Raupp (Hg.): Denis Diderot \u2013 \u201eWei\u00df man je, wohin man geht?&#8220; Ein Lesebuch. (Reihe: \u201eHumanismus \u2013 neu entdeckt&#8220;), Bd. 1, 2008. 484 Seiten, Hardcover, 60 Abbildungen, Lebenstafel, Quellen- Anmerkungsteil, Geleitwort von Peter Prange, Preis: 27,90 Euro\u20ac (ISBN: 978-3-936088-95-3); (auch beim Herausgeber f\u00fcr 19 Euro zu beziehen: dr.werner-raupp@ gmx.de).<\/em><\/p>\n<hr \/>\n<p>Bild: FreeImages.com\/ blaise chwola<\/p>\n","protected":false},"excerpt":{"rendered":"<p><strong>Rezension von Walter H. Nilson zu: Werner Raupp (Hg.): Denis Diderot \u2013 \u201eWei\u00df man je, wohin man geht?&#8220;<\/strong><br \/>\nWas wei\u00df man als \u201enormal&#8220; gebildeter Mensch \u00fcber Diderot? H\u00f6chstens, dass er zu den Enzyklop\u00e4disten geh\u00f6rte. Es ist das Verdienst dieses neuen allgemeinverst\u00e4ndlichen Lesebuchs, unser Diderot-Bild auszumalen und dynamisch zu gestalten sowie sein Werk einer breiteren Leserschaft zug\u00e4nglich zu machen. Als erster Band in der vorgesehenen neu begr\u00fcndeten Reihe Humanismus \u2013 neu entdeckt gibt uns der T\u00fcbinger Philosophiehistoriker Werner Raupp in diesem unterhaltsamen Werk eine vertiefte \u00dcbersicht \u00fcber das vielf\u00e4ltige Wirken Diderots.<\/p>\n","protected":false},"author":2,"featured_media":550,"comment_status":"closed","ping_status":"closed","sticky":false,"template":"","format":"standard","meta":{"colormag_page_container_layout":"default_layout","colormag_page_sidebar_layout":"default_layout","advanced_seo_description":"","jetpack_seo_html_title":"","jetpack_seo_noindex":false,"jetpack_post_was_ever_published":false,"footnotes":""},"categories":[6,16],"tags":[256,257],"class_list":["post-549","post","type-post","status-publish","format-standard","has-post-thumbnail","hentry","category-publikationen-fuer-freidenker","category-weltanschauung-philosophie","tag-denis-diderot","tag-humanismus"],"jetpack_featured_media_url":"https:\/\/i0.wp.com\/www.freidenker.org\/fw17\/wp-content\/uploads\/2016\/08\/Enzyklopeadie.jpg?fit=800%2C445&ssl=1","jetpack_shortlink":"https:\/\/wp.me\/p9stpK-8R","jetpack-related-posts":[{"id":696,"url":"https:\/\/www.freidenker.org\/?p=696","url_meta":{"origin":549,"position":0},"title":"FREIDENKER 1-09 &#8211; Internationales Charles-Darwin-Jahr","author":"Webmaster","date":"16. M\u00e4rz 2009","format":false,"excerpt":"Die Ausgabe 1-09 des Verbandsorgans FREIDENKER hat das Schwerpunkt-Thema \u201eInternationales Charles-Darwin-Jahr\u201c und enth\u00e4lt u.a folgende Beitr\u00e4ge: - Klaus Hartmann: Das Internationale Darwin-Jahr - Charles Darwin und die Evolutionswissenschaft - Fundsachen und ihre Zeit - Robert Steigerwald: Aristoteles und der ,intelligente Designer\u2018 - Sozialdarwinismus - Sebastian Bahlo: Der halbe oder der\u2026","rel":"","context":"In &quot;Verbandsorgan FREIDENKER&quot;","block_context":{"text":"Verbandsorgan FREIDENKER","link":"https:\/\/www.freidenker.org\/?cat=8"},"img":{"alt_text":"","src":"https:\/\/i0.wp.com\/www.freidenker.org\/fw17\/wp-content\/uploads\/2017\/12\/FD_2009-01_Titel_mR.jpg?fit=800%2C445&ssl=1&resize=350%2C200","width":350,"height":200,"srcset":"https:\/\/i0.wp.com\/www.freidenker.org\/fw17\/wp-content\/uploads\/2017\/12\/FD_2009-01_Titel_mR.jpg?fit=800%2C445&ssl=1&resize=350%2C200 1x, https:\/\/i0.wp.com\/www.freidenker.org\/fw17\/wp-content\/uploads\/2017\/12\/FD_2009-01_Titel_mR.jpg?fit=800%2C445&ssl=1&resize=525%2C300 1.5x, https:\/\/i0.wp.com\/www.freidenker.org\/fw17\/wp-content\/uploads\/2017\/12\/FD_2009-01_Titel_mR.jpg?fit=800%2C445&ssl=1&resize=700%2C400 2x"},"classes":[]},{"id":16458,"url":"https:\/\/www.freidenker.org\/?p=16458","url_meta":{"origin":549,"position":1},"title":"Solidarit\u00e4t mit der Radikalisierung der Widerstandsbewegung in Frankreich","author":"Webredaktion","date":"8. Juli 2023","format":false,"excerpt":"Beitrag von Denis Diderot Erstaunliche Zuf\u00e4lle in der deutsch-franz\u00f6sischen und britisch-franz\u00f6sischen Diplomatie ereigneten sich zuletzt: Im April dieses Jahres musste der britische Monarch seine geplante Paris-Reise wegen der Gelbwesten-Proteste verschieben und sprach stattdessen vor seinen deutschen EU-Untertanen im Deutschen Bundestag; ... Und am vergangenen Wochenende musste Emmanuel Macron seinen Staatsbesuch\u2026","rel":"","context":"In &quot;Arbeit &amp; Soziales&quot;","block_context":{"text":"Arbeit &amp; Soziales","link":"https:\/\/www.freidenker.org\/?cat=11"},"img":{"alt_text":"","src":"https:\/\/i0.wp.com\/www.freidenker.org\/fw17\/wp-content\/uploads\/2023\/07\/Violences_urbaines_Planoise_29-06-2023_800x450.jpg?fit=800%2C450&ssl=1&resize=350%2C200","width":350,"height":200,"srcset":"https:\/\/i0.wp.com\/www.freidenker.org\/fw17\/wp-content\/uploads\/2023\/07\/Violences_urbaines_Planoise_29-06-2023_800x450.jpg?fit=800%2C450&ssl=1&resize=350%2C200 1x, https:\/\/i0.wp.com\/www.freidenker.org\/fw17\/wp-content\/uploads\/2023\/07\/Violences_urbaines_Planoise_29-06-2023_800x450.jpg?fit=800%2C450&ssl=1&resize=525%2C300 1.5x, https:\/\/i0.wp.com\/www.freidenker.org\/fw17\/wp-content\/uploads\/2023\/07\/Violences_urbaines_Planoise_29-06-2023_800x450.jpg?fit=800%2C450&ssl=1&resize=700%2C400 2x"},"classes":[]},{"id":22283,"url":"https:\/\/www.freidenker.org\/?p=22283","url_meta":{"origin":549,"position":2},"title":"FREIDENKER 2-25 \u2013 Faschismus: Formen, Wesen, Aktuelle Gefahren","author":"Webredaktion","date":"3. Juli 2025","format":false,"excerpt":"Die Ausgabe 2-25 des Verbandsorgans FREIDENKER hat das Schwerpunkt-Thema \u201eFaschismus \u2013 Formen, Wesen, Aktuelle Gefahren\u201c und enth\u00e4lt u.a. folgende Beitr\u00e4ge: - Tilo Graeser: In Moskau zum 80. Jahrestag des Sieges \u00fcber den Faschismus - Helmut Selinger: Ist die AfD als faschistisch zu charakterisieren? - Patrik Baab: \u00dcber Corona und Ukraine-Krieg\u2026","rel":"","context":"In &quot;Verbandsorgan FREIDENKER&quot;","block_context":{"text":"Verbandsorgan FREIDENKER","link":"https:\/\/www.freidenker.org\/?cat=8"},"img":{"alt_text":"","src":"https:\/\/i0.wp.com\/www.freidenker.org\/fw17\/wp-content\/uploads\/2025\/07\/FD_2025-02_Titel_mR.jpg?fit=800%2C445&ssl=1&resize=350%2C200","width":350,"height":200,"srcset":"https:\/\/i0.wp.com\/www.freidenker.org\/fw17\/wp-content\/uploads\/2025\/07\/FD_2025-02_Titel_mR.jpg?fit=800%2C445&ssl=1&resize=350%2C200 1x, https:\/\/i0.wp.com\/www.freidenker.org\/fw17\/wp-content\/uploads\/2025\/07\/FD_2025-02_Titel_mR.jpg?fit=800%2C445&ssl=1&resize=525%2C300 1.5x, https:\/\/i0.wp.com\/www.freidenker.org\/fw17\/wp-content\/uploads\/2025\/07\/FD_2025-02_Titel_mR.jpg?fit=800%2C445&ssl=1&resize=700%2C400 2x"},"classes":[]},{"id":3270,"url":"https:\/\/www.freidenker.org\/?p=3270","url_meta":{"origin":549,"position":3},"title":"Menschenw\u00fcrde","author":"Webredaktion","date":"17. M\u00e4rz 2008","format":false,"excerpt":"Beitrag von Hans-G\u00fcnter Eschke aus: FREIDENKER 1-08 MENSCHENW\u00dcRDE dr\u00fcckt ... ein subjektiv-objektives Doppelverh\u00e4ltnis aus: Den in der t\u00e4tigen Auspr\u00e4gung und Lebens\u00e4u\u00dferung als Pers\u00f6nlichkeit gr\u00fcndenden potentiellen Wert des einzelnen f\u00fcr die Gesellschaft und \u2013 durch diese vermittelt \u2013 f\u00fcr die ganze Menschheit sowie f\u00fcr sich selbst; und zugleich den in der\u2026","rel":"","context":"In &quot;Weltanschauung &amp; Philosophie&quot;","block_context":{"text":"Weltanschauung &amp; Philosophie","link":"https:\/\/www.freidenker.org\/?cat=16"},"img":{"alt_text":"","src":"https:\/\/i0.wp.com\/www.freidenker.org\/fw17\/wp-content\/uploads\/2008\/03\/Landgericht-frankfurt-2010-ffm-081_800x445.jpg?fit=800%2C445&ssl=1&resize=350%2C200","width":350,"height":200,"srcset":"https:\/\/i0.wp.com\/www.freidenker.org\/fw17\/wp-content\/uploads\/2008\/03\/Landgericht-frankfurt-2010-ffm-081_800x445.jpg?fit=800%2C445&ssl=1&resize=350%2C200 1x, https:\/\/i0.wp.com\/www.freidenker.org\/fw17\/wp-content\/uploads\/2008\/03\/Landgericht-frankfurt-2010-ffm-081_800x445.jpg?fit=800%2C445&ssl=1&resize=525%2C300 1.5x, https:\/\/i0.wp.com\/www.freidenker.org\/fw17\/wp-content\/uploads\/2008\/03\/Landgericht-frankfurt-2010-ffm-081_800x445.jpg?fit=800%2C445&ssl=1&resize=700%2C400 2x"},"classes":[]},{"id":21716,"url":"https:\/\/www.freidenker.org\/?p=21716","url_meta":{"origin":549,"position":4},"title":"Wer aus der Geschichte nicht lernt, ist verdammt sie zu wiederholen","author":"Webredaktion","date":"5. Mai 2025","format":false,"excerpt":"Seit 2012 Jahren findet auf der ganzen Welt, auch in mehreren deutschen St\u00e4dten allj\u00e4hrlich vor dem 9. Mai der Gedenkmarsch \"Unsterbliches Regiment\" statt, bei dem der Gefallenen der Roten Armee im Gro\u00dfen Vaterl\u00e4ndischen Krieg durch ihre Nachfahren gedacht wird. Zu der gestrigen Veranstaltung in Frankfurt am Main dokumentieren wir das\u2026","rel":"","context":"In &quot;Frieden - Antifaschismus - Solidarit\u00e4t&quot;","block_context":{"text":"Frieden - Antifaschismus - Solidarit\u00e4t","link":"https:\/\/www.freidenker.org\/?cat=13"},"img":{"alt_text":"","src":"https:\/\/i0.wp.com\/www.freidenker.org\/fw17\/wp-content\/uploads\/2025\/05\/Unsterbliches_Regiment_FaM_2025_800x450.jpg?fit=800%2C450&ssl=1&resize=350%2C200","width":350,"height":200,"srcset":"https:\/\/i0.wp.com\/www.freidenker.org\/fw17\/wp-content\/uploads\/2025\/05\/Unsterbliches_Regiment_FaM_2025_800x450.jpg?fit=800%2C450&ssl=1&resize=350%2C200 1x, https:\/\/i0.wp.com\/www.freidenker.org\/fw17\/wp-content\/uploads\/2025\/05\/Unsterbliches_Regiment_FaM_2025_800x450.jpg?fit=800%2C450&ssl=1&resize=525%2C300 1.5x, https:\/\/i0.wp.com\/www.freidenker.org\/fw17\/wp-content\/uploads\/2025\/05\/Unsterbliches_Regiment_FaM_2025_800x450.jpg?fit=800%2C450&ssl=1&resize=700%2C400 2x"},"classes":[]},{"id":395,"url":"https:\/\/www.freidenker.org\/?p=395","url_meta":{"origin":549,"position":5},"title":"De-Emanzipation \u2013 Domenico Losurdos \u201aGegengeschichte\u2018 des Liberalismus","author":"Webmaster","date":"17. Juli 2010","format":false,"excerpt":"Beitrag von Arnold Sch\u00f6lzel aus FREIDENKER 2-10 Die Geschichte des Liberalismus in der westlichen Welt ist von Heiligenlegenden durchwoben. Die Gr\u00fcndungsmythen Hollands, Gro\u00dfbritanniens, der USA und Frankreichs besagen, dass in ihnen eine Gemeinschaft von freien B\u00fcrgern historisch erstmalig den Individualismus zur Norm von Gesellschaft und Wirtschaft machte. Von Eroberung oder\u2026","rel":"","context":"In &quot;Demokratie \u2013 Medien \u2013 Aufkl\u00e4rung&quot;","block_context":{"text":"Demokratie \u2013 Medien \u2013 Aufkl\u00e4rung","link":"https:\/\/www.freidenker.org\/?cat=12"},"img":{"alt_text":"","src":"https:\/\/i0.wp.com\/www.freidenker.org\/fw17\/wp-content\/uploads\/2016\/08\/Ballon-1.jpg?fit=800%2C445&ssl=1&resize=350%2C200","width":350,"height":200,"srcset":"https:\/\/i0.wp.com\/www.freidenker.org\/fw17\/wp-content\/uploads\/2016\/08\/Ballon-1.jpg?fit=800%2C445&ssl=1&resize=350%2C200 1x, https:\/\/i0.wp.com\/www.freidenker.org\/fw17\/wp-content\/uploads\/2016\/08\/Ballon-1.jpg?fit=800%2C445&ssl=1&resize=525%2C300 1.5x, https:\/\/i0.wp.com\/www.freidenker.org\/fw17\/wp-content\/uploads\/2016\/08\/Ballon-1.jpg?fit=800%2C445&ssl=1&resize=700%2C400 2x"},"classes":[]}],"_links":{"self":[{"href":"https:\/\/www.freidenker.org\/index.php?rest_route=\/wp\/v2\/posts\/549","targetHints":{"allow":["GET"]}}],"collection":[{"href":"https:\/\/www.freidenker.org\/index.php?rest_route=\/wp\/v2\/posts"}],"about":[{"href":"https:\/\/www.freidenker.org\/index.php?rest_route=\/wp\/v2\/types\/post"}],"author":[{"embeddable":true,"href":"https:\/\/www.freidenker.org\/index.php?rest_route=\/wp\/v2\/users\/2"}],"replies":[{"embeddable":true,"href":"https:\/\/www.freidenker.org\/index.php?rest_route=%2Fwp%2Fv2%2Fcomments&post=549"}],"version-history":[{"count":0,"href":"https:\/\/www.freidenker.org\/index.php?rest_route=\/wp\/v2\/posts\/549\/revisions"}],"wp:featuredmedia":[{"embeddable":true,"href":"https:\/\/www.freidenker.org\/index.php?rest_route=\/wp\/v2\/media\/550"}],"wp:attachment":[{"href":"https:\/\/www.freidenker.org\/index.php?rest_route=%2Fwp%2Fv2%2Fmedia&parent=549"}],"wp:term":[{"taxonomy":"category","embeddable":true,"href":"https:\/\/www.freidenker.org\/index.php?rest_route=%2Fwp%2Fv2%2Fcategories&post=549"},{"taxonomy":"post_tag","embeddable":true,"href":"https:\/\/www.freidenker.org\/index.php?rest_route=%2Fwp%2Fv2%2Ftags&post=549"}],"curies":[{"name":"wp","href":"https:\/\/api.w.org\/{rel}","templated":true}]}}