{"id":546,"date":"2009-03-20T14:41:33","date_gmt":"2009-03-20T13:41:33","guid":{"rendered":"http:\/\/www.freidenker.org\/fw17\/?p=546"},"modified":"2018-02-18T13:30:16","modified_gmt":"2018-02-18T12:30:16","slug":"bugliosi-mordanklage-gegen-bush","status":"publish","type":"post","link":"https:\/\/www.freidenker.org\/?p=546","title":{"rendered":"Bugliosi: &#8222;Mordanklage gegen Bush&#8220;"},"content":{"rendered":"<p>Aus <a href=\"https:\/\/www.freidenker.org\/?p=696\">Freidenker Nr. 1-09 M\u00e4rz 2009<\/a>\u00a0\u00a0\u00a0\u00a0 68. Jahrgang\u00a0 &#8211; B\u00fccher f\u00fcr Freidenker<\/p>\n<p>Er sei recht zufrieden mit seinem Leben, sagte Bush und grinste breit in die Kameras. Das verschl\u00e4gt einem die Sprache. Auf seinen Befehl wurde der Irak zerst\u00f6rt. 4.000 US-Amerikaner und sch\u00e4tzungsweise 100.000 Iraker wurden get\u00f6tet. Selbst wenn der Krieg durch einen tragischen Irrtum begonnen h\u00e4tte \u2013 aber er wurde mit einer infamen L\u00fcge begonnen, die Bush und seine Mannschaft, Cheney, Condolezza Rice, st\u00e4ndig wiederholten. Wenn eine Anklage gegen einen Pr\u00e4sidenten erhoben wird, der wie Clinton einvernehmlichen Sex praktiziert hat, wie soll dann der Mord an vielen tausend Menschen gerecht behandelt werden?<\/p>\n<p>Vincent Bugliosi, ein pensionierter Staatsanwalt mit mehr als hundert erfolgreichen Prozessen, ist in die Materie eingestiegen. Nein, f\u00fcr den Irak-Krieg kann Bush nicht zur Verantwortung gezogen werden, denn ob Krieg oder nicht, ist die Sache des Pr\u00e4sidenten und nicht der Justiz. Aber am Anfang des Krieges stand die L\u00fcge, Saddam Hussein besitze Massenvernichtungswaffen und richte sie auf die USA, obwohl alle, insgesamt 16 Geheimdienste, dieser Einsch\u00e4tzung widersprachen. Das ist der Punkt, an dem der Ex-Pr\u00e4sident zu fassen ist.<\/p>\n<p>Wo das Buch Auskunft \u00fcber die Feinheiten der US-Gesetzgebung gibt, l\u00e4sst es R\u00fcckschl\u00fcsse \u00fcber die USA und die US-Amerikaner zu. Die \u00fcberbordende Religiosit\u00e4t, der Hurra-Patriotismus und gleichzeitig die M\u00f6glichkeiten der kreditgew\u00e4hrenden Banken r\u00fccksichtslos ausnutzen. Das \u201ebevorzugte Land Gottes&#8220;: Es hat eine Presse, die zum allergr\u00f6\u00dften Teil nachbetet, was das Wei\u00dfe Haus denkt; eine Bev\u00f6lkerung, die zum gro\u00dfen Teil Adam und Eva als die ersten Menschen ansieht. US-Amerika geht den Weg, der im letzten Kapitel angedeutet wird: Weltbeherrschende Gro\u00dfreiche gehen an ihren eigenen Schwierigkeiten zugrunde.<\/p>\n<div style=\"text-align: left;\" align=\"right\"><em><em>RLT<\/em><\/em><\/div>\n<p><em>Vincent Bugliosi: Anklage wegen Mordes gegen George W. Bush, dtv M\u00fcnchen, 2008, 344 Seiten; 16,90 Euro<\/em><\/p>\n<hr \/>\n<p>Bild: https:\/\/pixabay.com\/de\/users\/tpsdave-12019\/ David Mark<\/p>\n","protected":false},"excerpt":{"rendered":"<p><strong>Kurzrezension von RLT zu Vincent Bugliosi: Anklage wegen Mordes gegen George W. Bush<\/strong><br \/>\nEr sei recht zufrieden mit seinem Leben, sagte Bush und grinste breit in die Kameras. Das verschl\u00e4gt einem die Sprache. Auf seinen Befehl wurde der Irak zerst\u00f6rt. 4.000 US-Amerikaner und sch\u00e4tzungsweise 100.000 Iraker wurden get\u00f6tet. Selbst wenn der Krieg durch einen tragischen Irrtum begonnen h\u00e4tte \u2013 aber er wurde mit einer infamen L\u00fcge begonnen, die Bush und seine Mannschaft, Cheney, Condolezza Rice, st\u00e4ndig wiederholten. Wenn eine Anklage gegen einen Pr\u00e4sidenten erhoben wird, der wie Clinton einvernehmlichen Sex praktiziert hat, wie soll dann der Mord an vielen tausend Menschen gerecht behandelt werden?<\/p>\n","protected":false},"author":2,"featured_media":547,"comment_status":"closed","ping_status":"closed","sticky":false,"template":"","format":"standard","meta":{"colormag_page_container_layout":"default_layout","colormag_page_sidebar_layout":"default_layout","advanced_seo_description":"","jetpack_seo_html_title":"","jetpack_seo_noindex":false,"jetpack_post_was_ever_published":false,"footnotes":""},"categories":[6],"tags":[953,954,255],"class_list":["post-546","post","type-post","status-publish","format-standard","has-post-thumbnail","hentry","category-publikationen-fuer-freidenker","tag-george-w-bush","tag-rezension","tag-vincent-bugliosi"],"jetpack_featured_media_url":"https:\/\/i0.wp.com\/www.freidenker.org\/fw17\/wp-content\/uploads\/2016\/08\/Bush.jpg?fit=800%2C445&ssl=1","jetpack_shortlink":"https:\/\/wp.me\/p9stpK-8O","jetpack-related-posts":[{"id":2986,"url":"https:\/\/www.freidenker.org\/?p=2986","url_meta":{"origin":546,"position":0},"title":"&#8222;Deutschland raus aus der NATO&#8220;: DFV-Weckruf an den Bundestag","author":"Webredaktion","date":"8. September 2015","format":false,"excerpt":"Interview von Klaus Hartmann, Bundesvorsitzender des Deutschen Freidenker-Verbandes, mit Sputnik Deutschland \"Deutschland raus aus der Nato, Nato raus aus Deutschland\" \u2013 fordert der Deutsche Freidenker-Verband in seinem Aufruf an die Bundestagsabgeordneten. Der Appell ist eine Reaktion auf den Nato-Konfrontationskurs gegen Russland, wie der DFV-Vorstand erkl\u00e4rt. Nach 1990 erlebte die Nato\u2026","rel":"","context":"In &quot;Frieden - Antifaschismus - Solidarit\u00e4t&quot;","block_context":{"text":"Frieden - Antifaschismus - Solidarit\u00e4t","link":"https:\/\/www.freidenker.org\/?cat=13"},"img":{"alt_text":"","src":"https:\/\/i0.wp.com\/www.freidenker.org\/fw17\/wp-content\/uploads\/2015\/09\/the-eleventh-hour-758726_800x445.jpg?fit=800%2C445&ssl=1&resize=350%2C200","width":350,"height":200,"srcset":"https:\/\/i0.wp.com\/www.freidenker.org\/fw17\/wp-content\/uploads\/2015\/09\/the-eleventh-hour-758726_800x445.jpg?fit=800%2C445&ssl=1&resize=350%2C200 1x, https:\/\/i0.wp.com\/www.freidenker.org\/fw17\/wp-content\/uploads\/2015\/09\/the-eleventh-hour-758726_800x445.jpg?fit=800%2C445&ssl=1&resize=525%2C300 1.5x, https:\/\/i0.wp.com\/www.freidenker.org\/fw17\/wp-content\/uploads\/2015\/09\/the-eleventh-hour-758726_800x445.jpg?fit=800%2C445&ssl=1&resize=700%2C400 2x"},"classes":[]},{"id":6323,"url":"https:\/\/www.freidenker.org\/?p=6323","url_meta":{"origin":546,"position":1},"title":"Russland im Visier: Nato-Krieg 1999 gegen Jugoslawien nur \u201eT\u00fcr\u00f6ffner\u201c","author":"Webredaktion","date":"8. Mai 2019","format":false,"excerpt":"Beitrag von Tilo Gr\u00e4ser, \u00fcbernommen von sputniknews.com \u201eDie Aggression gegen Jugoslawien war ein Wendepunkt f\u00fcr die Globalisierung der Intervention!\u201c Das erkl\u00e4rte der ehemalige jugoslawische Au\u00dfenminister \u017divadin Jovanovi\u0107 in einem Interview im Jahr 2014. ... An die Zitate des Ex-Au\u00dfenministers erinnert Klaus Hartmann in der aktuellen Ausgabe des viertelj\u00e4hrlichen Magazins \u201eFreidenker\u201c,\u2026","rel":"","context":"In &quot;Frieden - Antifaschismus - Solidarit\u00e4t&quot;","block_context":{"text":"Frieden - Antifaschismus - Solidarit\u00e4t","link":"https:\/\/www.freidenker.org\/?cat=13"},"img":{"alt_text":"","src":"https:\/\/i0.wp.com\/www.freidenker.org\/fw17\/wp-content\/uploads\/2019\/05\/FD-2019-01_coll_v2.jpg?fit=800%2C445&ssl=1&resize=350%2C200","width":350,"height":200,"srcset":"https:\/\/i0.wp.com\/www.freidenker.org\/fw17\/wp-content\/uploads\/2019\/05\/FD-2019-01_coll_v2.jpg?fit=800%2C445&ssl=1&resize=350%2C200 1x, https:\/\/i0.wp.com\/www.freidenker.org\/fw17\/wp-content\/uploads\/2019\/05\/FD-2019-01_coll_v2.jpg?fit=800%2C445&ssl=1&resize=525%2C300 1.5x, https:\/\/i0.wp.com\/www.freidenker.org\/fw17\/wp-content\/uploads\/2019\/05\/FD-2019-01_coll_v2.jpg?fit=800%2C445&ssl=1&resize=700%2C400 2x"},"classes":[]},{"id":24124,"url":"https:\/\/www.freidenker.org\/?p=24124","url_meta":{"origin":546,"position":2},"title":"Alles wie gehabt: USA mit M\u00f6rder-Pr\u00e4sident an der Spitze","author":"Webredaktion","date":"3. Januar 2026","format":false,"excerpt":"Erkl\u00e4rung des Deutschen Freidenker-Verbandes, Kommuniqu\u00e9 der Regierung Venezuelas zur US-Aggression und Erkl\u00e4rung der Antiimperialistischen Koordination (AIK) Der Deutsche Freidenker-Verband verurteilt den v\u00f6lkerrechtswidrigen Angriffskrieg der USA gegen das souver\u00e4ne und freiheitsliebende Venezuela. Das Kidnapping des gew\u00e4hlten Pr\u00e4sidenten der Bolivarischen Republik Nicol\u00e1s Maduro ist ein krimineller Piratenakt. Der Einsatz brutaler milit\u00e4rischer Gewalt\u2026","rel":"","context":"In &quot;Frieden - Antifaschismus - Solidarit\u00e4t&quot;","block_context":{"text":"Frieden - Antifaschismus - Solidarit\u00e4t","link":"https:\/\/www.freidenker.org\/?cat=13"},"img":{"alt_text":"","src":"https:\/\/i0.wp.com\/www.freidenker.org\/fw17\/wp-content\/uploads\/2026\/01\/angriff_auf_venezuela_02_800x450.jpg?fit=800%2C450&ssl=1&resize=350%2C200","width":350,"height":200,"srcset":"https:\/\/i0.wp.com\/www.freidenker.org\/fw17\/wp-content\/uploads\/2026\/01\/angriff_auf_venezuela_02_800x450.jpg?fit=800%2C450&ssl=1&resize=350%2C200 1x, https:\/\/i0.wp.com\/www.freidenker.org\/fw17\/wp-content\/uploads\/2026\/01\/angriff_auf_venezuela_02_800x450.jpg?fit=800%2C450&ssl=1&resize=525%2C300 1.5x, https:\/\/i0.wp.com\/www.freidenker.org\/fw17\/wp-content\/uploads\/2026\/01\/angriff_auf_venezuela_02_800x450.jpg?fit=800%2C450&ssl=1&resize=700%2C400 2x"},"classes":[]},{"id":14998,"url":"https:\/\/www.freidenker.org\/?p=14998","url_meta":{"origin":546,"position":3},"title":"Anton Hofreiter: Kein Platz auf dem Trecker? Dann will ich wenigstens Krieg","author":"Webredaktion","date":"17. Januar 2023","format":false,"excerpt":"Beitrag von Tom J. Wellbrock Mitte Dezember hat Anton Hofreiter den Berliner Verlag besucht. Auf der Veranstaltung wurde er gefragt, wie eine diplomatische L\u00f6sung beim Ukraine-Konflikt aussehen k\u00f6nnte. Seine naheliegende erste Antwort h\u00e4tte lauten m\u00fcssen: \"Thema verfehlt, setzen: sechs.\" Zun\u00e4chst mal sei klar, dass Deutschland viel \"robuster\" und \"abgezockter\" werden\u2026","rel":"","context":"In &quot;Demokratie \u2013 Medien \u2013 Aufkl\u00e4rung&quot;","block_context":{"text":"Demokratie \u2013 Medien \u2013 Aufkl\u00e4rung","link":"https:\/\/www.freidenker.org\/?cat=12"},"img":{"alt_text":"","src":"https:\/\/i0.wp.com\/www.freidenker.org\/fw17\/wp-content\/uploads\/2023\/01\/Anton_Hofreiter_-_17._Jahreskonferenz_der_Kyjiwer_Gespraeche_800x450.jpg?fit=800%2C450&ssl=1&resize=350%2C200","width":350,"height":200,"srcset":"https:\/\/i0.wp.com\/www.freidenker.org\/fw17\/wp-content\/uploads\/2023\/01\/Anton_Hofreiter_-_17._Jahreskonferenz_der_Kyjiwer_Gespraeche_800x450.jpg?fit=800%2C450&ssl=1&resize=350%2C200 1x, https:\/\/i0.wp.com\/www.freidenker.org\/fw17\/wp-content\/uploads\/2023\/01\/Anton_Hofreiter_-_17._Jahreskonferenz_der_Kyjiwer_Gespraeche_800x450.jpg?fit=800%2C450&ssl=1&resize=525%2C300 1.5x, https:\/\/i0.wp.com\/www.freidenker.org\/fw17\/wp-content\/uploads\/2023\/01\/Anton_Hofreiter_-_17._Jahreskonferenz_der_Kyjiwer_Gespraeche_800x450.jpg?fit=800%2C450&ssl=1&resize=700%2C400 2x"},"classes":[]},{"id":16017,"url":"https:\/\/www.freidenker.org\/?p=16017","url_meta":{"origin":546,"position":4},"title":"Befreiung vom Faschismus und Tag des Sieges 2023","author":"Webredaktion","date":"13. Mai 2023","format":false,"excerpt":"Wir dokumentieren - den Marsch des Unsterblichen Regiments am 07. Mai 2023 in Frankfurt am Main mit Kundgebung am Opernplatz und Demonstration zum R\u00f6merberg, Reden von Sebastian Bahlo (Text) und von Sergey Filbert (Video) - Bilder von der Gedenkstunde am 08.05.2023 zum Tag der Befreiung am Mahnmal f\u00fcr die Opfer\u2026","rel":"","context":"In &quot;Frieden - Antifaschismus - Solidarit\u00e4t&quot;","block_context":{"text":"Frieden - Antifaschismus - Solidarit\u00e4t","link":"https:\/\/www.freidenker.org\/?cat=13"},"img":{"alt_text":"","src":"https:\/\/i0.wp.com\/www.freidenker.org\/fw17\/wp-content\/uploads\/2023\/05\/TdB_2023_20230509_113616_800x450.jpg?fit=800%2C450&ssl=1&resize=350%2C200","width":350,"height":200,"srcset":"https:\/\/i0.wp.com\/www.freidenker.org\/fw17\/wp-content\/uploads\/2023\/05\/TdB_2023_20230509_113616_800x450.jpg?fit=800%2C450&ssl=1&resize=350%2C200 1x, https:\/\/i0.wp.com\/www.freidenker.org\/fw17\/wp-content\/uploads\/2023\/05\/TdB_2023_20230509_113616_800x450.jpg?fit=800%2C450&ssl=1&resize=525%2C300 1.5x, https:\/\/i0.wp.com\/www.freidenker.org\/fw17\/wp-content\/uploads\/2023\/05\/TdB_2023_20230509_113616_800x450.jpg?fit=800%2C450&ssl=1&resize=700%2C400 2x"},"classes":[]},{"id":11226,"url":"https:\/\/www.freidenker.org\/?p=11226","url_meta":{"origin":546,"position":5},"title":"Wir trauern um Edi Mader","author":"Webredaktion","date":"24. September 2021","format":false,"excerpt":"Mit Edi verlieren wir einen aufrechten und vorbildlichen Menschen, einen liebenswerten Freund und zuverl\u00e4ssigen Genossen. In einer Arbeiterfamilie in Ulm geboren, zweieinhalb Jahre nach dem Machtantritt der Faschisten in bescheidenen Verh\u00e4ltnissen aufgewachsen, erlebte er als kleines Kind, wie sein Vater als Kommunist Schikanen der Nazis ausgesetzt war, mehrfach seine Arbeit\u2026","rel":"","context":"In &quot;Weltliche Trauerkultur&quot;","block_context":{"text":"Weltliche Trauerkultur","link":"https:\/\/www.freidenker.org\/?cat=17"},"img":{"alt_text":"","src":"https:\/\/i0.wp.com\/www.freidenker.org\/fw17\/wp-content\/uploads\/2021\/09\/Edi_Portrait_mR_800x450.jpg?fit=800%2C450&ssl=1&resize=350%2C200","width":350,"height":200,"srcset":"https:\/\/i0.wp.com\/www.freidenker.org\/fw17\/wp-content\/uploads\/2021\/09\/Edi_Portrait_mR_800x450.jpg?fit=800%2C450&ssl=1&resize=350%2C200 1x, https:\/\/i0.wp.com\/www.freidenker.org\/fw17\/wp-content\/uploads\/2021\/09\/Edi_Portrait_mR_800x450.jpg?fit=800%2C450&ssl=1&resize=525%2C300 1.5x, https:\/\/i0.wp.com\/www.freidenker.org\/fw17\/wp-content\/uploads\/2021\/09\/Edi_Portrait_mR_800x450.jpg?fit=800%2C450&ssl=1&resize=700%2C400 2x"},"classes":[]}],"_links":{"self":[{"href":"https:\/\/www.freidenker.org\/index.php?rest_route=\/wp\/v2\/posts\/546","targetHints":{"allow":["GET"]}}],"collection":[{"href":"https:\/\/www.freidenker.org\/index.php?rest_route=\/wp\/v2\/posts"}],"about":[{"href":"https:\/\/www.freidenker.org\/index.php?rest_route=\/wp\/v2\/types\/post"}],"author":[{"embeddable":true,"href":"https:\/\/www.freidenker.org\/index.php?rest_route=\/wp\/v2\/users\/2"}],"replies":[{"embeddable":true,"href":"https:\/\/www.freidenker.org\/index.php?rest_route=%2Fwp%2Fv2%2Fcomments&post=546"}],"version-history":[{"count":0,"href":"https:\/\/www.freidenker.org\/index.php?rest_route=\/wp\/v2\/posts\/546\/revisions"}],"wp:featuredmedia":[{"embeddable":true,"href":"https:\/\/www.freidenker.org\/index.php?rest_route=\/wp\/v2\/media\/547"}],"wp:attachment":[{"href":"https:\/\/www.freidenker.org\/index.php?rest_route=%2Fwp%2Fv2%2Fmedia&parent=546"}],"wp:term":[{"taxonomy":"category","embeddable":true,"href":"https:\/\/www.freidenker.org\/index.php?rest_route=%2Fwp%2Fv2%2Fcategories&post=546"},{"taxonomy":"post_tag","embeddable":true,"href":"https:\/\/www.freidenker.org\/index.php?rest_route=%2Fwp%2Fv2%2Ftags&post=546"}],"curies":[{"name":"wp","href":"https:\/\/api.w.org\/{rel}","templated":true}]}}