{"id":543,"date":"2012-03-01T14:30:07","date_gmt":"2012-03-01T13:30:07","guid":{"rendered":"http:\/\/www.freidenker.org\/fw17\/?p=543"},"modified":"2018-02-18T22:38:07","modified_gmt":"2018-02-18T21:38:07","slug":"erich-buchholz-rechtsgewinne","status":"publish","type":"post","link":"https:\/\/www.freidenker.org\/?p=543","title":{"rendered":"Erich Buchholz: Rechtsgewinne?"},"content":{"rendered":"<p>[Diese Kurzrezension erschien &#8211; leicht ver\u00e4ndert &#8211; auch in <a href=\"https:\/\/www.freidenker.org\/?p=754\">FREIDENKER 1-12<\/a>]<\/p>\n<p>Die im Westen hoch gefeierten \u201eHelden von Leipzig\u201c, die \u00fcberwiegend ungewollt und unbeabsichtigt zum Ende der DDR beigetragen hatten, erweisen sich im Nachhinein als Schlachtopfer der DDR feindlichen Politiker: Sie haben, wie alle DDR-B\u00fcrger, unter einem enormen Rechtsverlust infolge der Beseitigung der DDR zu leiden:<\/p>\n<p>Das Buch von <b><i>Erich Buchholz<\/i><\/b><\/p>\n<p><b>Rechtsgewinne?<br \/>\n<\/b><b>Welche Rechte gewannen die DDR-B\u00fcrger durch den Beitritt? Haben sie Rechte verloren?<\/b><\/p>\n<p>erscheint wegen starker Nachfrage in zweiter Auflage.<\/p>\n<p>In diesem Buch weist der Autor an Hand der in beiden deutschen Staaten geltend gewesenen Gesetze unbestechlich und unwiderlegbar nach, in welch gewaltigem Umfang die DDR-B\u00fcrger infolge des \u201eBeitritts zum Geltungsbereich des Grundgesetzes\u201c Rechte verloren, die ihnen die Rechtsordnung der DDR gew\u00e4hrte.<\/p>\n<p>Dieser enorme und massive Rechtsverlust wirkt nicht nur gegen die DDR-B\u00fcrger, die den Beitritt erlebten, sondern wirkt sich wegen des Andauerns des Rechtsverlustes auch auf die Kinder und Kindeskinder der DDR-B\u00fcrger aus.<\/p>\n<p>Rechtsverluste sind \u2013 insbesondere in der BRD \u2013 stets mit erheblichen finanziellen Einbu\u00dfen verbunden. Die durch den Beitritt ausgel\u00f6sten betr\u00e4chtlichen Rechtsverluste d\u00fcrften sich insgesamt auf Millionen- oder gar Milliardenbetr\u00e4ge belaufen.<\/p>\n<p>Buchtitel:\u00a0Rechtsgewinne?<br \/>\nAutor: Erich Buchholz<br \/>\nJahr: 2010<\/p>\n<p>ISBN: 978-3-939828-54-9<\/p>\n<p><i>Bestellung direkt beim Verlag:<\/i><\/p>\n<p><i>Viljo Heinen, Franz-Mehring-Platz 1, 10243 Berlin<br \/>\n<\/i><i>Tel. (030) 47380259<br \/>\nWebseite: <a href=\"http:\/\/bit.ly\/wdxFfo\" target=\"_blank\" rel=\"noopener\">http:\/\/bit.ly\/wdxFfo<\/a>\u00a0<\/i><\/p>\n<p><i>oder \u00fcber<\/i><\/p>\n<p><i>Lehmanns Media GmbH, Hardenbergstra\u00dfe 5, 10623 Berlin<br \/>\n<\/i><i>Mail: <a href=\"mailto:info@lehmanns.de\">info@lehmanns.de<\/a><br \/>\n<\/i><i>Tel.: (030) 6179110<\/i><\/p>\n<p><strong>Weitere Publikationen von Erich Buchholz<\/strong><\/p>\n<ul>\n<li>&#8220;Unrechtsstaat DDR? &#8211; Rechtsstaat BRD?&#8220;, [[edition ost]], Berlin 2006, ISBN 978-3-360-01077-3.<\/li>\n<li>&#8220;Siegerjustiz? Politische Strafverfolgung infolge der Deutschen Einheit&#8220;, [[Kai Homilius Verlag]], Berlin 2003.<\/li>\n<li>&#8220;Dem Unrecht wehren&#8220;, Kai Homilius Verlag, Berlin 2006.<\/li>\n<li>&#8220;Rechtsbetrachtungen von LINKS&#8220;, Kai Homilius Verlag, Berlin 2007.<\/li>\n<li>&#8220;Strafrecht im Osten&#8220;, Kai Homilius Verlag, Berlin 2008.<\/li>\n<li>&#8220;\u00dcberwachungsstaat. Die Bundesrepublik und der \u201eKrieg gegen den Terror\u201c&#8220;, Kai Homilius Verlag, Berlin 2009.<\/li>\n<li>&#8220;Totalliquidierung in zwei Akten. Juristische Annexion der DDR&#8220;, Kai Homilius Verlag, Berlin 2009.<\/li>\n<li>&#8220;1949 &#8211; hier eine Verfassung, dort ein Grundgesetz&#8220;, Kai Homilius Verlag, Berlin 2009.<\/li>\n<li>&#8220;DDR-Recht unter dem Bundesadler&#8220;, Kai Homilius Verlag, Berlin 2010.<\/li>\n<li>&#8220;Rechtsgewinne? : Welche Rechte gewannen die DDR-B\u00fcrger durch den Beitritt? Haben sie Rechte verloren?&#8220;, Verlag Wiljo Heinen, Berlin 2010, ISBN 978-3-939828-54-9.<\/li>\n<li>&#8220;Anspruch und Wirklichkeit. Wie der Bundesb\u00fcrger den Rechtsstaat erlebt&#8220;, edition ost, Berlin 2010, ISBN 978-3-360-01817-5<\/li>\n<\/ul>\n<hr \/>\n<p>Bild: https:\/\/pixabay.com\/de\/users\/AJEL-676477\/ Edward Lich<\/p>\n","protected":false},"excerpt":{"rendered":"<p><strong>Kurzrezension zu Erich Buchholz &#8222;Rechtsgewinne&#8220; (2. Aufl.)<\/strong><br \/>\nDie im Westen hoch gefeierten \u201eHelden von Leipzig\u201c, die \u00fcberwiegend ungewollt und unbeabsichtigt zum Ende der DDR beigetragen hatten, erweisen sich im Nachhinein als Schlachtopfer der DDR feindlichen Politiker: Sie haben, wie alle DDR-B\u00fcrger, unter einem enormen Rechtsverlust infolge der Beseitigung der DDR zu leiden.<br \/>\nIn seinem Buch &#8222;Rechtsgewinne&#8220;, welches wegen starker Nachfrage nun in zweiter Auflage erscheint, weist Erich Buchholz an Hand der in beiden deutschen Staaten geltend gewesenen Gesetze unbestechlich und unwiderlegbar nach, in welch gewaltigem Umfang die DDR-B\u00fcrger infolge des \u201eBeitritts zum Geltungsbereich des Grundgesetzes\u201c Rechte verloren, die ihnen die Rechtsordnung der DDR gew\u00e4hrte.<\/p>\n","protected":false},"author":2,"featured_media":544,"comment_status":"closed","ping_status":"closed","sticky":false,"template":"","format":"standard","meta":{"colormag_page_container_layout":"default_layout","colormag_page_sidebar_layout":"default_layout","advanced_seo_description":"","jetpack_seo_html_title":"","jetpack_seo_noindex":false,"jetpack_post_was_ever_published":false,"footnotes":""},"categories":[7],"tags":[454,250,842,650],"class_list":["post-543","post","type-post","status-publish","format-standard","has-post-thumbnail","hentry","category-publikationen-von-freidenkern","tag-ddr","tag-erich-buchholz","tag-recht","tag-rechtsordnung"],"jetpack_featured_media_url":"https:\/\/i0.wp.com\/www.freidenker.org\/fw17\/wp-content\/uploads\/2016\/08\/Recht.jpg?fit=800%2C445&ssl=1","jetpack_shortlink":"https:\/\/wp.me\/p9stpK-8L","jetpack-related-posts":[{"id":9083,"url":"https:\/\/www.freidenker.org\/?p=9083","url_meta":{"origin":543,"position":0},"title":"Wir trauern um Prof. Erich Buchholz","author":"Webredaktion","date":"25. Dezember 2020","format":false,"excerpt":"Nachruf auf Prof. Dr. jur. habil. Erich Buchholz, 08.02.1927 \u2013 11.12.2020 Erich Buchholz, in Berlin geboren und aufgewachsen, studierte 1948 bis 1952 Rechtswissenschaften an der Humboldt-Universit\u00e4t. Nach der Promotion 1953 und seiner Habilitation 1963 wurde er 1965 Professor und war von 1966 bis 1989 Dekan der Juristischen Fakult\u00e4t sowie Leiter\u2026","rel":"","context":"In &quot;Weltliche Trauerkultur&quot;","block_context":{"text":"Weltliche Trauerkultur","link":"https:\/\/www.freidenker.org\/?cat=17"},"img":{"alt_text":"","src":"https:\/\/i0.wp.com\/www.freidenker.org\/fw17\/wp-content\/uploads\/2020\/12\/Erich_Buchholz-1.jpg?fit=800%2C450&ssl=1&resize=350%2C200","width":350,"height":200,"srcset":"https:\/\/i0.wp.com\/www.freidenker.org\/fw17\/wp-content\/uploads\/2020\/12\/Erich_Buchholz-1.jpg?fit=800%2C450&ssl=1&resize=350%2C200 1x, https:\/\/i0.wp.com\/www.freidenker.org\/fw17\/wp-content\/uploads\/2020\/12\/Erich_Buchholz-1.jpg?fit=800%2C450&ssl=1&resize=525%2C300 1.5x, https:\/\/i0.wp.com\/www.freidenker.org\/fw17\/wp-content\/uploads\/2020\/12\/Erich_Buchholz-1.jpg?fit=800%2C450&ssl=1&resize=700%2C400 2x"},"classes":[]},{"id":804,"url":"https:\/\/www.freidenker.org\/?p=804","url_meta":{"origin":543,"position":1},"title":"FREIDENKER 3-14 &#8211; 1949 &#8211; Gr\u00fcndung der BRD und der DDR","author":"Webmaster","date":"16. Oktober 2014","format":false,"excerpt":"Die Ausgabe 3-14 des Verbandsorgans FREIDENKER hat das Schwerpunkt-Thema \u201e1949 - Gr\u00fcndung der BRD und der DDR\u201c und enth\u00e4lt u.a folgende Beitr\u00e4ge: - Hans Bauer: Die Gr\u00fcndung der beiden deutschen Staaten \u2013 das Ergebnis von Befreiung, Klassenkampf und internationalem Kr\u00e4fteverh\u00e4ltnis - Emil Carlebach: Aufbruch und Abbruch im Westen - Erich\u2026","rel":"","context":"In &quot;Verbandsorgan FREIDENKER&quot;","block_context":{"text":"Verbandsorgan FREIDENKER","link":"https:\/\/www.freidenker.org\/?cat=8"},"img":{"alt_text":"","src":"https:\/\/i0.wp.com\/www.freidenker.org\/fw17\/wp-content\/uploads\/2017\/12\/FD_2014-03_Titel_mR.jpg?fit=800%2C445&ssl=1&resize=350%2C200","width":350,"height":200,"srcset":"https:\/\/i0.wp.com\/www.freidenker.org\/fw17\/wp-content\/uploads\/2017\/12\/FD_2014-03_Titel_mR.jpg?fit=800%2C445&ssl=1&resize=350%2C200 1x, https:\/\/i0.wp.com\/www.freidenker.org\/fw17\/wp-content\/uploads\/2017\/12\/FD_2014-03_Titel_mR.jpg?fit=800%2C445&ssl=1&resize=525%2C300 1.5x, https:\/\/i0.wp.com\/www.freidenker.org\/fw17\/wp-content\/uploads\/2017\/12\/FD_2014-03_Titel_mR.jpg?fit=800%2C445&ssl=1&resize=700%2C400 2x"},"classes":[]},{"id":386,"url":"https:\/\/www.freidenker.org\/?p=386","url_meta":{"origin":543,"position":2},"title":"\u201eRechtsstaat\u201c \u2013 Eine Bilanz nach 20 Jahren","author":"Webmaster","date":"17. Juli 2010","format":false,"excerpt":"Beitrag von Erich Buchholz aus FREIDENKER 2-10 Die Freidenker und ihre verschiedenen Vorl\u00e4ufer, so die Aufkl\u00e4rer, geh\u00f6rten stets zu den aufgeschlossenen progressiven Kr\u00e4ften der Gesellschaft. Das war in der DDR nicht anders, unabh\u00e4ngig von einer Einbindung in politische Parteien oder Organisationen. Viele von ihnen erkannten \u2013 oder erahnten \u2013 im\u2026","rel":"","context":"In &quot;Demokratie \u2013 Medien \u2013 Aufkl\u00e4rung&quot;","block_context":{"text":"Demokratie \u2013 Medien \u2013 Aufkl\u00e4rung","link":"https:\/\/www.freidenker.org\/?cat=12"},"img":{"alt_text":"","src":"https:\/\/i0.wp.com\/www.freidenker.org\/fw17\/wp-content\/uploads\/2016\/08\/Justitia-1.jpg?fit=800%2C445&ssl=1&resize=350%2C200","width":350,"height":200,"srcset":"https:\/\/i0.wp.com\/www.freidenker.org\/fw17\/wp-content\/uploads\/2016\/08\/Justitia-1.jpg?fit=800%2C445&ssl=1&resize=350%2C200 1x, https:\/\/i0.wp.com\/www.freidenker.org\/fw17\/wp-content\/uploads\/2016\/08\/Justitia-1.jpg?fit=800%2C445&ssl=1&resize=525%2C300 1.5x, https:\/\/i0.wp.com\/www.freidenker.org\/fw17\/wp-content\/uploads\/2016\/08\/Justitia-1.jpg?fit=800%2C445&ssl=1&resize=700%2C400 2x"},"classes":[]},{"id":7647,"url":"https:\/\/www.freidenker.org\/?p=7647","url_meta":{"origin":543,"position":3},"title":"\u201eAngebliche Pleite der DDR ist ein M\u00e4rchen\u201c","author":"Webredaktion","date":"4. M\u00e4rz 2020","format":false,"excerpt":"Beitrag von Tilo Gr\u00e4ser \u00fcber ein Gespr\u00e4ch mit Klaus Blessing Die DDR sei 1989 eine \u201ebankrotte und ausgelaugte Ruine\u201c gewesen, behauptete die Journalistin Ulrike Herrmann 2019. Deshalb sei das Handeln der Treuhandanstalt alternativlos gewesen. ... F\u00fcr den Wirtschaftsexperten Klaus Blessing wirkt das, als sei es notwendig, diese Legenden von der\u2026","rel":"","context":"In &quot;Arbeit &amp; Soziales&quot;","block_context":{"text":"Arbeit &amp; Soziales","link":"https:\/\/www.freidenker.org\/?cat=11"},"img":{"alt_text":"","src":"https:\/\/i0.wp.com\/www.freidenker.org\/fw17\/wp-content\/uploads\/2020\/03\/Leuna-Werke_800x445.jpg?fit=800%2C445&ssl=1&resize=350%2C200","width":350,"height":200,"srcset":"https:\/\/i0.wp.com\/www.freidenker.org\/fw17\/wp-content\/uploads\/2020\/03\/Leuna-Werke_800x445.jpg?fit=800%2C445&ssl=1&resize=350%2C200 1x, https:\/\/i0.wp.com\/www.freidenker.org\/fw17\/wp-content\/uploads\/2020\/03\/Leuna-Werke_800x445.jpg?fit=800%2C445&ssl=1&resize=525%2C300 1.5x, https:\/\/i0.wp.com\/www.freidenker.org\/fw17\/wp-content\/uploads\/2020\/03\/Leuna-Werke_800x445.jpg?fit=800%2C445&ssl=1&resize=700%2C400 2x"},"classes":[]},{"id":6713,"url":"https:\/\/www.freidenker.org\/?p=6713","url_meta":{"origin":543,"position":4},"title":"H\u00f6hen und Tiefen des DDR-Kulturlebens: Interview mit Hartmut K\u00f6nig","author":"Webredaktion","date":"17. Juli 2019","format":false,"excerpt":"Der Liedermacher und DDR-Kulturpolitiker Hartmut K\u00f6nig hat gegen\u00fcber RT Deutsch seine Ansichten \u00fcber die St\u00e4rken und Schw\u00e4chen des Kulturlebens in der DDR ge\u00e4u\u00dfert. Die DDR habe auf vielen Gebieten Erstaunliches geleistet. Doch auch an Kritikw\u00fcrdigem mangelte es nicht. ... Wer von einem grauen, trostlosen, kultur- und kunstfeindlichen Alltag der DDR-Gesellschaft\u2026","rel":"","context":"In &quot;Kultur &amp; Kunst&quot;","block_context":{"text":"Kultur &amp; Kunst","link":"https:\/\/www.freidenker.org\/?cat=913"},"img":{"alt_text":"","src":"https:\/\/i0.wp.com\/www.freidenker.org\/fw17\/wp-content\/uploads\/2019\/07\/hartmut_koenig_liliso2019_800x445.jpg?fit=800%2C445&ssl=1&resize=350%2C200","width":350,"height":200,"srcset":"https:\/\/i0.wp.com\/www.freidenker.org\/fw17\/wp-content\/uploads\/2019\/07\/hartmut_koenig_liliso2019_800x445.jpg?fit=800%2C445&ssl=1&resize=350%2C200 1x, https:\/\/i0.wp.com\/www.freidenker.org\/fw17\/wp-content\/uploads\/2019\/07\/hartmut_koenig_liliso2019_800x445.jpg?fit=800%2C445&ssl=1&resize=525%2C300 1.5x, https:\/\/i0.wp.com\/www.freidenker.org\/fw17\/wp-content\/uploads\/2019\/07\/hartmut_koenig_liliso2019_800x445.jpg?fit=800%2C445&ssl=1&resize=700%2C400 2x"},"classes":[]},{"id":6902,"url":"https:\/\/www.freidenker.org\/?p=6902","url_meta":{"origin":543,"position":5},"title":"Auf der Jagd nach Geschichtsf\u00e4lschungen?","author":"Webredaktion","date":"3. September 2019","format":false,"excerpt":"Beitrag von Dr. Wolfgang Schacht In was f\u00fcr einer verkommenen Welt leben wir eigentlich? Da wendet sich doch tats\u00e4chlich ein in der Schweiz lebender d\u00e4nischer Politologe namens Niels Peter Ammitzboell \u201eangesichts aktueller Geschichtsverf\u00e4lschungen, die in ihrer Hauptstossrichtung den Engl\u00e4ndern die Schuld am 2. Weltkrieg zuschieben\u201c an ehemalige B\u00fcrger der DDR\u2026","rel":"","context":"In &quot;Demokratie \u2013 Medien \u2013 Aufkl\u00e4rung&quot;","block_context":{"text":"Demokratie \u2013 Medien \u2013 Aufkl\u00e4rung","link":"https:\/\/www.freidenker.org\/?cat=12"},"img":{"alt_text":"","src":"https:\/\/i0.wp.com\/www.freidenker.org\/fw17\/wp-content\/uploads\/2019\/09\/weg-der-roten-fahne_800x445.jpg?fit=800%2C445&ssl=1&resize=350%2C200","width":350,"height":200,"srcset":"https:\/\/i0.wp.com\/www.freidenker.org\/fw17\/wp-content\/uploads\/2019\/09\/weg-der-roten-fahne_800x445.jpg?fit=800%2C445&ssl=1&resize=350%2C200 1x, https:\/\/i0.wp.com\/www.freidenker.org\/fw17\/wp-content\/uploads\/2019\/09\/weg-der-roten-fahne_800x445.jpg?fit=800%2C445&ssl=1&resize=525%2C300 1.5x, https:\/\/i0.wp.com\/www.freidenker.org\/fw17\/wp-content\/uploads\/2019\/09\/weg-der-roten-fahne_800x445.jpg?fit=800%2C445&ssl=1&resize=700%2C400 2x"},"classes":[]}],"_links":{"self":[{"href":"https:\/\/www.freidenker.org\/index.php?rest_route=\/wp\/v2\/posts\/543","targetHints":{"allow":["GET"]}}],"collection":[{"href":"https:\/\/www.freidenker.org\/index.php?rest_route=\/wp\/v2\/posts"}],"about":[{"href":"https:\/\/www.freidenker.org\/index.php?rest_route=\/wp\/v2\/types\/post"}],"author":[{"embeddable":true,"href":"https:\/\/www.freidenker.org\/index.php?rest_route=\/wp\/v2\/users\/2"}],"replies":[{"embeddable":true,"href":"https:\/\/www.freidenker.org\/index.php?rest_route=%2Fwp%2Fv2%2Fcomments&post=543"}],"version-history":[{"count":0,"href":"https:\/\/www.freidenker.org\/index.php?rest_route=\/wp\/v2\/posts\/543\/revisions"}],"wp:featuredmedia":[{"embeddable":true,"href":"https:\/\/www.freidenker.org\/index.php?rest_route=\/wp\/v2\/media\/544"}],"wp:attachment":[{"href":"https:\/\/www.freidenker.org\/index.php?rest_route=%2Fwp%2Fv2%2Fmedia&parent=543"}],"wp:term":[{"taxonomy":"category","embeddable":true,"href":"https:\/\/www.freidenker.org\/index.php?rest_route=%2Fwp%2Fv2%2Fcategories&post=543"},{"taxonomy":"post_tag","embeddable":true,"href":"https:\/\/www.freidenker.org\/index.php?rest_route=%2Fwp%2Fv2%2Ftags&post=543"}],"curies":[{"name":"wp","href":"https:\/\/api.w.org\/{rel}","templated":true}]}}