{"id":5417,"date":"2018-09-22T10:27:42","date_gmt":"2018-09-22T08:27:42","guid":{"rendered":"http:\/\/www.freidenker.org\/?p=5417"},"modified":"2018-11-06T01:03:08","modified_gmt":"2018-11-06T00:03:08","slug":"fragen-zur-friedensbewegung-truppenstationierungsvertrag-kuendigen","status":"publish","type":"post","link":"https:\/\/www.freidenker.org\/?p=5417","title":{"rendered":"FRAGEN zur FRIEDENSBEWEGUNG"},"content":{"rendered":"<p>Interview mit dem Vorsitzenden des Deutschen Freidenker-Verbandes, Klaus Hartmann, auf dem 20. UZ-Pressefest 2018 in Dortmund<\/p>\n<p><span class=\"text_red_times_big\"><em>von <strong>Arbeiterfotografie<\/strong><\/em><br \/>\n<\/span><\/p>\n<hr \/>\n<h4><strong>#1 Truppenstationierungsvertrag k\u00fcndigen?<\/strong><\/h4>\n<p><span class=\"text_red_times_big\">(Erstver\u00f6ffentlichung in der der <a href=\"http:\/\/www.nrhz.de\/flyer\/beitrag.php?id=25218\" target=\"_blank\" rel=\"noopener\">Neuen Rheinischen Zeitung<\/a> 673 vom 12.09.2018)<br \/>\n<\/span><\/p>\n<div class=\"jetpack-video-wrapper\"><span class=\"embed-youtube\" style=\"text-align:center; display: block;\"><iframe loading=\"lazy\" class=\"youtube-player\" width=\"800\" height=\"450\" src=\"https:\/\/www.youtube.com\/embed\/aGZPmHukY-A?version=3&#038;rel=1&#038;showsearch=0&#038;showinfo=1&#038;iv_load_policy=1&#038;fs=1&#038;hl=de-DE&#038;autohide=2&#038;wmode=transparent\" allowfullscreen=\"true\" style=\"border:0;\" sandbox=\"allow-scripts allow-same-origin allow-popups allow-presentation allow-popups-to-escape-sandbox\"><\/iframe><\/span><\/div>\n<p>Warum wird die K\u00fcndigung des Truppenstationierungsvertrages (exakt: &#8222;Vertrag \u00fcber den Aufenthalt ausl\u00e4ndischer Streitkr\u00e4fte in der Bundesrepublik Deutschland&#8220; vom 23.10.1954) von der Friedensbewegung nicht zur zentralen Forderung erhoben? Damit er\u00fcbrigte sich die Forderung, nur die Air-Base Ramstein zu schlie\u00dfen. S\u00e4mtliche ausl\u00e4ndischen Milit\u00e4r-Niederlassungen in Deutschland w\u00e4ren damit aufzul\u00f6sen&#8230;<\/p>\n<p>Der Vorsitzende des Deutschen Freidenkerverbandes DFV, Klaus Hartmann, geht bei der Veranstaltung &#8222;Gegen die &#8218;NATO-Ostfront&#8216; \u2013 raus aus der NATO&#8220; im Rahmen des 20. UZ-Pressefestes der Deutschen Kommunistischen Partei (DKP) im Th\u00e4lmann-Zelt des DDR-Kabinetts Bochum auf diese Frage ein. In dem gemeinsamen Aufruf &#8222;NATO raus aus Deutschland \u2013 Deutschland raus aus der NATO&#8220; von DFV und Bundesverband Arbeiterfotografie heisst es dazu unter anderem:<\/p>\n<p>&#8222;Vertrag \u00fcber den Aufenthalt ausl\u00e4ndischer Streitkr\u00e4fte k\u00fcndigen! Der Vertrag \u00fcber den Aufenthalt ausl\u00e4ndischer Streitkr\u00e4fte in der Bundesrepublik Deutschland vom 23.10.1954 gestattet einigen NATO-L\u00e4ndern, Westdeutschland milit\u00e4risch zu nutzen. Er gilt nach Abschluss des Zwei-plus-Vier-Vertrages weiter, kann aber aufgrund einer Vereinbarung (Notenwechsel vom 25.09.1990) mit zweij\u00e4hriger Frist gek\u00fcndigt werden. Dieses Recht muss die Bundesregierung unverz\u00fcglich wahrnehmen. Territorium und Luftraum Deutschlands d\u00fcrfen nicht l\u00e4nger durch USA und NATO f\u00fcr Angriffskriege missbraucht werden. Ihre Geheimdiensteinrichtungen sind zu schlie\u00dfen. Die Bespitzelung ist zu beenden. Keine Einschr\u00e4nkungen der Souver\u00e4nit\u00e4t \u2013 insbesondere keine, die Kriegshandlungen von deutschem Boden aus erm\u00f6glichen!&#8220;<\/p>\n<p><span style=\"font-size: 10pt;\">Link zum Originalbeitrag der Neuen Rheinischen Zeitung: <a href=\"http:\/\/www.nrhz.de\/flyer\/beitrag.php?id=25218\" target=\"_blank\" rel=\"noopener\">http:\/\/www.nrhz.de\/flyer\/beitrag.php?id=25218<\/a><\/span><br \/>\n<span style=\"font-size: 10pt;\">Direktlink zum Video auf YouTube: <a href=\"https:\/\/youtu.be\/aGZPmHukY-A\" target=\"_blank\" rel=\"noopener\">https:\/\/youtu.be\/aGZPmHukY-A<\/a><\/span><\/p>\n<hr \/>\n<h4><strong>#2 Deutschland raus aus der NATO?<\/strong><\/h4>\n<p><span class=\"text_red_times_big\">(Erstver\u00f6ffentlichung in der der <a href=\"http:\/\/www.nrhz.de\/flyer\/beitrag.php?id=25238\" target=\"_blank\" rel=\"noopener\">Neuen Rheinischen Zeitung<\/a> <span class=\"text_small_linespace\">674\u00a0 vom 19.09.2018<\/span>)<\/span><\/p>\n<div class=\"jetpack-video-wrapper\"><span class=\"embed-youtube\" style=\"text-align:center; display: block;\"><iframe loading=\"lazy\" class=\"youtube-player\" width=\"800\" height=\"450\" src=\"https:\/\/www.youtube.com\/embed\/mhpH0jRjg_E?version=3&#038;rel=1&#038;showsearch=0&#038;showinfo=1&#038;iv_load_policy=1&#038;fs=1&#038;hl=de-DE&#038;autohide=2&#038;wmode=transparent\" allowfullscreen=\"true\" style=\"border:0;\" sandbox=\"allow-scripts allow-same-origin allow-popups allow-presentation allow-popups-to-escape-sandbox\"><\/iframe><\/span><\/div>\n<p>Eine Forderung der deutschen Friedensbewegung lautet unerf\u00fcllt seit Jahren: Bundeswehr raus aus Afghanistan. Aber warum ist die Bundeswehr \u00fcberhaupt in Afghanistan? Sie ist dort in der Rolle des NATO-B\u00fcndnispartners. Keine Mitgliedschaft mehr in der NATO h\u00e4tte zur Folge: Die Bundeswehr zieht aus Afghanistan ab. Was macht die Bundeswehr in oder vor Syrien? Was macht sie in Norwegen, Litauen usw.??? Alle Tore f\u00fcr Aggressionseins\u00e4tze sind durch die deutsche NATO-Mitgliedschaft &#8222;garantiert&#8220;. Ganz zu schweigen von der NATO-Forderung nach Erh\u00f6hung des R\u00fcstungsetats auf 2 Prozent des Bruttosozialprodukts&#8230; Noch Fragen?<\/p>\n<p>Der Vorsitzende des Deutschen Freidenkerverbandes DFV, Klaus Hartmann, geht bei der Veranstaltung &#8222;Gegen die &#8218;NATO-Ostfront&#8216; \u2013 raus aus der NATO&#8220; im Rahmen des 20. UZ-Pressefestes der Deutschen Kommunistischen Partei (DKP) im Th\u00e4lmann-Zelt des DDR-Kabinetts Bochum auf die Frage &#8222;Deutschland raus aus der NATO?&#8220; ein. In dem gemeinsamen Aufruf &#8222;NATO raus aus Deutschland \u2013 Deutschland raus aus der NATO&#8220; von DFV und Bundesverband Arbeiterfotografie heisst es dazu unter anderem:<\/p>\n<p>NATO-Vertrag k\u00fcndigen! Das kann der Bundestag beschlie\u00dfen, denn \u201ejede Partei [kann] aus dem Vertrag ausscheiden, und zwar ein Jahr, nachdem sie der Regierung der Vereinigten Staaten von Amerika die K\u00fcndigung mitgeteilt hat\u201c. So hei\u00dft es im Nordatlantikvertrag in Artikel 13. Deutschland darf nicht l\u00e4nger Mitglied in einer Organisation bleiben, die von der Politik des US-Imperialismus, der Hauptgefahr f\u00fcr den Weltfrieden, dominiert wird. Deutschland muss neutral werden.<\/p>\n<p><span style=\"font-size: 10pt;\">Link zum Originalbeitrag der Neuen Rheinischen Zeitung: <a href=\"http:\/\/www.nrhz.de\/flyer\/beitrag.php?id=25238\" target=\"_blank\" rel=\"noopener\">http:\/\/www.nrhz.de\/flyer\/beitrag.php?id=25238<\/a><\/span><br \/>\n<span style=\"font-size: 10pt;\">Direktlink zum Video auf YouTube: <a href=\"https:\/\/youtu.be\/mhpH0jRjg_E\" target=\"_blank\" rel=\"noopener\">https:\/\/youtu.be\/mhpH0jRjg_E<\/a><\/span><\/p>\n<hr \/>\n<p><strong>Mehr zum Aufruf &#8222;NATO raus aus Deutschland \u2013 Deutschland raus aus der NATO&#8220; &#8211; bisher unterzeichnet von 60 Organisationen &#8211; hier:<br \/>\n<\/strong><br \/>\n<a href=\"http:\/\/www.arbeiterfotografie.com\/raus-aus-der-NATO-NATO-raus\">http:\/\/www.arbeiterfotografie.com\/raus-aus-der-NATO-NATO-raus<\/a><br \/>\n<a href=\"http:\/\/www.neinzurnato.de\/\">http:\/\/www.neinzurnato.de\/<\/a><\/p>\n<hr \/>\n<p>Artikel wurde auf dieser Webseite eingestellt am 15.09.2018 (nur Video #1) und aktualisiert am 22.09.2018 (erg\u00e4nzt um Video #2)<\/p>\n<hr \/>\n<p>Bild oben: Screenshot aus dem <a href=\"https:\/\/youtu.be\/aGZPmHukY-A\" target=\"_blank\" rel=\"noopener\">Video von arbeiterfotografie<\/a> (v.l.n.r.: Klaus Hartmann, Andreas Neumann)<\/p>\n","protected":false},"excerpt":{"rendered":"<p>Warum wird die K\u00fcndigung des Truppenstationierungsvertrages (exakt: &#8222;Vertrag \u00fcber den Aufenthalt ausl\u00e4ndischer Streitkr\u00e4fte in der Bundesrepublik Deutschland&#8220; vom 23.10.1954) von der Friedensbewegung nicht zur zentralen Forderung erhoben? Damit er\u00fcbrigte sich die Forderung, nur die Air-Base Ramstein zu schlie\u00dfen. S\u00e4mtliche ausl\u00e4ndischen Milit\u00e4r-Niederlassungen in Deutschland w\u00e4ren damit aufzul\u00f6sen&#8230;<br \/>\nDer Vorsitzende des Deutschen Freidenkerverbandes DFV, Klaus Hartmann, geht bei der Veranstaltung &#8222;Gegen die &#8218;NATO-Ostfront&#8216; \u2013 raus aus der NATO&#8220; im Rahmen des 20. UZ-Pressefestes auf diese Frage ein. <\/p>\n","protected":false},"author":3,"featured_media":5419,"comment_status":"closed","ping_status":"closed","sticky":false,"template":"","format":"standard","meta":{"colormag_page_container_layout":"default_layout","colormag_page_sidebar_layout":"default_layout","advanced_seo_description":"","jetpack_seo_html_title":"","jetpack_seo_noindex":false,"jetpack_post_was_ever_published":false,"footnotes":""},"categories":[13],"tags":[681,335,43,63],"class_list":["post-5417","post","type-post","status-publish","format-standard","has-post-thumbnail","hentry","category-frieden-antifaschismus-solidaritaet","tag-deutschland-raus-aus-der-nato","tag-frieden","tag-friedensbewegung","tag-nato-raus-aus-deutschland"],"jetpack_featured_media_url":"https:\/\/i0.wp.com\/www.freidenker.org\/fw17\/wp-content\/uploads\/2018\/09\/uz-Pressefest_2018_800x445.jpg?fit=800%2C445&ssl=1","jetpack_shortlink":"https:\/\/wp.me\/p9stpK-1pn","jetpack-related-posts":[{"id":2988,"url":"https:\/\/www.freidenker.org\/?p=2988","url_meta":{"origin":5417,"position":0},"title":"Freidenker-Brief 6-2015: Deutschland raus aus der NATO &#8211; NATO raus aus Deutschland","author":"Webredaktion","date":"27. August 2015","format":false,"excerpt":"W\u00e4hrend manche \"Institutionen\" der Friedensbewegung fortgesetzt die Diskussion \u201eWie weiter mit der Friedensbewegung?\u201c f\u00fchren, gibt es erfreulicherweise auch Friedenskr\u00e4fte, die angesichts der gef\u00e4hrlichen internationalen Entwicklung aktiv werden, die auf Aktionen und auf Klarheit dr\u00e4ngen: Einerseits die im \"AK Frieden \/ Internationales\" des Deutschen Freidenker-Verbandes erarbeitete programmatische Erkl\u00e4rung zu Fragen von\u2026","rel":"","context":"In &quot;Freidenker-Brief&quot;","block_context":{"text":"Freidenker-Brief","link":"https:\/\/www.freidenker.org\/?cat=341"},"img":{"alt_text":"","src":"https:\/\/i0.wp.com\/www.freidenker.org\/fw17\/wp-content\/uploads\/2015\/08\/Global_Hawk_800x445_mLogo.jpg?fit=800%2C445&ssl=1&resize=350%2C200","width":350,"height":200,"srcset":"https:\/\/i0.wp.com\/www.freidenker.org\/fw17\/wp-content\/uploads\/2015\/08\/Global_Hawk_800x445_mLogo.jpg?fit=800%2C445&ssl=1&resize=350%2C200 1x, https:\/\/i0.wp.com\/www.freidenker.org\/fw17\/wp-content\/uploads\/2015\/08\/Global_Hawk_800x445_mLogo.jpg?fit=800%2C445&ssl=1&resize=525%2C300 1.5x, https:\/\/i0.wp.com\/www.freidenker.org\/fw17\/wp-content\/uploads\/2015\/08\/Global_Hawk_800x445_mLogo.jpg?fit=800%2C445&ssl=1&resize=700%2C400 2x"},"classes":[]},{"id":7695,"url":"https:\/\/www.freidenker.org\/?p=7695","url_meta":{"origin":5417,"position":1},"title":"Kriegsmoloch verbannen \u2013 damit von deutschem Boden nur Frieden ausgeht","author":"Webredaktion","date":"16. M\u00e4rz 2020","format":false,"excerpt":"Die K\u00fcndigung des Truppenstationierungsvertrags (NATO raus) und der Austritt aus der NATO (raus aus der NATO) lassen Kriegsman\u00f6ver wie \"Defender Europe 2020\" der Vergangenheit angeh\u00f6ren. Und f\u00fcr vieles andere, was die Friedensbewegung fordert, wird ein konkreter Weg Richtung Realisierung sichtbar. DIE LINKE im Bundestag hat das schon erkannt. Ihre Antr\u00e4ge\u2026","rel":"","context":"In &quot;Frieden - Antifaschismus - Solidarit\u00e4t&quot;","block_context":{"text":"Frieden - Antifaschismus - Solidarit\u00e4t","link":"https:\/\/www.freidenker.org\/?cat=13"},"img":{"alt_text":"","src":"https:\/\/i0.wp.com\/www.freidenker.org\/fw17\/wp-content\/uploads\/2020\/03\/faltblatt_nato-raus_2020_800x445.jpg?fit=800%2C445&ssl=1&resize=350%2C200","width":350,"height":200,"srcset":"https:\/\/i0.wp.com\/www.freidenker.org\/fw17\/wp-content\/uploads\/2020\/03\/faltblatt_nato-raus_2020_800x445.jpg?fit=800%2C445&ssl=1&resize=350%2C200 1x, https:\/\/i0.wp.com\/www.freidenker.org\/fw17\/wp-content\/uploads\/2020\/03\/faltblatt_nato-raus_2020_800x445.jpg?fit=800%2C445&ssl=1&resize=525%2C300 1.5x, https:\/\/i0.wp.com\/www.freidenker.org\/fw17\/wp-content\/uploads\/2020\/03\/faltblatt_nato-raus_2020_800x445.jpg?fit=800%2C445&ssl=1&resize=700%2C400 2x"},"classes":[]},{"id":2990,"url":"https:\/\/www.freidenker.org\/?p=2990","url_meta":{"origin":5417,"position":2},"title":"Freidenker-Brief 5-2015: Sagt NEIN, \u00e4chtet Aggressionen, bannt die Weltkriegsgefahr!","author":"Webredaktion","date":"29. Juli 2015","format":false,"excerpt":"Erkl\u00e4rung zu Fragen von Krieg und Frieden, Juli 2015 Unter diesem Titel gibt es seit dem 23. Juli 2015 auf der Internet-Seite der Anti-NATO-Allianz eine Erkl\u00e4rung in Form eines Aufrufs an Bundestag und Bundesregierung mit folgenden Forderungen: - NATO-Vertrag k\u00fcndigen! - Truppenstationierungsvertrag per Friedensvertrag au\u00dfer Kraft setzen! - Mit Russland\u2026","rel":"","context":"In &quot;Freidenker-Brief&quot;","block_context":{"text":"Freidenker-Brief","link":"https:\/\/www.freidenker.org\/?cat=341"},"img":{"alt_text":"","src":"https:\/\/i0.wp.com\/www.freidenker.org\/fw17\/wp-content\/uploads\/2015\/07\/2015-09-26-dp-0010_800x445.jpg?fit=800%2C445&ssl=1&resize=350%2C200","width":350,"height":200,"srcset":"https:\/\/i0.wp.com\/www.freidenker.org\/fw17\/wp-content\/uploads\/2015\/07\/2015-09-26-dp-0010_800x445.jpg?fit=800%2C445&ssl=1&resize=350%2C200 1x, https:\/\/i0.wp.com\/www.freidenker.org\/fw17\/wp-content\/uploads\/2015\/07\/2015-09-26-dp-0010_800x445.jpg?fit=800%2C445&ssl=1&resize=525%2C300 1.5x, https:\/\/i0.wp.com\/www.freidenker.org\/fw17\/wp-content\/uploads\/2015\/07\/2015-09-26-dp-0010_800x445.jpg?fit=800%2C445&ssl=1&resize=700%2C400 2x"},"classes":[]},{"id":6359,"url":"https:\/\/www.freidenker.org\/?p=6359","url_meta":{"origin":5417,"position":3},"title":"Gr\u00fcnes Licht f\u00fcr die Friedensbewegung","author":"Webredaktion","date":"12. Mai 2019","format":false,"excerpt":"Beitrag von Anneliese Fikentscher und Andreas Neumann Im Rahmen einer Debatte wird in einem Kommentar von \"H-J Schmidt\" dargelegt, dass der zwischen den beiden deutschen Staaten und den vier M\u00e4chten USA, Gro\u00dfbritannien, Frankreich und Sowjetunion abgeschlossene Zwei-plus-Vier-Vertrag mit den dazugeh\u00f6rigen (unver\u00f6ffentlichten) Protokollnotizen den Forderungen \"NATO raus!\" entgegen st\u00fcnde und sie\u2026","rel":"","context":"In &quot;Frieden - Antifaschismus - Solidarit\u00e4t&quot;","block_context":{"text":"Frieden - Antifaschismus - Solidarit\u00e4t","link":"https:\/\/www.freidenker.org\/?cat=13"},"img":{"alt_text":"","src":"https:\/\/i0.wp.com\/www.freidenker.org\/fw17\/wp-content\/uploads\/2019\/05\/gruenes-licht-24_800x445.jpg?fit=800%2C445&ssl=1&resize=350%2C200","width":350,"height":200,"srcset":"https:\/\/i0.wp.com\/www.freidenker.org\/fw17\/wp-content\/uploads\/2019\/05\/gruenes-licht-24_800x445.jpg?fit=800%2C445&ssl=1&resize=350%2C200 1x, https:\/\/i0.wp.com\/www.freidenker.org\/fw17\/wp-content\/uploads\/2019\/05\/gruenes-licht-24_800x445.jpg?fit=800%2C445&ssl=1&resize=525%2C300 1.5x, https:\/\/i0.wp.com\/www.freidenker.org\/fw17\/wp-content\/uploads\/2019\/05\/gruenes-licht-24_800x445.jpg?fit=800%2C445&ssl=1&resize=700%2C400 2x"},"classes":[]},{"id":10965,"url":"https:\/\/www.freidenker.org\/?p=10965","url_meta":{"origin":5417,"position":4},"title":"F\u00fcr eine Welt ohne Atomwaffen braucht es eine Welt ohne Imperialismus und Kriege!","author":"Webredaktion","date":"5. August 2021","format":false,"excerpt":"Erkl\u00e4rung des Deutschen Freidenker-Verbandes Nachdem 2017 die UN-Generalversammlung mehrheitlich f\u00fcr einen Atomwaffenverbotsver\u00adtrag stimmte und die Organisation ICAN (International Campaign to Abolish Nuclear Weapons) mit dem Friedensnobelpreis ausge\u00adzeichnet wurde, gibt es auch in der deutschen Friedensbewegung Bestrebungen, f\u00fcr die Unter\u00adzeichnung dieses Vertrages zu mobilisieren, um zur \u00c4chtung und Abschaffung von Atomwaffen\u2026","rel":"","context":"In &quot;Frieden - Antifaschismus - Solidarit\u00e4t&quot;","block_context":{"text":"Frieden - Antifaschismus - Solidarit\u00e4t","link":"https:\/\/www.freidenker.org\/?cat=13"},"img":{"alt_text":"","src":"https:\/\/i0.wp.com\/www.freidenker.org\/fw17\/wp-content\/uploads\/2021\/08\/hiroshimatag_2021_800x450.jpg?fit=800%2C450&ssl=1&resize=350%2C200","width":350,"height":200,"srcset":"https:\/\/i0.wp.com\/www.freidenker.org\/fw17\/wp-content\/uploads\/2021\/08\/hiroshimatag_2021_800x450.jpg?fit=800%2C450&ssl=1&resize=350%2C200 1x, https:\/\/i0.wp.com\/www.freidenker.org\/fw17\/wp-content\/uploads\/2021\/08\/hiroshimatag_2021_800x450.jpg?fit=800%2C450&ssl=1&resize=525%2C300 1.5x, https:\/\/i0.wp.com\/www.freidenker.org\/fw17\/wp-content\/uploads\/2021\/08\/hiroshimatag_2021_800x450.jpg?fit=800%2C450&ssl=1&resize=700%2C400 2x"},"classes":[]},{"id":2986,"url":"https:\/\/www.freidenker.org\/?p=2986","url_meta":{"origin":5417,"position":5},"title":"&#8222;Deutschland raus aus der NATO&#8220;: DFV-Weckruf an den Bundestag","author":"Webredaktion","date":"8. September 2015","format":false,"excerpt":"Interview von Klaus Hartmann, Bundesvorsitzender des Deutschen Freidenker-Verbandes, mit Sputnik Deutschland \"Deutschland raus aus der Nato, Nato raus aus Deutschland\" \u2013 fordert der Deutsche Freidenker-Verband in seinem Aufruf an die Bundestagsabgeordneten. Der Appell ist eine Reaktion auf den Nato-Konfrontationskurs gegen Russland, wie der DFV-Vorstand erkl\u00e4rt. Nach 1990 erlebte die Nato\u2026","rel":"","context":"In &quot;Frieden - Antifaschismus - Solidarit\u00e4t&quot;","block_context":{"text":"Frieden - Antifaschismus - Solidarit\u00e4t","link":"https:\/\/www.freidenker.org\/?cat=13"},"img":{"alt_text":"","src":"https:\/\/i0.wp.com\/www.freidenker.org\/fw17\/wp-content\/uploads\/2015\/09\/the-eleventh-hour-758726_800x445.jpg?fit=800%2C445&ssl=1&resize=350%2C200","width":350,"height":200,"srcset":"https:\/\/i0.wp.com\/www.freidenker.org\/fw17\/wp-content\/uploads\/2015\/09\/the-eleventh-hour-758726_800x445.jpg?fit=800%2C445&ssl=1&resize=350%2C200 1x, https:\/\/i0.wp.com\/www.freidenker.org\/fw17\/wp-content\/uploads\/2015\/09\/the-eleventh-hour-758726_800x445.jpg?fit=800%2C445&ssl=1&resize=525%2C300 1.5x, https:\/\/i0.wp.com\/www.freidenker.org\/fw17\/wp-content\/uploads\/2015\/09\/the-eleventh-hour-758726_800x445.jpg?fit=800%2C445&ssl=1&resize=700%2C400 2x"},"classes":[]}],"_links":{"self":[{"href":"https:\/\/www.freidenker.org\/index.php?rest_route=\/wp\/v2\/posts\/5417","targetHints":{"allow":["GET"]}}],"collection":[{"href":"https:\/\/www.freidenker.org\/index.php?rest_route=\/wp\/v2\/posts"}],"about":[{"href":"https:\/\/www.freidenker.org\/index.php?rest_route=\/wp\/v2\/types\/post"}],"author":[{"embeddable":true,"href":"https:\/\/www.freidenker.org\/index.php?rest_route=\/wp\/v2\/users\/3"}],"replies":[{"embeddable":true,"href":"https:\/\/www.freidenker.org\/index.php?rest_route=%2Fwp%2Fv2%2Fcomments&post=5417"}],"version-history":[{"count":0,"href":"https:\/\/www.freidenker.org\/index.php?rest_route=\/wp\/v2\/posts\/5417\/revisions"}],"wp:featuredmedia":[{"embeddable":true,"href":"https:\/\/www.freidenker.org\/index.php?rest_route=\/wp\/v2\/media\/5419"}],"wp:attachment":[{"href":"https:\/\/www.freidenker.org\/index.php?rest_route=%2Fwp%2Fv2%2Fmedia&parent=5417"}],"wp:term":[{"taxonomy":"category","embeddable":true,"href":"https:\/\/www.freidenker.org\/index.php?rest_route=%2Fwp%2Fv2%2Fcategories&post=5417"},{"taxonomy":"post_tag","embeddable":true,"href":"https:\/\/www.freidenker.org\/index.php?rest_route=%2Fwp%2Fv2%2Ftags&post=5417"}],"curies":[{"name":"wp","href":"https:\/\/api.w.org\/{rel}","templated":true}]}}