{"id":5404,"date":"2018-09-08T00:06:49","date_gmt":"2018-09-07T22:06:49","guid":{"rendered":"http:\/\/www.freidenker.org\/?p=5404"},"modified":"2018-10-23T00:40:59","modified_gmt":"2018-10-22T22:40:59","slug":"den-seinen-gibts-der-herr","status":"publish","type":"post","link":"https:\/\/www.freidenker.org\/?p=5404","title":{"rendered":"Den Seinen gibt\u2019s der Herr \u2026"},"content":{"rendered":"<p><img data-recalc-dims=\"1\" loading=\"lazy\" decoding=\"async\" data-attachment-id=\"5405\" data-permalink=\"https:\/\/www.freidenker.org\/?attachment_id=5405\" data-orig-file=\"https:\/\/i0.wp.com\/www.freidenker.org\/fw17\/wp-content\/uploads\/2018\/09\/Zingerl-WahlWC-18_800px.jpg?fit=800%2C1132&amp;ssl=1\" data-orig-size=\"800,1132\" data-comments-opened=\"0\" data-image-meta=\"{&quot;aperture&quot;:&quot;0&quot;,&quot;credit&quot;:&quot;&quot;,&quot;camera&quot;:&quot;&quot;,&quot;caption&quot;:&quot;&quot;,&quot;created_timestamp&quot;:&quot;0&quot;,&quot;copyright&quot;:&quot;&quot;,&quot;focal_length&quot;:&quot;0&quot;,&quot;iso&quot;:&quot;0&quot;,&quot;shutter_speed&quot;:&quot;0&quot;,&quot;title&quot;:&quot;&quot;,&quot;orientation&quot;:&quot;1&quot;}\" data-image-title=\"Zingerl-WahlWC-18_800px\" data-image-description=\"\" data-image-caption=\"\" data-large-file=\"https:\/\/i0.wp.com\/www.freidenker.org\/fw17\/wp-content\/uploads\/2018\/09\/Zingerl-WahlWC-18_800px.jpg?fit=724%2C1024&amp;ssl=1\" class=\"alignnone size-large wp-image-5405\" src=\"https:\/\/i0.wp.com\/www.freidenker.org\/fw17\/wp-content\/uploads\/2018\/09\/Zingerl-WahlWC-18_800px.jpg?resize=724%2C1024&#038;ssl=1\" alt=\"\" width=\"724\" height=\"1024\" srcset=\"https:\/\/i0.wp.com\/www.freidenker.org\/fw17\/wp-content\/uploads\/2018\/09\/Zingerl-WahlWC-18_800px.jpg?resize=724%2C1024&amp;ssl=1 724w, https:\/\/i0.wp.com\/www.freidenker.org\/fw17\/wp-content\/uploads\/2018\/09\/Zingerl-WahlWC-18_800px.jpg?resize=212%2C300&amp;ssl=1 212w, https:\/\/i0.wp.com\/www.freidenker.org\/fw17\/wp-content\/uploads\/2018\/09\/Zingerl-WahlWC-18_800px.jpg?resize=768%2C1087&amp;ssl=1 768w, https:\/\/i0.wp.com\/www.freidenker.org\/fw17\/wp-content\/uploads\/2018\/09\/Zingerl-WahlWC-18_800px.jpg?w=800&amp;ssl=1 800w\" sizes=\"auto, (max-width: 724px) 100vw, 724px\" \/><\/p>\n<hr \/>\n<p><img data-recalc-dims=\"1\" loading=\"lazy\" decoding=\"async\" data-attachment-id=\"1076\" data-permalink=\"https:\/\/www.freidenker.org\/?attachment_id=1076\" data-orig-file=\"https:\/\/i0.wp.com\/www.freidenker.org\/fw17\/wp-content\/uploads\/2017\/10\/pdf_icon-2.png?fit=32%2C32&amp;ssl=1\" data-orig-size=\"32,32\" data-comments-opened=\"0\" data-image-meta=\"{&quot;aperture&quot;:&quot;0&quot;,&quot;credit&quot;:&quot;&quot;,&quot;camera&quot;:&quot;&quot;,&quot;caption&quot;:&quot;&quot;,&quot;created_timestamp&quot;:&quot;0&quot;,&quot;copyright&quot;:&quot;&quot;,&quot;focal_length&quot;:&quot;0&quot;,&quot;iso&quot;:&quot;0&quot;,&quot;shutter_speed&quot;:&quot;0&quot;,&quot;title&quot;:&quot;&quot;,&quot;orientation&quot;:&quot;0&quot;}\" data-image-title=\"pdf_icon\" data-image-description=\"\" data-image-caption=\"\" data-large-file=\"https:\/\/i0.wp.com\/www.freidenker.org\/fw17\/wp-content\/uploads\/2017\/10\/pdf_icon-2.png?fit=32%2C32&amp;ssl=1\" class=\"alignnone size-full wp-image-1076\" src=\"https:\/\/i0.wp.com\/www.freidenker.org\/fw17\/wp-content\/uploads\/2017\/10\/pdf_icon-2.png?resize=32%2C32&#038;ssl=1\" alt=\"\" width=\"32\" height=\"32\" \/> Plakat mit der <a href=\"https:\/\/www.freidenker.org\/fw17\/wp-content\/uploads\/2018\/09\/Zingerl-WahlWC-18.pdf\" target=\"_blank\" rel=\"noopener\">Karikatur als PDF-Dokument<\/a> ansehen oder herunterladen (ca. 440 KB)<\/p>\n<hr \/>\n<p><span style=\"font-size: 10pt;\">Karikatur: Guido Zingerl (Ver\u00f6ffentlichung mit Genehmigung des Karikaturisten)<\/span><\/p>\n","protected":false},"excerpt":{"rendered":"<p>Karikatur von Guido Zingerl zur Landtagswahl in Bayern am 14. Oktober 2018<\/p>\n","protected":false},"author":3,"featured_media":5407,"comment_status":"closed","ping_status":"closed","sticky":false,"template":"","format":"standard","meta":{"colormag_page_container_layout":"default_layout","colormag_page_sidebar_layout":"default_layout","advanced_seo_description":"","jetpack_seo_html_title":"","jetpack_seo_noindex":false,"jetpack_post_was_ever_published":false,"footnotes":""},"categories":[913,15],"tags":[1043,54,1074,1075],"class_list":["post-5404","post","type-post","status-publish","format-standard","has-post-thumbnail","hentry","category-kultur-kunst","category-religions-kirchenkritik","tag-bayern","tag-kirche","tag-kreuz","tag-wahl"],"jetpack_featured_media_url":"https:\/\/i0.wp.com\/www.freidenker.org\/fw17\/wp-content\/uploads\/2018\/09\/Zingerl-WahlWC-18_karr_800x445.jpg?fit=800%2C445&ssl=1","jetpack_shortlink":"https:\/\/wp.me\/p9stpK-1pa","jetpack-related-posts":[{"id":25007,"url":"https:\/\/www.freidenker.org\/?p=25007","url_meta":{"origin":5404,"position":0},"title":"Zusammenspiel von B\u00f6rse und Krieg","author":"Webredaktion","date":"24. April 2026","format":false,"excerpt":"Beitrag von Stefan Siegert Im Blick den gegenw\u00e4rtigen US-Pr\u00e4sidenten, reibt man sich die Augen: es verschwimmen in diesem Menschen zusehends die Grenzen zwischen Politik und Pathologie. Der US-Cartoonist Bill Bramhall zeichnete eine bemerkenswerte Trump-Karikatur und warf in der Zeichnung die Frage auf: glaubt Trump an seine eigenen L\u00fcgen? Der britische\u2026","rel":"","context":"In &quot;Aktuelles&quot;","block_context":{"text":"Aktuelles","link":"https:\/\/www.freidenker.org\/?cat=574"},"img":{"alt_text":"","src":"https:\/\/i0.wp.com\/www.freidenker.org\/fw17\/wp-content\/uploads\/2026\/04\/trump_geldregen_v2_800x450.jpg?fit=800%2C450&ssl=1&resize=350%2C200","width":350,"height":200,"srcset":"https:\/\/i0.wp.com\/www.freidenker.org\/fw17\/wp-content\/uploads\/2026\/04\/trump_geldregen_v2_800x450.jpg?fit=800%2C450&ssl=1&resize=350%2C200 1x, https:\/\/i0.wp.com\/www.freidenker.org\/fw17\/wp-content\/uploads\/2026\/04\/trump_geldregen_v2_800x450.jpg?fit=800%2C450&ssl=1&resize=525%2C300 1.5x, https:\/\/i0.wp.com\/www.freidenker.org\/fw17\/wp-content\/uploads\/2026\/04\/trump_geldregen_v2_800x450.jpg?fit=800%2C450&ssl=1&resize=700%2C400 2x"},"classes":[]},{"id":17281,"url":"https:\/\/www.freidenker.org\/?p=17281","url_meta":{"origin":5404,"position":1},"title":"Tr\u00e4nen, Tr\u00e4nen, Tr\u00e4nen: Erst Kirby \u2013 jetzt Baerbock","author":"Webredaktion","date":"19. Oktober 2023","format":false,"excerpt":"Beitrag von Dagmar Henn Bundesau\u00dfenministerin Annalena Baerbock d\u00fcrfte, wenn ihre Amtszeit endlich endet, einen gewaltigen Flurschaden hinterlassen haben. Ihre \"feministische Au\u00dfenpolitik\" k\u00f6nnte daf\u00fcr sorgen, dass f\u00fcr l\u00e4ngere Zeit niemand mehr eine Frau in diesem Ministersessel sehen will. Dabei ist sie keine Frau, sie ist ein Weibchen; eine Karikatur des Weiblichen\u2026","rel":"","context":"In &quot;Demokratie \u2013 Medien \u2013 Aufkl\u00e4rung&quot;","block_context":{"text":"Demokratie \u2013 Medien \u2013 Aufkl\u00e4rung","link":"https:\/\/www.freidenker.org\/?cat=12"},"img":{"alt_text":"","src":"https:\/\/i0.wp.com\/www.freidenker.org\/fw17\/wp-content\/uploads\/2023\/10\/Gesprek_met_ICC_hoofdaanklager_Karim_Khan_17_800x450.jpg?fit=800%2C450&ssl=1&resize=350%2C200","width":350,"height":200,"srcset":"https:\/\/i0.wp.com\/www.freidenker.org\/fw17\/wp-content\/uploads\/2023\/10\/Gesprek_met_ICC_hoofdaanklager_Karim_Khan_17_800x450.jpg?fit=800%2C450&ssl=1&resize=350%2C200 1x, https:\/\/i0.wp.com\/www.freidenker.org\/fw17\/wp-content\/uploads\/2023\/10\/Gesprek_met_ICC_hoofdaanklager_Karim_Khan_17_800x450.jpg?fit=800%2C450&ssl=1&resize=525%2C300 1.5x, https:\/\/i0.wp.com\/www.freidenker.org\/fw17\/wp-content\/uploads\/2023\/10\/Gesprek_met_ICC_hoofdaanklager_Karim_Khan_17_800x450.jpg?fit=800%2C450&ssl=1&resize=700%2C400 2x"},"classes":[]},{"id":197,"url":"https:\/\/www.freidenker.org\/?p=197","url_meta":{"origin":5404,"position":2},"title":"Jugendfeier 2005 in M\u00fcnchen","author":"Webmaster","date":"17. Juni 2005","format":false,"excerpt":"Beitrag von Christiane Kr\u00f6ll aus FREIDENKER 2-05 Unter dem Motto \"\u00c4ndere die Welt, sie braucht es.\" begingen in M\u00fcnchen 12 Jugendliche mit rund 100 G\u00e4sten am Vorabend des \"Tages der Befreiung\" ihre Jugendfeier in der Gastst\u00e4tte Weyprechthof. In der Festrede hob Eva Bulling-Schr\u00f6ter, Landesvorsitzende der PDS Bayern und Freidenker-Mitglied, u.a.\u2026","rel":"","context":"In &quot;Jugendweihe &amp; Jugendfeier&quot;","block_context":{"text":"Jugendweihe &amp; Jugendfeier","link":"https:\/\/www.freidenker.org\/?cat=14"},"img":{"alt_text":"","src":"https:\/\/i0.wp.com\/www.freidenker.org\/fw17\/wp-content\/uploads\/2016\/05\/Munch.jpg?fit=800%2C445&ssl=1&resize=350%2C200","width":350,"height":200,"srcset":"https:\/\/i0.wp.com\/www.freidenker.org\/fw17\/wp-content\/uploads\/2016\/05\/Munch.jpg?fit=800%2C445&ssl=1&resize=350%2C200 1x, https:\/\/i0.wp.com\/www.freidenker.org\/fw17\/wp-content\/uploads\/2016\/05\/Munch.jpg?fit=800%2C445&ssl=1&resize=525%2C300 1.5x, https:\/\/i0.wp.com\/www.freidenker.org\/fw17\/wp-content\/uploads\/2016\/05\/Munch.jpg?fit=800%2C445&ssl=1&resize=700%2C400 2x"},"classes":[]},{"id":7307,"url":"https:\/\/www.freidenker.org\/?p=7307","url_meta":{"origin":5404,"position":3},"title":"Doppelb\u00f6diges Spiel von Antideutschen?","author":"Webredaktion","date":"17. Dezember 2019","format":false,"excerpt":"Beitrag von Anneliese Fikentscher und Andreas Neumann Es ist bemerkenswert, dass Autoren, die im \"antideutschen\" Spektrum \u2013 also als im Interesse imperialer M\u00e4chte wie USA und Israel operierende Kr\u00e4fte \u2013 in Erscheinung getreten sind, (neuerdings) in einer Weise ver\u00f6ffentlichen, die zu ihrem sonstigen (fr\u00fcheren) Auftreten im Widerspruch zu stehen scheint.\u2026","rel":"","context":"In &quot;Zeit der Verleumder - Freidenker f\u00fcr Klartext&quot;","block_context":{"text":"Zeit der Verleumder - Freidenker f\u00fcr Klartext","link":"https:\/\/www.freidenker.org\/?cat=937"},"img":{"alt_text":"","src":"https:\/\/i0.wp.com\/www.freidenker.org\/fw17\/wp-content\/uploads\/2019\/12\/mask-3829017_800x445.jpg?fit=800%2C445&ssl=1&resize=350%2C200","width":350,"height":200,"srcset":"https:\/\/i0.wp.com\/www.freidenker.org\/fw17\/wp-content\/uploads\/2019\/12\/mask-3829017_800x445.jpg?fit=800%2C445&ssl=1&resize=350%2C200 1x, https:\/\/i0.wp.com\/www.freidenker.org\/fw17\/wp-content\/uploads\/2019\/12\/mask-3829017_800x445.jpg?fit=800%2C445&ssl=1&resize=525%2C300 1.5x, https:\/\/i0.wp.com\/www.freidenker.org\/fw17\/wp-content\/uploads\/2019\/12\/mask-3829017_800x445.jpg?fit=800%2C445&ssl=1&resize=700%2C400 2x"},"classes":[]},{"id":22342,"url":"https:\/\/www.freidenker.org\/?p=22342","url_meta":{"origin":5404,"position":4},"title":"F\u00fcr die Trennung von Staat und Kirche, Kirche und Schule sowie den Dialog mit religi\u00f6sen Menschen","author":"Webredaktion","date":"9. Juli 2025","format":false,"excerpt":"Neu herausgegeben: Das aktualisierte Forderungsprogramm\u00a0des Deutschen Freidenker-Verbandes\u00a0zum Verh\u00e4ltnis Staat - Kirche auf der Grundlage der Berliner Erkl\u00e4rung von 1994 und mit Ausz\u00fcgen aus den Thesen zur Religion [Aus dem Editorial:] Die Forderung nach strikter Trennung von Staat und Kirche ist eine fundamentale For\u00adderung der europ\u00e4ischen Aufkl\u00e4rung, von deren Verwirklichung in\u2026","rel":"","context":"In &quot;Aktuelles&quot;","block_context":{"text":"Aktuelles","link":"https:\/\/www.freidenker.org\/?cat=574"},"img":{"alt_text":"","src":"https:\/\/i0.wp.com\/www.freidenker.org\/fw17\/wp-content\/uploads\/2025\/07\/Broschuere_Trennung_Staat_Kirche_800x450.jpg?fit=800%2C453&ssl=1&resize=350%2C200","width":350,"height":200,"srcset":"https:\/\/i0.wp.com\/www.freidenker.org\/fw17\/wp-content\/uploads\/2025\/07\/Broschuere_Trennung_Staat_Kirche_800x450.jpg?fit=800%2C453&ssl=1&resize=350%2C200 1x, https:\/\/i0.wp.com\/www.freidenker.org\/fw17\/wp-content\/uploads\/2025\/07\/Broschuere_Trennung_Staat_Kirche_800x450.jpg?fit=800%2C453&ssl=1&resize=525%2C300 1.5x, https:\/\/i0.wp.com\/www.freidenker.org\/fw17\/wp-content\/uploads\/2025\/07\/Broschuere_Trennung_Staat_Kirche_800x450.jpg?fit=800%2C453&ssl=1&resize=700%2C400 2x"},"classes":[]},{"id":15901,"url":"https:\/\/www.freidenker.org\/?p=15901","url_meta":{"origin":5404,"position":5},"title":"Buchvorstellung: Wer am Abgrund tanzt","author":"Webredaktion","date":"30. April 2023","format":false,"excerpt":"Einladung zur Buchvorstellung \"Wer am Abgrund tanzt \u2013 Notizen zu den M\u00fcnchner Jahren zwischen R\u00e4terepublik und Hitlerputsch \u2013\u00a01919 bis 1923\" von G\u00fcnther Gerstenberg Es lesen: Cornelia Naumann, Robert Valentin Hoffmann und Wolfgang Rommerskirchen Mittwoch, 31.05.2023, 19.00 Uhr, EineWeltHaus M\u00fcnchen Nach der blutigen Liquidierung der M\u00fcnchner R\u00e4terepublik Anfang Mai 1919 wird\u00a0die\u2026","rel":"","context":"In &quot;Veranstaltungen in den DFV-Landesverb\u00e4nden&quot;","block_context":{"text":"Veranstaltungen in den DFV-Landesverb\u00e4nden","link":"https:\/\/www.freidenker.org\/?cat=19"},"img":{"alt_text":"","src":"https:\/\/i0.wp.com\/www.freidenker.org\/fw17\/wp-content\/uploads\/2023\/04\/wer_am_abgrund_tanzt.jpg?fit=800%2C450&ssl=1&resize=350%2C200","width":350,"height":200,"srcset":"https:\/\/i0.wp.com\/www.freidenker.org\/fw17\/wp-content\/uploads\/2023\/04\/wer_am_abgrund_tanzt.jpg?fit=800%2C450&ssl=1&resize=350%2C200 1x, https:\/\/i0.wp.com\/www.freidenker.org\/fw17\/wp-content\/uploads\/2023\/04\/wer_am_abgrund_tanzt.jpg?fit=800%2C450&ssl=1&resize=525%2C300 1.5x, https:\/\/i0.wp.com\/www.freidenker.org\/fw17\/wp-content\/uploads\/2023\/04\/wer_am_abgrund_tanzt.jpg?fit=800%2C450&ssl=1&resize=700%2C400 2x"},"classes":[]}],"_links":{"self":[{"href":"https:\/\/www.freidenker.org\/index.php?rest_route=\/wp\/v2\/posts\/5404","targetHints":{"allow":["GET"]}}],"collection":[{"href":"https:\/\/www.freidenker.org\/index.php?rest_route=\/wp\/v2\/posts"}],"about":[{"href":"https:\/\/www.freidenker.org\/index.php?rest_route=\/wp\/v2\/types\/post"}],"author":[{"embeddable":true,"href":"https:\/\/www.freidenker.org\/index.php?rest_route=\/wp\/v2\/users\/3"}],"replies":[{"embeddable":true,"href":"https:\/\/www.freidenker.org\/index.php?rest_route=%2Fwp%2Fv2%2Fcomments&post=5404"}],"version-history":[{"count":0,"href":"https:\/\/www.freidenker.org\/index.php?rest_route=\/wp\/v2\/posts\/5404\/revisions"}],"wp:featuredmedia":[{"embeddable":true,"href":"https:\/\/www.freidenker.org\/index.php?rest_route=\/wp\/v2\/media\/5407"}],"wp:attachment":[{"href":"https:\/\/www.freidenker.org\/index.php?rest_route=%2Fwp%2Fv2%2Fmedia&parent=5404"}],"wp:term":[{"taxonomy":"category","embeddable":true,"href":"https:\/\/www.freidenker.org\/index.php?rest_route=%2Fwp%2Fv2%2Fcategories&post=5404"},{"taxonomy":"post_tag","embeddable":true,"href":"https:\/\/www.freidenker.org\/index.php?rest_route=%2Fwp%2Fv2%2Ftags&post=5404"}],"curies":[{"name":"wp","href":"https:\/\/api.w.org\/{rel}","templated":true}]}}