{"id":540,"date":"2009-10-19T14:20:54","date_gmt":"2009-10-19T12:20:54","guid":{"rendered":"http:\/\/www.freidenker.org\/fw17\/?p=540"},"modified":"2019-06-27T21:34:47","modified_gmt":"2019-06-27T19:34:47","slug":"solon-von-athen-und-die-entdeckung-des-rechts","status":"publish","type":"post","link":"https:\/\/www.freidenker.org\/?p=540","title":{"rendered":"Solon von Athen und die Entdeckung des Rechts"},"content":{"rendered":"<p>Ein St\u00fcck pionierhafte philosophisch-historische Forschung ist das zur Frankfurter Buchmesse 2009 erschienene Werk des Freidenkers <strong>Wolf-Dieter Gudopp<\/strong> &#8222;Solon von Athen und die Entdeckung des Rechts&#8220;. Das Buch ist keine einfache popul\u00e4rwissenschaftlich Lekt\u00fcre. Zum Inhalt hei\u00dft es in der <a href=\"http:\/\/koenigshausen-neumann.gebhardt-riegel.de\/product_info.php\/info\/p6470_Solon-von-Athen-und-die-Entdeckung-des-Rechts----49-80.html\" target=\"_blank\" rel=\"noopener noreferrer\">Ank\u00fcndigung des Verlags K\u00f6nigshausen &amp; Neumann<\/a>:<\/p>\n<p>Solon war ein bedeutender Gesetzgeber und politischer Reformator. Ein Jahr lang stand er, ausgestattet mit allen n\u00f6tigen Vollmachten, an der Spitze seiner Stadt. Seine praktisch-politische T\u00e4tigkeit hat er mit grunds\u00e4tzlichen \u00dcberlegungen vorbereitet, begleitet und bilanziert. Diese in poetischer Form vorgetragenen Reflexionen, die uns zum Teil \u00fcberliefert sind, haben Epoche gemacht. Solon ist die erste gro\u00dfe Figur der Geschichte, die Politik und Wissenschaft konsequent miteinander verbindet, die politische Strategie theoretisch konzipiert und den politischen Kosmos gem\u00e4\u00df den gegebenen Bedingungen realistisch modelliert. Seine gro\u00dfe Entdeckung: Das Recht, die d\u00edke, ist die objektiv-reale Macht, die die labile Gleichgewichtsdynamik der Polis in einer selbst-organisierenden permanenten Erneuerung reguliert. Verletzungen der ordnenden und erhaltenden rechten Ma\u00df-Verh\u00e4ltnisse geschehen unvermeidlich; ebenso unvermeidlich \u201er\u00e4cht sich\u201c d\u00edke mit gesellschaftlichen Krisen und Verwerfungen. Die Solonische Polito-logie ist Dikelogie, ist Wissen um die Wirkungsweise des Rechts. Die vorliegende Solon-Monographie erschlie\u00dft den Gedanken vor allem durch eine gr\u00fcndliche Lekt\u00fcre der dichterischen Fragmente. Deren Interpretation geht mit einer Einf\u00fchrung in die griechische Archaik einher \u2013 und selbstverst\u00e4ndlich mit einer ausf\u00fchrlichen Vorstellung der Solon vorangehenden und mit ihm verflochtenen Gedankenwelten Homers und Hesiods.<\/p>\n<p>ISBN: 978-3-8260-4119-8<br \/>\nEinband: geheftet<br \/>\nPreisinfo:\u00a0 \u20ac 49,80<br \/>\nSeitenzahl: 384<br \/>\nErscheinungsjahr: 2009<\/p>\n<hr \/>\n<p>Bild: https:\/\/pixabay.com\/de\/users\/Boboshow-2466254\/ Bogdan Radu<\/p>\n","protected":false},"excerpt":{"rendered":"<p><strong>Kurzrezension zu Wolf-Dieter Gudopp &#8222;Solon von Athen und die Entdeckung des Rechts&#8220;.<\/strong><br \/>\nSolon war ein bedeutender Gesetzgeber und politischer Reformator. Ein Jahr lang stand er, ausgestattet mit allen n\u00f6tigen Vollmachten, an der Spitze seiner Stadt. Seine praktisch-politische T\u00e4tigkeit hat er mit grunds\u00e4tzlichen \u00dcberlegungen vorbereitet, begleitet und bilanziert. Diese in poetischer Form vorgetragenen Reflexionen, die uns zum Teil \u00fcberliefert sind, haben Epoche gemacht. Solon ist die erste gro\u00dfe Figur der Geschichte, die Politik und Wissenschaft konsequent miteinander verbindet, die politische Strategie theoretisch konzipiert und den politischen Kosmos gem\u00e4\u00df den gegebenen Bedingungen realistisch modelliert.<\/p>\n","protected":false},"author":2,"featured_media":541,"comment_status":"closed","ping_status":"closed","sticky":false,"template":"","format":"standard","meta":{"colormag_page_container_layout":"default_layout","colormag_page_sidebar_layout":"default_layout","advanced_seo_description":"","jetpack_seo_html_title":"","jetpack_seo_noindex":false,"jetpack_post_was_ever_published":false,"footnotes":""},"categories":[1162,7],"tags":[248],"class_list":["post-540","post","type-post","status-publish","format-standard","has-post-thumbnail","hentry","category-geschichte","category-publikationen-von-freidenkern","tag-wolf-dieter-gudopp"],"jetpack_featured_media_url":"https:\/\/i0.wp.com\/www.freidenker.org\/fw17\/wp-content\/uploads\/2016\/08\/Athen-Blitz.jpg?fit=800%2C445&ssl=1","jetpack_shortlink":"https:\/\/wp.me\/p9stpK-8I","jetpack-related-posts":[{"id":3227,"url":"https:\/\/www.freidenker.org\/?p=3227","url_meta":{"origin":540,"position":0},"title":"Zur Frankfurter Buchmesse","author":"Webredaktion","date":"19. Oktober 2009","format":false,"excerpt":"Hinweis auf neue B\u00fccher von Freidenkern Lorenz Knorr \/ Walter Tschapek: \"KARL MARX IN UNSERER ZEIT\" Wolf-Dieter Gudopp: \"SOLON VON ATHEN UND DIE ENTDECKUNG DES RECHTS\"","rel":"","context":"In &quot;Publikationen von Freidenkern&quot;","block_context":{"text":"Publikationen von Freidenkern","link":"https:\/\/www.freidenker.org\/?cat=7"},"img":{"alt_text":"","src":"https:\/\/i0.wp.com\/www.freidenker.org\/fw17\/wp-content\/uploads\/2009\/10\/buchmesse_knorr_gudopp_800x445.jpg?fit=800%2C445&ssl=1&resize=350%2C200","width":350,"height":200,"srcset":"https:\/\/i0.wp.com\/www.freidenker.org\/fw17\/wp-content\/uploads\/2009\/10\/buchmesse_knorr_gudopp_800x445.jpg?fit=800%2C445&ssl=1&resize=350%2C200 1x, https:\/\/i0.wp.com\/www.freidenker.org\/fw17\/wp-content\/uploads\/2009\/10\/buchmesse_knorr_gudopp_800x445.jpg?fit=800%2C445&ssl=1&resize=525%2C300 1.5x, https:\/\/i0.wp.com\/www.freidenker.org\/fw17\/wp-content\/uploads\/2009\/10\/buchmesse_knorr_gudopp_800x445.jpg?fit=800%2C445&ssl=1&resize=700%2C400 2x"},"classes":[]},{"id":1479,"url":"https:\/\/www.freidenker.org\/?p=1479","url_meta":{"origin":540,"position":1},"title":"Die b\u00f6sen Befreier von Zarismus, Faschismus und Kolonialismus","author":"Webredaktion","date":"1. Dezember 2008","format":false,"excerpt":"Buchver\u00f6ffentlichung im Eigenverlag des Deutschen Freidenker-Verbandes e.V. Materialien der Wissenschaftlichen Konferenz aus Anlass des 90. Jahrestages der Oktoberrevolution 1917 in Russland am 20. Oktober 2007 in Berlin Mit Beitr\u00e4gen von Eberhard Schinck, Klaus Hartmann, Dr. Arnold Sch\u00f6lzel, Prof. Dr. Wolfgang Richter, RA Hans Bauer, Prof. Dr. Erich Hahn, Dr. Wolf-Dieter\u2026","rel":"","context":"In &quot;B\u00fccher des Verbandes&quot;","block_context":{"text":"B\u00fccher des Verbandes","link":"https:\/\/www.freidenker.org\/?cat=5"},"img":{"alt_text":"","src":"https:\/\/i0.wp.com\/www.freidenker.org\/fw17\/wp-content\/uploads\/2017\/12\/FD_Buch_2008_Boese-Befreier.jpg?fit=800%2C445&ssl=1&resize=350%2C200","width":350,"height":200,"srcset":"https:\/\/i0.wp.com\/www.freidenker.org\/fw17\/wp-content\/uploads\/2017\/12\/FD_Buch_2008_Boese-Befreier.jpg?fit=800%2C445&ssl=1&resize=350%2C200 1x, https:\/\/i0.wp.com\/www.freidenker.org\/fw17\/wp-content\/uploads\/2017\/12\/FD_Buch_2008_Boese-Befreier.jpg?fit=800%2C445&ssl=1&resize=525%2C300 1.5x, https:\/\/i0.wp.com\/www.freidenker.org\/fw17\/wp-content\/uploads\/2017\/12\/FD_Buch_2008_Boese-Befreier.jpg?fit=800%2C445&ssl=1&resize=700%2C400 2x"},"classes":[]},{"id":716,"url":"https:\/\/www.freidenker.org\/?p=716","url_meta":{"origin":540,"position":2},"title":"FREIDENKER 2-09 &#8211; Aufkl\u00e4rung &#8211; Aktuelle Aufgaben &#8211; Verbandstag 2009","author":"Webmaster","date":"2. Juli 2009","format":false,"excerpt":"Die Ausgabe 2-09 des Verbandsorgans FREIDENKER hat das Schwerpunkt-Thema \u201eAufkl\u00e4rung - Aktuelle Aufgaben - Verbandstag 2009\u201c und enth\u00e4lt u.a folgende Beitr\u00e4ge: - Horst Schild: Le si\u00e8cle de lumi\u00e8res \u2013 das Zeitalter der Lichter - Wolf-Dieter Gudopp-von Behm: Anst\u00f6\u00dfe zum Thema \u201eAufkl\u00e4rung\u201c - Lorenz Knorr: Ex-Bundespr\u00e4sident Herzogs Beihilfe zur Geschichtsf\u00e4lschung -\u2026","rel":"","context":"In &quot;Verbandsorgan FREIDENKER&quot;","block_context":{"text":"Verbandsorgan FREIDENKER","link":"https:\/\/www.freidenker.org\/?cat=8"},"img":{"alt_text":"","src":"https:\/\/i0.wp.com\/www.freidenker.org\/fw17\/wp-content\/uploads\/2017\/12\/FD_2009-02_Titel_mR.jpg?fit=800%2C445&ssl=1&resize=350%2C200","width":350,"height":200,"srcset":"https:\/\/i0.wp.com\/www.freidenker.org\/fw17\/wp-content\/uploads\/2017\/12\/FD_2009-02_Titel_mR.jpg?fit=800%2C445&ssl=1&resize=350%2C200 1x, https:\/\/i0.wp.com\/www.freidenker.org\/fw17\/wp-content\/uploads\/2017\/12\/FD_2009-02_Titel_mR.jpg?fit=800%2C445&ssl=1&resize=525%2C300 1.5x, https:\/\/i0.wp.com\/www.freidenker.org\/fw17\/wp-content\/uploads\/2017\/12\/FD_2009-02_Titel_mR.jpg?fit=800%2C445&ssl=1&resize=700%2C400 2x"},"classes":[]},{"id":752,"url":"https:\/\/www.freidenker.org\/?p=752","url_meta":{"origin":540,"position":3},"title":"FREIDENKER 4-11 &#8211; &#8222;Antizionismus&#8220; = &#8222;Antisemitismus&#8220;?","author":"Webmaster","date":"16. Dezember 2011","format":false,"excerpt":"Die Ausgabe 4-11 des Verbandsorgans FREIDENKER hat das Schwerpunkt-Thema \u201eAntizionismus = Antisemitismus?\u201c und enth\u00e4lt u.a folgende Beitr\u00e4ge: Susanne Witt-Stahl: \u201eSieg oder Holocaust\u201c - Evelyn Hecht-Galinski: Holocaust-Missbrauch f\u00fcr Kriegsdrohung gegen Iran - Jan Bretschneider: Antizionismus = Antisemitismus? Versuch einer Kl\u00e4rung - Klaus von Raussendorff: Judentum \u2013 Judaismus \u2013 Zionismus \u2013 Israel\u2026","rel":"","context":"In &quot;Verbandsorgan FREIDENKER&quot;","block_context":{"text":"Verbandsorgan FREIDENKER","link":"https:\/\/www.freidenker.org\/?cat=8"},"img":{"alt_text":"","src":"https:\/\/i0.wp.com\/www.freidenker.org\/fw17\/wp-content\/uploads\/2017\/12\/FD_2011-04_Titel_mR.jpg?fit=800%2C445&ssl=1&resize=350%2C200","width":350,"height":200,"srcset":"https:\/\/i0.wp.com\/www.freidenker.org\/fw17\/wp-content\/uploads\/2017\/12\/FD_2011-04_Titel_mR.jpg?fit=800%2C445&ssl=1&resize=350%2C200 1x, https:\/\/i0.wp.com\/www.freidenker.org\/fw17\/wp-content\/uploads\/2017\/12\/FD_2011-04_Titel_mR.jpg?fit=800%2C445&ssl=1&resize=525%2C300 1.5x, https:\/\/i0.wp.com\/www.freidenker.org\/fw17\/wp-content\/uploads\/2017\/12\/FD_2011-04_Titel_mR.jpg?fit=800%2C445&ssl=1&resize=700%2C400 2x"},"classes":[]},{"id":392,"url":"https:\/\/www.freidenker.org\/?p=392","url_meta":{"origin":540,"position":4},"title":"Aristoteles zur Staatsform","author":"Webmaster","date":"17. Juli 2010","format":false,"excerpt":"Beitrag von Wolf-Dieter Gudopp-von Behm aus FREIDENKER 2-10 Wer \u00fcber die Urspr\u00fcnge der Demokratie spricht, kommt auf Griechenland zu sprechen. Dort habe die \u201eWiege der Demokratie\u201c gestanden, und nicht zuletzt komme der Begriff dorther: vom \u201edemos\u201c, dem Volk, und von \u201ekratos\u201c, der Herrschaft. Doch \u00fcber diese zwei kurzen S\u00e4tze gehen\u2026","rel":"","context":"In &quot;Demokratie \u2013 Medien \u2013 Aufkl\u00e4rung&quot;","block_context":{"text":"Demokratie \u2013 Medien \u2013 Aufkl\u00e4rung","link":"https:\/\/www.freidenker.org\/?cat=12"},"img":{"alt_text":"","src":"https:\/\/i0.wp.com\/www.freidenker.org\/fw17\/wp-content\/uploads\/2016\/08\/Aristoteles.jpg?fit=800%2C445&ssl=1&resize=350%2C200","width":350,"height":200,"srcset":"https:\/\/i0.wp.com\/www.freidenker.org\/fw17\/wp-content\/uploads\/2016\/08\/Aristoteles.jpg?fit=800%2C445&ssl=1&resize=350%2C200 1x, https:\/\/i0.wp.com\/www.freidenker.org\/fw17\/wp-content\/uploads\/2016\/08\/Aristoteles.jpg?fit=800%2C445&ssl=1&resize=525%2C300 1.5x, https:\/\/i0.wp.com\/www.freidenker.org\/fw17\/wp-content\/uploads\/2016\/08\/Aristoteles.jpg?fit=800%2C445&ssl=1&resize=700%2C400 2x"},"classes":[]},{"id":21782,"url":"https:\/\/www.freidenker.org\/?p=21782","url_meta":{"origin":540,"position":5},"title":"Gegen die Torheit des Antikommunismus &#8211; Ein Nachruf auf Dieter S\u00fcverkr\u00fcp","author":"Webredaktion","date":"8. Mai 2025","format":false,"excerpt":"Dieter S\u00fcverkr\u00fcp - 30. Mai 1934 - 16. M\u00e4rz 2025 Nachruf von Stefan Siegert Der Liedermacher, Lieders\u00e4nger, Komponist und beste deutsche Jazzgitarrist des Jahres 1957, der Filmproduzent, Drehbuchscheiber, Verlagsgr\u00fcnder und Verlagsautor, der last but not least vom Werbegrafiker und \u201eAtelierleiter\u201c (sechzehn Jahre Art Director) zum mit Stift und Feder zeichnenden,\u2026","rel":"","context":"In &quot;Kultur &amp; Kunst&quot;","block_context":{"text":"Kultur &amp; Kunst","link":"https:\/\/www.freidenker.org\/?cat=913"},"img":{"alt_text":"","src":"https:\/\/i0.wp.com\/www.freidenker.org\/fw17\/wp-content\/uploads\/2025\/05\/Sueverkruep1_800x450.jpg?fit=800%2C450&ssl=1&resize=350%2C200","width":350,"height":200,"srcset":"https:\/\/i0.wp.com\/www.freidenker.org\/fw17\/wp-content\/uploads\/2025\/05\/Sueverkruep1_800x450.jpg?fit=800%2C450&ssl=1&resize=350%2C200 1x, https:\/\/i0.wp.com\/www.freidenker.org\/fw17\/wp-content\/uploads\/2025\/05\/Sueverkruep1_800x450.jpg?fit=800%2C450&ssl=1&resize=525%2C300 1.5x, https:\/\/i0.wp.com\/www.freidenker.org\/fw17\/wp-content\/uploads\/2025\/05\/Sueverkruep1_800x450.jpg?fit=800%2C450&ssl=1&resize=700%2C400 2x"},"classes":[]}],"_links":{"self":[{"href":"https:\/\/www.freidenker.org\/index.php?rest_route=\/wp\/v2\/posts\/540","targetHints":{"allow":["GET"]}}],"collection":[{"href":"https:\/\/www.freidenker.org\/index.php?rest_route=\/wp\/v2\/posts"}],"about":[{"href":"https:\/\/www.freidenker.org\/index.php?rest_route=\/wp\/v2\/types\/post"}],"author":[{"embeddable":true,"href":"https:\/\/www.freidenker.org\/index.php?rest_route=\/wp\/v2\/users\/2"}],"replies":[{"embeddable":true,"href":"https:\/\/www.freidenker.org\/index.php?rest_route=%2Fwp%2Fv2%2Fcomments&post=540"}],"version-history":[{"count":0,"href":"https:\/\/www.freidenker.org\/index.php?rest_route=\/wp\/v2\/posts\/540\/revisions"}],"wp:featuredmedia":[{"embeddable":true,"href":"https:\/\/www.freidenker.org\/index.php?rest_route=\/wp\/v2\/media\/541"}],"wp:attachment":[{"href":"https:\/\/www.freidenker.org\/index.php?rest_route=%2Fwp%2Fv2%2Fmedia&parent=540"}],"wp:term":[{"taxonomy":"category","embeddable":true,"href":"https:\/\/www.freidenker.org\/index.php?rest_route=%2Fwp%2Fv2%2Fcategories&post=540"},{"taxonomy":"post_tag","embeddable":true,"href":"https:\/\/www.freidenker.org\/index.php?rest_route=%2Fwp%2Fv2%2Ftags&post=540"}],"curies":[{"name":"wp","href":"https:\/\/api.w.org\/{rel}","templated":true}]}}