{"id":5381,"date":"2018-09-02T23:45:36","date_gmt":"2018-09-02T21:45:36","guid":{"rendered":"http:\/\/www.freidenker.org\/?p=5381"},"modified":"2023-03-19T18:10:57","modified_gmt":"2023-03-19T17:10:57","slug":"linker-liedersommer-2019","status":"publish","type":"post","link":"https:\/\/www.freidenker.org\/?p=5381","title":{"rendered":"Linker Liedersommer 2019"},"content":{"rendered":"<h4><strong>ACHTES KULTURSEMINAR <\/strong><br \/>\n<strong>NATURFREUNDEHAUS RAHNENHOF (PFALZ)<\/strong><br \/>\n<strong>21.-23. JUNI 2019<\/strong><\/h4>\n<p><img data-recalc-dims=\"1\" loading=\"lazy\" decoding=\"async\" data-attachment-id=\"1076\" data-permalink=\"https:\/\/www.freidenker.org\/?attachment_id=1076\" data-orig-file=\"https:\/\/i0.wp.com\/www.freidenker.org\/fw17\/wp-content\/uploads\/2017\/10\/pdf_icon-2.png?fit=32%2C32&amp;ssl=1\" data-orig-size=\"32,32\" data-comments-opened=\"0\" data-image-meta=\"{&quot;aperture&quot;:&quot;0&quot;,&quot;credit&quot;:&quot;&quot;,&quot;camera&quot;:&quot;&quot;,&quot;caption&quot;:&quot;&quot;,&quot;created_timestamp&quot;:&quot;0&quot;,&quot;copyright&quot;:&quot;&quot;,&quot;focal_length&quot;:&quot;0&quot;,&quot;iso&quot;:&quot;0&quot;,&quot;shutter_speed&quot;:&quot;0&quot;,&quot;title&quot;:&quot;&quot;,&quot;orientation&quot;:&quot;0&quot;}\" data-image-title=\"pdf_icon\" data-image-description=\"\" data-image-caption=\"\" data-large-file=\"https:\/\/i0.wp.com\/www.freidenker.org\/fw17\/wp-content\/uploads\/2017\/10\/pdf_icon-2.png?fit=32%2C32&amp;ssl=1\" class=\"alignnone size-full wp-image-1076\" src=\"https:\/\/i0.wp.com\/www.freidenker.org\/fw17\/wp-content\/uploads\/2017\/10\/pdf_icon-2.png?resize=32%2C32&#038;ssl=1\" alt=\"\" width=\"32\" height=\"32\" \/>\u00a0<a href=\"https:\/\/www.freidenker.org\/fw17\/wp-content\/uploads\/2019\/01\/181218-Flyer-Kulturseminar-2019-Druck.pdf\" target=\"_blank\" rel=\"noopener noreferrer\"><strong>Veranstaltungsflyer mit Programm<\/strong> als PDF-Dokument<\/a> ansehen oder herunterladen (ca. 734 KB)<\/p>\n<p><span style=\"font-size: 14pt;\"><strong>Veranstalter:<\/strong><\/span><\/p>\n<p><img data-recalc-dims=\"1\" loading=\"lazy\" decoding=\"async\" data-attachment-id=\"5384\" data-permalink=\"https:\/\/www.freidenker.org\/?attachment_id=5384\" data-orig-file=\"https:\/\/i0.wp.com\/www.freidenker.org\/fw17\/wp-content\/uploads\/2018\/09\/LL_Logo_Freidenker.jpg?fit=300%2C63&amp;ssl=1\" data-orig-size=\"300,63\" data-comments-opened=\"0\" data-image-meta=\"{&quot;aperture&quot;:&quot;0&quot;,&quot;credit&quot;:&quot;&quot;,&quot;camera&quot;:&quot;&quot;,&quot;caption&quot;:&quot;&quot;,&quot;created_timestamp&quot;:&quot;0&quot;,&quot;copyright&quot;:&quot;&quot;,&quot;focal_length&quot;:&quot;0&quot;,&quot;iso&quot;:&quot;0&quot;,&quot;shutter_speed&quot;:&quot;0&quot;,&quot;title&quot;:&quot;&quot;,&quot;orientation&quot;:&quot;1&quot;}\" data-image-title=\"LL_Logo_Freidenker\" data-image-description=\"\" data-image-caption=\"\" data-large-file=\"https:\/\/i0.wp.com\/www.freidenker.org\/fw17\/wp-content\/uploads\/2018\/09\/LL_Logo_Freidenker.jpg?fit=300%2C63&amp;ssl=1\" class=\"alignnone size-full wp-image-5384\" src=\"https:\/\/i0.wp.com\/www.freidenker.org\/fw17\/wp-content\/uploads\/2018\/09\/LL_Logo_Freidenker.jpg?resize=300%2C63&#038;ssl=1\" alt=\"\" width=\"300\" height=\"63\" \/><\/p>\n<p><strong>Deutscher Freidenker-Verband<\/strong><br \/>\n<strong>Landesverb\u00e4nde RLP\/Saar &amp; Hessen, Niedersachsen, Nordrhein-Westfalen, Baden-W\u00fcrttemberg<\/strong><br \/>\n<a href=\"https:\/\/www.freidenker.org\">www.freidenker.org<\/a><\/p>\n<p><span style=\"font-size: 14pt;\"><strong>In Zusammenarbeit mit:<\/strong><\/span><\/p>\n<p><img data-recalc-dims=\"1\" loading=\"lazy\" decoding=\"async\" data-attachment-id=\"5385\" data-permalink=\"https:\/\/www.freidenker.org\/?attachment_id=5385\" data-orig-file=\"https:\/\/i0.wp.com\/www.freidenker.org\/fw17\/wp-content\/uploads\/2018\/09\/LL_Logo_Jenny-Marx-Ges.jpg?fit=300%2C146&amp;ssl=1\" data-orig-size=\"300,146\" data-comments-opened=\"0\" data-image-meta=\"{&quot;aperture&quot;:&quot;0&quot;,&quot;credit&quot;:&quot;&quot;,&quot;camera&quot;:&quot;&quot;,&quot;caption&quot;:&quot;&quot;,&quot;created_timestamp&quot;:&quot;0&quot;,&quot;copyright&quot;:&quot;&quot;,&quot;focal_length&quot;:&quot;0&quot;,&quot;iso&quot;:&quot;0&quot;,&quot;shutter_speed&quot;:&quot;0&quot;,&quot;title&quot;:&quot;&quot;,&quot;orientation&quot;:&quot;1&quot;}\" data-image-title=\"LL_Logo_Jenny-Marx-Ges\" data-image-description=\"\" data-image-caption=\"\" data-large-file=\"https:\/\/i0.wp.com\/www.freidenker.org\/fw17\/wp-content\/uploads\/2018\/09\/LL_Logo_Jenny-Marx-Ges.jpg?fit=300%2C146&amp;ssl=1\" class=\"alignnone size-full wp-image-5385\" src=\"https:\/\/i0.wp.com\/www.freidenker.org\/fw17\/wp-content\/uploads\/2018\/09\/LL_Logo_Jenny-Marx-Ges.jpg?resize=300%2C146&#038;ssl=1\" alt=\"\" width=\"300\" height=\"146\" \/><\/p>\n<p><strong>Jenny Marx Gesellschaft f\u00fcr politische Bildung e.V.<\/strong><br \/>\n<a href=\"http:\/\/www.jenny-marx-gesellschaft.de\" target=\"_blank\" rel=\"noopener noreferrer\">www.jenny-marx-gesellschaft.de<\/a><\/p>\n<p><img data-recalc-dims=\"1\" loading=\"lazy\" decoding=\"async\" data-attachment-id=\"5386\" data-permalink=\"https:\/\/www.freidenker.org\/?attachment_id=5386\" data-orig-file=\"https:\/\/i0.wp.com\/www.freidenker.org\/fw17\/wp-content\/uploads\/2018\/09\/LL_Logo_Arbeiterfotografie.jpg?fit=300%2C94&amp;ssl=1\" data-orig-size=\"300,94\" data-comments-opened=\"0\" data-image-meta=\"{&quot;aperture&quot;:&quot;0&quot;,&quot;credit&quot;:&quot;&quot;,&quot;camera&quot;:&quot;&quot;,&quot;caption&quot;:&quot;&quot;,&quot;created_timestamp&quot;:&quot;0&quot;,&quot;copyright&quot;:&quot;&quot;,&quot;focal_length&quot;:&quot;0&quot;,&quot;iso&quot;:&quot;0&quot;,&quot;shutter_speed&quot;:&quot;0&quot;,&quot;title&quot;:&quot;&quot;,&quot;orientation&quot;:&quot;1&quot;}\" data-image-title=\"LL_Logo_Arbeiterfotografie\" data-image-description=\"\" data-image-caption=\"\" data-large-file=\"https:\/\/i0.wp.com\/www.freidenker.org\/fw17\/wp-content\/uploads\/2018\/09\/LL_Logo_Arbeiterfotografie.jpg?fit=300%2C94&amp;ssl=1\" class=\"alignnone size-full wp-image-5386\" src=\"https:\/\/i0.wp.com\/www.freidenker.org\/fw17\/wp-content\/uploads\/2018\/09\/LL_Logo_Arbeiterfotografie.jpg?resize=300%2C94&#038;ssl=1\" alt=\"\" width=\"300\" height=\"94\" \/><\/p>\n<p><strong>Arbeiterfotografie<\/strong><br \/>\n<a href=\"http:\/\/www.arbeiterfotografie.com\" target=\"_blank\" rel=\"noopener noreferrer\">www.arbeiterfotografie.com<\/a><\/p>\n<p><img data-recalc-dims=\"1\" loading=\"lazy\" decoding=\"async\" data-attachment-id=\"5387\" data-permalink=\"https:\/\/www.freidenker.org\/?attachment_id=5387\" data-orig-file=\"https:\/\/i0.wp.com\/www.freidenker.org\/fw17\/wp-content\/uploads\/2018\/09\/LL_Logo_nrhz.jpg?fit=300%2C85&amp;ssl=1\" data-orig-size=\"300,85\" data-comments-opened=\"0\" data-image-meta=\"{&quot;aperture&quot;:&quot;0&quot;,&quot;credit&quot;:&quot;&quot;,&quot;camera&quot;:&quot;&quot;,&quot;caption&quot;:&quot;&quot;,&quot;created_timestamp&quot;:&quot;0&quot;,&quot;copyright&quot;:&quot;&quot;,&quot;focal_length&quot;:&quot;0&quot;,&quot;iso&quot;:&quot;0&quot;,&quot;shutter_speed&quot;:&quot;0&quot;,&quot;title&quot;:&quot;&quot;,&quot;orientation&quot;:&quot;1&quot;}\" data-image-title=\"LL_Logo_nrhz\" data-image-description=\"\" data-image-caption=\"\" data-large-file=\"https:\/\/i0.wp.com\/www.freidenker.org\/fw17\/wp-content\/uploads\/2018\/09\/LL_Logo_nrhz.jpg?fit=300%2C85&amp;ssl=1\" class=\"alignnone size-full wp-image-5387\" src=\"https:\/\/i0.wp.com\/www.freidenker.org\/fw17\/wp-content\/uploads\/2018\/09\/LL_Logo_nrhz.jpg?resize=300%2C85&#038;ssl=1\" alt=\"\" width=\"300\" height=\"85\" \/><\/p>\n<p><strong>Neue Rheinische Zeitung<\/strong><br \/>\n<a href=\"http:\/\/www.nrhz.de\" target=\"_blank\" rel=\"noopener noreferrer\">www.nrhz.de<\/a><\/p>\n<h4>Linker Liedersommer<\/h4>\n<p>Auch nach dem Umzug vom Hunsr\u00fcck in die Pfalz kn\u00fcpfen wir mit dem Linken Liedersommer an die Liedermacher-Tradition der APO-Zeiten auf Burg Waldeck an.<\/p>\n<p>Wir laden ein zu Musik und gemeinsamem Singen am abendlichen Lagerfeuer, zur Debatte \u00fcber Kunst und Gesellschaft in Arbeitsgruppen, zum Abendprogramm aller Mitwirkenden auf der Freilicht-B\u00fchne unter Beteiligung m\u00f6glichst vieler Teilnehmer sowie zu einer besonderen Kultur-Matin\u00e9e am Sonntag.<\/p>\n<p>Herzlich eingeladen sind K\u00fcnstler, Musikgruppen, S\u00e4nger und Leute, die sich im Seminar oder am Lagerfeuer mit Gleichgesinnten austauschen m\u00f6chten.<\/p>\n<p>Das Naturfreundehaus Rahnenhof ist besser mit \u00f6ffentlichem Nahverkehr zu erreichen, bietet \u00dcbernachtungsm\u00f6glichkeiten f\u00fcr alle am Ort der Veranstaltung mit Hotelstandard sowie eine eigene<br \/>\nGastronomie.<\/p>\n<p><strong>VERANSTALTUNGSORT<\/strong><br \/>\nNaturfreundehaus Rahnenhof<br \/>\nHintergasse 9<br \/>\n67316 Carlsberg-Hertlingshausen \/Pfalz<br \/>\n<a href=\"mailto:kontakt@naturfreundehaus-rahnenhof.de\">kontakt@naturfreundehaus-rahnenhof.de<\/a><br \/>\n<a href=\"http:\/\/www.naturfreundehaus-rahnenhof.de\" target=\"_blank\" rel=\"noopener noreferrer\">www.naturfreundehaus-rahnenhof.de<\/a><\/p>\n<p>Bahn \u00fcber Mannheim nach Gr\u00fcnstadt, Bus nach Hertlingshausen<\/p>\n<p><strong>Teilnahmekosten<\/strong><br \/>\nTeilnahme komplett: 25,00 \u20ac \/ erm\u00e4\u00dfigt: 12,00 \u20ac<br \/>\nTageskarte 15,00 \u20ac \/ erm\u00e4\u00dfigt 7,50 \u20ac<\/p>\n<p><strong>\u00dcbernachtung + Verpflegung<\/strong><br \/>\n\u00dcbernachtung im Doppelzimmer oder Einzelzimmer, jeweils mit Dusche und WC, 2x Fr\u00fchst\u00fcck, ein Mittagessen, ein Abendessen<br \/>\nPro Person 99,00 \u20ac<br \/>\nErm\u00e4\u00dfigung f\u00fcr Kinder und Mitglieder der Naturfreunde<\/p>\n<p>Zeltplatz \/ Wohnmobil p. P. und Nacht 7,50 \u20ac<\/p>\n<p><strong>Anmeldungen und Informationen<\/strong><br \/>\nMonique Broquard, Am Friedhof 10, 66280 Sulzbach<br \/>\nTel.: 06897-24 46, Mobil 0152-53 19 09 92<br \/>\nE-Mail: <strong><a href=\"mailto:linker-liedersommer@freidenker.org\">linker-liedersommer@freidenker.org<\/a><\/strong><\/p>\n<p>Weitere Informationen \u00fcber Workshops und Programm in K\u00fcrze<br \/>\n<a href=\"http:\/\/www.linker-liedersommer.de\" target=\"_blank\" rel=\"noopener noreferrer\">www.linker-liedersommer.de<\/a><\/p>\n<h4><img data-recalc-dims=\"1\" loading=\"lazy\" decoding=\"async\" data-attachment-id=\"5388\" data-permalink=\"https:\/\/www.freidenker.org\/?attachment_id=5388\" data-orig-file=\"https:\/\/i0.wp.com\/www.freidenker.org\/fw17\/wp-content\/uploads\/2018\/09\/Linker_Liedersommer_2019_s1.jpg?fit=644%2C1264&amp;ssl=1\" data-orig-size=\"644,1264\" data-comments-opened=\"0\" data-image-meta=\"{&quot;aperture&quot;:&quot;0&quot;,&quot;credit&quot;:&quot;&quot;,&quot;camera&quot;:&quot;&quot;,&quot;caption&quot;:&quot;&quot;,&quot;created_timestamp&quot;:&quot;0&quot;,&quot;copyright&quot;:&quot;&quot;,&quot;focal_length&quot;:&quot;0&quot;,&quot;iso&quot;:&quot;0&quot;,&quot;shutter_speed&quot;:&quot;0&quot;,&quot;title&quot;:&quot;&quot;,&quot;orientation&quot;:&quot;0&quot;}\" data-image-title=\"Linker_Liedersommer_2019_s1\" data-image-description=\"\" data-image-caption=\"\" data-large-file=\"https:\/\/i0.wp.com\/www.freidenker.org\/fw17\/wp-content\/uploads\/2018\/09\/Linker_Liedersommer_2019_s1.jpg?fit=522%2C1024&amp;ssl=1\" class=\"alignnone size-large wp-image-5388\" src=\"https:\/\/i0.wp.com\/www.freidenker.org\/fw17\/wp-content\/uploads\/2018\/09\/Linker_Liedersommer_2019_s1.jpg?resize=522%2C1024&#038;ssl=1\" alt=\"\" width=\"522\" height=\"1024\" srcset=\"https:\/\/i0.wp.com\/www.freidenker.org\/fw17\/wp-content\/uploads\/2018\/09\/Linker_Liedersommer_2019_s1.jpg?resize=522%2C1024&amp;ssl=1 522w, https:\/\/i0.wp.com\/www.freidenker.org\/fw17\/wp-content\/uploads\/2018\/09\/Linker_Liedersommer_2019_s1.jpg?resize=153%2C300&amp;ssl=1 153w, https:\/\/i0.wp.com\/www.freidenker.org\/fw17\/wp-content\/uploads\/2018\/09\/Linker_Liedersommer_2019_s1.jpg?w=644&amp;ssl=1 644w\" sizes=\"auto, (max-width: 522px) 100vw, 522px\" \/><\/h4>\n<hr \/>\n<p><img data-recalc-dims=\"1\" loading=\"lazy\" decoding=\"async\" data-attachment-id=\"1076\" data-permalink=\"https:\/\/www.freidenker.org\/?attachment_id=1076\" data-orig-file=\"https:\/\/i0.wp.com\/www.freidenker.org\/fw17\/wp-content\/uploads\/2017\/10\/pdf_icon-2.png?fit=32%2C32&amp;ssl=1\" data-orig-size=\"32,32\" data-comments-opened=\"0\" data-image-meta=\"{&quot;aperture&quot;:&quot;0&quot;,&quot;credit&quot;:&quot;&quot;,&quot;camera&quot;:&quot;&quot;,&quot;caption&quot;:&quot;&quot;,&quot;created_timestamp&quot;:&quot;0&quot;,&quot;copyright&quot;:&quot;&quot;,&quot;focal_length&quot;:&quot;0&quot;,&quot;iso&quot;:&quot;0&quot;,&quot;shutter_speed&quot;:&quot;0&quot;,&quot;title&quot;:&quot;&quot;,&quot;orientation&quot;:&quot;0&quot;}\" data-image-title=\"pdf_icon\" data-image-description=\"\" data-image-caption=\"\" data-large-file=\"https:\/\/i0.wp.com\/www.freidenker.org\/fw17\/wp-content\/uploads\/2017\/10\/pdf_icon-2.png?fit=32%2C32&amp;ssl=1\" class=\"alignnone size-full wp-image-1076\" src=\"https:\/\/i0.wp.com\/www.freidenker.org\/fw17\/wp-content\/uploads\/2017\/10\/pdf_icon-2.png?resize=32%2C32&#038;ssl=1\" alt=\"\" width=\"32\" height=\"32\" \/>\u00a0<a href=\"https:\/\/www.freidenker.org\/fw17\/wp-content\/uploads\/2019\/01\/181218-Flyer-Kulturseminar-2019-Druck.pdf\" target=\"_blank\" rel=\"noopener noreferrer\"><strong>Veranstaltungsflyer mit Programm<\/strong> als PDF-Dokument<\/a> ansehen oder herunterladen (ca. 734 KB)<\/p>\n<hr \/>\n<p>.<\/p>\n","protected":false},"excerpt":{"rendered":"<p><strong>Veranstaltung: Achtes Kulturseminar \/ Linker Liedersommer vom 21.-23. Juni 2019.<\/strong> Auch nach dem Umzug vom Hunsr\u00fcck in die Pfalz kn\u00fcpfen wir mit dem Linken Liedersommer an die Liedermacher-Tradition der APO-Zeiten auf Burg Waldeck an. Wir laden ein zu Musik und gemeinsamem Singen am abendlichen Lagerfeuer, zur Debatte \u00fcber Kunst und Gesellschaft in Arbeitsgruppen, zum Abendprogramm aller Mitwirkenden auf der Freilicht-B\u00fchne unter Beteiligung m\u00f6glichst vieler Teilnehmer sowie zu einer besonderen Kultur-Matin\u00e9e am Sonntag. <\/p>\n","protected":false},"author":3,"featured_media":5389,"comment_status":"closed","ping_status":"closed","sticky":false,"template":"","format":"standard","meta":{"colormag_page_container_layout":"default_layout","colormag_page_sidebar_layout":"default_layout","advanced_seo_description":"","jetpack_seo_html_title":"","jetpack_seo_noindex":false,"jetpack_post_was_ever_published":false,"footnotes":""},"categories":[913,20],"tags":[735,1742,669,1164,1073],"class_list":["post-5381","post","type-post","status-publish","format-standard","has-post-thumbnail","hentry","category-kultur-kunst","category-zentrale-veranstaltungen","tag-kulturseminar","tag-liedersommer","tag-linker-liedersommer","tag-linker-liedersommer-2019","tag-rahnenhof"],"jetpack_featured_media_url":"https:\/\/i0.wp.com\/www.freidenker.org\/fw17\/wp-content\/uploads\/2018\/09\/Linker_Liedersommer_2019_800x445.jpg?fit=800%2C445&ssl=1","jetpack_shortlink":"https:\/\/wp.me\/p9stpK-1oN","jetpack-related-posts":[{"id":6659,"url":"https:\/\/www.freidenker.org\/?p=6659","url_meta":{"origin":5381,"position":0},"title":"Galerie: Linker Liedersommer 2019","author":"Webredaktion","date":"6. Juli 2019","format":false,"excerpt":"Vom 21. bis 23. Juni 2019 fand im Naturfreundehaus Rahnenhof bei Hertlingshausen in der Pfalz das 8. Kulturseminar (\u201eLinker Liedersommer\u201c) des Deutschen Freidenker-Verbandes statt. Zahlreiche K\u00fcnstler wie Daniel Osorio, Eva Heinzmann, Sonja Gottlieb, Reinhard Frankel, Guy Dawson, Ernst \u201eErnesto\u201c Schwarz, Philipp Hoffmann, Bernd K\u00f6hler, Hartmut K\u00f6nig sowie Diether Dehm &\u2026","rel":"","context":"In &quot;Kultur &amp; Kunst&quot;","block_context":{"text":"Kultur &amp; Kunst","link":"https:\/\/www.freidenker.org\/?cat=913"},"img":{"alt_text":"","src":"https:\/\/i0.wp.com\/www.freidenker.org\/fw17\/wp-content\/uploads\/2019\/07\/Liedersommer_2019.jpg?fit=800%2C445&ssl=1&resize=350%2C200","width":350,"height":200,"srcset":"https:\/\/i0.wp.com\/www.freidenker.org\/fw17\/wp-content\/uploads\/2019\/07\/Liedersommer_2019.jpg?fit=800%2C445&ssl=1&resize=350%2C200 1x, https:\/\/i0.wp.com\/www.freidenker.org\/fw17\/wp-content\/uploads\/2019\/07\/Liedersommer_2019.jpg?fit=800%2C445&ssl=1&resize=525%2C300 1.5x, https:\/\/i0.wp.com\/www.freidenker.org\/fw17\/wp-content\/uploads\/2019\/07\/Liedersommer_2019.jpg?fit=800%2C445&ssl=1&resize=700%2C400 2x"},"classes":[]},{"id":12437,"url":"https:\/\/www.freidenker.org\/?p=12437","url_meta":{"origin":5381,"position":1},"title":"Linker Liedersommer 2022","author":"Webredaktion","date":"12. M\u00e4rz 2022","format":false,"excerpt":"Veranstaltungshinweis - Neuntes Kulturseminar - Naturfreundehaus Rahnenhof (Pfalz) - 10.-12. Juni 2022 Auch nach dem Umzug vom Hunsr\u00fcck in die Pfalz kn\u00fcpfen wir mit dem Linken Liedersommer an die Liedermacher-Tradition der APO-Zeiten auf Burg Waldeck an. Wir laden ein zu Musik und gemeinsamem Singen am abendlichen Lagerfeuer, zur Debatte \u00fcber\u2026","rel":"","context":"In &quot;Kultur &amp; Kunst&quot;","block_context":{"text":"Kultur &amp; Kunst","link":"https:\/\/www.freidenker.org\/?cat=913"},"img":{"alt_text":"","src":"https:\/\/i0.wp.com\/www.freidenker.org\/fw17\/wp-content\/uploads\/2022\/03\/Liedersommer_2022_800x450_oO.jpg?fit=800%2C450&ssl=1&resize=350%2C200","width":350,"height":200,"srcset":"https:\/\/i0.wp.com\/www.freidenker.org\/fw17\/wp-content\/uploads\/2022\/03\/Liedersommer_2022_800x450_oO.jpg?fit=800%2C450&ssl=1&resize=350%2C200 1x, https:\/\/i0.wp.com\/www.freidenker.org\/fw17\/wp-content\/uploads\/2022\/03\/Liedersommer_2022_800x450_oO.jpg?fit=800%2C450&ssl=1&resize=525%2C300 1.5x, https:\/\/i0.wp.com\/www.freidenker.org\/fw17\/wp-content\/uploads\/2022\/03\/Liedersommer_2022_800x450_oO.jpg?fit=800%2C450&ssl=1&resize=700%2C400 2x"},"classes":[]},{"id":6315,"url":"https:\/\/www.freidenker.org\/?p=6315","url_meta":{"origin":5381,"position":2},"title":"Lieder gegen Ausbeutung und Krieg","author":"Webredaktion","date":"8. Mai 2019","format":false,"excerpt":"Pressemitteilung zum 8. Kulturseminar und Linken Liedersommer 2019 Zu seinem 8. Kulturseminar l\u00e4dt der Deutsche Freidenker-Verband erstmals an einen anderen Ort als der traditionellen Burg Waldeck ein, n\u00e4mlich ins Naturfreundehaus Rahnenhof bei Hertlingshausen in der Pfalz, vom 21. bis 23. Juni 2019. ... Der \u201eLinke Liedersommer\u201c hat traditionell das Verh\u00e4ltnis\u2026","rel":"","context":"In &quot;Kultur &amp; Kunst&quot;","block_context":{"text":"Kultur &amp; Kunst","link":"https:\/\/www.freidenker.org\/?cat=913"},"img":{"alt_text":"","src":"https:\/\/i0.wp.com\/www.freidenker.org\/fw17\/wp-content\/uploads\/2019\/05\/liliso_2013_800x445_v2.jpg?fit=800%2C447&ssl=1&resize=350%2C200","width":350,"height":200,"srcset":"https:\/\/i0.wp.com\/www.freidenker.org\/fw17\/wp-content\/uploads\/2019\/05\/liliso_2013_800x445_v2.jpg?fit=800%2C447&ssl=1&resize=350%2C200 1x, https:\/\/i0.wp.com\/www.freidenker.org\/fw17\/wp-content\/uploads\/2019\/05\/liliso_2013_800x445_v2.jpg?fit=800%2C447&ssl=1&resize=525%2C300 1.5x, https:\/\/i0.wp.com\/www.freidenker.org\/fw17\/wp-content\/uploads\/2019\/05\/liliso_2013_800x445_v2.jpg?fit=800%2C447&ssl=1&resize=700%2C400 2x"},"classes":[]},{"id":6596,"url":"https:\/\/www.freidenker.org\/?p=6596","url_meta":{"origin":5381,"position":3},"title":"Videos: Linker Liedersommer 2019","author":"Webredaktion","date":"6. Juli 2019","format":false,"excerpt":"Vom 21. bis 23. Juni 2019 fand im Naturfreundehaus Rahnenhof bei Hertlingshausen in der Pfalz das 8. Kulturseminar (\"Linker Liedersommer\") des Deutschen Freidenker-Verbandes statt. Die folgenden Videos des YouTube-Kanals von Newscan vermitteln einige Eindr\u00fccke von dieser Veranstaltung. Zu sehen u.a. Ausschnitte aus: - Liederabend am Lagerfeuer - Programme von Dieter\u2026","rel":"","context":"In &quot;Kultur &amp; Kunst&quot;","block_context":{"text":"Kultur &amp; Kunst","link":"https:\/\/www.freidenker.org\/?cat=913"},"img":{"alt_text":"","src":"https:\/\/i0.wp.com\/www.freidenker.org\/fw17\/wp-content\/uploads\/2019\/07\/Liedersommer.jpg?fit=800%2C445&ssl=1&resize=350%2C200","width":350,"height":200,"srcset":"https:\/\/i0.wp.com\/www.freidenker.org\/fw17\/wp-content\/uploads\/2019\/07\/Liedersommer.jpg?fit=800%2C445&ssl=1&resize=350%2C200 1x, https:\/\/i0.wp.com\/www.freidenker.org\/fw17\/wp-content\/uploads\/2019\/07\/Liedersommer.jpg?fit=800%2C445&ssl=1&resize=525%2C300 1.5x, https:\/\/i0.wp.com\/www.freidenker.org\/fw17\/wp-content\/uploads\/2019\/07\/Liedersommer.jpg?fit=800%2C445&ssl=1&resize=700%2C400 2x"},"classes":[]},{"id":3073,"url":"https:\/\/www.freidenker.org\/?p=3073","url_meta":{"origin":5381,"position":4},"title":"Linker Liedersommer auf Burg Waldeck \/ Hunsr\u00fcck &#8211; 2017","author":"Webredaktion","date":"2. April 2017","format":false,"excerpt":"Veranstaltungshinweis Siebtes Kulturseminar auf Burg Waldeck\/Hunsr\u00fcck. 23.-25. Juni 2017. Linker Liedersommer - F\u00fcr eine solidarische Welt - Gegen Ausbeutung und Krieg Veranstalter: - Deutscher Freidenker-Verband, Landesverb\u00e4nde Rheinland-Pfalz\/Saar & Hessen, Niedersachsen, Nordrhein-Westfalen, Baden W\u00fcrtemberg - Arbeiterfotografie - Jenny-Marx-Gesellschaft","rel":"","context":"In &quot;Kultur &amp; Kunst&quot;","block_context":{"text":"Kultur &amp; Kunst","link":"https:\/\/www.freidenker.org\/?cat=913"},"img":{"alt_text":"","src":"https:\/\/i0.wp.com\/www.freidenker.org\/fw17\/wp-content\/uploads\/2017\/04\/Liedersommer2015_06-2015-06-20-af-0037.jpg?fit=800%2C445&ssl=1&resize=350%2C200","width":350,"height":200,"srcset":"https:\/\/i0.wp.com\/www.freidenker.org\/fw17\/wp-content\/uploads\/2017\/04\/Liedersommer2015_06-2015-06-20-af-0037.jpg?fit=800%2C445&ssl=1&resize=350%2C200 1x, https:\/\/i0.wp.com\/www.freidenker.org\/fw17\/wp-content\/uploads\/2017\/04\/Liedersommer2015_06-2015-06-20-af-0037.jpg?fit=800%2C445&ssl=1&resize=525%2C300 1.5x, https:\/\/i0.wp.com\/www.freidenker.org\/fw17\/wp-content\/uploads\/2017\/04\/Liedersommer2015_06-2015-06-20-af-0037.jpg?fit=800%2C445&ssl=1&resize=700%2C400 2x"},"classes":[]},{"id":3079,"url":"https:\/\/www.freidenker.org\/?p=3079","url_meta":{"origin":5381,"position":5},"title":"21. bis 23.6. 2013 &#8211; Linker Liedersommer auf Burg Waldeck \/ Hunsr\u00fcck","author":"Webredaktion","date":"1. M\u00e4rz 2013","format":false,"excerpt":"Die Landesverb\u00e4nde Hessen und Rheinland-Pfalz \/ Saarland des Deutschen Freidenker-Verbandes e.V. laden vom 21. bis 23.6.2013 zum Linken Liedersommer f\u00fcr eine solidarische Welt gegen Ausbeutung und Krieg - F\u00fcnftes Kulturseminar auf Burg Waldeck \/ Hunsr\u00fcck ein. Mitwirkende: Gina Pietsch, Bernd Barbe, Jonas Engelmann, Stephan Hoffmann, Dr. Seltsam, Uli Holzhausen &\u2026","rel":"","context":"In &quot;Kultur &amp; Kunst&quot;","block_context":{"text":"Kultur &amp; Kunst","link":"https:\/\/www.freidenker.org\/?cat=913"},"img":{"alt_text":"","src":"https:\/\/i0.wp.com\/www.freidenker.org\/fw17\/wp-content\/uploads\/2013\/03\/p1140454_kai_degenhardt_800x445.jpg?fit=800%2C445&ssl=1&resize=350%2C200","width":350,"height":200,"srcset":"https:\/\/i0.wp.com\/www.freidenker.org\/fw17\/wp-content\/uploads\/2013\/03\/p1140454_kai_degenhardt_800x445.jpg?fit=800%2C445&ssl=1&resize=350%2C200 1x, https:\/\/i0.wp.com\/www.freidenker.org\/fw17\/wp-content\/uploads\/2013\/03\/p1140454_kai_degenhardt_800x445.jpg?fit=800%2C445&ssl=1&resize=525%2C300 1.5x, https:\/\/i0.wp.com\/www.freidenker.org\/fw17\/wp-content\/uploads\/2013\/03\/p1140454_kai_degenhardt_800x445.jpg?fit=800%2C445&ssl=1&resize=700%2C400 2x"},"classes":[]}],"_links":{"self":[{"href":"https:\/\/www.freidenker.org\/index.php?rest_route=\/wp\/v2\/posts\/5381","targetHints":{"allow":["GET"]}}],"collection":[{"href":"https:\/\/www.freidenker.org\/index.php?rest_route=\/wp\/v2\/posts"}],"about":[{"href":"https:\/\/www.freidenker.org\/index.php?rest_route=\/wp\/v2\/types\/post"}],"author":[{"embeddable":true,"href":"https:\/\/www.freidenker.org\/index.php?rest_route=\/wp\/v2\/users\/3"}],"replies":[{"embeddable":true,"href":"https:\/\/www.freidenker.org\/index.php?rest_route=%2Fwp%2Fv2%2Fcomments&post=5381"}],"version-history":[{"count":0,"href":"https:\/\/www.freidenker.org\/index.php?rest_route=\/wp\/v2\/posts\/5381\/revisions"}],"wp:featuredmedia":[{"embeddable":true,"href":"https:\/\/www.freidenker.org\/index.php?rest_route=\/wp\/v2\/media\/5389"}],"wp:attachment":[{"href":"https:\/\/www.freidenker.org\/index.php?rest_route=%2Fwp%2Fv2%2Fmedia&parent=5381"}],"wp:term":[{"taxonomy":"category","embeddable":true,"href":"https:\/\/www.freidenker.org\/index.php?rest_route=%2Fwp%2Fv2%2Fcategories&post=5381"},{"taxonomy":"post_tag","embeddable":true,"href":"https:\/\/www.freidenker.org\/index.php?rest_route=%2Fwp%2Fv2%2Ftags&post=5381"}],"curies":[{"name":"wp","href":"https:\/\/api.w.org\/{rel}","templated":true}]}}