{"id":5378,"date":"2018-09-01T08:09:28","date_gmt":"2018-09-01T06:09:28","guid":{"rendered":"http:\/\/www.freidenker.org\/?p=5378"},"modified":"2018-10-23T00:41:12","modified_gmt":"2018-10-22T22:41:12","slug":"wir-trauern-um-alexander-sachartschenko","status":"publish","type":"post","link":"https:\/\/www.freidenker.org\/?p=5378","title":{"rendered":"Wir trauern um Alexander Sachartschenko"},"content":{"rendered":"<div style=\"border: 3pt solid; padding: 20pt;\">\n<p>Wir trauern mit den Menschen in der Volksrepublik Donezk um<\/p>\n<p style=\"text-align: center;\"><span style=\"font-size: 18pt;\"><strong>Ministerpr\u00e4sident Alexander Sachartschenko<\/strong><\/span><\/p>\n<p>Alexander Sachartschenko wurde am 31.08.2018 Opfer eines terroristischen Attentats im Stadtzentrum von Donezk. Er war F\u00fchrer des antifaschistischen Widerstands im Donbass gegen die Kiewer Junta, die in einem Staatsstreich 2014 mit westlicher Unterst\u00fctzung in der Ukraine die Macht ergriff. Er organisierte die Verteidigung gegen die faschistischen Bataillone, die ihren m\u00f6rderischen Terror gegen die verfassungstreue Bev\u00f6lkerung in der Ostukraine richteten und Tausende ermordet und in die Flucht getrieben haben.<\/p>\n<p>Wir ehren sein Andenken und versichern der Bev\u00f6lkerung des Donbass und allen ukrainischen Patrioten unserer internationalistischen Solidarit\u00e4t.<\/p>\n<p style=\"text-align: center;\">Klaus Hartmann<br \/>\nBundesvorsitzender des Deutschen Freidenker-Verbandes<\/p>\n<\/div>\n<p><span style=\"font-size: 10pt;\">Foto: \u00a9 Sputnik \/ Alexei Kudenko<\/span><\/p>\n","protected":false},"excerpt":{"rendered":"<p>Alexander Sachartschenko wurde am 31.08.2018 Opfer eines terroristischen Attentats im Stadtzentrum von Donezk. Er war F\u00fchrer des antifaschistischen Widerstands im Donbass gegen die Kiewer Junta, die in einem Staatsstreich 2014 mit westlicher Unterst\u00fctzung in der Ukraine die Macht ergriff. Er organisierte die Verteidigung gegen die faschistischen Bataillone, die ihren m\u00f6rderischen Terror gegen die verfassungstreue Bev\u00f6lkerung in der Ostukraine richteten und Tausende ermordet und in die Flucht getrieben haben.<\/p>\n","protected":false},"author":3,"featured_media":5379,"comment_status":"closed","ping_status":"closed","sticky":false,"template":"","format":"standard","meta":{"colormag_page_container_layout":"default_layout","colormag_page_sidebar_layout":"default_layout","advanced_seo_description":"","jetpack_seo_html_title":"","jetpack_seo_noindex":false,"jetpack_post_was_ever_published":false,"footnotes":""},"categories":[13,17],"tags":[1072,700,25],"class_list":["post-5378","post","type-post","status-publish","format-standard","has-post-thumbnail","hentry","category-frieden-antifaschismus-solidaritaet","category-weltliche-trauerkultur","tag-donezk","tag-nachruf","tag-trauer"],"jetpack_featured_media_url":"https:\/\/i0.wp.com\/www.freidenker.org\/fw17\/wp-content\/uploads\/2018\/09\/Sachartschenko_800x445.jpg?fit=800%2C445&ssl=1","jetpack_shortlink":"https:\/\/wp.me\/p9stpK-1oK","jetpack-related-posts":[{"id":22824,"url":"https:\/\/www.freidenker.org\/?p=22824","url_meta":{"origin":5378,"position":0},"title":"Lebe nach unseren Gesetzen","author":"Webredaktion","date":"12. September 2025","format":false,"excerpt":"Sachartschenko und der Krieg der Identit\u00e4t Ein Essay von Sabiene Jahn Am 31. August 2018 starb Alexander Sachartschenko, Pr\u00e4sident der Volksrepublik Donezk, bei einem Bombenattentat im Caf\u00e9 \u201eSepar\u201c. Sieben Jahre sp\u00e4ter bleibt die Frage, warum ein Bergmannssohn aus dem Donbass zu einer Symbolfigur wurde, deren Botschaft im Westen kaum verstanden\u2026","rel":"","context":"In &quot;Frieden - Antifaschismus - Solidarit\u00e4t&quot;","block_context":{"text":"Frieden - Antifaschismus - Solidarit\u00e4t","link":"https:\/\/www.freidenker.org\/?cat=13"},"img":{"alt_text":"","src":"https:\/\/i0.wp.com\/www.freidenker.org\/fw17\/wp-content\/uploads\/2025\/09\/Sabiene-Jahn-mit-Alexander-Sachartschenko_800x450.jpg?fit=800%2C450&ssl=1&resize=350%2C200","width":350,"height":200,"srcset":"https:\/\/i0.wp.com\/www.freidenker.org\/fw17\/wp-content\/uploads\/2025\/09\/Sabiene-Jahn-mit-Alexander-Sachartschenko_800x450.jpg?fit=800%2C450&ssl=1&resize=350%2C200 1x, https:\/\/i0.wp.com\/www.freidenker.org\/fw17\/wp-content\/uploads\/2025\/09\/Sabiene-Jahn-mit-Alexander-Sachartschenko_800x450.jpg?fit=800%2C450&ssl=1&resize=525%2C300 1.5x, https:\/\/i0.wp.com\/www.freidenker.org\/fw17\/wp-content\/uploads\/2025\/09\/Sabiene-Jahn-mit-Alexander-Sachartschenko_800x450.jpg?fit=800%2C450&ssl=1&resize=700%2C400 2x"},"classes":[]},{"id":22616,"url":"https:\/\/www.freidenker.org\/?p=22616","url_meta":{"origin":5378,"position":1},"title":"Mein Kampf \u2013 oh pardon, \u201aMein Krieg\u2018","author":"Webredaktion","date":"19. August 2025","format":false,"excerpt":"Ein Essay von Sabiene Jahn Titel, Trigger und die Kunst der Nadelstiche Wenn ein ehemaliger Oberbefehlshaber, der heute als Botschafter in London residiert, ein Buch mit dem Titel \u201eMein Krieg\u201c ver\u00f6ffentlicht, ist das in einer Welt voller historischer Assoziationen alles \u2013 nur nicht harmlos. Walerii Saluschnyj hat sein Werk im\u2026","rel":"","context":"In &quot;Geschichte&quot;","block_context":{"text":"Geschichte","link":"https:\/\/www.freidenker.org\/?cat=1162"},"img":{"alt_text":"","src":"https:\/\/i0.wp.com\/www.freidenker.org\/fw17\/wp-content\/uploads\/2025\/08\/Saluschnyj-KI.png_800x450.jpg?fit=800%2C450&ssl=1&resize=350%2C200","width":350,"height":200,"srcset":"https:\/\/i0.wp.com\/www.freidenker.org\/fw17\/wp-content\/uploads\/2025\/08\/Saluschnyj-KI.png_800x450.jpg?fit=800%2C450&ssl=1&resize=350%2C200 1x, https:\/\/i0.wp.com\/www.freidenker.org\/fw17\/wp-content\/uploads\/2025\/08\/Saluschnyj-KI.png_800x450.jpg?fit=800%2C450&ssl=1&resize=525%2C300 1.5x, https:\/\/i0.wp.com\/www.freidenker.org\/fw17\/wp-content\/uploads\/2025\/08\/Saluschnyj-KI.png_800x450.jpg?fit=800%2C450&ssl=1&resize=700%2C400 2x"},"classes":[]},{"id":12367,"url":"https:\/\/www.freidenker.org\/?p=12367","url_meta":{"origin":5378,"position":2},"title":"Erkl\u00e4rung der GRH","author":"Webredaktion","date":"4. M\u00e4rz 2022","format":false,"excerpt":"Erkl\u00e4rung der GRH - Gesellschaft zur Rechtlichen und Humanit\u00e4ren Unterst\u00fctzung e.V. Seit dem 24.2. 2022 herrscht in der Ukraine Krieg. Der russische Pr\u00e4sident Putin hatte den Befehl zu einer Milit\u00e4roperation gegeben. Unmittelbarer Anlass f\u00fcr diese Entscheidung war eine Zuspitzung der Situation um die beiden Republiken des Donbass Donezk und Lugansk.\u2026","rel":"","context":"In &quot;Frieden - Antifaschismus - Solidarit\u00e4t&quot;","block_context":{"text":"Frieden - Antifaschismus - Solidarit\u00e4t","link":"https:\/\/www.freidenker.org\/?cat=13"},"img":{"alt_text":"","src":"https:\/\/i0.wp.com\/www.freidenker.org\/fw17\/wp-content\/uploads\/2022\/03\/grh-erklaerung_800x450.jpg?fit=800%2C450&ssl=1&resize=350%2C200","width":350,"height":200,"srcset":"https:\/\/i0.wp.com\/www.freidenker.org\/fw17\/wp-content\/uploads\/2022\/03\/grh-erklaerung_800x450.jpg?fit=800%2C450&ssl=1&resize=350%2C200 1x, https:\/\/i0.wp.com\/www.freidenker.org\/fw17\/wp-content\/uploads\/2022\/03\/grh-erklaerung_800x450.jpg?fit=800%2C450&ssl=1&resize=525%2C300 1.5x, https:\/\/i0.wp.com\/www.freidenker.org\/fw17\/wp-content\/uploads\/2022\/03\/grh-erklaerung_800x450.jpg?fit=800%2C450&ssl=1&resize=700%2C400 2x"},"classes":[]},{"id":12311,"url":"https:\/\/www.freidenker.org\/?p=12311","url_meta":{"origin":5378,"position":3},"title":"WOLLT IHR DEN TOTALEN KRIEG ?!","author":"Webredaktion","date":"23. Februar 2022","format":false,"excerpt":"Ein Kommentar von Wolfgang Bittner Zum dritten Mal geht es gegen den Erzfeind im Osten. Seit Jahren wird nun schon gegen Russland gehetzt, die Fakten werden umgelogen, es wird gedroht, sanktioniert und diffamiert. Die westliche Allianz unter F\u00fchrung der USA hat Russland in der Person Wladimir Putins jahrelang abgewiesen und\u2026","rel":"","context":"In &quot;Frieden - Antifaschismus - Solidarit\u00e4t&quot;","block_context":{"text":"Frieden - Antifaschismus - Solidarit\u00e4t","link":"https:\/\/www.freidenker.org\/?cat=13"},"img":{"alt_text":"","src":"https:\/\/i0.wp.com\/www.freidenker.org\/fw17\/wp-content\/uploads\/2022\/02\/Ruins_of_Donetsk_International_airport_800x450.jpg?fit=800%2C450&ssl=1&resize=350%2C200","width":350,"height":200,"srcset":"https:\/\/i0.wp.com\/www.freidenker.org\/fw17\/wp-content\/uploads\/2022\/02\/Ruins_of_Donetsk_International_airport_800x450.jpg?fit=800%2C450&ssl=1&resize=350%2C200 1x, https:\/\/i0.wp.com\/www.freidenker.org\/fw17\/wp-content\/uploads\/2022\/02\/Ruins_of_Donetsk_International_airport_800x450.jpg?fit=800%2C450&ssl=1&resize=525%2C300 1.5x, https:\/\/i0.wp.com\/www.freidenker.org\/fw17\/wp-content\/uploads\/2022\/02\/Ruins_of_Donetsk_International_airport_800x450.jpg?fit=800%2C450&ssl=1&resize=700%2C400 2x"},"classes":[]},{"id":13671,"url":"https:\/\/www.freidenker.org\/?p=13671","url_meta":{"origin":5378,"position":4},"title":"60 Tonnen Hilfsg\u00fcter in Donezk eingetroffen, finanziert auch durch deutsche Spenden","author":"Webredaktion","date":"2. Juli 2022","format":false,"excerpt":"Ein Gespr\u00e4ch von Ulrich Heyden mit Liane Kilinc Liane Kilinc aus Wandlitz organisiert seit acht Jahren humanit\u00e4re Hilfe f\u00fcr die Menschen in der international nicht anerkannten \u201eVolksrepublik\u201c Donezk. In diesen Tagen ist die Aktivistin in Moskau, wo sie den 40. Hilfstransport \u2013 drei Lastwagen mit jeweils 20 Tonnen Hilfsg\u00fctern \u2013\u2026","rel":"","context":"In &quot;Frieden - Antifaschismus - Solidarit\u00e4t&quot;","block_context":{"text":"Frieden - Antifaschismus - Solidarit\u00e4t","link":"https:\/\/www.freidenker.org\/?cat=13"},"img":{"alt_text":"","src":"https:\/\/i0.wp.com\/www.freidenker.org\/fw17\/wp-content\/uploads\/2022\/07\/Liane-Kilinc_Foto-Ulrich-Heyden-800x450-1.jpg?fit=800%2C450&ssl=1&resize=350%2C200","width":350,"height":200,"srcset":"https:\/\/i0.wp.com\/www.freidenker.org\/fw17\/wp-content\/uploads\/2022\/07\/Liane-Kilinc_Foto-Ulrich-Heyden-800x450-1.jpg?fit=800%2C450&ssl=1&resize=350%2C200 1x, https:\/\/i0.wp.com\/www.freidenker.org\/fw17\/wp-content\/uploads\/2022\/07\/Liane-Kilinc_Foto-Ulrich-Heyden-800x450-1.jpg?fit=800%2C450&ssl=1&resize=525%2C300 1.5x, https:\/\/i0.wp.com\/www.freidenker.org\/fw17\/wp-content\/uploads\/2022\/07\/Liane-Kilinc_Foto-Ulrich-Heyden-800x450-1.jpg?fit=800%2C450&ssl=1&resize=700%2C400 2x"},"classes":[]},{"id":12595,"url":"https:\/\/www.freidenker.org\/?p=12595","url_meta":{"origin":5378,"position":5},"title":"Freidenker zu den Osterm\u00e4rschen 2022","author":"Webredaktion","date":"10. April 2022","format":false,"excerpt":"Anl\u00e4sslich der bevorstehenden Osterm\u00e4rsche hat der Deutsche Freidenker-Verband ein Faltblatt herausgegeben. Wir ver\u00f6ffentlichen hier den einleitenden Text und bieten das gesamte Faltblatt zum Download an. Ukraine: Nein zu Faschismus und Krieg Wann begann der Krieg in der Ukraine? Von \u201eQualit\u00e4tsmedien\u201c und NATO-Politikern, selbst aus der Friedensbewegung h\u00f6ren wir von einem\u2026","rel":"","context":"In &quot;Frieden - Antifaschismus - Solidarit\u00e4t&quot;","block_context":{"text":"Frieden - Antifaschismus - Solidarit\u00e4t","link":"https:\/\/www.freidenker.org\/?cat=13"},"img":{"alt_text":"","src":"https:\/\/i0.wp.com\/www.freidenker.org\/fw17\/wp-content\/uploads\/2022\/04\/Faltblatt_grafik_800x450.jpg?fit=800%2C450&ssl=1&resize=350%2C200","width":350,"height":200,"srcset":"https:\/\/i0.wp.com\/www.freidenker.org\/fw17\/wp-content\/uploads\/2022\/04\/Faltblatt_grafik_800x450.jpg?fit=800%2C450&ssl=1&resize=350%2C200 1x, https:\/\/i0.wp.com\/www.freidenker.org\/fw17\/wp-content\/uploads\/2022\/04\/Faltblatt_grafik_800x450.jpg?fit=800%2C450&ssl=1&resize=525%2C300 1.5x, https:\/\/i0.wp.com\/www.freidenker.org\/fw17\/wp-content\/uploads\/2022\/04\/Faltblatt_grafik_800x450.jpg?fit=800%2C450&ssl=1&resize=700%2C400 2x"},"classes":[]}],"_links":{"self":[{"href":"https:\/\/www.freidenker.org\/index.php?rest_route=\/wp\/v2\/posts\/5378","targetHints":{"allow":["GET"]}}],"collection":[{"href":"https:\/\/www.freidenker.org\/index.php?rest_route=\/wp\/v2\/posts"}],"about":[{"href":"https:\/\/www.freidenker.org\/index.php?rest_route=\/wp\/v2\/types\/post"}],"author":[{"embeddable":true,"href":"https:\/\/www.freidenker.org\/index.php?rest_route=\/wp\/v2\/users\/3"}],"replies":[{"embeddable":true,"href":"https:\/\/www.freidenker.org\/index.php?rest_route=%2Fwp%2Fv2%2Fcomments&post=5378"}],"version-history":[{"count":0,"href":"https:\/\/www.freidenker.org\/index.php?rest_route=\/wp\/v2\/posts\/5378\/revisions"}],"wp:featuredmedia":[{"embeddable":true,"href":"https:\/\/www.freidenker.org\/index.php?rest_route=\/wp\/v2\/media\/5379"}],"wp:attachment":[{"href":"https:\/\/www.freidenker.org\/index.php?rest_route=%2Fwp%2Fv2%2Fmedia&parent=5378"}],"wp:term":[{"taxonomy":"category","embeddable":true,"href":"https:\/\/www.freidenker.org\/index.php?rest_route=%2Fwp%2Fv2%2Fcategories&post=5378"},{"taxonomy":"post_tag","embeddable":true,"href":"https:\/\/www.freidenker.org\/index.php?rest_route=%2Fwp%2Fv2%2Ftags&post=5378"}],"curies":[{"name":"wp","href":"https:\/\/api.w.org\/{rel}","templated":true}]}}