{"id":5370,"date":"2018-08-31T19:47:52","date_gmt":"2018-08-31T17:47:52","guid":{"rendered":"http:\/\/www.freidenker.org\/?p=5370"},"modified":"2018-10-07T11:34:55","modified_gmt":"2018-10-07T09:34:55","slug":"gegen-rechts-am-antikriegstag","status":"publish","type":"post","link":"https:\/\/www.freidenker.org\/?p=5370","title":{"rendered":"Gegen Rechts am Antikriegstag"},"content":{"rendered":"<p>Warum ein gro\u00dfes Konzert Rock gegen Rechts zur besten Demo-Zeit <b>ausgerechnet <\/b>am<b> 1. September<\/b>, an dem traditionell Friedenskundgebungen und antimilitaristische Demonstrationen stattfinden gegen Kriegsbeteiligung und Aufr\u00fcstung, f\u00fcr R\u00fcckholung der Bundeswehr, f\u00fcr Stopp der Waffenexporte, f\u00fcr Entfernung der Atombomben aus Deutschland, f\u00fcr Schlie\u00dfung der US-Milit\u00e4rbasen? Ist das Anliegen so unwichtig oder \u00fcberfl\u00fcssig\u00a0 geworden, so wenig aktuell? Das Jahr hat doch ein paar mehr Tage, warum nicht z.B. am Sonntag, dem 2. September?<\/p>\n<p>Damit unser Hauptanliegen am <b>Antikriegstag<\/b> nicht im Konzerttrubel \u00fcbert\u00f6nt oder vergessen wird, verteilen wir das Freidenker-Flugblatt als Orientierungshilfe.<br \/>\nIn dem Sinne lasst uns morgen auf die Stra\u00dfe gehen, diskutiert mit uns vor der alten Oper, unterschreibt die Aufrufe<br \/>\n<b>Abr\u00fcsten statt Aufr\u00fcsten! + <\/b><b>Stoppt Air Base Ramstein!<\/b><\/p>\n<p style=\"text-align: right;\"><em>Ernst Schwarz, Frankfurt am Main<\/em><\/p>\n<p><img data-recalc-dims=\"1\" loading=\"lazy\" decoding=\"async\" data-attachment-id=\"5371\" data-permalink=\"https:\/\/www.freidenker.org\/?attachment_id=5371\" data-orig-file=\"https:\/\/i0.wp.com\/www.freidenker.org\/fw17\/wp-content\/uploads\/2018\/09\/180901-Antikriegstag2.jpg?fit=1240%2C1754&amp;ssl=1\" data-orig-size=\"1240,1754\" data-comments-opened=\"0\" data-image-meta=\"{&quot;aperture&quot;:&quot;0&quot;,&quot;credit&quot;:&quot;&quot;,&quot;camera&quot;:&quot;&quot;,&quot;caption&quot;:&quot;&quot;,&quot;created_timestamp&quot;:&quot;0&quot;,&quot;copyright&quot;:&quot;&quot;,&quot;focal_length&quot;:&quot;0&quot;,&quot;iso&quot;:&quot;0&quot;,&quot;shutter_speed&quot;:&quot;0&quot;,&quot;title&quot;:&quot;&quot;,&quot;orientation&quot;:&quot;0&quot;}\" data-image-title=\"180901-Antikriegstag2\" data-image-description=\"\" data-image-caption=\"\" data-large-file=\"https:\/\/i0.wp.com\/www.freidenker.org\/fw17\/wp-content\/uploads\/2018\/09\/180901-Antikriegstag2.jpg?fit=724%2C1024&amp;ssl=1\" class=\"alignnone size-large wp-image-5371\" src=\"https:\/\/i0.wp.com\/www.freidenker.org\/fw17\/wp-content\/uploads\/2018\/09\/180901-Antikriegstag2.jpg?resize=724%2C1024&#038;ssl=1\" alt=\"\" width=\"724\" height=\"1024\" srcset=\"https:\/\/i0.wp.com\/www.freidenker.org\/fw17\/wp-content\/uploads\/2018\/09\/180901-Antikriegstag2.jpg?resize=724%2C1024&amp;ssl=1 724w, https:\/\/i0.wp.com\/www.freidenker.org\/fw17\/wp-content\/uploads\/2018\/09\/180901-Antikriegstag2.jpg?resize=212%2C300&amp;ssl=1 212w, https:\/\/i0.wp.com\/www.freidenker.org\/fw17\/wp-content\/uploads\/2018\/09\/180901-Antikriegstag2.jpg?resize=768%2C1086&amp;ssl=1 768w, https:\/\/i0.wp.com\/www.freidenker.org\/fw17\/wp-content\/uploads\/2018\/09\/180901-Antikriegstag2.jpg?w=1240&amp;ssl=1 1240w\" sizes=\"auto, (max-width: 724px) 100vw, 724px\" \/><\/p>\n<hr \/>\n<p><img data-recalc-dims=\"1\" loading=\"lazy\" decoding=\"async\" data-attachment-id=\"1076\" data-permalink=\"https:\/\/www.freidenker.org\/?attachment_id=1076\" data-orig-file=\"https:\/\/i0.wp.com\/www.freidenker.org\/fw17\/wp-content\/uploads\/2017\/10\/pdf_icon-2.png?fit=32%2C32&amp;ssl=1\" data-orig-size=\"32,32\" data-comments-opened=\"0\" data-image-meta=\"{&quot;aperture&quot;:&quot;0&quot;,&quot;credit&quot;:&quot;&quot;,&quot;camera&quot;:&quot;&quot;,&quot;caption&quot;:&quot;&quot;,&quot;created_timestamp&quot;:&quot;0&quot;,&quot;copyright&quot;:&quot;&quot;,&quot;focal_length&quot;:&quot;0&quot;,&quot;iso&quot;:&quot;0&quot;,&quot;shutter_speed&quot;:&quot;0&quot;,&quot;title&quot;:&quot;&quot;,&quot;orientation&quot;:&quot;0&quot;}\" data-image-title=\"pdf_icon\" data-image-description=\"\" data-image-caption=\"\" data-large-file=\"https:\/\/i0.wp.com\/www.freidenker.org\/fw17\/wp-content\/uploads\/2017\/10\/pdf_icon-2.png?fit=32%2C32&amp;ssl=1\" class=\"alignnone size-full wp-image-1076\" src=\"https:\/\/i0.wp.com\/www.freidenker.org\/fw17\/wp-content\/uploads\/2017\/10\/pdf_icon-2.png?resize=32%2C32&#038;ssl=1\" alt=\"\" width=\"32\" height=\"32\" \/> Das <a href=\"https:\/\/www.freidenker.org\/fw17\/wp-content\/uploads\/2018\/09\/180901-Antikriegstag2.pdf\">Flugblatt als PDF-Dokument<\/a> ansehen oder herunterladen.\u00a0 (ca. 146 KB)<\/p>\n<hr \/>\n<p>Bild oben: Unter Verwendung des Logos der Veranstaltung &#8222;Rock gegen Rechts&#8220; am 1. September 2018 in Frankfurt am Main.<\/p>\n","protected":false},"excerpt":{"rendered":"<p>Warum ein gro\u00dfes Konzert Rock gegen Rechts zur besten Demo-Zeit ausgerechnet am 1. September, an dem traditionell Friedenskundgebungen und antimilitaristische Demonstrationen stattfinden gegen Kriegsbeteiligung und Aufr\u00fcstung, f\u00fcr R\u00fcckholung der Bundeswehr, f\u00fcr Stopp der Waffenexporte, f\u00fcr Entfernung der Atombomben aus Deutschland, f\u00fcr Schlie\u00dfung der US-Milit\u00e4rbasen? &#8230; Damit unser Hauptanliegen am Antikriegstag nicht im Konzerttrubel \u00fcbert\u00f6nt oder vergessen wird, verteilen wir das Freidenker-Flugblatt als Orientierungshilfe. In dem Sinne lasst uns morgen auf die Stra\u00dfe gehen, diskutiert mit uns vor der alten Oper, unterschreibt die Aufrufe <strong>Abr\u00fcsten statt Aufr\u00fcsten!<\/strong> + <strong>Stoppt Air Base Ramstein!<\/strong><\/p>\n","protected":false},"author":3,"featured_media":5373,"comment_status":"closed","ping_status":"closed","sticky":false,"template":"","format":"standard","meta":{"colormag_page_container_layout":"default_layout","colormag_page_sidebar_layout":"default_layout","advanced_seo_description":"","jetpack_seo_html_title":"","jetpack_seo_noindex":false,"jetpack_post_was_ever_published":false,"footnotes":""},"categories":[13,19],"tags":[725,1061,433,780],"class_list":["post-5370","post","type-post","status-publish","format-standard","has-post-thumbnail","hentry","category-frieden-antifaschismus-solidaritaet","category-veranstaltungen-in-den-dfv-landesverbaenden","tag-antikriegstag","tag-atomwaffen","tag-frankfurt-am-main","tag-nato-aggression"],"jetpack_featured_media_url":"https:\/\/i0.wp.com\/www.freidenker.org\/fw17\/wp-content\/uploads\/2018\/09\/180901_Antikriegstag.jpg?fit=800%2C445&ssl=1","jetpack_shortlink":"https:\/\/wp.me\/p9stpK-1oC","jetpack-related-posts":[{"id":3233,"url":"https:\/\/www.freidenker.org\/?p=3233","url_meta":{"origin":5370,"position":0},"title":"Dortmund stellt sich quer","author":"Webredaktion","date":"20. Juli 2009","format":false,"excerpt":"Das B\u00fcndnis \"Dortmund stellt sich quer!\" bereitet eine bundesweite Demonstration gegen den \"Nationalen Antikriegstag\" der Neonazis am 5. September 2009 in Dortmund vor. Markus Bernhardt, einer der Initiatoren, bittet um unsere Unterst\u00fctzung. Dringend werden Unterst\u00fctzungsunterschriften f\u00fcr den Mobilisierung ben\u00f6tigt. Eine Bitte, der wir sehr gern nachkommen sollten.","rel":"","context":"In &quot;Frieden - Antifaschismus - Solidarit\u00e4t&quot;","block_context":{"text":"Frieden - Antifaschismus - Solidarit\u00e4t","link":"https:\/\/www.freidenker.org\/?cat=13"},"img":{"alt_text":"","src":"https:\/\/i0.wp.com\/www.freidenker.org\/fw17\/wp-content\/uploads\/2009\/07\/2009-09-05-9-0178_800x445.jpg?fit=800%2C445&ssl=1&resize=350%2C200","width":350,"height":200,"srcset":"https:\/\/i0.wp.com\/www.freidenker.org\/fw17\/wp-content\/uploads\/2009\/07\/2009-09-05-9-0178_800x445.jpg?fit=800%2C445&ssl=1&resize=350%2C200 1x, https:\/\/i0.wp.com\/www.freidenker.org\/fw17\/wp-content\/uploads\/2009\/07\/2009-09-05-9-0178_800x445.jpg?fit=800%2C445&ssl=1&resize=525%2C300 1.5x, https:\/\/i0.wp.com\/www.freidenker.org\/fw17\/wp-content\/uploads\/2009\/07\/2009-09-05-9-0178_800x445.jpg?fit=800%2C445&ssl=1&resize=700%2C400 2x"},"classes":[]},{"id":22674,"url":"https:\/\/www.freidenker.org\/?p=22674","url_meta":{"origin":5370,"position":1},"title":"Zum Antikriegstag: DGB weiter auf Kriegskurs &#8211; WIR WIDERSPRECHEN","author":"Webredaktion","date":"29. August 2025","format":false,"excerpt":"Die antimilitaristische organisations\u00fcbergreifende gewerkschaftliche Basisinitiative \u201eSAGT NEIN!\" hat in diesem Jahr der DGB-Erkl\u00e4rung zu den Osterm\u00e4rschen widersprochen und sieht sich nun angesichts des Aufrufes des DGB-Bundesvorstands zum gewerkschaftlichen Antikriegstag in ihrer Haltung best\u00e4tigt. Darin werden erneut Russland, die USA und China zum Gegner erkl\u00e4rt, gegen den es aufzur\u00fcsten gilt. Die\u2026","rel":"","context":"In &quot;Frieden - Antifaschismus - Solidarit\u00e4t&quot;","block_context":{"text":"Frieden - Antifaschismus - Solidarit\u00e4t","link":"https:\/\/www.freidenker.org\/?cat=13"},"img":{"alt_text":"","src":"https:\/\/i0.wp.com\/www.freidenker.org\/fw17\/wp-content\/uploads\/2025\/08\/sagtnein_logo_800x450.jpg?fit=800%2C450&ssl=1&resize=350%2C200","width":350,"height":200,"srcset":"https:\/\/i0.wp.com\/www.freidenker.org\/fw17\/wp-content\/uploads\/2025\/08\/sagtnein_logo_800x450.jpg?fit=800%2C450&ssl=1&resize=350%2C200 1x, https:\/\/i0.wp.com\/www.freidenker.org\/fw17\/wp-content\/uploads\/2025\/08\/sagtnein_logo_800x450.jpg?fit=800%2C450&ssl=1&resize=525%2C300 1.5x, https:\/\/i0.wp.com\/www.freidenker.org\/fw17\/wp-content\/uploads\/2025\/08\/sagtnein_logo_800x450.jpg?fit=800%2C450&ssl=1&resize=700%2C400 2x"},"classes":[]},{"id":14127,"url":"https:\/\/www.freidenker.org\/?p=14127","url_meta":{"origin":5370,"position":2},"title":"Vorabend-Veranstaltung zum Antikriegstag 2022 &#8211; Rede und Bilder","author":"Webredaktion","date":"4. September 2022","format":false,"excerpt":"Der Landesverband Hessen des Deutschen Freidenker-Verbandes hatte f\u00fcr dem 31. August 2022 zu einer Vorabend-Veranstaltung zum Antikriegstag eingeladen. Ein Motiv daf\u00fcr waren Aufrufe zu diesem Anlass, v.a. des Deutschen Gewerkschaftsbundes, die sich weitgehend auf der NATO-Linie bewegten. Der Freidenker-Bundesvorsitzende Sebastian Bahlo ging in seiner Rede gr\u00fcndlich darauf ein.\u00a0\u00dcber 40 Teilnehmer\u2026","rel":"","context":"In &quot;Frieden - Antifaschismus - Solidarit\u00e4t&quot;","block_context":{"text":"Frieden - Antifaschismus - Solidarit\u00e4t","link":"https:\/\/www.freidenker.org\/?cat=13"},"img":{"alt_text":"","src":"https:\/\/i0.wp.com\/www.freidenker.org\/fw17\/wp-content\/uploads\/2022\/09\/IMGA0025.jpg?fit=800%2C450&ssl=1&resize=350%2C200","width":350,"height":200,"srcset":"https:\/\/i0.wp.com\/www.freidenker.org\/fw17\/wp-content\/uploads\/2022\/09\/IMGA0025.jpg?fit=800%2C450&ssl=1&resize=350%2C200 1x, https:\/\/i0.wp.com\/www.freidenker.org\/fw17\/wp-content\/uploads\/2022\/09\/IMGA0025.jpg?fit=800%2C450&ssl=1&resize=525%2C300 1.5x, https:\/\/i0.wp.com\/www.freidenker.org\/fw17\/wp-content\/uploads\/2022\/09\/IMGA0025.jpg?fit=800%2C450&ssl=1&resize=700%2C400 2x"},"classes":[]},{"id":3103,"url":"https:\/\/www.freidenker.org\/?p=3103","url_meta":{"origin":5370,"position":3},"title":"Freidenker-Brief 3-2012: Stoppt den Krieg \u2013 H\u00e4nde weg von Syrien!","author":"Webredaktion","date":"28. August 2012","format":false,"excerpt":"Das \u201eFrankfurter Solidarit\u00e4tskomitee f\u00fcr Syrien\" ruft zu einer Demonstration unter dem Motto \u201eStoppt den Krieg \u2013 H\u00e4nde weg von Syrien\" am Samstag, dem 1. September 2012, dem diesj\u00e4hrigen Antikriegstag, in Frankfurt am Main auf. Zweck der Demonstration ist es, ein Ende der aggressiven v\u00f6lkerrechtswidrigen Einmischung der USA und anderer NATO-Mitgliedsstaaten\u2026","rel":"","context":"In &quot;Freidenker-Brief&quot;","block_context":{"text":"Freidenker-Brief","link":"https:\/\/www.freidenker.org\/?cat=341"},"img":{"alt_text":"","src":"https:\/\/i0.wp.com\/www.freidenker.org\/fw17\/wp-content\/uploads\/2012\/08\/01-2012-09-01-1-0328_800x445.jpg?fit=800%2C445&ssl=1&resize=350%2C200","width":350,"height":200,"srcset":"https:\/\/i0.wp.com\/www.freidenker.org\/fw17\/wp-content\/uploads\/2012\/08\/01-2012-09-01-1-0328_800x445.jpg?fit=800%2C445&ssl=1&resize=350%2C200 1x, https:\/\/i0.wp.com\/www.freidenker.org\/fw17\/wp-content\/uploads\/2012\/08\/01-2012-09-01-1-0328_800x445.jpg?fit=800%2C445&ssl=1&resize=525%2C300 1.5x, https:\/\/i0.wp.com\/www.freidenker.org\/fw17\/wp-content\/uploads\/2012\/08\/01-2012-09-01-1-0328_800x445.jpg?fit=800%2C445&ssl=1&resize=700%2C400 2x"},"classes":[]},{"id":5589,"url":"https:\/\/www.freidenker.org\/?p=5589","url_meta":{"origin":5370,"position":4},"title":"FREIDENKER 4-18  \u2013 Richtigstellung der Begriffe","author":"Webredaktion","date":"15. Dezember 2018","format":false,"excerpt":"Die Ausgabe 4-18 des Verbandsorgans FREIDENKER hat das Schwerpunkt-Thema \u201cRichtigstellung der Begriffe\u201d und enth\u00e4lt u.a. Beitr\u00e4ge zur Erl\u00e4uterung folgender Begriffe: \u2013 Nie wieder Krieg! \u2013 \u201eLinks\u201c? \u201eRechts\u201c? \u2013 \u201eQuerfront\u201c? \u2013 \u201eL\u00fcgenpresse\u201c \u2013 ein \u201eNazi-Wort\u201c? \u2013 Der Neusprech der Manipulation \u2013 \u201eVerschw\u00f6rungstheoretiker\u201c \u2013 Asyl, Flucht, Migration","rel":"","context":"In &quot;Demokratie \u2013 Medien \u2013 Aufkl\u00e4rung&quot;","block_context":{"text":"Demokratie \u2013 Medien \u2013 Aufkl\u00e4rung","link":"https:\/\/www.freidenker.org\/?cat=12"},"img":{"alt_text":"","src":"https:\/\/i0.wp.com\/www.freidenker.org\/fw17\/wp-content\/uploads\/2018\/12\/FD_2018-04_Titel_mR-1.jpg?fit=800%2C445&ssl=1&resize=350%2C200","width":350,"height":200,"srcset":"https:\/\/i0.wp.com\/www.freidenker.org\/fw17\/wp-content\/uploads\/2018\/12\/FD_2018-04_Titel_mR-1.jpg?fit=800%2C445&ssl=1&resize=350%2C200 1x, https:\/\/i0.wp.com\/www.freidenker.org\/fw17\/wp-content\/uploads\/2018\/12\/FD_2018-04_Titel_mR-1.jpg?fit=800%2C445&ssl=1&resize=525%2C300 1.5x, https:\/\/i0.wp.com\/www.freidenker.org\/fw17\/wp-content\/uploads\/2018\/12\/FD_2018-04_Titel_mR-1.jpg?fit=800%2C445&ssl=1&resize=700%2C400 2x"},"classes":[]},{"id":16780,"url":"https:\/\/www.freidenker.org\/?p=16780","url_meta":{"origin":5370,"position":5},"title":"Flyer: Dritten Weltkrieg verhindern!","author":"Webredaktion","date":"5. August 2023","format":false,"excerpt":"Anl\u00e4sslich des Jahrestages des Atombombenabwurfs auf Hiroshima hat der Deutsche Freidenker-Verband einen neuen Flyer herausgegeben. Wir ver\u00f6ffentlichen hier den Text und bieten den Flyer zum Download an. Au\u00dferdem, kann er in gedruckter Form bei uns bestellt werden. 1939, 01. September: Deutschlands Angriff auf Polen - 1941, 22. Juni: Deutschland \u00fcberf\u00e4llt\u2026","rel":"","context":"In &quot;Frieden - Antifaschismus - Solidarit\u00e4t&quot;","block_context":{"text":"Frieden - Antifaschismus - Solidarit\u00e4t","link":"https:\/\/www.freidenker.org\/?cat=13"},"img":{"alt_text":"","src":"https:\/\/i0.wp.com\/www.freidenker.org\/fw17\/wp-content\/uploads\/2023\/08\/Dritten_Weltkrieg_verhindern_v2_800x450.jpg?fit=800%2C450&ssl=1&resize=350%2C200","width":350,"height":200,"srcset":"https:\/\/i0.wp.com\/www.freidenker.org\/fw17\/wp-content\/uploads\/2023\/08\/Dritten_Weltkrieg_verhindern_v2_800x450.jpg?fit=800%2C450&ssl=1&resize=350%2C200 1x, https:\/\/i0.wp.com\/www.freidenker.org\/fw17\/wp-content\/uploads\/2023\/08\/Dritten_Weltkrieg_verhindern_v2_800x450.jpg?fit=800%2C450&ssl=1&resize=525%2C300 1.5x, https:\/\/i0.wp.com\/www.freidenker.org\/fw17\/wp-content\/uploads\/2023\/08\/Dritten_Weltkrieg_verhindern_v2_800x450.jpg?fit=800%2C450&ssl=1&resize=700%2C400 2x"},"classes":[]}],"_links":{"self":[{"href":"https:\/\/www.freidenker.org\/index.php?rest_route=\/wp\/v2\/posts\/5370","targetHints":{"allow":["GET"]}}],"collection":[{"href":"https:\/\/www.freidenker.org\/index.php?rest_route=\/wp\/v2\/posts"}],"about":[{"href":"https:\/\/www.freidenker.org\/index.php?rest_route=\/wp\/v2\/types\/post"}],"author":[{"embeddable":true,"href":"https:\/\/www.freidenker.org\/index.php?rest_route=\/wp\/v2\/users\/3"}],"replies":[{"embeddable":true,"href":"https:\/\/www.freidenker.org\/index.php?rest_route=%2Fwp%2Fv2%2Fcomments&post=5370"}],"version-history":[{"count":0,"href":"https:\/\/www.freidenker.org\/index.php?rest_route=\/wp\/v2\/posts\/5370\/revisions"}],"wp:featuredmedia":[{"embeddable":true,"href":"https:\/\/www.freidenker.org\/index.php?rest_route=\/wp\/v2\/media\/5373"}],"wp:attachment":[{"href":"https:\/\/www.freidenker.org\/index.php?rest_route=%2Fwp%2Fv2%2Fmedia&parent=5370"}],"wp:term":[{"taxonomy":"category","embeddable":true,"href":"https:\/\/www.freidenker.org\/index.php?rest_route=%2Fwp%2Fv2%2Fcategories&post=5370"},{"taxonomy":"post_tag","embeddable":true,"href":"https:\/\/www.freidenker.org\/index.php?rest_route=%2Fwp%2Fv2%2Ftags&post=5370"}],"curies":[{"name":"wp","href":"https:\/\/api.w.org\/{rel}","templated":true}]}}