{"id":5354,"date":"2018-07-30T19:41:03","date_gmt":"2018-07-30T17:41:03","guid":{"rendered":"http:\/\/www.freidenker.org\/?p=5354"},"modified":"2018-10-23T00:41:30","modified_gmt":"2018-10-22T22:41:30","slug":"videos-karl-marx-konferenz-individuum-und-gesellschaft","status":"publish","type":"post","link":"https:\/\/www.freidenker.org\/?p=5354","title":{"rendered":"Videos: Karl-Marx-Konferenz &#8222;Individuum und Gesellschaft&#8220;"},"content":{"rendered":"<p>Zum 200. Geburtstag des wirkm\u00e4chtigen Philosophen Karl Marx veranstaltete der Deutsche Freidenker-Verband am 28. April 2018 in Hannover die <strong>wissenschaftliche Konferenz \u201eIndividuum und Gesellschaft \u2013 Menschenbild und Pers\u00f6nlichkeitstheorie im Marxismus\u201c. <\/strong><\/p>\n<p>Mit der Konferenz wollten wir selbstverst\u00e4ndlich den gro\u00dfen Wissenschaftler und Revolution\u00e4r ehren, aber wir wollten auch pr\u00fcfen, wie wir sein Erbe in der Gegenwart nutzen k\u00f6nnen, um eine zuk\u00fcnftige freie Gesellschaft mitaufzubauen: Bieten Menschenbild und Pers\u00f6nlichkeitstheorie des Marxismus heute eine brauchbare Grundlage f\u00fcr den Kampf um eine neue Gesellschaftsordnung? Dar\u00fcber brauchen wir Klarheit, wenn wir von der Diskussion \u201ewie wollen wir leben\u201c zu praktischen Schritten der Ver\u00e4nderung kommen wollen. Wie bringen wir uns ein, falls es nach Bewegungen der \u201eEmp\u00f6rten\u201c und \u201eUnbeugsamen\u201c anderer L\u00e4nder gar in Deutschland dazu k\u00e4me, dass \u201eAufstehen\u201c dem \u201eSitzenbleiben\u201c vorgezogen w\u00fcrde?<\/p>\n<p>Nach Einsch\u00e4tzung der Teilnehmerinnen und Teilnehmer der Konferenz haben die Beitr\u00e4ge dazu interessante neue Erkenntnise geliefert und insbesondere nachgewiesen, dass der Marxismus kein \u201ealter Hut\u201c ist, son\u00addern weit \u00fcber unsere kapitalistische Gegenwart hinausweist. Als Orientierung kann er aber nur dienen, wenn wir ihn nicht dogmatisieren, sondern uns aneignen und immer wieder erforschen, neu lesen, ihn als Werkzeug nutzen, um Neues zu analysieren.<\/p>\n<p>Die <a href=\"http:\/\/www.nrhz.de\/flyer\/\" target=\"_blank\" rel=\"noopener\">Neue Rheinische Zeitung<\/a> hat bisher vier der f\u00fcnf Hauptreferate als Video ver\u00f6ffentlicht, die wir hiermit auch \u00fcber unsere Seite zug\u00e4nglich machen.<br \/>\n<em>(Nachtrag 30.08.2018: Es sind nunmehr alle f\u00fcnf Hauptreferate ver\u00f6ffentlicht und unten zug\u00e4nglich.)<\/em><\/p>\n<hr \/>\n<p><strong>Hinweis:<\/strong> Die Referate der Karl-Marx-Konferenz erscheinen in Textform Mitte September in der Ausgabe 3-18 des <a href=\"https:\/\/www.freidenker.org\/?cat=8\">Verbandsorgans FREIDENKER<\/a><\/p>\n<hr \/>\n<h5><span class=\"text_red_times_big\">Klaus Hartmann: Was ist der Mensch?<\/span><\/h5>\n<p>Mit Marx kann das Fazit nur lauten, den Menschen mittels Aufkl\u00e4rung aus einem unw\u00fcrdigen Objekt-Zustand zu befreien und alle M\u00f6glichkeiten zur Erlangung des Subjekt-Zustandes zu ergreifen. Es wird deutlich: &#8222;Der Mensch ist stets der Mensch einer historischen Epoche.&#8220; Unter wesentlicher Bezugnahme auf drei neuzeitliche Philosophen und Kulturwissenschaftler (Erich Hahn, Alfred Kurella, Lucien S\u00e9ve) zieht der Vorsitzende des Deutschen Freidenker-Verbandes und Pr\u00e4sident der Weltunion der Freidenker, Klaus Hartmann, den (materialistischen) Schluss vom &#8222;Geheimnis der grenzenlosen Weiterentwicklung der menschlichen M\u00f6glichkeiten bei gleichzeitig unver\u00e4ndertem neuronalen Potential&#8220;.<\/p>\n<div class=\"jetpack-video-wrapper\"><span class=\"embed-youtube\" style=\"text-align:center; display: block;\"><iframe loading=\"lazy\" class=\"youtube-player\" width=\"800\" height=\"450\" src=\"https:\/\/www.youtube.com\/embed\/d4CUVzBVun4?version=3&#038;rel=1&#038;showsearch=0&#038;showinfo=1&#038;iv_load_policy=1&#038;fs=1&#038;hl=de-DE&#038;autohide=2&#038;wmode=transparent\" allowfullscreen=\"true\" style=\"border:0;\" sandbox=\"allow-scripts allow-same-origin allow-popups allow-presentation allow-popups-to-escape-sandbox\"><\/iframe><\/span><\/div>\n<p>Link zur Erstver\u00f6ffentlichung des Videos: <a href=\"http:\/\/www.nrhz.de\/flyer\/beitrag.php?id=24890\" target=\"_blank\" rel=\"noopener\">http:\/\/www.nrhz.de\/flyer\/beitrag.php?id=24890<\/a><br \/>\nDirektlink zum Video auf YouTube: <a href=\"https:\/\/youtu.be\/d4CUVzBVun4\" target=\"_blank\" rel=\"noopener\">https:\/\/youtu.be\/d4CUVzBVun4<\/a><\/p>\n<hr \/>\n<h5><span class=\"text_red_times_big\">Prof. Wolfgang Jantzen: Pers\u00f6nlichkeit und sozialer Sinn<\/span><\/h5>\n<p>Auszug: &#8222;Die Negation des Einzelnen, die der Realsozialismus teilweise betrieben hat, ist die Aufgabe sowohl des Allgemeinen wie des Besonderen, weil nur im Einzelnen Allgemeines und Besonderes gemeinsam existieren k\u00f6nnen. Und da k\u00f6nnen wir sehr sch\u00f6n an der franz\u00f6sischen Debatte ankn\u00fcpfen, an dem vielgeschm\u00e4hten Jean-Paul Sartre, aber auch an Roland Barthes, und besonders an Maurice Merleau-Ponty und seinem Buch \u201eHumanismus und Terror\u201c, denn das hebt hervor, dass eine sozialistische, eine br\u00fcderliche und schwesterliche Gesellschaft nur sein kann, wenn zugleich die humanistische Basis \u2013 also die freie Entwicklung eines jeden mitbedacht wird.&#8220;<\/p>\n<div class=\"jetpack-video-wrapper\"><span class=\"embed-youtube\" style=\"text-align:center; display: block;\"><iframe loading=\"lazy\" class=\"youtube-player\" width=\"800\" height=\"450\" src=\"https:\/\/www.youtube.com\/embed\/1DIEeHmiFso?version=3&#038;rel=1&#038;showsearch=0&#038;showinfo=1&#038;iv_load_policy=1&#038;fs=1&#038;hl=de-DE&#038;autohide=2&#038;wmode=transparent\" allowfullscreen=\"true\" style=\"border:0;\" sandbox=\"allow-scripts allow-same-origin allow-popups allow-presentation allow-popups-to-escape-sandbox\"><\/iframe><\/span><\/div>\n<p>Link zur Erstver\u00f6ffentlichung des Videos: <a href=\"http:\/\/www.nrhz.de\/flyer\/beitrag.php?id=24935\" target=\"_blank\" rel=\"noopener\">http:\/\/www.nrhz.de\/flyer\/beitrag.php?id=24935<\/a><br \/>\nDirektlink zum Video auf YouTube: <a href=\"https:\/\/youtu.be\/1DIEeHmiFso\" target=\"_blank\" rel=\"noopener\">https:\/\/youtu.be\/1DIEeHmiFso<\/a><\/p>\n<hr \/>\n<h5><span class=\"text_red_times_big\">Klaus Linder: Die Leere der Frankfurter Schule<\/span><\/h5>\n<p>Klaus Linder nimmt die Frankfurter Schule unter die Lupe: Marxismus oder besser scheinbarer Marxismus im Dienst des Imperialismus bzw. knallharter &#8222;antideutscher&#8220; Str\u00f6mungen \u00e1 la Jutta Ditfurth. Geschichtliche Zusammenh\u00e4nge aufl\u00f6sen. Unter einem marxisierenden M\u00e4ntelchen potente Proteste aufs Abstellgleis leiten \u2013 so arbeiten die Sch\u00fcler der Schule bis heute. Widerstand aufbrechen bzw. neutralisieren, mit psychologischen Tricks (68er) Studenten vom Gegenteil ihrer Erkenntnisse &#8222;\u00fcberzeugen&#8220;&#8230; das war die Aufgabe der Professoren des Instituts f\u00fcr Sozialforschung. Theodor Adorno, Max Horkheimer und Herbert Marcuse hatten es sich allem Anschein nach im Interesse der transatlantischen Imperialisten (Vietnamkrieg pp) zur Aufgabe gemacht, den Widerstand schon gegen den US-gesponsorten deutschen Faschismus unter Hitlers F\u00fchrung f\u00fcr nicht vorhanden zu erkl\u00e4ren (Marcuse), obwohl unz\u00e4hlige politische Gegner, vor allem Kommunisten, in den KZs ums Leben kamen.<\/p>\n<div class=\"jetpack-video-wrapper\"><span class=\"embed-youtube\" style=\"text-align:center; display: block;\"><iframe loading=\"lazy\" class=\"youtube-player\" width=\"800\" height=\"450\" src=\"https:\/\/www.youtube.com\/embed\/rQppbDRGOUA?version=3&#038;rel=1&#038;showsearch=0&#038;showinfo=1&#038;iv_load_policy=1&#038;fs=1&#038;hl=de-DE&#038;autohide=2&#038;wmode=transparent\" allowfullscreen=\"true\" style=\"border:0;\" sandbox=\"allow-scripts allow-same-origin allow-popups allow-presentation allow-popups-to-escape-sandbox\"><\/iframe><\/span><\/div>\n<p>Link zur Erstver\u00f6ffentlichung des Videos: <a href=\"http:\/\/www.nrhz.de\/flyer\/beitrag.php?id=25004\" target=\"_blank\" rel=\"noopener\">http:\/\/www.nrhz.de\/flyer\/beitrag.php?id=25004<\/a><br \/>\nDirektlink zum Video auf YouTube: <a href=\"https:\/\/youtu.be\/rQppbDRGOUA\" target=\"_blank\" rel=\"noopener\">https:\/\/youtu.be\/rQppbDRGOUA<\/a><\/p>\n<hr \/>\n<h5><strong><span class=\"text_red_times_big\">Dr. Elmar Witzgall: Warum und wie passen Mensch und Arbeit zusammen?<\/span><\/strong><\/h5>\n<p>Der Arbeitswissenschaftler und promovierte P\u00e4dagoge Dr. Elmar Witzgall erl\u00e4utert, wie sich soziale Organisation und Produktionsweisen \u00fcber hunderte, ja tausende von Jahren weiterentwickelt haben. Ging es den Urmenschen mit der Produktion einfachster Werkzeuge wie Pfeil, Faustkeil und N\u00e4hnadel noch darum, sich existentiell zu behaupten, wird im modernen Kapitalismus der Wert (Mehrwert) der Arbeit von den Besitzern der Produktionsmittel abgesch\u00f6pft. Kann der Sinn der Handlung (menschlicher Arbeit) sich nicht mehr durch Bewusstwerdung des Sinns und dessen Akzeptanz erschlie\u00dfen, ist der Marx&#8217;sche Begriff der Entfremdung zu verwenden. Bei Unterforderung \u2013 so der Arbeitswissenschaftler Witzgall \u2013 stelle sich eine schleichende R\u00fcckbildung von F\u00e4higkeiten ein. Weitere Einschr\u00e4nkung besteht in der Kontrolle, die sich im digitalen Zeitalter zunehmend zur angestrebten totalen Kontrolle der M\u00e4chtigen auszuwachsen droht.<\/p>\n<div class=\"jetpack-video-wrapper\"><span class=\"embed-youtube\" style=\"text-align:center; display: block;\"><iframe loading=\"lazy\" class=\"youtube-player\" width=\"800\" height=\"450\" src=\"https:\/\/www.youtube.com\/embed\/j1TbLkKrLN8?version=3&#038;rel=1&#038;showsearch=0&#038;showinfo=1&#038;iv_load_policy=1&#038;fs=1&#038;hl=de-DE&#038;autohide=2&#038;wmode=transparent\" allowfullscreen=\"true\" style=\"border:0;\" sandbox=\"allow-scripts allow-same-origin allow-popups allow-presentation allow-popups-to-escape-sandbox\"><\/iframe><\/span><\/div>\n<p>Link zur Erstver\u00f6ffentlichung des Videos: <a href=\"http:\/\/www.nrhz.de\/flyer\/beitrag.php?id=25075\" target=\"_blank\" rel=\"noopener\">http:\/\/www.nrhz.de\/flyer\/beitrag.php?id=25075<\/a><br \/>\nDirektlink zum Video auf YouTube: <a href=\"https:\/\/youtu.be\/j1TbLkKrLN8\" target=\"_blank\" rel=\"noopener\">https:\/\/youtu.be\/j1TbLkKrLN8<\/a><\/p>\n<hr \/>\n<h5><span class=\"text_red_times_big\">Dr. Werner Seppmann: Das Menschenbild des informationstechnologischen Kapitals<\/span><\/h5>\n<p>Geht es beim Menschenbild des IT-Kapitals um die Gottwerdung des Menschen? Mit Sicherheit nicht aller, aber einiger machthungriger Beherrscher der Techniken. Gott oder die G\u00f6tter brauchen eine Klientel, die an sie glauben, die abh\u00e4ngig von einem Herrschaftskonstrukt und deren Allmachtsphantasien sind. Seppmann: &#8222;Das Menschenbild des IT-Kapitals ist nur ein kleiner Aspekt meiner Kritik des Computers. &#8230; Das Problem ist heute, dass wir es mit einer ganzen Reihe von quasi religi\u00f6sen Orientierungen zu tun haben, die weit verbreitet sind. &#8230; Letztlich, und das haben einige f\u00fchrende Computer-Ideologen selbst gesagt, geht es um die Gottwerdung des Menschen. &#8230; Die ganze Diskussion um die Intelligenz ist in gewissem Sinne nebens\u00e4chlich. Darum geht es den IT-Multis auch nicht. Diese Fakten resistenten Diskussionen erf\u00fcllen f\u00fcr das IT-Kapital ihren Zweck, weil sie geeignet sind, ihr gegenw\u00e4rtiges Streben nach totaler Erfassung, Kontrolle und Manipulation \u2013 also ihr Kerngesch\u00e4ft \u2013 in einem besseren Licht erscheinen und vergessen zu lassen. Denn gelingt auch nicht die Ersetzung der menschlichen Intelligenz, doch um zu viel versprechender die Versuche, direkt in das menschliche Gehirn einzudringen. &#8230; Der magische Umgang mit den Smartphones ist ein Beispiel daf\u00fcr, wie stark schon die Manipulationsstrategien des IT-Kapitals sind. Es ist kein Zufall, dass dort Abh\u00e4ngigkeiten erzeugt werden, weil diese Smartphones nach den Regeln der Beeinflussungs-Psychologie programmiert sind. &#8230; Bisher haben wir es mit einer indirekten Steuerung zu tun. Nach eigenen Worten will das IT-Kapital von der indirekten Steuerung zur direkten Steuerung \u00fcbergehen. &#8230;&#8220;<\/p>\n<div class=\"jetpack-video-wrapper\"><span class=\"embed-youtube\" style=\"text-align:center; display: block;\"><iframe loading=\"lazy\" class=\"youtube-player\" width=\"800\" height=\"450\" src=\"https:\/\/www.youtube.com\/embed\/ajKLwquhbvU?version=3&#038;rel=1&#038;showsearch=0&#038;showinfo=1&#038;iv_load_policy=1&#038;fs=1&#038;hl=de-DE&#038;autohide=2&#038;wmode=transparent\" allowfullscreen=\"true\" style=\"border:0;\" sandbox=\"allow-scripts allow-same-origin allow-popups allow-presentation allow-popups-to-escape-sandbox\"><\/iframe><\/span><\/div>\n<p>Link zur Erstver\u00f6ffentlichung des Videos: <a href=\"http:\/\/www.nrhz.de\/flyer\/beitrag.php?id=25152\" target=\"_blank\" rel=\"noopener\">http:\/\/www.nrhz.de\/flyer\/beitrag.php?id=25152<\/a><br \/>\nDirektlink zum Video auf YouTube: <a href=\"https:\/\/youtu.be\/ajKLwquhbvU\" target=\"_blank\" rel=\"noopener\">https:\/\/youtu.be\/ajKLwquhbvU<\/a><\/p>\n<hr \/>\n<p><strong>Hinweis:<\/strong> Die Referate der Karl-Marx-Konferenz erscheinen in Textform Mitte September in der Ausgabe 3-18 des <a href=\"https:\/\/www.freidenker.org\/?cat=8\">Verbandsorgans FREIDENKER<\/a><\/p>\n<hr \/>\n<p>Einleitungstext: Klaus Hartmann<br \/>\nZwischentexte: Neue Rheinische Zeitung<\/p>\n<p>Bild oben: Klaus Hartmann, Vorsitzender des Deutschen Freidenker-Verbandes und sein Stellvertreter, Sebastian Bahlo, auf der Karl-Marx-Konferenz am 28.04.2018 in Hannover.<br \/>\nFoto: <a href=\"http:\/\/arbeiterfotografie.com\" target=\"_blank\" rel=\"noopener\">arbeiterfotografie.com<\/a><\/p>\n","protected":false},"excerpt":{"rendered":"<p>Zum 200. Geburtstag des wirkm\u00e4chtigen Philosophen Karl Marx veranstaltete der Deutsche Freidenker-Verband am 28. April 2018 in Hannover die wissenschaftliche Konferenz \u201eIndividuum und Gesellschaft \u2013 Menschenbild und Pers\u00f6nlichkeitstheorie im Marxismus\u201c.<br \/>\nWir ver\u00f6ffentlichen hier die Videos der Hauptreferate von <strong>Klaus Hartmann<\/strong>: &#8222;Was ist der Mensch?&#8220;, <strong>Prof. Wolfgang Jantzen<\/strong>: &#8222;Pers\u00f6nlichkeit und sozialer Sinn&#8220;, <strong>Klaus Linder<\/strong>: &#8222;Die Leere der Frankfurter Schule&#8220;, <strong>Dr. Elmar Witzgall<\/strong>: &#8222;Warum und wie passen Mensch und Arbeit zusammen?&#8220; und <strong>Dr. Werner Seppmann<\/strong>: &#8222;Das Menschenbild des informationstechnologischen Kapitals&#8220;.<\/p>\n","protected":false},"author":3,"featured_media":5356,"comment_status":"closed","ping_status":"closed","sticky":false,"template":"","format":"standard","meta":{"colormag_page_container_layout":"default_layout","colormag_page_sidebar_layout":"default_layout","advanced_seo_description":"","jetpack_seo_html_title":"","jetpack_seo_noindex":false,"jetpack_post_was_ever_published":false,"footnotes":""},"categories":[16],"tags":[446,832,884,495,564,33],"class_list":["post-5354","post","type-post","status-publish","format-standard","has-post-thumbnail","hentry","category-weltanschauung-philosophie","tag-mensch","tag-menschenwuerde","tag-persoenlichkeit","tag-philosophie","tag-sozialismus","tag-wissenschaftliche-weltanschauung"],"jetpack_featured_media_url":"https:\/\/i0.wp.com\/www.freidenker.org\/fw17\/wp-content\/uploads\/2018\/08\/Hartmann_Bahlo_Konferenz2018.jpg?fit=800%2C445&ssl=1","jetpack_shortlink":"https:\/\/wp.me\/p9stpK-1om","jetpack-related-posts":[{"id":4889,"url":"https:\/\/www.freidenker.org\/?p=4889","url_meta":{"origin":5354,"position":0},"title":"Konferenz: Individuum und Gesellschaft \u2013 Menschenbild und Pers\u00f6nlichkeitstheorie im Marxismus","author":"Webredaktion","date":"27. M\u00e4rz 2018","format":false,"excerpt":"\u00d6ffentliche Wissenschaftliche Konferenz zum 200. Geburtstag von Karl Marx am Samstag, 28. April 2018, in Hannover Individuum und Gesellschaft \u2013 Menschenbild und Pers\u00f6nlichkeitstheorie im Marxismus Vortr\u00e4ge und Diskussion: - Was ist der Mensch? (Klaus Hartmann) - Pers\u00f6nlichkeit und sozialer Sinn (Prof. Dr. Wolfgang Jantzen) - Die Leere der Frankfurter Schule\u2026","rel":"","context":"In &quot;Weltanschauung &amp; Philosophie&quot;","block_context":{"text":"Weltanschauung &amp; Philosophie","link":"https:\/\/www.freidenker.org\/?cat=16"},"img":{"alt_text":"","src":"https:\/\/i0.wp.com\/www.freidenker.org\/fw17\/wp-content\/uploads\/2018\/03\/karl-marx-konferenz_800x445.jpg?fit=800%2C445&ssl=1&resize=350%2C200","width":350,"height":200,"srcset":"https:\/\/i0.wp.com\/www.freidenker.org\/fw17\/wp-content\/uploads\/2018\/03\/karl-marx-konferenz_800x445.jpg?fit=800%2C445&ssl=1&resize=350%2C200 1x, https:\/\/i0.wp.com\/www.freidenker.org\/fw17\/wp-content\/uploads\/2018\/03\/karl-marx-konferenz_800x445.jpg?fit=800%2C445&ssl=1&resize=525%2C300 1.5x, https:\/\/i0.wp.com\/www.freidenker.org\/fw17\/wp-content\/uploads\/2018\/03\/karl-marx-konferenz_800x445.jpg?fit=800%2C445&ssl=1&resize=700%2C400 2x"},"classes":[]},{"id":5186,"url":"https:\/\/www.freidenker.org\/?p=5186","url_meta":{"origin":5354,"position":1},"title":"Klaus Hartmann: Was ist der Mensch?","author":"Webredaktion","date":"3. Juni 2018","format":false,"excerpt":"Zum 200. Geburtstag des wirkm\u00e4chtigen Philosophen Karl Marx veranstaltete der Deutsche Freidenker-Verband am 28. April 2018 in Hannover die wissenschaftliche Konferenz \"Individuum und Gesellschaft \u2013 Menschenbild und Pers\u00f6nlichkeitstheorie im Marxismus\". ... Unter wesentlicher Bezugnahme auf drei neuzeitliche Philosophen und Kulturwissenschaftler (Erich Hahn, Alfred Kurella, Lucien S\u00e9ve) zieht der Vorsitzende des\u2026","rel":"","context":"In &quot;Geschichte&quot;","block_context":{"text":"Geschichte","link":"https:\/\/www.freidenker.org\/?cat=1162"},"img":{"alt_text":"","src":"https:\/\/i0.wp.com\/www.freidenker.org\/fw17\/wp-content\/uploads\/2018\/06\/karl_marx_konferenz_hartmann_800x445.jpg?fit=800%2C445&ssl=1&resize=350%2C200","width":350,"height":200,"srcset":"https:\/\/i0.wp.com\/www.freidenker.org\/fw17\/wp-content\/uploads\/2018\/06\/karl_marx_konferenz_hartmann_800x445.jpg?fit=800%2C445&ssl=1&resize=350%2C200 1x, https:\/\/i0.wp.com\/www.freidenker.org\/fw17\/wp-content\/uploads\/2018\/06\/karl_marx_konferenz_hartmann_800x445.jpg?fit=800%2C445&ssl=1&resize=525%2C300 1.5x, https:\/\/i0.wp.com\/www.freidenker.org\/fw17\/wp-content\/uploads\/2018\/06\/karl_marx_konferenz_hartmann_800x445.jpg?fit=800%2C445&ssl=1&resize=700%2C400 2x"},"classes":[]},{"id":5422,"url":"https:\/\/www.freidenker.org\/?p=5422","url_meta":{"origin":5354,"position":2},"title":"FREIDENKER 3-18 EXTRA \u2013 Menschenbild","author":"Webredaktion","date":"16. September 2018","format":false,"excerpt":"Die EXTRA-Ausgabe 3-18 des Verbandsorgans FREIDENKER hat das Schwerpunkt-Thema \u201eMenschenbild \u2013 Marxistische Pers\u00f6nlichkeitstheorie: Individuum und Gesellschaft\u201c und enth\u00e4lt die Reden der Wissenschaftlichen Konferenz des Deutschen Freidenker-Verbandes vom 28.04.2018 in Hannover. Darin: - Sebastian Bahlo: Marx\u2018 revolution\u00e4re Sch\u00e4rfe bewahren - Klaus Hartmann: Was ist der Mensch? - Wolfgang Jantzen: Pers\u00f6nlichkeit und\u2026","rel":"","context":"In &quot;Verbandsorgan FREIDENKER&quot;","block_context":{"text":"Verbandsorgan FREIDENKER","link":"https:\/\/www.freidenker.org\/?cat=8"},"img":{"alt_text":"","src":"https:\/\/i0.wp.com\/www.freidenker.org\/fw17\/wp-content\/uploads\/2018\/09\/FD_2018-03_Titel_mR.jpg?fit=800%2C445&ssl=1&resize=350%2C200","width":350,"height":200,"srcset":"https:\/\/i0.wp.com\/www.freidenker.org\/fw17\/wp-content\/uploads\/2018\/09\/FD_2018-03_Titel_mR.jpg?fit=800%2C445&ssl=1&resize=350%2C200 1x, https:\/\/i0.wp.com\/www.freidenker.org\/fw17\/wp-content\/uploads\/2018\/09\/FD_2018-03_Titel_mR.jpg?fit=800%2C445&ssl=1&resize=525%2C300 1.5x, https:\/\/i0.wp.com\/www.freidenker.org\/fw17\/wp-content\/uploads\/2018\/09\/FD_2018-03_Titel_mR.jpg?fit=800%2C445&ssl=1&resize=700%2C400 2x"},"classes":[]},{"id":10426,"url":"https:\/\/www.freidenker.org\/?p=10426","url_meta":{"origin":5354,"position":3},"title":"Wir trauern um Dr. Werner Seppmann","author":"Webredaktion","date":"26. Mai 2021","format":false,"excerpt":"Mit Werner verliert die Linke in Deutschland einen bedeutenden marxistischen Philosophen und Soziologen, der Deutsche Freidenker-Verband verliert ein profiliertes Mitglied seines Beirats. Sein Schaffen folgte dem Ziel, die Marx\u2019sche Lehre als Instrument der gesellschaftlichen Erkenntnis, der Kapitalismuskritik und der sozialistischen Perspektive lebendig zu halten und als Instrument gegen die Unterwerfung\u2026","rel":"","context":"In &quot;Weltanschauung &amp; Philosophie&quot;","block_context":{"text":"Weltanschauung &amp; Philosophie","link":"https:\/\/www.freidenker.org\/?cat=16"},"img":{"alt_text":"","src":"https:\/\/i0.wp.com\/www.freidenker.org\/fw17\/wp-content\/uploads\/2021\/05\/werner_seppmann_mangroven_800x450.jpg?fit=800%2C450&ssl=1&resize=350%2C200","width":350,"height":200,"srcset":"https:\/\/i0.wp.com\/www.freidenker.org\/fw17\/wp-content\/uploads\/2021\/05\/werner_seppmann_mangroven_800x450.jpg?fit=800%2C450&ssl=1&resize=350%2C200 1x, https:\/\/i0.wp.com\/www.freidenker.org\/fw17\/wp-content\/uploads\/2021\/05\/werner_seppmann_mangroven_800x450.jpg?fit=800%2C450&ssl=1&resize=525%2C300 1.5x, https:\/\/i0.wp.com\/www.freidenker.org\/fw17\/wp-content\/uploads\/2021\/05\/werner_seppmann_mangroven_800x450.jpg?fit=800%2C450&ssl=1&resize=700%2C400 2x"},"classes":[]},{"id":4943,"url":"https:\/\/www.freidenker.org\/?p=4943","url_meta":{"origin":5354,"position":4},"title":"Erich Wernig: Karl Marx","author":"Webredaktion","date":"24. M\u00e4rz 2018","format":false,"excerpt":"Beitrag von Erich Wernig. Zuerst ver\u00f6ffentlicht in FREIDENKER 2-1983, nachgedruckt in FREIDENKER 1-2018 Der Begr\u00fcnder des wissenschaftlichen Sozialismus wurde am 5. Mai 1818 in Trier geboren und starb am 14. M\u00e4rz 1883 in London. Der 165. Geburtstag und der 100. Todestag im Jahre 1983 waren Anla\u00df, und das wird mit\u2026","rel":"","context":"In &quot;Weltanschauung &amp; Philosophie&quot;","block_context":{"text":"Weltanschauung &amp; Philosophie","link":"https:\/\/www.freidenker.org\/?cat=16"},"img":{"alt_text":"","src":"https:\/\/i0.wp.com\/www.freidenker.org\/fw17\/wp-content\/uploads\/2018\/04\/marx_wernig.jpg?fit=800%2C445&ssl=1&resize=350%2C200","width":350,"height":200,"srcset":"https:\/\/i0.wp.com\/www.freidenker.org\/fw17\/wp-content\/uploads\/2018\/04\/marx_wernig.jpg?fit=800%2C445&ssl=1&resize=350%2C200 1x, https:\/\/i0.wp.com\/www.freidenker.org\/fw17\/wp-content\/uploads\/2018\/04\/marx_wernig.jpg?fit=800%2C445&ssl=1&resize=525%2C300 1.5x, https:\/\/i0.wp.com\/www.freidenker.org\/fw17\/wp-content\/uploads\/2018\/04\/marx_wernig.jpg?fit=800%2C445&ssl=1&resize=700%2C400 2x"},"classes":[]},{"id":22382,"url":"https:\/\/www.freidenker.org\/?p=22382","url_meta":{"origin":5354,"position":5},"title":"Wir trauern um Prof. Dr. Erich Hahn","author":"Webredaktion","date":"14. Juli 2025","format":false,"excerpt":"Wir trauern um unseren Freund und Genossen Prof. Dr. Erich Hahn, 5. M\u00e4rz 1930 - 24. Juni 2025 Erich war Mitglied des Zentralkomitees der Sozialistischen Einheitspartei Deutschlands und Nationalpreistr\u00e4ger der DDR, er leitete an der Akademie f\u00fcr Gesellschaftswissenschaften beim ZK der SED das Institut f\u00fcr Marxistisch-Leninistische Philosophie und war Vorsitzender\u2026","rel":"","context":"In &quot;Weltliche Trauerkultur&quot;","block_context":{"text":"Weltliche Trauerkultur","link":"https:\/\/www.freidenker.org\/?cat=17"},"img":{"alt_text":"","src":"https:\/\/i0.wp.com\/www.freidenker.org\/fw17\/wp-content\/uploads\/2025\/07\/Erich_Hahn_Berlin_2007_v2_800x445_mR.jpg?fit=800%2C445&ssl=1&resize=350%2C200","width":350,"height":200,"srcset":"https:\/\/i0.wp.com\/www.freidenker.org\/fw17\/wp-content\/uploads\/2025\/07\/Erich_Hahn_Berlin_2007_v2_800x445_mR.jpg?fit=800%2C445&ssl=1&resize=350%2C200 1x, https:\/\/i0.wp.com\/www.freidenker.org\/fw17\/wp-content\/uploads\/2025\/07\/Erich_Hahn_Berlin_2007_v2_800x445_mR.jpg?fit=800%2C445&ssl=1&resize=525%2C300 1.5x, https:\/\/i0.wp.com\/www.freidenker.org\/fw17\/wp-content\/uploads\/2025\/07\/Erich_Hahn_Berlin_2007_v2_800x445_mR.jpg?fit=800%2C445&ssl=1&resize=700%2C400 2x"},"classes":[]}],"_links":{"self":[{"href":"https:\/\/www.freidenker.org\/index.php?rest_route=\/wp\/v2\/posts\/5354","targetHints":{"allow":["GET"]}}],"collection":[{"href":"https:\/\/www.freidenker.org\/index.php?rest_route=\/wp\/v2\/posts"}],"about":[{"href":"https:\/\/www.freidenker.org\/index.php?rest_route=\/wp\/v2\/types\/post"}],"author":[{"embeddable":true,"href":"https:\/\/www.freidenker.org\/index.php?rest_route=\/wp\/v2\/users\/3"}],"replies":[{"embeddable":true,"href":"https:\/\/www.freidenker.org\/index.php?rest_route=%2Fwp%2Fv2%2Fcomments&post=5354"}],"version-history":[{"count":0,"href":"https:\/\/www.freidenker.org\/index.php?rest_route=\/wp\/v2\/posts\/5354\/revisions"}],"wp:featuredmedia":[{"embeddable":true,"href":"https:\/\/www.freidenker.org\/index.php?rest_route=\/wp\/v2\/media\/5356"}],"wp:attachment":[{"href":"https:\/\/www.freidenker.org\/index.php?rest_route=%2Fwp%2Fv2%2Fmedia&parent=5354"}],"wp:term":[{"taxonomy":"category","embeddable":true,"href":"https:\/\/www.freidenker.org\/index.php?rest_route=%2Fwp%2Fv2%2Fcategories&post=5354"},{"taxonomy":"post_tag","embeddable":true,"href":"https:\/\/www.freidenker.org\/index.php?rest_route=%2Fwp%2Fv2%2Ftags&post=5354"}],"curies":[{"name":"wp","href":"https:\/\/api.w.org\/{rel}","templated":true}]}}