{"id":534,"date":"2012-06-24T13:34:03","date_gmt":"2012-06-24T11:34:03","guid":{"rendered":"http:\/\/www.freidenker.org\/fw17\/?p=534"},"modified":"2018-03-09T10:55:04","modified_gmt":"2018-03-09T09:55:04","slug":"in-deutschland","status":"publish","type":"post","link":"https:\/\/www.freidenker.org\/?p=534","title":{"rendered":"&#8222;In Deutschland &#8230;&#8220; ?"},"content":{"rendered":"<p>&#8222;In Deutschland sto\u00dfen die Forderungen der Griechen nach mehr Zeit f\u00fcr die Umsetzung der Sparma\u00dfnahmen auf deutliche Ablehnung&#8220;, verk\u00fcndet die S\u00fcddeutsche Zeitung (online am 24.06.2012, 09:07) gro\u00dfspurig und als w\u00e4r das eine unumst\u00f6\u00dfliche Tatsache.<\/p>\n<p>Wurden Sie etwa von der SZ dazu befragt, oder so wie ich auch nicht?<\/p>\n<p>Belege f\u00fcr die dreiste Behauptung liefert die SZ in den n\u00e4chsten f\u00fcnf Abs\u00e4tzen nicht. Dann ein hoffnungsvoller Satz: &#8222;W\u00e4hrenddessen regen sich auch in Deutschland Stimmen des Widerstands&#8220;. Aber leider meinen sie nicht: gegen die volksfeindliche Spardiktatur. Jetzt l\u00e4sst das Blatt n\u00e4mlich die Zeugen der Anklage auftreten: &#8222;Bundesfinanzminister Wolfgang Sch\u00e4uble (CDU)&#8220;, &#8222;Bundeskanzlerin Merkel&#8220;, &#8222;CSU-Chef Horst Seehofer&#8220;, &#8222;der Obmann der CDU\/CSU-Fraktion im Bundestagsfinanzausschuss, Hans Michelbach&#8220;. Aus Deutschland, na ja, nicht ganz gelogen. Die genannten Komiker\/innen treiben ihr Unwesen ja meist in Deutschland. Leider. Ernst zu nehmende Menschen hat die Zeitung f\u00fcr ihre Mache aber nicht aufbieten k\u00f6nnen.<\/p>\n<hr \/>\n<p>BILD: https:\/\/pixabay.com\/de\/users\/suewest-253648\/ Susanne Westphal<\/p>\n","protected":false},"excerpt":{"rendered":"<p>&#8222;In Deutschland sto\u00dfen die Forderungen der Griechen nach mehr Zeit f\u00fcr die Umsetzung der Sparma\u00dfnahmen auf deutliche Ablehnung&#8220;, verk\u00fcndet die S\u00fcddeutsche Zeitung (online am 24.06.2012, 09:07) gro\u00dfspurig und als w\u00e4r das eine unumst\u00f6\u00dfliche Tatsache.<br \/>\nWurden Sie etwa von der SZ dazu befragt, oder so wie ich auch nicht?<\/p>\n","protected":false},"author":3,"featured_media":535,"comment_status":"closed","ping_status":"closed","sticky":false,"template":"","format":"standard","meta":{"colormag_page_container_layout":"default_layout","colormag_page_sidebar_layout":"default_layout","advanced_seo_description":"","jetpack_seo_html_title":"","jetpack_seo_noindex":false,"jetpack_post_was_ever_published":false,"footnotes":""},"categories":[12],"tags":[622,1018,1019,489],"class_list":["post-534","post","type-post","status-publish","format-standard","has-post-thumbnail","hentry","category-demokratie-medien-aufklaerung","tag-griechenland","tag-sparmassnahmen","tag-sueddeutsche-zeitung","tag-widerstand"],"jetpack_featured_media_url":"https:\/\/i0.wp.com\/www.freidenker.org\/fw17\/wp-content\/uploads\/2016\/08\/SZ.jpg?fit=800%2C445&ssl=1","jetpack_shortlink":"https:\/\/wp.me\/p9stpK-8C","jetpack-related-posts":[{"id":21496,"url":"https:\/\/www.freidenker.org\/?p=21496","url_meta":{"origin":534,"position":0},"title":"S\u00fcddeutsche Zeitung (SZ): Vom liberalen Intelligenzblatt zur Propagandapostille","author":"Webredaktion","date":"16. April 2025","format":false,"excerpt":"Standpunkt von Wolfgang Effenberger Am 4. April 2025 best\u00e4tigte die SZ, dass sie inzwischen endg\u00fcltig zum Sprachrohr der westlichen Kriegstreiber-Elite verkommen ist. Direkt aus dem Newskanal der Deutschen Presse-Agentur (dpa) \u00fcbernahm sie den Propaganda-Artikel \"Kommandeur: Deutschland w\u00e4re Drehscheibe f\u00fcr Aufmarsch\", samt Bild, wobei der Leser ehrenwerter weise dar\u00fcber nicht im\u2026","rel":"","context":"In &quot;Demokratie \u2013 Medien \u2013 Aufkl\u00e4rung&quot;","block_context":{"text":"Demokratie \u2013 Medien \u2013 Aufkl\u00e4rung","link":"https:\/\/www.freidenker.org\/?cat=12"},"img":{"alt_text":"","src":"https:\/\/i0.wp.com\/www.freidenker.org\/fw17\/wp-content\/uploads\/2025\/04\/sz_newspaper-346162_800x450.jpg?fit=800%2C450&ssl=1&resize=350%2C200","width":350,"height":200,"srcset":"https:\/\/i0.wp.com\/www.freidenker.org\/fw17\/wp-content\/uploads\/2025\/04\/sz_newspaper-346162_800x450.jpg?fit=800%2C450&ssl=1&resize=350%2C200 1x, https:\/\/i0.wp.com\/www.freidenker.org\/fw17\/wp-content\/uploads\/2025\/04\/sz_newspaper-346162_800x450.jpg?fit=800%2C450&ssl=1&resize=525%2C300 1.5x, https:\/\/i0.wp.com\/www.freidenker.org\/fw17\/wp-content\/uploads\/2025\/04\/sz_newspaper-346162_800x450.jpg?fit=800%2C450&ssl=1&resize=700%2C400 2x"},"classes":[]},{"id":18429,"url":"https:\/\/www.freidenker.org\/?p=18429","url_meta":{"origin":534,"position":1},"title":"Der Aufruf der CDU zum Krieg gegen Russland","author":"Webredaktion","date":"29. Februar 2024","format":false,"excerpt":"Beitrag von Anti-Spiegel (d.i. Thomas R\u00f6per) Im Deutschen Bundestag wurde heute [22.02.2024] \u00fcber drei Antr\u00e4ge zum Ukraine-Konflikt abgestimmt. Als erstes stand der Antrag der oppositionellen CDU\/CSU-Fraktion auf der Tagesordnung, der mit 480 Nein-Stimmen zu 182 Ja-Stimmen abgelehnt wurde. Trotzdem lohnt sich ein Blick auf den Antrag, denn er liest sich\u2026","rel":"","context":"In &quot;Frieden - Antifaschismus - Solidarit\u00e4t&quot;","block_context":{"text":"Frieden - Antifaschismus - Solidarit\u00e4t","link":"https:\/\/www.freidenker.org\/?cat=13"},"img":{"alt_text":"","src":"https:\/\/i0.wp.com\/www.freidenker.org\/fw17\/wp-content\/uploads\/2024\/02\/Friedrich_Merz_Politischer_Aschermittwoch_CDU_Thueringen_Apolda_by_OlafKosinsky_0697_800x450.jpg?fit=800%2C450&ssl=1&resize=350%2C200","width":350,"height":200,"srcset":"https:\/\/i0.wp.com\/www.freidenker.org\/fw17\/wp-content\/uploads\/2024\/02\/Friedrich_Merz_Politischer_Aschermittwoch_CDU_Thueringen_Apolda_by_OlafKosinsky_0697_800x450.jpg?fit=800%2C450&ssl=1&resize=350%2C200 1x, https:\/\/i0.wp.com\/www.freidenker.org\/fw17\/wp-content\/uploads\/2024\/02\/Friedrich_Merz_Politischer_Aschermittwoch_CDU_Thueringen_Apolda_by_OlafKosinsky_0697_800x450.jpg?fit=800%2C450&ssl=1&resize=525%2C300 1.5x, https:\/\/i0.wp.com\/www.freidenker.org\/fw17\/wp-content\/uploads\/2024\/02\/Friedrich_Merz_Politischer_Aschermittwoch_CDU_Thueringen_Apolda_by_OlafKosinsky_0697_800x450.jpg?fit=800%2C450&ssl=1&resize=700%2C400 2x"},"classes":[]},{"id":16902,"url":"https:\/\/www.freidenker.org\/?p=16902","url_meta":{"origin":534,"position":2},"title":"Die gro\u00dfe Heuchelei wegen eines Flugblattes von 1987","author":"Webredaktion","date":"9. September 2023","format":false,"excerpt":"Beitrag von Bernd Duschner Der Landtagswahlkampf in Bayern ist von kurzer Dauer. Am 10. September gehen die Sommerferien zu Ende und bereits am 8. Oktober wird gew\u00e4hlt. Es bleibt kaum Zeit f\u00fcr inhaltliche politische Auseinandersetzungen. Das kommt den herrschenden Parteien gelegen. Nicht die hohen Preissteigerungen speziell bei Energie und Lebensmitteln,\u2026","rel":"","context":"In &quot;Demokratie \u2013 Medien \u2013 Aufkl\u00e4rung&quot;","block_context":{"text":"Demokratie \u2013 Medien \u2013 Aufkl\u00e4rung","link":"https:\/\/www.freidenker.org\/?cat=12"},"img":{"alt_text":"","src":"https:\/\/i0.wp.com\/www.freidenker.org\/fw17\/wp-content\/uploads\/2023\/09\/aiwanger_finger_800x450.jpg?fit=800%2C450&ssl=1&resize=350%2C200","width":350,"height":200,"srcset":"https:\/\/i0.wp.com\/www.freidenker.org\/fw17\/wp-content\/uploads\/2023\/09\/aiwanger_finger_800x450.jpg?fit=800%2C450&ssl=1&resize=350%2C200 1x, https:\/\/i0.wp.com\/www.freidenker.org\/fw17\/wp-content\/uploads\/2023\/09\/aiwanger_finger_800x450.jpg?fit=800%2C450&ssl=1&resize=525%2C300 1.5x, https:\/\/i0.wp.com\/www.freidenker.org\/fw17\/wp-content\/uploads\/2023\/09\/aiwanger_finger_800x450.jpg?fit=800%2C450&ssl=1&resize=700%2C400 2x"},"classes":[]},{"id":7576,"url":"https:\/\/www.freidenker.org\/?p=7576","url_meta":{"origin":534,"position":3},"title":"DIE LINKE Th\u00fcringens: Bestandteil einer \u201edemokratischen Mehrheit\u201c?","author":"Webredaktion","date":"17. Februar 2020","format":false,"excerpt":"Beitrag von Andreas Wehr Das \u201eBeben von Erfurt\u201c ver\u00e4ndert die politische Landschaft der Bundesrepublik. Die CDU geriet in heftige Turbulenzen, der FDP steht das noch bevor. Die Th\u00fcringer Linkspartei wiederum sieht sich inzwischen als Bestandteil einer \u201edemokratischen Mehrheit\u201c, zu der sie auch die CDU z\u00e4hlt. Sie ist damit unter den\u2026","rel":"","context":"In &quot;Demokratie \u2013 Medien \u2013 Aufkl\u00e4rung&quot;","block_context":{"text":"Demokratie \u2013 Medien \u2013 Aufkl\u00e4rung","link":"https:\/\/www.freidenker.org\/?cat=12"},"img":{"alt_text":"","src":"https:\/\/i0.wp.com\/www.freidenker.org\/fw17\/wp-content\/uploads\/2020\/02\/Thueringer_Landtag_Wahl_des_Ministerpraesidenten_2_800x445.jpg?fit=800%2C445&ssl=1&resize=350%2C200","width":350,"height":200,"srcset":"https:\/\/i0.wp.com\/www.freidenker.org\/fw17\/wp-content\/uploads\/2020\/02\/Thueringer_Landtag_Wahl_des_Ministerpraesidenten_2_800x445.jpg?fit=800%2C445&ssl=1&resize=350%2C200 1x, https:\/\/i0.wp.com\/www.freidenker.org\/fw17\/wp-content\/uploads\/2020\/02\/Thueringer_Landtag_Wahl_des_Ministerpraesidenten_2_800x445.jpg?fit=800%2C445&ssl=1&resize=525%2C300 1.5x, https:\/\/i0.wp.com\/www.freidenker.org\/fw17\/wp-content\/uploads\/2020\/02\/Thueringer_Landtag_Wahl_des_Ministerpraesidenten_2_800x445.jpg?fit=800%2C445&ssl=1&resize=700%2C400 2x"},"classes":[]},{"id":21739,"url":"https:\/\/www.freidenker.org\/?p=21739","url_meta":{"origin":534,"position":4},"title":"Die AfD im Fokus des Verfassungsschutzes","author":"Webredaktion","date":"5. Mai 2025","format":false,"excerpt":"Beitrag von Wolfgang Bittner V\u00f6llig \u00fcberraschend kam den Koalitionspartnern aus CDU\/CSU und SPD der ehemalige Gesundheitsminister Jens Spahn, Mitglied des CDU-Pr\u00e4sidiums, in die Quere. Obwohl ein Unvereinbarkeitsbeschluss der CDU gegen\u00fcber der AfD gilt, hat er am 11. April in einem Interview mit der Bild-Zeitung gefordert, mit der AfD im Parlament\u2026","rel":"","context":"In &quot;Demokratie \u2013 Medien \u2013 Aufkl\u00e4rung&quot;","block_context":{"text":"Demokratie \u2013 Medien \u2013 Aufkl\u00e4rung","link":"https:\/\/www.freidenker.org\/?cat=12"},"img":{"alt_text":"","src":"https:\/\/i0.wp.com\/www.freidenker.org\/fw17\/wp-content\/uploads\/2025\/05\/AFD-Verbot_pruefen_protest_Berlin_2024-01-12_97_800x450.jpg?fit=800%2C450&ssl=1&resize=350%2C200","width":350,"height":200,"srcset":"https:\/\/i0.wp.com\/www.freidenker.org\/fw17\/wp-content\/uploads\/2025\/05\/AFD-Verbot_pruefen_protest_Berlin_2024-01-12_97_800x450.jpg?fit=800%2C450&ssl=1&resize=350%2C200 1x, https:\/\/i0.wp.com\/www.freidenker.org\/fw17\/wp-content\/uploads\/2025\/05\/AFD-Verbot_pruefen_protest_Berlin_2024-01-12_97_800x450.jpg?fit=800%2C450&ssl=1&resize=525%2C300 1.5x, https:\/\/i0.wp.com\/www.freidenker.org\/fw17\/wp-content\/uploads\/2025\/05\/AFD-Verbot_pruefen_protest_Berlin_2024-01-12_97_800x450.jpg?fit=800%2C450&ssl=1&resize=700%2C400 2x"},"classes":[]},{"id":9572,"url":"https:\/\/www.freidenker.org\/?p=9572","url_meta":{"origin":534,"position":5},"title":"\u201eMutti Merkel\u201c-CDU: Aufl\u00f6sung in M\u00e4nnerb\u00fcnde und in den Staat","author":"Webredaktion","date":"13. Februar 2021","format":false,"excerpt":"Beitrag von Werner R\u00fcgemer Kurzes Nachspiel zu \u201eDer neue CDU-Vorsitzende Armin Laschet: Gelernter Mehrfach-Populist \u2013 mit Hinterm\u00e4nnern\u201c. ... In dem Artikel hatte ich Nathanael Liminski als \u201eMann hinter Laschet\u201c geschildert, so wie ihn auch die FAZ betitelt hatte. Liminski wurde 2017 im Alter von 31 Jahren Chef der NRW-Staatskanzlei, dem\u2026","rel":"","context":"In &quot;Demokratie \u2013 Medien \u2013 Aufkl\u00e4rung&quot;","block_context":{"text":"Demokratie \u2013 Medien \u2013 Aufkl\u00e4rung","link":"https:\/\/www.freidenker.org\/?cat=12"},"img":{"alt_text":"","src":"https:\/\/i0.wp.com\/www.freidenker.org\/fw17\/wp-content\/uploads\/2021\/02\/Laschet_Liminski_rso170630-09-20014_foto_land_nrw_r._sondermann_800x450.jpg?fit=800%2C450&ssl=1&resize=350%2C200","width":350,"height":200,"srcset":"https:\/\/i0.wp.com\/www.freidenker.org\/fw17\/wp-content\/uploads\/2021\/02\/Laschet_Liminski_rso170630-09-20014_foto_land_nrw_r._sondermann_800x450.jpg?fit=800%2C450&ssl=1&resize=350%2C200 1x, https:\/\/i0.wp.com\/www.freidenker.org\/fw17\/wp-content\/uploads\/2021\/02\/Laschet_Liminski_rso170630-09-20014_foto_land_nrw_r._sondermann_800x450.jpg?fit=800%2C450&ssl=1&resize=525%2C300 1.5x, https:\/\/i0.wp.com\/www.freidenker.org\/fw17\/wp-content\/uploads\/2021\/02\/Laschet_Liminski_rso170630-09-20014_foto_land_nrw_r._sondermann_800x450.jpg?fit=800%2C450&ssl=1&resize=700%2C400 2x"},"classes":[]}],"_links":{"self":[{"href":"https:\/\/www.freidenker.org\/index.php?rest_route=\/wp\/v2\/posts\/534","targetHints":{"allow":["GET"]}}],"collection":[{"href":"https:\/\/www.freidenker.org\/index.php?rest_route=\/wp\/v2\/posts"}],"about":[{"href":"https:\/\/www.freidenker.org\/index.php?rest_route=\/wp\/v2\/types\/post"}],"author":[{"embeddable":true,"href":"https:\/\/www.freidenker.org\/index.php?rest_route=\/wp\/v2\/users\/3"}],"replies":[{"embeddable":true,"href":"https:\/\/www.freidenker.org\/index.php?rest_route=%2Fwp%2Fv2%2Fcomments&post=534"}],"version-history":[{"count":0,"href":"https:\/\/www.freidenker.org\/index.php?rest_route=\/wp\/v2\/posts\/534\/revisions"}],"wp:featuredmedia":[{"embeddable":true,"href":"https:\/\/www.freidenker.org\/index.php?rest_route=\/wp\/v2\/media\/535"}],"wp:attachment":[{"href":"https:\/\/www.freidenker.org\/index.php?rest_route=%2Fwp%2Fv2%2Fmedia&parent=534"}],"wp:term":[{"taxonomy":"category","embeddable":true,"href":"https:\/\/www.freidenker.org\/index.php?rest_route=%2Fwp%2Fv2%2Fcategories&post=534"},{"taxonomy":"post_tag","embeddable":true,"href":"https:\/\/www.freidenker.org\/index.php?rest_route=%2Fwp%2Fv2%2Ftags&post=534"}],"curies":[{"name":"wp","href":"https:\/\/api.w.org\/{rel}","templated":true}]}}